{"id":2255,"date":"2021-07-07T11:21:39","date_gmt":"2021-07-07T14:21:39","guid":{"rendered":"https:\/\/www.comunidadeativa.jor.br\/?p=2255"},"modified":"2021-07-07T11:21:39","modified_gmt":"2021-07-07T14:21:39","slug":"estao-abertas-as-inscricoes-para-a-virada-cultural-de-bh-2021","status":"publish","type":"post","link":"https:\/\/www.comunidadeativa.jor.br\/index.php\/2021\/07\/07\/estao-abertas-as-inscricoes-para-a-virada-cultural-de-bh-2021\/","title":{"rendered":"Est\u00e3o abertas as inscri\u00e7\u00f5es para a Virada Cultural de BH 2021"},"content":{"rendered":"<p>As inscri\u00e7\u00f5es para a sexta edi\u00e7\u00e3o da Virada Cultural de Belo Horizonte est\u00e3o abertas at\u00e9 o pr\u00f3ximo dia 20 de julho. Promovida pela Secretaria Municipal de Cultura (SMC) e pela Funda\u00e7\u00e3o Municipal de Cultura (FMC), em parceria com o Instituto Perif\u00e9rico, o evento ser\u00e1 realizado em setembro em formato totalmente digital.<\/p>\n<h5>Manifesta\u00e7\u00f5es m\u00faltiplas<\/h5>\n<p>A programa\u00e7\u00e3o do evento incluir\u00e1 atra\u00e7\u00f5es de artes c\u00eanicas e visuais, audiovisual, bem-estar e sa\u00fade, cultura popular, feiras digitais, gastronomia, interven\u00e7\u00f5es em instala\u00e7\u00f5es urbanas, literatura, moda e design, m\u00fasica e outros segmentos indicados pelos candidatos, sendo aceitas propostas direcionadas ao p\u00fablico de todas as idades. Seguindo os protocolos de preven\u00e7\u00e3o \u00e0 Covid-19, o objetivo dos organizadores \u00e9 levar para espa\u00e7os inovadores, com apresenta\u00e7\u00f5es gravadas, sem p\u00fablico presencial, as a\u00e7\u00f5es que, em edi\u00e7\u00f5es anteriores da Virada, foram realizadas em palcos instalados no hipercentro da capital<\/p>\n<p>A Virada Cultural 2021 destina-se preferencialmente a acolher iniciativas de artistas de Belo Horizonte, mas tamb\u00e9m ser\u00e3o aceitas propostas da Regi\u00e3o Metropolitana da cidade. Os projetos ser\u00e3o avaliados por uma comiss\u00e3o formada por representantes do poder p\u00fablico e da sociedade civil, que adotar\u00e3o como crit\u00e9rios de sele\u00e7\u00e3o a relev\u00e2ncia da proposta, a adequa\u00e7\u00e3o t\u00e9cnica e estrutural \u00e0 Virada e a viabilidade financeira e documental para a contrata\u00e7\u00e3o.<\/p>\n<h5>Investimento na cultura<\/h5>\n<p>Ser\u00e3o selecionadas no m\u00ednimo 100 atra\u00e7\u00f5es para compor a programa\u00e7\u00e3o. Os cach\u00eas s\u00e3o de at\u00e9 R$ 3 mil para cada uma delas. Segundo a SMC, o formato proposto segue as demandas do setor cultural da capital relacionadas a festivais p\u00fablicos.<\/p>\n<p>A secret\u00e1ria Municipal de Cultura e presidente da Funda\u00e7\u00e3o Municipal de Cultura, Fab\u00edola Moulin, diz que o festival injetar\u00e1 R$1,5 milh\u00e3o na economia da cultura belo-horizontina. \u201cAo mesmo tempo, permitir\u00e1 \u00e0 popula\u00e7\u00e3o da cidade usufruir dos mais diferentes tipos de atra\u00e7\u00f5es, de forma segura, fomentando tamb\u00e9m espa\u00e7os culturais da cidade\u201d, considera a secret\u00e1ria.<\/p>\n<h5><strong>A Virada Cultural de BH<\/strong><\/h5>\n<p>De acordo a SMC, o evento \u00e9 parte integrante da pol\u00edtica p\u00fablica de cultura da PBH, figurando como um dos mais importantes eventos culturais do munic\u00edpio. A programa\u00e7\u00e3o gratuita inclui m\u00faltiplas linguagens art\u00edsticas no campo das artes c\u00eanicas, visuais e pl\u00e1sticas, da cultura popular, da literatura, da moda, do design e da m\u00fasica, entre outras, com as atividades acontecendo durante 24 horas ininterruptas.<\/p>\n<p>A SMC destaca que a premissa do evento \u00e9 de democratizar o acesso \u00e0 arte e \u00e0 cultura e estimular a cria\u00e7\u00e3o de p\u00fablico para os artistas da cidade. De acordo com a Secretaria, as cinco edi\u00e7\u00f5es anteriores da Virada reuniram 15 mil artistas e profissionais da cultura que realizaram 2.445 atra\u00e7\u00f5es, com alcance de mais de 2,2 milh\u00f5es de pessoas. A \u00faltima edi\u00e7\u00e3o, realizada em 2019, teve 26 horas de programa\u00e7\u00e3o, com mais de 440 atra\u00e7\u00f5es, e alcan\u00e7ou p\u00fablico de cerca de 520 mil pessoas nos 25 espa\u00e7os do evento.<\/p>\n<p>As inscri\u00e7\u00f5es para a Virada Cultural 2021 devem feitas por meio de formul\u00e1rio dispon\u00edvel no site da PBH <a href=\"http:\/\/www.pbh.gov.br\/viradacultural\/\"><strong>(clique aqui para acessar<\/strong><\/a>), onde tamb\u00e9m est\u00e1 dispon\u00edvel o regulamento de participa\u00e7\u00e3o. As propostas ser\u00e3o recebidas at\u00e9 as 23h59 do dia 20 de julho.<\/p>\n<p>&nbsp;<\/p>\n","protected":false},"excerpt":{"rendered":"<p>As inscri\u00e7\u00f5es para a sexta edi\u00e7\u00e3o da Virada Cultural de Belo Horizonte est\u00e3o abertas at\u00e9 o pr\u00f3ximo dia 20 de<\/p>\n","protected":false},"author":1,"featured_media":2256,"comment_status":"closed","ping_status":"open","sticky":false,"template":"","format":"standard","meta":{"footnotes":""},"categories":[15],"tags":[],"class_list":["post-2255","post","type-post","status-publish","format-standard","has-post-thumbnail","hentry","category-cultura"],"yoast_head":"<!-- This site is optimized with the Yoast SEO plugin v26.0 - https:\/\/yoast.com\/wordpress\/plugins\/seo\/ -->\n<title>Est\u00e3o abertas as inscri\u00e7\u00f5es para a Virada Cultural de BH 2021 - Comunidade Ativa<\/title>\n<meta name=\"robots\" content=\"index, follow, max-snippet:-1, max-image-preview:large, max-video-preview:-1\" \/>\n<link rel=\"canonical\" href=\"https:\/\/www.comunidadeativa.jor.br\/index.php\/2021\/07\/07\/estao-abertas-as-inscricoes-para-a-virada-cultural-de-bh-2021\/\" \/>\n<meta property=\"og:locale\" content=\"pt_BR\" \/>\n<meta property=\"og:type\" content=\"article\" \/>\n<meta property=\"og:title\" content=\"Est\u00e3o abertas as inscri\u00e7\u00f5es para a Virada Cultural de BH 2021 - Comunidade Ativa\" \/>\n<meta property=\"og:description\" content=\"As inscri\u00e7\u00f5es para a sexta edi\u00e7\u00e3o da Virada Cultural de Belo Horizonte est\u00e3o abertas at\u00e9 o pr\u00f3ximo dia 20 de\" \/>\n<meta property=\"og:url\" content=\"https:\/\/www.comunidadeativa.jor.br\/index.php\/2021\/07\/07\/estao-abertas-as-inscricoes-para-a-virada-cultural-de-bh-2021\/\" \/>\n<meta property=\"og:site_name\" content=\"Comunidade Ativa\" \/>\n<meta property=\"article:publisher\" content=\"https:\/\/www.facebook.com\/comunidadeativa\" \/>\n<meta property=\"article:published_time\" content=\"2021-07-07T14:21:39+00:00\" \/>\n<meta property=\"og:image\" content=\"https:\/\/www.comunidadeativa.jor.br\/wp-content\/uploads\/2021\/07\/capa-1.jpg\" \/>\n\t<meta property=\"og:image:width\" content=\"640\" \/>\n\t<meta property=\"og:image:height\" content=\"352\" \/>\n\t<meta property=\"og:image:type\" content=\"image\/jpeg\" \/>\n<meta name=\"author\" content=\"Comunidade Ativa\" \/>\n<meta name=\"twitter:card\" content=\"summary_large_image\" \/>\n<meta name=\"twitter:label1\" content=\"Escrito por\" \/>\n\t<meta name=\"twitter:data1\" content=\"Comunidade Ativa\" \/>\n\t<meta name=\"twitter:label2\" content=\"Est. tempo de leitura\" \/>\n\t<meta name=\"twitter:data2\" content=\"3 minutos\" \/>\n<script type=\"application\/ld+json\" class=\"yoast-schema-graph\">{\"@context\":\"https:\/\/schema.org\",\"@graph\":[{\"@type\":\"Article\",\"@id\":\"https:\/\/www.comunidadeativa.jor.br\/index.php\/2021\/07\/07\/estao-abertas-as-inscricoes-para-a-virada-cultural-de-bh-2021\/#article\",\"isPartOf\":{\"@id\":\"https:\/\/www.comunidadeativa.jor.br\/index.php\/2021\/07\/07\/estao-abertas-as-inscricoes-para-a-virada-cultural-de-bh-2021\/\"},\"author\":{\"name\":\"Comunidade Ativa\",\"@id\":\"https:\/\/www.comunidadeativa.jor.br\/#\/schema\/person\/dcaa1f1c51c1f0c47a33b2b734cad6e1\"},\"headline\":\"Est\u00e3o abertas as inscri\u00e7\u00f5es para a Virada Cultural de BH 2021\",\"datePublished\":\"2021-07-07T14:21:39+00:00\",\"mainEntityOfPage\":{\"@id\":\"https:\/\/www.comunidadeativa.jor.br\/index.php\/2021\/07\/07\/estao-abertas-as-inscricoes-para-a-virada-cultural-de-bh-2021\/\"},\"wordCount\":569,\"publisher\":{\"@id\":\"https:\/\/www.comunidadeativa.jor.br\/#organization\"},\"image\":{\"@id\":\"https:\/\/www.comunidadeativa.jor.br\/index.php\/2021\/07\/07\/estao-abertas-as-inscricoes-para-a-virada-cultural-de-bh-2021\/#primaryimage\"},\"thumbnailUrl\":\"https:\/\/www.comunidadeativa.jor.br\/wp-content\/uploads\/2021\/07\/capa-1.jpg\",\"articleSection\":[\"Cultura\"],\"inLanguage\":\"pt-BR\"},{\"@type\":\"WebPage\",\"@id\":\"https:\/\/www.comunidadeativa.jor.br\/index.php\/2021\/07\/07\/estao-abertas-as-inscricoes-para-a-virada-cultural-de-bh-2021\/\",\"url\":\"https:\/\/www.comunidadeativa.jor.br\/index.php\/2021\/07\/07\/estao-abertas-as-inscricoes-para-a-virada-cultural-de-bh-2021\/\",\"name\":\"Est\u00e3o abertas as inscri\u00e7\u00f5es para a Virada Cultural de BH 2021 - Comunidade Ativa\",\"isPartOf\":{\"@id\":\"https:\/\/www.comunidadeativa.jor.br\/#website\"},\"primaryImageOfPage\":{\"@id\":\"https:\/\/www.comunidadeativa.jor.br\/index.php\/2021\/07\/07\/estao-abertas-as-inscricoes-para-a-virada-cultural-de-bh-2021\/#primaryimage\"},\"image\":{\"@id\":\"https:\/\/www.comunidadeativa.jor.br\/index.php\/2021\/07\/07\/estao-abertas-as-inscricoes-para-a-virada-cultural-de-bh-2021\/#primaryimage\"},\"thumbnailUrl\":\"https:\/\/www.comunidadeativa.jor.br\/wp-content\/uploads\/2021\/07\/capa-1.jpg\",\"datePublished\":\"2021-07-07T14:21:39+00:00\",\"breadcrumb\":{\"@id\":\"https:\/\/www.comunidadeativa.jor.br\/index.php\/2021\/07\/07\/estao-abertas-as-inscricoes-para-a-virada-cultural-de-bh-2021\/#breadcrumb\"},\"inLanguage\":\"pt-BR\",\"potentialAction\":[{\"@type\":\"ReadAction\",\"target\":[\"https:\/\/www.comunidadeativa.jor.br\/index.php\/2021\/07\/07\/estao-abertas-as-inscricoes-para-a-virada-cultural-de-bh-2021\/\"]}]},{\"@type\":\"ImageObject\",\"inLanguage\":\"pt-BR\",\"@id\":\"https:\/\/www.comunidadeativa.jor.br\/index.php\/2021\/07\/07\/estao-abertas-as-inscricoes-para-a-virada-cultural-de-bh-2021\/#primaryimage\",\"url\":\"https:\/\/www.comunidadeativa.jor.br\/wp-content\/uploads\/2021\/07\/capa-1.jpg\",\"contentUrl\":\"https:\/\/www.comunidadeativa.jor.br\/wp-content\/uploads\/2021\/07\/capa-1.jpg\",\"width\":640,\"height\":352},{\"@type\":\"BreadcrumbList\",\"@id\":\"https:\/\/www.comunidadeativa.jor.br\/index.php\/2021\/07\/07\/estao-abertas-as-inscricoes-para-a-virada-cultural-de-bh-2021\/#breadcrumb\",\"itemListElement\":[{\"@type\":\"ListItem\",\"position\":1,\"name\":\"In\u00edcio\",\"item\":\"https:\/\/www.comunidadeativa.jor.br\/\"},{\"@type\":\"ListItem\",\"position\":2,\"name\":\"Est\u00e3o abertas as inscri\u00e7\u00f5es para a Virada Cultural de BH 2021\"}]},{\"@type\":\"WebSite\",\"@id\":\"https:\/\/www.comunidadeativa.jor.br\/#website\",\"url\":\"https:\/\/www.comunidadeativa.jor.br\/\",\"name\":\"Comunidade Ativa\",\"description\":\"\",\"publisher\":{\"@id\":\"https:\/\/www.comunidadeativa.jor.br\/#organization\"},\"potentialAction\":[{\"@type\":\"SearchAction\",\"target\":{\"@type\":\"EntryPoint\",\"urlTemplate\":\"https:\/\/www.comunidadeativa.jor.br\/?s={search_term_string}\"},\"query-input\":{\"@type\":\"PropertyValueSpecification\",\"valueRequired\":true,\"valueName\":\"search_term_string\"}}],\"inLanguage\":\"pt-BR\"},{\"@type\":\"Organization\",\"@id\":\"https:\/\/www.comunidadeativa.jor.br\/#organization\",\"name\":\"Comunidade Ativa\",\"url\":\"https:\/\/www.comunidadeativa.jor.br\/\",\"logo\":{\"@type\":\"ImageObject\",\"inLanguage\":\"pt-BR\",\"@id\":\"https:\/\/www.comunidadeativa.jor.br\/#\/schema\/logo\/image\/\",\"url\":\"https:\/\/www.comunidadeativa.jor.br\/wp-content\/uploads\/2018\/03\/cropped-LOGOPNG-1.png\",\"contentUrl\":\"https:\/\/www.comunidadeativa.jor.br\/wp-content\/uploads\/2018\/03\/cropped-LOGOPNG-1.png\",\"width\":318,\"height\":90,\"caption\":\"Comunidade Ativa\"},\"image\":{\"@id\":\"https:\/\/www.comunidadeativa.jor.br\/#\/schema\/logo\/image\/\"},\"sameAs\":[\"https:\/\/www.facebook.com\/comunidadeativa\"]},{\"@type\":\"Person\",\"@id\":\"https:\/\/www.comunidadeativa.jor.br\/#\/schema\/person\/dcaa1f1c51c1f0c47a33b2b734cad6e1\",\"name\":\"Comunidade Ativa\",\"image\":{\"@type\":\"ImageObject\",\"inLanguage\":\"pt-BR\",\"@id\":\"https:\/\/www.comunidadeativa.jor.br\/#\/schema\/person\/image\/\",\"url\":\"https:\/\/secure.gravatar.com\/avatar\/09a9a1f85fedf41e81b47f7c1d40084f?s=96&d=mm&r=g\",\"contentUrl\":\"https:\/\/secure.gravatar.com\/avatar\/09a9a1f85fedf41e81b47f7c1d40084f?s=96&d=mm&r=g\",\"caption\":\"Comunidade Ativa\"},\"url\":\"https:\/\/www.comunidadeativa.jor.br\/index.php\/author\/casalberto\/\"}]}<\/script>\n<!-- \/ Yoast SEO plugin. -->","yoast_head_json":{"title":"Est\u00e3o abertas as inscri\u00e7\u00f5es para a Virada Cultural de BH 2021 - Comunidade Ativa","robots":{"index":"index","follow":"follow","max-snippet":"max-snippet:-1","max-image-preview":"max-image-preview:large","max-video-preview":"max-video-preview:-1"},"canonical":"https:\/\/www.comunidadeativa.jor.br\/index.php\/2021\/07\/07\/estao-abertas-as-inscricoes-para-a-virada-cultural-de-bh-2021\/","og_locale":"pt_BR","og_type":"article","og_title":"Est\u00e3o abertas as inscri\u00e7\u00f5es para a Virada Cultural de BH 2021 - Comunidade Ativa","og_description":"As inscri\u00e7\u00f5es para a sexta edi\u00e7\u00e3o da Virada Cultural de Belo Horizonte est\u00e3o abertas at\u00e9 o pr\u00f3ximo dia 20 de","og_url":"https:\/\/www.comunidadeativa.jor.br\/index.php\/2021\/07\/07\/estao-abertas-as-inscricoes-para-a-virada-cultural-de-bh-2021\/","og_site_name":"Comunidade Ativa","article_publisher":"https:\/\/www.facebook.com\/comunidadeativa","article_published_time":"2021-07-07T14:21:39+00:00","og_image":[{"width":640,"height":352,"url":"https:\/\/www.comunidadeativa.jor.br\/wp-content\/uploads\/2021\/07\/capa-1.jpg","type":"image\/jpeg"}],"author":"Comunidade Ativa","twitter_card":"summary_large_image","twitter_misc":{"Escrito por":"Comunidade Ativa","Est. tempo de leitura":"3 minutos"},"schema":{"@context":"https:\/\/schema.org","@graph":[{"@type":"Article","@id":"https:\/\/www.comunidadeativa.jor.br\/index.php\/2021\/07\/07\/estao-abertas-as-inscricoes-para-a-virada-cultural-de-bh-2021\/#article","isPartOf":{"@id":"https:\/\/www.comunidadeativa.jor.br\/index.php\/2021\/07\/07\/estao-abertas-as-inscricoes-para-a-virada-cultural-de-bh-2021\/"},"author":{"name":"Comunidade Ativa","@id":"https:\/\/www.comunidadeativa.jor.br\/#\/schema\/person\/dcaa1f1c51c1f0c47a33b2b734cad6e1"},"headline":"Est\u00e3o abertas as inscri\u00e7\u00f5es para a Virada Cultural de BH 2021","datePublished":"2021-07-07T14:21:39+00:00","mainEntityOfPage":{"@id":"https:\/\/www.comunidadeativa.jor.br\/index.php\/2021\/07\/07\/estao-abertas-as-inscricoes-para-a-virada-cultural-de-bh-2021\/"},"wordCount":569,"publisher":{"@id":"https:\/\/www.comunidadeativa.jor.br\/#organization"},"image":{"@id":"https:\/\/www.comunidadeativa.jor.br\/index.php\/2021\/07\/07\/estao-abertas-as-inscricoes-para-a-virada-cultural-de-bh-2021\/#primaryimage"},"thumbnailUrl":"https:\/\/www.comunidadeativa.jor.br\/wp-content\/uploads\/2021\/07\/capa-1.jpg","articleSection":["Cultura"],"inLanguage":"pt-BR"},{"@type":"WebPage","@id":"https:\/\/www.comunidadeativa.jor.br\/index.php\/2021\/07\/07\/estao-abertas-as-inscricoes-para-a-virada-cultural-de-bh-2021\/","url":"https:\/\/www.comunidadeativa.jor.br\/index.php\/2021\/07\/07\/estao-abertas-as-inscricoes-para-a-virada-cultural-de-bh-2021\/","name":"Est\u00e3o abertas as inscri\u00e7\u00f5es para a Virada Cultural de BH 2021 - Comunidade Ativa","isPartOf":{"@id":"https:\/\/www.comunidadeativa.jor.br\/#website"},"primaryImageOfPage":{"@id":"https:\/\/www.comunidadeativa.jor.br\/index.php\/2021\/07\/07\/estao-abertas-as-inscricoes-para-a-virada-cultural-de-bh-2021\/#primaryimage"},"image":{"@id":"https:\/\/www.comunidadeativa.jor.br\/index.php\/2021\/07\/07\/estao-abertas-as-inscricoes-para-a-virada-cultural-de-bh-2021\/#primaryimage"},"thumbnailUrl":"https:\/\/www.comunidadeativa.jor.br\/wp-content\/uploads\/2021\/07\/capa-1.jpg","datePublished":"2021-07-07T14:21:39+00:00","breadcrumb":{"@id":"https:\/\/www.comunidadeativa.jor.br\/index.php\/2021\/07\/07\/estao-abertas-as-inscricoes-para-a-virada-cultural-de-bh-2021\/#breadcrumb"},"inLanguage":"pt-BR","potentialAction":[{"@type":"ReadAction","target":["https:\/\/www.comunidadeativa.jor.br\/index.php\/2021\/07\/07\/estao-abertas-as-inscricoes-para-a-virada-cultural-de-bh-2021\/"]}]},{"@type":"ImageObject","inLanguage":"pt-BR","@id":"https:\/\/www.comunidadeativa.jor.br\/index.php\/2021\/07\/07\/estao-abertas-as-inscricoes-para-a-virada-cultural-de-bh-2021\/#primaryimage","url":"https:\/\/www.comunidadeativa.jor.br\/wp-content\/uploads\/2021\/07\/capa-1.jpg","contentUrl":"https:\/\/www.comunidadeativa.jor.br\/wp-content\/uploads\/2021\/07\/capa-1.jpg","width":640,"height":352},{"@type":"BreadcrumbList","@id":"https:\/\/www.comunidadeativa.jor.br\/index.php\/2021\/07\/07\/estao-abertas-as-inscricoes-para-a-virada-cultural-de-bh-2021\/#breadcrumb","itemListElement":[{"@type":"ListItem","position":1,"name":"In\u00edcio","item":"https:\/\/www.comunidadeativa.jor.br\/"},{"@type":"ListItem","position":2,"name":"Est\u00e3o abertas as inscri\u00e7\u00f5es para a Virada Cultural de BH 2021"}]},{"@type":"WebSite","@id":"https:\/\/www.comunidadeativa.jor.br\/#website","url":"https:\/\/www.comunidadeativa.jor.br\/","name":"Comunidade Ativa","description":"","publisher":{"@id":"https:\/\/www.comunidadeativa.jor.br\/#organization"},"potentialAction":[{"@type":"SearchAction","target":{"@type":"EntryPoint","urlTemplate":"https:\/\/www.comunidadeativa.jor.br\/?s={search_term_string}"},"query-input":{"@type":"PropertyValueSpecification","valueRequired":true,"valueName":"search_term_string"}}],"inLanguage":"pt-BR"},{"@type":"Organization","@id":"https:\/\/www.comunidadeativa.jor.br\/#organization","name":"Comunidade Ativa","url":"https:\/\/www.comunidadeativa.jor.br\/","logo":{"@type":"ImageObject","inLanguage":"pt-BR","@id":"https:\/\/www.comunidadeativa.jor.br\/#\/schema\/logo\/image\/","url":"https:\/\/www.comunidadeativa.jor.br\/wp-content\/uploads\/2018\/03\/cropped-LOGOPNG-1.png","contentUrl":"https:\/\/www.comunidadeativa.jor.br\/wp-content\/uploads\/2018\/03\/cropped-LOGOPNG-1.png","width":318,"height":90,"caption":"Comunidade Ativa"},"image":{"@id":"https:\/\/www.comunidadeativa.jor.br\/#\/schema\/logo\/image\/"},"sameAs":["https:\/\/www.facebook.com\/comunidadeativa"]},{"@type":"Person","@id":"https:\/\/www.comunidadeativa.jor.br\/#\/schema\/person\/dcaa1f1c51c1f0c47a33b2b734cad6e1","name":"Comunidade Ativa","image":{"@type":"ImageObject","inLanguage":"pt-BR","@id":"https:\/\/www.comunidadeativa.jor.br\/#\/schema\/person\/image\/","url":"https:\/\/secure.gravatar.com\/avatar\/09a9a1f85fedf41e81b47f7c1d40084f?s=96&d=mm&r=g","contentUrl":"https:\/\/secure.gravatar.com\/avatar\/09a9a1f85fedf41e81b47f7c1d40084f?s=96&d=mm&r=g","caption":"Comunidade Ativa"},"url":"https:\/\/www.comunidadeativa.jor.br\/index.php\/author\/casalberto\/"}]}},"_links":{"self":[{"href":"https:\/\/www.comunidadeativa.jor.br\/index.php\/wp-json\/wp\/v2\/posts\/2255","targetHints":{"allow":["GET"]}}],"collection":[{"href":"https:\/\/www.comunidadeativa.jor.br\/index.php\/wp-json\/wp\/v2\/posts"}],"about":[{"href":"https:\/\/www.comunidadeativa.jor.br\/index.php\/wp-json\/wp\/v2\/types\/post"}],"author":[{"embeddable":true,"href":"https:\/\/www.comunidadeativa.jor.br\/index.php\/wp-json\/wp\/v2\/users\/1"}],"replies":[{"embeddable":true,"href":"https:\/\/www.comunidadeativa.jor.br\/index.php\/wp-json\/wp\/v2\/comments?post=2255"}],"version-history":[{"count":1,"href":"https:\/\/www.comunidadeativa.jor.br\/index.php\/wp-json\/wp\/v2\/posts\/2255\/revisions"}],"predecessor-version":[{"id":2257,"href":"https:\/\/www.comunidadeativa.jor.br\/index.php\/wp-json\/wp\/v2\/posts\/2255\/revisions\/2257"}],"wp:featuredmedia":[{"embeddable":true,"href":"https:\/\/www.comunidadeativa.jor.br\/index.php\/wp-json\/wp\/v2\/media\/2256"}],"wp:attachment":[{"href":"https:\/\/www.comunidadeativa.jor.br\/index.php\/wp-json\/wp\/v2\/media?parent=2255"}],"wp:term":[{"taxonomy":"category","embeddable":true,"href":"https:\/\/www.comunidadeativa.jor.br\/index.php\/wp-json\/wp\/v2\/categories?post=2255"},{"taxonomy":"post_tag","embeddable":true,"href":"https:\/\/www.comunidadeativa.jor.br\/index.php\/wp-json\/wp\/v2\/tags?post=2255"}],"curies":[{"name":"wp","href":"https:\/\/api.w.org\/{rel}","templated":true}]}}