{"id":2292,"date":"2021-07-16T16:47:31","date_gmt":"2021-07-16T19:47:31","guid":{"rendered":"https:\/\/www.comunidadeativa.jor.br\/?p=2292"},"modified":"2023-08-11T18:45:44","modified_gmt":"2023-08-11T21:45:44","slug":"bullying-e-coisa-seria-e-e-preciso-muito-empenho-para-combate-lo","status":"publish","type":"post","link":"https:\/\/www.comunidadeativa.jor.br\/index.php\/2021\/07\/16\/bullying-e-coisa-seria-e-e-preciso-muito-empenho-para-combate-lo\/","title":{"rendered":"Bullying \u00e9 coisa s\u00e9ria e \u00e9 preciso muito empenho para combat\u00ea-lo"},"content":{"rendered":"<p>Em \u00e9pocas passadas, as \u201cbrincadeiras\u201d discriminat\u00f3rias voltadas para quem n\u00e3o atendia aos padr\u00f5es f\u00edsicos, est\u00e9ticos ou comportamentais eram bastante comuns e toler\u00e1veis. No mesmo n\u00edvel de toler\u00e2ncia, at\u00e9 intimida\u00e7\u00f5es e agress\u00f5es f\u00edsicas eram vistas como um comportamento pr\u00f3prio da inf\u00e2ncia ou da adolesc\u00eancia. Nada de mais.<\/p>\n<p>Contudo, naquele tempo, quando o conceito de bullying ainda n\u00e3o havia se popularizado, o que parecia ser apenas um chiste ou demonstra\u00e7\u00e3o de for\u00e7a, na verdade, configurava atitudes de maus-tratos que tinham como v\u00edtimas recorrentes pessoas de todas as idades \u2014 mas principalmente crian\u00e7as e adolescentes \u2014 consideradas mais fracas e vulner\u00e1veis. Felizmente, j\u00e1 h\u00e1 alguns anos, o assunto come\u00e7ou a ser visto com a devida seriedade e a pr\u00e1tica deixou de ser aceita como algo de menor valor.<\/p>\n<p>Pelo contr\u00e1rio, vem sendo cada vez mais recriminada e combatida e, por grande parte das pessoas, j\u00e1 \u00e9 reconhecida como algo que nada tem a ver com uma brincadeira ou com uma implic\u00e2ncia, sem maiores consequ\u00eancias. Ainda assim, h\u00e1 bastante a ser feito, principalmente diante das sequelas que o bullying pode causar.<\/p>\n<h5>Est\u00edmulo a dist\u00farbios<\/h5>\n<p>Uma das grandes dificuldades de se combater o bullying est\u00e1 no fato de, muitas vezes, o problema s\u00f3 ser encarado com a devida seriedade por determinados grupos quando algo mais grave acontece \u2014 por exemplo, se a v\u00edtima de ataques tirar a pr\u00f3pria vida ou cometer outro ato de desespero evidente. Por\u00e9m, ainda que situa\u00e7\u00f5es extremas n\u00e3o sejam frequentes, existem outras consequ\u00eancias precisam ser vistas com aten\u00e7\u00e3o e vigil\u00e2ncia permanente.<\/p>\n<p>Essa afirma\u00e7\u00e3o \u00e9 respaldada por um <a href=\"https:\/\/www.jaacap.org\/article\/S0890-8567(19)30209-6\/fulltext\" target=\"_blank\" rel=\"noopener\">estudo realizado no Reino Unido<\/a>, que detectou que a ideia de suic\u00eddio passou pela cabe\u00e7a de cerca de 17% dos adolescentes entre 11 e 16 anos entrevistados que sofreram algum tipo de ataque desta natureza. A ansiedade foi mencionada por 78% dos jovens como uma consequ\u00eancia do bullying, que levou 56% deles a perderem noites de sono. O levantamento mostra que 57% das crian\u00e7as j\u00e1 foram v\u00edtimas desses maus-tratos e 74% testemunharam atos dessa natureza.<\/p>\n<p>Para o professor de Direito <a href=\"https:\/\/theconversation.com\/profiles\/jonathan-todres-197891\">Jonathan Todres<\/a>, da Universidade Estadual da Ge\u00f3rgia, nos Estados Unidos, que \u00e9 pesquisador e especialista do assunto, embora os casos devastadores, compreensivelmente, chamem mais aten\u00e7\u00e3o, eles criam o risco de passar a impress\u00e3o de que o bullying \u00e9 um problema apenas quando surge uma ocorr\u00eancia grave. \u201cNa verdade, o bullying \u00e9 generalizado e costuma causar danos. \u00c0 medida que se espalha a consci\u00eancia de que o bullying n\u00e3o \u00e9 apenas um rito de passagem da inf\u00e2ncia, mas um importante problema de <a href=\"http:\/\/www.cdc.gov\/violenceprevention\/youthviolence\/bullyingresearch\/index.html\">sa\u00fade p\u00fablica<\/a>\u00a0, a demanda por a\u00e7\u00e3o aumenta\u201d, disse Todres em <a href=\"https:\/\/theconversation.com\/why-bullying-needs-more-efforts-to-stop-it-58678\" target=\"_blank\" rel=\"noopener\">artigo para o site The Conversation<\/a>.<\/p>\n<p>De acordo com o professor, crian\u00e7as que sofrem bullying t\u00eam maior probabilidade de desenvolverem uma variedade de dist\u00farbios psicol\u00f3gicos, incluindo <a href=\"http:\/\/www.annualreviews.org\/doi\/abs\/10.1146\/annurev-psych-010213-115030\">depress\u00e3o e ansiedade<\/a>. \u201cOs jovens que sofrem bullying tamb\u00e9m relatam\u00a0<a href=\"http:\/\/www.ncbi.nlm.nih.gov\/pubmed\/24534401\">v\u00e1rios sintomas f\u00edsicos<\/a>\u00a0, incluindo\u00a0<a href=\"http:\/\/pediatrics.aappublications.org\/content\/132\/4\/720\">dores de cabe\u00e7a, dist\u00farbios do sono e dores de est\u00f4mago<\/a>\u201d, destaca Todres.<\/p>\n<h5>Efeitos de longo prazo<\/h5>\n<p>De acordo com o pesquisador, o impacto o bullying pode ser sentido por anos, com as consequ\u00eancias <a href=\"http:\/\/www.tandfonline.com\/doi\/full\/10.1080\/17522439.2015.1053969\">persistindo at\u00e9 a idade adulta<\/a>. Al\u00e9m disso, o professor ressalta que n\u00e3o s\u00e3o apenas os alvos dos ataques que sofrem consequ\u00eancias. \u201c<a href=\"http:\/\/www.stopbullying.gov\/at-risk\/effects\/index.html\">Crian\u00e7as que intimidam outras pessoas e espectadores que testemunham o ass\u00e9dio<\/a>\u00a0tamb\u00e9m correm maior risco de consequ\u00eancias adversas para a sa\u00fade mental\u201d, diz.<\/p>\n<p>Segundo Trodes, um <a href=\"https:\/\/www.nationalacademies.org\/our-work\/the-biological-and-psychosocial-effects-of-peer-victimization-lessons-for-bullying-prevention\" target=\"_blank\" rel=\"noopener\">relat\u00f3rio da Academia Nacional de Ci\u00eancia, Engenharia e Medicina<\/a>, organiza\u00e7\u00e3o n\u00e3o governamental dos Estados Unidos que ele integra, demonstra que tanto as crian\u00e7as que s\u00e3o alvos do bullying quanto as que promovem os ataques podem estar sob risco. \u201cEssas crian\u00e7as podem apresentar sintomas relacionados \u00e0 sa\u00fade mental, como depress\u00e3o, ansiedade e abstin\u00eancia. Elas tamb\u00e9m podem mostrar sintomas relacionados ao comportamento, como raiva e agress\u00e3o\u201d, considera.<\/p>\n<h5>Identificando e combatendo o bullying<\/h5>\n<p>Para o professor Tedros, uma etapa essencial para a identifica\u00e7\u00e3o do bullying \u00e9 o treinamento de professores e de outras pessoas que trabalhem com crian\u00e7as e adolescentes.\u00a0\u201cO relat\u00f3rio observa que programas de treinamento devem ser cont\u00ednuos e avaliados para garantir que os profissionais e volunt\u00e1rios que trabalham com jovens possam efetivamente identificar o bullying e intervir de forma adequada\u201d, ele diz.<\/p>\n<p>No \u00e2mbito do <em>cyberbullying<\/em> \u2014 que \u00e9 o bullying praticado pelas redes sociais \u2014, Tedros destaca uma recomenda\u00e7\u00e3o do relat\u00f3rio da Academia para que as empresas respons\u00e1veis pelas m\u00eddias desenvolvam pol\u00edticas e programas de preven\u00e7\u00e3o, identifica\u00e7\u00e3o e resposta ao bullying em suas plataformas.<\/p>\n<p>Al\u00e9m disso, Tedros ressalta a necessidade de mais pesquisas que possam oferecer maior compreens\u00e3o do bullying e de suas consequ\u00eancias. \u201cDe legisladores a pais, de empresas de tecnologia a professores, todos temos um papel a desempenhar na preven\u00e7\u00e3o do bullying e na garantia de ambientes seguros para as crian\u00e7as\u201d, conclui.<\/p>\n<p><strong><em>Uma dica<\/em><\/strong><\/p>\n<p><em>Para mais informa\u00e7\u00f5es sobre os temas abordados nessa mat\u00e9ria, acesse os links dispon\u00edveis ao longo do texto. Eles remetem \u00e0s fontes utilizadas aqui.\u00a0<\/em><\/p>\n<p><em>Uma dica: os artigos fora da p\u00e1gina do Comunidade Ativa que n\u00e3o estiverem em portugu\u00eas podem ser traduzidos automaticamente pelo navegador pelo seu navegador. Pra isso, basta clicar com o bot\u00e3o direito em qualquer ponto do texto a ser traduzido e escolher a op\u00e7\u00e3o \u201cTraduzir para o portugu\u00eas\u201d.\u00a0<\/em><\/p>\n<p>&nbsp;<\/p>\n","protected":false},"excerpt":{"rendered":"<p>Em \u00e9pocas passadas, as \u201cbrincadeiras\u201d discriminat\u00f3rias voltadas para quem n\u00e3o atendia aos padr\u00f5es f\u00edsicos, est\u00e9ticos ou comportamentais eram bastante comuns<\/p>\n","protected":false},"author":1,"featured_media":2297,"comment_status":"closed","ping_status":"open","sticky":false,"template":"","format":"standard","meta":{"footnotes":""},"categories":[12],"tags":[],"class_list":["post-2292","post","type-post","status-publish","format-standard","has-post-thumbnail","hentry","category-cidadania"],"yoast_head":"<!-- This site is optimized with the Yoast SEO plugin v26.0 - https:\/\/yoast.com\/wordpress\/plugins\/seo\/ -->\n<title>Bullying \u00e9 coisa s\u00e9ria e \u00e9 preciso muito empenho para combat\u00ea-lo - Comunidade Ativa<\/title>\n<meta name=\"robots\" content=\"index, follow, max-snippet:-1, max-image-preview:large, max-video-preview:-1\" \/>\n<link rel=\"canonical\" href=\"https:\/\/www.comunidadeativa.jor.br\/index.php\/2021\/07\/16\/bullying-e-coisa-seria-e-e-preciso-muito-empenho-para-combate-lo\/\" \/>\n<meta property=\"og:locale\" content=\"pt_BR\" \/>\n<meta property=\"og:type\" content=\"article\" \/>\n<meta property=\"og:title\" content=\"Bullying \u00e9 coisa s\u00e9ria e \u00e9 preciso muito empenho para combat\u00ea-lo - Comunidade Ativa\" \/>\n<meta property=\"og:description\" content=\"Em \u00e9pocas passadas, as \u201cbrincadeiras\u201d discriminat\u00f3rias voltadas para quem n\u00e3o atendia aos padr\u00f5es f\u00edsicos, est\u00e9ticos ou comportamentais eram bastante comuns\" \/>\n<meta property=\"og:url\" content=\"https:\/\/www.comunidadeativa.jor.br\/index.php\/2021\/07\/16\/bullying-e-coisa-seria-e-e-preciso-muito-empenho-para-combate-lo\/\" \/>\n<meta property=\"og:site_name\" content=\"Comunidade Ativa\" \/>\n<meta property=\"article:publisher\" content=\"https:\/\/www.facebook.com\/comunidadeativa\" \/>\n<meta property=\"article:published_time\" content=\"2021-07-16T19:47:31+00:00\" \/>\n<meta property=\"article:modified_time\" content=\"2023-08-11T21:45:44+00:00\" \/>\n<meta property=\"og:image\" content=\"https:\/\/www.comunidadeativa.jor.br\/wp-content\/uploads\/2021\/07\/capa1.jpg\" \/>\n\t<meta property=\"og:image:width\" content=\"640\" \/>\n\t<meta property=\"og:image:height\" content=\"352\" \/>\n\t<meta property=\"og:image:type\" content=\"image\/jpeg\" \/>\n<meta name=\"author\" content=\"Comunidade Ativa\" \/>\n<meta name=\"twitter:card\" content=\"summary_large_image\" \/>\n<meta name=\"twitter:label1\" content=\"Escrito por\" \/>\n\t<meta name=\"twitter:data1\" content=\"Comunidade Ativa\" \/>\n\t<meta name=\"twitter:label2\" content=\"Est. tempo de leitura\" \/>\n\t<meta name=\"twitter:data2\" content=\"5 minutos\" \/>\n<script type=\"application\/ld+json\" class=\"yoast-schema-graph\">{\"@context\":\"https:\/\/schema.org\",\"@graph\":[{\"@type\":\"Article\",\"@id\":\"https:\/\/www.comunidadeativa.jor.br\/index.php\/2021\/07\/16\/bullying-e-coisa-seria-e-e-preciso-muito-empenho-para-combate-lo\/#article\",\"isPartOf\":{\"@id\":\"https:\/\/www.comunidadeativa.jor.br\/index.php\/2021\/07\/16\/bullying-e-coisa-seria-e-e-preciso-muito-empenho-para-combate-lo\/\"},\"author\":{\"name\":\"Comunidade Ativa\",\"@id\":\"https:\/\/www.comunidadeativa.jor.br\/#\/schema\/person\/dcaa1f1c51c1f0c47a33b2b734cad6e1\"},\"headline\":\"Bullying \u00e9 coisa s\u00e9ria e \u00e9 preciso muito empenho para combat\u00ea-lo\",\"datePublished\":\"2021-07-16T19:47:31+00:00\",\"dateModified\":\"2023-08-11T21:45:44+00:00\",\"mainEntityOfPage\":{\"@id\":\"https:\/\/www.comunidadeativa.jor.br\/index.php\/2021\/07\/16\/bullying-e-coisa-seria-e-e-preciso-muito-empenho-para-combate-lo\/\"},\"wordCount\":945,\"publisher\":{\"@id\":\"https:\/\/www.comunidadeativa.jor.br\/#organization\"},\"image\":{\"@id\":\"https:\/\/www.comunidadeativa.jor.br\/index.php\/2021\/07\/16\/bullying-e-coisa-seria-e-e-preciso-muito-empenho-para-combate-lo\/#primaryimage\"},\"thumbnailUrl\":\"https:\/\/www.comunidadeativa.jor.br\/wp-content\/uploads\/2021\/07\/capa1.jpg\",\"articleSection\":[\"Cidadania\"],\"inLanguage\":\"pt-BR\"},{\"@type\":\"WebPage\",\"@id\":\"https:\/\/www.comunidadeativa.jor.br\/index.php\/2021\/07\/16\/bullying-e-coisa-seria-e-e-preciso-muito-empenho-para-combate-lo\/\",\"url\":\"https:\/\/www.comunidadeativa.jor.br\/index.php\/2021\/07\/16\/bullying-e-coisa-seria-e-e-preciso-muito-empenho-para-combate-lo\/\",\"name\":\"Bullying \u00e9 coisa s\u00e9ria e \u00e9 preciso muito empenho para combat\u00ea-lo - Comunidade Ativa\",\"isPartOf\":{\"@id\":\"https:\/\/www.comunidadeativa.jor.br\/#website\"},\"primaryImageOfPage\":{\"@id\":\"https:\/\/www.comunidadeativa.jor.br\/index.php\/2021\/07\/16\/bullying-e-coisa-seria-e-e-preciso-muito-empenho-para-combate-lo\/#primaryimage\"},\"image\":{\"@id\":\"https:\/\/www.comunidadeativa.jor.br\/index.php\/2021\/07\/16\/bullying-e-coisa-seria-e-e-preciso-muito-empenho-para-combate-lo\/#primaryimage\"},\"thumbnailUrl\":\"https:\/\/www.comunidadeativa.jor.br\/wp-content\/uploads\/2021\/07\/capa1.jpg\",\"datePublished\":\"2021-07-16T19:47:31+00:00\",\"dateModified\":\"2023-08-11T21:45:44+00:00\",\"breadcrumb\":{\"@id\":\"https:\/\/www.comunidadeativa.jor.br\/index.php\/2021\/07\/16\/bullying-e-coisa-seria-e-e-preciso-muito-empenho-para-combate-lo\/#breadcrumb\"},\"inLanguage\":\"pt-BR\",\"potentialAction\":[{\"@type\":\"ReadAction\",\"target\":[\"https:\/\/www.comunidadeativa.jor.br\/index.php\/2021\/07\/16\/bullying-e-coisa-seria-e-e-preciso-muito-empenho-para-combate-lo\/\"]}]},{\"@type\":\"ImageObject\",\"inLanguage\":\"pt-BR\",\"@id\":\"https:\/\/www.comunidadeativa.jor.br\/index.php\/2021\/07\/16\/bullying-e-coisa-seria-e-e-preciso-muito-empenho-para-combate-lo\/#primaryimage\",\"url\":\"https:\/\/www.comunidadeativa.jor.br\/wp-content\/uploads\/2021\/07\/capa1.jpg\",\"contentUrl\":\"https:\/\/www.comunidadeativa.jor.br\/wp-content\/uploads\/2021\/07\/capa1.jpg\",\"width\":640,\"height\":352},{\"@type\":\"BreadcrumbList\",\"@id\":\"https:\/\/www.comunidadeativa.jor.br\/index.php\/2021\/07\/16\/bullying-e-coisa-seria-e-e-preciso-muito-empenho-para-combate-lo\/#breadcrumb\",\"itemListElement\":[{\"@type\":\"ListItem\",\"position\":1,\"name\":\"In\u00edcio\",\"item\":\"https:\/\/www.comunidadeativa.jor.br\/\"},{\"@type\":\"ListItem\",\"position\":2,\"name\":\"Bullying \u00e9 coisa s\u00e9ria e \u00e9 preciso muito empenho para combat\u00ea-lo\"}]},{\"@type\":\"WebSite\",\"@id\":\"https:\/\/www.comunidadeativa.jor.br\/#website\",\"url\":\"https:\/\/www.comunidadeativa.jor.br\/\",\"name\":\"Comunidade Ativa\",\"description\":\"\",\"publisher\":{\"@id\":\"https:\/\/www.comunidadeativa.jor.br\/#organization\"},\"potentialAction\":[{\"@type\":\"SearchAction\",\"target\":{\"@type\":\"EntryPoint\",\"urlTemplate\":\"https:\/\/www.comunidadeativa.jor.br\/?s={search_term_string}\"},\"query-input\":{\"@type\":\"PropertyValueSpecification\",\"valueRequired\":true,\"valueName\":\"search_term_string\"}}],\"inLanguage\":\"pt-BR\"},{\"@type\":\"Organization\",\"@id\":\"https:\/\/www.comunidadeativa.jor.br\/#organization\",\"name\":\"Comunidade Ativa\",\"url\":\"https:\/\/www.comunidadeativa.jor.br\/\",\"logo\":{\"@type\":\"ImageObject\",\"inLanguage\":\"pt-BR\",\"@id\":\"https:\/\/www.comunidadeativa.jor.br\/#\/schema\/logo\/image\/\",\"url\":\"https:\/\/www.comunidadeativa.jor.br\/wp-content\/uploads\/2018\/03\/cropped-LOGOPNG-1.png\",\"contentUrl\":\"https:\/\/www.comunidadeativa.jor.br\/wp-content\/uploads\/2018\/03\/cropped-LOGOPNG-1.png\",\"width\":318,\"height\":90,\"caption\":\"Comunidade Ativa\"},\"image\":{\"@id\":\"https:\/\/www.comunidadeativa.jor.br\/#\/schema\/logo\/image\/\"},\"sameAs\":[\"https:\/\/www.facebook.com\/comunidadeativa\"]},{\"@type\":\"Person\",\"@id\":\"https:\/\/www.comunidadeativa.jor.br\/#\/schema\/person\/dcaa1f1c51c1f0c47a33b2b734cad6e1\",\"name\":\"Comunidade Ativa\",\"image\":{\"@type\":\"ImageObject\",\"inLanguage\":\"pt-BR\",\"@id\":\"https:\/\/www.comunidadeativa.jor.br\/#\/schema\/person\/image\/\",\"url\":\"https:\/\/secure.gravatar.com\/avatar\/09a9a1f85fedf41e81b47f7c1d40084f?s=96&d=mm&r=g\",\"contentUrl\":\"https:\/\/secure.gravatar.com\/avatar\/09a9a1f85fedf41e81b47f7c1d40084f?s=96&d=mm&r=g\",\"caption\":\"Comunidade Ativa\"},\"url\":\"https:\/\/www.comunidadeativa.jor.br\/index.php\/author\/casalberto\/\"}]}<\/script>\n<!-- \/ Yoast SEO plugin. -->","yoast_head_json":{"title":"Bullying \u00e9 coisa s\u00e9ria e \u00e9 preciso muito empenho para combat\u00ea-lo - Comunidade Ativa","robots":{"index":"index","follow":"follow","max-snippet":"max-snippet:-1","max-image-preview":"max-image-preview:large","max-video-preview":"max-video-preview:-1"},"canonical":"https:\/\/www.comunidadeativa.jor.br\/index.php\/2021\/07\/16\/bullying-e-coisa-seria-e-e-preciso-muito-empenho-para-combate-lo\/","og_locale":"pt_BR","og_type":"article","og_title":"Bullying \u00e9 coisa s\u00e9ria e \u00e9 preciso muito empenho para combat\u00ea-lo - Comunidade Ativa","og_description":"Em \u00e9pocas passadas, as \u201cbrincadeiras\u201d discriminat\u00f3rias voltadas para quem n\u00e3o atendia aos padr\u00f5es f\u00edsicos, est\u00e9ticos ou comportamentais eram bastante comuns","og_url":"https:\/\/www.comunidadeativa.jor.br\/index.php\/2021\/07\/16\/bullying-e-coisa-seria-e-e-preciso-muito-empenho-para-combate-lo\/","og_site_name":"Comunidade Ativa","article_publisher":"https:\/\/www.facebook.com\/comunidadeativa","article_published_time":"2021-07-16T19:47:31+00:00","article_modified_time":"2023-08-11T21:45:44+00:00","og_image":[{"width":640,"height":352,"url":"https:\/\/www.comunidadeativa.jor.br\/wp-content\/uploads\/2021\/07\/capa1.jpg","type":"image\/jpeg"}],"author":"Comunidade Ativa","twitter_card":"summary_large_image","twitter_misc":{"Escrito por":"Comunidade Ativa","Est. tempo de leitura":"5 minutos"},"schema":{"@context":"https:\/\/schema.org","@graph":[{"@type":"Article","@id":"https:\/\/www.comunidadeativa.jor.br\/index.php\/2021\/07\/16\/bullying-e-coisa-seria-e-e-preciso-muito-empenho-para-combate-lo\/#article","isPartOf":{"@id":"https:\/\/www.comunidadeativa.jor.br\/index.php\/2021\/07\/16\/bullying-e-coisa-seria-e-e-preciso-muito-empenho-para-combate-lo\/"},"author":{"name":"Comunidade Ativa","@id":"https:\/\/www.comunidadeativa.jor.br\/#\/schema\/person\/dcaa1f1c51c1f0c47a33b2b734cad6e1"},"headline":"Bullying \u00e9 coisa s\u00e9ria e \u00e9 preciso muito empenho para combat\u00ea-lo","datePublished":"2021-07-16T19:47:31+00:00","dateModified":"2023-08-11T21:45:44+00:00","mainEntityOfPage":{"@id":"https:\/\/www.comunidadeativa.jor.br\/index.php\/2021\/07\/16\/bullying-e-coisa-seria-e-e-preciso-muito-empenho-para-combate-lo\/"},"wordCount":945,"publisher":{"@id":"https:\/\/www.comunidadeativa.jor.br\/#organization"},"image":{"@id":"https:\/\/www.comunidadeativa.jor.br\/index.php\/2021\/07\/16\/bullying-e-coisa-seria-e-e-preciso-muito-empenho-para-combate-lo\/#primaryimage"},"thumbnailUrl":"https:\/\/www.comunidadeativa.jor.br\/wp-content\/uploads\/2021\/07\/capa1.jpg","articleSection":["Cidadania"],"inLanguage":"pt-BR"},{"@type":"WebPage","@id":"https:\/\/www.comunidadeativa.jor.br\/index.php\/2021\/07\/16\/bullying-e-coisa-seria-e-e-preciso-muito-empenho-para-combate-lo\/","url":"https:\/\/www.comunidadeativa.jor.br\/index.php\/2021\/07\/16\/bullying-e-coisa-seria-e-e-preciso-muito-empenho-para-combate-lo\/","name":"Bullying \u00e9 coisa s\u00e9ria e \u00e9 preciso muito empenho para combat\u00ea-lo - Comunidade Ativa","isPartOf":{"@id":"https:\/\/www.comunidadeativa.jor.br\/#website"},"primaryImageOfPage":{"@id":"https:\/\/www.comunidadeativa.jor.br\/index.php\/2021\/07\/16\/bullying-e-coisa-seria-e-e-preciso-muito-empenho-para-combate-lo\/#primaryimage"},"image":{"@id":"https:\/\/www.comunidadeativa.jor.br\/index.php\/2021\/07\/16\/bullying-e-coisa-seria-e-e-preciso-muito-empenho-para-combate-lo\/#primaryimage"},"thumbnailUrl":"https:\/\/www.comunidadeativa.jor.br\/wp-content\/uploads\/2021\/07\/capa1.jpg","datePublished":"2021-07-16T19:47:31+00:00","dateModified":"2023-08-11T21:45:44+00:00","breadcrumb":{"@id":"https:\/\/www.comunidadeativa.jor.br\/index.php\/2021\/07\/16\/bullying-e-coisa-seria-e-e-preciso-muito-empenho-para-combate-lo\/#breadcrumb"},"inLanguage":"pt-BR","potentialAction":[{"@type":"ReadAction","target":["https:\/\/www.comunidadeativa.jor.br\/index.php\/2021\/07\/16\/bullying-e-coisa-seria-e-e-preciso-muito-empenho-para-combate-lo\/"]}]},{"@type":"ImageObject","inLanguage":"pt-BR","@id":"https:\/\/www.comunidadeativa.jor.br\/index.php\/2021\/07\/16\/bullying-e-coisa-seria-e-e-preciso-muito-empenho-para-combate-lo\/#primaryimage","url":"https:\/\/www.comunidadeativa.jor.br\/wp-content\/uploads\/2021\/07\/capa1.jpg","contentUrl":"https:\/\/www.comunidadeativa.jor.br\/wp-content\/uploads\/2021\/07\/capa1.jpg","width":640,"height":352},{"@type":"BreadcrumbList","@id":"https:\/\/www.comunidadeativa.jor.br\/index.php\/2021\/07\/16\/bullying-e-coisa-seria-e-e-preciso-muito-empenho-para-combate-lo\/#breadcrumb","itemListElement":[{"@type":"ListItem","position":1,"name":"In\u00edcio","item":"https:\/\/www.comunidadeativa.jor.br\/"},{"@type":"ListItem","position":2,"name":"Bullying \u00e9 coisa s\u00e9ria e \u00e9 preciso muito empenho para combat\u00ea-lo"}]},{"@type":"WebSite","@id":"https:\/\/www.comunidadeativa.jor.br\/#website","url":"https:\/\/www.comunidadeativa.jor.br\/","name":"Comunidade Ativa","description":"","publisher":{"@id":"https:\/\/www.comunidadeativa.jor.br\/#organization"},"potentialAction":[{"@type":"SearchAction","target":{"@type":"EntryPoint","urlTemplate":"https:\/\/www.comunidadeativa.jor.br\/?s={search_term_string}"},"query-input":{"@type":"PropertyValueSpecification","valueRequired":true,"valueName":"search_term_string"}}],"inLanguage":"pt-BR"},{"@type":"Organization","@id":"https:\/\/www.comunidadeativa.jor.br\/#organization","name":"Comunidade Ativa","url":"https:\/\/www.comunidadeativa.jor.br\/","logo":{"@type":"ImageObject","inLanguage":"pt-BR","@id":"https:\/\/www.comunidadeativa.jor.br\/#\/schema\/logo\/image\/","url":"https:\/\/www.comunidadeativa.jor.br\/wp-content\/uploads\/2018\/03\/cropped-LOGOPNG-1.png","contentUrl":"https:\/\/www.comunidadeativa.jor.br\/wp-content\/uploads\/2018\/03\/cropped-LOGOPNG-1.png","width":318,"height":90,"caption":"Comunidade Ativa"},"image":{"@id":"https:\/\/www.comunidadeativa.jor.br\/#\/schema\/logo\/image\/"},"sameAs":["https:\/\/www.facebook.com\/comunidadeativa"]},{"@type":"Person","@id":"https:\/\/www.comunidadeativa.jor.br\/#\/schema\/person\/dcaa1f1c51c1f0c47a33b2b734cad6e1","name":"Comunidade Ativa","image":{"@type":"ImageObject","inLanguage":"pt-BR","@id":"https:\/\/www.comunidadeativa.jor.br\/#\/schema\/person\/image\/","url":"https:\/\/secure.gravatar.com\/avatar\/09a9a1f85fedf41e81b47f7c1d40084f?s=96&d=mm&r=g","contentUrl":"https:\/\/secure.gravatar.com\/avatar\/09a9a1f85fedf41e81b47f7c1d40084f?s=96&d=mm&r=g","caption":"Comunidade Ativa"},"url":"https:\/\/www.comunidadeativa.jor.br\/index.php\/author\/casalberto\/"}]}},"_links":{"self":[{"href":"https:\/\/www.comunidadeativa.jor.br\/index.php\/wp-json\/wp\/v2\/posts\/2292","targetHints":{"allow":["GET"]}}],"collection":[{"href":"https:\/\/www.comunidadeativa.jor.br\/index.php\/wp-json\/wp\/v2\/posts"}],"about":[{"href":"https:\/\/www.comunidadeativa.jor.br\/index.php\/wp-json\/wp\/v2\/types\/post"}],"author":[{"embeddable":true,"href":"https:\/\/www.comunidadeativa.jor.br\/index.php\/wp-json\/wp\/v2\/users\/1"}],"replies":[{"embeddable":true,"href":"https:\/\/www.comunidadeativa.jor.br\/index.php\/wp-json\/wp\/v2\/comments?post=2292"}],"version-history":[{"count":2,"href":"https:\/\/www.comunidadeativa.jor.br\/index.php\/wp-json\/wp\/v2\/posts\/2292\/revisions"}],"predecessor-version":[{"id":3881,"href":"https:\/\/www.comunidadeativa.jor.br\/index.php\/wp-json\/wp\/v2\/posts\/2292\/revisions\/3881"}],"wp:featuredmedia":[{"embeddable":true,"href":"https:\/\/www.comunidadeativa.jor.br\/index.php\/wp-json\/wp\/v2\/media\/2297"}],"wp:attachment":[{"href":"https:\/\/www.comunidadeativa.jor.br\/index.php\/wp-json\/wp\/v2\/media?parent=2292"}],"wp:term":[{"taxonomy":"category","embeddable":true,"href":"https:\/\/www.comunidadeativa.jor.br\/index.php\/wp-json\/wp\/v2\/categories?post=2292"},{"taxonomy":"post_tag","embeddable":true,"href":"https:\/\/www.comunidadeativa.jor.br\/index.php\/wp-json\/wp\/v2\/tags?post=2292"}],"curies":[{"name":"wp","href":"https:\/\/api.w.org\/{rel}","templated":true}]}}