{"id":2325,"date":"2021-07-23T16:32:21","date_gmt":"2021-07-23T19:32:21","guid":{"rendered":"https:\/\/www.comunidadeativa.jor.br\/?p=2325"},"modified":"2023-08-11T18:47:13","modified_gmt":"2023-08-11T21:47:13","slug":"formacao-em-georreferenciamento-abre-caminhos-em-um-mercado-em-ascensao","status":"publish","type":"post","link":"https:\/\/www.comunidadeativa.jor.br\/index.php\/2021\/07\/23\/formacao-em-georreferenciamento-abre-caminhos-em-um-mercado-em-ascensao\/","title":{"rendered":"Forma\u00e7\u00e3o em georreferenciamento abre caminhos em um mercado em ascens\u00e3o"},"content":{"rendered":"<p>A ideia de localiza\u00e7\u00e3o em um mapa geogr\u00e1fico n\u00e3o \u00e9 algo t\u00e3o complicado de entender, n\u00e3o \u00e9 mesmo? Afinal, de posse dos conceitos b\u00e1sicos sobre o plano cartesiano, que s\u00e3o adquiridos l\u00e1 no ensino m\u00e9dio, \u00e9 f\u00e1cil perceber como os paralelos e os meridianos se cruzam para definir um ponto de localiza\u00e7\u00e3o. Assim, para encontrarmos qualquer ponto sobre o planeta, basta ter o \u201cendere\u00e7o\u201d dele no mapa, dado pela latitude e pela longitude, que tudo est\u00e1 resolvido.<\/p>\n<p>Por\u00e9m, quando o mapeamento exige um conhecimento mais detalhado sobre as caracter\u00edsticas de uma \u00e1rea \u2014 e n\u00e3o s\u00f3 sobre a localiza\u00e7\u00e3o de um ponto \u2014, as coisas mudam de figura. Primeiro, porque \u00e9 preciso considerar que a Terra n\u00e3o \u00e9 plana e n\u00e3o tem superf\u00edcie regular. Ao contr\u00e1rio, ela apresenta varia\u00e7\u00f5es na topografia que podem ser significativas dentro de uma mesma \u00e1rea. Al\u00e9m disso, de acordo com a necessidade de entendimento daquela terreno, existem v\u00e1rias caracter\u00edsticas que devem ser valorizadas no detalhamento.<\/p>\n<p>Se algu\u00e9m pretende construir uma estrada, criar um condom\u00ednio ou plantar uma lavoura de cana em uma determinada \u00e1rea, por exemplo, deve antes entender como a exist\u00eancia de \u00e1rvores, estradas, rios e acidentes geogr\u00e1ficos, entre outros aspectos, podem interferir no projeto. Al\u00e9m de sustentar a viabilidade de um empreendimento \u2014 ou definir a inviabilidade \u2014, em muitos casos, as informa\u00e7\u00f5es sobre a \u00e1rea s\u00e3o exigidas em processos de legaliza\u00e7\u00e3o daquilo que se deseja executar \u2014 como aquelas pedidas pelos v\u00e1rios \u00f3rg\u00e3os que cuidam das etapas de licenciamento.<\/p>\n<p>Pois \u00e9 para atender a estas e a outras necessidades que s\u00e3o criadas as plantas georreferenciadas dos terrenos.<\/p>\n<h5>Trabalho de muitos profissionais<\/h5>\n<p>Por meio do georreferenciamento s\u00e3o delimitadas as dimens\u00f5es, limites e caracter\u00edsticas de uma \u00e1rea, com descri\u00e7\u00f5es de coordenadas que devem estar de acordo com o chamado <a href=\"https:\/\/www.ibge.gov.br\/geociencias\/informacoes-sobre-posicionamento-geodesico\/rede-geodesica.html#:~:text=Conjunto%20de%20informa%C3%A7%C3%B5es%20planim%C3%A9tricas%2C%20altim%C3%A9tricas,verifica%C3%A7%C3%A3o%20de%20imagens%20do%20territ%C3%B3rio.\"><em>Sistema Geod\u00e9sico Brasileiro<\/em> (SGB)<\/a> \u2014 que \u00e9 uma rede de esta\u00e7\u00f5es do IBGE que define refer\u00eancias no Brasil. Pra isso \u00e9 necess\u00e1rio contar com o trabalho de profissionais de v\u00e1rias especializa\u00e7\u00f5es \u2014 como engenheiros agrimensores, cart\u00f3grafos e top\u00f3grafos.<\/p>\n<p>Ap\u00f3s o levantamento que \u00e9 feito em campo e que definem as v\u00e1rias caracter\u00edsticas de um terreno, as informa\u00e7\u00f5es coletadas, ent\u00e3o, s\u00e3o tratadas em etapas, que v\u00e3o da edi\u00e7\u00e3o \u00e0 sa\u00edda final dos documentos \u2014 como mapas impressos e digitais, arquivos e relat\u00f3rios. Mais do que uma descri\u00e7\u00e3o precisa do terreno, os dados gerados oferecem, inclusive, informa\u00e7\u00f5es que ser\u00e3o \u00fateis no gerenciamento, na an\u00e1lise e na manipula\u00e7\u00e3o da \u00e1rea estudada.<\/p>\n<h5>Tend\u00eancia de mercado<\/h5>\n<p>Atualmente, todo esse processo de gerenciamento, que envolve um n\u00famero imenso de vari\u00e1veis, \u00e9 realizado por softwares especializados, que demandam profissionais treinados de forma espec\u00edfica para oper\u00e1-los. Como tem in\u00fameras aplica\u00e7\u00f5es, o mercado de trabalho nesta \u00e1rea encontra-se em franca expans\u00e3o.<\/p>\n<p>Seja para atender o agroneg\u00f3cio, ao monitoramento ambiental, \u00e0s necessidades de implanta\u00e7\u00e3o de empreendimentos diversos, como os de telefonia, ou outras das in\u00fameras demandas existentes, as vagas de emprego para profissionais qualificados no setor est\u00e3o se multiplicando, abrindo \u00f3timas perspectivas para que busca uma carreira promissora. \u00a0Portanto, como essa \u00e9 uma transforma\u00e7\u00e3o que reflete n\u00e3o s\u00f3 uma realidade brasileira, mas de todo o mundo, o cen\u00e1rio presente e futuro para quem est\u00e1 se formando na \u00e1rea \u00e9 bastante favor\u00e1vel, inclusive para quem se especializa na opera\u00e7\u00e3o dos softwares.<\/p>\n","protected":false},"excerpt":{"rendered":"<p>A ideia de localiza\u00e7\u00e3o em um mapa geogr\u00e1fico n\u00e3o \u00e9 algo t\u00e3o complicado de entender, n\u00e3o \u00e9 mesmo? Afinal, de<\/p>\n","protected":false},"author":1,"featured_media":2328,"comment_status":"closed","ping_status":"open","sticky":false,"template":"","format":"standard","meta":{"footnotes":""},"categories":[10],"tags":[],"class_list":["post-2325","post","type-post","status-publish","format-standard","has-post-thumbnail","hentry","category-tecnologia"],"yoast_head":"<!-- This site is optimized with the Yoast SEO plugin v26.0 - https:\/\/yoast.com\/wordpress\/plugins\/seo\/ -->\n<title>Forma\u00e7\u00e3o em georreferenciamento abre caminhos em um mercado em ascens\u00e3o - Comunidade Ativa<\/title>\n<meta name=\"robots\" content=\"index, follow, max-snippet:-1, max-image-preview:large, max-video-preview:-1\" \/>\n<link rel=\"canonical\" href=\"https:\/\/www.comunidadeativa.jor.br\/index.php\/2021\/07\/23\/formacao-em-georreferenciamento-abre-caminhos-em-um-mercado-em-ascensao\/\" \/>\n<meta property=\"og:locale\" content=\"pt_BR\" \/>\n<meta property=\"og:type\" content=\"article\" \/>\n<meta property=\"og:title\" content=\"Forma\u00e7\u00e3o em georreferenciamento abre caminhos em um mercado em ascens\u00e3o - Comunidade Ativa\" \/>\n<meta property=\"og:description\" content=\"A ideia de localiza\u00e7\u00e3o em um mapa geogr\u00e1fico n\u00e3o \u00e9 algo t\u00e3o complicado de entender, n\u00e3o \u00e9 mesmo? Afinal, de\" \/>\n<meta property=\"og:url\" content=\"https:\/\/www.comunidadeativa.jor.br\/index.php\/2021\/07\/23\/formacao-em-georreferenciamento-abre-caminhos-em-um-mercado-em-ascensao\/\" \/>\n<meta property=\"og:site_name\" content=\"Comunidade Ativa\" \/>\n<meta property=\"article:publisher\" content=\"https:\/\/www.facebook.com\/comunidadeativa\" \/>\n<meta property=\"article:published_time\" content=\"2021-07-23T19:32:21+00:00\" \/>\n<meta property=\"article:modified_time\" content=\"2023-08-11T21:47:13+00:00\" \/>\n<meta property=\"og:image\" content=\"https:\/\/www.comunidadeativa.jor.br\/wp-content\/uploads\/2021\/07\/capa1-4.jpg\" \/>\n\t<meta property=\"og:image:width\" content=\"640\" \/>\n\t<meta property=\"og:image:height\" content=\"352\" \/>\n\t<meta property=\"og:image:type\" content=\"image\/jpeg\" \/>\n<meta name=\"author\" content=\"Comunidade Ativa\" \/>\n<meta name=\"twitter:card\" content=\"summary_large_image\" \/>\n<meta name=\"twitter:label1\" content=\"Escrito por\" \/>\n\t<meta name=\"twitter:data1\" content=\"Comunidade Ativa\" \/>\n\t<meta name=\"twitter:label2\" content=\"Est. tempo de leitura\" \/>\n\t<meta name=\"twitter:data2\" content=\"3 minutos\" \/>\n<script type=\"application\/ld+json\" class=\"yoast-schema-graph\">{\"@context\":\"https:\/\/schema.org\",\"@graph\":[{\"@type\":\"Article\",\"@id\":\"https:\/\/www.comunidadeativa.jor.br\/index.php\/2021\/07\/23\/formacao-em-georreferenciamento-abre-caminhos-em-um-mercado-em-ascensao\/#article\",\"isPartOf\":{\"@id\":\"https:\/\/www.comunidadeativa.jor.br\/index.php\/2021\/07\/23\/formacao-em-georreferenciamento-abre-caminhos-em-um-mercado-em-ascensao\/\"},\"author\":{\"name\":\"Comunidade Ativa\",\"@id\":\"https:\/\/www.comunidadeativa.jor.br\/#\/schema\/person\/dcaa1f1c51c1f0c47a33b2b734cad6e1\"},\"headline\":\"Forma\u00e7\u00e3o em georreferenciamento abre caminhos em um mercado em ascens\u00e3o\",\"datePublished\":\"2021-07-23T19:32:21+00:00\",\"dateModified\":\"2023-08-11T21:47:13+00:00\",\"mainEntityOfPage\":{\"@id\":\"https:\/\/www.comunidadeativa.jor.br\/index.php\/2021\/07\/23\/formacao-em-georreferenciamento-abre-caminhos-em-um-mercado-em-ascensao\/\"},\"wordCount\":604,\"publisher\":{\"@id\":\"https:\/\/www.comunidadeativa.jor.br\/#organization\"},\"image\":{\"@id\":\"https:\/\/www.comunidadeativa.jor.br\/index.php\/2021\/07\/23\/formacao-em-georreferenciamento-abre-caminhos-em-um-mercado-em-ascensao\/#primaryimage\"},\"thumbnailUrl\":\"https:\/\/www.comunidadeativa.jor.br\/wp-content\/uploads\/2021\/07\/capa1-4.jpg\",\"articleSection\":[\"Tecnologia\"],\"inLanguage\":\"pt-BR\"},{\"@type\":\"WebPage\",\"@id\":\"https:\/\/www.comunidadeativa.jor.br\/index.php\/2021\/07\/23\/formacao-em-georreferenciamento-abre-caminhos-em-um-mercado-em-ascensao\/\",\"url\":\"https:\/\/www.comunidadeativa.jor.br\/index.php\/2021\/07\/23\/formacao-em-georreferenciamento-abre-caminhos-em-um-mercado-em-ascensao\/\",\"name\":\"Forma\u00e7\u00e3o em georreferenciamento abre caminhos em um mercado em ascens\u00e3o - Comunidade Ativa\",\"isPartOf\":{\"@id\":\"https:\/\/www.comunidadeativa.jor.br\/#website\"},\"primaryImageOfPage\":{\"@id\":\"https:\/\/www.comunidadeativa.jor.br\/index.php\/2021\/07\/23\/formacao-em-georreferenciamento-abre-caminhos-em-um-mercado-em-ascensao\/#primaryimage\"},\"image\":{\"@id\":\"https:\/\/www.comunidadeativa.jor.br\/index.php\/2021\/07\/23\/formacao-em-georreferenciamento-abre-caminhos-em-um-mercado-em-ascensao\/#primaryimage\"},\"thumbnailUrl\":\"https:\/\/www.comunidadeativa.jor.br\/wp-content\/uploads\/2021\/07\/capa1-4.jpg\",\"datePublished\":\"2021-07-23T19:32:21+00:00\",\"dateModified\":\"2023-08-11T21:47:13+00:00\",\"breadcrumb\":{\"@id\":\"https:\/\/www.comunidadeativa.jor.br\/index.php\/2021\/07\/23\/formacao-em-georreferenciamento-abre-caminhos-em-um-mercado-em-ascensao\/#breadcrumb\"},\"inLanguage\":\"pt-BR\",\"potentialAction\":[{\"@type\":\"ReadAction\",\"target\":[\"https:\/\/www.comunidadeativa.jor.br\/index.php\/2021\/07\/23\/formacao-em-georreferenciamento-abre-caminhos-em-um-mercado-em-ascensao\/\"]}]},{\"@type\":\"ImageObject\",\"inLanguage\":\"pt-BR\",\"@id\":\"https:\/\/www.comunidadeativa.jor.br\/index.php\/2021\/07\/23\/formacao-em-georreferenciamento-abre-caminhos-em-um-mercado-em-ascensao\/#primaryimage\",\"url\":\"https:\/\/www.comunidadeativa.jor.br\/wp-content\/uploads\/2021\/07\/capa1-4.jpg\",\"contentUrl\":\"https:\/\/www.comunidadeativa.jor.br\/wp-content\/uploads\/2021\/07\/capa1-4.jpg\",\"width\":640,\"height\":352},{\"@type\":\"BreadcrumbList\",\"@id\":\"https:\/\/www.comunidadeativa.jor.br\/index.php\/2021\/07\/23\/formacao-em-georreferenciamento-abre-caminhos-em-um-mercado-em-ascensao\/#breadcrumb\",\"itemListElement\":[{\"@type\":\"ListItem\",\"position\":1,\"name\":\"In\u00edcio\",\"item\":\"https:\/\/www.comunidadeativa.jor.br\/\"},{\"@type\":\"ListItem\",\"position\":2,\"name\":\"Forma\u00e7\u00e3o em georreferenciamento abre caminhos em um mercado em ascens\u00e3o\"}]},{\"@type\":\"WebSite\",\"@id\":\"https:\/\/www.comunidadeativa.jor.br\/#website\",\"url\":\"https:\/\/www.comunidadeativa.jor.br\/\",\"name\":\"Comunidade Ativa\",\"description\":\"\",\"publisher\":{\"@id\":\"https:\/\/www.comunidadeativa.jor.br\/#organization\"},\"potentialAction\":[{\"@type\":\"SearchAction\",\"target\":{\"@type\":\"EntryPoint\",\"urlTemplate\":\"https:\/\/www.comunidadeativa.jor.br\/?s={search_term_string}\"},\"query-input\":{\"@type\":\"PropertyValueSpecification\",\"valueRequired\":true,\"valueName\":\"search_term_string\"}}],\"inLanguage\":\"pt-BR\"},{\"@type\":\"Organization\",\"@id\":\"https:\/\/www.comunidadeativa.jor.br\/#organization\",\"name\":\"Comunidade Ativa\",\"url\":\"https:\/\/www.comunidadeativa.jor.br\/\",\"logo\":{\"@type\":\"ImageObject\",\"inLanguage\":\"pt-BR\",\"@id\":\"https:\/\/www.comunidadeativa.jor.br\/#\/schema\/logo\/image\/\",\"url\":\"https:\/\/www.comunidadeativa.jor.br\/wp-content\/uploads\/2018\/03\/cropped-LOGOPNG-1.png\",\"contentUrl\":\"https:\/\/www.comunidadeativa.jor.br\/wp-content\/uploads\/2018\/03\/cropped-LOGOPNG-1.png\",\"width\":318,\"height\":90,\"caption\":\"Comunidade Ativa\"},\"image\":{\"@id\":\"https:\/\/www.comunidadeativa.jor.br\/#\/schema\/logo\/image\/\"},\"sameAs\":[\"https:\/\/www.facebook.com\/comunidadeativa\"]},{\"@type\":\"Person\",\"@id\":\"https:\/\/www.comunidadeativa.jor.br\/#\/schema\/person\/dcaa1f1c51c1f0c47a33b2b734cad6e1\",\"name\":\"Comunidade Ativa\",\"image\":{\"@type\":\"ImageObject\",\"inLanguage\":\"pt-BR\",\"@id\":\"https:\/\/www.comunidadeativa.jor.br\/#\/schema\/person\/image\/\",\"url\":\"https:\/\/secure.gravatar.com\/avatar\/09a9a1f85fedf41e81b47f7c1d40084f?s=96&d=mm&r=g\",\"contentUrl\":\"https:\/\/secure.gravatar.com\/avatar\/09a9a1f85fedf41e81b47f7c1d40084f?s=96&d=mm&r=g\",\"caption\":\"Comunidade Ativa\"},\"url\":\"https:\/\/www.comunidadeativa.jor.br\/index.php\/author\/casalberto\/\"}]}<\/script>\n<!-- \/ Yoast SEO plugin. -->","yoast_head_json":{"title":"Forma\u00e7\u00e3o em georreferenciamento abre caminhos em um mercado em ascens\u00e3o - Comunidade Ativa","robots":{"index":"index","follow":"follow","max-snippet":"max-snippet:-1","max-image-preview":"max-image-preview:large","max-video-preview":"max-video-preview:-1"},"canonical":"https:\/\/www.comunidadeativa.jor.br\/index.php\/2021\/07\/23\/formacao-em-georreferenciamento-abre-caminhos-em-um-mercado-em-ascensao\/","og_locale":"pt_BR","og_type":"article","og_title":"Forma\u00e7\u00e3o em georreferenciamento abre caminhos em um mercado em ascens\u00e3o - Comunidade Ativa","og_description":"A ideia de localiza\u00e7\u00e3o em um mapa geogr\u00e1fico n\u00e3o \u00e9 algo t\u00e3o complicado de entender, n\u00e3o \u00e9 mesmo? Afinal, de","og_url":"https:\/\/www.comunidadeativa.jor.br\/index.php\/2021\/07\/23\/formacao-em-georreferenciamento-abre-caminhos-em-um-mercado-em-ascensao\/","og_site_name":"Comunidade Ativa","article_publisher":"https:\/\/www.facebook.com\/comunidadeativa","article_published_time":"2021-07-23T19:32:21+00:00","article_modified_time":"2023-08-11T21:47:13+00:00","og_image":[{"width":640,"height":352,"url":"https:\/\/www.comunidadeativa.jor.br\/wp-content\/uploads\/2021\/07\/capa1-4.jpg","type":"image\/jpeg"}],"author":"Comunidade Ativa","twitter_card":"summary_large_image","twitter_misc":{"Escrito por":"Comunidade Ativa","Est. tempo de leitura":"3 minutos"},"schema":{"@context":"https:\/\/schema.org","@graph":[{"@type":"Article","@id":"https:\/\/www.comunidadeativa.jor.br\/index.php\/2021\/07\/23\/formacao-em-georreferenciamento-abre-caminhos-em-um-mercado-em-ascensao\/#article","isPartOf":{"@id":"https:\/\/www.comunidadeativa.jor.br\/index.php\/2021\/07\/23\/formacao-em-georreferenciamento-abre-caminhos-em-um-mercado-em-ascensao\/"},"author":{"name":"Comunidade Ativa","@id":"https:\/\/www.comunidadeativa.jor.br\/#\/schema\/person\/dcaa1f1c51c1f0c47a33b2b734cad6e1"},"headline":"Forma\u00e7\u00e3o em georreferenciamento abre caminhos em um mercado em ascens\u00e3o","datePublished":"2021-07-23T19:32:21+00:00","dateModified":"2023-08-11T21:47:13+00:00","mainEntityOfPage":{"@id":"https:\/\/www.comunidadeativa.jor.br\/index.php\/2021\/07\/23\/formacao-em-georreferenciamento-abre-caminhos-em-um-mercado-em-ascensao\/"},"wordCount":604,"publisher":{"@id":"https:\/\/www.comunidadeativa.jor.br\/#organization"},"image":{"@id":"https:\/\/www.comunidadeativa.jor.br\/index.php\/2021\/07\/23\/formacao-em-georreferenciamento-abre-caminhos-em-um-mercado-em-ascensao\/#primaryimage"},"thumbnailUrl":"https:\/\/www.comunidadeativa.jor.br\/wp-content\/uploads\/2021\/07\/capa1-4.jpg","articleSection":["Tecnologia"],"inLanguage":"pt-BR"},{"@type":"WebPage","@id":"https:\/\/www.comunidadeativa.jor.br\/index.php\/2021\/07\/23\/formacao-em-georreferenciamento-abre-caminhos-em-um-mercado-em-ascensao\/","url":"https:\/\/www.comunidadeativa.jor.br\/index.php\/2021\/07\/23\/formacao-em-georreferenciamento-abre-caminhos-em-um-mercado-em-ascensao\/","name":"Forma\u00e7\u00e3o em georreferenciamento abre caminhos em um mercado em ascens\u00e3o - Comunidade Ativa","isPartOf":{"@id":"https:\/\/www.comunidadeativa.jor.br\/#website"},"primaryImageOfPage":{"@id":"https:\/\/www.comunidadeativa.jor.br\/index.php\/2021\/07\/23\/formacao-em-georreferenciamento-abre-caminhos-em-um-mercado-em-ascensao\/#primaryimage"},"image":{"@id":"https:\/\/www.comunidadeativa.jor.br\/index.php\/2021\/07\/23\/formacao-em-georreferenciamento-abre-caminhos-em-um-mercado-em-ascensao\/#primaryimage"},"thumbnailUrl":"https:\/\/www.comunidadeativa.jor.br\/wp-content\/uploads\/2021\/07\/capa1-4.jpg","datePublished":"2021-07-23T19:32:21+00:00","dateModified":"2023-08-11T21:47:13+00:00","breadcrumb":{"@id":"https:\/\/www.comunidadeativa.jor.br\/index.php\/2021\/07\/23\/formacao-em-georreferenciamento-abre-caminhos-em-um-mercado-em-ascensao\/#breadcrumb"},"inLanguage":"pt-BR","potentialAction":[{"@type":"ReadAction","target":["https:\/\/www.comunidadeativa.jor.br\/index.php\/2021\/07\/23\/formacao-em-georreferenciamento-abre-caminhos-em-um-mercado-em-ascensao\/"]}]},{"@type":"ImageObject","inLanguage":"pt-BR","@id":"https:\/\/www.comunidadeativa.jor.br\/index.php\/2021\/07\/23\/formacao-em-georreferenciamento-abre-caminhos-em-um-mercado-em-ascensao\/#primaryimage","url":"https:\/\/www.comunidadeativa.jor.br\/wp-content\/uploads\/2021\/07\/capa1-4.jpg","contentUrl":"https:\/\/www.comunidadeativa.jor.br\/wp-content\/uploads\/2021\/07\/capa1-4.jpg","width":640,"height":352},{"@type":"BreadcrumbList","@id":"https:\/\/www.comunidadeativa.jor.br\/index.php\/2021\/07\/23\/formacao-em-georreferenciamento-abre-caminhos-em-um-mercado-em-ascensao\/#breadcrumb","itemListElement":[{"@type":"ListItem","position":1,"name":"In\u00edcio","item":"https:\/\/www.comunidadeativa.jor.br\/"},{"@type":"ListItem","position":2,"name":"Forma\u00e7\u00e3o em georreferenciamento abre caminhos em um mercado em ascens\u00e3o"}]},{"@type":"WebSite","@id":"https:\/\/www.comunidadeativa.jor.br\/#website","url":"https:\/\/www.comunidadeativa.jor.br\/","name":"Comunidade Ativa","description":"","publisher":{"@id":"https:\/\/www.comunidadeativa.jor.br\/#organization"},"potentialAction":[{"@type":"SearchAction","target":{"@type":"EntryPoint","urlTemplate":"https:\/\/www.comunidadeativa.jor.br\/?s={search_term_string}"},"query-input":{"@type":"PropertyValueSpecification","valueRequired":true,"valueName":"search_term_string"}}],"inLanguage":"pt-BR"},{"@type":"Organization","@id":"https:\/\/www.comunidadeativa.jor.br\/#organization","name":"Comunidade Ativa","url":"https:\/\/www.comunidadeativa.jor.br\/","logo":{"@type":"ImageObject","inLanguage":"pt-BR","@id":"https:\/\/www.comunidadeativa.jor.br\/#\/schema\/logo\/image\/","url":"https:\/\/www.comunidadeativa.jor.br\/wp-content\/uploads\/2018\/03\/cropped-LOGOPNG-1.png","contentUrl":"https:\/\/www.comunidadeativa.jor.br\/wp-content\/uploads\/2018\/03\/cropped-LOGOPNG-1.png","width":318,"height":90,"caption":"Comunidade Ativa"},"image":{"@id":"https:\/\/www.comunidadeativa.jor.br\/#\/schema\/logo\/image\/"},"sameAs":["https:\/\/www.facebook.com\/comunidadeativa"]},{"@type":"Person","@id":"https:\/\/www.comunidadeativa.jor.br\/#\/schema\/person\/dcaa1f1c51c1f0c47a33b2b734cad6e1","name":"Comunidade Ativa","image":{"@type":"ImageObject","inLanguage":"pt-BR","@id":"https:\/\/www.comunidadeativa.jor.br\/#\/schema\/person\/image\/","url":"https:\/\/secure.gravatar.com\/avatar\/09a9a1f85fedf41e81b47f7c1d40084f?s=96&d=mm&r=g","contentUrl":"https:\/\/secure.gravatar.com\/avatar\/09a9a1f85fedf41e81b47f7c1d40084f?s=96&d=mm&r=g","caption":"Comunidade Ativa"},"url":"https:\/\/www.comunidadeativa.jor.br\/index.php\/author\/casalberto\/"}]}},"_links":{"self":[{"href":"https:\/\/www.comunidadeativa.jor.br\/index.php\/wp-json\/wp\/v2\/posts\/2325","targetHints":{"allow":["GET"]}}],"collection":[{"href":"https:\/\/www.comunidadeativa.jor.br\/index.php\/wp-json\/wp\/v2\/posts"}],"about":[{"href":"https:\/\/www.comunidadeativa.jor.br\/index.php\/wp-json\/wp\/v2\/types\/post"}],"author":[{"embeddable":true,"href":"https:\/\/www.comunidadeativa.jor.br\/index.php\/wp-json\/wp\/v2\/users\/1"}],"replies":[{"embeddable":true,"href":"https:\/\/www.comunidadeativa.jor.br\/index.php\/wp-json\/wp\/v2\/comments?post=2325"}],"version-history":[{"count":3,"href":"https:\/\/www.comunidadeativa.jor.br\/index.php\/wp-json\/wp\/v2\/posts\/2325\/revisions"}],"predecessor-version":[{"id":3887,"href":"https:\/\/www.comunidadeativa.jor.br\/index.php\/wp-json\/wp\/v2\/posts\/2325\/revisions\/3887"}],"wp:featuredmedia":[{"embeddable":true,"href":"https:\/\/www.comunidadeativa.jor.br\/index.php\/wp-json\/wp\/v2\/media\/2328"}],"wp:attachment":[{"href":"https:\/\/www.comunidadeativa.jor.br\/index.php\/wp-json\/wp\/v2\/media?parent=2325"}],"wp:term":[{"taxonomy":"category","embeddable":true,"href":"https:\/\/www.comunidadeativa.jor.br\/index.php\/wp-json\/wp\/v2\/categories?post=2325"},{"taxonomy":"post_tag","embeddable":true,"href":"https:\/\/www.comunidadeativa.jor.br\/index.php\/wp-json\/wp\/v2\/tags?post=2325"}],"curies":[{"name":"wp","href":"https:\/\/api.w.org\/{rel}","templated":true}]}}