{"id":2336,"date":"2021-07-28T12:52:07","date_gmt":"2021-07-28T15:52:07","guid":{"rendered":"https:\/\/www.comunidadeativa.jor.br\/?p=2336"},"modified":"2023-08-11T18:55:25","modified_gmt":"2023-08-11T21:55:25","slug":"a-bailarina-claudia-mota-sera-destaque-no-26o-festival-de-inverno-de-congonhas","status":"publish","type":"post","link":"https:\/\/www.comunidadeativa.jor.br\/index.php\/2021\/07\/28\/a-bailarina-claudia-mota-sera-destaque-no-26o-festival-de-inverno-de-congonhas\/","title":{"rendered":"A bailarina Cl\u00e1udia Mota ser\u00e1 destaque no 26\u00ba Festival de Inverno de Congonhas"},"content":{"rendered":"<p>Est\u00e3o abertas as inscri\u00e7\u00f5es para as oficinas do 26.\u00ba Festival de Inverno de Congonhas, que acontecer\u00e1 em formato virtual entre os dias 15 e 29 de agosto. De acordo com os organizadores, o evento contar\u00e1 com mais de 60 atra\u00e7\u00f5es art\u00edsticas e culturais, incluindo shows, espet\u00e1culos de teatro e dan\u00e7a, al\u00e9m das oficinas de forma\u00e7\u00e3o que ser\u00e3o ministradas por artistas locais e tamb\u00e9m com reconhecimento nacional.<\/p>\n<p>Um dos grandes destaques desta edi\u00e7\u00e3o fica por conta da primeira bailarina do Teatro Municipal do Rio de Janeiro e jurada fixa do Super Dan\u00e7a dos Famosos, Globo, que ministrar\u00e1 uma das oficinas. A core\u00f3grafa Arielle Macedo, que desenvolve as coreografias da cantora Anitta, tamb\u00e9m ser\u00e1 uma das atra\u00e7\u00f5es. No \u00e2mbito da\u00a0 m\u00fasica o cantor, multi-instrumentista e produtor musical C\u00e9sar Santos, al\u00e9m de outros artistas, tamb\u00e9m brindar\u00e1 o p\u00fablico com seus conhecimentos. Outros temas tamb\u00e9m ser\u00e3o trabalhados ao longo da programa\u00e7\u00e3o (confira a seguir).<\/p>\n<h5>Miss\u00e3o nobre<\/h5>\n<p>De acordo com o secret\u00e1rio de Cultura de Congonhas, Jean Angelo de Oliveira, a realiza\u00e7\u00e3o do 26\u00ba Festival mant\u00e9m vivo um evento que \u00e9 muito importante para o munic\u00edpio. \u201cOs festivais de inverno, que t\u00eam destaque em diversas cidades do interior de Minas Gerais, cumprem a nobre miss\u00e3o de trazer ao p\u00fablico os talentos regionais, as pratas da casa, al\u00e9m de artistas de destaque na cultura nacional. Em Congonhas, cidade que tem sua efervesc\u00eancia religiosa, cultural e tur\u00edstica, queremos manter ainda mais vivo neste momento de pandemia o nosso festival, buscando proporcionar momentos de alegria e de entretenimento a todos\u201d, diz o secret\u00e1rio.<\/p>\n<p>Esta edi\u00e7\u00e3o ter\u00e1 como homenageado o m\u00fasico congonhense Gustavo Proc\u00f3pio, que morreu em 2 de maio, v\u00edtima da Covid-19. Al\u00e9m de um document\u00e1rio sobrea vida do artista, mais de 35 shows, oito espet\u00e1culos teatrais, quatro de dan\u00e7a, tr\u00eas bate-papos com grandes artistas e 12 oficinas compor\u00e3o as atra\u00e7\u00f5es do evento.<\/p>\n<h5>Multiplicidade<\/h5>\n<p>De acordo com Jo\u00e3o Sabar\u00e1, curador do Festival de Inverno de Congonhas, a programa\u00e7\u00e3o foi pensada de forma a apresentar toda a multiplicidade art\u00edstica de Congonhas, que ser\u00e1 mesclada com o que \u00e9 produzido nacionalmente. \u201cNosso festival \u00e9 norteado pensando em agradar a adultos, jovens e crian\u00e7as. Queremos apresentar ao p\u00fablico o rico elenco de artistas e intelectuais da cidade de Congonhas e tamb\u00e9m grupos de reconhecimento nacional e mundial, que, em breve, ser\u00e3o divulgados em nossa programa\u00e7\u00e3o. No escopo de oficinas, oferecemos uma diversidade tem\u00e1tica. E, sendo toda online, damos a oportunidade de a popula\u00e7\u00e3o congonhense e de fora da cidade participar\u201d, destaca o curador.<\/p>\n<p>As atra\u00e7\u00f5es ser\u00e3o transmitidas pelos <a href=\"https:\/\/www.facebook.com\/PrefeituradeCongonhas\/\" target=\"_blank\" rel=\"noopener\">Facebook<\/a>\u00a0 e pelo <a href=\"https:\/\/www.youtube.com\/results?search_query=CanalCongonhas\" target=\"_blank\" rel=\"noopener\">Youtube<\/a> da Prefeitura de Congonhas . A programa\u00e7\u00e3o art\u00edstica completa ser\u00e1 disponibilizada no in\u00edcio do m\u00eas de agosto.<\/p>\n<h5>Inscri\u00e7\u00f5es<\/h5>\n<p>As inscri\u00e7\u00f5es para as 12 oficinas gratuitas do 26.\u00ba Festival de Inverno de Congonhas permanecer\u00e3o abertas at\u00e9\u00a0 o dia 10 de agosto. As aulas ser\u00e3o transmitidas pela plataforma digital Google Meet. os interessados podem se inscrever por meio de formul\u00e1rio dispon\u00edvel no site da Prefeitura de Congonhas.<\/p>\n<p><a href=\"https:\/\/bit.ly\/36WiKtm\">Clique aqui para se inscrever.<\/a><\/p>\n<h6>Programa\u00e7\u00e3o das Oficinas<\/h6>\n<ul>\n<li><strong>Ballet Cl\u00e1ssico<\/strong> &#8211; aula pr\u00e1tica com Cl\u00e1udia Mota (primeira bailarina do Teatro Municipal do Rio de Janeiro. Jurada fixa do Super Dan\u00e7a dos Famosos da Rede Globo). Dias: 16 e 17 de agosto, \u00e0s 17h.<\/li>\n<li><strong>Produ\u00e7\u00e3o cultural<\/strong> &#8211; com Bruno Regenthal e Joseane Nogueira. Dias: 16, 17 e 18 de agosto, \u00e0s 17h.<\/li>\n<li><strong>Customizar \u2013 Repensar as roupas \u00e9 necess\u00e1rio &#8211;<\/strong> com David Maia. Dias: 18 e 20 de agosto, \u00e0s 17h.<\/li>\n<li><strong>Lanches saud\u00e1veis<\/strong> &#8211; com Katia Zschaber. Dia: 19 de agosto, \u00e0s 17h.<\/li>\n<li><strong>Mitologia africana \u2013 Redescobrindo her\u00f3is &#8211; <\/strong>com Silnara Faustino e Zivanildo Lima. Dias: de dia 23 a 27 de agosto, \u00e0s 17h.<\/li>\n<li><strong>Pr\u00e1ticas de sucesso com recursos de incentivos fiscais em projetos culturais<\/strong> &#8211; com Quim Cordeiro. Dia: 23 de agosto, \u00e0s 17h.<\/li>\n<li><strong>Dance Clip com Arielle Macedo<\/strong> \u2013 core\u00f3grafa e bailarina da cantora Anitta. Dia: 24 de agosto, \u00e0s 17h.<\/li>\n<li><strong>Teatro Lambe Lambe \u2013 A lenda da noiva &#8211;<\/strong> com Nath\u00e1lia Rezende, com Janice Miranda e Jos\u00e9 Paulo Os\u00f3rio. Dia: 26 de agosto, \u00e0s 17h.<\/li>\n<li><strong>Oficina de M\u00fasica &#8211; O guitarrista completo &#8211;<\/strong> com C\u00e9sar Santos, cantor, multi-instrumentista e\u00a0 produtor musical. Dias: 24 e 26 de agosto, \u00e0s 17h.<\/li>\n<li><strong>Slime<\/strong> &#8211; com Tio Ramon. Dia: 27 de agosto, \u00e0s 17h.<\/li>\n<li><strong>Fotografia de moda<\/strong> &#8211; com Davidson Reis. Dia: 25 de agosto, \u00e0s 17h.<\/li>\n<li><strong>Pense verde &#8211; <\/strong>com Meyre Pinto. Dia: 26 de agosto, \u00e0s 17h.<\/li>\n<li><strong>Brincando com modelagem<\/strong> &#8211; , com Lilian Santos. Dia: 25 de agosto, \u00e0s 17h<\/li>\n<\/ul>\n<p>&nbsp;<\/p>\n","protected":false},"excerpt":{"rendered":"<p>Est\u00e3o abertas as inscri\u00e7\u00f5es para as oficinas do 26.\u00ba Festival de Inverno de Congonhas, que acontecer\u00e1 em formato virtual entre<\/p>\n","protected":false},"author":1,"featured_media":2337,"comment_status":"closed","ping_status":"open","sticky":false,"template":"","format":"standard","meta":{"footnotes":""},"categories":[15],"tags":[],"class_list":["post-2336","post","type-post","status-publish","format-standard","has-post-thumbnail","hentry","category-cultura"],"yoast_head":"<!-- This site is optimized with the Yoast SEO plugin v26.0 - https:\/\/yoast.com\/wordpress\/plugins\/seo\/ -->\n<title>A bailarina Cl\u00e1udia Mota ser\u00e1 destaque no 26\u00ba Festival de Inverno de Congonhas - Comunidade Ativa<\/title>\n<meta name=\"robots\" content=\"index, follow, max-snippet:-1, max-image-preview:large, max-video-preview:-1\" \/>\n<link rel=\"canonical\" href=\"https:\/\/www.comunidadeativa.jor.br\/index.php\/2021\/07\/28\/a-bailarina-claudia-mota-sera-destaque-no-26o-festival-de-inverno-de-congonhas\/\" \/>\n<meta property=\"og:locale\" content=\"pt_BR\" \/>\n<meta property=\"og:type\" content=\"article\" \/>\n<meta property=\"og:title\" content=\"A bailarina Cl\u00e1udia Mota ser\u00e1 destaque no 26\u00ba Festival de Inverno de Congonhas - Comunidade Ativa\" \/>\n<meta property=\"og:description\" content=\"Est\u00e3o abertas as inscri\u00e7\u00f5es para as oficinas do 26.\u00ba Festival de Inverno de Congonhas, que acontecer\u00e1 em formato virtual entre\" \/>\n<meta property=\"og:url\" content=\"https:\/\/www.comunidadeativa.jor.br\/index.php\/2021\/07\/28\/a-bailarina-claudia-mota-sera-destaque-no-26o-festival-de-inverno-de-congonhas\/\" \/>\n<meta property=\"og:site_name\" content=\"Comunidade Ativa\" \/>\n<meta property=\"article:publisher\" content=\"https:\/\/www.facebook.com\/comunidadeativa\" \/>\n<meta property=\"article:published_time\" content=\"2021-07-28T15:52:07+00:00\" \/>\n<meta property=\"article:modified_time\" content=\"2023-08-11T21:55:25+00:00\" \/>\n<meta property=\"og:image\" content=\"https:\/\/www.comunidadeativa.jor.br\/wp-content\/uploads\/2021\/07\/capa1-7.jpg\" \/>\n\t<meta property=\"og:image:width\" content=\"640\" \/>\n\t<meta property=\"og:image:height\" content=\"352\" \/>\n\t<meta property=\"og:image:type\" content=\"image\/jpeg\" \/>\n<meta name=\"author\" content=\"Comunidade Ativa\" \/>\n<meta name=\"twitter:card\" content=\"summary_large_image\" \/>\n<meta name=\"twitter:label1\" content=\"Escrito por\" \/>\n\t<meta name=\"twitter:data1\" content=\"Comunidade Ativa\" \/>\n\t<meta name=\"twitter:label2\" content=\"Est. tempo de leitura\" \/>\n\t<meta name=\"twitter:data2\" content=\"4 minutos\" \/>\n<script type=\"application\/ld+json\" class=\"yoast-schema-graph\">{\"@context\":\"https:\/\/schema.org\",\"@graph\":[{\"@type\":\"Article\",\"@id\":\"https:\/\/www.comunidadeativa.jor.br\/index.php\/2021\/07\/28\/a-bailarina-claudia-mota-sera-destaque-no-26o-festival-de-inverno-de-congonhas\/#article\",\"isPartOf\":{\"@id\":\"https:\/\/www.comunidadeativa.jor.br\/index.php\/2021\/07\/28\/a-bailarina-claudia-mota-sera-destaque-no-26o-festival-de-inverno-de-congonhas\/\"},\"author\":{\"name\":\"Comunidade Ativa\",\"@id\":\"https:\/\/www.comunidadeativa.jor.br\/#\/schema\/person\/dcaa1f1c51c1f0c47a33b2b734cad6e1\"},\"headline\":\"A bailarina Cl\u00e1udia Mota ser\u00e1 destaque no 26\u00ba Festival de Inverno de Congonhas\",\"datePublished\":\"2021-07-28T15:52:07+00:00\",\"dateModified\":\"2023-08-11T21:55:25+00:00\",\"mainEntityOfPage\":{\"@id\":\"https:\/\/www.comunidadeativa.jor.br\/index.php\/2021\/07\/28\/a-bailarina-claudia-mota-sera-destaque-no-26o-festival-de-inverno-de-congonhas\/\"},\"wordCount\":795,\"publisher\":{\"@id\":\"https:\/\/www.comunidadeativa.jor.br\/#organization\"},\"image\":{\"@id\":\"https:\/\/www.comunidadeativa.jor.br\/index.php\/2021\/07\/28\/a-bailarina-claudia-mota-sera-destaque-no-26o-festival-de-inverno-de-congonhas\/#primaryimage\"},\"thumbnailUrl\":\"https:\/\/www.comunidadeativa.jor.br\/wp-content\/uploads\/2021\/07\/capa1-7.jpg\",\"articleSection\":[\"Cultura\"],\"inLanguage\":\"pt-BR\"},{\"@type\":\"WebPage\",\"@id\":\"https:\/\/www.comunidadeativa.jor.br\/index.php\/2021\/07\/28\/a-bailarina-claudia-mota-sera-destaque-no-26o-festival-de-inverno-de-congonhas\/\",\"url\":\"https:\/\/www.comunidadeativa.jor.br\/index.php\/2021\/07\/28\/a-bailarina-claudia-mota-sera-destaque-no-26o-festival-de-inverno-de-congonhas\/\",\"name\":\"A bailarina Cl\u00e1udia Mota ser\u00e1 destaque no 26\u00ba Festival de Inverno de Congonhas - Comunidade Ativa\",\"isPartOf\":{\"@id\":\"https:\/\/www.comunidadeativa.jor.br\/#website\"},\"primaryImageOfPage\":{\"@id\":\"https:\/\/www.comunidadeativa.jor.br\/index.php\/2021\/07\/28\/a-bailarina-claudia-mota-sera-destaque-no-26o-festival-de-inverno-de-congonhas\/#primaryimage\"},\"image\":{\"@id\":\"https:\/\/www.comunidadeativa.jor.br\/index.php\/2021\/07\/28\/a-bailarina-claudia-mota-sera-destaque-no-26o-festival-de-inverno-de-congonhas\/#primaryimage\"},\"thumbnailUrl\":\"https:\/\/www.comunidadeativa.jor.br\/wp-content\/uploads\/2021\/07\/capa1-7.jpg\",\"datePublished\":\"2021-07-28T15:52:07+00:00\",\"dateModified\":\"2023-08-11T21:55:25+00:00\",\"breadcrumb\":{\"@id\":\"https:\/\/www.comunidadeativa.jor.br\/index.php\/2021\/07\/28\/a-bailarina-claudia-mota-sera-destaque-no-26o-festival-de-inverno-de-congonhas\/#breadcrumb\"},\"inLanguage\":\"pt-BR\",\"potentialAction\":[{\"@type\":\"ReadAction\",\"target\":[\"https:\/\/www.comunidadeativa.jor.br\/index.php\/2021\/07\/28\/a-bailarina-claudia-mota-sera-destaque-no-26o-festival-de-inverno-de-congonhas\/\"]}]},{\"@type\":\"ImageObject\",\"inLanguage\":\"pt-BR\",\"@id\":\"https:\/\/www.comunidadeativa.jor.br\/index.php\/2021\/07\/28\/a-bailarina-claudia-mota-sera-destaque-no-26o-festival-de-inverno-de-congonhas\/#primaryimage\",\"url\":\"https:\/\/www.comunidadeativa.jor.br\/wp-content\/uploads\/2021\/07\/capa1-7.jpg\",\"contentUrl\":\"https:\/\/www.comunidadeativa.jor.br\/wp-content\/uploads\/2021\/07\/capa1-7.jpg\",\"width\":640,\"height\":352},{\"@type\":\"BreadcrumbList\",\"@id\":\"https:\/\/www.comunidadeativa.jor.br\/index.php\/2021\/07\/28\/a-bailarina-claudia-mota-sera-destaque-no-26o-festival-de-inverno-de-congonhas\/#breadcrumb\",\"itemListElement\":[{\"@type\":\"ListItem\",\"position\":1,\"name\":\"In\u00edcio\",\"item\":\"https:\/\/www.comunidadeativa.jor.br\/\"},{\"@type\":\"ListItem\",\"position\":2,\"name\":\"A bailarina Cl\u00e1udia Mota ser\u00e1 destaque no 26\u00ba Festival de Inverno de Congonhas\"}]},{\"@type\":\"WebSite\",\"@id\":\"https:\/\/www.comunidadeativa.jor.br\/#website\",\"url\":\"https:\/\/www.comunidadeativa.jor.br\/\",\"name\":\"Comunidade Ativa\",\"description\":\"\",\"publisher\":{\"@id\":\"https:\/\/www.comunidadeativa.jor.br\/#organization\"},\"potentialAction\":[{\"@type\":\"SearchAction\",\"target\":{\"@type\":\"EntryPoint\",\"urlTemplate\":\"https:\/\/www.comunidadeativa.jor.br\/?s={search_term_string}\"},\"query-input\":{\"@type\":\"PropertyValueSpecification\",\"valueRequired\":true,\"valueName\":\"search_term_string\"}}],\"inLanguage\":\"pt-BR\"},{\"@type\":\"Organization\",\"@id\":\"https:\/\/www.comunidadeativa.jor.br\/#organization\",\"name\":\"Comunidade Ativa\",\"url\":\"https:\/\/www.comunidadeativa.jor.br\/\",\"logo\":{\"@type\":\"ImageObject\",\"inLanguage\":\"pt-BR\",\"@id\":\"https:\/\/www.comunidadeativa.jor.br\/#\/schema\/logo\/image\/\",\"url\":\"https:\/\/www.comunidadeativa.jor.br\/wp-content\/uploads\/2018\/03\/cropped-LOGOPNG-1.png\",\"contentUrl\":\"https:\/\/www.comunidadeativa.jor.br\/wp-content\/uploads\/2018\/03\/cropped-LOGOPNG-1.png\",\"width\":318,\"height\":90,\"caption\":\"Comunidade Ativa\"},\"image\":{\"@id\":\"https:\/\/www.comunidadeativa.jor.br\/#\/schema\/logo\/image\/\"},\"sameAs\":[\"https:\/\/www.facebook.com\/comunidadeativa\"]},{\"@type\":\"Person\",\"@id\":\"https:\/\/www.comunidadeativa.jor.br\/#\/schema\/person\/dcaa1f1c51c1f0c47a33b2b734cad6e1\",\"name\":\"Comunidade Ativa\",\"image\":{\"@type\":\"ImageObject\",\"inLanguage\":\"pt-BR\",\"@id\":\"https:\/\/www.comunidadeativa.jor.br\/#\/schema\/person\/image\/\",\"url\":\"https:\/\/secure.gravatar.com\/avatar\/09a9a1f85fedf41e81b47f7c1d40084f?s=96&d=mm&r=g\",\"contentUrl\":\"https:\/\/secure.gravatar.com\/avatar\/09a9a1f85fedf41e81b47f7c1d40084f?s=96&d=mm&r=g\",\"caption\":\"Comunidade Ativa\"},\"url\":\"https:\/\/www.comunidadeativa.jor.br\/index.php\/author\/casalberto\/\"}]}<\/script>\n<!-- \/ Yoast SEO plugin. -->","yoast_head_json":{"title":"A bailarina Cl\u00e1udia Mota ser\u00e1 destaque no 26\u00ba Festival de Inverno de Congonhas - Comunidade Ativa","robots":{"index":"index","follow":"follow","max-snippet":"max-snippet:-1","max-image-preview":"max-image-preview:large","max-video-preview":"max-video-preview:-1"},"canonical":"https:\/\/www.comunidadeativa.jor.br\/index.php\/2021\/07\/28\/a-bailarina-claudia-mota-sera-destaque-no-26o-festival-de-inverno-de-congonhas\/","og_locale":"pt_BR","og_type":"article","og_title":"A bailarina Cl\u00e1udia Mota ser\u00e1 destaque no 26\u00ba Festival de Inverno de Congonhas - Comunidade Ativa","og_description":"Est\u00e3o abertas as inscri\u00e7\u00f5es para as oficinas do 26.\u00ba Festival de Inverno de Congonhas, que acontecer\u00e1 em formato virtual entre","og_url":"https:\/\/www.comunidadeativa.jor.br\/index.php\/2021\/07\/28\/a-bailarina-claudia-mota-sera-destaque-no-26o-festival-de-inverno-de-congonhas\/","og_site_name":"Comunidade Ativa","article_publisher":"https:\/\/www.facebook.com\/comunidadeativa","article_published_time":"2021-07-28T15:52:07+00:00","article_modified_time":"2023-08-11T21:55:25+00:00","og_image":[{"width":640,"height":352,"url":"https:\/\/www.comunidadeativa.jor.br\/wp-content\/uploads\/2021\/07\/capa1-7.jpg","type":"image\/jpeg"}],"author":"Comunidade Ativa","twitter_card":"summary_large_image","twitter_misc":{"Escrito por":"Comunidade Ativa","Est. tempo de leitura":"4 minutos"},"schema":{"@context":"https:\/\/schema.org","@graph":[{"@type":"Article","@id":"https:\/\/www.comunidadeativa.jor.br\/index.php\/2021\/07\/28\/a-bailarina-claudia-mota-sera-destaque-no-26o-festival-de-inverno-de-congonhas\/#article","isPartOf":{"@id":"https:\/\/www.comunidadeativa.jor.br\/index.php\/2021\/07\/28\/a-bailarina-claudia-mota-sera-destaque-no-26o-festival-de-inverno-de-congonhas\/"},"author":{"name":"Comunidade Ativa","@id":"https:\/\/www.comunidadeativa.jor.br\/#\/schema\/person\/dcaa1f1c51c1f0c47a33b2b734cad6e1"},"headline":"A bailarina Cl\u00e1udia Mota ser\u00e1 destaque no 26\u00ba Festival de Inverno de Congonhas","datePublished":"2021-07-28T15:52:07+00:00","dateModified":"2023-08-11T21:55:25+00:00","mainEntityOfPage":{"@id":"https:\/\/www.comunidadeativa.jor.br\/index.php\/2021\/07\/28\/a-bailarina-claudia-mota-sera-destaque-no-26o-festival-de-inverno-de-congonhas\/"},"wordCount":795,"publisher":{"@id":"https:\/\/www.comunidadeativa.jor.br\/#organization"},"image":{"@id":"https:\/\/www.comunidadeativa.jor.br\/index.php\/2021\/07\/28\/a-bailarina-claudia-mota-sera-destaque-no-26o-festival-de-inverno-de-congonhas\/#primaryimage"},"thumbnailUrl":"https:\/\/www.comunidadeativa.jor.br\/wp-content\/uploads\/2021\/07\/capa1-7.jpg","articleSection":["Cultura"],"inLanguage":"pt-BR"},{"@type":"WebPage","@id":"https:\/\/www.comunidadeativa.jor.br\/index.php\/2021\/07\/28\/a-bailarina-claudia-mota-sera-destaque-no-26o-festival-de-inverno-de-congonhas\/","url":"https:\/\/www.comunidadeativa.jor.br\/index.php\/2021\/07\/28\/a-bailarina-claudia-mota-sera-destaque-no-26o-festival-de-inverno-de-congonhas\/","name":"A bailarina Cl\u00e1udia Mota ser\u00e1 destaque no 26\u00ba Festival de Inverno de Congonhas - Comunidade Ativa","isPartOf":{"@id":"https:\/\/www.comunidadeativa.jor.br\/#website"},"primaryImageOfPage":{"@id":"https:\/\/www.comunidadeativa.jor.br\/index.php\/2021\/07\/28\/a-bailarina-claudia-mota-sera-destaque-no-26o-festival-de-inverno-de-congonhas\/#primaryimage"},"image":{"@id":"https:\/\/www.comunidadeativa.jor.br\/index.php\/2021\/07\/28\/a-bailarina-claudia-mota-sera-destaque-no-26o-festival-de-inverno-de-congonhas\/#primaryimage"},"thumbnailUrl":"https:\/\/www.comunidadeativa.jor.br\/wp-content\/uploads\/2021\/07\/capa1-7.jpg","datePublished":"2021-07-28T15:52:07+00:00","dateModified":"2023-08-11T21:55:25+00:00","breadcrumb":{"@id":"https:\/\/www.comunidadeativa.jor.br\/index.php\/2021\/07\/28\/a-bailarina-claudia-mota-sera-destaque-no-26o-festival-de-inverno-de-congonhas\/#breadcrumb"},"inLanguage":"pt-BR","potentialAction":[{"@type":"ReadAction","target":["https:\/\/www.comunidadeativa.jor.br\/index.php\/2021\/07\/28\/a-bailarina-claudia-mota-sera-destaque-no-26o-festival-de-inverno-de-congonhas\/"]}]},{"@type":"ImageObject","inLanguage":"pt-BR","@id":"https:\/\/www.comunidadeativa.jor.br\/index.php\/2021\/07\/28\/a-bailarina-claudia-mota-sera-destaque-no-26o-festival-de-inverno-de-congonhas\/#primaryimage","url":"https:\/\/www.comunidadeativa.jor.br\/wp-content\/uploads\/2021\/07\/capa1-7.jpg","contentUrl":"https:\/\/www.comunidadeativa.jor.br\/wp-content\/uploads\/2021\/07\/capa1-7.jpg","width":640,"height":352},{"@type":"BreadcrumbList","@id":"https:\/\/www.comunidadeativa.jor.br\/index.php\/2021\/07\/28\/a-bailarina-claudia-mota-sera-destaque-no-26o-festival-de-inverno-de-congonhas\/#breadcrumb","itemListElement":[{"@type":"ListItem","position":1,"name":"In\u00edcio","item":"https:\/\/www.comunidadeativa.jor.br\/"},{"@type":"ListItem","position":2,"name":"A bailarina Cl\u00e1udia Mota ser\u00e1 destaque no 26\u00ba Festival de Inverno de Congonhas"}]},{"@type":"WebSite","@id":"https:\/\/www.comunidadeativa.jor.br\/#website","url":"https:\/\/www.comunidadeativa.jor.br\/","name":"Comunidade Ativa","description":"","publisher":{"@id":"https:\/\/www.comunidadeativa.jor.br\/#organization"},"potentialAction":[{"@type":"SearchAction","target":{"@type":"EntryPoint","urlTemplate":"https:\/\/www.comunidadeativa.jor.br\/?s={search_term_string}"},"query-input":{"@type":"PropertyValueSpecification","valueRequired":true,"valueName":"search_term_string"}}],"inLanguage":"pt-BR"},{"@type":"Organization","@id":"https:\/\/www.comunidadeativa.jor.br\/#organization","name":"Comunidade Ativa","url":"https:\/\/www.comunidadeativa.jor.br\/","logo":{"@type":"ImageObject","inLanguage":"pt-BR","@id":"https:\/\/www.comunidadeativa.jor.br\/#\/schema\/logo\/image\/","url":"https:\/\/www.comunidadeativa.jor.br\/wp-content\/uploads\/2018\/03\/cropped-LOGOPNG-1.png","contentUrl":"https:\/\/www.comunidadeativa.jor.br\/wp-content\/uploads\/2018\/03\/cropped-LOGOPNG-1.png","width":318,"height":90,"caption":"Comunidade Ativa"},"image":{"@id":"https:\/\/www.comunidadeativa.jor.br\/#\/schema\/logo\/image\/"},"sameAs":["https:\/\/www.facebook.com\/comunidadeativa"]},{"@type":"Person","@id":"https:\/\/www.comunidadeativa.jor.br\/#\/schema\/person\/dcaa1f1c51c1f0c47a33b2b734cad6e1","name":"Comunidade Ativa","image":{"@type":"ImageObject","inLanguage":"pt-BR","@id":"https:\/\/www.comunidadeativa.jor.br\/#\/schema\/person\/image\/","url":"https:\/\/secure.gravatar.com\/avatar\/09a9a1f85fedf41e81b47f7c1d40084f?s=96&d=mm&r=g","contentUrl":"https:\/\/secure.gravatar.com\/avatar\/09a9a1f85fedf41e81b47f7c1d40084f?s=96&d=mm&r=g","caption":"Comunidade Ativa"},"url":"https:\/\/www.comunidadeativa.jor.br\/index.php\/author\/casalberto\/"}]}},"_links":{"self":[{"href":"https:\/\/www.comunidadeativa.jor.br\/index.php\/wp-json\/wp\/v2\/posts\/2336","targetHints":{"allow":["GET"]}}],"collection":[{"href":"https:\/\/www.comunidadeativa.jor.br\/index.php\/wp-json\/wp\/v2\/posts"}],"about":[{"href":"https:\/\/www.comunidadeativa.jor.br\/index.php\/wp-json\/wp\/v2\/types\/post"}],"author":[{"embeddable":true,"href":"https:\/\/www.comunidadeativa.jor.br\/index.php\/wp-json\/wp\/v2\/users\/1"}],"replies":[{"embeddable":true,"href":"https:\/\/www.comunidadeativa.jor.br\/index.php\/wp-json\/wp\/v2\/comments?post=2336"}],"version-history":[{"count":4,"href":"https:\/\/www.comunidadeativa.jor.br\/index.php\/wp-json\/wp\/v2\/posts\/2336\/revisions"}],"predecessor-version":[{"id":3889,"href":"https:\/\/www.comunidadeativa.jor.br\/index.php\/wp-json\/wp\/v2\/posts\/2336\/revisions\/3889"}],"wp:featuredmedia":[{"embeddable":true,"href":"https:\/\/www.comunidadeativa.jor.br\/index.php\/wp-json\/wp\/v2\/media\/2337"}],"wp:attachment":[{"href":"https:\/\/www.comunidadeativa.jor.br\/index.php\/wp-json\/wp\/v2\/media?parent=2336"}],"wp:term":[{"taxonomy":"category","embeddable":true,"href":"https:\/\/www.comunidadeativa.jor.br\/index.php\/wp-json\/wp\/v2\/categories?post=2336"},{"taxonomy":"post_tag","embeddable":true,"href":"https:\/\/www.comunidadeativa.jor.br\/index.php\/wp-json\/wp\/v2\/tags?post=2336"}],"curies":[{"name":"wp","href":"https:\/\/api.w.org\/{rel}","templated":true}]}}