{"id":2342,"date":"2021-07-30T15:54:44","date_gmt":"2021-07-30T18:54:44","guid":{"rendered":"https:\/\/www.comunidadeativa.jor.br\/?p=2342"},"modified":"2023-08-11T18:55:40","modified_gmt":"2023-08-11T21:55:40","slug":"mapa-de-declividade-indica-que-ciclovias-sao-viaveis-em-varias-regioes-de-bh","status":"publish","type":"post","link":"https:\/\/www.comunidadeativa.jor.br\/index.php\/2021\/07\/30\/mapa-de-declividade-indica-que-ciclovias-sao-viaveis-em-varias-regioes-de-bh\/","title":{"rendered":"Mapa de Declividade indica que ciclovias s\u00e3o vi\u00e1veis em v\u00e1rias regi\u00f5es de BH"},"content":{"rendered":"<p>Enquanto em todo o mundo as cidades que procuram se modernizar enxergam na mobilidade urbana um dos fatores fundamentais de desenvolvimento sustent\u00e1vel, em Belo Horizonte continuamos apegados a velhos conceitos que agravam os nossos problemas de tr\u00e2nsito. Com isso, a bicicleta, como uma solu\u00e7\u00e3o de transporte para o cotidiano das pessoas, permanece sob a sombra do preconceito e vista como uma alternativa invi\u00e1vel para a capital.<\/p>\n<p>A principal justificativa para tanta resist\u00eancia se apoia em um senso comum, que acredita que a topografia da cidade n\u00e3o permite adotar esse modal de transporte. Por\u00e9m, um levantamento detalhado da situa\u00e7\u00e3o vi\u00e1ria da capital indica que a realidade \u00e9 muito diferente.<\/p>\n<h5>Mapa da Declividade<\/h5>\n<p>Buscando uma resposta t\u00e9cnica sobre a real situa\u00e7\u00e3o da topografia de BH, o Instituto de Geoci\u00eancias da UFMG (ICG\/ UFMG), em parceria com o Instituto de Pol\u00edticas de Transporte e Desenvolvimento (ITDP Brasil) e com a BHTrans, elaborou o Mapa de Declividades de Belo Horizonte. O levantamento criou um banco de dados que aponta in\u00fameras informa\u00e7\u00f5es sobre a situa\u00e7\u00e3o topogr\u00e1fica da cidade, incluindo as declividades m\u00ednima, m\u00e1xima e m\u00e9dia de 53.505 trechos vi\u00e1rios de BH.<\/p>\n<p>&#8220;Ficamos muito felizes em colaborar com a produ\u00e7\u00e3o de dados capazes de ajudar a mobilidade urbana em Belo Horizonte. O trabalho tem um grande potencial de auxiliar o planejamento da circula\u00e7\u00e3o por bicicleta e a p\u00e9 ao permitir identificar os caminhos mais planos para a implanta\u00e7\u00e3o de ciclovias, redes de circula\u00e7\u00e3o a p\u00e9 ou melhoria da infraestrutura existente, especialmente para o atendimento da popula\u00e7\u00e3o com mobilidade reduzida. A base de dados tamb\u00e9m poder\u00e1 auxiliar a gest\u00e3o do transporte carga e a circula\u00e7\u00e3o de ve\u00edculos pesados na cidade.&#8221;, afirma Thiago Benicchio, Gerente de Transportes Ativos do ITDP Brasil.<\/p>\n<p>De acordo com os pesquisadores, o Mapa de Declividade de Belo Horizonte re\u00fane um conjunto de informa\u00e7\u00f5es que permite o aperfei\u00e7oamento do planejamento da mobilidade urbana na capital. Em especial, oferece uma grande contribui\u00e7\u00e3o para o desenvolvimento da rede ciclovi\u00e1ria e tamb\u00e9m para o deslocamento de pessoas com defici\u00eancia.<\/p>\n<h5>Aplicativos<\/h5>\n<p>Segundo o grupo que desenvolveu os trabalhos, o banco de dados tamb\u00e9m viabiliza a cria\u00e7\u00e3o de aplicativos que permitam selecionar percursos mais apropriados para serem enfrentados a p\u00e9, a pedal ou para deslocamentos de quem tem mobilidade comprometida. Ao mesmo tempo, para o transporte motorizados, os aplicativos poder\u00e3o indicar os melhores caminhos tendo em vista o ve\u00edculo utilizado.<\/p>\n<p>A elabora\u00e7\u00e3o do Mapa de Declividades teve como fontes o mapa de altimetria \u2014 que indica as curvas de n\u00edvel da cidade \u2014 e o mapa do sistema vi\u00e1rio \u2014 que registra as vias. Como resultado, foram fornecidos tr\u00eas valores de declividade \u2014 m\u00ednima, m\u00e9dia e m\u00e1xima \u2014 para cada via da capital.<\/p>\n<p>Boas surpresas<\/p>\n<p>Os resultados do levantamento s\u00e3o animadores. Afinal, de acordo com o Mapa, a declividade m\u00e9dia das vias de Belo Horizonte de \u00e9 8,28%, que est\u00e1 em n\u00edveis considerados aceit\u00e1veis pelo ponto de vista de\u00a0 considera\u00e7\u00f5es t\u00e9cnicas. A \u00c1rea Central e a Pampulha apresentam os trechos mais suaves. O Aglomerado da Serra, o Taquaril, Morro das Pedras e o Aglomerado Santa L\u00facia apresentam as maiores declividades.<\/p>\n<figure id=\"attachment_2343\" aria-describedby=\"caption-attachment-2343\" style=\"width: 644px\" class=\"wp-caption aligncenter\"><img loading=\"lazy\" decoding=\"async\" class=\"size-full wp-image-2343\" src=\"https:\/\/www.comunidadeativa.jor.br\/wp-content\/uploads\/2021\/07\/declive.jpg\" alt=\"\" width=\"644\" height=\"192\" srcset=\"https:\/\/www.comunidadeativa.jor.br\/wp-content\/uploads\/2021\/07\/declive.jpg 644w, https:\/\/www.comunidadeativa.jor.br\/wp-content\/uploads\/2021\/07\/declive-300x89.jpg 300w\" sizes=\"auto, (max-width: 644px) 100vw, 644px\" \/><figcaption id=\"caption-attachment-2343\" class=\"wp-caption-text\">Fonte: <a href=\"https:\/\/www.dec.uc.pt\/pluris2018\/Paper1166.pdf\" target=\"_blank\" rel=\"noopener\">Diretrizes para defini\u00e7\u00e3o de rotas cicl\u00e1veis utilizando geotecnologias. Por Di\u00f3genes Costa, Unicamp<\/a>.<\/figcaption><\/figure>\n<p><strong>Declividade m\u00e9dia em cada regional (%)<\/strong><\/p>\n<ul>\n<li>Pampulha: 5,65<\/li>\n<li>Venda Nova: 7,23<\/li>\n<li>Noroeste: 7,94<\/li>\n<li>Barreiro: 8,09<\/li>\n<li>Norte: 8,21<\/li>\n<li>Oeste: 8,93<\/li>\n<li>Nordeste: 9,00<\/li>\n<li>Centro Sul: 9,6<\/li>\n<li>Leste: 9,76<\/li>\n<\/ul>\n<form style=\"padding-left: 80px;\" action=\"https:\/\/pagseguro.uol.com.br\/checkout\/v2\/donation.html\" method=\"post\">&nbsp;<\/p>\n<hr \/>\n<\/form>\n<p>&nbsp;<\/p>\n<p>&nbsp;<\/p>\n","protected":false},"excerpt":{"rendered":"<p>Enquanto em todo o mundo as cidades que procuram se modernizar enxergam na mobilidade urbana um dos fatores fundamentais de<\/p>\n","protected":false},"author":1,"featured_media":2344,"comment_status":"closed","ping_status":"open","sticky":false,"template":"","format":"standard","meta":{"footnotes":""},"categories":[3],"tags":[],"class_list":["post-2342","post","type-post","status-publish","format-standard","has-post-thumbnail","hentry","category-meio-ambiente"],"yoast_head":"<!-- This site is optimized with the Yoast SEO plugin v26.0 - https:\/\/yoast.com\/wordpress\/plugins\/seo\/ -->\n<title>Mapa de Declividade indica que ciclovias s\u00e3o vi\u00e1veis em v\u00e1rias regi\u00f5es de BH - Comunidade Ativa<\/title>\n<meta name=\"robots\" content=\"index, follow, max-snippet:-1, max-image-preview:large, max-video-preview:-1\" \/>\n<link rel=\"canonical\" href=\"https:\/\/www.comunidadeativa.jor.br\/index.php\/2021\/07\/30\/mapa-de-declividade-indica-que-ciclovias-sao-viaveis-em-varias-regioes-de-bh\/\" \/>\n<meta property=\"og:locale\" content=\"pt_BR\" \/>\n<meta property=\"og:type\" content=\"article\" \/>\n<meta property=\"og:title\" content=\"Mapa de Declividade indica que ciclovias s\u00e3o vi\u00e1veis em v\u00e1rias regi\u00f5es de BH - Comunidade Ativa\" \/>\n<meta property=\"og:description\" content=\"Enquanto em todo o mundo as cidades que procuram se modernizar enxergam na mobilidade urbana um dos fatores fundamentais de\" \/>\n<meta property=\"og:url\" content=\"https:\/\/www.comunidadeativa.jor.br\/index.php\/2021\/07\/30\/mapa-de-declividade-indica-que-ciclovias-sao-viaveis-em-varias-regioes-de-bh\/\" \/>\n<meta property=\"og:site_name\" content=\"Comunidade Ativa\" \/>\n<meta property=\"article:publisher\" content=\"https:\/\/www.facebook.com\/comunidadeativa\" \/>\n<meta property=\"article:published_time\" content=\"2021-07-30T18:54:44+00:00\" \/>\n<meta property=\"article:modified_time\" content=\"2023-08-11T21:55:40+00:00\" \/>\n<meta property=\"og:image\" content=\"https:\/\/www.comunidadeativa.jor.br\/wp-content\/uploads\/2021\/07\/capa-8.jpg\" \/>\n\t<meta property=\"og:image:width\" content=\"640\" \/>\n\t<meta property=\"og:image:height\" content=\"352\" \/>\n\t<meta property=\"og:image:type\" content=\"image\/jpeg\" \/>\n<meta name=\"author\" content=\"Comunidade Ativa\" \/>\n<meta name=\"twitter:card\" content=\"summary_large_image\" \/>\n<meta name=\"twitter:label1\" content=\"Escrito por\" \/>\n\t<meta name=\"twitter:data1\" content=\"Comunidade Ativa\" \/>\n\t<meta name=\"twitter:label2\" content=\"Est. tempo de leitura\" \/>\n\t<meta name=\"twitter:data2\" content=\"3 minutos\" \/>\n<script type=\"application\/ld+json\" class=\"yoast-schema-graph\">{\"@context\":\"https:\/\/schema.org\",\"@graph\":[{\"@type\":\"Article\",\"@id\":\"https:\/\/www.comunidadeativa.jor.br\/index.php\/2021\/07\/30\/mapa-de-declividade-indica-que-ciclovias-sao-viaveis-em-varias-regioes-de-bh\/#article\",\"isPartOf\":{\"@id\":\"https:\/\/www.comunidadeativa.jor.br\/index.php\/2021\/07\/30\/mapa-de-declividade-indica-que-ciclovias-sao-viaveis-em-varias-regioes-de-bh\/\"},\"author\":{\"name\":\"Comunidade Ativa\",\"@id\":\"https:\/\/www.comunidadeativa.jor.br\/#\/schema\/person\/dcaa1f1c51c1f0c47a33b2b734cad6e1\"},\"headline\":\"Mapa de Declividade indica que ciclovias s\u00e3o vi\u00e1veis em v\u00e1rias regi\u00f5es de BH\",\"datePublished\":\"2021-07-30T18:54:44+00:00\",\"dateModified\":\"2023-08-11T21:55:40+00:00\",\"mainEntityOfPage\":{\"@id\":\"https:\/\/www.comunidadeativa.jor.br\/index.php\/2021\/07\/30\/mapa-de-declividade-indica-que-ciclovias-sao-viaveis-em-varias-regioes-de-bh\/\"},\"wordCount\":617,\"publisher\":{\"@id\":\"https:\/\/www.comunidadeativa.jor.br\/#organization\"},\"image\":{\"@id\":\"https:\/\/www.comunidadeativa.jor.br\/index.php\/2021\/07\/30\/mapa-de-declividade-indica-que-ciclovias-sao-viaveis-em-varias-regioes-de-bh\/#primaryimage\"},\"thumbnailUrl\":\"https:\/\/www.comunidadeativa.jor.br\/wp-content\/uploads\/2021\/07\/capa-8.jpg\",\"articleSection\":[\"Meio Ambiente\"],\"inLanguage\":\"pt-BR\"},{\"@type\":\"WebPage\",\"@id\":\"https:\/\/www.comunidadeativa.jor.br\/index.php\/2021\/07\/30\/mapa-de-declividade-indica-que-ciclovias-sao-viaveis-em-varias-regioes-de-bh\/\",\"url\":\"https:\/\/www.comunidadeativa.jor.br\/index.php\/2021\/07\/30\/mapa-de-declividade-indica-que-ciclovias-sao-viaveis-em-varias-regioes-de-bh\/\",\"name\":\"Mapa de Declividade indica que ciclovias s\u00e3o vi\u00e1veis em v\u00e1rias regi\u00f5es de BH - Comunidade Ativa\",\"isPartOf\":{\"@id\":\"https:\/\/www.comunidadeativa.jor.br\/#website\"},\"primaryImageOfPage\":{\"@id\":\"https:\/\/www.comunidadeativa.jor.br\/index.php\/2021\/07\/30\/mapa-de-declividade-indica-que-ciclovias-sao-viaveis-em-varias-regioes-de-bh\/#primaryimage\"},\"image\":{\"@id\":\"https:\/\/www.comunidadeativa.jor.br\/index.php\/2021\/07\/30\/mapa-de-declividade-indica-que-ciclovias-sao-viaveis-em-varias-regioes-de-bh\/#primaryimage\"},\"thumbnailUrl\":\"https:\/\/www.comunidadeativa.jor.br\/wp-content\/uploads\/2021\/07\/capa-8.jpg\",\"datePublished\":\"2021-07-30T18:54:44+00:00\",\"dateModified\":\"2023-08-11T21:55:40+00:00\",\"breadcrumb\":{\"@id\":\"https:\/\/www.comunidadeativa.jor.br\/index.php\/2021\/07\/30\/mapa-de-declividade-indica-que-ciclovias-sao-viaveis-em-varias-regioes-de-bh\/#breadcrumb\"},\"inLanguage\":\"pt-BR\",\"potentialAction\":[{\"@type\":\"ReadAction\",\"target\":[\"https:\/\/www.comunidadeativa.jor.br\/index.php\/2021\/07\/30\/mapa-de-declividade-indica-que-ciclovias-sao-viaveis-em-varias-regioes-de-bh\/\"]}]},{\"@type\":\"ImageObject\",\"inLanguage\":\"pt-BR\",\"@id\":\"https:\/\/www.comunidadeativa.jor.br\/index.php\/2021\/07\/30\/mapa-de-declividade-indica-que-ciclovias-sao-viaveis-em-varias-regioes-de-bh\/#primaryimage\",\"url\":\"https:\/\/www.comunidadeativa.jor.br\/wp-content\/uploads\/2021\/07\/capa-8.jpg\",\"contentUrl\":\"https:\/\/www.comunidadeativa.jor.br\/wp-content\/uploads\/2021\/07\/capa-8.jpg\",\"width\":640,\"height\":352},{\"@type\":\"BreadcrumbList\",\"@id\":\"https:\/\/www.comunidadeativa.jor.br\/index.php\/2021\/07\/30\/mapa-de-declividade-indica-que-ciclovias-sao-viaveis-em-varias-regioes-de-bh\/#breadcrumb\",\"itemListElement\":[{\"@type\":\"ListItem\",\"position\":1,\"name\":\"In\u00edcio\",\"item\":\"https:\/\/www.comunidadeativa.jor.br\/\"},{\"@type\":\"ListItem\",\"position\":2,\"name\":\"Mapa de Declividade indica que ciclovias s\u00e3o vi\u00e1veis em v\u00e1rias regi\u00f5es de BH\"}]},{\"@type\":\"WebSite\",\"@id\":\"https:\/\/www.comunidadeativa.jor.br\/#website\",\"url\":\"https:\/\/www.comunidadeativa.jor.br\/\",\"name\":\"Comunidade Ativa\",\"description\":\"\",\"publisher\":{\"@id\":\"https:\/\/www.comunidadeativa.jor.br\/#organization\"},\"potentialAction\":[{\"@type\":\"SearchAction\",\"target\":{\"@type\":\"EntryPoint\",\"urlTemplate\":\"https:\/\/www.comunidadeativa.jor.br\/?s={search_term_string}\"},\"query-input\":{\"@type\":\"PropertyValueSpecification\",\"valueRequired\":true,\"valueName\":\"search_term_string\"}}],\"inLanguage\":\"pt-BR\"},{\"@type\":\"Organization\",\"@id\":\"https:\/\/www.comunidadeativa.jor.br\/#organization\",\"name\":\"Comunidade Ativa\",\"url\":\"https:\/\/www.comunidadeativa.jor.br\/\",\"logo\":{\"@type\":\"ImageObject\",\"inLanguage\":\"pt-BR\",\"@id\":\"https:\/\/www.comunidadeativa.jor.br\/#\/schema\/logo\/image\/\",\"url\":\"https:\/\/www.comunidadeativa.jor.br\/wp-content\/uploads\/2018\/03\/cropped-LOGOPNG-1.png\",\"contentUrl\":\"https:\/\/www.comunidadeativa.jor.br\/wp-content\/uploads\/2018\/03\/cropped-LOGOPNG-1.png\",\"width\":318,\"height\":90,\"caption\":\"Comunidade Ativa\"},\"image\":{\"@id\":\"https:\/\/www.comunidadeativa.jor.br\/#\/schema\/logo\/image\/\"},\"sameAs\":[\"https:\/\/www.facebook.com\/comunidadeativa\"]},{\"@type\":\"Person\",\"@id\":\"https:\/\/www.comunidadeativa.jor.br\/#\/schema\/person\/dcaa1f1c51c1f0c47a33b2b734cad6e1\",\"name\":\"Comunidade Ativa\",\"image\":{\"@type\":\"ImageObject\",\"inLanguage\":\"pt-BR\",\"@id\":\"https:\/\/www.comunidadeativa.jor.br\/#\/schema\/person\/image\/\",\"url\":\"https:\/\/secure.gravatar.com\/avatar\/09a9a1f85fedf41e81b47f7c1d40084f?s=96&d=mm&r=g\",\"contentUrl\":\"https:\/\/secure.gravatar.com\/avatar\/09a9a1f85fedf41e81b47f7c1d40084f?s=96&d=mm&r=g\",\"caption\":\"Comunidade Ativa\"},\"url\":\"https:\/\/www.comunidadeativa.jor.br\/index.php\/author\/casalberto\/\"}]}<\/script>\n<!-- \/ Yoast SEO plugin. -->","yoast_head_json":{"title":"Mapa de Declividade indica que ciclovias s\u00e3o vi\u00e1veis em v\u00e1rias regi\u00f5es de BH - Comunidade Ativa","robots":{"index":"index","follow":"follow","max-snippet":"max-snippet:-1","max-image-preview":"max-image-preview:large","max-video-preview":"max-video-preview:-1"},"canonical":"https:\/\/www.comunidadeativa.jor.br\/index.php\/2021\/07\/30\/mapa-de-declividade-indica-que-ciclovias-sao-viaveis-em-varias-regioes-de-bh\/","og_locale":"pt_BR","og_type":"article","og_title":"Mapa de Declividade indica que ciclovias s\u00e3o vi\u00e1veis em v\u00e1rias regi\u00f5es de BH - Comunidade Ativa","og_description":"Enquanto em todo o mundo as cidades que procuram se modernizar enxergam na mobilidade urbana um dos fatores fundamentais de","og_url":"https:\/\/www.comunidadeativa.jor.br\/index.php\/2021\/07\/30\/mapa-de-declividade-indica-que-ciclovias-sao-viaveis-em-varias-regioes-de-bh\/","og_site_name":"Comunidade Ativa","article_publisher":"https:\/\/www.facebook.com\/comunidadeativa","article_published_time":"2021-07-30T18:54:44+00:00","article_modified_time":"2023-08-11T21:55:40+00:00","og_image":[{"width":640,"height":352,"url":"https:\/\/www.comunidadeativa.jor.br\/wp-content\/uploads\/2021\/07\/capa-8.jpg","type":"image\/jpeg"}],"author":"Comunidade Ativa","twitter_card":"summary_large_image","twitter_misc":{"Escrito por":"Comunidade Ativa","Est. tempo de leitura":"3 minutos"},"schema":{"@context":"https:\/\/schema.org","@graph":[{"@type":"Article","@id":"https:\/\/www.comunidadeativa.jor.br\/index.php\/2021\/07\/30\/mapa-de-declividade-indica-que-ciclovias-sao-viaveis-em-varias-regioes-de-bh\/#article","isPartOf":{"@id":"https:\/\/www.comunidadeativa.jor.br\/index.php\/2021\/07\/30\/mapa-de-declividade-indica-que-ciclovias-sao-viaveis-em-varias-regioes-de-bh\/"},"author":{"name":"Comunidade Ativa","@id":"https:\/\/www.comunidadeativa.jor.br\/#\/schema\/person\/dcaa1f1c51c1f0c47a33b2b734cad6e1"},"headline":"Mapa de Declividade indica que ciclovias s\u00e3o vi\u00e1veis em v\u00e1rias regi\u00f5es de BH","datePublished":"2021-07-30T18:54:44+00:00","dateModified":"2023-08-11T21:55:40+00:00","mainEntityOfPage":{"@id":"https:\/\/www.comunidadeativa.jor.br\/index.php\/2021\/07\/30\/mapa-de-declividade-indica-que-ciclovias-sao-viaveis-em-varias-regioes-de-bh\/"},"wordCount":617,"publisher":{"@id":"https:\/\/www.comunidadeativa.jor.br\/#organization"},"image":{"@id":"https:\/\/www.comunidadeativa.jor.br\/index.php\/2021\/07\/30\/mapa-de-declividade-indica-que-ciclovias-sao-viaveis-em-varias-regioes-de-bh\/#primaryimage"},"thumbnailUrl":"https:\/\/www.comunidadeativa.jor.br\/wp-content\/uploads\/2021\/07\/capa-8.jpg","articleSection":["Meio Ambiente"],"inLanguage":"pt-BR"},{"@type":"WebPage","@id":"https:\/\/www.comunidadeativa.jor.br\/index.php\/2021\/07\/30\/mapa-de-declividade-indica-que-ciclovias-sao-viaveis-em-varias-regioes-de-bh\/","url":"https:\/\/www.comunidadeativa.jor.br\/index.php\/2021\/07\/30\/mapa-de-declividade-indica-que-ciclovias-sao-viaveis-em-varias-regioes-de-bh\/","name":"Mapa de Declividade indica que ciclovias s\u00e3o vi\u00e1veis em v\u00e1rias regi\u00f5es de BH - Comunidade Ativa","isPartOf":{"@id":"https:\/\/www.comunidadeativa.jor.br\/#website"},"primaryImageOfPage":{"@id":"https:\/\/www.comunidadeativa.jor.br\/index.php\/2021\/07\/30\/mapa-de-declividade-indica-que-ciclovias-sao-viaveis-em-varias-regioes-de-bh\/#primaryimage"},"image":{"@id":"https:\/\/www.comunidadeativa.jor.br\/index.php\/2021\/07\/30\/mapa-de-declividade-indica-que-ciclovias-sao-viaveis-em-varias-regioes-de-bh\/#primaryimage"},"thumbnailUrl":"https:\/\/www.comunidadeativa.jor.br\/wp-content\/uploads\/2021\/07\/capa-8.jpg","datePublished":"2021-07-30T18:54:44+00:00","dateModified":"2023-08-11T21:55:40+00:00","breadcrumb":{"@id":"https:\/\/www.comunidadeativa.jor.br\/index.php\/2021\/07\/30\/mapa-de-declividade-indica-que-ciclovias-sao-viaveis-em-varias-regioes-de-bh\/#breadcrumb"},"inLanguage":"pt-BR","potentialAction":[{"@type":"ReadAction","target":["https:\/\/www.comunidadeativa.jor.br\/index.php\/2021\/07\/30\/mapa-de-declividade-indica-que-ciclovias-sao-viaveis-em-varias-regioes-de-bh\/"]}]},{"@type":"ImageObject","inLanguage":"pt-BR","@id":"https:\/\/www.comunidadeativa.jor.br\/index.php\/2021\/07\/30\/mapa-de-declividade-indica-que-ciclovias-sao-viaveis-em-varias-regioes-de-bh\/#primaryimage","url":"https:\/\/www.comunidadeativa.jor.br\/wp-content\/uploads\/2021\/07\/capa-8.jpg","contentUrl":"https:\/\/www.comunidadeativa.jor.br\/wp-content\/uploads\/2021\/07\/capa-8.jpg","width":640,"height":352},{"@type":"BreadcrumbList","@id":"https:\/\/www.comunidadeativa.jor.br\/index.php\/2021\/07\/30\/mapa-de-declividade-indica-que-ciclovias-sao-viaveis-em-varias-regioes-de-bh\/#breadcrumb","itemListElement":[{"@type":"ListItem","position":1,"name":"In\u00edcio","item":"https:\/\/www.comunidadeativa.jor.br\/"},{"@type":"ListItem","position":2,"name":"Mapa de Declividade indica que ciclovias s\u00e3o vi\u00e1veis em v\u00e1rias regi\u00f5es de BH"}]},{"@type":"WebSite","@id":"https:\/\/www.comunidadeativa.jor.br\/#website","url":"https:\/\/www.comunidadeativa.jor.br\/","name":"Comunidade Ativa","description":"","publisher":{"@id":"https:\/\/www.comunidadeativa.jor.br\/#organization"},"potentialAction":[{"@type":"SearchAction","target":{"@type":"EntryPoint","urlTemplate":"https:\/\/www.comunidadeativa.jor.br\/?s={search_term_string}"},"query-input":{"@type":"PropertyValueSpecification","valueRequired":true,"valueName":"search_term_string"}}],"inLanguage":"pt-BR"},{"@type":"Organization","@id":"https:\/\/www.comunidadeativa.jor.br\/#organization","name":"Comunidade Ativa","url":"https:\/\/www.comunidadeativa.jor.br\/","logo":{"@type":"ImageObject","inLanguage":"pt-BR","@id":"https:\/\/www.comunidadeativa.jor.br\/#\/schema\/logo\/image\/","url":"https:\/\/www.comunidadeativa.jor.br\/wp-content\/uploads\/2018\/03\/cropped-LOGOPNG-1.png","contentUrl":"https:\/\/www.comunidadeativa.jor.br\/wp-content\/uploads\/2018\/03\/cropped-LOGOPNG-1.png","width":318,"height":90,"caption":"Comunidade Ativa"},"image":{"@id":"https:\/\/www.comunidadeativa.jor.br\/#\/schema\/logo\/image\/"},"sameAs":["https:\/\/www.facebook.com\/comunidadeativa"]},{"@type":"Person","@id":"https:\/\/www.comunidadeativa.jor.br\/#\/schema\/person\/dcaa1f1c51c1f0c47a33b2b734cad6e1","name":"Comunidade Ativa","image":{"@type":"ImageObject","inLanguage":"pt-BR","@id":"https:\/\/www.comunidadeativa.jor.br\/#\/schema\/person\/image\/","url":"https:\/\/secure.gravatar.com\/avatar\/09a9a1f85fedf41e81b47f7c1d40084f?s=96&d=mm&r=g","contentUrl":"https:\/\/secure.gravatar.com\/avatar\/09a9a1f85fedf41e81b47f7c1d40084f?s=96&d=mm&r=g","caption":"Comunidade Ativa"},"url":"https:\/\/www.comunidadeativa.jor.br\/index.php\/author\/casalberto\/"}]}},"_links":{"self":[{"href":"https:\/\/www.comunidadeativa.jor.br\/index.php\/wp-json\/wp\/v2\/posts\/2342","targetHints":{"allow":["GET"]}}],"collection":[{"href":"https:\/\/www.comunidadeativa.jor.br\/index.php\/wp-json\/wp\/v2\/posts"}],"about":[{"href":"https:\/\/www.comunidadeativa.jor.br\/index.php\/wp-json\/wp\/v2\/types\/post"}],"author":[{"embeddable":true,"href":"https:\/\/www.comunidadeativa.jor.br\/index.php\/wp-json\/wp\/v2\/users\/1"}],"replies":[{"embeddable":true,"href":"https:\/\/www.comunidadeativa.jor.br\/index.php\/wp-json\/wp\/v2\/comments?post=2342"}],"version-history":[{"count":3,"href":"https:\/\/www.comunidadeativa.jor.br\/index.php\/wp-json\/wp\/v2\/posts\/2342\/revisions"}],"predecessor-version":[{"id":3891,"href":"https:\/\/www.comunidadeativa.jor.br\/index.php\/wp-json\/wp\/v2\/posts\/2342\/revisions\/3891"}],"wp:featuredmedia":[{"embeddable":true,"href":"https:\/\/www.comunidadeativa.jor.br\/index.php\/wp-json\/wp\/v2\/media\/2344"}],"wp:attachment":[{"href":"https:\/\/www.comunidadeativa.jor.br\/index.php\/wp-json\/wp\/v2\/media?parent=2342"}],"wp:term":[{"taxonomy":"category","embeddable":true,"href":"https:\/\/www.comunidadeativa.jor.br\/index.php\/wp-json\/wp\/v2\/categories?post=2342"},{"taxonomy":"post_tag","embeddable":true,"href":"https:\/\/www.comunidadeativa.jor.br\/index.php\/wp-json\/wp\/v2\/tags?post=2342"}],"curies":[{"name":"wp","href":"https:\/\/api.w.org\/{rel}","templated":true}]}}