{"id":2346,"date":"2021-08-02T13:22:06","date_gmt":"2021-08-02T16:22:06","guid":{"rendered":"https:\/\/www.comunidadeativa.jor.br\/?p=2346"},"modified":"2023-08-11T18:56:00","modified_gmt":"2023-08-11T21:56:00","slug":"nova-versao-do-diario-oficial-do-municipio-de-belo-horizonte-sera-lancada-hoje-com-novidades","status":"publish","type":"post","link":"https:\/\/www.comunidadeativa.jor.br\/index.php\/2021\/08\/02\/nova-versao-do-diario-oficial-do-municipio-de-belo-horizonte-sera-lancada-hoje-com-novidades\/","title":{"rendered":"Nova vers\u00e3o do Di\u00e1rio Oficial do Munic\u00edpio de Belo Horizonte ser\u00e1 lan\u00e7ada hoje com novidades"},"content":{"rendered":"<p>A partir desta segunda-feira, 2 de agosto, o Di\u00e1rio Oficial do Munic\u00edpio (DOM) passa a ser publicado em nova vers\u00e3o, que se prop\u00f5e a facilitar o acesso do cidad\u00e3o \u00e0 informa\u00e7\u00e3o. De acordo com Bruno Viera da Costa, diretor de Sistemas da Prodabel \u2014 a Empresa de Inform\u00e1tica e Informa\u00e7\u00e3o do Munic\u00edpio, respons\u00e1vel pelo ve\u00edculo \u2014, a nova vers\u00e3o dispensa a terceiriza\u00e7\u00e3o de servi\u00e7o de manuten\u00e7\u00e3o, o que melhora o desempenho da publica\u00e7\u00e3o. \u201cAgora o munic\u00edpio tem controle sobre o sistema e pode realizar melhorias e corrigir falhas no DOM, que ficar\u00e1 mais robusto, moderno e confi\u00e1vel, evitando as frequentes quedas do sistema antigo\u201d, explica.<\/p>\n<p>Segundo o diretor, duas iniciativas tornaram as consultas mais eficientes e confi\u00e1veis. A primeira, categoriza as mat\u00e9rias por tipo \u2014 leis, decretos, portarias etc.\u2014 evitando que o cidad\u00e3o tenha que navegar por v\u00e1rias mat\u00e9rias para encontrar o documento de interesse. Outra novidade est\u00e1 na fun\u00e7\u00e3o de verifica\u00e7\u00e3o de autenticidade da mat\u00e9ria, o que d\u00e1 a seguran\u00e7a de que o documento digital de fato est\u00e1 vinculado ao DOM de Belo Horizonte.<\/p>\n<h5>Consulta e inclus\u00e3o<\/h5>\n<p>A produ\u00e7\u00e3o do novo DOM foi realizada a partir de consultas realizadas junto aos \u00f3rg\u00e3os da Administra\u00e7\u00e3o Direta e aos membros do Legislativo municipal, que apresentaram as instru\u00e7\u00f5es sobre a funcionalidade e sobre as ferramentas do novo sistema. \u201cA equipe respons\u00e1vel pela elabora\u00e7\u00e3o e publica\u00e7\u00e3o do Di\u00e1rio Oficial do Munic\u00edpio, vinculada ao Gabinete do Prefeito, e funcion\u00e1rios do Arquivo P\u00fablico da Cidade de Belo Horizonte tamb\u00e9m revisaram os arquivos antigos em papel, com o objetivo de que o novo sistema disponibilize desde a primeira edi\u00e7\u00e3o do DOM, o que n\u00e3o existe no sistema digital atual\u201d, explica Alberto Lage, Chefe de Gabinete do Prefeito.<\/p>\n<p>Segundo o presidente da Prodabel, Leandro Garcia, o novo DOM estar\u00e1 de acordo com o conceito de acessibilidade digital. \u201cO conceito da acessibilidade digital pressup\u00f5e que barreiras sejam derrubadas na internet e que os sites sejam projetados para que todas as pessoas possam navegar e interagir efetivamente com as p\u00e1ginas, sem obst\u00e1culos. Implantar ferramentas de acessibilidade digital nos sites e portais governamentais \u00e9 fundamental para democratizar o acesso e garantir o entendimento dos internautas, principalmente os usu\u00e1rios com defici\u00eancia\u201d, considera Garcia.<\/p>\n<form style=\"padding-left: 80px;\" action=\"https:\/\/pagseguro.uol.com.br\/checkout\/v2\/donation.html\" method=\"post\">\n<hr \/>\n<\/form>\n<p>&nbsp;<\/p>\n<p>&nbsp;<\/p>\n","protected":false},"excerpt":{"rendered":"<p>A partir desta segunda-feira, 2 de agosto, o Di\u00e1rio Oficial do Munic\u00edpio (DOM) passa a ser publicado em nova vers\u00e3o,<\/p>\n","protected":false},"author":1,"featured_media":2347,"comment_status":"closed","ping_status":"open","sticky":false,"template":"","format":"standard","meta":{"footnotes":""},"categories":[12],"tags":[],"class_list":["post-2346","post","type-post","status-publish","format-standard","has-post-thumbnail","hentry","category-cidadania"],"yoast_head":"<!-- This site is optimized with the Yoast SEO plugin v26.0 - https:\/\/yoast.com\/wordpress\/plugins\/seo\/ -->\n<title>Nova vers\u00e3o do Di\u00e1rio Oficial do Munic\u00edpio de Belo Horizonte ser\u00e1 lan\u00e7ada hoje com novidades - Comunidade Ativa<\/title>\n<meta name=\"robots\" content=\"index, follow, max-snippet:-1, max-image-preview:large, max-video-preview:-1\" \/>\n<link rel=\"canonical\" href=\"https:\/\/www.comunidadeativa.jor.br\/index.php\/2021\/08\/02\/nova-versao-do-diario-oficial-do-municipio-de-belo-horizonte-sera-lancada-hoje-com-novidades\/\" \/>\n<meta property=\"og:locale\" content=\"pt_BR\" \/>\n<meta property=\"og:type\" content=\"article\" \/>\n<meta property=\"og:title\" content=\"Nova vers\u00e3o do Di\u00e1rio Oficial do Munic\u00edpio de Belo Horizonte ser\u00e1 lan\u00e7ada hoje com novidades - Comunidade Ativa\" \/>\n<meta property=\"og:description\" content=\"A partir desta segunda-feira, 2 de agosto, o Di\u00e1rio Oficial do Munic\u00edpio (DOM) passa a ser publicado em nova vers\u00e3o,\" \/>\n<meta property=\"og:url\" content=\"https:\/\/www.comunidadeativa.jor.br\/index.php\/2021\/08\/02\/nova-versao-do-diario-oficial-do-municipio-de-belo-horizonte-sera-lancada-hoje-com-novidades\/\" \/>\n<meta property=\"og:site_name\" content=\"Comunidade Ativa\" \/>\n<meta property=\"article:publisher\" content=\"https:\/\/www.facebook.com\/comunidadeativa\" \/>\n<meta property=\"article:published_time\" content=\"2021-08-02T16:22:06+00:00\" \/>\n<meta property=\"article:modified_time\" content=\"2023-08-11T21:56:00+00:00\" \/>\n<meta property=\"og:image\" content=\"https:\/\/www.comunidadeativa.jor.br\/wp-content\/uploads\/2021\/08\/capa.jpg\" \/>\n\t<meta property=\"og:image:width\" content=\"640\" \/>\n\t<meta property=\"og:image:height\" content=\"352\" \/>\n\t<meta property=\"og:image:type\" content=\"image\/jpeg\" \/>\n<meta name=\"author\" content=\"Comunidade Ativa\" \/>\n<meta name=\"twitter:card\" content=\"summary_large_image\" \/>\n<meta name=\"twitter:label1\" content=\"Escrito por\" \/>\n\t<meta name=\"twitter:data1\" content=\"Comunidade Ativa\" \/>\n\t<meta name=\"twitter:label2\" content=\"Est. tempo de leitura\" \/>\n\t<meta name=\"twitter:data2\" content=\"2 minutos\" \/>\n<script type=\"application\/ld+json\" class=\"yoast-schema-graph\">{\"@context\":\"https:\/\/schema.org\",\"@graph\":[{\"@type\":\"Article\",\"@id\":\"https:\/\/www.comunidadeativa.jor.br\/index.php\/2021\/08\/02\/nova-versao-do-diario-oficial-do-municipio-de-belo-horizonte-sera-lancada-hoje-com-novidades\/#article\",\"isPartOf\":{\"@id\":\"https:\/\/www.comunidadeativa.jor.br\/index.php\/2021\/08\/02\/nova-versao-do-diario-oficial-do-municipio-de-belo-horizonte-sera-lancada-hoje-com-novidades\/\"},\"author\":{\"name\":\"Comunidade Ativa\",\"@id\":\"https:\/\/www.comunidadeativa.jor.br\/#\/schema\/person\/dcaa1f1c51c1f0c47a33b2b734cad6e1\"},\"headline\":\"Nova vers\u00e3o do Di\u00e1rio Oficial do Munic\u00edpio de Belo Horizonte ser\u00e1 lan\u00e7ada hoje com novidades\",\"datePublished\":\"2021-08-02T16:22:06+00:00\",\"dateModified\":\"2023-08-11T21:56:00+00:00\",\"mainEntityOfPage\":{\"@id\":\"https:\/\/www.comunidadeativa.jor.br\/index.php\/2021\/08\/02\/nova-versao-do-diario-oficial-do-municipio-de-belo-horizonte-sera-lancada-hoje-com-novidades\/\"},\"wordCount\":424,\"publisher\":{\"@id\":\"https:\/\/www.comunidadeativa.jor.br\/#organization\"},\"image\":{\"@id\":\"https:\/\/www.comunidadeativa.jor.br\/index.php\/2021\/08\/02\/nova-versao-do-diario-oficial-do-municipio-de-belo-horizonte-sera-lancada-hoje-com-novidades\/#primaryimage\"},\"thumbnailUrl\":\"https:\/\/www.comunidadeativa.jor.br\/wp-content\/uploads\/2021\/08\/capa.jpg\",\"articleSection\":[\"Cidadania\"],\"inLanguage\":\"pt-BR\"},{\"@type\":\"WebPage\",\"@id\":\"https:\/\/www.comunidadeativa.jor.br\/index.php\/2021\/08\/02\/nova-versao-do-diario-oficial-do-municipio-de-belo-horizonte-sera-lancada-hoje-com-novidades\/\",\"url\":\"https:\/\/www.comunidadeativa.jor.br\/index.php\/2021\/08\/02\/nova-versao-do-diario-oficial-do-municipio-de-belo-horizonte-sera-lancada-hoje-com-novidades\/\",\"name\":\"Nova vers\u00e3o do Di\u00e1rio Oficial do Munic\u00edpio de Belo Horizonte ser\u00e1 lan\u00e7ada hoje com novidades - Comunidade Ativa\",\"isPartOf\":{\"@id\":\"https:\/\/www.comunidadeativa.jor.br\/#website\"},\"primaryImageOfPage\":{\"@id\":\"https:\/\/www.comunidadeativa.jor.br\/index.php\/2021\/08\/02\/nova-versao-do-diario-oficial-do-municipio-de-belo-horizonte-sera-lancada-hoje-com-novidades\/#primaryimage\"},\"image\":{\"@id\":\"https:\/\/www.comunidadeativa.jor.br\/index.php\/2021\/08\/02\/nova-versao-do-diario-oficial-do-municipio-de-belo-horizonte-sera-lancada-hoje-com-novidades\/#primaryimage\"},\"thumbnailUrl\":\"https:\/\/www.comunidadeativa.jor.br\/wp-content\/uploads\/2021\/08\/capa.jpg\",\"datePublished\":\"2021-08-02T16:22:06+00:00\",\"dateModified\":\"2023-08-11T21:56:00+00:00\",\"breadcrumb\":{\"@id\":\"https:\/\/www.comunidadeativa.jor.br\/index.php\/2021\/08\/02\/nova-versao-do-diario-oficial-do-municipio-de-belo-horizonte-sera-lancada-hoje-com-novidades\/#breadcrumb\"},\"inLanguage\":\"pt-BR\",\"potentialAction\":[{\"@type\":\"ReadAction\",\"target\":[\"https:\/\/www.comunidadeativa.jor.br\/index.php\/2021\/08\/02\/nova-versao-do-diario-oficial-do-municipio-de-belo-horizonte-sera-lancada-hoje-com-novidades\/\"]}]},{\"@type\":\"ImageObject\",\"inLanguage\":\"pt-BR\",\"@id\":\"https:\/\/www.comunidadeativa.jor.br\/index.php\/2021\/08\/02\/nova-versao-do-diario-oficial-do-municipio-de-belo-horizonte-sera-lancada-hoje-com-novidades\/#primaryimage\",\"url\":\"https:\/\/www.comunidadeativa.jor.br\/wp-content\/uploads\/2021\/08\/capa.jpg\",\"contentUrl\":\"https:\/\/www.comunidadeativa.jor.br\/wp-content\/uploads\/2021\/08\/capa.jpg\",\"width\":640,\"height\":352},{\"@type\":\"BreadcrumbList\",\"@id\":\"https:\/\/www.comunidadeativa.jor.br\/index.php\/2021\/08\/02\/nova-versao-do-diario-oficial-do-municipio-de-belo-horizonte-sera-lancada-hoje-com-novidades\/#breadcrumb\",\"itemListElement\":[{\"@type\":\"ListItem\",\"position\":1,\"name\":\"In\u00edcio\",\"item\":\"https:\/\/www.comunidadeativa.jor.br\/\"},{\"@type\":\"ListItem\",\"position\":2,\"name\":\"Nova vers\u00e3o do Di\u00e1rio Oficial do Munic\u00edpio de Belo Horizonte ser\u00e1 lan\u00e7ada hoje com novidades\"}]},{\"@type\":\"WebSite\",\"@id\":\"https:\/\/www.comunidadeativa.jor.br\/#website\",\"url\":\"https:\/\/www.comunidadeativa.jor.br\/\",\"name\":\"Comunidade Ativa\",\"description\":\"\",\"publisher\":{\"@id\":\"https:\/\/www.comunidadeativa.jor.br\/#organization\"},\"potentialAction\":[{\"@type\":\"SearchAction\",\"target\":{\"@type\":\"EntryPoint\",\"urlTemplate\":\"https:\/\/www.comunidadeativa.jor.br\/?s={search_term_string}\"},\"query-input\":{\"@type\":\"PropertyValueSpecification\",\"valueRequired\":true,\"valueName\":\"search_term_string\"}}],\"inLanguage\":\"pt-BR\"},{\"@type\":\"Organization\",\"@id\":\"https:\/\/www.comunidadeativa.jor.br\/#organization\",\"name\":\"Comunidade Ativa\",\"url\":\"https:\/\/www.comunidadeativa.jor.br\/\",\"logo\":{\"@type\":\"ImageObject\",\"inLanguage\":\"pt-BR\",\"@id\":\"https:\/\/www.comunidadeativa.jor.br\/#\/schema\/logo\/image\/\",\"url\":\"https:\/\/www.comunidadeativa.jor.br\/wp-content\/uploads\/2018\/03\/cropped-LOGOPNG-1.png\",\"contentUrl\":\"https:\/\/www.comunidadeativa.jor.br\/wp-content\/uploads\/2018\/03\/cropped-LOGOPNG-1.png\",\"width\":318,\"height\":90,\"caption\":\"Comunidade Ativa\"},\"image\":{\"@id\":\"https:\/\/www.comunidadeativa.jor.br\/#\/schema\/logo\/image\/\"},\"sameAs\":[\"https:\/\/www.facebook.com\/comunidadeativa\"]},{\"@type\":\"Person\",\"@id\":\"https:\/\/www.comunidadeativa.jor.br\/#\/schema\/person\/dcaa1f1c51c1f0c47a33b2b734cad6e1\",\"name\":\"Comunidade Ativa\",\"image\":{\"@type\":\"ImageObject\",\"inLanguage\":\"pt-BR\",\"@id\":\"https:\/\/www.comunidadeativa.jor.br\/#\/schema\/person\/image\/\",\"url\":\"https:\/\/secure.gravatar.com\/avatar\/09a9a1f85fedf41e81b47f7c1d40084f?s=96&d=mm&r=g\",\"contentUrl\":\"https:\/\/secure.gravatar.com\/avatar\/09a9a1f85fedf41e81b47f7c1d40084f?s=96&d=mm&r=g\",\"caption\":\"Comunidade Ativa\"},\"url\":\"https:\/\/www.comunidadeativa.jor.br\/index.php\/author\/casalberto\/\"}]}<\/script>\n<!-- \/ Yoast SEO plugin. -->","yoast_head_json":{"title":"Nova vers\u00e3o do Di\u00e1rio Oficial do Munic\u00edpio de Belo Horizonte ser\u00e1 lan\u00e7ada hoje com novidades - Comunidade Ativa","robots":{"index":"index","follow":"follow","max-snippet":"max-snippet:-1","max-image-preview":"max-image-preview:large","max-video-preview":"max-video-preview:-1"},"canonical":"https:\/\/www.comunidadeativa.jor.br\/index.php\/2021\/08\/02\/nova-versao-do-diario-oficial-do-municipio-de-belo-horizonte-sera-lancada-hoje-com-novidades\/","og_locale":"pt_BR","og_type":"article","og_title":"Nova vers\u00e3o do Di\u00e1rio Oficial do Munic\u00edpio de Belo Horizonte ser\u00e1 lan\u00e7ada hoje com novidades - Comunidade Ativa","og_description":"A partir desta segunda-feira, 2 de agosto, o Di\u00e1rio Oficial do Munic\u00edpio (DOM) passa a ser publicado em nova vers\u00e3o,","og_url":"https:\/\/www.comunidadeativa.jor.br\/index.php\/2021\/08\/02\/nova-versao-do-diario-oficial-do-municipio-de-belo-horizonte-sera-lancada-hoje-com-novidades\/","og_site_name":"Comunidade Ativa","article_publisher":"https:\/\/www.facebook.com\/comunidadeativa","article_published_time":"2021-08-02T16:22:06+00:00","article_modified_time":"2023-08-11T21:56:00+00:00","og_image":[{"width":640,"height":352,"url":"https:\/\/www.comunidadeativa.jor.br\/wp-content\/uploads\/2021\/08\/capa.jpg","type":"image\/jpeg"}],"author":"Comunidade Ativa","twitter_card":"summary_large_image","twitter_misc":{"Escrito por":"Comunidade Ativa","Est. tempo de leitura":"2 minutos"},"schema":{"@context":"https:\/\/schema.org","@graph":[{"@type":"Article","@id":"https:\/\/www.comunidadeativa.jor.br\/index.php\/2021\/08\/02\/nova-versao-do-diario-oficial-do-municipio-de-belo-horizonte-sera-lancada-hoje-com-novidades\/#article","isPartOf":{"@id":"https:\/\/www.comunidadeativa.jor.br\/index.php\/2021\/08\/02\/nova-versao-do-diario-oficial-do-municipio-de-belo-horizonte-sera-lancada-hoje-com-novidades\/"},"author":{"name":"Comunidade Ativa","@id":"https:\/\/www.comunidadeativa.jor.br\/#\/schema\/person\/dcaa1f1c51c1f0c47a33b2b734cad6e1"},"headline":"Nova vers\u00e3o do Di\u00e1rio Oficial do Munic\u00edpio de Belo Horizonte ser\u00e1 lan\u00e7ada hoje com novidades","datePublished":"2021-08-02T16:22:06+00:00","dateModified":"2023-08-11T21:56:00+00:00","mainEntityOfPage":{"@id":"https:\/\/www.comunidadeativa.jor.br\/index.php\/2021\/08\/02\/nova-versao-do-diario-oficial-do-municipio-de-belo-horizonte-sera-lancada-hoje-com-novidades\/"},"wordCount":424,"publisher":{"@id":"https:\/\/www.comunidadeativa.jor.br\/#organization"},"image":{"@id":"https:\/\/www.comunidadeativa.jor.br\/index.php\/2021\/08\/02\/nova-versao-do-diario-oficial-do-municipio-de-belo-horizonte-sera-lancada-hoje-com-novidades\/#primaryimage"},"thumbnailUrl":"https:\/\/www.comunidadeativa.jor.br\/wp-content\/uploads\/2021\/08\/capa.jpg","articleSection":["Cidadania"],"inLanguage":"pt-BR"},{"@type":"WebPage","@id":"https:\/\/www.comunidadeativa.jor.br\/index.php\/2021\/08\/02\/nova-versao-do-diario-oficial-do-municipio-de-belo-horizonte-sera-lancada-hoje-com-novidades\/","url":"https:\/\/www.comunidadeativa.jor.br\/index.php\/2021\/08\/02\/nova-versao-do-diario-oficial-do-municipio-de-belo-horizonte-sera-lancada-hoje-com-novidades\/","name":"Nova vers\u00e3o do Di\u00e1rio Oficial do Munic\u00edpio de Belo Horizonte ser\u00e1 lan\u00e7ada hoje com novidades - Comunidade Ativa","isPartOf":{"@id":"https:\/\/www.comunidadeativa.jor.br\/#website"},"primaryImageOfPage":{"@id":"https:\/\/www.comunidadeativa.jor.br\/index.php\/2021\/08\/02\/nova-versao-do-diario-oficial-do-municipio-de-belo-horizonte-sera-lancada-hoje-com-novidades\/#primaryimage"},"image":{"@id":"https:\/\/www.comunidadeativa.jor.br\/index.php\/2021\/08\/02\/nova-versao-do-diario-oficial-do-municipio-de-belo-horizonte-sera-lancada-hoje-com-novidades\/#primaryimage"},"thumbnailUrl":"https:\/\/www.comunidadeativa.jor.br\/wp-content\/uploads\/2021\/08\/capa.jpg","datePublished":"2021-08-02T16:22:06+00:00","dateModified":"2023-08-11T21:56:00+00:00","breadcrumb":{"@id":"https:\/\/www.comunidadeativa.jor.br\/index.php\/2021\/08\/02\/nova-versao-do-diario-oficial-do-municipio-de-belo-horizonte-sera-lancada-hoje-com-novidades\/#breadcrumb"},"inLanguage":"pt-BR","potentialAction":[{"@type":"ReadAction","target":["https:\/\/www.comunidadeativa.jor.br\/index.php\/2021\/08\/02\/nova-versao-do-diario-oficial-do-municipio-de-belo-horizonte-sera-lancada-hoje-com-novidades\/"]}]},{"@type":"ImageObject","inLanguage":"pt-BR","@id":"https:\/\/www.comunidadeativa.jor.br\/index.php\/2021\/08\/02\/nova-versao-do-diario-oficial-do-municipio-de-belo-horizonte-sera-lancada-hoje-com-novidades\/#primaryimage","url":"https:\/\/www.comunidadeativa.jor.br\/wp-content\/uploads\/2021\/08\/capa.jpg","contentUrl":"https:\/\/www.comunidadeativa.jor.br\/wp-content\/uploads\/2021\/08\/capa.jpg","width":640,"height":352},{"@type":"BreadcrumbList","@id":"https:\/\/www.comunidadeativa.jor.br\/index.php\/2021\/08\/02\/nova-versao-do-diario-oficial-do-municipio-de-belo-horizonte-sera-lancada-hoje-com-novidades\/#breadcrumb","itemListElement":[{"@type":"ListItem","position":1,"name":"In\u00edcio","item":"https:\/\/www.comunidadeativa.jor.br\/"},{"@type":"ListItem","position":2,"name":"Nova vers\u00e3o do Di\u00e1rio Oficial do Munic\u00edpio de Belo Horizonte ser\u00e1 lan\u00e7ada hoje com novidades"}]},{"@type":"WebSite","@id":"https:\/\/www.comunidadeativa.jor.br\/#website","url":"https:\/\/www.comunidadeativa.jor.br\/","name":"Comunidade Ativa","description":"","publisher":{"@id":"https:\/\/www.comunidadeativa.jor.br\/#organization"},"potentialAction":[{"@type":"SearchAction","target":{"@type":"EntryPoint","urlTemplate":"https:\/\/www.comunidadeativa.jor.br\/?s={search_term_string}"},"query-input":{"@type":"PropertyValueSpecification","valueRequired":true,"valueName":"search_term_string"}}],"inLanguage":"pt-BR"},{"@type":"Organization","@id":"https:\/\/www.comunidadeativa.jor.br\/#organization","name":"Comunidade Ativa","url":"https:\/\/www.comunidadeativa.jor.br\/","logo":{"@type":"ImageObject","inLanguage":"pt-BR","@id":"https:\/\/www.comunidadeativa.jor.br\/#\/schema\/logo\/image\/","url":"https:\/\/www.comunidadeativa.jor.br\/wp-content\/uploads\/2018\/03\/cropped-LOGOPNG-1.png","contentUrl":"https:\/\/www.comunidadeativa.jor.br\/wp-content\/uploads\/2018\/03\/cropped-LOGOPNG-1.png","width":318,"height":90,"caption":"Comunidade Ativa"},"image":{"@id":"https:\/\/www.comunidadeativa.jor.br\/#\/schema\/logo\/image\/"},"sameAs":["https:\/\/www.facebook.com\/comunidadeativa"]},{"@type":"Person","@id":"https:\/\/www.comunidadeativa.jor.br\/#\/schema\/person\/dcaa1f1c51c1f0c47a33b2b734cad6e1","name":"Comunidade Ativa","image":{"@type":"ImageObject","inLanguage":"pt-BR","@id":"https:\/\/www.comunidadeativa.jor.br\/#\/schema\/person\/image\/","url":"https:\/\/secure.gravatar.com\/avatar\/09a9a1f85fedf41e81b47f7c1d40084f?s=96&d=mm&r=g","contentUrl":"https:\/\/secure.gravatar.com\/avatar\/09a9a1f85fedf41e81b47f7c1d40084f?s=96&d=mm&r=g","caption":"Comunidade Ativa"},"url":"https:\/\/www.comunidadeativa.jor.br\/index.php\/author\/casalberto\/"}]}},"_links":{"self":[{"href":"https:\/\/www.comunidadeativa.jor.br\/index.php\/wp-json\/wp\/v2\/posts\/2346","targetHints":{"allow":["GET"]}}],"collection":[{"href":"https:\/\/www.comunidadeativa.jor.br\/index.php\/wp-json\/wp\/v2\/posts"}],"about":[{"href":"https:\/\/www.comunidadeativa.jor.br\/index.php\/wp-json\/wp\/v2\/types\/post"}],"author":[{"embeddable":true,"href":"https:\/\/www.comunidadeativa.jor.br\/index.php\/wp-json\/wp\/v2\/users\/1"}],"replies":[{"embeddable":true,"href":"https:\/\/www.comunidadeativa.jor.br\/index.php\/wp-json\/wp\/v2\/comments?post=2346"}],"version-history":[{"count":2,"href":"https:\/\/www.comunidadeativa.jor.br\/index.php\/wp-json\/wp\/v2\/posts\/2346\/revisions"}],"predecessor-version":[{"id":3892,"href":"https:\/\/www.comunidadeativa.jor.br\/index.php\/wp-json\/wp\/v2\/posts\/2346\/revisions\/3892"}],"wp:featuredmedia":[{"embeddable":true,"href":"https:\/\/www.comunidadeativa.jor.br\/index.php\/wp-json\/wp\/v2\/media\/2347"}],"wp:attachment":[{"href":"https:\/\/www.comunidadeativa.jor.br\/index.php\/wp-json\/wp\/v2\/media?parent=2346"}],"wp:term":[{"taxonomy":"category","embeddable":true,"href":"https:\/\/www.comunidadeativa.jor.br\/index.php\/wp-json\/wp\/v2\/categories?post=2346"},{"taxonomy":"post_tag","embeddable":true,"href":"https:\/\/www.comunidadeativa.jor.br\/index.php\/wp-json\/wp\/v2\/tags?post=2346"}],"curies":[{"name":"wp","href":"https:\/\/api.w.org\/{rel}","templated":true}]}}