{"id":2373,"date":"2021-08-10T13:59:32","date_gmt":"2021-08-10T16:59:32","guid":{"rendered":"https:\/\/www.comunidadeativa.jor.br\/?p=2373"},"modified":"2023-08-11T19:02:02","modified_gmt":"2023-08-11T22:02:02","slug":"voce-sabe-a-diferenca-entre-familia-linhagem-cepa-e-variante-de-um-virus-confira-nesse-post","status":"publish","type":"post","link":"https:\/\/www.comunidadeativa.jor.br\/index.php\/2021\/08\/10\/voce-sabe-a-diferenca-entre-familia-linhagem-cepa-e-variante-de-um-virus-confira-nesse-post\/","title":{"rendered":"Voc\u00ea sabe a diferen\u00e7a entre fam\u00edlia, linhagem, cepa e variante de um v\u00edrus? Confira nesse post!"},"content":{"rendered":"<p>Em tempos de pandemia, estamos expostos a uma s\u00e9rie de informa\u00e7\u00f5es que nem sempre dominamos, o que pode nos causar estranheza e at\u00e9 alguma apreens\u00e3o com rela\u00e7\u00e3o ao que significam. Pior do que isso, diante do desconhecido podemos adotar atitudes de descuido ou mesmo de neglig\u00eancia, o que, nessa \u00e9poca, pode ser bastante arriscado.<\/p>\n<p>Dos temas que t\u00eam frequentado os notici\u00e1rios e que est\u00e3o al\u00e9m do que normalmente est\u00e1vamos habituados os que falam das muta\u00e7\u00f5es do v\u00edrus causador da Covid-19 \u2014 o SARS-CoV-2 \u2014 s\u00e3o dos mais confusos. Afinal, como se n\u00e3o bastasse a ideia de uma doen\u00e7a estar nos preocupando tanto, agora tamb\u00e9m estamos expostos aos conceitos de \u201ccepas\u201d e de \u201cvariantes\u201d, entre outros relacionadas ao comportamento viral.<\/p>\n<p>Portanto, vale a pena entender um pouco mais sobre o que significam esses termos.<\/p>\n<h5>Fam\u00edlia, linhagem, cepa e variante<\/h5>\n<p><a href=\"https:\/\/portal.fiocruz.br\/noticia\/o-que-sao-mutacoes-linhagens-cepas-e-variantes-1\" target=\"_blank\" rel=\"noopener\">De acordo com a Ag\u00eancia Fiocruz de Not\u00edcias (AFN)<\/a>, quanto mais um v\u00edrus circula maiores s\u00e3o as chances de ele sofrer muta\u00e7\u00f5es. Uma muta\u00e7\u00e3o ocorre como uma mudan\u00e7a na estrutura de DNA ou de RNA de qualquer organismo. No caso do v\u00edrus, na medida em que ele se replica \u00e9 feita uma c\u00f3pia da informa\u00e7\u00e3o gen\u00e9tica e \u00e9 nesse processo que pode ocorrer alguma altera\u00e7\u00e3o no material.<\/p>\n<p>A maioria dessas altera\u00e7\u00f5es pouco o nada representa na forma como o v\u00edrus age. Por\u00e9m, outras afetam a capacidade viral de se espalhar e de causar doen\u00e7as, que podem ser mais ou menos graves, dependendo das novas caracter\u00edsticas adquiridas pelo v\u00edrus.<\/p>\n<p>A AFN destaca que esse n\u00e3o \u00e9 um fen\u00f4meno exclusivo do SARS-CoV-2. Ao contr\u00e1rio, ele \u00e9 esperado dentro do processo evolutivo de qualquer v\u00edrus. H\u00e1 muta\u00e7\u00f5es, por exemplo, que alteram o vetor de transmiss\u00e3o, numa artimanha que o pat\u00f3geno adotada para aprimorar a intera\u00e7\u00e3o com as c\u00e9lulas do hospedeiro e assim conseguir se propagar com maior facilidade.<\/p>\n<p>Nesse sentido, entre outros artif\u00edcios, um v\u00edrus pode deixar de ter como vetor principal um morcego e evoluir para se tornar mais adequado ao ser humano, como foi o caso do novo coronav\u00edrus.<\/p>\n<h6>Fam\u00edlia<\/h6>\n<p>Segundo a AFN, o termo \u00a0\u201ccoronav\u00edrus\u201d em si se refere a uma ampla fam\u00edlia (CoV) que pode causar desde um simples resfriado at\u00e9 uma s\u00edndrome respirat\u00f3ria aguda grave. Nesta fam\u00edlia est\u00e1 o SARS-CoV-2, que come\u00e7ou a apresentar muta\u00e7\u00f5es logo no in\u00edcio de 2020, pouco depois de o surto da Covid-19 ter surgido na China.<\/p>\n<h6>Linhagens<\/h6>\n<p>De acordo com a AFN, as linhagens s\u00e3o grupos de organismos ou de entidades que t\u00eam um ancestral comum e que apresentam muta\u00e7\u00f5es similares. Em determinadas condi\u00e7\u00f5es, novas linhagens podem surgir sem grandes novidades no que diz respeito \u00e0 forma como as entidades agem.<\/p>\n<p>Nos v\u00edrus, a maior parte delas n\u00e3o afeta a capacidade de dispers\u00e3o, de infec\u00e7\u00e3o ou da gravidade dos sintomas provocados pela doen\u00e7a. Entretanto, h\u00e1 uma minoria que pode levar a formas do v\u00edrus que sejam mais agressivas nesses aspectos.<\/p>\n<h6>Cepa<\/h6>\n<p>Consultado pela AFN, o cientista Felipe Naveca, da Fiocruz, observa que o termo \u201ccepa\u201d n\u00e3o \u00e9 muito utilizado em virologia e pode ser visto como um sin\u00f4nimo de \u201clinhagem\u201d. Ele diz respeito a um grupo de v\u00edrus que apresenta caracter\u00edsticas especiais que o diferenciam de seus antecedentes. Essas diferen\u00e7as podem estar na capacidade de o pat\u00f3geno se multiplicar, na forma de ser transmitido de um hospedeiro a outro, nos sintomas que provoca ou nas respostas que estimula no organismo.<\/p>\n<h6>Variante<\/h6>\n<p>Qualquer varia\u00e7\u00e3o na sequ\u00eancia gen\u00e9tica do v\u00edrus, por menor que seja, d\u00e1 origem a uma variante. Sendo assim, dentro de uma mesma linhagem podem surgir variantes que n\u00e3o causam altera\u00e7\u00f5es significativas no comportamento viral. Outras, ao contr\u00e1rio, podem provocar mudan\u00e7as dr\u00e1sticas.<\/p>\n<p>Segundo a AFN, at\u00e9 o momento, j\u00e1 surgiram cerca de mil variantes do novo coronav\u00edrus, das quais cerca de 60 a 100 est\u00e3o circulando no Brasil. <a href=\"https:\/\/portal.fiocruz.br\/noticia\/pesquisa-sugere-maior-risco-de-reinfeccao-pela-variante-delta\" target=\"_blank\" rel=\"noopener\">A variante Delta, por exemplo, que tem causado tanta preocupa\u00e7\u00e3o nos infectologistas, \u00e9 um subtipo da linhagem viral B.1.617<\/a>, que surgiu na \u00cdndia em outubro de 2020.<\/p>\n<h6>Variante de preocupa\u00e7\u00e3o<\/h6>\n<p>Em maio deste ano, quando foi detectado o agravamento dos surtos de Covid-19 na \u00cdndia e no Reino Unido, a OMS declarou a variante Delta como sendo \u201cde preocupa\u00e7\u00e3o\u201d. Portanto, s\u00e3o chamadas variantes de preocupa\u00e7\u00e3o aquelas que se tornam mais transmiss\u00edveis, causam sintomas mais graves ou que conseguem escapar das vacinas. A boa not\u00edcia \u00e9 que uma menor parte das variantes chegam a ser preocupantes.<\/p>\n<h5>E como podemos nos precaver?<\/h5>\n<p>Segundo a professora <a href=\"https:\/\/theconversation.com\/profiles\/lilly-cheng-immergluck-1246478\">Lilly Cheng Immergluck<\/a>, de Bioqu\u00edmica, Microbiologia e Imunologia da Morehouse School of Medicine, dos Estados Unidos, a\u00a0 <a href=\"https:\/\/www.cdc.gov\/coronavirus\/2019-ncov\/vaccines\/fully-vaccinated.html\">vacina\u00e7\u00e3o se mant\u00e9m como um grande recurso<\/a> entre as melhores defesas contra todas as variantes. &#8220;<a href=\"https:\/\/theconversation.com\/us-is-split-between-the-vaccinated-and-unvaccinated-and-deaths-and-hospitalizations-reflect-this-divide-164460\">Quase todas &#8211; 99,5% &#8211; das mortes por COVID-19<\/a> nos EUA nos \u00faltimos meses ocorreram entre pessoas n\u00e3o vacinadas\u201d, destaca Lilly.<\/p>\n<p>A professora ressalta ainda que as\u00a0<a href=\"https:\/\/www.cdc.gov\/coronavirus\/2019-ncov\/prevent-getting-sick\/about-face-coverings.html\">diretrizes mais recentes do CDC<\/a> voltaram a recomendar que todas as pessoas usem m\u00e1scara em \u00e1reas de <a href=\"https:\/\/covid.cdc.gov\/covid-data-tracker\/#county-view\">transmiss\u00e3o substancial ou alta<\/a>\u00a0, independentemente de\u00a0<a href=\"https:\/\/www.cdc.gov\/coronavirus\/2019-ncov\/vaccines\/fully-vaccinated.html\">estarem vacinadas<\/a>\u00a0ou n\u00e3o.\u00a0\u201cMais cuidado deve ser tomado, especialmente se voc\u00ea\u00a0<a href=\"https:\/\/www.cdc.gov\/coronavirus\/2019-ncov\/prevent-getting-sick\/about-face-coverings.html\">n\u00e3o estiver totalmente vacinado<\/a>\u00a0ou tiver um\u00a0<a href=\"https:\/\/www.cdc.gov\/coronavirus\/2019-ncov\/vaccines\/fully-vaccinated-guidance.html\">sistema imunol\u00f3gico enfraquecido<\/a>\u201d, ela recomenda.<\/p>\n<p>Para a especialista, outro fator a ser considerado \u00e9 o n\u00edvel de transmiss\u00e3o na comunidade \u2014 o chamado &#8220;RT&#8221;, que a Prefeitura de Belo Horizonte divulga todo os dias \u2014 e a propor\u00e7\u00e3o de pessoas n\u00e3o vacinadas em uma regi\u00e3o. \u201cPor exemplo, algu\u00e9m que vive em uma \u00e1rea que est\u00e1 abaixo da m\u00e9dia nacional de vacina\u00e7\u00e3o pode ter uma chance maior de encontrar algu\u00e9m que n\u00e3o foi vacinado &#8211; e, portanto, mais propenso a espalhar o coronav\u00edrus &#8211; do que algu\u00e9m em uma \u00e1rea com taxas de vacina\u00e7\u00e3o mais altas\u201d, explica.<\/p>\n<p>Lilly ressalta que as diretrizes fornecidas pelas autoridades de sa\u00fade p\u00fablica n\u00e3o s\u00e3o feitas sob medida para cada pessoa e n\u00e3o avaliam os riscos individuais. Por isso, precisamos ter aten\u00e7\u00e3o especial com rela\u00e7\u00e3o a fatores particulares que podem aumentar o risco de transmiss\u00e3o. Como os que tornam as pessoas menos resistentes a doen\u00e7as e os que se relacionam ao uso de transporte p\u00fablico, por exemplo, e ao contato com pessoas que utilizam esses meios.<\/p>\n<p>A professora refor\u00e7a que as vacinas continuam sendo a melhor prote\u00e7\u00e3o contra todas as cepas do novo coronav\u00edrus.\u00a0\u201cMas o\u00a0<a href=\"https:\/\/doi.org\/10.1016\/S0140-6736(20)31142-9\">mascaramento, o distanciamento social e a preven\u00e7\u00e3o de multid\u00f5es e espa\u00e7os internos mal ventilados<\/a>\u00a0adicionam camadas extras de prote\u00e7\u00e3o contra\u00a0<a href=\"https:\/\/theconversation.com\/what-is-a-breakthrough-infection-6-questions-answered-about-catching-covid-19-after-vaccination-164909\">infec\u00e7\u00f5es invasivas<\/a>\u00a0e reduzem o risco de\u00a0<a href=\"https:\/\/theconversation.com\/can-people-vaccinated-against-covid-19-still-spread-the-coronavirus-161166\">espalhar o v\u00edrus inadvertidamente<\/a>\u201d, conclui.<\/p>\n<p>&nbsp;<\/p>\n<p>&nbsp;<\/p>\n<p><strong><em>Uma dica<\/em><\/strong><\/p>\n<p><em>Para mais informa\u00e7\u00f5es sobre os temas abordados nessa mat\u00e9ria, acesse os links dispon\u00edveis ao longo do texto. Eles remetem \u00e0s fontes utilizadas aqui.\u00a0<\/em><\/p>\n<p><em>Uma dica: os artigos fora da p\u00e1gina do Comunidade Ativa que n\u00e3o estiverem em portugu\u00eas podem ser traduzidos automaticamente pelo navegador pelo seu navegador. Pra isso, basta clicar com o bot\u00e3o direito em qualquer ponto do texto a ser traduzido e escolher a op\u00e7\u00e3o \u201cTraduzir para o portugu\u00eas\u201d.\u00a0<\/em><\/p>\n<p>&nbsp;<\/p>\n","protected":false},"excerpt":{"rendered":"<p>Em tempos de pandemia, estamos expostos a uma s\u00e9rie de informa\u00e7\u00f5es que nem sempre dominamos, o que pode nos causar<\/p>\n","protected":false},"author":1,"featured_media":2151,"comment_status":"closed","ping_status":"open","sticky":false,"template":"","format":"standard","meta":{"footnotes":""},"categories":[9],"tags":[],"class_list":["post-2373","post","type-post","status-publish","format-standard","has-post-thumbnail","hentry","category-saude-qualidade-de-vida"],"yoast_head":"<!-- This site is optimized with the Yoast SEO plugin v26.0 - https:\/\/yoast.com\/wordpress\/plugins\/seo\/ -->\n<title>Voc\u00ea sabe a diferen\u00e7a entre fam\u00edlia, linhagem, cepa e variante de um v\u00edrus? Confira nesse post! - Comunidade Ativa<\/title>\n<meta name=\"robots\" content=\"index, follow, max-snippet:-1, max-image-preview:large, max-video-preview:-1\" \/>\n<link rel=\"canonical\" href=\"https:\/\/www.comunidadeativa.jor.br\/index.php\/2021\/08\/10\/voce-sabe-a-diferenca-entre-familia-linhagem-cepa-e-variante-de-um-virus-confira-nesse-post\/\" \/>\n<meta property=\"og:locale\" content=\"pt_BR\" \/>\n<meta property=\"og:type\" content=\"article\" \/>\n<meta property=\"og:title\" content=\"Voc\u00ea sabe a diferen\u00e7a entre fam\u00edlia, linhagem, cepa e variante de um v\u00edrus? Confira nesse post! - Comunidade Ativa\" \/>\n<meta property=\"og:description\" content=\"Em tempos de pandemia, estamos expostos a uma s\u00e9rie de informa\u00e7\u00f5es que nem sempre dominamos, o que pode nos causar\" \/>\n<meta property=\"og:url\" content=\"https:\/\/www.comunidadeativa.jor.br\/index.php\/2021\/08\/10\/voce-sabe-a-diferenca-entre-familia-linhagem-cepa-e-variante-de-um-virus-confira-nesse-post\/\" \/>\n<meta property=\"og:site_name\" content=\"Comunidade Ativa\" \/>\n<meta property=\"article:publisher\" content=\"https:\/\/www.facebook.com\/comunidadeativa\" \/>\n<meta property=\"article:published_time\" content=\"2021-08-10T16:59:32+00:00\" \/>\n<meta property=\"article:modified_time\" content=\"2023-08-11T22:02:02+00:00\" \/>\n<meta property=\"og:image\" content=\"https:\/\/www.comunidadeativa.jor.br\/wp-content\/uploads\/2021\/06\/capa1.jpg\" \/>\n\t<meta property=\"og:image:width\" content=\"640\" \/>\n\t<meta property=\"og:image:height\" content=\"352\" \/>\n\t<meta property=\"og:image:type\" content=\"image\/jpeg\" \/>\n<meta name=\"author\" content=\"Comunidade Ativa\" \/>\n<meta name=\"twitter:card\" content=\"summary_large_image\" \/>\n<meta name=\"twitter:label1\" content=\"Escrito por\" \/>\n\t<meta name=\"twitter:data1\" content=\"Comunidade Ativa\" \/>\n\t<meta name=\"twitter:label2\" content=\"Est. tempo de leitura\" \/>\n\t<meta name=\"twitter:data2\" content=\"6 minutos\" \/>\n<script type=\"application\/ld+json\" class=\"yoast-schema-graph\">{\"@context\":\"https:\/\/schema.org\",\"@graph\":[{\"@type\":\"Article\",\"@id\":\"https:\/\/www.comunidadeativa.jor.br\/index.php\/2021\/08\/10\/voce-sabe-a-diferenca-entre-familia-linhagem-cepa-e-variante-de-um-virus-confira-nesse-post\/#article\",\"isPartOf\":{\"@id\":\"https:\/\/www.comunidadeativa.jor.br\/index.php\/2021\/08\/10\/voce-sabe-a-diferenca-entre-familia-linhagem-cepa-e-variante-de-um-virus-confira-nesse-post\/\"},\"author\":{\"name\":\"Comunidade Ativa\",\"@id\":\"https:\/\/www.comunidadeativa.jor.br\/#\/schema\/person\/dcaa1f1c51c1f0c47a33b2b734cad6e1\"},\"headline\":\"Voc\u00ea sabe a diferen\u00e7a entre fam\u00edlia, linhagem, cepa e variante de um v\u00edrus? Confira nesse post!\",\"datePublished\":\"2021-08-10T16:59:32+00:00\",\"dateModified\":\"2023-08-11T22:02:02+00:00\",\"mainEntityOfPage\":{\"@id\":\"https:\/\/www.comunidadeativa.jor.br\/index.php\/2021\/08\/10\/voce-sabe-a-diferenca-entre-familia-linhagem-cepa-e-variante-de-um-virus-confira-nesse-post\/\"},\"wordCount\":1266,\"publisher\":{\"@id\":\"https:\/\/www.comunidadeativa.jor.br\/#organization\"},\"image\":{\"@id\":\"https:\/\/www.comunidadeativa.jor.br\/index.php\/2021\/08\/10\/voce-sabe-a-diferenca-entre-familia-linhagem-cepa-e-variante-de-um-virus-confira-nesse-post\/#primaryimage\"},\"thumbnailUrl\":\"https:\/\/www.comunidadeativa.jor.br\/wp-content\/uploads\/2021\/06\/capa1.jpg\",\"articleSection\":[\"Sa\u00fade &amp; Qualidade de Vida\"],\"inLanguage\":\"pt-BR\"},{\"@type\":\"WebPage\",\"@id\":\"https:\/\/www.comunidadeativa.jor.br\/index.php\/2021\/08\/10\/voce-sabe-a-diferenca-entre-familia-linhagem-cepa-e-variante-de-um-virus-confira-nesse-post\/\",\"url\":\"https:\/\/www.comunidadeativa.jor.br\/index.php\/2021\/08\/10\/voce-sabe-a-diferenca-entre-familia-linhagem-cepa-e-variante-de-um-virus-confira-nesse-post\/\",\"name\":\"Voc\u00ea sabe a diferen\u00e7a entre fam\u00edlia, linhagem, cepa e variante de um v\u00edrus? Confira nesse post! - Comunidade Ativa\",\"isPartOf\":{\"@id\":\"https:\/\/www.comunidadeativa.jor.br\/#website\"},\"primaryImageOfPage\":{\"@id\":\"https:\/\/www.comunidadeativa.jor.br\/index.php\/2021\/08\/10\/voce-sabe-a-diferenca-entre-familia-linhagem-cepa-e-variante-de-um-virus-confira-nesse-post\/#primaryimage\"},\"image\":{\"@id\":\"https:\/\/www.comunidadeativa.jor.br\/index.php\/2021\/08\/10\/voce-sabe-a-diferenca-entre-familia-linhagem-cepa-e-variante-de-um-virus-confira-nesse-post\/#primaryimage\"},\"thumbnailUrl\":\"https:\/\/www.comunidadeativa.jor.br\/wp-content\/uploads\/2021\/06\/capa1.jpg\",\"datePublished\":\"2021-08-10T16:59:32+00:00\",\"dateModified\":\"2023-08-11T22:02:02+00:00\",\"breadcrumb\":{\"@id\":\"https:\/\/www.comunidadeativa.jor.br\/index.php\/2021\/08\/10\/voce-sabe-a-diferenca-entre-familia-linhagem-cepa-e-variante-de-um-virus-confira-nesse-post\/#breadcrumb\"},\"inLanguage\":\"pt-BR\",\"potentialAction\":[{\"@type\":\"ReadAction\",\"target\":[\"https:\/\/www.comunidadeativa.jor.br\/index.php\/2021\/08\/10\/voce-sabe-a-diferenca-entre-familia-linhagem-cepa-e-variante-de-um-virus-confira-nesse-post\/\"]}]},{\"@type\":\"ImageObject\",\"inLanguage\":\"pt-BR\",\"@id\":\"https:\/\/www.comunidadeativa.jor.br\/index.php\/2021\/08\/10\/voce-sabe-a-diferenca-entre-familia-linhagem-cepa-e-variante-de-um-virus-confira-nesse-post\/#primaryimage\",\"url\":\"https:\/\/www.comunidadeativa.jor.br\/wp-content\/uploads\/2021\/06\/capa1.jpg\",\"contentUrl\":\"https:\/\/www.comunidadeativa.jor.br\/wp-content\/uploads\/2021\/06\/capa1.jpg\",\"width\":640,\"height\":352},{\"@type\":\"BreadcrumbList\",\"@id\":\"https:\/\/www.comunidadeativa.jor.br\/index.php\/2021\/08\/10\/voce-sabe-a-diferenca-entre-familia-linhagem-cepa-e-variante-de-um-virus-confira-nesse-post\/#breadcrumb\",\"itemListElement\":[{\"@type\":\"ListItem\",\"position\":1,\"name\":\"In\u00edcio\",\"item\":\"https:\/\/www.comunidadeativa.jor.br\/\"},{\"@type\":\"ListItem\",\"position\":2,\"name\":\"Voc\u00ea sabe a diferen\u00e7a entre fam\u00edlia, linhagem, cepa e variante de um v\u00edrus? Confira nesse post!\"}]},{\"@type\":\"WebSite\",\"@id\":\"https:\/\/www.comunidadeativa.jor.br\/#website\",\"url\":\"https:\/\/www.comunidadeativa.jor.br\/\",\"name\":\"Comunidade Ativa\",\"description\":\"\",\"publisher\":{\"@id\":\"https:\/\/www.comunidadeativa.jor.br\/#organization\"},\"potentialAction\":[{\"@type\":\"SearchAction\",\"target\":{\"@type\":\"EntryPoint\",\"urlTemplate\":\"https:\/\/www.comunidadeativa.jor.br\/?s={search_term_string}\"},\"query-input\":{\"@type\":\"PropertyValueSpecification\",\"valueRequired\":true,\"valueName\":\"search_term_string\"}}],\"inLanguage\":\"pt-BR\"},{\"@type\":\"Organization\",\"@id\":\"https:\/\/www.comunidadeativa.jor.br\/#organization\",\"name\":\"Comunidade Ativa\",\"url\":\"https:\/\/www.comunidadeativa.jor.br\/\",\"logo\":{\"@type\":\"ImageObject\",\"inLanguage\":\"pt-BR\",\"@id\":\"https:\/\/www.comunidadeativa.jor.br\/#\/schema\/logo\/image\/\",\"url\":\"https:\/\/www.comunidadeativa.jor.br\/wp-content\/uploads\/2018\/03\/cropped-LOGOPNG-1.png\",\"contentUrl\":\"https:\/\/www.comunidadeativa.jor.br\/wp-content\/uploads\/2018\/03\/cropped-LOGOPNG-1.png\",\"width\":318,\"height\":90,\"caption\":\"Comunidade Ativa\"},\"image\":{\"@id\":\"https:\/\/www.comunidadeativa.jor.br\/#\/schema\/logo\/image\/\"},\"sameAs\":[\"https:\/\/www.facebook.com\/comunidadeativa\"]},{\"@type\":\"Person\",\"@id\":\"https:\/\/www.comunidadeativa.jor.br\/#\/schema\/person\/dcaa1f1c51c1f0c47a33b2b734cad6e1\",\"name\":\"Comunidade Ativa\",\"image\":{\"@type\":\"ImageObject\",\"inLanguage\":\"pt-BR\",\"@id\":\"https:\/\/www.comunidadeativa.jor.br\/#\/schema\/person\/image\/\",\"url\":\"https:\/\/secure.gravatar.com\/avatar\/09a9a1f85fedf41e81b47f7c1d40084f?s=96&d=mm&r=g\",\"contentUrl\":\"https:\/\/secure.gravatar.com\/avatar\/09a9a1f85fedf41e81b47f7c1d40084f?s=96&d=mm&r=g\",\"caption\":\"Comunidade Ativa\"},\"url\":\"https:\/\/www.comunidadeativa.jor.br\/index.php\/author\/casalberto\/\"}]}<\/script>\n<!-- \/ Yoast SEO plugin. -->","yoast_head_json":{"title":"Voc\u00ea sabe a diferen\u00e7a entre fam\u00edlia, linhagem, cepa e variante de um v\u00edrus? Confira nesse post! - Comunidade Ativa","robots":{"index":"index","follow":"follow","max-snippet":"max-snippet:-1","max-image-preview":"max-image-preview:large","max-video-preview":"max-video-preview:-1"},"canonical":"https:\/\/www.comunidadeativa.jor.br\/index.php\/2021\/08\/10\/voce-sabe-a-diferenca-entre-familia-linhagem-cepa-e-variante-de-um-virus-confira-nesse-post\/","og_locale":"pt_BR","og_type":"article","og_title":"Voc\u00ea sabe a diferen\u00e7a entre fam\u00edlia, linhagem, cepa e variante de um v\u00edrus? Confira nesse post! - Comunidade Ativa","og_description":"Em tempos de pandemia, estamos expostos a uma s\u00e9rie de informa\u00e7\u00f5es que nem sempre dominamos, o que pode nos causar","og_url":"https:\/\/www.comunidadeativa.jor.br\/index.php\/2021\/08\/10\/voce-sabe-a-diferenca-entre-familia-linhagem-cepa-e-variante-de-um-virus-confira-nesse-post\/","og_site_name":"Comunidade Ativa","article_publisher":"https:\/\/www.facebook.com\/comunidadeativa","article_published_time":"2021-08-10T16:59:32+00:00","article_modified_time":"2023-08-11T22:02:02+00:00","og_image":[{"width":640,"height":352,"url":"https:\/\/www.comunidadeativa.jor.br\/wp-content\/uploads\/2021\/06\/capa1.jpg","type":"image\/jpeg"}],"author":"Comunidade Ativa","twitter_card":"summary_large_image","twitter_misc":{"Escrito por":"Comunidade Ativa","Est. tempo de leitura":"6 minutos"},"schema":{"@context":"https:\/\/schema.org","@graph":[{"@type":"Article","@id":"https:\/\/www.comunidadeativa.jor.br\/index.php\/2021\/08\/10\/voce-sabe-a-diferenca-entre-familia-linhagem-cepa-e-variante-de-um-virus-confira-nesse-post\/#article","isPartOf":{"@id":"https:\/\/www.comunidadeativa.jor.br\/index.php\/2021\/08\/10\/voce-sabe-a-diferenca-entre-familia-linhagem-cepa-e-variante-de-um-virus-confira-nesse-post\/"},"author":{"name":"Comunidade Ativa","@id":"https:\/\/www.comunidadeativa.jor.br\/#\/schema\/person\/dcaa1f1c51c1f0c47a33b2b734cad6e1"},"headline":"Voc\u00ea sabe a diferen\u00e7a entre fam\u00edlia, linhagem, cepa e variante de um v\u00edrus? Confira nesse post!","datePublished":"2021-08-10T16:59:32+00:00","dateModified":"2023-08-11T22:02:02+00:00","mainEntityOfPage":{"@id":"https:\/\/www.comunidadeativa.jor.br\/index.php\/2021\/08\/10\/voce-sabe-a-diferenca-entre-familia-linhagem-cepa-e-variante-de-um-virus-confira-nesse-post\/"},"wordCount":1266,"publisher":{"@id":"https:\/\/www.comunidadeativa.jor.br\/#organization"},"image":{"@id":"https:\/\/www.comunidadeativa.jor.br\/index.php\/2021\/08\/10\/voce-sabe-a-diferenca-entre-familia-linhagem-cepa-e-variante-de-um-virus-confira-nesse-post\/#primaryimage"},"thumbnailUrl":"https:\/\/www.comunidadeativa.jor.br\/wp-content\/uploads\/2021\/06\/capa1.jpg","articleSection":["Sa\u00fade &amp; Qualidade de Vida"],"inLanguage":"pt-BR"},{"@type":"WebPage","@id":"https:\/\/www.comunidadeativa.jor.br\/index.php\/2021\/08\/10\/voce-sabe-a-diferenca-entre-familia-linhagem-cepa-e-variante-de-um-virus-confira-nesse-post\/","url":"https:\/\/www.comunidadeativa.jor.br\/index.php\/2021\/08\/10\/voce-sabe-a-diferenca-entre-familia-linhagem-cepa-e-variante-de-um-virus-confira-nesse-post\/","name":"Voc\u00ea sabe a diferen\u00e7a entre fam\u00edlia, linhagem, cepa e variante de um v\u00edrus? Confira nesse post! - Comunidade Ativa","isPartOf":{"@id":"https:\/\/www.comunidadeativa.jor.br\/#website"},"primaryImageOfPage":{"@id":"https:\/\/www.comunidadeativa.jor.br\/index.php\/2021\/08\/10\/voce-sabe-a-diferenca-entre-familia-linhagem-cepa-e-variante-de-um-virus-confira-nesse-post\/#primaryimage"},"image":{"@id":"https:\/\/www.comunidadeativa.jor.br\/index.php\/2021\/08\/10\/voce-sabe-a-diferenca-entre-familia-linhagem-cepa-e-variante-de-um-virus-confira-nesse-post\/#primaryimage"},"thumbnailUrl":"https:\/\/www.comunidadeativa.jor.br\/wp-content\/uploads\/2021\/06\/capa1.jpg","datePublished":"2021-08-10T16:59:32+00:00","dateModified":"2023-08-11T22:02:02+00:00","breadcrumb":{"@id":"https:\/\/www.comunidadeativa.jor.br\/index.php\/2021\/08\/10\/voce-sabe-a-diferenca-entre-familia-linhagem-cepa-e-variante-de-um-virus-confira-nesse-post\/#breadcrumb"},"inLanguage":"pt-BR","potentialAction":[{"@type":"ReadAction","target":["https:\/\/www.comunidadeativa.jor.br\/index.php\/2021\/08\/10\/voce-sabe-a-diferenca-entre-familia-linhagem-cepa-e-variante-de-um-virus-confira-nesse-post\/"]}]},{"@type":"ImageObject","inLanguage":"pt-BR","@id":"https:\/\/www.comunidadeativa.jor.br\/index.php\/2021\/08\/10\/voce-sabe-a-diferenca-entre-familia-linhagem-cepa-e-variante-de-um-virus-confira-nesse-post\/#primaryimage","url":"https:\/\/www.comunidadeativa.jor.br\/wp-content\/uploads\/2021\/06\/capa1.jpg","contentUrl":"https:\/\/www.comunidadeativa.jor.br\/wp-content\/uploads\/2021\/06\/capa1.jpg","width":640,"height":352},{"@type":"BreadcrumbList","@id":"https:\/\/www.comunidadeativa.jor.br\/index.php\/2021\/08\/10\/voce-sabe-a-diferenca-entre-familia-linhagem-cepa-e-variante-de-um-virus-confira-nesse-post\/#breadcrumb","itemListElement":[{"@type":"ListItem","position":1,"name":"In\u00edcio","item":"https:\/\/www.comunidadeativa.jor.br\/"},{"@type":"ListItem","position":2,"name":"Voc\u00ea sabe a diferen\u00e7a entre fam\u00edlia, linhagem, cepa e variante de um v\u00edrus? Confira nesse post!"}]},{"@type":"WebSite","@id":"https:\/\/www.comunidadeativa.jor.br\/#website","url":"https:\/\/www.comunidadeativa.jor.br\/","name":"Comunidade Ativa","description":"","publisher":{"@id":"https:\/\/www.comunidadeativa.jor.br\/#organization"},"potentialAction":[{"@type":"SearchAction","target":{"@type":"EntryPoint","urlTemplate":"https:\/\/www.comunidadeativa.jor.br\/?s={search_term_string}"},"query-input":{"@type":"PropertyValueSpecification","valueRequired":true,"valueName":"search_term_string"}}],"inLanguage":"pt-BR"},{"@type":"Organization","@id":"https:\/\/www.comunidadeativa.jor.br\/#organization","name":"Comunidade Ativa","url":"https:\/\/www.comunidadeativa.jor.br\/","logo":{"@type":"ImageObject","inLanguage":"pt-BR","@id":"https:\/\/www.comunidadeativa.jor.br\/#\/schema\/logo\/image\/","url":"https:\/\/www.comunidadeativa.jor.br\/wp-content\/uploads\/2018\/03\/cropped-LOGOPNG-1.png","contentUrl":"https:\/\/www.comunidadeativa.jor.br\/wp-content\/uploads\/2018\/03\/cropped-LOGOPNG-1.png","width":318,"height":90,"caption":"Comunidade Ativa"},"image":{"@id":"https:\/\/www.comunidadeativa.jor.br\/#\/schema\/logo\/image\/"},"sameAs":["https:\/\/www.facebook.com\/comunidadeativa"]},{"@type":"Person","@id":"https:\/\/www.comunidadeativa.jor.br\/#\/schema\/person\/dcaa1f1c51c1f0c47a33b2b734cad6e1","name":"Comunidade Ativa","image":{"@type":"ImageObject","inLanguage":"pt-BR","@id":"https:\/\/www.comunidadeativa.jor.br\/#\/schema\/person\/image\/","url":"https:\/\/secure.gravatar.com\/avatar\/09a9a1f85fedf41e81b47f7c1d40084f?s=96&d=mm&r=g","contentUrl":"https:\/\/secure.gravatar.com\/avatar\/09a9a1f85fedf41e81b47f7c1d40084f?s=96&d=mm&r=g","caption":"Comunidade Ativa"},"url":"https:\/\/www.comunidadeativa.jor.br\/index.php\/author\/casalberto\/"}]}},"_links":{"self":[{"href":"https:\/\/www.comunidadeativa.jor.br\/index.php\/wp-json\/wp\/v2\/posts\/2373","targetHints":{"allow":["GET"]}}],"collection":[{"href":"https:\/\/www.comunidadeativa.jor.br\/index.php\/wp-json\/wp\/v2\/posts"}],"about":[{"href":"https:\/\/www.comunidadeativa.jor.br\/index.php\/wp-json\/wp\/v2\/types\/post"}],"author":[{"embeddable":true,"href":"https:\/\/www.comunidadeativa.jor.br\/index.php\/wp-json\/wp\/v2\/users\/1"}],"replies":[{"embeddable":true,"href":"https:\/\/www.comunidadeativa.jor.br\/index.php\/wp-json\/wp\/v2\/comments?post=2373"}],"version-history":[{"count":5,"href":"https:\/\/www.comunidadeativa.jor.br\/index.php\/wp-json\/wp\/v2\/posts\/2373\/revisions"}],"predecessor-version":[{"id":3897,"href":"https:\/\/www.comunidadeativa.jor.br\/index.php\/wp-json\/wp\/v2\/posts\/2373\/revisions\/3897"}],"wp:featuredmedia":[{"embeddable":true,"href":"https:\/\/www.comunidadeativa.jor.br\/index.php\/wp-json\/wp\/v2\/media\/2151"}],"wp:attachment":[{"href":"https:\/\/www.comunidadeativa.jor.br\/index.php\/wp-json\/wp\/v2\/media?parent=2373"}],"wp:term":[{"taxonomy":"category","embeddable":true,"href":"https:\/\/www.comunidadeativa.jor.br\/index.php\/wp-json\/wp\/v2\/categories?post=2373"},{"taxonomy":"post_tag","embeddable":true,"href":"https:\/\/www.comunidadeativa.jor.br\/index.php\/wp-json\/wp\/v2\/tags?post=2373"}],"curies":[{"name":"wp","href":"https:\/\/api.w.org\/{rel}","templated":true}]}}