{"id":2413,"date":"2021-08-24T12:45:15","date_gmt":"2021-08-24T15:45:15","guid":{"rendered":"https:\/\/www.comunidadeativa.jor.br\/?p=2413"},"modified":"2023-08-11T19:04:00","modified_gmt":"2023-08-11T22:04:00","slug":"comemorando-18-anos-de-criacao-a-guarda-municipal-de-bh-tambem-atua-como-policia-na-capital","status":"publish","type":"post","link":"https:\/\/www.comunidadeativa.jor.br\/index.php\/2021\/08\/24\/comemorando-18-anos-de-criacao-a-guarda-municipal-de-bh-tambem-atua-como-policia-na-capital\/","title":{"rendered":"Comemorando 18 anos de cria\u00e7\u00e3o, a Guarda Municipal de BH tamb\u00e9m atua como pol\u00edcia na capital. Voc\u00ea sabia?"},"content":{"rendered":"<p>Na quarta-feira, 25, a Guarda Civil Municipal de Belo Horizonte (GMBH) completar\u00e1 18 anos de funda\u00e7\u00e3o, ao longo dos quais passou por importantes transforma\u00e7\u00f5es. Criada pela da Prefeitura Municipal de Belo Horizonte (PBH), por meio da <a href=\"https:\/\/leismunicipais.com.br\/a\/mg\/b\/belo-horizonte\/lei-ordinaria\/2003\/848\/8486\/lei-ordinaria-n-8486-2003-cria-a-guarda-municipal-patrimonial-e-da-outras-providencias\" target=\"_blank\" rel=\"noopener\">Lei Municipal 8.486, de 2003,<\/a>\u00a0inicialmente a GMBH tinha as fun\u00e7\u00f5es de proteger o patrim\u00f4nio p\u00fablico da capital, prestar servi\u00e7os de vigil\u00e2ncia nos \u00f3rg\u00e3os de administra\u00e7\u00e3o do munic\u00edpio e de auxiliar as a\u00e7\u00f5es de fiscaliza\u00e7\u00e3o e de defesa civil da PBH.<\/p>\n<p>Entretanto, a partir do <a href=\"http:\/\/www.planalto.gov.br\/ccivil_03\/_ato2011-2014\/2014\/lei\/l13022.htm\" target=\"_blank\" rel=\"noopener\">Estatuto Geral das Guardas Municipais \u2014 Lei Federal n\u00ba 13.222, de 2014<\/a> \u2014, al\u00e9m das atribui\u00e7\u00f5es originais, as guardas municipais de todo o Brasil tamb\u00e9m foram incumbidas de fun\u00e7\u00f5es de seguran\u00e7a preventiva, como as de prote\u00e7\u00e3o dos direitos humanos, de preserva\u00e7\u00e3o da vida e de patrulhamento, entre outras pr\u00f3prias das for\u00e7as policiais. Com base nisso, desde 2017, a GMBH deixou de atuar exclusivamente como guarda patrimonial e passou a exercer tamb\u00e9m o policiamento preventivo comunit\u00e1rio, passando os agentes a atuarem, inclusive, com o porte de armas de fogo.<\/p>\n<h5>\u00a0Nova postura<\/h5>\n<p>A partir do novo modelo de atua\u00e7\u00e3o, o belo-horizontino que j\u00e1 estava habituado \u00e0 presen\u00e7a dos guardas municipais nos espa\u00e7os p\u00fablicos tamb\u00e9m passou a contar com o refor\u00e7o deles como agentes de seguran\u00e7a que refor\u00e7am o policiamento da capital. Atualmente, os 2037 integrantes da institui\u00e7\u00e3o mant\u00eam as fun\u00e7\u00f5es originais de garantir a prote\u00e7\u00e3o do patrim\u00f4nio e dos cidad\u00e3os nos v\u00e1rios \u00f3rg\u00e3os e equipamentos municipais \u2014 como unidades de sa\u00fade, parques e escolas \u2014, mas tamb\u00e9m atendem \u00e0 prerrogativa do policiamento preventivo, seja por meio da presen\u00e7a fixa em pontos espec\u00edficos, seja a partir de rondas a p\u00e9 ou em viaturas.<\/p>\n<figure id=\"attachment_2395\" aria-describedby=\"caption-attachment-2395\" style=\"width: 398px\" class=\"wp-caption alignright\"><img loading=\"lazy\" decoding=\"async\" class=\" wp-image-2395\" src=\"https:\/\/www.comunidadeativa.jor.br\/wp-content\/uploads\/2021\/08\/gm.jpg\" alt=\"\" width=\"398\" height=\"286\" srcset=\"https:\/\/www.comunidadeativa.jor.br\/wp-content\/uploads\/2021\/08\/gm.jpg 1063w, https:\/\/www.comunidadeativa.jor.br\/wp-content\/uploads\/2021\/08\/gm-300x216.jpg 300w, https:\/\/www.comunidadeativa.jor.br\/wp-content\/uploads\/2021\/08\/gm-1024x736.jpg 1024w, https:\/\/www.comunidadeativa.jor.br\/wp-content\/uploads\/2021\/08\/gm-768x552.jpg 768w\" sizes=\"auto, (max-width: 398px) 100vw, 398px\" \/><figcaption id=\"caption-attachment-2395\" class=\"wp-caption-text\">Visando uma pareceria em torno da seguran\u00e7a p\u00fablica, no \u00faltimo dia 17, o subinspetor Meira (esquerda) e o superintendente de Opera\u00e7\u00f5es da GMBH se reuniram com o presidente Carlos Alberto Rocha e com o tesoureiro da Amoran, Saulo Jardim (Foto: GMBH\/Divulga\u00e7\u00e3o)<\/figcaption><\/figure>\n<p>Al\u00e9m disso, cabe \u00e0 GMBH, atuar na fiscaliza\u00e7\u00e3o do tr\u00e2nsito da cidade, apoiar a a\u00e7\u00e3o de fiscais municipais e tamb\u00e9m manter a ordem p\u00fablica, combatendo a atividade de vendedores clandestinos em espa\u00e7os p\u00fablicos e intervindo em situa\u00e7\u00f5es que configurem desrespeito ao c\u00f3digo de posturas \u2014 como a interdi\u00e7\u00e3o n\u00e3o autorizada de vias p\u00fablicas e a n\u00e3o observa\u00e7\u00e3o da lei do sil\u00eancio.<\/p>\n<p>Com essa nova postura, a GMBH deu in\u00edcio a uma s\u00e9rie de a\u00e7\u00f5es de seguran\u00e7a preventiva, com destaque para as opera\u00e7\u00f5es Viagem Segura e Sentinela, Cerol Mata e de Combate \u00e0 Importuna\u00e7\u00e3o Sexual no Transporte Coletivo.<\/p>\n<p>Devido \u00e0 pandemia da Covid-19, aos guardas municipais de Belo Horizonte tamb\u00e9m foram atribu\u00eddas fun\u00e7\u00f5es que contribuem com o enfrentamento ao v\u00edrus na capital. Assim, os agentes passaram a apoiar os fiscais de controle Urban\u00edstico e Ambiental da Subsecretaria de Fiscaliza\u00e7\u00e3o (SUFIS) para o cumprimento dos decretos municipais nas diferentes fases de isolamento adotadas no Munic\u00edpio.<\/p>\n<h5>Rotina<\/h5>\n<p>Com frota composta por 154 viaturas \u2014 que incluem 74 motocicletas \u2014, a GMBH faz o patrulhamento das nove regionais da cidade, efetuando rondas peri\u00f3dicas durante as 24 horas do dia. As a\u00e7\u00f5es de preven\u00e7\u00e3o e policiamento comunit\u00e1rio s\u00e3o otimizadas pelo monitoramento de imagens captadas pelo Centro de Opera\u00e7\u00f5es da PBH (COP-BH) que \u00e9 composto por 2.145 c\u00e2meras espalhadas pela cidade, possibilitando a identifica\u00e7\u00e3o e a pris\u00e3o em flagrante de autores de delitos diversos, que s\u00e3o encaminhados para as Centrais de Flagrantes (Ceflans) da Pol\u00edcia Civil.<\/p>\n<p>Buscando ampliar o efetivo, a GMBH selecionou 500 novos guardas municipais entre os candidatos aprovados em concurso realizado em 2019, mantendo ainda 1,5 mil aprovados em lista de espera, que pode ser aproveitada em admiss\u00f5es futuras. Contudo, em fun\u00e7\u00e3o da pandemia, foi necess\u00e1rio adiar o processo de treinamento dos novos agentes, o que, naturalmente, tamb\u00e9m adiou a integra\u00e7\u00e3o de novos guardas municipais ao efetivo. Segundo a Secretaria Municipal de Seguran\u00e7a e Preven\u00e7\u00e3o (SMSP), \u00e0 qual a GMBH est\u00e1 submetida, a integra\u00e7\u00e3o acontecer\u00e1 assim que as condi\u00e7\u00f5es sanit\u00e1rias permitirem.<\/p>\n<p>&nbsp;<\/p>\n<p>&nbsp;<\/p>\n<form style=\"padding-left: 80px;\" action=\"https:\/\/pagseguro.uol.com.br\/checkout\/v2\/donation.html\" method=\"post\"><!-- FINAL FORMULARIO BOTAO PAGSEGURO --><\/p>\n<hr \/>\n<\/form>\n<p>&nbsp;<\/p>\n","protected":false},"excerpt":{"rendered":"<p>Na quarta-feira, 25, a Guarda Civil Municipal de Belo Horizonte (GMBH) completar\u00e1 18 anos de funda\u00e7\u00e3o, ao longo dos quais<\/p>\n","protected":false},"author":1,"featured_media":2414,"comment_status":"closed","ping_status":"open","sticky":false,"template":"","format":"standard","meta":{"footnotes":""},"categories":[12],"tags":[],"class_list":["post-2413","post","type-post","status-publish","format-standard","has-post-thumbnail","hentry","category-cidadania"],"yoast_head":"<!-- This site is optimized with the Yoast SEO plugin v26.0 - https:\/\/yoast.com\/wordpress\/plugins\/seo\/ -->\n<title>Comemorando 18 anos de cria\u00e7\u00e3o, a Guarda Municipal de BH tamb\u00e9m atua como pol\u00edcia na capital. Voc\u00ea sabia? - Comunidade Ativa<\/title>\n<meta name=\"robots\" content=\"index, follow, max-snippet:-1, max-image-preview:large, max-video-preview:-1\" \/>\n<link rel=\"canonical\" href=\"https:\/\/www.comunidadeativa.jor.br\/index.php\/2021\/08\/24\/comemorando-18-anos-de-criacao-a-guarda-municipal-de-bh-tambem-atua-como-policia-na-capital\/\" \/>\n<meta property=\"og:locale\" content=\"pt_BR\" \/>\n<meta property=\"og:type\" content=\"article\" \/>\n<meta property=\"og:title\" content=\"Comemorando 18 anos de cria\u00e7\u00e3o, a Guarda Municipal de BH tamb\u00e9m atua como pol\u00edcia na capital. Voc\u00ea sabia? - Comunidade Ativa\" \/>\n<meta property=\"og:description\" content=\"Na quarta-feira, 25, a Guarda Civil Municipal de Belo Horizonte (GMBH) completar\u00e1 18 anos de funda\u00e7\u00e3o, ao longo dos quais\" \/>\n<meta property=\"og:url\" content=\"https:\/\/www.comunidadeativa.jor.br\/index.php\/2021\/08\/24\/comemorando-18-anos-de-criacao-a-guarda-municipal-de-bh-tambem-atua-como-policia-na-capital\/\" \/>\n<meta property=\"og:site_name\" content=\"Comunidade Ativa\" \/>\n<meta property=\"article:publisher\" content=\"https:\/\/www.facebook.com\/comunidadeativa\" \/>\n<meta property=\"article:published_time\" content=\"2021-08-24T15:45:15+00:00\" \/>\n<meta property=\"article:modified_time\" content=\"2023-08-11T22:04:00+00:00\" \/>\n<meta property=\"og:image\" content=\"https:\/\/www.comunidadeativa.jor.br\/wp-content\/uploads\/2021\/08\/capa-14.jpg\" \/>\n\t<meta property=\"og:image:width\" content=\"640\" \/>\n\t<meta property=\"og:image:height\" content=\"352\" \/>\n\t<meta property=\"og:image:type\" content=\"image\/jpeg\" \/>\n<meta name=\"author\" content=\"Comunidade Ativa\" \/>\n<meta name=\"twitter:card\" content=\"summary_large_image\" \/>\n<meta name=\"twitter:label1\" content=\"Escrito por\" \/>\n\t<meta name=\"twitter:data1\" content=\"Comunidade Ativa\" \/>\n\t<meta name=\"twitter:label2\" content=\"Est. tempo de leitura\" \/>\n\t<meta name=\"twitter:data2\" content=\"4 minutos\" \/>\n<script type=\"application\/ld+json\" class=\"yoast-schema-graph\">{\"@context\":\"https:\/\/schema.org\",\"@graph\":[{\"@type\":\"Article\",\"@id\":\"https:\/\/www.comunidadeativa.jor.br\/index.php\/2021\/08\/24\/comemorando-18-anos-de-criacao-a-guarda-municipal-de-bh-tambem-atua-como-policia-na-capital\/#article\",\"isPartOf\":{\"@id\":\"https:\/\/www.comunidadeativa.jor.br\/index.php\/2021\/08\/24\/comemorando-18-anos-de-criacao-a-guarda-municipal-de-bh-tambem-atua-como-policia-na-capital\/\"},\"author\":{\"name\":\"Comunidade Ativa\",\"@id\":\"https:\/\/www.comunidadeativa.jor.br\/#\/schema\/person\/dcaa1f1c51c1f0c47a33b2b734cad6e1\"},\"headline\":\"Comemorando 18 anos de cria\u00e7\u00e3o, a Guarda Municipal de BH tamb\u00e9m atua como pol\u00edcia na capital. Voc\u00ea sabia?\",\"datePublished\":\"2021-08-24T15:45:15+00:00\",\"dateModified\":\"2023-08-11T22:04:00+00:00\",\"mainEntityOfPage\":{\"@id\":\"https:\/\/www.comunidadeativa.jor.br\/index.php\/2021\/08\/24\/comemorando-18-anos-de-criacao-a-guarda-municipal-de-bh-tambem-atua-como-policia-na-capital\/\"},\"wordCount\":738,\"publisher\":{\"@id\":\"https:\/\/www.comunidadeativa.jor.br\/#organization\"},\"image\":{\"@id\":\"https:\/\/www.comunidadeativa.jor.br\/index.php\/2021\/08\/24\/comemorando-18-anos-de-criacao-a-guarda-municipal-de-bh-tambem-atua-como-policia-na-capital\/#primaryimage\"},\"thumbnailUrl\":\"https:\/\/www.comunidadeativa.jor.br\/wp-content\/uploads\/2021\/08\/capa-14.jpg\",\"articleSection\":[\"Cidadania\"],\"inLanguage\":\"pt-BR\"},{\"@type\":\"WebPage\",\"@id\":\"https:\/\/www.comunidadeativa.jor.br\/index.php\/2021\/08\/24\/comemorando-18-anos-de-criacao-a-guarda-municipal-de-bh-tambem-atua-como-policia-na-capital\/\",\"url\":\"https:\/\/www.comunidadeativa.jor.br\/index.php\/2021\/08\/24\/comemorando-18-anos-de-criacao-a-guarda-municipal-de-bh-tambem-atua-como-policia-na-capital\/\",\"name\":\"Comemorando 18 anos de cria\u00e7\u00e3o, a Guarda Municipal de BH tamb\u00e9m atua como pol\u00edcia na capital. Voc\u00ea sabia? - Comunidade Ativa\",\"isPartOf\":{\"@id\":\"https:\/\/www.comunidadeativa.jor.br\/#website\"},\"primaryImageOfPage\":{\"@id\":\"https:\/\/www.comunidadeativa.jor.br\/index.php\/2021\/08\/24\/comemorando-18-anos-de-criacao-a-guarda-municipal-de-bh-tambem-atua-como-policia-na-capital\/#primaryimage\"},\"image\":{\"@id\":\"https:\/\/www.comunidadeativa.jor.br\/index.php\/2021\/08\/24\/comemorando-18-anos-de-criacao-a-guarda-municipal-de-bh-tambem-atua-como-policia-na-capital\/#primaryimage\"},\"thumbnailUrl\":\"https:\/\/www.comunidadeativa.jor.br\/wp-content\/uploads\/2021\/08\/capa-14.jpg\",\"datePublished\":\"2021-08-24T15:45:15+00:00\",\"dateModified\":\"2023-08-11T22:04:00+00:00\",\"breadcrumb\":{\"@id\":\"https:\/\/www.comunidadeativa.jor.br\/index.php\/2021\/08\/24\/comemorando-18-anos-de-criacao-a-guarda-municipal-de-bh-tambem-atua-como-policia-na-capital\/#breadcrumb\"},\"inLanguage\":\"pt-BR\",\"potentialAction\":[{\"@type\":\"ReadAction\",\"target\":[\"https:\/\/www.comunidadeativa.jor.br\/index.php\/2021\/08\/24\/comemorando-18-anos-de-criacao-a-guarda-municipal-de-bh-tambem-atua-como-policia-na-capital\/\"]}]},{\"@type\":\"ImageObject\",\"inLanguage\":\"pt-BR\",\"@id\":\"https:\/\/www.comunidadeativa.jor.br\/index.php\/2021\/08\/24\/comemorando-18-anos-de-criacao-a-guarda-municipal-de-bh-tambem-atua-como-policia-na-capital\/#primaryimage\",\"url\":\"https:\/\/www.comunidadeativa.jor.br\/wp-content\/uploads\/2021\/08\/capa-14.jpg\",\"contentUrl\":\"https:\/\/www.comunidadeativa.jor.br\/wp-content\/uploads\/2021\/08\/capa-14.jpg\",\"width\":640,\"height\":352},{\"@type\":\"BreadcrumbList\",\"@id\":\"https:\/\/www.comunidadeativa.jor.br\/index.php\/2021\/08\/24\/comemorando-18-anos-de-criacao-a-guarda-municipal-de-bh-tambem-atua-como-policia-na-capital\/#breadcrumb\",\"itemListElement\":[{\"@type\":\"ListItem\",\"position\":1,\"name\":\"In\u00edcio\",\"item\":\"https:\/\/www.comunidadeativa.jor.br\/\"},{\"@type\":\"ListItem\",\"position\":2,\"name\":\"Comemorando 18 anos de cria\u00e7\u00e3o, a Guarda Municipal de BH tamb\u00e9m atua como pol\u00edcia na capital. Voc\u00ea sabia?\"}]},{\"@type\":\"WebSite\",\"@id\":\"https:\/\/www.comunidadeativa.jor.br\/#website\",\"url\":\"https:\/\/www.comunidadeativa.jor.br\/\",\"name\":\"Comunidade Ativa\",\"description\":\"\",\"publisher\":{\"@id\":\"https:\/\/www.comunidadeativa.jor.br\/#organization\"},\"potentialAction\":[{\"@type\":\"SearchAction\",\"target\":{\"@type\":\"EntryPoint\",\"urlTemplate\":\"https:\/\/www.comunidadeativa.jor.br\/?s={search_term_string}\"},\"query-input\":{\"@type\":\"PropertyValueSpecification\",\"valueRequired\":true,\"valueName\":\"search_term_string\"}}],\"inLanguage\":\"pt-BR\"},{\"@type\":\"Organization\",\"@id\":\"https:\/\/www.comunidadeativa.jor.br\/#organization\",\"name\":\"Comunidade Ativa\",\"url\":\"https:\/\/www.comunidadeativa.jor.br\/\",\"logo\":{\"@type\":\"ImageObject\",\"inLanguage\":\"pt-BR\",\"@id\":\"https:\/\/www.comunidadeativa.jor.br\/#\/schema\/logo\/image\/\",\"url\":\"https:\/\/www.comunidadeativa.jor.br\/wp-content\/uploads\/2018\/03\/cropped-LOGOPNG-1.png\",\"contentUrl\":\"https:\/\/www.comunidadeativa.jor.br\/wp-content\/uploads\/2018\/03\/cropped-LOGOPNG-1.png\",\"width\":318,\"height\":90,\"caption\":\"Comunidade Ativa\"},\"image\":{\"@id\":\"https:\/\/www.comunidadeativa.jor.br\/#\/schema\/logo\/image\/\"},\"sameAs\":[\"https:\/\/www.facebook.com\/comunidadeativa\"]},{\"@type\":\"Person\",\"@id\":\"https:\/\/www.comunidadeativa.jor.br\/#\/schema\/person\/dcaa1f1c51c1f0c47a33b2b734cad6e1\",\"name\":\"Comunidade Ativa\",\"image\":{\"@type\":\"ImageObject\",\"inLanguage\":\"pt-BR\",\"@id\":\"https:\/\/www.comunidadeativa.jor.br\/#\/schema\/person\/image\/\",\"url\":\"https:\/\/secure.gravatar.com\/avatar\/09a9a1f85fedf41e81b47f7c1d40084f?s=96&d=mm&r=g\",\"contentUrl\":\"https:\/\/secure.gravatar.com\/avatar\/09a9a1f85fedf41e81b47f7c1d40084f?s=96&d=mm&r=g\",\"caption\":\"Comunidade Ativa\"},\"url\":\"https:\/\/www.comunidadeativa.jor.br\/index.php\/author\/casalberto\/\"}]}<\/script>\n<!-- \/ Yoast SEO plugin. -->","yoast_head_json":{"title":"Comemorando 18 anos de cria\u00e7\u00e3o, a Guarda Municipal de BH tamb\u00e9m atua como pol\u00edcia na capital. Voc\u00ea sabia? - Comunidade Ativa","robots":{"index":"index","follow":"follow","max-snippet":"max-snippet:-1","max-image-preview":"max-image-preview:large","max-video-preview":"max-video-preview:-1"},"canonical":"https:\/\/www.comunidadeativa.jor.br\/index.php\/2021\/08\/24\/comemorando-18-anos-de-criacao-a-guarda-municipal-de-bh-tambem-atua-como-policia-na-capital\/","og_locale":"pt_BR","og_type":"article","og_title":"Comemorando 18 anos de cria\u00e7\u00e3o, a Guarda Municipal de BH tamb\u00e9m atua como pol\u00edcia na capital. Voc\u00ea sabia? - Comunidade Ativa","og_description":"Na quarta-feira, 25, a Guarda Civil Municipal de Belo Horizonte (GMBH) completar\u00e1 18 anos de funda\u00e7\u00e3o, ao longo dos quais","og_url":"https:\/\/www.comunidadeativa.jor.br\/index.php\/2021\/08\/24\/comemorando-18-anos-de-criacao-a-guarda-municipal-de-bh-tambem-atua-como-policia-na-capital\/","og_site_name":"Comunidade Ativa","article_publisher":"https:\/\/www.facebook.com\/comunidadeativa","article_published_time":"2021-08-24T15:45:15+00:00","article_modified_time":"2023-08-11T22:04:00+00:00","og_image":[{"width":640,"height":352,"url":"https:\/\/www.comunidadeativa.jor.br\/wp-content\/uploads\/2021\/08\/capa-14.jpg","type":"image\/jpeg"}],"author":"Comunidade Ativa","twitter_card":"summary_large_image","twitter_misc":{"Escrito por":"Comunidade Ativa","Est. tempo de leitura":"4 minutos"},"schema":{"@context":"https:\/\/schema.org","@graph":[{"@type":"Article","@id":"https:\/\/www.comunidadeativa.jor.br\/index.php\/2021\/08\/24\/comemorando-18-anos-de-criacao-a-guarda-municipal-de-bh-tambem-atua-como-policia-na-capital\/#article","isPartOf":{"@id":"https:\/\/www.comunidadeativa.jor.br\/index.php\/2021\/08\/24\/comemorando-18-anos-de-criacao-a-guarda-municipal-de-bh-tambem-atua-como-policia-na-capital\/"},"author":{"name":"Comunidade Ativa","@id":"https:\/\/www.comunidadeativa.jor.br\/#\/schema\/person\/dcaa1f1c51c1f0c47a33b2b734cad6e1"},"headline":"Comemorando 18 anos de cria\u00e7\u00e3o, a Guarda Municipal de BH tamb\u00e9m atua como pol\u00edcia na capital. Voc\u00ea sabia?","datePublished":"2021-08-24T15:45:15+00:00","dateModified":"2023-08-11T22:04:00+00:00","mainEntityOfPage":{"@id":"https:\/\/www.comunidadeativa.jor.br\/index.php\/2021\/08\/24\/comemorando-18-anos-de-criacao-a-guarda-municipal-de-bh-tambem-atua-como-policia-na-capital\/"},"wordCount":738,"publisher":{"@id":"https:\/\/www.comunidadeativa.jor.br\/#organization"},"image":{"@id":"https:\/\/www.comunidadeativa.jor.br\/index.php\/2021\/08\/24\/comemorando-18-anos-de-criacao-a-guarda-municipal-de-bh-tambem-atua-como-policia-na-capital\/#primaryimage"},"thumbnailUrl":"https:\/\/www.comunidadeativa.jor.br\/wp-content\/uploads\/2021\/08\/capa-14.jpg","articleSection":["Cidadania"],"inLanguage":"pt-BR"},{"@type":"WebPage","@id":"https:\/\/www.comunidadeativa.jor.br\/index.php\/2021\/08\/24\/comemorando-18-anos-de-criacao-a-guarda-municipal-de-bh-tambem-atua-como-policia-na-capital\/","url":"https:\/\/www.comunidadeativa.jor.br\/index.php\/2021\/08\/24\/comemorando-18-anos-de-criacao-a-guarda-municipal-de-bh-tambem-atua-como-policia-na-capital\/","name":"Comemorando 18 anos de cria\u00e7\u00e3o, a Guarda Municipal de BH tamb\u00e9m atua como pol\u00edcia na capital. Voc\u00ea sabia? - Comunidade Ativa","isPartOf":{"@id":"https:\/\/www.comunidadeativa.jor.br\/#website"},"primaryImageOfPage":{"@id":"https:\/\/www.comunidadeativa.jor.br\/index.php\/2021\/08\/24\/comemorando-18-anos-de-criacao-a-guarda-municipal-de-bh-tambem-atua-como-policia-na-capital\/#primaryimage"},"image":{"@id":"https:\/\/www.comunidadeativa.jor.br\/index.php\/2021\/08\/24\/comemorando-18-anos-de-criacao-a-guarda-municipal-de-bh-tambem-atua-como-policia-na-capital\/#primaryimage"},"thumbnailUrl":"https:\/\/www.comunidadeativa.jor.br\/wp-content\/uploads\/2021\/08\/capa-14.jpg","datePublished":"2021-08-24T15:45:15+00:00","dateModified":"2023-08-11T22:04:00+00:00","breadcrumb":{"@id":"https:\/\/www.comunidadeativa.jor.br\/index.php\/2021\/08\/24\/comemorando-18-anos-de-criacao-a-guarda-municipal-de-bh-tambem-atua-como-policia-na-capital\/#breadcrumb"},"inLanguage":"pt-BR","potentialAction":[{"@type":"ReadAction","target":["https:\/\/www.comunidadeativa.jor.br\/index.php\/2021\/08\/24\/comemorando-18-anos-de-criacao-a-guarda-municipal-de-bh-tambem-atua-como-policia-na-capital\/"]}]},{"@type":"ImageObject","inLanguage":"pt-BR","@id":"https:\/\/www.comunidadeativa.jor.br\/index.php\/2021\/08\/24\/comemorando-18-anos-de-criacao-a-guarda-municipal-de-bh-tambem-atua-como-policia-na-capital\/#primaryimage","url":"https:\/\/www.comunidadeativa.jor.br\/wp-content\/uploads\/2021\/08\/capa-14.jpg","contentUrl":"https:\/\/www.comunidadeativa.jor.br\/wp-content\/uploads\/2021\/08\/capa-14.jpg","width":640,"height":352},{"@type":"BreadcrumbList","@id":"https:\/\/www.comunidadeativa.jor.br\/index.php\/2021\/08\/24\/comemorando-18-anos-de-criacao-a-guarda-municipal-de-bh-tambem-atua-como-policia-na-capital\/#breadcrumb","itemListElement":[{"@type":"ListItem","position":1,"name":"In\u00edcio","item":"https:\/\/www.comunidadeativa.jor.br\/"},{"@type":"ListItem","position":2,"name":"Comemorando 18 anos de cria\u00e7\u00e3o, a Guarda Municipal de BH tamb\u00e9m atua como pol\u00edcia na capital. Voc\u00ea sabia?"}]},{"@type":"WebSite","@id":"https:\/\/www.comunidadeativa.jor.br\/#website","url":"https:\/\/www.comunidadeativa.jor.br\/","name":"Comunidade Ativa","description":"","publisher":{"@id":"https:\/\/www.comunidadeativa.jor.br\/#organization"},"potentialAction":[{"@type":"SearchAction","target":{"@type":"EntryPoint","urlTemplate":"https:\/\/www.comunidadeativa.jor.br\/?s={search_term_string}"},"query-input":{"@type":"PropertyValueSpecification","valueRequired":true,"valueName":"search_term_string"}}],"inLanguage":"pt-BR"},{"@type":"Organization","@id":"https:\/\/www.comunidadeativa.jor.br\/#organization","name":"Comunidade Ativa","url":"https:\/\/www.comunidadeativa.jor.br\/","logo":{"@type":"ImageObject","inLanguage":"pt-BR","@id":"https:\/\/www.comunidadeativa.jor.br\/#\/schema\/logo\/image\/","url":"https:\/\/www.comunidadeativa.jor.br\/wp-content\/uploads\/2018\/03\/cropped-LOGOPNG-1.png","contentUrl":"https:\/\/www.comunidadeativa.jor.br\/wp-content\/uploads\/2018\/03\/cropped-LOGOPNG-1.png","width":318,"height":90,"caption":"Comunidade Ativa"},"image":{"@id":"https:\/\/www.comunidadeativa.jor.br\/#\/schema\/logo\/image\/"},"sameAs":["https:\/\/www.facebook.com\/comunidadeativa"]},{"@type":"Person","@id":"https:\/\/www.comunidadeativa.jor.br\/#\/schema\/person\/dcaa1f1c51c1f0c47a33b2b734cad6e1","name":"Comunidade Ativa","image":{"@type":"ImageObject","inLanguage":"pt-BR","@id":"https:\/\/www.comunidadeativa.jor.br\/#\/schema\/person\/image\/","url":"https:\/\/secure.gravatar.com\/avatar\/09a9a1f85fedf41e81b47f7c1d40084f?s=96&d=mm&r=g","contentUrl":"https:\/\/secure.gravatar.com\/avatar\/09a9a1f85fedf41e81b47f7c1d40084f?s=96&d=mm&r=g","caption":"Comunidade Ativa"},"url":"https:\/\/www.comunidadeativa.jor.br\/index.php\/author\/casalberto\/"}]}},"_links":{"self":[{"href":"https:\/\/www.comunidadeativa.jor.br\/index.php\/wp-json\/wp\/v2\/posts\/2413","targetHints":{"allow":["GET"]}}],"collection":[{"href":"https:\/\/www.comunidadeativa.jor.br\/index.php\/wp-json\/wp\/v2\/posts"}],"about":[{"href":"https:\/\/www.comunidadeativa.jor.br\/index.php\/wp-json\/wp\/v2\/types\/post"}],"author":[{"embeddable":true,"href":"https:\/\/www.comunidadeativa.jor.br\/index.php\/wp-json\/wp\/v2\/users\/1"}],"replies":[{"embeddable":true,"href":"https:\/\/www.comunidadeativa.jor.br\/index.php\/wp-json\/wp\/v2\/comments?post=2413"}],"version-history":[{"count":4,"href":"https:\/\/www.comunidadeativa.jor.br\/index.php\/wp-json\/wp\/v2\/posts\/2413\/revisions"}],"predecessor-version":[{"id":3902,"href":"https:\/\/www.comunidadeativa.jor.br\/index.php\/wp-json\/wp\/v2\/posts\/2413\/revisions\/3902"}],"wp:featuredmedia":[{"embeddable":true,"href":"https:\/\/www.comunidadeativa.jor.br\/index.php\/wp-json\/wp\/v2\/media\/2414"}],"wp:attachment":[{"href":"https:\/\/www.comunidadeativa.jor.br\/index.php\/wp-json\/wp\/v2\/media?parent=2413"}],"wp:term":[{"taxonomy":"category","embeddable":true,"href":"https:\/\/www.comunidadeativa.jor.br\/index.php\/wp-json\/wp\/v2\/categories?post=2413"},{"taxonomy":"post_tag","embeddable":true,"href":"https:\/\/www.comunidadeativa.jor.br\/index.php\/wp-json\/wp\/v2\/tags?post=2413"}],"curies":[{"name":"wp","href":"https:\/\/api.w.org\/{rel}","templated":true}]}}