{"id":2418,"date":"2021-08-25T18:20:45","date_gmt":"2021-08-25T21:20:45","guid":{"rendered":"https:\/\/www.comunidadeativa.jor.br\/?p=2418"},"modified":"2021-08-25T19:27:25","modified_gmt":"2021-08-25T22:27:25","slug":"morador-do-anchieta-o-ambientalista-jose-carlos-carvalho-recebera-o-titulo-de-doutor-honoris-causa-da-ufla","status":"publish","type":"post","link":"https:\/\/www.comunidadeativa.jor.br\/index.php\/2021\/08\/25\/morador-do-anchieta-o-ambientalista-jose-carlos-carvalho-recebera-o-titulo-de-doutor-honoris-causa-da-ufla\/","title":{"rendered":"Morador do Anchieta, o ambientalista Jos\u00e9 Carlos Carvalho receber\u00e1 o t\u00edtulo de Doutor Honoris Causa da UFLA"},"content":{"rendered":"<p>No pr\u00f3ximo dia 31 de agosto, como parte das comemora\u00e7\u00f5es pelos 113 anos de funda\u00e7\u00e3o, a Universidade Federal de Lavras (UFLA) far\u00e1 a entrega de t\u00edtulos honor\u00edficos no \u00e2mbito da gest\u00e3o 2012\/2020. Entre os laureados estar\u00e1 o engenheiro florestal Jos\u00e9 Carlos Carvalho, que receber\u00e1 o t\u00edtulo de <em>Doutor Honoris Causa<\/em> daquela institui\u00e7\u00e3o, que, desta forma, reconhece as personalidades que contribu\u00edram de maneira not\u00e1vel para o progresso da Ci\u00eancia, das Letras, das Artes ou da Cultura em sua \u00e1rea de atua\u00e7\u00e3o e tamb\u00e9m aos que beneficiaram destacadamente \u00e0 humanidade ou ao pa\u00eds.<\/p>\n<p>Morador do Anchieta h\u00e1 44 anos, Jos\u00e9 Carlos figura como uma das refer\u00eancias de maior destaque no cen\u00e1rio do ambientalismo nacional. A atua\u00e7\u00e3o que teve como engenheiro florestal do Instituto Estadual de Florestas (IEF), onde fez carreira e chegou ao cargo de Diretor Geral, e suas gest\u00f5es como secret\u00e1rio de Meio Ambiente e Desenvolvimento Sustent\u00e1vel de Minas Gerais e como ministro do Meio Ambiente fazem da honraria da UFLA um reconhecimento bastante justo.<\/p>\n<p><a href=\"https:\/\/www.magazinevoce.com.br\/magazineaporte\/\" target=\"_blank\" rel=\"noopener\"><img loading=\"lazy\" decoding=\"async\" class=\"size-full wp-image-2421 aligncenter\" src=\"https:\/\/www.comunidadeativa.jor.br\/wp-content\/uploads\/2021\/08\/magalu.jpg\" alt=\"\" width=\"1200\" height=\"300\" srcset=\"https:\/\/www.comunidadeativa.jor.br\/wp-content\/uploads\/2021\/08\/magalu.jpg 1200w, https:\/\/www.comunidadeativa.jor.br\/wp-content\/uploads\/2021\/08\/magalu-300x75.jpg 300w, https:\/\/www.comunidadeativa.jor.br\/wp-content\/uploads\/2021\/08\/magalu-1024x256.jpg 1024w, https:\/\/www.comunidadeativa.jor.br\/wp-content\/uploads\/2021\/08\/magalu-768x192.jpg 768w\" sizes=\"auto, (max-width: 1200px) 100vw, 1200px\" \/><\/a><\/p>\n<h5>Ambientalista at\u00e9 para escolher onde morar<\/h5>\n<p>A sensibilidade para as causas ambientais de Jos\u00e9 Carlos pautou, inclusive, a escolha do Anchieta como o lugar onde ele e a esposa S\u00f4nia deveriam criar a fam\u00edlia. Natural de Jer\u00f4nimo Monteiro, no Esp\u00edrito Santo, o engenheiro encontrou no bairro caracter\u00edsticas naturais e de popula\u00e7\u00e3o que correspondiam ao que buscava.<\/p>\n<p>Afinal, em 1977, quando o casal se mudou para o apartamento onde viveu na rua Penafiel, ao mesmo tempo em que regi\u00e3o ainda conservava uma boa parte de sua vegeta\u00e7\u00e3o original, a popula\u00e7\u00e3o local preservava um tipo de conv\u00edvio comunit\u00e1rio que \u00e9 t\u00edpico de comunidades interioranas, onde a vizinhan\u00e7a se reconhece e se comunica no cotidiano. N\u00e3o por acaso, quando o processo de expans\u00e3o urbana de Belo Horizonte atingiu o Anchieta em cheio, Jos\u00e9 Carlos e S\u00f4nia optaram pela mudan\u00e7a para um edif\u00edcio vizinho ao Parque Julien Rien, onde moram at\u00e9 hoje.<\/p>\n<p>Em entrevista ao Comunidade Ativa, o ex-ministro se classificou como um <em>urbano h\u00edbrido<\/em>, como ele mesmo define, \u00e9 aquele sujeito que tem <em>um p\u00e9 na cidade e outro na ro\u00e7a<\/em>. Frequentador da Igreja de S\u00e3o Mateus e habitu\u00e9 do com\u00e9rcio local, Jos\u00e9 Carlos reconhece os benef\u00edcios que o desenvolvimento do bairro trouxe para a popula\u00e7\u00e3o, mas n\u00e3o esconde a insatisfa\u00e7\u00e3o com a perda de caracter\u00edsticas que existiam no passado da regi\u00e3o. \u201cTemos ruas estreitas, que eram adequadas para um bairro de constru\u00e7\u00f5es unifamiliares, onde se permitiu pr\u00e9dios com at\u00e9 20 andares. Ent\u00e3o, ao mesmo tempo em que isso significou melhora na infraestrutura, criou um adensamento populacional incompat\u00edvel com o espa\u00e7o inicialmente ocupado pelo Anchieta\u201d, diz Jos\u00e9 Carlos.<\/p>\n<p>Diante de transforma\u00e7\u00f5es da cidade que afetaram e com os olhos no futuro, o ambientalista indica caminhos que podem tornar a vida mais apropriada no meio urbano. \u201cDevemos pensar as nossas cidades n\u00e3o somente como o lugar de viver, mas tamb\u00e9m como o espa\u00e7o de conviver, o que nos remete \u00e0 quest\u00e3o do esp\u00edrito comunit\u00e1rio\u201d, recomenda.<\/p>\n<h5>Do local para o global<\/h5>\n<p>Para o presidente da Amoran, Carlos Alberto Rocha, que \u00e9 jornalista com especializa\u00e7\u00e3o em Educa\u00e7\u00e3o Ambiental, essa postura voltada para as quest\u00f5es locais de Jos\u00e9 Carlos Carvalho coincide com um princ\u00edpio b\u00e1sico que deveria ser seguido por todo cidad\u00e3o. \u201cNa Educa\u00e7\u00e3o Ambiental, repetimos uma express\u00e3o que \u00e9 bastante popular, mas que n\u00e3o \u00e9 t\u00e3o praticada como poderia, que diz que devemos <em>pensar globalmente e agir localmente<\/em>. Esse pensamento do soci\u00f3logo alem\u00e3o Ulrich Beck \u00e9 bastante simples e significa que, para transformarmos o mundo da maneira como desejamos, devemos come\u00e7ar a atuar na comunidade onde vivemos. Esse \u00e9 uma ideia que Jos\u00e9 Carlos pratica\u201d, diz o presidente.<\/p>\n<p>Segundo Carlos Alberto, quem conhece o ex-ministro percebe nele esse tipo de atitude. \u201cFomos vizinhos na Penafiel e, em v\u00e1rias ocasi\u00f5es, inclusive em eventos da Amoran que ele sempre prestigia, tivemos a oportunidade de conversar longamente sobre assuntos diversos. Ao mesmo tempo, na minha atua\u00e7\u00e3o como ambientalista e como jornalista, pude acompanhar a atua\u00e7\u00e3o do secret\u00e1rio e do ministro, cujas gest\u00f5es foram de grande import\u00e2ncia para o Minas e para o Brasil e que denotaram o mesmo tipo de aten\u00e7\u00e3o com as causas ambientais e comunit\u00e1rias que ele demonstra nas conversas informais. Por isso, como vizinho, como profissional e como presidente da Amoran, percebo que essa honraria que ser\u00e1 concedida ao Jos\u00e9 Carlos pela UFLA \u00e9 bastante justa e necess\u00e1ria e merece os nossos aplausos\u201d, considera.<\/p>\n<p>A cerim\u00f4nia de entrega do t\u00edtulo Doutor Honoris Causa ao engenheiro Jos\u00e9 Carlos Carvalho ser\u00e1 transmitida pelo YouTube na pr\u00f3xima ter\u00e7a, 31 de agosto, a partir das 19h.<\/p>\n<p>&nbsp;<\/p>\n<hr \/>\n<p style=\"padding-left: 80px;\"><em>Colabore com a produ\u00e7\u00e3o do Comunidade Ativa fazendo uma doa\u00e7\u00e3o com qualquer valor.<br \/>\n<\/em>Pelo Pix, use a chave casalbertorocha@gmail.com ou clique no bot\u00e3o abaixo para contribuir usando cart\u00e3o ou boleto.<\/p>\n<p><!-- INICIO FORMULARIO BOTAO PAGSEGURO --><\/p>\n<form style=\"padding-left: 80px;\" action=\"https:\/\/pagseguro.uol.com.br\/checkout\/v2\/donation.html\" method=\"post\"><input alt=\"Pague com PagSeguro - \u00e9 r\u00e1pido, gr\u00e1tis e seguro!\" name=\"submit\" src=\"https:\/\/stc.pagseguro.uol.com.br\/public\/img\/botoes\/doacoes\/209x48-doar-assina.gif\" type=\"image\" \/><!-- FINAL FORMULARIO BOTAO PAGSEGURO --><\/p>\n<hr \/>\n<p>&nbsp;<\/p>\n<\/form>\n","protected":false},"excerpt":{"rendered":"<p>No pr\u00f3ximo dia 31 de agosto, como parte das comemora\u00e7\u00f5es pelos 113 anos de funda\u00e7\u00e3o, a Universidade Federal de Lavras<\/p>\n","protected":false},"author":1,"featured_media":2420,"comment_status":"closed","ping_status":"open","sticky":false,"template":"","format":"standard","meta":{"footnotes":""},"categories":[5,1],"tags":[],"class_list":["post-2418","post","type-post","status-publish","format-standard","has-post-thumbnail","hentry","category-pelo-bairro","category-sem-categoria"],"yoast_head":"<!-- This site is optimized with the Yoast SEO plugin v26.0 - https:\/\/yoast.com\/wordpress\/plugins\/seo\/ -->\n<title>Morador do Anchieta, o ambientalista Jos\u00e9 Carlos Carvalho receber\u00e1 o t\u00edtulo de Doutor Honoris Causa da UFLA - Comunidade Ativa<\/title>\n<meta name=\"robots\" content=\"index, follow, max-snippet:-1, max-image-preview:large, max-video-preview:-1\" \/>\n<link rel=\"canonical\" href=\"https:\/\/www.comunidadeativa.jor.br\/index.php\/2021\/08\/25\/morador-do-anchieta-o-ambientalista-jose-carlos-carvalho-recebera-o-titulo-de-doutor-honoris-causa-da-ufla\/\" \/>\n<meta property=\"og:locale\" content=\"pt_BR\" \/>\n<meta property=\"og:type\" content=\"article\" \/>\n<meta property=\"og:title\" content=\"Morador do Anchieta, o ambientalista Jos\u00e9 Carlos Carvalho receber\u00e1 o t\u00edtulo de Doutor Honoris Causa da UFLA - Comunidade Ativa\" \/>\n<meta property=\"og:description\" content=\"No pr\u00f3ximo dia 31 de agosto, como parte das comemora\u00e7\u00f5es pelos 113 anos de funda\u00e7\u00e3o, a Universidade Federal de Lavras\" \/>\n<meta property=\"og:url\" content=\"https:\/\/www.comunidadeativa.jor.br\/index.php\/2021\/08\/25\/morador-do-anchieta-o-ambientalista-jose-carlos-carvalho-recebera-o-titulo-de-doutor-honoris-causa-da-ufla\/\" \/>\n<meta property=\"og:site_name\" content=\"Comunidade Ativa\" \/>\n<meta property=\"article:publisher\" content=\"https:\/\/www.facebook.com\/comunidadeativa\" \/>\n<meta property=\"article:published_time\" content=\"2021-08-25T21:20:45+00:00\" \/>\n<meta property=\"article:modified_time\" content=\"2021-08-25T22:27:25+00:00\" \/>\n<meta property=\"og:image\" content=\"https:\/\/www.comunidadeativa.jor.br\/wp-content\/uploads\/2021\/08\/capa-15.jpg\" \/>\n\t<meta property=\"og:image:width\" content=\"640\" \/>\n\t<meta property=\"og:image:height\" content=\"352\" \/>\n\t<meta property=\"og:image:type\" content=\"image\/jpeg\" \/>\n<meta name=\"author\" content=\"Comunidade Ativa\" \/>\n<meta name=\"twitter:card\" content=\"summary_large_image\" \/>\n<meta name=\"twitter:label1\" content=\"Escrito por\" \/>\n\t<meta name=\"twitter:data1\" content=\"Comunidade Ativa\" \/>\n\t<meta name=\"twitter:label2\" content=\"Est. tempo de leitura\" \/>\n\t<meta name=\"twitter:data2\" content=\"4 minutos\" \/>\n<script type=\"application\/ld+json\" class=\"yoast-schema-graph\">{\"@context\":\"https:\/\/schema.org\",\"@graph\":[{\"@type\":\"Article\",\"@id\":\"https:\/\/www.comunidadeativa.jor.br\/index.php\/2021\/08\/25\/morador-do-anchieta-o-ambientalista-jose-carlos-carvalho-recebera-o-titulo-de-doutor-honoris-causa-da-ufla\/#article\",\"isPartOf\":{\"@id\":\"https:\/\/www.comunidadeativa.jor.br\/index.php\/2021\/08\/25\/morador-do-anchieta-o-ambientalista-jose-carlos-carvalho-recebera-o-titulo-de-doutor-honoris-causa-da-ufla\/\"},\"author\":{\"name\":\"Comunidade Ativa\",\"@id\":\"https:\/\/www.comunidadeativa.jor.br\/#\/schema\/person\/dcaa1f1c51c1f0c47a33b2b734cad6e1\"},\"headline\":\"Morador do Anchieta, o ambientalista Jos\u00e9 Carlos Carvalho receber\u00e1 o t\u00edtulo de Doutor Honoris Causa da UFLA\",\"datePublished\":\"2021-08-25T21:20:45+00:00\",\"dateModified\":\"2021-08-25T22:27:25+00:00\",\"mainEntityOfPage\":{\"@id\":\"https:\/\/www.comunidadeativa.jor.br\/index.php\/2021\/08\/25\/morador-do-anchieta-o-ambientalista-jose-carlos-carvalho-recebera-o-titulo-de-doutor-honoris-causa-da-ufla\/\"},\"wordCount\":876,\"publisher\":{\"@id\":\"https:\/\/www.comunidadeativa.jor.br\/#organization\"},\"image\":{\"@id\":\"https:\/\/www.comunidadeativa.jor.br\/index.php\/2021\/08\/25\/morador-do-anchieta-o-ambientalista-jose-carlos-carvalho-recebera-o-titulo-de-doutor-honoris-causa-da-ufla\/#primaryimage\"},\"thumbnailUrl\":\"https:\/\/www.comunidadeativa.jor.br\/wp-content\/uploads\/2021\/08\/capa-15.jpg\",\"articleSection\":[\"Pelo bairro\"],\"inLanguage\":\"pt-BR\"},{\"@type\":\"WebPage\",\"@id\":\"https:\/\/www.comunidadeativa.jor.br\/index.php\/2021\/08\/25\/morador-do-anchieta-o-ambientalista-jose-carlos-carvalho-recebera-o-titulo-de-doutor-honoris-causa-da-ufla\/\",\"url\":\"https:\/\/www.comunidadeativa.jor.br\/index.php\/2021\/08\/25\/morador-do-anchieta-o-ambientalista-jose-carlos-carvalho-recebera-o-titulo-de-doutor-honoris-causa-da-ufla\/\",\"name\":\"Morador do Anchieta, o ambientalista Jos\u00e9 Carlos Carvalho receber\u00e1 o t\u00edtulo de Doutor Honoris Causa da UFLA - Comunidade Ativa\",\"isPartOf\":{\"@id\":\"https:\/\/www.comunidadeativa.jor.br\/#website\"},\"primaryImageOfPage\":{\"@id\":\"https:\/\/www.comunidadeativa.jor.br\/index.php\/2021\/08\/25\/morador-do-anchieta-o-ambientalista-jose-carlos-carvalho-recebera-o-titulo-de-doutor-honoris-causa-da-ufla\/#primaryimage\"},\"image\":{\"@id\":\"https:\/\/www.comunidadeativa.jor.br\/index.php\/2021\/08\/25\/morador-do-anchieta-o-ambientalista-jose-carlos-carvalho-recebera-o-titulo-de-doutor-honoris-causa-da-ufla\/#primaryimage\"},\"thumbnailUrl\":\"https:\/\/www.comunidadeativa.jor.br\/wp-content\/uploads\/2021\/08\/capa-15.jpg\",\"datePublished\":\"2021-08-25T21:20:45+00:00\",\"dateModified\":\"2021-08-25T22:27:25+00:00\",\"breadcrumb\":{\"@id\":\"https:\/\/www.comunidadeativa.jor.br\/index.php\/2021\/08\/25\/morador-do-anchieta-o-ambientalista-jose-carlos-carvalho-recebera-o-titulo-de-doutor-honoris-causa-da-ufla\/#breadcrumb\"},\"inLanguage\":\"pt-BR\",\"potentialAction\":[{\"@type\":\"ReadAction\",\"target\":[\"https:\/\/www.comunidadeativa.jor.br\/index.php\/2021\/08\/25\/morador-do-anchieta-o-ambientalista-jose-carlos-carvalho-recebera-o-titulo-de-doutor-honoris-causa-da-ufla\/\"]}]},{\"@type\":\"ImageObject\",\"inLanguage\":\"pt-BR\",\"@id\":\"https:\/\/www.comunidadeativa.jor.br\/index.php\/2021\/08\/25\/morador-do-anchieta-o-ambientalista-jose-carlos-carvalho-recebera-o-titulo-de-doutor-honoris-causa-da-ufla\/#primaryimage\",\"url\":\"https:\/\/www.comunidadeativa.jor.br\/wp-content\/uploads\/2021\/08\/capa-15.jpg\",\"contentUrl\":\"https:\/\/www.comunidadeativa.jor.br\/wp-content\/uploads\/2021\/08\/capa-15.jpg\",\"width\":640,\"height\":352},{\"@type\":\"BreadcrumbList\",\"@id\":\"https:\/\/www.comunidadeativa.jor.br\/index.php\/2021\/08\/25\/morador-do-anchieta-o-ambientalista-jose-carlos-carvalho-recebera-o-titulo-de-doutor-honoris-causa-da-ufla\/#breadcrumb\",\"itemListElement\":[{\"@type\":\"ListItem\",\"position\":1,\"name\":\"In\u00edcio\",\"item\":\"https:\/\/www.comunidadeativa.jor.br\/\"},{\"@type\":\"ListItem\",\"position\":2,\"name\":\"Morador do Anchieta, o ambientalista Jos\u00e9 Carlos Carvalho receber\u00e1 o t\u00edtulo de Doutor Honoris Causa da UFLA\"}]},{\"@type\":\"WebSite\",\"@id\":\"https:\/\/www.comunidadeativa.jor.br\/#website\",\"url\":\"https:\/\/www.comunidadeativa.jor.br\/\",\"name\":\"Comunidade Ativa\",\"description\":\"\",\"publisher\":{\"@id\":\"https:\/\/www.comunidadeativa.jor.br\/#organization\"},\"potentialAction\":[{\"@type\":\"SearchAction\",\"target\":{\"@type\":\"EntryPoint\",\"urlTemplate\":\"https:\/\/www.comunidadeativa.jor.br\/?s={search_term_string}\"},\"query-input\":{\"@type\":\"PropertyValueSpecification\",\"valueRequired\":true,\"valueName\":\"search_term_string\"}}],\"inLanguage\":\"pt-BR\"},{\"@type\":\"Organization\",\"@id\":\"https:\/\/www.comunidadeativa.jor.br\/#organization\",\"name\":\"Comunidade Ativa\",\"url\":\"https:\/\/www.comunidadeativa.jor.br\/\",\"logo\":{\"@type\":\"ImageObject\",\"inLanguage\":\"pt-BR\",\"@id\":\"https:\/\/www.comunidadeativa.jor.br\/#\/schema\/logo\/image\/\",\"url\":\"https:\/\/www.comunidadeativa.jor.br\/wp-content\/uploads\/2018\/03\/cropped-LOGOPNG-1.png\",\"contentUrl\":\"https:\/\/www.comunidadeativa.jor.br\/wp-content\/uploads\/2018\/03\/cropped-LOGOPNG-1.png\",\"width\":318,\"height\":90,\"caption\":\"Comunidade Ativa\"},\"image\":{\"@id\":\"https:\/\/www.comunidadeativa.jor.br\/#\/schema\/logo\/image\/\"},\"sameAs\":[\"https:\/\/www.facebook.com\/comunidadeativa\"]},{\"@type\":\"Person\",\"@id\":\"https:\/\/www.comunidadeativa.jor.br\/#\/schema\/person\/dcaa1f1c51c1f0c47a33b2b734cad6e1\",\"name\":\"Comunidade Ativa\",\"image\":{\"@type\":\"ImageObject\",\"inLanguage\":\"pt-BR\",\"@id\":\"https:\/\/www.comunidadeativa.jor.br\/#\/schema\/person\/image\/\",\"url\":\"https:\/\/secure.gravatar.com\/avatar\/09a9a1f85fedf41e81b47f7c1d40084f?s=96&d=mm&r=g\",\"contentUrl\":\"https:\/\/secure.gravatar.com\/avatar\/09a9a1f85fedf41e81b47f7c1d40084f?s=96&d=mm&r=g\",\"caption\":\"Comunidade Ativa\"},\"url\":\"https:\/\/www.comunidadeativa.jor.br\/index.php\/author\/casalberto\/\"}]}<\/script>\n<!-- \/ Yoast SEO plugin. -->","yoast_head_json":{"title":"Morador do Anchieta, o ambientalista Jos\u00e9 Carlos Carvalho receber\u00e1 o t\u00edtulo de Doutor Honoris Causa da UFLA - Comunidade Ativa","robots":{"index":"index","follow":"follow","max-snippet":"max-snippet:-1","max-image-preview":"max-image-preview:large","max-video-preview":"max-video-preview:-1"},"canonical":"https:\/\/www.comunidadeativa.jor.br\/index.php\/2021\/08\/25\/morador-do-anchieta-o-ambientalista-jose-carlos-carvalho-recebera-o-titulo-de-doutor-honoris-causa-da-ufla\/","og_locale":"pt_BR","og_type":"article","og_title":"Morador do Anchieta, o ambientalista Jos\u00e9 Carlos Carvalho receber\u00e1 o t\u00edtulo de Doutor Honoris Causa da UFLA - Comunidade Ativa","og_description":"No pr\u00f3ximo dia 31 de agosto, como parte das comemora\u00e7\u00f5es pelos 113 anos de funda\u00e7\u00e3o, a Universidade Federal de Lavras","og_url":"https:\/\/www.comunidadeativa.jor.br\/index.php\/2021\/08\/25\/morador-do-anchieta-o-ambientalista-jose-carlos-carvalho-recebera-o-titulo-de-doutor-honoris-causa-da-ufla\/","og_site_name":"Comunidade Ativa","article_publisher":"https:\/\/www.facebook.com\/comunidadeativa","article_published_time":"2021-08-25T21:20:45+00:00","article_modified_time":"2021-08-25T22:27:25+00:00","og_image":[{"width":640,"height":352,"url":"https:\/\/www.comunidadeativa.jor.br\/wp-content\/uploads\/2021\/08\/capa-15.jpg","type":"image\/jpeg"}],"author":"Comunidade Ativa","twitter_card":"summary_large_image","twitter_misc":{"Escrito por":"Comunidade Ativa","Est. tempo de leitura":"4 minutos"},"schema":{"@context":"https:\/\/schema.org","@graph":[{"@type":"Article","@id":"https:\/\/www.comunidadeativa.jor.br\/index.php\/2021\/08\/25\/morador-do-anchieta-o-ambientalista-jose-carlos-carvalho-recebera-o-titulo-de-doutor-honoris-causa-da-ufla\/#article","isPartOf":{"@id":"https:\/\/www.comunidadeativa.jor.br\/index.php\/2021\/08\/25\/morador-do-anchieta-o-ambientalista-jose-carlos-carvalho-recebera-o-titulo-de-doutor-honoris-causa-da-ufla\/"},"author":{"name":"Comunidade Ativa","@id":"https:\/\/www.comunidadeativa.jor.br\/#\/schema\/person\/dcaa1f1c51c1f0c47a33b2b734cad6e1"},"headline":"Morador do Anchieta, o ambientalista Jos\u00e9 Carlos Carvalho receber\u00e1 o t\u00edtulo de Doutor Honoris Causa da UFLA","datePublished":"2021-08-25T21:20:45+00:00","dateModified":"2021-08-25T22:27:25+00:00","mainEntityOfPage":{"@id":"https:\/\/www.comunidadeativa.jor.br\/index.php\/2021\/08\/25\/morador-do-anchieta-o-ambientalista-jose-carlos-carvalho-recebera-o-titulo-de-doutor-honoris-causa-da-ufla\/"},"wordCount":876,"publisher":{"@id":"https:\/\/www.comunidadeativa.jor.br\/#organization"},"image":{"@id":"https:\/\/www.comunidadeativa.jor.br\/index.php\/2021\/08\/25\/morador-do-anchieta-o-ambientalista-jose-carlos-carvalho-recebera-o-titulo-de-doutor-honoris-causa-da-ufla\/#primaryimage"},"thumbnailUrl":"https:\/\/www.comunidadeativa.jor.br\/wp-content\/uploads\/2021\/08\/capa-15.jpg","articleSection":["Pelo bairro"],"inLanguage":"pt-BR"},{"@type":"WebPage","@id":"https:\/\/www.comunidadeativa.jor.br\/index.php\/2021\/08\/25\/morador-do-anchieta-o-ambientalista-jose-carlos-carvalho-recebera-o-titulo-de-doutor-honoris-causa-da-ufla\/","url":"https:\/\/www.comunidadeativa.jor.br\/index.php\/2021\/08\/25\/morador-do-anchieta-o-ambientalista-jose-carlos-carvalho-recebera-o-titulo-de-doutor-honoris-causa-da-ufla\/","name":"Morador do Anchieta, o ambientalista Jos\u00e9 Carlos Carvalho receber\u00e1 o t\u00edtulo de Doutor Honoris Causa da UFLA - Comunidade Ativa","isPartOf":{"@id":"https:\/\/www.comunidadeativa.jor.br\/#website"},"primaryImageOfPage":{"@id":"https:\/\/www.comunidadeativa.jor.br\/index.php\/2021\/08\/25\/morador-do-anchieta-o-ambientalista-jose-carlos-carvalho-recebera-o-titulo-de-doutor-honoris-causa-da-ufla\/#primaryimage"},"image":{"@id":"https:\/\/www.comunidadeativa.jor.br\/index.php\/2021\/08\/25\/morador-do-anchieta-o-ambientalista-jose-carlos-carvalho-recebera-o-titulo-de-doutor-honoris-causa-da-ufla\/#primaryimage"},"thumbnailUrl":"https:\/\/www.comunidadeativa.jor.br\/wp-content\/uploads\/2021\/08\/capa-15.jpg","datePublished":"2021-08-25T21:20:45+00:00","dateModified":"2021-08-25T22:27:25+00:00","breadcrumb":{"@id":"https:\/\/www.comunidadeativa.jor.br\/index.php\/2021\/08\/25\/morador-do-anchieta-o-ambientalista-jose-carlos-carvalho-recebera-o-titulo-de-doutor-honoris-causa-da-ufla\/#breadcrumb"},"inLanguage":"pt-BR","potentialAction":[{"@type":"ReadAction","target":["https:\/\/www.comunidadeativa.jor.br\/index.php\/2021\/08\/25\/morador-do-anchieta-o-ambientalista-jose-carlos-carvalho-recebera-o-titulo-de-doutor-honoris-causa-da-ufla\/"]}]},{"@type":"ImageObject","inLanguage":"pt-BR","@id":"https:\/\/www.comunidadeativa.jor.br\/index.php\/2021\/08\/25\/morador-do-anchieta-o-ambientalista-jose-carlos-carvalho-recebera-o-titulo-de-doutor-honoris-causa-da-ufla\/#primaryimage","url":"https:\/\/www.comunidadeativa.jor.br\/wp-content\/uploads\/2021\/08\/capa-15.jpg","contentUrl":"https:\/\/www.comunidadeativa.jor.br\/wp-content\/uploads\/2021\/08\/capa-15.jpg","width":640,"height":352},{"@type":"BreadcrumbList","@id":"https:\/\/www.comunidadeativa.jor.br\/index.php\/2021\/08\/25\/morador-do-anchieta-o-ambientalista-jose-carlos-carvalho-recebera-o-titulo-de-doutor-honoris-causa-da-ufla\/#breadcrumb","itemListElement":[{"@type":"ListItem","position":1,"name":"In\u00edcio","item":"https:\/\/www.comunidadeativa.jor.br\/"},{"@type":"ListItem","position":2,"name":"Morador do Anchieta, o ambientalista Jos\u00e9 Carlos Carvalho receber\u00e1 o t\u00edtulo de Doutor Honoris Causa da UFLA"}]},{"@type":"WebSite","@id":"https:\/\/www.comunidadeativa.jor.br\/#website","url":"https:\/\/www.comunidadeativa.jor.br\/","name":"Comunidade Ativa","description":"","publisher":{"@id":"https:\/\/www.comunidadeativa.jor.br\/#organization"},"potentialAction":[{"@type":"SearchAction","target":{"@type":"EntryPoint","urlTemplate":"https:\/\/www.comunidadeativa.jor.br\/?s={search_term_string}"},"query-input":{"@type":"PropertyValueSpecification","valueRequired":true,"valueName":"search_term_string"}}],"inLanguage":"pt-BR"},{"@type":"Organization","@id":"https:\/\/www.comunidadeativa.jor.br\/#organization","name":"Comunidade Ativa","url":"https:\/\/www.comunidadeativa.jor.br\/","logo":{"@type":"ImageObject","inLanguage":"pt-BR","@id":"https:\/\/www.comunidadeativa.jor.br\/#\/schema\/logo\/image\/","url":"https:\/\/www.comunidadeativa.jor.br\/wp-content\/uploads\/2018\/03\/cropped-LOGOPNG-1.png","contentUrl":"https:\/\/www.comunidadeativa.jor.br\/wp-content\/uploads\/2018\/03\/cropped-LOGOPNG-1.png","width":318,"height":90,"caption":"Comunidade Ativa"},"image":{"@id":"https:\/\/www.comunidadeativa.jor.br\/#\/schema\/logo\/image\/"},"sameAs":["https:\/\/www.facebook.com\/comunidadeativa"]},{"@type":"Person","@id":"https:\/\/www.comunidadeativa.jor.br\/#\/schema\/person\/dcaa1f1c51c1f0c47a33b2b734cad6e1","name":"Comunidade Ativa","image":{"@type":"ImageObject","inLanguage":"pt-BR","@id":"https:\/\/www.comunidadeativa.jor.br\/#\/schema\/person\/image\/","url":"https:\/\/secure.gravatar.com\/avatar\/09a9a1f85fedf41e81b47f7c1d40084f?s=96&d=mm&r=g","contentUrl":"https:\/\/secure.gravatar.com\/avatar\/09a9a1f85fedf41e81b47f7c1d40084f?s=96&d=mm&r=g","caption":"Comunidade Ativa"},"url":"https:\/\/www.comunidadeativa.jor.br\/index.php\/author\/casalberto\/"}]}},"_links":{"self":[{"href":"https:\/\/www.comunidadeativa.jor.br\/index.php\/wp-json\/wp\/v2\/posts\/2418","targetHints":{"allow":["GET"]}}],"collection":[{"href":"https:\/\/www.comunidadeativa.jor.br\/index.php\/wp-json\/wp\/v2\/posts"}],"about":[{"href":"https:\/\/www.comunidadeativa.jor.br\/index.php\/wp-json\/wp\/v2\/types\/post"}],"author":[{"embeddable":true,"href":"https:\/\/www.comunidadeativa.jor.br\/index.php\/wp-json\/wp\/v2\/users\/1"}],"replies":[{"embeddable":true,"href":"https:\/\/www.comunidadeativa.jor.br\/index.php\/wp-json\/wp\/v2\/comments?post=2418"}],"version-history":[{"count":3,"href":"https:\/\/www.comunidadeativa.jor.br\/index.php\/wp-json\/wp\/v2\/posts\/2418\/revisions"}],"predecessor-version":[{"id":2423,"href":"https:\/\/www.comunidadeativa.jor.br\/index.php\/wp-json\/wp\/v2\/posts\/2418\/revisions\/2423"}],"wp:featuredmedia":[{"embeddable":true,"href":"https:\/\/www.comunidadeativa.jor.br\/index.php\/wp-json\/wp\/v2\/media\/2420"}],"wp:attachment":[{"href":"https:\/\/www.comunidadeativa.jor.br\/index.php\/wp-json\/wp\/v2\/media?parent=2418"}],"wp:term":[{"taxonomy":"category","embeddable":true,"href":"https:\/\/www.comunidadeativa.jor.br\/index.php\/wp-json\/wp\/v2\/categories?post=2418"},{"taxonomy":"post_tag","embeddable":true,"href":"https:\/\/www.comunidadeativa.jor.br\/index.php\/wp-json\/wp\/v2\/tags?post=2418"}],"curies":[{"name":"wp","href":"https:\/\/api.w.org\/{rel}","templated":true}]}}