{"id":2426,"date":"2021-08-26T13:09:44","date_gmt":"2021-08-26T16:09:44","guid":{"rendered":"https:\/\/www.comunidadeativa.jor.br\/?p=2426"},"modified":"2023-08-11T19:12:26","modified_gmt":"2023-08-11T22:12:26","slug":"o-alcool-tambem-pode-prejudicar-a-saude-bucal-saiba-como-prevenir","status":"publish","type":"post","link":"https:\/\/www.comunidadeativa.jor.br\/index.php\/2021\/08\/26\/o-alcool-tambem-pode-prejudicar-a-saude-bucal-saiba-como-prevenir\/","title":{"rendered":"O consumo de bebidas alco\u00f3licas pode prejudicar a sa\u00fade bucal. Saiba como prevenir!"},"content":{"rendered":"<p>N\u00e3o resta d\u00favida de que as bebidas alco\u00f3licas devem ser sempre motivo de aten\u00e7\u00e3o. Afinal, se por um lado elas oferecem atrativos para o paladar, oportunidades de socializa\u00e7\u00e3o e at\u00e9 algum benef\u00edcio para organismo e para o esp\u00edrito quando consumidas moderadamente \u2014 <a href=\"https:\/\/www.bmj.com\/content\/344\/bmj.e2276\" target=\"_blank\" rel=\"noopener\">o que n\u00e3o \u00e9 consenso no meio cient\u00edfico<\/a> \u2014, por outro criam riscos que precisam ser considerados sob v\u00e1rios aspectos, como os da seguran\u00e7a, do conv\u00edvio social e do estado f\u00edsico e mental.<\/p>\n<p>De fato, uma pessoa que n\u00e3o domina a bebida pode se tornar uma amea\u00e7a para ela mesma e para os outros e causar danos consider\u00e1veis ao pr\u00f3prio corpo e esta \u00e9 uma possibilidade que precisa ser considerada inclusive pelo ponto de vista da sa\u00fade bucal.<\/p>\n<h5>Como a bebida afeta a sa\u00fade bucal<\/h5>\n<p>O \u00e1lcool \u00e9 uma subst\u00e2ncia obtida por meio da fermenta\u00e7\u00e3o dos a\u00e7\u00facares encontrados em v\u00e1rios tipos de vegetais \u2014 como a uva, a cevada e o milho, por exemplo. Al\u00e9m do \u00e1lcool, o processo tamb\u00e9m gera g\u00e1s carb\u00f4nico e outras subst\u00e2ncias residuais, como \u00e1cidos e tinturas.<\/p>\n<p>A combina\u00e7\u00e3o do \u00e1lcool e dos res\u00edduos da fermenta\u00e7\u00e3o com maus h\u00e1bitos de consumo e de higiene podem acarretar v\u00e1rios problemas na boca. Contudo, al\u00e9m do consumo moderado \u2014 que \u00e9 uma indica\u00e7\u00e3o b\u00e1sica para quem gosta de beber \u2014, existem outras medidas que podem ser adotadas como precau\u00e7\u00e3o.<\/p>\n<h5>Eros\u00e3o e c\u00e1rie<\/h5>\n<p>Os \u00e1cidos presentes nas bebidas alco\u00f3licas agem de forma agressiva sobre o esmalte dos dentes, abrindo caminho para a eros\u00e3o dent\u00e1ria, que \u00e9 o desgaste qu\u00edmico da denti\u00e7\u00e3o, e para as c\u00e1ries, que s\u00e3o provocadas pelo ataque de bact\u00e9rias. Portanto, reduzir a acidez da boca ajuda a prevenir os danos.<\/p>\n<p>Pra isso voc\u00ea pode acrescentar gelo \u00e0 bebida e ingerir \u00e1gua regularmente, fazendo alguns bochechos entre um gole e outro.<\/p>\n<h5>Mau h\u00e1lito<\/h5>\n<p>A desidrata\u00e7\u00e3o \u00e9 um dos efeitos negativos do \u00e1lcool, que tamb\u00e9m reduz o fluxo de saliva. Como a saliva \u00e9 um ant\u00eddoto natural contra as bact\u00e9rias que atacam a denti\u00e7\u00e3o e outros tecidos da boca e como esses microrganismos s\u00e3o mais eficientes no ambiente bucal mais seco do que o normal, as bebidas alco\u00f3licas criam as condi\u00e7\u00f5es perfeitas para que eles atuem.<\/p>\n<p>Mais uma vez, o consumo de \u00e1gua intercalado com a bebida ajuda a manter a humidade da boca e o fluxo de saliva, inibindo a a\u00e7\u00e3o das bact\u00e9rias. O uso de uma goma de mascar sem a\u00e7\u00facar tamb\u00e9m pode ajudar. Contudo, a higiene bucal bem feita \u00e9 imprescind\u00edvel.<\/p>\n<h5>Colora\u00e7\u00e3o dos dentes<\/h5>\n<p>Assim como ocorre com o caf\u00e9 e refrigerantes, bebidas coloridas \u2014 como bitters do tipo Campari, vermouths e vinhos \u2014 cont\u00e9m tinturas que podem ser absorvidas pelos dentes, causando manchas e a altera\u00e7\u00e3o na cor da denti\u00e7\u00e3o. Os bochechos regulares com \u00e1gua durante o consumo e a escova\u00e7\u00e3o bem feita ap\u00f3s ajudam a minimizar o problema.<\/p>\n<h5>Desmineraliza\u00e7\u00e3o dos dentes<\/h5>\n<p>Nesse ponto vale uma ressalva. H\u00e1 quem acredite que o vinho branco, por ser menos pigmentado, \u00e9 menos prejudicial \u00e0 denti\u00e7\u00e3o. Contudo, esse tipo de bebida tem uma a\u00e7\u00e3o consider\u00e1vel sobre o c\u00e1lcio, o que pode causar a desmineraliza\u00e7\u00e3o dos dentes.<\/p>\n<p>O cuidado \u00e9 o mesmo: beba \u00e1gua, fa\u00e7a bochechos e aten\u00e7\u00e3o com a escova\u00e7\u00e3o.<\/p>\n<h5>C\u00e2ncer<\/h5>\n<p>Ao lado do tabagismo, o Instituto Nacional do C\u00e2ncer (Inca) lista o \u00e1lcool como um dos principais fatores que potencializam o desenvolvimento de c\u00e2ncer na boca. Al\u00e9m de aconselhar que o consumo de bebidas alco\u00f3licas seja evitado, o Inca tamb\u00e9m recomenda que a higiene bucal seja feita com rigor para minimizar os riscos da doen\u00e7a.<\/p>\n<p>Portanto, se voc\u00ea aprecia uma bebida, junto \u00e0s recomenda\u00e7\u00f5es que popularmente j\u00e1 acompanham o h\u00e1bito \u2014 como a de n\u00e3o dirigir depois de beber e de consumir bebidas alco\u00f3licas com modera\u00e7\u00e3o \u2014, n\u00e3o se esque\u00e7a de acrescentar a hidrata\u00e7\u00e3o e a higieniza\u00e7\u00e3o como aten\u00e7\u00f5es especiais com a sua boca.<\/p>\n<form style=\"padding-left: 80px;\" action=\"https:\/\/pagseguro.uol.com.br\/checkout\/v2\/donation.html\" method=\"post\">\n<hr \/>\n<\/form>\n<p>&nbsp;<\/p>\n","protected":false},"excerpt":{"rendered":"<p>N\u00e3o resta d\u00favida de que as bebidas alco\u00f3licas devem ser sempre motivo de aten\u00e7\u00e3o. Afinal, se por um lado elas<\/p>\n","protected":false},"author":1,"featured_media":2430,"comment_status":"closed","ping_status":"open","sticky":false,"template":"","format":"standard","meta":{"footnotes":""},"categories":[9],"tags":[],"class_list":["post-2426","post","type-post","status-publish","format-standard","has-post-thumbnail","hentry","category-saude-qualidade-de-vida"],"yoast_head":"<!-- This site is optimized with the Yoast SEO plugin v26.0 - https:\/\/yoast.com\/wordpress\/plugins\/seo\/ -->\n<title>O consumo de bebidas alco\u00f3licas pode prejudicar a sa\u00fade bucal. Saiba como prevenir! - Comunidade Ativa<\/title>\n<meta name=\"robots\" content=\"index, follow, max-snippet:-1, max-image-preview:large, max-video-preview:-1\" \/>\n<link rel=\"canonical\" href=\"https:\/\/www.comunidadeativa.jor.br\/index.php\/2021\/08\/26\/o-alcool-tambem-pode-prejudicar-a-saude-bucal-saiba-como-prevenir\/\" \/>\n<meta property=\"og:locale\" content=\"pt_BR\" \/>\n<meta property=\"og:type\" content=\"article\" \/>\n<meta property=\"og:title\" content=\"O consumo de bebidas alco\u00f3licas pode prejudicar a sa\u00fade bucal. Saiba como prevenir! - Comunidade Ativa\" \/>\n<meta property=\"og:description\" content=\"N\u00e3o resta d\u00favida de que as bebidas alco\u00f3licas devem ser sempre motivo de aten\u00e7\u00e3o. Afinal, se por um lado elas\" \/>\n<meta property=\"og:url\" content=\"https:\/\/www.comunidadeativa.jor.br\/index.php\/2021\/08\/26\/o-alcool-tambem-pode-prejudicar-a-saude-bucal-saiba-como-prevenir\/\" \/>\n<meta property=\"og:site_name\" content=\"Comunidade Ativa\" \/>\n<meta property=\"article:publisher\" content=\"https:\/\/www.facebook.com\/comunidadeativa\" \/>\n<meta property=\"article:published_time\" content=\"2021-08-26T16:09:44+00:00\" \/>\n<meta property=\"article:modified_time\" content=\"2023-08-11T22:12:26+00:00\" \/>\n<meta property=\"og:image\" content=\"https:\/\/www.comunidadeativa.jor.br\/wp-content\/uploads\/2021\/08\/capa1.png\" \/>\n\t<meta property=\"og:image:width\" content=\"640\" \/>\n\t<meta property=\"og:image:height\" content=\"352\" \/>\n\t<meta property=\"og:image:type\" content=\"image\/png\" \/>\n<meta name=\"author\" content=\"Comunidade Ativa\" \/>\n<meta name=\"twitter:card\" content=\"summary_large_image\" \/>\n<meta name=\"twitter:label1\" content=\"Escrito por\" \/>\n\t<meta name=\"twitter:data1\" content=\"Comunidade Ativa\" \/>\n\t<meta name=\"twitter:label2\" content=\"Est. tempo de leitura\" \/>\n\t<meta name=\"twitter:data2\" content=\"4 minutos\" \/>\n<script type=\"application\/ld+json\" class=\"yoast-schema-graph\">{\"@context\":\"https:\/\/schema.org\",\"@graph\":[{\"@type\":\"Article\",\"@id\":\"https:\/\/www.comunidadeativa.jor.br\/index.php\/2021\/08\/26\/o-alcool-tambem-pode-prejudicar-a-saude-bucal-saiba-como-prevenir\/#article\",\"isPartOf\":{\"@id\":\"https:\/\/www.comunidadeativa.jor.br\/index.php\/2021\/08\/26\/o-alcool-tambem-pode-prejudicar-a-saude-bucal-saiba-como-prevenir\/\"},\"author\":{\"name\":\"Comunidade Ativa\",\"@id\":\"https:\/\/www.comunidadeativa.jor.br\/#\/schema\/person\/dcaa1f1c51c1f0c47a33b2b734cad6e1\"},\"headline\":\"O consumo de bebidas alco\u00f3licas pode prejudicar a sa\u00fade bucal. Saiba como prevenir!\",\"datePublished\":\"2021-08-26T16:09:44+00:00\",\"dateModified\":\"2023-08-11T22:12:26+00:00\",\"mainEntityOfPage\":{\"@id\":\"https:\/\/www.comunidadeativa.jor.br\/index.php\/2021\/08\/26\/o-alcool-tambem-pode-prejudicar-a-saude-bucal-saiba-como-prevenir\/\"},\"wordCount\":717,\"publisher\":{\"@id\":\"https:\/\/www.comunidadeativa.jor.br\/#organization\"},\"image\":{\"@id\":\"https:\/\/www.comunidadeativa.jor.br\/index.php\/2021\/08\/26\/o-alcool-tambem-pode-prejudicar-a-saude-bucal-saiba-como-prevenir\/#primaryimage\"},\"thumbnailUrl\":\"https:\/\/www.comunidadeativa.jor.br\/wp-content\/uploads\/2021\/08\/capa1.png\",\"articleSection\":[\"Sa\u00fade &amp; Qualidade de Vida\"],\"inLanguage\":\"pt-BR\"},{\"@type\":\"WebPage\",\"@id\":\"https:\/\/www.comunidadeativa.jor.br\/index.php\/2021\/08\/26\/o-alcool-tambem-pode-prejudicar-a-saude-bucal-saiba-como-prevenir\/\",\"url\":\"https:\/\/www.comunidadeativa.jor.br\/index.php\/2021\/08\/26\/o-alcool-tambem-pode-prejudicar-a-saude-bucal-saiba-como-prevenir\/\",\"name\":\"O consumo de bebidas alco\u00f3licas pode prejudicar a sa\u00fade bucal. Saiba como prevenir! - Comunidade Ativa\",\"isPartOf\":{\"@id\":\"https:\/\/www.comunidadeativa.jor.br\/#website\"},\"primaryImageOfPage\":{\"@id\":\"https:\/\/www.comunidadeativa.jor.br\/index.php\/2021\/08\/26\/o-alcool-tambem-pode-prejudicar-a-saude-bucal-saiba-como-prevenir\/#primaryimage\"},\"image\":{\"@id\":\"https:\/\/www.comunidadeativa.jor.br\/index.php\/2021\/08\/26\/o-alcool-tambem-pode-prejudicar-a-saude-bucal-saiba-como-prevenir\/#primaryimage\"},\"thumbnailUrl\":\"https:\/\/www.comunidadeativa.jor.br\/wp-content\/uploads\/2021\/08\/capa1.png\",\"datePublished\":\"2021-08-26T16:09:44+00:00\",\"dateModified\":\"2023-08-11T22:12:26+00:00\",\"breadcrumb\":{\"@id\":\"https:\/\/www.comunidadeativa.jor.br\/index.php\/2021\/08\/26\/o-alcool-tambem-pode-prejudicar-a-saude-bucal-saiba-como-prevenir\/#breadcrumb\"},\"inLanguage\":\"pt-BR\",\"potentialAction\":[{\"@type\":\"ReadAction\",\"target\":[\"https:\/\/www.comunidadeativa.jor.br\/index.php\/2021\/08\/26\/o-alcool-tambem-pode-prejudicar-a-saude-bucal-saiba-como-prevenir\/\"]}]},{\"@type\":\"ImageObject\",\"inLanguage\":\"pt-BR\",\"@id\":\"https:\/\/www.comunidadeativa.jor.br\/index.php\/2021\/08\/26\/o-alcool-tambem-pode-prejudicar-a-saude-bucal-saiba-como-prevenir\/#primaryimage\",\"url\":\"https:\/\/www.comunidadeativa.jor.br\/wp-content\/uploads\/2021\/08\/capa1.png\",\"contentUrl\":\"https:\/\/www.comunidadeativa.jor.br\/wp-content\/uploads\/2021\/08\/capa1.png\",\"width\":640,\"height\":352},{\"@type\":\"BreadcrumbList\",\"@id\":\"https:\/\/www.comunidadeativa.jor.br\/index.php\/2021\/08\/26\/o-alcool-tambem-pode-prejudicar-a-saude-bucal-saiba-como-prevenir\/#breadcrumb\",\"itemListElement\":[{\"@type\":\"ListItem\",\"position\":1,\"name\":\"In\u00edcio\",\"item\":\"https:\/\/www.comunidadeativa.jor.br\/\"},{\"@type\":\"ListItem\",\"position\":2,\"name\":\"O consumo de bebidas alco\u00f3licas pode prejudicar a sa\u00fade bucal. Saiba como prevenir!\"}]},{\"@type\":\"WebSite\",\"@id\":\"https:\/\/www.comunidadeativa.jor.br\/#website\",\"url\":\"https:\/\/www.comunidadeativa.jor.br\/\",\"name\":\"Comunidade Ativa\",\"description\":\"\",\"publisher\":{\"@id\":\"https:\/\/www.comunidadeativa.jor.br\/#organization\"},\"potentialAction\":[{\"@type\":\"SearchAction\",\"target\":{\"@type\":\"EntryPoint\",\"urlTemplate\":\"https:\/\/www.comunidadeativa.jor.br\/?s={search_term_string}\"},\"query-input\":{\"@type\":\"PropertyValueSpecification\",\"valueRequired\":true,\"valueName\":\"search_term_string\"}}],\"inLanguage\":\"pt-BR\"},{\"@type\":\"Organization\",\"@id\":\"https:\/\/www.comunidadeativa.jor.br\/#organization\",\"name\":\"Comunidade Ativa\",\"url\":\"https:\/\/www.comunidadeativa.jor.br\/\",\"logo\":{\"@type\":\"ImageObject\",\"inLanguage\":\"pt-BR\",\"@id\":\"https:\/\/www.comunidadeativa.jor.br\/#\/schema\/logo\/image\/\",\"url\":\"https:\/\/www.comunidadeativa.jor.br\/wp-content\/uploads\/2018\/03\/cropped-LOGOPNG-1.png\",\"contentUrl\":\"https:\/\/www.comunidadeativa.jor.br\/wp-content\/uploads\/2018\/03\/cropped-LOGOPNG-1.png\",\"width\":318,\"height\":90,\"caption\":\"Comunidade Ativa\"},\"image\":{\"@id\":\"https:\/\/www.comunidadeativa.jor.br\/#\/schema\/logo\/image\/\"},\"sameAs\":[\"https:\/\/www.facebook.com\/comunidadeativa\"]},{\"@type\":\"Person\",\"@id\":\"https:\/\/www.comunidadeativa.jor.br\/#\/schema\/person\/dcaa1f1c51c1f0c47a33b2b734cad6e1\",\"name\":\"Comunidade Ativa\",\"image\":{\"@type\":\"ImageObject\",\"inLanguage\":\"pt-BR\",\"@id\":\"https:\/\/www.comunidadeativa.jor.br\/#\/schema\/person\/image\/\",\"url\":\"https:\/\/secure.gravatar.com\/avatar\/09a9a1f85fedf41e81b47f7c1d40084f?s=96&d=mm&r=g\",\"contentUrl\":\"https:\/\/secure.gravatar.com\/avatar\/09a9a1f85fedf41e81b47f7c1d40084f?s=96&d=mm&r=g\",\"caption\":\"Comunidade Ativa\"},\"url\":\"https:\/\/www.comunidadeativa.jor.br\/index.php\/author\/casalberto\/\"}]}<\/script>\n<!-- \/ Yoast SEO plugin. -->","yoast_head_json":{"title":"O consumo de bebidas alco\u00f3licas pode prejudicar a sa\u00fade bucal. Saiba como prevenir! - Comunidade Ativa","robots":{"index":"index","follow":"follow","max-snippet":"max-snippet:-1","max-image-preview":"max-image-preview:large","max-video-preview":"max-video-preview:-1"},"canonical":"https:\/\/www.comunidadeativa.jor.br\/index.php\/2021\/08\/26\/o-alcool-tambem-pode-prejudicar-a-saude-bucal-saiba-como-prevenir\/","og_locale":"pt_BR","og_type":"article","og_title":"O consumo de bebidas alco\u00f3licas pode prejudicar a sa\u00fade bucal. Saiba como prevenir! - Comunidade Ativa","og_description":"N\u00e3o resta d\u00favida de que as bebidas alco\u00f3licas devem ser sempre motivo de aten\u00e7\u00e3o. Afinal, se por um lado elas","og_url":"https:\/\/www.comunidadeativa.jor.br\/index.php\/2021\/08\/26\/o-alcool-tambem-pode-prejudicar-a-saude-bucal-saiba-como-prevenir\/","og_site_name":"Comunidade Ativa","article_publisher":"https:\/\/www.facebook.com\/comunidadeativa","article_published_time":"2021-08-26T16:09:44+00:00","article_modified_time":"2023-08-11T22:12:26+00:00","og_image":[{"width":640,"height":352,"url":"https:\/\/www.comunidadeativa.jor.br\/wp-content\/uploads\/2021\/08\/capa1.png","type":"image\/png"}],"author":"Comunidade Ativa","twitter_card":"summary_large_image","twitter_misc":{"Escrito por":"Comunidade Ativa","Est. tempo de leitura":"4 minutos"},"schema":{"@context":"https:\/\/schema.org","@graph":[{"@type":"Article","@id":"https:\/\/www.comunidadeativa.jor.br\/index.php\/2021\/08\/26\/o-alcool-tambem-pode-prejudicar-a-saude-bucal-saiba-como-prevenir\/#article","isPartOf":{"@id":"https:\/\/www.comunidadeativa.jor.br\/index.php\/2021\/08\/26\/o-alcool-tambem-pode-prejudicar-a-saude-bucal-saiba-como-prevenir\/"},"author":{"name":"Comunidade Ativa","@id":"https:\/\/www.comunidadeativa.jor.br\/#\/schema\/person\/dcaa1f1c51c1f0c47a33b2b734cad6e1"},"headline":"O consumo de bebidas alco\u00f3licas pode prejudicar a sa\u00fade bucal. Saiba como prevenir!","datePublished":"2021-08-26T16:09:44+00:00","dateModified":"2023-08-11T22:12:26+00:00","mainEntityOfPage":{"@id":"https:\/\/www.comunidadeativa.jor.br\/index.php\/2021\/08\/26\/o-alcool-tambem-pode-prejudicar-a-saude-bucal-saiba-como-prevenir\/"},"wordCount":717,"publisher":{"@id":"https:\/\/www.comunidadeativa.jor.br\/#organization"},"image":{"@id":"https:\/\/www.comunidadeativa.jor.br\/index.php\/2021\/08\/26\/o-alcool-tambem-pode-prejudicar-a-saude-bucal-saiba-como-prevenir\/#primaryimage"},"thumbnailUrl":"https:\/\/www.comunidadeativa.jor.br\/wp-content\/uploads\/2021\/08\/capa1.png","articleSection":["Sa\u00fade &amp; Qualidade de Vida"],"inLanguage":"pt-BR"},{"@type":"WebPage","@id":"https:\/\/www.comunidadeativa.jor.br\/index.php\/2021\/08\/26\/o-alcool-tambem-pode-prejudicar-a-saude-bucal-saiba-como-prevenir\/","url":"https:\/\/www.comunidadeativa.jor.br\/index.php\/2021\/08\/26\/o-alcool-tambem-pode-prejudicar-a-saude-bucal-saiba-como-prevenir\/","name":"O consumo de bebidas alco\u00f3licas pode prejudicar a sa\u00fade bucal. Saiba como prevenir! - Comunidade Ativa","isPartOf":{"@id":"https:\/\/www.comunidadeativa.jor.br\/#website"},"primaryImageOfPage":{"@id":"https:\/\/www.comunidadeativa.jor.br\/index.php\/2021\/08\/26\/o-alcool-tambem-pode-prejudicar-a-saude-bucal-saiba-como-prevenir\/#primaryimage"},"image":{"@id":"https:\/\/www.comunidadeativa.jor.br\/index.php\/2021\/08\/26\/o-alcool-tambem-pode-prejudicar-a-saude-bucal-saiba-como-prevenir\/#primaryimage"},"thumbnailUrl":"https:\/\/www.comunidadeativa.jor.br\/wp-content\/uploads\/2021\/08\/capa1.png","datePublished":"2021-08-26T16:09:44+00:00","dateModified":"2023-08-11T22:12:26+00:00","breadcrumb":{"@id":"https:\/\/www.comunidadeativa.jor.br\/index.php\/2021\/08\/26\/o-alcool-tambem-pode-prejudicar-a-saude-bucal-saiba-como-prevenir\/#breadcrumb"},"inLanguage":"pt-BR","potentialAction":[{"@type":"ReadAction","target":["https:\/\/www.comunidadeativa.jor.br\/index.php\/2021\/08\/26\/o-alcool-tambem-pode-prejudicar-a-saude-bucal-saiba-como-prevenir\/"]}]},{"@type":"ImageObject","inLanguage":"pt-BR","@id":"https:\/\/www.comunidadeativa.jor.br\/index.php\/2021\/08\/26\/o-alcool-tambem-pode-prejudicar-a-saude-bucal-saiba-como-prevenir\/#primaryimage","url":"https:\/\/www.comunidadeativa.jor.br\/wp-content\/uploads\/2021\/08\/capa1.png","contentUrl":"https:\/\/www.comunidadeativa.jor.br\/wp-content\/uploads\/2021\/08\/capa1.png","width":640,"height":352},{"@type":"BreadcrumbList","@id":"https:\/\/www.comunidadeativa.jor.br\/index.php\/2021\/08\/26\/o-alcool-tambem-pode-prejudicar-a-saude-bucal-saiba-como-prevenir\/#breadcrumb","itemListElement":[{"@type":"ListItem","position":1,"name":"In\u00edcio","item":"https:\/\/www.comunidadeativa.jor.br\/"},{"@type":"ListItem","position":2,"name":"O consumo de bebidas alco\u00f3licas pode prejudicar a sa\u00fade bucal. Saiba como prevenir!"}]},{"@type":"WebSite","@id":"https:\/\/www.comunidadeativa.jor.br\/#website","url":"https:\/\/www.comunidadeativa.jor.br\/","name":"Comunidade Ativa","description":"","publisher":{"@id":"https:\/\/www.comunidadeativa.jor.br\/#organization"},"potentialAction":[{"@type":"SearchAction","target":{"@type":"EntryPoint","urlTemplate":"https:\/\/www.comunidadeativa.jor.br\/?s={search_term_string}"},"query-input":{"@type":"PropertyValueSpecification","valueRequired":true,"valueName":"search_term_string"}}],"inLanguage":"pt-BR"},{"@type":"Organization","@id":"https:\/\/www.comunidadeativa.jor.br\/#organization","name":"Comunidade Ativa","url":"https:\/\/www.comunidadeativa.jor.br\/","logo":{"@type":"ImageObject","inLanguage":"pt-BR","@id":"https:\/\/www.comunidadeativa.jor.br\/#\/schema\/logo\/image\/","url":"https:\/\/www.comunidadeativa.jor.br\/wp-content\/uploads\/2018\/03\/cropped-LOGOPNG-1.png","contentUrl":"https:\/\/www.comunidadeativa.jor.br\/wp-content\/uploads\/2018\/03\/cropped-LOGOPNG-1.png","width":318,"height":90,"caption":"Comunidade Ativa"},"image":{"@id":"https:\/\/www.comunidadeativa.jor.br\/#\/schema\/logo\/image\/"},"sameAs":["https:\/\/www.facebook.com\/comunidadeativa"]},{"@type":"Person","@id":"https:\/\/www.comunidadeativa.jor.br\/#\/schema\/person\/dcaa1f1c51c1f0c47a33b2b734cad6e1","name":"Comunidade Ativa","image":{"@type":"ImageObject","inLanguage":"pt-BR","@id":"https:\/\/www.comunidadeativa.jor.br\/#\/schema\/person\/image\/","url":"https:\/\/secure.gravatar.com\/avatar\/09a9a1f85fedf41e81b47f7c1d40084f?s=96&d=mm&r=g","contentUrl":"https:\/\/secure.gravatar.com\/avatar\/09a9a1f85fedf41e81b47f7c1d40084f?s=96&d=mm&r=g","caption":"Comunidade Ativa"},"url":"https:\/\/www.comunidadeativa.jor.br\/index.php\/author\/casalberto\/"}]}},"_links":{"self":[{"href":"https:\/\/www.comunidadeativa.jor.br\/index.php\/wp-json\/wp\/v2\/posts\/2426","targetHints":{"allow":["GET"]}}],"collection":[{"href":"https:\/\/www.comunidadeativa.jor.br\/index.php\/wp-json\/wp\/v2\/posts"}],"about":[{"href":"https:\/\/www.comunidadeativa.jor.br\/index.php\/wp-json\/wp\/v2\/types\/post"}],"author":[{"embeddable":true,"href":"https:\/\/www.comunidadeativa.jor.br\/index.php\/wp-json\/wp\/v2\/users\/1"}],"replies":[{"embeddable":true,"href":"https:\/\/www.comunidadeativa.jor.br\/index.php\/wp-json\/wp\/v2\/comments?post=2426"}],"version-history":[{"count":4,"href":"https:\/\/www.comunidadeativa.jor.br\/index.php\/wp-json\/wp\/v2\/posts\/2426\/revisions"}],"predecessor-version":[{"id":3909,"href":"https:\/\/www.comunidadeativa.jor.br\/index.php\/wp-json\/wp\/v2\/posts\/2426\/revisions\/3909"}],"wp:featuredmedia":[{"embeddable":true,"href":"https:\/\/www.comunidadeativa.jor.br\/index.php\/wp-json\/wp\/v2\/media\/2430"}],"wp:attachment":[{"href":"https:\/\/www.comunidadeativa.jor.br\/index.php\/wp-json\/wp\/v2\/media?parent=2426"}],"wp:term":[{"taxonomy":"category","embeddable":true,"href":"https:\/\/www.comunidadeativa.jor.br\/index.php\/wp-json\/wp\/v2\/categories?post=2426"},{"taxonomy":"post_tag","embeddable":true,"href":"https:\/\/www.comunidadeativa.jor.br\/index.php\/wp-json\/wp\/v2\/tags?post=2426"}],"curies":[{"name":"wp","href":"https:\/\/api.w.org\/{rel}","templated":true}]}}