{"id":2442,"date":"2021-08-31T18:14:20","date_gmt":"2021-08-31T21:14:20","guid":{"rendered":"https:\/\/www.comunidadeativa.jor.br\/?p=2442"},"modified":"2023-08-11T19:12:57","modified_gmt":"2023-08-11T22:12:57","slug":"artigo-e-tirado-de-contexto-mais-um-para-desinformar-sobre-as-vacinas-contra-a-covid-19","status":"publish","type":"post","link":"https:\/\/www.comunidadeativa.jor.br\/index.php\/2021\/08\/31\/artigo-e-tirado-de-contexto-mais-um-para-desinformar-sobre-as-vacinas-contra-a-covid-19\/","title":{"rendered":"Artigo \u00e9 tirado de contexto (mais um) para desinformar sobre as vacinas contra a Covid-19"},"content":{"rendered":"<p>A desinforma\u00e7\u00e3o n\u00e3o \u00e9 algo novo. A t\u00e9cnica foi usada na antiguidade romana, na Alemanha de Hitler, durante a Guerra Fria e em v\u00e1rios momentos cruciais da hist\u00f3ria humana, sempre com o objetivo de confundir e de amedrontar a popula\u00e7\u00e3o. Por\u00e9m, durante a pandemia, em plena Era da Informa\u00e7\u00e3o, em um tempo em que mesmo o cidad\u00e3o comum tem acesso a descobertas cient\u00edficas de alto n\u00edvel, ela vem assumindo novos contornos.<\/p>\n<p>Um deles \u00e9 tirar artigos consistentes de contexto, distorcendo o que eles de fato afirmam, para criar algum impacto negativo na sociedade. Exemplo claro foi dado recentemente, quando um <a href=\"https:\/\/journals.plos.org\/plosbiology\/article\/metrics?id=10.1371\/journal.pbio.1002198\" target=\"_blank\" rel=\"noopener\">trabalho do bi\u00f3logo Andrew Read<\/a> foi viralizado na internet para dar suporte \u00e0 paranoia antivacina.<\/p>\n<h5>Sobre galinhas<\/h5>\n<p>Em 2015, <a href=\"https:\/\/theconversation.com\/profiles\/andrew-read-385151\" target=\"_blank\" rel=\"noopener\">Read, que \u00e9 professor da Universidade Estadual da Pensilv\u00e2nia<\/a>, nos Estados Unidos, publicou os resultados de um estudo que indicava as vacinas podem permitir a propaga\u00e7\u00e3o de variantes mais mortais de um determinado v\u00edrus. Por\u00e9m, o estudo liderado pelo cientista se voltou exclusivamente sobre a a\u00e7\u00e3o de um v\u00edrus espec\u00edfico sobre popula\u00e7\u00f5es de galinhas,\u00a0nada tendo a ver com humanos.<\/p>\n<p>Contudo, de acordo com o professor, m\u00e9dicos relataram a ele que, nos \u00faltimos dias, os pacientes passaram a citar o artigo para justificar as decis\u00f5es de n\u00e3o serem vacinados. \u201c<a href=\"https:\/\/twitter.com\/rourecentenari\/status\/1428647679463206912\">Alguns <\/a>\u00a0<a href=\"https:\/\/climate-science.press\/2021\/05\/18\/did-they-forget-to-tell-us-leaky-vaccines-may-trigger-an-arms-race-that-makes-covid-more-dangerous\/\">especialistas<\/a>\u00a0est\u00e3o at\u00e9 mesmo\u00a0<a href=\"https:\/\/www.facebook.com\/photo.php?fbid=10220062692738356&amp;set=a.10200625587182865&amp;type=3\">usando-o<\/a> para pedir o fim das campanhas de vacina\u00e7\u00e3o, a fim de prevenir o tipo de evolu\u00e7\u00e3o viral que est\u00e1vamos estudando em galinhas. Recebo e-mails diariamente de pessoas preocupadas em se vacinarem ou em rejeitar a vacina\u00e7\u00e3o por causa de mal-entendidos sobre o artigo\u201d, ele conta <a href=\"https:\/\/theconversation.com\/vaccines-could-affect-how-the-coronavirus-evolves-but-thats-no-reason-to-skip-your-shot-165960\" target=\"_blank\" rel=\"noopener\">em relato publicado no site The Conversation<\/a>.<\/p>\n<p>Segundo o bi\u00f3logo, nada no trabalho que ele publicou justifica uma postura antivacina. \u201cEssa interpreta\u00e7\u00e3o err\u00f4nea \u2014 se fizer com que as pessoas escolham n\u00e3o ser vacinadas \u2014 levar\u00e1 \u00e0 perda de vidas evit\u00e1vel e tr\u00e1gica. Um novo estudo estima que, no in\u00edcio de maio de 2021, as vacinas\u00a0<a href=\"https:\/\/doi.org\/10.1377\/hlthaff.2021.00619\">j\u00e1 haviam evitado cerca de 140.000 mortes<\/a>\u00a0(somente) nos Estados Unidos\u201d, destaca.<\/p>\n<p>Por mais de\u00a0<a href=\"https:\/\/doi.org\/10.1038\/414751a\">20 anos<\/a><a href=\"https:\/\/scholar.google.com\/citations?user=zFQh3-EAAAAJ&amp;hl=en\">, junto com sua equipe, Read vem estudando <\/a>\u00a0a forma como as vacinas podem afetar a evolu\u00e7\u00e3o de organismos causadores de doen\u00e7as, como\u00a0<a href=\"https:\/\/doi.org\/10.1111\/j.1558-5646.2012.01803.x\">v\u00edrus<\/a>\u00a0e\u00a0<a href=\"https:\/\/doi.org\/10.1371\/journal.pbio.1001368\">parasitas da mal\u00e1ria<\/a>. \u201cNada do que descobrimos ou mesmo do que lan\u00e7amos como hip\u00f3teses justifica evitar ou suspender a vacina\u00e7\u00e3o. No m\u00ednimo, <a href=\"https:\/\/theconversation.com\/virus-evolution-could-undermine-a-covid-19-vaccine-but-this-can-be-stopped-149234\">nosso trabalho contribui para<\/a> a investiga\u00e7\u00e3o de novos esquemas vacinais e para o desenvolvimento de vacinas de segunda e terceira gera\u00e7\u00e3o\u201d, ele diz.<\/p>\n<h5><strong>As galinhas e a Covid-19<\/strong><\/h5>\n<p>Por\u00e9m, mesmo diante da completa falta de conex\u00e3o entre os casos, o cientista n\u00e3o se recusa a analisar a possibilidade de seus estudos servirem como base para alguma analogia com a Covid-19. Sendo assim, Read considera v\u00e1lido questionar se as vacinas contra o SARS-CoV-2 podem potencializar muta\u00e7\u00f5es no v\u00edrus.<\/p>\n<p>\u201cNo\u00a0<a href=\"https:\/\/doi.org\/10.1371\/journal.pbio.1002198\">artigo de 2015<\/a> relatamos experimentos com variantes do v\u00edrus da doen\u00e7a de Marek, <a href=\"https:\/\/doi.org\/10.1038\/nrmicro1382\">um herpesv\u00edrus<\/a>\u00a0que causa c\u00e2ncer em galinhas dom\u00e9sticas.\u00a0Uma vacina de primeira gera\u00e7\u00e3o contra ele\u00a0<a href=\"https:\/\/doi.org\/10.1586\/14760584.4.1.77\">passou a ser amplamente utilizada<\/a>\u00a0em aves no in\u00edcio dos anos 1970.\u00a0Hoje, todas as galinhas comerciais e muitos bandos de quintal s\u00e3o vacinados contra a doen\u00e7a de Marek\u201d, explica.<\/p>\n<p>O que o estudo concluiu \u00e9 que as aves n\u00e3o vacinadas morriam antes de transmitirem variantes mais letais a outras companheiras de criat\u00f3rio. Por\u00e9m, como a vacina de primeira gera\u00e7\u00e3o protegeu as galinhas da morte, as\u00a0 ] infectadas com Marek viviam e, portanto, eram capazes de espalhar as cepas altamente virulentas.<\/p>\n<p>\u201cNo caso da Covid-19, est\u00e1 se tornando cada vez mais claro que mesmo as pessoas vacinadas\u00a0<a href=\"https:\/\/www.nature.com\/articles\/d41586-021-02259-2?utm_source=Nature+Briefing&amp;utm_campaign=86c75674aa-briefing-dy-20210820&amp;utm_medium=email&amp;utm_term=0_c9dfd39373-86c75674aa-43257777\">podem contrair e transmitir<\/a> a variante delta, que \u00e9 altamente transmiss\u00edvel. Uma vez que a transmiss\u00e3o viral de galinhas vacinadas \u00e9 o que permitiu que mais variantes letais da Marek se propagassem, \u00e9 razo\u00e1vel perguntar se a transmiss\u00e3o de Covid-19 de pessoas vacinadas poderia permitir a propaga\u00e7\u00e3o de variantes mais letais\u201d, destaca.<\/p>\n<p>Por\u00e9m, o professor observa que o caminho evolutivo que o v\u00edrus da doen\u00e7a de Marek percorreu \u2014 e que foi o pesquisado por sua equipe \u2014 \u00e9 um dos muitos poss\u00edveis. No caso, seguiu uma trajet\u00f3ria que Read considera rara, em que as vacinas conduzem a evolu\u00e7\u00e3o.<\/p>\n<p>\u201cApenas uma minoria de vacinas humanas e animais\u00a0<a href=\"https:\/\/doi.org\/10.1098\/rspb.2016.2562\">influenciou a<\/a>\u00a0evolu\u00e7\u00e3o do pat\u00f3geno.\u00a0Em quase todos esses casos \u2014 que incluem o v\u00edrus da hepatite B e as bact\u00e9rias que causam coqueluche e pneumonia \u2014\u00a0<a href=\"https:\/\/doi.org\/10.1073\/pnas.1717159115\">a efic\u00e1cia da vacina foi reduzida<\/a> por novas variantes.\u00a0Mas, em contraste com a de Marek, n\u00e3o havia nenhuma evid\u00eancia clara de que as variantes evolu\u00eddas deixassem as pessoas mais doentes\u201d, revela.<\/p>\n<h5>Cada caso \u00e9 um caso<\/h5>\n<p>Read explica que, \u00e9 de conhecimento da ci\u00eancia que, na natureza, nem todos os v\u00edrus s\u00e3o igualmente letais.\u00a0\u201cDiferen\u00e7as biol\u00f3gicas, como a liga\u00e7\u00e3o entre a gravidade da doen\u00e7a e a transmiss\u00e3o, podem causar aumento ou diminui\u00e7\u00e3o da letalidade.\u00a0Isso significa que o futuro de um v\u00edrus n\u00e3o pode ser previsto simplesmente extrapolando a partir da evolu\u00e7\u00e3o anterior de outro.\u00a0O Marek e o SARS-CoV-2 s\u00e3o v\u00edrus muito diferentes, com vacinas muito diferentes, hospedeiros muito diferentes e mecanismos muito diferentes pelos quais adoecem e matam.\u00a0\u00c9 imposs\u00edvel saber se suas diferen\u00e7as s\u00e3o mais importantes do que suas semelhan\u00e7as\u201d, considera.<\/p>\n<p>O bi\u00f3logo n\u00e3o descarta a ideia de hip\u00f3teses evolutivas serem consideradas. \u201cMas, frente ao enorme impacto ben\u00e9fico das vacinas contra a Covid-19 na redu\u00e7\u00e3o da <a href=\"http:\/\/dx.doi.org\/10.15585\/mmwr.mm7034e4\">transmiss\u00e3o<\/a>\u00a0e da gravidade da doen\u00e7a \u2014\u00a0<a href=\"https:\/\/doi.org\/10.1056\/NEJMoa2108891\">mesmo contra a variante delta<\/a>\u00a0\u2014 a possibilidade de dissemina\u00e7\u00e3o silenciosa de variantes mais letais entre os vacinados ainda n\u00e3o \u00e9 um argumento contra a vacina\u00e7\u00e3o\u201d, alerta.<\/p>\n<p>Read acredita que, na medida em que novas variantes do coronav\u00edrus se espalharem no futuro, ser\u00e1 vital descobrir se a vantagem evolutiva est\u00e1 surgindo devido \u00e0 redu\u00e7\u00e3o da gravidade da doen\u00e7a entre os vacinados. \u201cDelta, por exemplo, <a href=\"https:\/\/doi.org\/10.1038\/d41586-021-02259-2\">transmite mais eficazmente<\/a>\u00a0de pessoas n\u00e3o vacinadas e vacinadas do que as variantes anteriores.\u00a0Extrapolar nosso trabalho com galinhas para argumentar contra a vacina\u00e7\u00e3o por causa da variante delta n\u00e3o tem fundamento cient\u00edfico: a variante delta teria se tornado dominante mesmo se todos recusassem a vacina\u00e7\u00e3o\u201d, diz.<\/p>\n<h5><b>Mas, tem sempre o &#8220;se&#8221;<\/b><\/h5>\n<p>O bi\u00f3logo ressalta que, de fato, se surgissem mais variantes letais do coronav\u00edrus em um cen\u00e1rio com taxas de vacina\u00e7\u00e3o mais baixas seria mais f\u00e1cil identific\u00e1-las e combat\u00ea-las, porque pessoas n\u00e3o vacinadas sofreriam infec\u00e7\u00f5es mais graves e taxas de mortalidade mais altas. \u201cMas esse tipo de \u2018solu\u00e7\u00e3o\u2019 teria um custo consider\u00e1vel. Com efeito, as variantes seriam encontradas e eliminadas, mas permitiriam que as pessoas adoecessem, muitas das quais morreriam\u201d, analisa Read.<\/p>\n<p>O professor lembra que sacrificar galinhas n\u00e3o foi a solu\u00e7\u00e3o que a ind\u00fastria av\u00edcola adotou para o v\u00edrus da doen\u00e7a de Marek. \u201cEm vez disso, foram desenvolvidas vacinas mais potentes. As vacinas mais recentes forneceram <a href=\"https:\/\/doi.org\/10.1016\/j.prevetmed.2015.04.013\">excelente controle da doen\u00e7a<\/a> e nenhuma variante letal da descoberta de Marek surgiu em mais de 20 anos\u201d, conclui.<\/p>\n<form style=\"padding-left: 80px;\" action=\"https:\/\/pagseguro.uol.com.br\/checkout\/v2\/donation.html\" method=\"post\">\n<hr \/>\n<\/form>\n<p>&nbsp;<\/p>\n<p><strong><em>Uma dica<\/em><\/strong><\/p>\n<p><em>Para mais informa\u00e7\u00f5es sobre os temas abordados nessa mat\u00e9ria, acesse os links dispon\u00edveis ao longo do texto. Eles remetem \u00e0s fontes utilizadas aqui.\u00a0<\/em><\/p>\n<p><em>Uma dica: os artigos fora da p\u00e1gina do Comunidade Ativa que n\u00e3o estiverem em portugu\u00eas podem ser traduzidos automaticamente pelo navegador pelo seu navegador. Pra isso, basta clicar com o bot\u00e3o direito em qualquer ponto do texto a ser traduzido e escolher a op\u00e7\u00e3o \u201cTraduzir para o portugu\u00eas\u201d.\u00a0<\/em><\/p>\n<p>&nbsp;<\/p>\n","protected":false},"excerpt":{"rendered":"<p>A desinforma\u00e7\u00e3o n\u00e3o \u00e9 algo novo. A t\u00e9cnica foi usada na antiguidade romana, na Alemanha de Hitler, durante a Guerra<\/p>\n","protected":false},"author":1,"featured_media":2445,"comment_status":"closed","ping_status":"open","sticky":false,"template":"","format":"standard","meta":{"footnotes":""},"categories":[9],"tags":[],"class_list":["post-2442","post","type-post","status-publish","format-standard","has-post-thumbnail","hentry","category-saude-qualidade-de-vida"],"yoast_head":"<!-- This site is optimized with the Yoast SEO plugin v26.0 - https:\/\/yoast.com\/wordpress\/plugins\/seo\/ -->\n<title>Artigo \u00e9 tirado de contexto (mais um) para desinformar sobre as vacinas contra a Covid-19 - Comunidade Ativa<\/title>\n<meta name=\"robots\" content=\"index, follow, max-snippet:-1, max-image-preview:large, max-video-preview:-1\" \/>\n<link rel=\"canonical\" href=\"https:\/\/www.comunidadeativa.jor.br\/index.php\/2021\/08\/31\/artigo-e-tirado-de-contexto-mais-um-para-desinformar-sobre-as-vacinas-contra-a-covid-19\/\" \/>\n<meta property=\"og:locale\" content=\"pt_BR\" \/>\n<meta property=\"og:type\" content=\"article\" \/>\n<meta property=\"og:title\" content=\"Artigo \u00e9 tirado de contexto (mais um) para desinformar sobre as vacinas contra a Covid-19 - Comunidade Ativa\" \/>\n<meta property=\"og:description\" content=\"A desinforma\u00e7\u00e3o n\u00e3o \u00e9 algo novo. A t\u00e9cnica foi usada na antiguidade romana, na Alemanha de Hitler, durante a Guerra\" \/>\n<meta property=\"og:url\" content=\"https:\/\/www.comunidadeativa.jor.br\/index.php\/2021\/08\/31\/artigo-e-tirado-de-contexto-mais-um-para-desinformar-sobre-as-vacinas-contra-a-covid-19\/\" \/>\n<meta property=\"og:site_name\" content=\"Comunidade Ativa\" \/>\n<meta property=\"article:publisher\" content=\"https:\/\/www.facebook.com\/comunidadeativa\" \/>\n<meta property=\"article:published_time\" content=\"2021-08-31T21:14:20+00:00\" \/>\n<meta property=\"article:modified_time\" content=\"2023-08-11T22:12:57+00:00\" \/>\n<meta property=\"og:image\" content=\"https:\/\/www.comunidadeativa.jor.br\/wp-content\/uploads\/2021\/08\/capa1.jpg\" \/>\n\t<meta property=\"og:image:width\" content=\"640\" \/>\n\t<meta property=\"og:image:height\" content=\"352\" \/>\n\t<meta property=\"og:image:type\" content=\"image\/jpeg\" \/>\n<meta name=\"author\" content=\"Comunidade Ativa\" \/>\n<meta name=\"twitter:card\" content=\"summary_large_image\" \/>\n<meta name=\"twitter:label1\" content=\"Escrito por\" \/>\n\t<meta name=\"twitter:data1\" content=\"Comunidade Ativa\" \/>\n\t<meta name=\"twitter:label2\" content=\"Est. tempo de leitura\" \/>\n\t<meta name=\"twitter:data2\" content=\"7 minutos\" \/>\n<script type=\"application\/ld+json\" class=\"yoast-schema-graph\">{\"@context\":\"https:\/\/schema.org\",\"@graph\":[{\"@type\":\"Article\",\"@id\":\"https:\/\/www.comunidadeativa.jor.br\/index.php\/2021\/08\/31\/artigo-e-tirado-de-contexto-mais-um-para-desinformar-sobre-as-vacinas-contra-a-covid-19\/#article\",\"isPartOf\":{\"@id\":\"https:\/\/www.comunidadeativa.jor.br\/index.php\/2021\/08\/31\/artigo-e-tirado-de-contexto-mais-um-para-desinformar-sobre-as-vacinas-contra-a-covid-19\/\"},\"author\":{\"name\":\"Comunidade Ativa\",\"@id\":\"https:\/\/www.comunidadeativa.jor.br\/#\/schema\/person\/dcaa1f1c51c1f0c47a33b2b734cad6e1\"},\"headline\":\"Artigo \u00e9 tirado de contexto (mais um) para desinformar sobre as vacinas contra a Covid-19\",\"datePublished\":\"2021-08-31T21:14:20+00:00\",\"dateModified\":\"2023-08-11T22:12:57+00:00\",\"mainEntityOfPage\":{\"@id\":\"https:\/\/www.comunidadeativa.jor.br\/index.php\/2021\/08\/31\/artigo-e-tirado-de-contexto-mais-um-para-desinformar-sobre-as-vacinas-contra-a-covid-19\/\"},\"wordCount\":1327,\"publisher\":{\"@id\":\"https:\/\/www.comunidadeativa.jor.br\/#organization\"},\"image\":{\"@id\":\"https:\/\/www.comunidadeativa.jor.br\/index.php\/2021\/08\/31\/artigo-e-tirado-de-contexto-mais-um-para-desinformar-sobre-as-vacinas-contra-a-covid-19\/#primaryimage\"},\"thumbnailUrl\":\"https:\/\/www.comunidadeativa.jor.br\/wp-content\/uploads\/2021\/08\/capa1.jpg\",\"articleSection\":[\"Sa\u00fade &amp; Qualidade de Vida\"],\"inLanguage\":\"pt-BR\"},{\"@type\":\"WebPage\",\"@id\":\"https:\/\/www.comunidadeativa.jor.br\/index.php\/2021\/08\/31\/artigo-e-tirado-de-contexto-mais-um-para-desinformar-sobre-as-vacinas-contra-a-covid-19\/\",\"url\":\"https:\/\/www.comunidadeativa.jor.br\/index.php\/2021\/08\/31\/artigo-e-tirado-de-contexto-mais-um-para-desinformar-sobre-as-vacinas-contra-a-covid-19\/\",\"name\":\"Artigo \u00e9 tirado de contexto (mais um) para desinformar sobre as vacinas contra a Covid-19 - Comunidade Ativa\",\"isPartOf\":{\"@id\":\"https:\/\/www.comunidadeativa.jor.br\/#website\"},\"primaryImageOfPage\":{\"@id\":\"https:\/\/www.comunidadeativa.jor.br\/index.php\/2021\/08\/31\/artigo-e-tirado-de-contexto-mais-um-para-desinformar-sobre-as-vacinas-contra-a-covid-19\/#primaryimage\"},\"image\":{\"@id\":\"https:\/\/www.comunidadeativa.jor.br\/index.php\/2021\/08\/31\/artigo-e-tirado-de-contexto-mais-um-para-desinformar-sobre-as-vacinas-contra-a-covid-19\/#primaryimage\"},\"thumbnailUrl\":\"https:\/\/www.comunidadeativa.jor.br\/wp-content\/uploads\/2021\/08\/capa1.jpg\",\"datePublished\":\"2021-08-31T21:14:20+00:00\",\"dateModified\":\"2023-08-11T22:12:57+00:00\",\"breadcrumb\":{\"@id\":\"https:\/\/www.comunidadeativa.jor.br\/index.php\/2021\/08\/31\/artigo-e-tirado-de-contexto-mais-um-para-desinformar-sobre-as-vacinas-contra-a-covid-19\/#breadcrumb\"},\"inLanguage\":\"pt-BR\",\"potentialAction\":[{\"@type\":\"ReadAction\",\"target\":[\"https:\/\/www.comunidadeativa.jor.br\/index.php\/2021\/08\/31\/artigo-e-tirado-de-contexto-mais-um-para-desinformar-sobre-as-vacinas-contra-a-covid-19\/\"]}]},{\"@type\":\"ImageObject\",\"inLanguage\":\"pt-BR\",\"@id\":\"https:\/\/www.comunidadeativa.jor.br\/index.php\/2021\/08\/31\/artigo-e-tirado-de-contexto-mais-um-para-desinformar-sobre-as-vacinas-contra-a-covid-19\/#primaryimage\",\"url\":\"https:\/\/www.comunidadeativa.jor.br\/wp-content\/uploads\/2021\/08\/capa1.jpg\",\"contentUrl\":\"https:\/\/www.comunidadeativa.jor.br\/wp-content\/uploads\/2021\/08\/capa1.jpg\",\"width\":640,\"height\":352,\"caption\":\"Ainda que o estudo de Read tenha sido direcionado para popula\u00e7\u00f5es de galinhas, ele n\u00e3o descarta a validade de se questionar fen\u00f4meno semelhante entre humanos. Por\u00e9m, nada disso deve servir como argumento antivacina. (Imagem: Freepik)\"},{\"@type\":\"BreadcrumbList\",\"@id\":\"https:\/\/www.comunidadeativa.jor.br\/index.php\/2021\/08\/31\/artigo-e-tirado-de-contexto-mais-um-para-desinformar-sobre-as-vacinas-contra-a-covid-19\/#breadcrumb\",\"itemListElement\":[{\"@type\":\"ListItem\",\"position\":1,\"name\":\"In\u00edcio\",\"item\":\"https:\/\/www.comunidadeativa.jor.br\/\"},{\"@type\":\"ListItem\",\"position\":2,\"name\":\"Artigo \u00e9 tirado de contexto (mais um) para desinformar sobre as vacinas contra a Covid-19\"}]},{\"@type\":\"WebSite\",\"@id\":\"https:\/\/www.comunidadeativa.jor.br\/#website\",\"url\":\"https:\/\/www.comunidadeativa.jor.br\/\",\"name\":\"Comunidade Ativa\",\"description\":\"\",\"publisher\":{\"@id\":\"https:\/\/www.comunidadeativa.jor.br\/#organization\"},\"potentialAction\":[{\"@type\":\"SearchAction\",\"target\":{\"@type\":\"EntryPoint\",\"urlTemplate\":\"https:\/\/www.comunidadeativa.jor.br\/?s={search_term_string}\"},\"query-input\":{\"@type\":\"PropertyValueSpecification\",\"valueRequired\":true,\"valueName\":\"search_term_string\"}}],\"inLanguage\":\"pt-BR\"},{\"@type\":\"Organization\",\"@id\":\"https:\/\/www.comunidadeativa.jor.br\/#organization\",\"name\":\"Comunidade Ativa\",\"url\":\"https:\/\/www.comunidadeativa.jor.br\/\",\"logo\":{\"@type\":\"ImageObject\",\"inLanguage\":\"pt-BR\",\"@id\":\"https:\/\/www.comunidadeativa.jor.br\/#\/schema\/logo\/image\/\",\"url\":\"https:\/\/www.comunidadeativa.jor.br\/wp-content\/uploads\/2018\/03\/cropped-LOGOPNG-1.png\",\"contentUrl\":\"https:\/\/www.comunidadeativa.jor.br\/wp-content\/uploads\/2018\/03\/cropped-LOGOPNG-1.png\",\"width\":318,\"height\":90,\"caption\":\"Comunidade Ativa\"},\"image\":{\"@id\":\"https:\/\/www.comunidadeativa.jor.br\/#\/schema\/logo\/image\/\"},\"sameAs\":[\"https:\/\/www.facebook.com\/comunidadeativa\"]},{\"@type\":\"Person\",\"@id\":\"https:\/\/www.comunidadeativa.jor.br\/#\/schema\/person\/dcaa1f1c51c1f0c47a33b2b734cad6e1\",\"name\":\"Comunidade Ativa\",\"image\":{\"@type\":\"ImageObject\",\"inLanguage\":\"pt-BR\",\"@id\":\"https:\/\/www.comunidadeativa.jor.br\/#\/schema\/person\/image\/\",\"url\":\"https:\/\/secure.gravatar.com\/avatar\/09a9a1f85fedf41e81b47f7c1d40084f?s=96&d=mm&r=g\",\"contentUrl\":\"https:\/\/secure.gravatar.com\/avatar\/09a9a1f85fedf41e81b47f7c1d40084f?s=96&d=mm&r=g\",\"caption\":\"Comunidade Ativa\"},\"url\":\"https:\/\/www.comunidadeativa.jor.br\/index.php\/author\/casalberto\/\"}]}<\/script>\n<!-- \/ Yoast SEO plugin. -->","yoast_head_json":{"title":"Artigo \u00e9 tirado de contexto (mais um) para desinformar sobre as vacinas contra a Covid-19 - Comunidade Ativa","robots":{"index":"index","follow":"follow","max-snippet":"max-snippet:-1","max-image-preview":"max-image-preview:large","max-video-preview":"max-video-preview:-1"},"canonical":"https:\/\/www.comunidadeativa.jor.br\/index.php\/2021\/08\/31\/artigo-e-tirado-de-contexto-mais-um-para-desinformar-sobre-as-vacinas-contra-a-covid-19\/","og_locale":"pt_BR","og_type":"article","og_title":"Artigo \u00e9 tirado de contexto (mais um) para desinformar sobre as vacinas contra a Covid-19 - Comunidade Ativa","og_description":"A desinforma\u00e7\u00e3o n\u00e3o \u00e9 algo novo. A t\u00e9cnica foi usada na antiguidade romana, na Alemanha de Hitler, durante a Guerra","og_url":"https:\/\/www.comunidadeativa.jor.br\/index.php\/2021\/08\/31\/artigo-e-tirado-de-contexto-mais-um-para-desinformar-sobre-as-vacinas-contra-a-covid-19\/","og_site_name":"Comunidade Ativa","article_publisher":"https:\/\/www.facebook.com\/comunidadeativa","article_published_time":"2021-08-31T21:14:20+00:00","article_modified_time":"2023-08-11T22:12:57+00:00","og_image":[{"width":640,"height":352,"url":"https:\/\/www.comunidadeativa.jor.br\/wp-content\/uploads\/2021\/08\/capa1.jpg","type":"image\/jpeg"}],"author":"Comunidade Ativa","twitter_card":"summary_large_image","twitter_misc":{"Escrito por":"Comunidade Ativa","Est. tempo de leitura":"7 minutos"},"schema":{"@context":"https:\/\/schema.org","@graph":[{"@type":"Article","@id":"https:\/\/www.comunidadeativa.jor.br\/index.php\/2021\/08\/31\/artigo-e-tirado-de-contexto-mais-um-para-desinformar-sobre-as-vacinas-contra-a-covid-19\/#article","isPartOf":{"@id":"https:\/\/www.comunidadeativa.jor.br\/index.php\/2021\/08\/31\/artigo-e-tirado-de-contexto-mais-um-para-desinformar-sobre-as-vacinas-contra-a-covid-19\/"},"author":{"name":"Comunidade Ativa","@id":"https:\/\/www.comunidadeativa.jor.br\/#\/schema\/person\/dcaa1f1c51c1f0c47a33b2b734cad6e1"},"headline":"Artigo \u00e9 tirado de contexto (mais um) para desinformar sobre as vacinas contra a Covid-19","datePublished":"2021-08-31T21:14:20+00:00","dateModified":"2023-08-11T22:12:57+00:00","mainEntityOfPage":{"@id":"https:\/\/www.comunidadeativa.jor.br\/index.php\/2021\/08\/31\/artigo-e-tirado-de-contexto-mais-um-para-desinformar-sobre-as-vacinas-contra-a-covid-19\/"},"wordCount":1327,"publisher":{"@id":"https:\/\/www.comunidadeativa.jor.br\/#organization"},"image":{"@id":"https:\/\/www.comunidadeativa.jor.br\/index.php\/2021\/08\/31\/artigo-e-tirado-de-contexto-mais-um-para-desinformar-sobre-as-vacinas-contra-a-covid-19\/#primaryimage"},"thumbnailUrl":"https:\/\/www.comunidadeativa.jor.br\/wp-content\/uploads\/2021\/08\/capa1.jpg","articleSection":["Sa\u00fade &amp; Qualidade de Vida"],"inLanguage":"pt-BR"},{"@type":"WebPage","@id":"https:\/\/www.comunidadeativa.jor.br\/index.php\/2021\/08\/31\/artigo-e-tirado-de-contexto-mais-um-para-desinformar-sobre-as-vacinas-contra-a-covid-19\/","url":"https:\/\/www.comunidadeativa.jor.br\/index.php\/2021\/08\/31\/artigo-e-tirado-de-contexto-mais-um-para-desinformar-sobre-as-vacinas-contra-a-covid-19\/","name":"Artigo \u00e9 tirado de contexto (mais um) para desinformar sobre as vacinas contra a Covid-19 - Comunidade Ativa","isPartOf":{"@id":"https:\/\/www.comunidadeativa.jor.br\/#website"},"primaryImageOfPage":{"@id":"https:\/\/www.comunidadeativa.jor.br\/index.php\/2021\/08\/31\/artigo-e-tirado-de-contexto-mais-um-para-desinformar-sobre-as-vacinas-contra-a-covid-19\/#primaryimage"},"image":{"@id":"https:\/\/www.comunidadeativa.jor.br\/index.php\/2021\/08\/31\/artigo-e-tirado-de-contexto-mais-um-para-desinformar-sobre-as-vacinas-contra-a-covid-19\/#primaryimage"},"thumbnailUrl":"https:\/\/www.comunidadeativa.jor.br\/wp-content\/uploads\/2021\/08\/capa1.jpg","datePublished":"2021-08-31T21:14:20+00:00","dateModified":"2023-08-11T22:12:57+00:00","breadcrumb":{"@id":"https:\/\/www.comunidadeativa.jor.br\/index.php\/2021\/08\/31\/artigo-e-tirado-de-contexto-mais-um-para-desinformar-sobre-as-vacinas-contra-a-covid-19\/#breadcrumb"},"inLanguage":"pt-BR","potentialAction":[{"@type":"ReadAction","target":["https:\/\/www.comunidadeativa.jor.br\/index.php\/2021\/08\/31\/artigo-e-tirado-de-contexto-mais-um-para-desinformar-sobre-as-vacinas-contra-a-covid-19\/"]}]},{"@type":"ImageObject","inLanguage":"pt-BR","@id":"https:\/\/www.comunidadeativa.jor.br\/index.php\/2021\/08\/31\/artigo-e-tirado-de-contexto-mais-um-para-desinformar-sobre-as-vacinas-contra-a-covid-19\/#primaryimage","url":"https:\/\/www.comunidadeativa.jor.br\/wp-content\/uploads\/2021\/08\/capa1.jpg","contentUrl":"https:\/\/www.comunidadeativa.jor.br\/wp-content\/uploads\/2021\/08\/capa1.jpg","width":640,"height":352,"caption":"Ainda que o estudo de Read tenha sido direcionado para popula\u00e7\u00f5es de galinhas, ele n\u00e3o descarta a validade de se questionar fen\u00f4meno semelhante entre humanos. Por\u00e9m, nada disso deve servir como argumento antivacina. (Imagem: Freepik)"},{"@type":"BreadcrumbList","@id":"https:\/\/www.comunidadeativa.jor.br\/index.php\/2021\/08\/31\/artigo-e-tirado-de-contexto-mais-um-para-desinformar-sobre-as-vacinas-contra-a-covid-19\/#breadcrumb","itemListElement":[{"@type":"ListItem","position":1,"name":"In\u00edcio","item":"https:\/\/www.comunidadeativa.jor.br\/"},{"@type":"ListItem","position":2,"name":"Artigo \u00e9 tirado de contexto (mais um) para desinformar sobre as vacinas contra a Covid-19"}]},{"@type":"WebSite","@id":"https:\/\/www.comunidadeativa.jor.br\/#website","url":"https:\/\/www.comunidadeativa.jor.br\/","name":"Comunidade Ativa","description":"","publisher":{"@id":"https:\/\/www.comunidadeativa.jor.br\/#organization"},"potentialAction":[{"@type":"SearchAction","target":{"@type":"EntryPoint","urlTemplate":"https:\/\/www.comunidadeativa.jor.br\/?s={search_term_string}"},"query-input":{"@type":"PropertyValueSpecification","valueRequired":true,"valueName":"search_term_string"}}],"inLanguage":"pt-BR"},{"@type":"Organization","@id":"https:\/\/www.comunidadeativa.jor.br\/#organization","name":"Comunidade Ativa","url":"https:\/\/www.comunidadeativa.jor.br\/","logo":{"@type":"ImageObject","inLanguage":"pt-BR","@id":"https:\/\/www.comunidadeativa.jor.br\/#\/schema\/logo\/image\/","url":"https:\/\/www.comunidadeativa.jor.br\/wp-content\/uploads\/2018\/03\/cropped-LOGOPNG-1.png","contentUrl":"https:\/\/www.comunidadeativa.jor.br\/wp-content\/uploads\/2018\/03\/cropped-LOGOPNG-1.png","width":318,"height":90,"caption":"Comunidade Ativa"},"image":{"@id":"https:\/\/www.comunidadeativa.jor.br\/#\/schema\/logo\/image\/"},"sameAs":["https:\/\/www.facebook.com\/comunidadeativa"]},{"@type":"Person","@id":"https:\/\/www.comunidadeativa.jor.br\/#\/schema\/person\/dcaa1f1c51c1f0c47a33b2b734cad6e1","name":"Comunidade Ativa","image":{"@type":"ImageObject","inLanguage":"pt-BR","@id":"https:\/\/www.comunidadeativa.jor.br\/#\/schema\/person\/image\/","url":"https:\/\/secure.gravatar.com\/avatar\/09a9a1f85fedf41e81b47f7c1d40084f?s=96&d=mm&r=g","contentUrl":"https:\/\/secure.gravatar.com\/avatar\/09a9a1f85fedf41e81b47f7c1d40084f?s=96&d=mm&r=g","caption":"Comunidade Ativa"},"url":"https:\/\/www.comunidadeativa.jor.br\/index.php\/author\/casalberto\/"}]}},"_links":{"self":[{"href":"https:\/\/www.comunidadeativa.jor.br\/index.php\/wp-json\/wp\/v2\/posts\/2442","targetHints":{"allow":["GET"]}}],"collection":[{"href":"https:\/\/www.comunidadeativa.jor.br\/index.php\/wp-json\/wp\/v2\/posts"}],"about":[{"href":"https:\/\/www.comunidadeativa.jor.br\/index.php\/wp-json\/wp\/v2\/types\/post"}],"author":[{"embeddable":true,"href":"https:\/\/www.comunidadeativa.jor.br\/index.php\/wp-json\/wp\/v2\/users\/1"}],"replies":[{"embeddable":true,"href":"https:\/\/www.comunidadeativa.jor.br\/index.php\/wp-json\/wp\/v2\/comments?post=2442"}],"version-history":[{"count":3,"href":"https:\/\/www.comunidadeativa.jor.br\/index.php\/wp-json\/wp\/v2\/posts\/2442\/revisions"}],"predecessor-version":[{"id":3911,"href":"https:\/\/www.comunidadeativa.jor.br\/index.php\/wp-json\/wp\/v2\/posts\/2442\/revisions\/3911"}],"wp:featuredmedia":[{"embeddable":true,"href":"https:\/\/www.comunidadeativa.jor.br\/index.php\/wp-json\/wp\/v2\/media\/2445"}],"wp:attachment":[{"href":"https:\/\/www.comunidadeativa.jor.br\/index.php\/wp-json\/wp\/v2\/media?parent=2442"}],"wp:term":[{"taxonomy":"category","embeddable":true,"href":"https:\/\/www.comunidadeativa.jor.br\/index.php\/wp-json\/wp\/v2\/categories?post=2442"},{"taxonomy":"post_tag","embeddable":true,"href":"https:\/\/www.comunidadeativa.jor.br\/index.php\/wp-json\/wp\/v2\/tags?post=2442"}],"curies":[{"name":"wp","href":"https:\/\/api.w.org\/{rel}","templated":true}]}}