{"id":2489,"date":"2021-09-16T18:57:02","date_gmt":"2021-09-16T21:57:02","guid":{"rendered":"https:\/\/www.comunidadeativa.jor.br\/?p=2489"},"modified":"2023-08-11T19:15:25","modified_gmt":"2023-08-11T22:15:25","slug":"circuito-municipal-de-cultura-realiza-eventos-presenciais-e-virtuais-de-musica-cinema-e-danca-em-bh","status":"publish","type":"post","link":"https:\/\/www.comunidadeativa.jor.br\/index.php\/2021\/09\/16\/circuito-municipal-de-cultura-realiza-eventos-presenciais-e-virtuais-de-musica-cinema-e-danca-em-bh\/","title":{"rendered":"Circuito Municipal de Cultura realiza eventos presenciais e virtuais de m\u00fasica, cinema e dan\u00e7a em BH"},"content":{"rendered":"<p>As a\u00e7\u00f5es presenciais do <a href=\"http:\/\/www.portalbelohorizonte.com.br\/circuitomunicipaldecultura\">Circuito Municipal de Cultura<\/a> foram retomadas nesta segunda quinzena de setembro, informa a Secretaria Municipal de Cultura (SMC). O projeto \u00e9 uma realiza\u00e7\u00e3o conjunta da SMC com a Funda\u00e7\u00e3o Municipal de Cultura (FMC) da Prefeitura de Belo Horizonte (PBH) em parceria com o Centro de Interc\u00e2mbio e Refer\u00eancia Cultural (CIRC). Em sua segunda edi\u00e7\u00e3o, o Circuito oferecer\u00e1 ao p\u00fablico programa\u00e7\u00e3o gratuita, com atra\u00e7\u00f5es especiais nas \u00e1reas da m\u00fasica, do cinema e da dan\u00e7a.<\/p>\n<p>Segundo os realizadores, as a\u00e7\u00f5es manter\u00e3o car\u00e1ter h\u00edbrido, oferecendo op\u00e7\u00f5es presenciais e virtuais. Com isso, os espa\u00e7os de BH receber\u00e3o as atividades seguindo os protocolos de preven\u00e7\u00e3o \u00e0 Covid-19 \u2014 que incluem bilheteria eletr\u00f4nica, o uso de m\u00e1scaras e limita\u00e7\u00e3o de p\u00fablico, entre outras medidas \u2014, ao mesmo tempo em que algumas atividades poder\u00e3o ser acompanhadas pelo YouTube.<\/p>\n<p>Com isso, de acordo com Aline Vila Real, diretora de Promo\u00e7\u00e3o das Artes da FMC, a voca\u00e7\u00e3o plural do projeto ficar\u00e1 mais fortalecida. &#8220;O Circuito Municipal de Cultura segue realizando suas a\u00e7\u00f5es, acompanhando a din\u00e2mica da cidade e fortalecendo a produ\u00e7\u00e3o cultural realizada em Belo Horizonte. A programa\u00e7\u00e3o \u00e9 plural, tanto na oferta de linguagens art\u00edsticas, nos protagonismos em cena, e, agora, tamb\u00e9m nos formatos presencial, virtual e h\u00edbrido&#8221;, diz Aline.<\/p>\n<h5>Circuito Cine Sant\u00ea<\/h5>\n<p>Fique atento para a programa\u00e7\u00e3o, que foi iniciada no dia 15, com a estreia do projeto <em>Circuito Cine Sant\u00ea<\/em>, do Cine Santa Tereza em parceria com o Circuito Municipal de Cultura, que tem como foco na produ\u00e7\u00e3o cinematogr\u00e1fica contempor\u00e2nea. Nesta a\u00e7\u00e3o, o objetivo \u00e9 dar visibilidade para temas diversos, sob v\u00e1rias perspectivas, com aten\u00e7\u00e3o para o cinema feminino, negro, ind\u00edgena, LGBTQIA+ e para outros que se destacam pela for\u00e7a est\u00e9tica e pol\u00edtica.<\/p>\n<p>A primeira exibi\u00e7\u00e3o do Cine Sant\u00ea foi o longa Kevin, da produtora Emba\u00fabas, dirigido por Joana Oliveira. O filme apresenta o reencontro de Joana com Kevin, uma amiga ugandense que a diretora conheceu quando ambas estudaram na Alemanha, h\u00e1 20 anos. Na pr\u00f3xima sexta, 17, com a media\u00e7\u00e3o de Vanessa Santos, a pr\u00f3pria Joana debater\u00e1 com Clarissa Campolina e Luana Melga\u00e7o aspectos do filme. O debate poder\u00e1 poder\u00e1 ser acompanhado pelo canal da FMC no \u00a0YouTube da Funda\u00e7\u00e3o Municipal de Cultura (<a href=\"http:\/\/www.youtube.com.br\/fmcbh\" target=\"_blank\" rel=\"noopener\">clique aqui para acessar<\/a>).<\/p>\n<p>No dia 13 de outubro, \u00e0s 19h, ser\u00e1 exibido <em>Voltei!<\/em>, de Ary Rosa e Glenda Nic\u00e1cio. \u00a0O filme focaliza as irm\u00e3s Alayr e Sabrina que ouvem no r\u00e1dio de pilha o julgamento que pode mudar os rumos de um pa\u00eds. Para completar o quadro, outra irm\u00e3, F\u00e1tima, volta dos mortos para uma confraterniza\u00e7\u00e3o na noite hist\u00f3rica.<\/p>\n<h5>M\u00fasica de Domingo<\/h5>\n<p>O tradicional <em>M\u00fasica de Domingo<\/em> est\u00e1 de volta \u00e0 programa\u00e7\u00e3o de BH. Criado na d\u00e9cada de 1950, o projeto surgiu com a proposta de fomentar e de difundir a m\u00fasica de orquestra e de c\u00e2mara na capital. A partir de 1990, passou a ser realizado no Teatro Francisco Nunes, onde permaneceu at\u00e9 2009, quando foi encerrado. Ap\u00f3s 10 anos de interrup\u00e7\u00e3o, as apresenta\u00e7\u00f5es foram retomadas em 2019, mas novamente foram suspensas, em fun\u00e7\u00e3o da pandemia.<\/p>\n<p>Na nova etapa, o M\u00fasica de domingo retorna com programa\u00e7\u00e3o musical quinzenal, sempre nas tardes de domingo, que apresentar\u00e1 variadas facetas da m\u00fasica instrumental. Nesta edi\u00e7\u00e3o o evento acontecer\u00e1 de forma itinerante, realizando apresenta\u00e7\u00f5es em alguns teatros da cidade.<\/p>\n<p>A estreia acontecer\u00e1 no dia 26, \u00e0s 16h, no Cine Theatro Brasil Vallourec, com o show <em>Jararaca <\/em>do Assanhado Quarteto, que est\u00e1 lan\u00e7ando o segundo disco. Com a presen\u00e7a da musicista Carol Panesi, a apresenta\u00e7\u00e3o tamb\u00e9m ser\u00e1 exibida pelo canal da FMC no YouTube e pelo site do Circuito.<\/p>\n<p>No dia 11 de outubro, tamb\u00e9m \u00e0s 16h, o Acau\u00e3 Ranne apresentar\u00e1 o show <em>Septeto<\/em>, no Teatro Feluma. Como convidada, o multi-instrumentista receber\u00e1 a cantora Titane, em um espet\u00e1culo o que unir\u00e1 c\u00e2nticos sagrados do candombl\u00e9 com sofisticadas harmonias do jazz, com o swing do samba e com a introspec\u00e7\u00e3o dos vissungos e dos reinados.<\/p>\n<p>No dia 24 de outubro ser\u00e1 a vez do Teatro Bradesco receber o show do novo disco <em>V\u00f3rtice<\/em> do compositor, arranjador e instrumentista Rafael Martini, que ter\u00e1 a participa\u00e7\u00e3o de Ceumar (MG).<\/p>\n<h5>Mostra Corpo-Imagem-Movimento<\/h5>\n<p>A mostra <em>Corpo-Imagem-Movimento<\/em> integra o Programa de resid\u00eancias art\u00edsticas CRDan\u00e7aBH, lan\u00e7ado em setembro, com foco na cria\u00e7\u00e3o e na pesquisa nas \u00e1reas de artes c\u00eanicas e de audiovisual. A atividade foi criada pelo Centro de Refer\u00eancia da Dan\u00e7a de Belo Horizonte em conjunto com o Cine Santa Tereza, com a parceria do Goethe-Institute.<\/p>\n<p>A mostra apresentar\u00e1 uma sele\u00e7\u00e3o de filmes que se conectam por meio das rela\u00e7\u00f5es que estabelecem entre corpo, imagem, territ\u00f3rio, identidade, deslocamento e experimenta\u00e7\u00e3o. Todas as sess\u00f5es ser\u00e3o realizadas no Cine Santa Tereza, sempre \u00e0s 19h.<\/p>\n<p>Abrindo a programa\u00e7\u00e3o, no dia 1\u00ba de outubro ser\u00e1 exibido <em>Um Filme de Danc\u0327a<\/em> (2013), da cineasta e core\u00f3grafa Carmem Luz, que retrata a cena da dan\u00e7a no Brasil com aten\u00e7\u00e3o especial para a presen\u00e7a do corpo negro nesse universo art\u00edstico. O filme ser\u00e1 exibido tamb\u00e9m no dia 9.<\/p>\n<p>Nos dias 2 e 7 haver\u00e1 a exibi\u00e7\u00e3o de <em>A Cambonagem e o Ince\u0302ndio Inevita\u0301vel<\/em>(2021), de Castiel Vitorino Brasileiro. Por meio da express\u00e3o dos corpos femininos o filme evoca identidade, mem\u00f3ria e ancestralidade.<\/p>\n<p>Nos dias 3 e 8 de outubro, a terceira se\u00e7\u00e3o da mostra re\u00fane as produ\u00e7\u00f5es <em>Repu\u0301blica<\/em> (2020), da atriz e cineasta Grace Passo\u0302, <em>Pattaki<\/em> (2019), dirigido por Everlane Moraes, e <em>Negrume<\/em> (2018), de Diego Paulino. As produ\u00e7\u00f5es formam uma tr\u00edade cujas performances transportam o espectador para outras realidades poss\u00edveis, entre sonhos xam\u00e2nicos, planetas distantes e inunda\u00e7\u00f5es.<\/p>\n<p>Como \u00faltima estreia da programa\u00e7\u00e3o, nos dias 6 e 10 as sess\u00f5es reunir\u00e3o <em>Lambada Estranha<\/em> (2020), dirigido por Luisa Marques e Darks Miranda, <em>Intervenc\u0327a\u0303o Jah<\/em> (2019), dirigido por Daniel Santos, com co-direc\u0327a\u0303o e roteiro de Welket Bungue\u0301, e <em>Swinguerra<\/em> (2019), de Ba\u0301rbara Wagner e Benjamin de Burca. Nos filmes os corpos se arriscam por diferentes espa\u00e7os e investiga\u00e7\u00f5es.<\/p>\n<p>No dia 8, \u00e0s 20h30, encerrando a programa\u00e7\u00e3o da mostra, haver\u00e1 o debate on-line com a participa\u00e7\u00e3o de Grace Pass\u00f4, Carmem Luz e Everlane Moraes, com media\u00e7\u00e3o do pesquisador Breno Henrique, que poder\u00e1 ser acompanhada pelo canal da FMC pelo YouTube.<\/p>\n","protected":false},"excerpt":{"rendered":"<p>As a\u00e7\u00f5es presenciais do Circuito Municipal de Cultura foram retomadas nesta segunda quinzena de setembro, informa a Secretaria Municipal de<\/p>\n","protected":false},"author":1,"featured_media":2490,"comment_status":"closed","ping_status":"open","sticky":false,"template":"","format":"standard","meta":{"footnotes":""},"categories":[15],"tags":[],"class_list":["post-2489","post","type-post","status-publish","format-standard","has-post-thumbnail","hentry","category-cultura"],"yoast_head":"<!-- This site is optimized with the Yoast SEO plugin v26.0 - https:\/\/yoast.com\/wordpress\/plugins\/seo\/ -->\n<title>Circuito Municipal de Cultura realiza eventos presenciais e virtuais de m\u00fasica, cinema e dan\u00e7a em BH - Comunidade Ativa<\/title>\n<meta name=\"robots\" content=\"index, follow, max-snippet:-1, max-image-preview:large, max-video-preview:-1\" \/>\n<link rel=\"canonical\" href=\"https:\/\/www.comunidadeativa.jor.br\/index.php\/2021\/09\/16\/circuito-municipal-de-cultura-realiza-eventos-presenciais-e-virtuais-de-musica-cinema-e-danca-em-bh\/\" \/>\n<meta property=\"og:locale\" content=\"pt_BR\" \/>\n<meta property=\"og:type\" content=\"article\" \/>\n<meta property=\"og:title\" content=\"Circuito Municipal de Cultura realiza eventos presenciais e virtuais de m\u00fasica, cinema e dan\u00e7a em BH - Comunidade Ativa\" \/>\n<meta property=\"og:description\" content=\"As a\u00e7\u00f5es presenciais do Circuito Municipal de Cultura foram retomadas nesta segunda quinzena de setembro, informa a Secretaria Municipal de\" \/>\n<meta property=\"og:url\" content=\"https:\/\/www.comunidadeativa.jor.br\/index.php\/2021\/09\/16\/circuito-municipal-de-cultura-realiza-eventos-presenciais-e-virtuais-de-musica-cinema-e-danca-em-bh\/\" \/>\n<meta property=\"og:site_name\" content=\"Comunidade Ativa\" \/>\n<meta property=\"article:publisher\" content=\"https:\/\/www.facebook.com\/comunidadeativa\" \/>\n<meta property=\"article:published_time\" content=\"2021-09-16T21:57:02+00:00\" \/>\n<meta property=\"article:modified_time\" content=\"2023-08-11T22:15:25+00:00\" \/>\n<meta property=\"og:image\" content=\"https:\/\/www.comunidadeativa.jor.br\/wp-content\/uploads\/2021\/09\/capa-7.jpg\" \/>\n\t<meta property=\"og:image:width\" content=\"640\" \/>\n\t<meta property=\"og:image:height\" content=\"352\" \/>\n\t<meta property=\"og:image:type\" content=\"image\/jpeg\" \/>\n<meta name=\"author\" content=\"Comunidade Ativa\" \/>\n<meta name=\"twitter:card\" content=\"summary_large_image\" \/>\n<meta name=\"twitter:label1\" content=\"Escrito por\" \/>\n\t<meta name=\"twitter:data1\" content=\"Comunidade Ativa\" \/>\n\t<meta name=\"twitter:label2\" content=\"Est. tempo de leitura\" \/>\n\t<meta name=\"twitter:data2\" content=\"6 minutos\" \/>\n<script type=\"application\/ld+json\" class=\"yoast-schema-graph\">{\"@context\":\"https:\/\/schema.org\",\"@graph\":[{\"@type\":\"Article\",\"@id\":\"https:\/\/www.comunidadeativa.jor.br\/index.php\/2021\/09\/16\/circuito-municipal-de-cultura-realiza-eventos-presenciais-e-virtuais-de-musica-cinema-e-danca-em-bh\/#article\",\"isPartOf\":{\"@id\":\"https:\/\/www.comunidadeativa.jor.br\/index.php\/2021\/09\/16\/circuito-municipal-de-cultura-realiza-eventos-presenciais-e-virtuais-de-musica-cinema-e-danca-em-bh\/\"},\"author\":{\"name\":\"Comunidade Ativa\",\"@id\":\"https:\/\/www.comunidadeativa.jor.br\/#\/schema\/person\/dcaa1f1c51c1f0c47a33b2b734cad6e1\"},\"headline\":\"Circuito Municipal de Cultura realiza eventos presenciais e virtuais de m\u00fasica, cinema e dan\u00e7a em BH\",\"datePublished\":\"2021-09-16T21:57:02+00:00\",\"dateModified\":\"2023-08-11T22:15:25+00:00\",\"mainEntityOfPage\":{\"@id\":\"https:\/\/www.comunidadeativa.jor.br\/index.php\/2021\/09\/16\/circuito-municipal-de-cultura-realiza-eventos-presenciais-e-virtuais-de-musica-cinema-e-danca-em-bh\/\"},\"wordCount\":1118,\"publisher\":{\"@id\":\"https:\/\/www.comunidadeativa.jor.br\/#organization\"},\"image\":{\"@id\":\"https:\/\/www.comunidadeativa.jor.br\/index.php\/2021\/09\/16\/circuito-municipal-de-cultura-realiza-eventos-presenciais-e-virtuais-de-musica-cinema-e-danca-em-bh\/#primaryimage\"},\"thumbnailUrl\":\"https:\/\/www.comunidadeativa.jor.br\/wp-content\/uploads\/2021\/09\/capa-7.jpg\",\"articleSection\":[\"Cultura\"],\"inLanguage\":\"pt-BR\"},{\"@type\":\"WebPage\",\"@id\":\"https:\/\/www.comunidadeativa.jor.br\/index.php\/2021\/09\/16\/circuito-municipal-de-cultura-realiza-eventos-presenciais-e-virtuais-de-musica-cinema-e-danca-em-bh\/\",\"url\":\"https:\/\/www.comunidadeativa.jor.br\/index.php\/2021\/09\/16\/circuito-municipal-de-cultura-realiza-eventos-presenciais-e-virtuais-de-musica-cinema-e-danca-em-bh\/\",\"name\":\"Circuito Municipal de Cultura realiza eventos presenciais e virtuais de m\u00fasica, cinema e dan\u00e7a em BH - Comunidade Ativa\",\"isPartOf\":{\"@id\":\"https:\/\/www.comunidadeativa.jor.br\/#website\"},\"primaryImageOfPage\":{\"@id\":\"https:\/\/www.comunidadeativa.jor.br\/index.php\/2021\/09\/16\/circuito-municipal-de-cultura-realiza-eventos-presenciais-e-virtuais-de-musica-cinema-e-danca-em-bh\/#primaryimage\"},\"image\":{\"@id\":\"https:\/\/www.comunidadeativa.jor.br\/index.php\/2021\/09\/16\/circuito-municipal-de-cultura-realiza-eventos-presenciais-e-virtuais-de-musica-cinema-e-danca-em-bh\/#primaryimage\"},\"thumbnailUrl\":\"https:\/\/www.comunidadeativa.jor.br\/wp-content\/uploads\/2021\/09\/capa-7.jpg\",\"datePublished\":\"2021-09-16T21:57:02+00:00\",\"dateModified\":\"2023-08-11T22:15:25+00:00\",\"breadcrumb\":{\"@id\":\"https:\/\/www.comunidadeativa.jor.br\/index.php\/2021\/09\/16\/circuito-municipal-de-cultura-realiza-eventos-presenciais-e-virtuais-de-musica-cinema-e-danca-em-bh\/#breadcrumb\"},\"inLanguage\":\"pt-BR\",\"potentialAction\":[{\"@type\":\"ReadAction\",\"target\":[\"https:\/\/www.comunidadeativa.jor.br\/index.php\/2021\/09\/16\/circuito-municipal-de-cultura-realiza-eventos-presenciais-e-virtuais-de-musica-cinema-e-danca-em-bh\/\"]}]},{\"@type\":\"ImageObject\",\"inLanguage\":\"pt-BR\",\"@id\":\"https:\/\/www.comunidadeativa.jor.br\/index.php\/2021\/09\/16\/circuito-municipal-de-cultura-realiza-eventos-presenciais-e-virtuais-de-musica-cinema-e-danca-em-bh\/#primaryimage\",\"url\":\"https:\/\/www.comunidadeativa.jor.br\/wp-content\/uploads\/2021\/09\/capa-7.jpg\",\"contentUrl\":\"https:\/\/www.comunidadeativa.jor.br\/wp-content\/uploads\/2021\/09\/capa-7.jpg\",\"width\":640,\"height\":352},{\"@type\":\"BreadcrumbList\",\"@id\":\"https:\/\/www.comunidadeativa.jor.br\/index.php\/2021\/09\/16\/circuito-municipal-de-cultura-realiza-eventos-presenciais-e-virtuais-de-musica-cinema-e-danca-em-bh\/#breadcrumb\",\"itemListElement\":[{\"@type\":\"ListItem\",\"position\":1,\"name\":\"In\u00edcio\",\"item\":\"https:\/\/www.comunidadeativa.jor.br\/\"},{\"@type\":\"ListItem\",\"position\":2,\"name\":\"Circuito Municipal de Cultura realiza eventos presenciais e virtuais de m\u00fasica, cinema e dan\u00e7a em BH\"}]},{\"@type\":\"WebSite\",\"@id\":\"https:\/\/www.comunidadeativa.jor.br\/#website\",\"url\":\"https:\/\/www.comunidadeativa.jor.br\/\",\"name\":\"Comunidade Ativa\",\"description\":\"\",\"publisher\":{\"@id\":\"https:\/\/www.comunidadeativa.jor.br\/#organization\"},\"potentialAction\":[{\"@type\":\"SearchAction\",\"target\":{\"@type\":\"EntryPoint\",\"urlTemplate\":\"https:\/\/www.comunidadeativa.jor.br\/?s={search_term_string}\"},\"query-input\":{\"@type\":\"PropertyValueSpecification\",\"valueRequired\":true,\"valueName\":\"search_term_string\"}}],\"inLanguage\":\"pt-BR\"},{\"@type\":\"Organization\",\"@id\":\"https:\/\/www.comunidadeativa.jor.br\/#organization\",\"name\":\"Comunidade Ativa\",\"url\":\"https:\/\/www.comunidadeativa.jor.br\/\",\"logo\":{\"@type\":\"ImageObject\",\"inLanguage\":\"pt-BR\",\"@id\":\"https:\/\/www.comunidadeativa.jor.br\/#\/schema\/logo\/image\/\",\"url\":\"https:\/\/www.comunidadeativa.jor.br\/wp-content\/uploads\/2018\/03\/cropped-LOGOPNG-1.png\",\"contentUrl\":\"https:\/\/www.comunidadeativa.jor.br\/wp-content\/uploads\/2018\/03\/cropped-LOGOPNG-1.png\",\"width\":318,\"height\":90,\"caption\":\"Comunidade Ativa\"},\"image\":{\"@id\":\"https:\/\/www.comunidadeativa.jor.br\/#\/schema\/logo\/image\/\"},\"sameAs\":[\"https:\/\/www.facebook.com\/comunidadeativa\"]},{\"@type\":\"Person\",\"@id\":\"https:\/\/www.comunidadeativa.jor.br\/#\/schema\/person\/dcaa1f1c51c1f0c47a33b2b734cad6e1\",\"name\":\"Comunidade Ativa\",\"image\":{\"@type\":\"ImageObject\",\"inLanguage\":\"pt-BR\",\"@id\":\"https:\/\/www.comunidadeativa.jor.br\/#\/schema\/person\/image\/\",\"url\":\"https:\/\/secure.gravatar.com\/avatar\/09a9a1f85fedf41e81b47f7c1d40084f?s=96&d=mm&r=g\",\"contentUrl\":\"https:\/\/secure.gravatar.com\/avatar\/09a9a1f85fedf41e81b47f7c1d40084f?s=96&d=mm&r=g\",\"caption\":\"Comunidade Ativa\"},\"url\":\"https:\/\/www.comunidadeativa.jor.br\/index.php\/author\/casalberto\/\"}]}<\/script>\n<!-- \/ Yoast SEO plugin. -->","yoast_head_json":{"title":"Circuito Municipal de Cultura realiza eventos presenciais e virtuais de m\u00fasica, cinema e dan\u00e7a em BH - Comunidade Ativa","robots":{"index":"index","follow":"follow","max-snippet":"max-snippet:-1","max-image-preview":"max-image-preview:large","max-video-preview":"max-video-preview:-1"},"canonical":"https:\/\/www.comunidadeativa.jor.br\/index.php\/2021\/09\/16\/circuito-municipal-de-cultura-realiza-eventos-presenciais-e-virtuais-de-musica-cinema-e-danca-em-bh\/","og_locale":"pt_BR","og_type":"article","og_title":"Circuito Municipal de Cultura realiza eventos presenciais e virtuais de m\u00fasica, cinema e dan\u00e7a em BH - Comunidade Ativa","og_description":"As a\u00e7\u00f5es presenciais do Circuito Municipal de Cultura foram retomadas nesta segunda quinzena de setembro, informa a Secretaria Municipal de","og_url":"https:\/\/www.comunidadeativa.jor.br\/index.php\/2021\/09\/16\/circuito-municipal-de-cultura-realiza-eventos-presenciais-e-virtuais-de-musica-cinema-e-danca-em-bh\/","og_site_name":"Comunidade Ativa","article_publisher":"https:\/\/www.facebook.com\/comunidadeativa","article_published_time":"2021-09-16T21:57:02+00:00","article_modified_time":"2023-08-11T22:15:25+00:00","og_image":[{"width":640,"height":352,"url":"https:\/\/www.comunidadeativa.jor.br\/wp-content\/uploads\/2021\/09\/capa-7.jpg","type":"image\/jpeg"}],"author":"Comunidade Ativa","twitter_card":"summary_large_image","twitter_misc":{"Escrito por":"Comunidade Ativa","Est. tempo de leitura":"6 minutos"},"schema":{"@context":"https:\/\/schema.org","@graph":[{"@type":"Article","@id":"https:\/\/www.comunidadeativa.jor.br\/index.php\/2021\/09\/16\/circuito-municipal-de-cultura-realiza-eventos-presenciais-e-virtuais-de-musica-cinema-e-danca-em-bh\/#article","isPartOf":{"@id":"https:\/\/www.comunidadeativa.jor.br\/index.php\/2021\/09\/16\/circuito-municipal-de-cultura-realiza-eventos-presenciais-e-virtuais-de-musica-cinema-e-danca-em-bh\/"},"author":{"name":"Comunidade Ativa","@id":"https:\/\/www.comunidadeativa.jor.br\/#\/schema\/person\/dcaa1f1c51c1f0c47a33b2b734cad6e1"},"headline":"Circuito Municipal de Cultura realiza eventos presenciais e virtuais de m\u00fasica, cinema e dan\u00e7a em BH","datePublished":"2021-09-16T21:57:02+00:00","dateModified":"2023-08-11T22:15:25+00:00","mainEntityOfPage":{"@id":"https:\/\/www.comunidadeativa.jor.br\/index.php\/2021\/09\/16\/circuito-municipal-de-cultura-realiza-eventos-presenciais-e-virtuais-de-musica-cinema-e-danca-em-bh\/"},"wordCount":1118,"publisher":{"@id":"https:\/\/www.comunidadeativa.jor.br\/#organization"},"image":{"@id":"https:\/\/www.comunidadeativa.jor.br\/index.php\/2021\/09\/16\/circuito-municipal-de-cultura-realiza-eventos-presenciais-e-virtuais-de-musica-cinema-e-danca-em-bh\/#primaryimage"},"thumbnailUrl":"https:\/\/www.comunidadeativa.jor.br\/wp-content\/uploads\/2021\/09\/capa-7.jpg","articleSection":["Cultura"],"inLanguage":"pt-BR"},{"@type":"WebPage","@id":"https:\/\/www.comunidadeativa.jor.br\/index.php\/2021\/09\/16\/circuito-municipal-de-cultura-realiza-eventos-presenciais-e-virtuais-de-musica-cinema-e-danca-em-bh\/","url":"https:\/\/www.comunidadeativa.jor.br\/index.php\/2021\/09\/16\/circuito-municipal-de-cultura-realiza-eventos-presenciais-e-virtuais-de-musica-cinema-e-danca-em-bh\/","name":"Circuito Municipal de Cultura realiza eventos presenciais e virtuais de m\u00fasica, cinema e dan\u00e7a em BH - Comunidade Ativa","isPartOf":{"@id":"https:\/\/www.comunidadeativa.jor.br\/#website"},"primaryImageOfPage":{"@id":"https:\/\/www.comunidadeativa.jor.br\/index.php\/2021\/09\/16\/circuito-municipal-de-cultura-realiza-eventos-presenciais-e-virtuais-de-musica-cinema-e-danca-em-bh\/#primaryimage"},"image":{"@id":"https:\/\/www.comunidadeativa.jor.br\/index.php\/2021\/09\/16\/circuito-municipal-de-cultura-realiza-eventos-presenciais-e-virtuais-de-musica-cinema-e-danca-em-bh\/#primaryimage"},"thumbnailUrl":"https:\/\/www.comunidadeativa.jor.br\/wp-content\/uploads\/2021\/09\/capa-7.jpg","datePublished":"2021-09-16T21:57:02+00:00","dateModified":"2023-08-11T22:15:25+00:00","breadcrumb":{"@id":"https:\/\/www.comunidadeativa.jor.br\/index.php\/2021\/09\/16\/circuito-municipal-de-cultura-realiza-eventos-presenciais-e-virtuais-de-musica-cinema-e-danca-em-bh\/#breadcrumb"},"inLanguage":"pt-BR","potentialAction":[{"@type":"ReadAction","target":["https:\/\/www.comunidadeativa.jor.br\/index.php\/2021\/09\/16\/circuito-municipal-de-cultura-realiza-eventos-presenciais-e-virtuais-de-musica-cinema-e-danca-em-bh\/"]}]},{"@type":"ImageObject","inLanguage":"pt-BR","@id":"https:\/\/www.comunidadeativa.jor.br\/index.php\/2021\/09\/16\/circuito-municipal-de-cultura-realiza-eventos-presenciais-e-virtuais-de-musica-cinema-e-danca-em-bh\/#primaryimage","url":"https:\/\/www.comunidadeativa.jor.br\/wp-content\/uploads\/2021\/09\/capa-7.jpg","contentUrl":"https:\/\/www.comunidadeativa.jor.br\/wp-content\/uploads\/2021\/09\/capa-7.jpg","width":640,"height":352},{"@type":"BreadcrumbList","@id":"https:\/\/www.comunidadeativa.jor.br\/index.php\/2021\/09\/16\/circuito-municipal-de-cultura-realiza-eventos-presenciais-e-virtuais-de-musica-cinema-e-danca-em-bh\/#breadcrumb","itemListElement":[{"@type":"ListItem","position":1,"name":"In\u00edcio","item":"https:\/\/www.comunidadeativa.jor.br\/"},{"@type":"ListItem","position":2,"name":"Circuito Municipal de Cultura realiza eventos presenciais e virtuais de m\u00fasica, cinema e dan\u00e7a em BH"}]},{"@type":"WebSite","@id":"https:\/\/www.comunidadeativa.jor.br\/#website","url":"https:\/\/www.comunidadeativa.jor.br\/","name":"Comunidade Ativa","description":"","publisher":{"@id":"https:\/\/www.comunidadeativa.jor.br\/#organization"},"potentialAction":[{"@type":"SearchAction","target":{"@type":"EntryPoint","urlTemplate":"https:\/\/www.comunidadeativa.jor.br\/?s={search_term_string}"},"query-input":{"@type":"PropertyValueSpecification","valueRequired":true,"valueName":"search_term_string"}}],"inLanguage":"pt-BR"},{"@type":"Organization","@id":"https:\/\/www.comunidadeativa.jor.br\/#organization","name":"Comunidade Ativa","url":"https:\/\/www.comunidadeativa.jor.br\/","logo":{"@type":"ImageObject","inLanguage":"pt-BR","@id":"https:\/\/www.comunidadeativa.jor.br\/#\/schema\/logo\/image\/","url":"https:\/\/www.comunidadeativa.jor.br\/wp-content\/uploads\/2018\/03\/cropped-LOGOPNG-1.png","contentUrl":"https:\/\/www.comunidadeativa.jor.br\/wp-content\/uploads\/2018\/03\/cropped-LOGOPNG-1.png","width":318,"height":90,"caption":"Comunidade Ativa"},"image":{"@id":"https:\/\/www.comunidadeativa.jor.br\/#\/schema\/logo\/image\/"},"sameAs":["https:\/\/www.facebook.com\/comunidadeativa"]},{"@type":"Person","@id":"https:\/\/www.comunidadeativa.jor.br\/#\/schema\/person\/dcaa1f1c51c1f0c47a33b2b734cad6e1","name":"Comunidade Ativa","image":{"@type":"ImageObject","inLanguage":"pt-BR","@id":"https:\/\/www.comunidadeativa.jor.br\/#\/schema\/person\/image\/","url":"https:\/\/secure.gravatar.com\/avatar\/09a9a1f85fedf41e81b47f7c1d40084f?s=96&d=mm&r=g","contentUrl":"https:\/\/secure.gravatar.com\/avatar\/09a9a1f85fedf41e81b47f7c1d40084f?s=96&d=mm&r=g","caption":"Comunidade Ativa"},"url":"https:\/\/www.comunidadeativa.jor.br\/index.php\/author\/casalberto\/"}]}},"_links":{"self":[{"href":"https:\/\/www.comunidadeativa.jor.br\/index.php\/wp-json\/wp\/v2\/posts\/2489","targetHints":{"allow":["GET"]}}],"collection":[{"href":"https:\/\/www.comunidadeativa.jor.br\/index.php\/wp-json\/wp\/v2\/posts"}],"about":[{"href":"https:\/\/www.comunidadeativa.jor.br\/index.php\/wp-json\/wp\/v2\/types\/post"}],"author":[{"embeddable":true,"href":"https:\/\/www.comunidadeativa.jor.br\/index.php\/wp-json\/wp\/v2\/users\/1"}],"replies":[{"embeddable":true,"href":"https:\/\/www.comunidadeativa.jor.br\/index.php\/wp-json\/wp\/v2\/comments?post=2489"}],"version-history":[{"count":2,"href":"https:\/\/www.comunidadeativa.jor.br\/index.php\/wp-json\/wp\/v2\/posts\/2489\/revisions"}],"predecessor-version":[{"id":3918,"href":"https:\/\/www.comunidadeativa.jor.br\/index.php\/wp-json\/wp\/v2\/posts\/2489\/revisions\/3918"}],"wp:featuredmedia":[{"embeddable":true,"href":"https:\/\/www.comunidadeativa.jor.br\/index.php\/wp-json\/wp\/v2\/media\/2490"}],"wp:attachment":[{"href":"https:\/\/www.comunidadeativa.jor.br\/index.php\/wp-json\/wp\/v2\/media?parent=2489"}],"wp:term":[{"taxonomy":"category","embeddable":true,"href":"https:\/\/www.comunidadeativa.jor.br\/index.php\/wp-json\/wp\/v2\/categories?post=2489"},{"taxonomy":"post_tag","embeddable":true,"href":"https:\/\/www.comunidadeativa.jor.br\/index.php\/wp-json\/wp\/v2\/tags?post=2489"}],"curies":[{"name":"wp","href":"https:\/\/api.w.org\/{rel}","templated":true}]}}