{"id":2503,"date":"2021-09-20T10:29:07","date_gmt":"2021-09-20T13:29:07","guid":{"rendered":"https:\/\/www.comunidadeativa.jor.br\/?p=2503"},"modified":"2023-08-11T19:16:34","modified_gmt":"2023-08-11T22:16:34","slug":"a-irresponsabilidade-de-maus-motoristas-na-francisco-deslandes-e-a-semana-nacional-do-transito","status":"publish","type":"post","link":"https:\/\/www.comunidadeativa.jor.br\/index.php\/2021\/09\/20\/a-irresponsabilidade-de-maus-motoristas-na-francisco-deslandes-e-a-semana-nacional-do-transito\/","title":{"rendered":"A irresponsabilidade de maus motoristas na Francisco Deslandes e a Semana Nacional do Tr\u00e2nsito"},"content":{"rendered":"<p>Na Semana Nacional do Tr\u00e2nsito, um registro feito na manh\u00e3 da \u00faltima quinta-feira, 16, em frente \u00e0 Caixa Econ\u00f4mica Federal da Francisco Deslandes, no Anchieta, ilustra bem o baixo n\u00edvel da educa\u00e7\u00e3o de parte dos motoristas belo-horizontinos. A fotografia mostra v\u00e1rios carros, um deles de luxo, estacionados no ponto final da linha 2103, impedindo que o coletivo estacione. Para atender \u00e0 rotina do transporte p\u00fablico, que serve a milhares de pessoas, o motorista do \u00f4nibus foi obrigado a permanecer em fila dupla, atravancando a circula\u00e7\u00e3o de ve\u00edculos naquele trecho e obrigando os passageiros a embarcarem na rua.<\/p>\n<figure id=\"attachment_2504\" aria-describedby=\"caption-attachment-2504\" style=\"width: 395px\" class=\"wp-caption alignright\"><img loading=\"lazy\" decoding=\"async\" class=\" wp-image-2504\" src=\"https:\/\/www.comunidadeativa.jor.br\/wp-content\/uploads\/2021\/09\/capa-8.jpg\" alt=\"\" width=\"395\" height=\"217\" srcset=\"https:\/\/www.comunidadeativa.jor.br\/wp-content\/uploads\/2021\/09\/capa-8.jpg 640w, https:\/\/www.comunidadeativa.jor.br\/wp-content\/uploads\/2021\/09\/capa-8-300x165.jpg 300w\" sizes=\"auto, (max-width: 395px) 100vw, 395px\" \/><figcaption id=\"caption-attachment-2504\" class=\"wp-caption-text\">Mais uma demonstra\u00e7\u00e3o da falta de princ\u00edpios b\u00e1sicos de civilidade dada por maus motoristas na Francisco Deslandes (Foto: Carlos Alberto Rocha)<\/figcaption><\/figure>\n<p>Vale destacar que o local \u00e9 bastante sinalizado e conta com a cabine de apoio ao pessoal do transporte, indicando\u00a0 claramente que ali \u00e9 um ponto de \u00f4nibus. Contudo, dando demonstra\u00e7\u00e3o de n\u00e3o terem a aten\u00e7\u00e3o necess\u00e1ria com os princ\u00edpios b\u00e1sicos da cidadania, os motoristas n\u00e3o se fizeram de rogados e estacionaram de forma indevida.<\/p>\n<h5>Recorrente<\/h5>\n<p>Para quem assiste a uma cena dessas pela primeira vez ela pode parecer um absurdo que chegam ao c\u00famulo daqueles que raramente acontecem. Por\u00e9m, infelizmente, o caso flagrado pelo <strong>Comunidade Ativa<\/strong> n\u00e3o \u00e9 uma exce\u00e7\u00e3o. De tempos em tempos ele se repete no local.<\/p>\n<p>Da mesma forma, motoristas que n\u00e3o consideram as necessidades do outro e quem n\u00e3o se importam com a ordem no tr\u00e2nsito estacionam bloqueando as rampas de acesso de cadeirantes \u00e0s cal\u00e7adas, em estacionamentos reservados para idosos e para pessoas com defici\u00eancia, em frente a garagens, sobre passeios, em locais proibidos e de v\u00e1rias outras formas irregulares. Como consequ\u00eancia, uma s\u00e9rie de transtornos \u00e9 provocada na cidade, que se torna ainda mais cansativa e insegura para a popula\u00e7\u00e3o que tem que conviver com as infra\u00e7\u00f5es dos maus motoristas.<\/p>\n<p>Por esse motivo, todas as pessoas que s\u00e3o afetadas pelo tr\u00e2nsito \u2014 ou seja, toda a popula\u00e7\u00e3o \u2014 precisam adotar medidas de precau\u00e7\u00e3o, necess\u00e1rias para evitar que a irresponsabilidade de uns cause danos inclusive a quem age de acordo com as regras.<\/p>\n<h5>No tr\u00e2nsito, sua responsabilidade salva vidas<\/h5>\n<p>Oportunamente, esse \u00e9 o tema adotado pelo Conselho Nacional de Tr\u00e2nsito (Contran) para orientar as a\u00e7\u00f5es que ser\u00e3o implementadas pelos Detrans estaduais e pelas prefeituras dos munic\u00edpios em campanhas educativas ao longo desta semana. Afinal, em uma cidade onde nos n\u00e3o cuidam do que \u00e9 de responsabilidade pr\u00f3pria, todos t\u00eam que se precaver.<\/p>\n<p>Em Belo Horizonte, a BHTrans iniciou as atividades do per\u00edodo no s\u00e1bado, 18, e elas se estender\u00e3o at\u00e9 o pr\u00f3ximo s\u00e1bado, 25. Por meio de v\u00eddeos, pe\u00e7as gr\u00e1ficas e teatrais e de palestras, est\u00e3o sendo difundidas mensagens de prote\u00e7\u00e3o \u00e0 vida, com foco especial sobre estudantes, idosos, funcion\u00e1rios de empresas diversas, usu\u00e1rios do transporte coletivo e para o p\u00fablico das redes sociais.<\/p>\n<p>De acordo com a gerente de Educa\u00e7\u00e3o e Mobilidade da BHTrans, Maria Augusta Gatti, o objetivo \u00e9 promover a aten\u00e7\u00e3o com a seguran\u00e7a, visando a redu\u00e7\u00e3o de acidentes. \u201cDa\u00ed a import\u00e2ncia de falarmos diretamente a cada um desses p\u00fablicos e a parceria da sociedade acontecer, pois a cidade \u00e9 de todos e para todos\u201d, ressalta a gerente.<\/p>\n<h5>Efeito limitado<\/h5>\n<p>Entretanto, como os infratores em geral se blindam desse tipo de a\u00e7\u00e3o e muitos, inclusive, parece que se julgam acima do direito coletivo, esse tipo de a\u00e7\u00e3o acaba tendo efeito limitado. Portanto, torna-se oportuno e necess\u00e1rio que pessoas conscientes que tenham qualquer rela\u00e7\u00e3o mais pr\u00f3xima com os maus motoristas \u2014 amigos, esposas, filhos, pais, irm\u00e3os etc. \u2014insistam com eles para que as normas elementares do tr\u00e2nsito sejam seguidas.<\/p>\n<p>Afinal, enquanto situa\u00e7\u00f5es como as que se repetem rotineiramente continuarem acontecendo, viveremos em um pa\u00eds onde uma minoria de pessoas mau educadas se comporta de maneira a prejudicar a qualidade de vida e a seguran\u00e7a da maioria.<\/p>\n<p>&nbsp;<\/p>\n","protected":false},"excerpt":{"rendered":"<p>Na Semana Nacional do Tr\u00e2nsito, um registro feito na manh\u00e3 da \u00faltima quinta-feira, 16, em frente \u00e0 Caixa Econ\u00f4mica Federal<\/p>\n","protected":false},"author":1,"featured_media":2504,"comment_status":"closed","ping_status":"open","sticky":false,"template":"","format":"standard","meta":{"footnotes":""},"categories":[12],"tags":[],"class_list":["post-2503","post","type-post","status-publish","format-standard","has-post-thumbnail","hentry","category-cidadania"],"yoast_head":"<!-- This site is optimized with the Yoast SEO plugin v26.0 - https:\/\/yoast.com\/wordpress\/plugins\/seo\/ -->\n<title>A irresponsabilidade de maus motoristas na Francisco Deslandes e a Semana Nacional do Tr\u00e2nsito - Comunidade Ativa<\/title>\n<meta name=\"robots\" content=\"index, follow, max-snippet:-1, max-image-preview:large, max-video-preview:-1\" \/>\n<link rel=\"canonical\" href=\"https:\/\/www.comunidadeativa.jor.br\/index.php\/2021\/09\/20\/a-irresponsabilidade-de-maus-motoristas-na-francisco-deslandes-e-a-semana-nacional-do-transito\/\" \/>\n<meta property=\"og:locale\" content=\"pt_BR\" \/>\n<meta property=\"og:type\" content=\"article\" \/>\n<meta property=\"og:title\" content=\"A irresponsabilidade de maus motoristas na Francisco Deslandes e a Semana Nacional do Tr\u00e2nsito - Comunidade Ativa\" \/>\n<meta property=\"og:description\" content=\"Na Semana Nacional do Tr\u00e2nsito, um registro feito na manh\u00e3 da \u00faltima quinta-feira, 16, em frente \u00e0 Caixa Econ\u00f4mica Federal\" \/>\n<meta property=\"og:url\" content=\"https:\/\/www.comunidadeativa.jor.br\/index.php\/2021\/09\/20\/a-irresponsabilidade-de-maus-motoristas-na-francisco-deslandes-e-a-semana-nacional-do-transito\/\" \/>\n<meta property=\"og:site_name\" content=\"Comunidade Ativa\" \/>\n<meta property=\"article:publisher\" content=\"https:\/\/www.facebook.com\/comunidadeativa\" \/>\n<meta property=\"article:published_time\" content=\"2021-09-20T13:29:07+00:00\" \/>\n<meta property=\"article:modified_time\" content=\"2023-08-11T22:16:34+00:00\" \/>\n<meta property=\"og:image\" content=\"https:\/\/www.comunidadeativa.jor.br\/wp-content\/uploads\/2021\/09\/capa-8.jpg\" \/>\n\t<meta property=\"og:image:width\" content=\"640\" \/>\n\t<meta property=\"og:image:height\" content=\"352\" \/>\n\t<meta property=\"og:image:type\" content=\"image\/jpeg\" \/>\n<meta name=\"author\" content=\"Comunidade Ativa\" \/>\n<meta name=\"twitter:card\" content=\"summary_large_image\" \/>\n<meta name=\"twitter:label1\" content=\"Escrito por\" \/>\n\t<meta name=\"twitter:data1\" content=\"Comunidade Ativa\" \/>\n\t<meta name=\"twitter:label2\" content=\"Est. tempo de leitura\" \/>\n\t<meta name=\"twitter:data2\" content=\"3 minutos\" \/>\n<script type=\"application\/ld+json\" class=\"yoast-schema-graph\">{\"@context\":\"https:\/\/schema.org\",\"@graph\":[{\"@type\":\"Article\",\"@id\":\"https:\/\/www.comunidadeativa.jor.br\/index.php\/2021\/09\/20\/a-irresponsabilidade-de-maus-motoristas-na-francisco-deslandes-e-a-semana-nacional-do-transito\/#article\",\"isPartOf\":{\"@id\":\"https:\/\/www.comunidadeativa.jor.br\/index.php\/2021\/09\/20\/a-irresponsabilidade-de-maus-motoristas-na-francisco-deslandes-e-a-semana-nacional-do-transito\/\"},\"author\":{\"name\":\"Comunidade Ativa\",\"@id\":\"https:\/\/www.comunidadeativa.jor.br\/#\/schema\/person\/dcaa1f1c51c1f0c47a33b2b734cad6e1\"},\"headline\":\"A irresponsabilidade de maus motoristas na Francisco Deslandes e a Semana Nacional do Tr\u00e2nsito\",\"datePublished\":\"2021-09-20T13:29:07+00:00\",\"dateModified\":\"2023-08-11T22:16:34+00:00\",\"mainEntityOfPage\":{\"@id\":\"https:\/\/www.comunidadeativa.jor.br\/index.php\/2021\/09\/20\/a-irresponsabilidade-de-maus-motoristas-na-francisco-deslandes-e-a-semana-nacional-do-transito\/\"},\"wordCount\":711,\"publisher\":{\"@id\":\"https:\/\/www.comunidadeativa.jor.br\/#organization\"},\"image\":{\"@id\":\"https:\/\/www.comunidadeativa.jor.br\/index.php\/2021\/09\/20\/a-irresponsabilidade-de-maus-motoristas-na-francisco-deslandes-e-a-semana-nacional-do-transito\/#primaryimage\"},\"thumbnailUrl\":\"https:\/\/www.comunidadeativa.jor.br\/wp-content\/uploads\/2021\/09\/capa-8.jpg\",\"articleSection\":[\"Cidadania\"],\"inLanguage\":\"pt-BR\"},{\"@type\":\"WebPage\",\"@id\":\"https:\/\/www.comunidadeativa.jor.br\/index.php\/2021\/09\/20\/a-irresponsabilidade-de-maus-motoristas-na-francisco-deslandes-e-a-semana-nacional-do-transito\/\",\"url\":\"https:\/\/www.comunidadeativa.jor.br\/index.php\/2021\/09\/20\/a-irresponsabilidade-de-maus-motoristas-na-francisco-deslandes-e-a-semana-nacional-do-transito\/\",\"name\":\"A irresponsabilidade de maus motoristas na Francisco Deslandes e a Semana Nacional do Tr\u00e2nsito - Comunidade Ativa\",\"isPartOf\":{\"@id\":\"https:\/\/www.comunidadeativa.jor.br\/#website\"},\"primaryImageOfPage\":{\"@id\":\"https:\/\/www.comunidadeativa.jor.br\/index.php\/2021\/09\/20\/a-irresponsabilidade-de-maus-motoristas-na-francisco-deslandes-e-a-semana-nacional-do-transito\/#primaryimage\"},\"image\":{\"@id\":\"https:\/\/www.comunidadeativa.jor.br\/index.php\/2021\/09\/20\/a-irresponsabilidade-de-maus-motoristas-na-francisco-deslandes-e-a-semana-nacional-do-transito\/#primaryimage\"},\"thumbnailUrl\":\"https:\/\/www.comunidadeativa.jor.br\/wp-content\/uploads\/2021\/09\/capa-8.jpg\",\"datePublished\":\"2021-09-20T13:29:07+00:00\",\"dateModified\":\"2023-08-11T22:16:34+00:00\",\"breadcrumb\":{\"@id\":\"https:\/\/www.comunidadeativa.jor.br\/index.php\/2021\/09\/20\/a-irresponsabilidade-de-maus-motoristas-na-francisco-deslandes-e-a-semana-nacional-do-transito\/#breadcrumb\"},\"inLanguage\":\"pt-BR\",\"potentialAction\":[{\"@type\":\"ReadAction\",\"target\":[\"https:\/\/www.comunidadeativa.jor.br\/index.php\/2021\/09\/20\/a-irresponsabilidade-de-maus-motoristas-na-francisco-deslandes-e-a-semana-nacional-do-transito\/\"]}]},{\"@type\":\"ImageObject\",\"inLanguage\":\"pt-BR\",\"@id\":\"https:\/\/www.comunidadeativa.jor.br\/index.php\/2021\/09\/20\/a-irresponsabilidade-de-maus-motoristas-na-francisco-deslandes-e-a-semana-nacional-do-transito\/#primaryimage\",\"url\":\"https:\/\/www.comunidadeativa.jor.br\/wp-content\/uploads\/2021\/09\/capa-8.jpg\",\"contentUrl\":\"https:\/\/www.comunidadeativa.jor.br\/wp-content\/uploads\/2021\/09\/capa-8.jpg\",\"width\":640,\"height\":352,\"caption\":\"Mais um mau motorista dando demonstra\u00e7\u00e3o da falta de princ\u00edpios b\u00e1sicos de civilidade (Foto: Carlos Alberto Rocha)\"},{\"@type\":\"BreadcrumbList\",\"@id\":\"https:\/\/www.comunidadeativa.jor.br\/index.php\/2021\/09\/20\/a-irresponsabilidade-de-maus-motoristas-na-francisco-deslandes-e-a-semana-nacional-do-transito\/#breadcrumb\",\"itemListElement\":[{\"@type\":\"ListItem\",\"position\":1,\"name\":\"In\u00edcio\",\"item\":\"https:\/\/www.comunidadeativa.jor.br\/\"},{\"@type\":\"ListItem\",\"position\":2,\"name\":\"A irresponsabilidade de maus motoristas na Francisco Deslandes e a Semana Nacional do Tr\u00e2nsito\"}]},{\"@type\":\"WebSite\",\"@id\":\"https:\/\/www.comunidadeativa.jor.br\/#website\",\"url\":\"https:\/\/www.comunidadeativa.jor.br\/\",\"name\":\"Comunidade Ativa\",\"description\":\"\",\"publisher\":{\"@id\":\"https:\/\/www.comunidadeativa.jor.br\/#organization\"},\"potentialAction\":[{\"@type\":\"SearchAction\",\"target\":{\"@type\":\"EntryPoint\",\"urlTemplate\":\"https:\/\/www.comunidadeativa.jor.br\/?s={search_term_string}\"},\"query-input\":{\"@type\":\"PropertyValueSpecification\",\"valueRequired\":true,\"valueName\":\"search_term_string\"}}],\"inLanguage\":\"pt-BR\"},{\"@type\":\"Organization\",\"@id\":\"https:\/\/www.comunidadeativa.jor.br\/#organization\",\"name\":\"Comunidade Ativa\",\"url\":\"https:\/\/www.comunidadeativa.jor.br\/\",\"logo\":{\"@type\":\"ImageObject\",\"inLanguage\":\"pt-BR\",\"@id\":\"https:\/\/www.comunidadeativa.jor.br\/#\/schema\/logo\/image\/\",\"url\":\"https:\/\/www.comunidadeativa.jor.br\/wp-content\/uploads\/2018\/03\/cropped-LOGOPNG-1.png\",\"contentUrl\":\"https:\/\/www.comunidadeativa.jor.br\/wp-content\/uploads\/2018\/03\/cropped-LOGOPNG-1.png\",\"width\":318,\"height\":90,\"caption\":\"Comunidade Ativa\"},\"image\":{\"@id\":\"https:\/\/www.comunidadeativa.jor.br\/#\/schema\/logo\/image\/\"},\"sameAs\":[\"https:\/\/www.facebook.com\/comunidadeativa\"]},{\"@type\":\"Person\",\"@id\":\"https:\/\/www.comunidadeativa.jor.br\/#\/schema\/person\/dcaa1f1c51c1f0c47a33b2b734cad6e1\",\"name\":\"Comunidade Ativa\",\"image\":{\"@type\":\"ImageObject\",\"inLanguage\":\"pt-BR\",\"@id\":\"https:\/\/www.comunidadeativa.jor.br\/#\/schema\/person\/image\/\",\"url\":\"https:\/\/secure.gravatar.com\/avatar\/09a9a1f85fedf41e81b47f7c1d40084f?s=96&d=mm&r=g\",\"contentUrl\":\"https:\/\/secure.gravatar.com\/avatar\/09a9a1f85fedf41e81b47f7c1d40084f?s=96&d=mm&r=g\",\"caption\":\"Comunidade Ativa\"},\"url\":\"https:\/\/www.comunidadeativa.jor.br\/index.php\/author\/casalberto\/\"}]}<\/script>\n<!-- \/ Yoast SEO plugin. -->","yoast_head_json":{"title":"A irresponsabilidade de maus motoristas na Francisco Deslandes e a Semana Nacional do Tr\u00e2nsito - Comunidade Ativa","robots":{"index":"index","follow":"follow","max-snippet":"max-snippet:-1","max-image-preview":"max-image-preview:large","max-video-preview":"max-video-preview:-1"},"canonical":"https:\/\/www.comunidadeativa.jor.br\/index.php\/2021\/09\/20\/a-irresponsabilidade-de-maus-motoristas-na-francisco-deslandes-e-a-semana-nacional-do-transito\/","og_locale":"pt_BR","og_type":"article","og_title":"A irresponsabilidade de maus motoristas na Francisco Deslandes e a Semana Nacional do Tr\u00e2nsito - Comunidade Ativa","og_description":"Na Semana Nacional do Tr\u00e2nsito, um registro feito na manh\u00e3 da \u00faltima quinta-feira, 16, em frente \u00e0 Caixa Econ\u00f4mica Federal","og_url":"https:\/\/www.comunidadeativa.jor.br\/index.php\/2021\/09\/20\/a-irresponsabilidade-de-maus-motoristas-na-francisco-deslandes-e-a-semana-nacional-do-transito\/","og_site_name":"Comunidade Ativa","article_publisher":"https:\/\/www.facebook.com\/comunidadeativa","article_published_time":"2021-09-20T13:29:07+00:00","article_modified_time":"2023-08-11T22:16:34+00:00","og_image":[{"width":640,"height":352,"url":"https:\/\/www.comunidadeativa.jor.br\/wp-content\/uploads\/2021\/09\/capa-8.jpg","type":"image\/jpeg"}],"author":"Comunidade Ativa","twitter_card":"summary_large_image","twitter_misc":{"Escrito por":"Comunidade Ativa","Est. tempo de leitura":"3 minutos"},"schema":{"@context":"https:\/\/schema.org","@graph":[{"@type":"Article","@id":"https:\/\/www.comunidadeativa.jor.br\/index.php\/2021\/09\/20\/a-irresponsabilidade-de-maus-motoristas-na-francisco-deslandes-e-a-semana-nacional-do-transito\/#article","isPartOf":{"@id":"https:\/\/www.comunidadeativa.jor.br\/index.php\/2021\/09\/20\/a-irresponsabilidade-de-maus-motoristas-na-francisco-deslandes-e-a-semana-nacional-do-transito\/"},"author":{"name":"Comunidade Ativa","@id":"https:\/\/www.comunidadeativa.jor.br\/#\/schema\/person\/dcaa1f1c51c1f0c47a33b2b734cad6e1"},"headline":"A irresponsabilidade de maus motoristas na Francisco Deslandes e a Semana Nacional do Tr\u00e2nsito","datePublished":"2021-09-20T13:29:07+00:00","dateModified":"2023-08-11T22:16:34+00:00","mainEntityOfPage":{"@id":"https:\/\/www.comunidadeativa.jor.br\/index.php\/2021\/09\/20\/a-irresponsabilidade-de-maus-motoristas-na-francisco-deslandes-e-a-semana-nacional-do-transito\/"},"wordCount":711,"publisher":{"@id":"https:\/\/www.comunidadeativa.jor.br\/#organization"},"image":{"@id":"https:\/\/www.comunidadeativa.jor.br\/index.php\/2021\/09\/20\/a-irresponsabilidade-de-maus-motoristas-na-francisco-deslandes-e-a-semana-nacional-do-transito\/#primaryimage"},"thumbnailUrl":"https:\/\/www.comunidadeativa.jor.br\/wp-content\/uploads\/2021\/09\/capa-8.jpg","articleSection":["Cidadania"],"inLanguage":"pt-BR"},{"@type":"WebPage","@id":"https:\/\/www.comunidadeativa.jor.br\/index.php\/2021\/09\/20\/a-irresponsabilidade-de-maus-motoristas-na-francisco-deslandes-e-a-semana-nacional-do-transito\/","url":"https:\/\/www.comunidadeativa.jor.br\/index.php\/2021\/09\/20\/a-irresponsabilidade-de-maus-motoristas-na-francisco-deslandes-e-a-semana-nacional-do-transito\/","name":"A irresponsabilidade de maus motoristas na Francisco Deslandes e a Semana Nacional do Tr\u00e2nsito - Comunidade Ativa","isPartOf":{"@id":"https:\/\/www.comunidadeativa.jor.br\/#website"},"primaryImageOfPage":{"@id":"https:\/\/www.comunidadeativa.jor.br\/index.php\/2021\/09\/20\/a-irresponsabilidade-de-maus-motoristas-na-francisco-deslandes-e-a-semana-nacional-do-transito\/#primaryimage"},"image":{"@id":"https:\/\/www.comunidadeativa.jor.br\/index.php\/2021\/09\/20\/a-irresponsabilidade-de-maus-motoristas-na-francisco-deslandes-e-a-semana-nacional-do-transito\/#primaryimage"},"thumbnailUrl":"https:\/\/www.comunidadeativa.jor.br\/wp-content\/uploads\/2021\/09\/capa-8.jpg","datePublished":"2021-09-20T13:29:07+00:00","dateModified":"2023-08-11T22:16:34+00:00","breadcrumb":{"@id":"https:\/\/www.comunidadeativa.jor.br\/index.php\/2021\/09\/20\/a-irresponsabilidade-de-maus-motoristas-na-francisco-deslandes-e-a-semana-nacional-do-transito\/#breadcrumb"},"inLanguage":"pt-BR","potentialAction":[{"@type":"ReadAction","target":["https:\/\/www.comunidadeativa.jor.br\/index.php\/2021\/09\/20\/a-irresponsabilidade-de-maus-motoristas-na-francisco-deslandes-e-a-semana-nacional-do-transito\/"]}]},{"@type":"ImageObject","inLanguage":"pt-BR","@id":"https:\/\/www.comunidadeativa.jor.br\/index.php\/2021\/09\/20\/a-irresponsabilidade-de-maus-motoristas-na-francisco-deslandes-e-a-semana-nacional-do-transito\/#primaryimage","url":"https:\/\/www.comunidadeativa.jor.br\/wp-content\/uploads\/2021\/09\/capa-8.jpg","contentUrl":"https:\/\/www.comunidadeativa.jor.br\/wp-content\/uploads\/2021\/09\/capa-8.jpg","width":640,"height":352,"caption":"Mais um mau motorista dando demonstra\u00e7\u00e3o da falta de princ\u00edpios b\u00e1sicos de civilidade (Foto: Carlos Alberto Rocha)"},{"@type":"BreadcrumbList","@id":"https:\/\/www.comunidadeativa.jor.br\/index.php\/2021\/09\/20\/a-irresponsabilidade-de-maus-motoristas-na-francisco-deslandes-e-a-semana-nacional-do-transito\/#breadcrumb","itemListElement":[{"@type":"ListItem","position":1,"name":"In\u00edcio","item":"https:\/\/www.comunidadeativa.jor.br\/"},{"@type":"ListItem","position":2,"name":"A irresponsabilidade de maus motoristas na Francisco Deslandes e a Semana Nacional do Tr\u00e2nsito"}]},{"@type":"WebSite","@id":"https:\/\/www.comunidadeativa.jor.br\/#website","url":"https:\/\/www.comunidadeativa.jor.br\/","name":"Comunidade Ativa","description":"","publisher":{"@id":"https:\/\/www.comunidadeativa.jor.br\/#organization"},"potentialAction":[{"@type":"SearchAction","target":{"@type":"EntryPoint","urlTemplate":"https:\/\/www.comunidadeativa.jor.br\/?s={search_term_string}"},"query-input":{"@type":"PropertyValueSpecification","valueRequired":true,"valueName":"search_term_string"}}],"inLanguage":"pt-BR"},{"@type":"Organization","@id":"https:\/\/www.comunidadeativa.jor.br\/#organization","name":"Comunidade Ativa","url":"https:\/\/www.comunidadeativa.jor.br\/","logo":{"@type":"ImageObject","inLanguage":"pt-BR","@id":"https:\/\/www.comunidadeativa.jor.br\/#\/schema\/logo\/image\/","url":"https:\/\/www.comunidadeativa.jor.br\/wp-content\/uploads\/2018\/03\/cropped-LOGOPNG-1.png","contentUrl":"https:\/\/www.comunidadeativa.jor.br\/wp-content\/uploads\/2018\/03\/cropped-LOGOPNG-1.png","width":318,"height":90,"caption":"Comunidade Ativa"},"image":{"@id":"https:\/\/www.comunidadeativa.jor.br\/#\/schema\/logo\/image\/"},"sameAs":["https:\/\/www.facebook.com\/comunidadeativa"]},{"@type":"Person","@id":"https:\/\/www.comunidadeativa.jor.br\/#\/schema\/person\/dcaa1f1c51c1f0c47a33b2b734cad6e1","name":"Comunidade Ativa","image":{"@type":"ImageObject","inLanguage":"pt-BR","@id":"https:\/\/www.comunidadeativa.jor.br\/#\/schema\/person\/image\/","url":"https:\/\/secure.gravatar.com\/avatar\/09a9a1f85fedf41e81b47f7c1d40084f?s=96&d=mm&r=g","contentUrl":"https:\/\/secure.gravatar.com\/avatar\/09a9a1f85fedf41e81b47f7c1d40084f?s=96&d=mm&r=g","caption":"Comunidade Ativa"},"url":"https:\/\/www.comunidadeativa.jor.br\/index.php\/author\/casalberto\/"}]}},"_links":{"self":[{"href":"https:\/\/www.comunidadeativa.jor.br\/index.php\/wp-json\/wp\/v2\/posts\/2503","targetHints":{"allow":["GET"]}}],"collection":[{"href":"https:\/\/www.comunidadeativa.jor.br\/index.php\/wp-json\/wp\/v2\/posts"}],"about":[{"href":"https:\/\/www.comunidadeativa.jor.br\/index.php\/wp-json\/wp\/v2\/types\/post"}],"author":[{"embeddable":true,"href":"https:\/\/www.comunidadeativa.jor.br\/index.php\/wp-json\/wp\/v2\/users\/1"}],"replies":[{"embeddable":true,"href":"https:\/\/www.comunidadeativa.jor.br\/index.php\/wp-json\/wp\/v2\/comments?post=2503"}],"version-history":[{"count":2,"href":"https:\/\/www.comunidadeativa.jor.br\/index.php\/wp-json\/wp\/v2\/posts\/2503\/revisions"}],"predecessor-version":[{"id":3919,"href":"https:\/\/www.comunidadeativa.jor.br\/index.php\/wp-json\/wp\/v2\/posts\/2503\/revisions\/3919"}],"wp:featuredmedia":[{"embeddable":true,"href":"https:\/\/www.comunidadeativa.jor.br\/index.php\/wp-json\/wp\/v2\/media\/2504"}],"wp:attachment":[{"href":"https:\/\/www.comunidadeativa.jor.br\/index.php\/wp-json\/wp\/v2\/media?parent=2503"}],"wp:term":[{"taxonomy":"category","embeddable":true,"href":"https:\/\/www.comunidadeativa.jor.br\/index.php\/wp-json\/wp\/v2\/categories?post=2503"},{"taxonomy":"post_tag","embeddable":true,"href":"https:\/\/www.comunidadeativa.jor.br\/index.php\/wp-json\/wp\/v2\/tags?post=2503"}],"curies":[{"name":"wp","href":"https:\/\/api.w.org\/{rel}","templated":true}]}}