{"id":2515,"date":"2022-10-14T10:01:53","date_gmt":"2022-10-14T13:01:53","guid":{"rendered":"https:\/\/www.comunidadeativa.jor.br\/?p=2515"},"modified":"2025-04-04T18:40:08","modified_gmt":"2025-04-04T21:40:08","slug":"quatro-queijos-mineiros-receberam-e-premiacao-maxima-em-concurso-mundial-na-franca","status":"publish","type":"post","link":"https:\/\/www.comunidadeativa.jor.br\/index.php\/2022\/10\/14\/quatro-queijos-mineiros-receberam-e-premiacao-maxima-em-concurso-mundial-na-franca\/","title":{"rendered":"O queijo mineiro est\u00e1 entre os melhores do mundo, dizem os especialistas."},"content":{"rendered":"<p>Aqui no Brasil, todo mundo sabe que o queijo \u00e9 um dos principais s\u00edmbolos de Minas Gerais. Por\u00e9m, de maneira destacada \u2014 e premiada \u2014, essa fama tamb\u00e9m j\u00e1 est\u00e1 se espalhando pelo mundo.<\/p>\n<p>Realizado na Fran\u00e7a a cada dois anos, o <a href=\"https:\/\/www.mondialdufromage.com\/\" target=\"_blank\" rel=\"noopener\"><em>Mondial du Fromage et des Produits Laitiers <\/em><\/a>\u00a0(Mundial de Queijo e de Produtos L\u00e1cteos) de 2021 premiou 57 queijos brasileiros, entre os quais estavam 40 mineiros. Mais do que isso, das cinco medalhas Super Ouro, a premia\u00e7\u00e3o m\u00e1xima concedida pelo certame, quatro vieram para Minas.<\/p>\n<p>No ranking geral de classifica\u00e7\u00e3o, o Brasil ficou em segundo lugar na competi\u00e7\u00e3o, atr\u00e1s apenas da Fran\u00e7a, anfitri\u00e3 do evento e tradicional\u00edssima produtora de queijos. No total, foram 46 pa\u00edses participantes, que disputaram 331 medalhas.<\/p>\n<p>Os queijos mineiros premiados com a Super Ouro foram:<\/p>\n<ul>\n<li>Queijo Minas Artesanal Quilombo na Cacha\u00e7a, do produtor Ivacy Pires dos Santos, de Sabin\u00f3polis, regi\u00e3o do Serro;<\/li>\n<li>Canastra Reserva do Ivair, do produtor Ivair Jos\u00e9 De Oliveira, de S\u00e3o Roque de Minas, Serra da Canastra;<\/li>\n<li>Queijo Santo Casamenteiro, dos Latic\u00ednios Cruz\u00edlia, de Cruz\u00edlia, Sul de Minas, e<\/li>\n<li>Queijo Canastra Serj\u00e3o Maturado 100 Dias, do produtor Sergio De Paula Alves, de Piumhi, Serra da Canastra.<\/li>\n<\/ul>\n<h5>TasteAtlas<\/h5>\n<p>O reconhecimento tamb\u00e9m vem do guia gastron\u00f4mico <a href=\"https:\/\/www.instagram.com\/p\/CfCvakkIru7\/?utm_source=ig_embed&amp;ig_rid=62791955-a8bc-4f59-b948-2a07f73081df\" target=\"_blank\" rel=\"noopener\">Taste Atlas, que, em junho deste ano<\/a>, chegou a classificar o nosso queijo Canastra como o melhor do mundo, alcan\u00e7ando pontua\u00e7\u00e3o 4,71 no ranking do site. Por\u00e9m, considerando a din\u00e2mica da avalia\u00e7\u00e3o dos especialista do guia, <a href=\"https:\/\/www.tasteatlas.com\/best-rated-cheeses-in-the-world\" target=\"_blank\" rel=\"noopener\">na ocasi\u00e3o da produ\u00e7\u00e3o deste post<\/a>, o Canastra figurava em 13\u00ba lugar, empatando em pontua\u00e7\u00e3o com outras nove queijos europeus, que est\u00e3o classificados a partir do quarto lugar \u2014 o polon\u00eas Bundz, os italianos Pecorino, Pecorino Sardo, Provola, Mozzarela di Bufala Campana, Grana Padano e Burrata, o portugu\u00eas Serra da Estrela e o b\u00falgaro Sirene.<\/p>\n<p>Na classifica\u00e7\u00e3o da data da publica\u00e7\u00e3o do post os tr\u00eas melhores queijos do mundo, com pontua\u00e7\u00e3o 4,8, eram o Golka, polon\u00eas, e os italianos Stracchino di Crescenza e Parmigiano Reggiano.<\/p>\n<h5><strong>Principal iguaria da Cozinha Mineira<\/strong><\/h5>\n<p>De acordo com levantamento do Observat\u00f3rio do Turismo de Minas Gerais (OTMG), coordenado pela Secretaria de Cultura e Turismo (Secult), o queijo \u00e9 citado por 30% dos turistas que visitam o estado como sendo a principal refer\u00eancia da gastronomia mineira. No entendimento da Secult, a alta qualidade dos produtos, as variadas op\u00e7\u00f5es de festivais e os roteiros gastron\u00f4micos, somados aos v\u00e1rios destinos que permitem a visita \u00e0 produ\u00e7\u00e3o, situam Minas em posi\u00e7\u00e3o de destaque no cen\u00e1rio nacional para este tipo de turismo de experi\u00eancia.<\/p>\n<p>Com sabores diferenciados e receitas exclusivas que contam mais de 200 anos, em 2008, o queijo produzido na regi\u00e3o da Canastra, foi registrado como Patrim\u00f4nio Cultural e Imaterial Brasileiro pelo Instituto do Patrim\u00f4nio Hist\u00f3rico e Art\u00edstico Nacional (Iphan). Al\u00e9m de degustar a iguaria, que, em muitos casos, atende aos paladares mais exigentes, em v\u00e1rios munic\u00edpios tamb\u00e9m \u00e9 poss\u00edvel conhecer a forma de produ\u00e7\u00e3o dos queijos artesanais e a hist\u00f3ria da fam\u00edlia produtora. Integram a regi\u00e3o produtora da Serra da Canastra os Munic\u00edpios de S\u00e3o Roque de Minas, Vargem Bonita, Delfin\u00f3polis, S\u00e3o Jo\u00e3o Batista do Gl\u00f3ria, Capit\u00f3lio, Sacramento, Piumhi.<\/p>\n<p>Tamb\u00e9m merece uma considera\u00e7\u00e3o especial o reconhecimento do <em>Modo de fazer o queijo artesanal da regi\u00e3o do Serro<\/em> como Patrim\u00f4nio Cultural Imaterial do estado de Minas Gerais, alcan\u00e7ado em 2002.\u00a0 Ao tal <em>modo de fazer<\/em>, al\u00e9m do leite e das t\u00e9cnicas utilizadas, est\u00e3o associados os instrumentos adotados no preparo, as rela\u00e7\u00f5es sociais e comerciais estabelecidas, o cotidiano das popula\u00e7\u00f5es envolvidas e, claro, toda a hist\u00f3ria que antecede a produ\u00e7\u00e3o, remetendo \u00e0 coloniza\u00e7\u00e3o portuguesa. Alvorada de Minas, Coluna, Concei\u00e7\u00e3o do Mato Dentro, Dom Joaquim, Materl\u00e2ndia, Paulistas, Rio Vermelho, Sabin\u00f3polis, Santo Ant\u00f4nio do Itamb\u00e9, Serra Azul de Minas e Serro s\u00e3o as cidades que comp\u00f5em a regi\u00e3o produtora do Serro.<\/p>\n<p>Al\u00e9m da regi\u00e3o da Serra da Canastra e do Serro existem tamb\u00e9m produ\u00e7\u00f5es com alt\u00edssima qualidade em v\u00e1rios outros munic\u00edpios do estado, o que pede uma dedicada e saborosa investiga\u00e7\u00e3o por parte dos amantes de um bom queijo. E quem n\u00e3o gosta?<\/p>\n<h5>Vencedores brasileiros do Mondial<\/h5>\n<p>Confira a seguir lista completa dos brasileiros vencedores do \u201c<em>Mondial du Fromage et des Produits Laitiers<\/em>\u201d de 2021.<\/p>\n<p><strong>Super ouro<\/strong><\/p>\n<ul>\n<li>Queijo Minas Artesanal Quilombo Na Cacha\u00e7a \u2013 Ivacy Pires Dos Santos<\/li>\n<li>Canastra do Ivair \u2013 Reserva\u00a0 \u2013 Ivair Jos\u00e9 De Oliveira<\/li>\n<li>Queijo Santo Casamenteiro \u2013 Latic\u00ednios Cruz\u00edlia<\/li>\n<li>Queijo Mandala 12 Meses \u2013 Pardinho Artesanal<\/li>\n<li>Queijo Canastra Serjao Maturado 100 Dias \u2013 Sergio De Paula Alves<\/li>\n<\/ul>\n<p><strong>Ouro<\/strong><\/p>\n<ul>\n<li>Primavera Silvania \u2013 Camila Almeida Alves<\/li>\n<li>Serrinha Serveja \u2013 Camila Almeida Alves<\/li>\n<li>Bem Brasil Extra Maturado \u2013 Carolina Vilhena Bittencourt<\/li>\n<li>Sinhana Mons Cremeux \u2013 Holorico Soares Costa<\/li>\n<li>Queijo Valentina \u2013 Izabela Dias Fiorentini<\/li>\n<li>Foguin \u2013 Joao Vicente Rodrigues Borges<\/li>\n<li>A Lenda \u2013 Latic\u00ednios Cruz\u00edlia<\/li>\n<li>Gregorio \u2013 Maristela Nicolellis<\/li>\n<li>Queijo Artesanal Jm Resinado \u2013 Marlucy Leite<\/li>\n<li>Queijo Cuestinha 2 Meses \u2013 Pardinho Artesanal<\/li>\n<li>Queijo Artesanal Fazenda Bela Vista Premium 60 \u2013 Renato De Souza e Thaylane<\/li>\n<\/ul>\n<p><strong>Prata<\/strong><\/p>\n<ul>\n<li>Queijo Maria Nunes 30 Dias \u2013 Christiane Nunes<\/li>\n<li>Queijo Moria Nevada \u2013 Fabrizio Machado<\/li>\n<li>Dolce Bosco \u2013 Heloisa Collins<\/li>\n<li>Queijo Minas Artesanal Quilombo Casca Lavada \u2013 Ivacy Pires Dos Santos<\/li>\n<li>Queijo Ribeiro Fiorentini 120 Dias \u2013 Izabela Dias Fiorentini<\/li>\n<li>Queijo Giovanna \u2013 Izabela Dias Fiorentini<\/li>\n<li>Queijo Solera\u00a0 \u2013 Izabela Dias Fiorentini<\/li>\n<li>Manto da Serra \u2013 Latic\u00ednios Cruz\u00edlia<\/li>\n<li>Queijo Alagoa Fumac\u00ea \u2013 Marcio Martins De Barros, Queijo D\u2019alagoa\/Mg<\/li>\n<li>Queijo Arauc\u00e1ria \u2013 Marcio Martins De Barros, Queijo D\u2019alagoa\/Mg<\/li>\n<li>Da Lenda Ibitira \u2013 Marco Paulo Quirino Costa<\/li>\n<li>Qma do Gir Da Lenda \u2013 Marco Paulo Quirino Costa<\/li>\n<li>Queijo Santa Clara Dourados Casca Florida 30 Dias \u2013 Maria Aparecida Machado Pereira e Dalmo Pereira<\/li>\n<li>Queijo Santa Clara Dourados Casca Florida 45 Dias \u2013 Maria Aparecida Machado Pereira e Dalmo Pereira<\/li>\n<li>Dona Iai\u00e1 Casca Florida 90 Dias \u2013 Marilia Simoes Jorge<\/li>\n<li>Queijo Mana Concaf\u00e9 30 Dias \u2013 Marisa Alexandre Martins e Leomar Melo Martins<\/li>\n<li>Fern\u00e3o \u2013 Maristela Nicolellis<\/li>\n<li>Tropeirinho \u2013 Maristela Nicolellis<\/li>\n<li>Senzala Vulc\u00e3o \u2013 Marly Leite<\/li>\n<li>Queijo Cuesta 8 Meses \u2013 Pardinho Artesanal<\/li>\n<li>Queijo Cuesta 10 Meses \u2013 Pardinho Artesanal<\/li>\n<li>Queijo Garraf\u00e3o \u2013 Rita De Cassia Ribeiro Menezes<\/li>\n<li>Queijo Canastra Serjao 18 Dias \u2013 Sergio de Paula Alves<\/li>\n<li>Santu\u00e1rio do Mergulh\u00e3o Queijo Minas Artesanal 50 Dias \u2013 Silmar de Castro Mota<\/li>\n<\/ul>\n<p><strong>Bronze<\/strong><\/p>\n<ul>\n<li>Marandu \u2013 Claudia Mendonca Camargo<\/li>\n<li>Requeij\u00e3o Caipira Raspas do Tacho Jeito De Mato \u2013 Diego Trevizan Livorati<\/li>\n<li>Queijo Canastra Sinhana 240 Dias \u2013 Holorico Soares Costa<\/li>\n<li>Queijo Ros\u00e1rio Mineiro Tropeiro \u2013 Itamar Pereira Dos Santos<\/li>\n<li>Canastra do Ivair \u2013 Ivair Jos\u00e9 De Oliveira<\/li>\n<li>Canastra J&amp;C 90 Dias \u2013 Jadir da Costa Pereira<\/li>\n<li>Queijo Canastra do Johne \u2013 Johne de Castro<\/li>\n<li>Queijo Bicas Da Serra Tradicional \u2013 Jose Orlando Ferreira Junior<\/li>\n<li>Serra da Mantiqueira\u00a0\u00a0\u00a0 Bronze \u2013 Latic\u00ednios Cruz\u00edlia<\/li>\n<li>Queijo Art De Alagoa Faz Rio Acima 150 Dias \u2013 Leandro Siqueira Chaves<\/li>\n<li>Queijo Maturado Santana 120 Dias \u2013 Lindomar Santana Dos Santos<\/li>\n<li>Queijo Fazenda Santo Ant\u00f4nio 60 Dias \u2013 Marcos Vinicius Mendes<\/li>\n<li>Queijo do Maraj\u00f3 Creme (Tradicional ) B\u00fafala \u2013 Marcus E Cecilia Pinheiro, Faz S\u00e3o Victor<\/li>\n<li>Canastra Matinha Do Ouro 60 Dias \u2013 Otinho e Eliane Freitas<\/li>\n<li>Queijo Ju\u00e1 Casca Florida 40 Dias \u2013 Paulo Henrique Costa Fonseca<\/li>\n<li>Bar\u00e3o da Canastra Casca Florida \u2013 Rogerio Julio Soares Ferreira<\/li>\n<\/ul>\n<p>&nbsp;<\/p>\n<p>&nbsp;<\/p>\n<hr \/>\n<p style=\"padding-left: 80px;\"><em>Colabore com a produ\u00e7\u00e3o do Comunidade Ativa fazendo uma doa\u00e7\u00e3o com qualquer valor.<br \/>\n<\/em>Pelo Pix, use a chave casalbertorocha@gmail.com ou clique no bot\u00e3o abaixo para contribuir usando cart\u00e3o ou boleto.<\/p>\n<p><!-- INICIO FORMULARIO BOTAO PAGSEGURO --><\/p>\n<form style=\"padding-left: 80px;\" action=\"https:\/\/pagseguro.uol.com.br\/checkout\/v2\/donation.html\" method=\"post\"><input alt=\"Pague com PagSeguro - \u00e9 r\u00e1pido, gr\u00e1tis e seguro!\" name=\"submit\" src=\"https:\/\/stc.pagseguro.uol.com.br\/public\/img\/botoes\/doacoes\/209x48-doar-assina.gif\" type=\"image\" \/><!-- FINAL FORMULARIO BOTAO PAGSEGURO --><\/p>\n<hr \/>\n<\/form>\n<p>&nbsp;<\/p>\n","protected":false},"excerpt":{"rendered":"<p>Aqui no Brasil, todo mundo sabe que o queijo \u00e9 um dos principais s\u00edmbolos de Minas Gerais. Por\u00e9m, de maneira<\/p>\n","protected":false},"author":1,"featured_media":2512,"comment_status":"closed","ping_status":"open","sticky":false,"template":"","format":"standard","meta":{"footnotes":""},"categories":[17],"tags":[],"class_list":["post-2515","post","type-post","status-publish","format-standard","has-post-thumbnail","hentry","category-sabores"],"yoast_head":"<!-- This site is optimized with the Yoast SEO plugin v26.0 - https:\/\/yoast.com\/wordpress\/plugins\/seo\/ -->\n<title>O queijo mineiro est\u00e1 entre os melhores do mundo, dizem os especialistas. - Comunidade Ativa<\/title>\n<meta name=\"robots\" content=\"index, follow, max-snippet:-1, max-image-preview:large, max-video-preview:-1\" \/>\n<link rel=\"canonical\" href=\"https:\/\/www.comunidadeativa.jor.br\/index.php\/2022\/10\/14\/quatro-queijos-mineiros-receberam-e-premiacao-maxima-em-concurso-mundial-na-franca\/\" \/>\n<meta property=\"og:locale\" content=\"pt_BR\" \/>\n<meta property=\"og:type\" content=\"article\" \/>\n<meta property=\"og:title\" content=\"O queijo mineiro est\u00e1 entre os melhores do mundo, dizem os especialistas. - Comunidade Ativa\" \/>\n<meta property=\"og:description\" content=\"Aqui no Brasil, todo mundo sabe que o queijo \u00e9 um dos principais s\u00edmbolos de Minas Gerais. Por\u00e9m, de maneira\" \/>\n<meta property=\"og:url\" content=\"https:\/\/www.comunidadeativa.jor.br\/index.php\/2022\/10\/14\/quatro-queijos-mineiros-receberam-e-premiacao-maxima-em-concurso-mundial-na-franca\/\" \/>\n<meta property=\"og:site_name\" content=\"Comunidade Ativa\" \/>\n<meta property=\"article:publisher\" content=\"https:\/\/www.facebook.com\/comunidadeativa\" \/>\n<meta property=\"article:published_time\" content=\"2022-10-14T13:01:53+00:00\" \/>\n<meta property=\"article:modified_time\" content=\"2025-04-04T21:40:08+00:00\" \/>\n<meta property=\"og:image\" content=\"http:\/\/www.comunidadeativa.jor.br\/wp-content\/uploads\/2021\/09\/capa-10.jpg\" \/>\n\t<meta property=\"og:image:width\" content=\"640\" \/>\n\t<meta property=\"og:image:height\" content=\"352\" \/>\n\t<meta property=\"og:image:type\" content=\"image\/jpeg\" \/>\n<meta name=\"author\" content=\"Comunidade Ativa\" \/>\n<meta name=\"twitter:card\" content=\"summary_large_image\" \/>\n<meta name=\"twitter:label1\" content=\"Escrito por\" \/>\n\t<meta name=\"twitter:data1\" content=\"Comunidade Ativa\" \/>\n\t<meta name=\"twitter:label2\" content=\"Est. tempo de leitura\" \/>\n\t<meta name=\"twitter:data2\" content=\"7 minutos\" \/>\n<script type=\"application\/ld+json\" class=\"yoast-schema-graph\">{\"@context\":\"https:\/\/schema.org\",\"@graph\":[{\"@type\":\"Article\",\"@id\":\"https:\/\/www.comunidadeativa.jor.br\/index.php\/2022\/10\/14\/quatro-queijos-mineiros-receberam-e-premiacao-maxima-em-concurso-mundial-na-franca\/#article\",\"isPartOf\":{\"@id\":\"https:\/\/www.comunidadeativa.jor.br\/index.php\/2022\/10\/14\/quatro-queijos-mineiros-receberam-e-premiacao-maxima-em-concurso-mundial-na-franca\/\"},\"author\":{\"name\":\"Comunidade Ativa\",\"@id\":\"https:\/\/www.comunidadeativa.jor.br\/#\/schema\/person\/dcaa1f1c51c1f0c47a33b2b734cad6e1\"},\"headline\":\"O queijo mineiro est\u00e1 entre os melhores do mundo, dizem os especialistas.\",\"datePublished\":\"2022-10-14T13:01:53+00:00\",\"dateModified\":\"2025-04-04T21:40:08+00:00\",\"mainEntityOfPage\":{\"@id\":\"https:\/\/www.comunidadeativa.jor.br\/index.php\/2022\/10\/14\/quatro-queijos-mineiros-receberam-e-premiacao-maxima-em-concurso-mundial-na-franca\/\"},\"wordCount\":1248,\"publisher\":{\"@id\":\"https:\/\/www.comunidadeativa.jor.br\/#organization\"},\"image\":{\"@id\":\"https:\/\/www.comunidadeativa.jor.br\/index.php\/2022\/10\/14\/quatro-queijos-mineiros-receberam-e-premiacao-maxima-em-concurso-mundial-na-franca\/#primaryimage\"},\"thumbnailUrl\":\"https:\/\/www.comunidadeativa.jor.br\/wp-content\/uploads\/2021\/09\/capa-10.jpg\",\"articleSection\":[\"Sabores\"],\"inLanguage\":\"pt-BR\"},{\"@type\":\"WebPage\",\"@id\":\"https:\/\/www.comunidadeativa.jor.br\/index.php\/2022\/10\/14\/quatro-queijos-mineiros-receberam-e-premiacao-maxima-em-concurso-mundial-na-franca\/\",\"url\":\"https:\/\/www.comunidadeativa.jor.br\/index.php\/2022\/10\/14\/quatro-queijos-mineiros-receberam-e-premiacao-maxima-em-concurso-mundial-na-franca\/\",\"name\":\"O queijo mineiro est\u00e1 entre os melhores do mundo, dizem os especialistas. - Comunidade Ativa\",\"isPartOf\":{\"@id\":\"https:\/\/www.comunidadeativa.jor.br\/#website\"},\"primaryImageOfPage\":{\"@id\":\"https:\/\/www.comunidadeativa.jor.br\/index.php\/2022\/10\/14\/quatro-queijos-mineiros-receberam-e-premiacao-maxima-em-concurso-mundial-na-franca\/#primaryimage\"},\"image\":{\"@id\":\"https:\/\/www.comunidadeativa.jor.br\/index.php\/2022\/10\/14\/quatro-queijos-mineiros-receberam-e-premiacao-maxima-em-concurso-mundial-na-franca\/#primaryimage\"},\"thumbnailUrl\":\"https:\/\/www.comunidadeativa.jor.br\/wp-content\/uploads\/2021\/09\/capa-10.jpg\",\"datePublished\":\"2022-10-14T13:01:53+00:00\",\"dateModified\":\"2025-04-04T21:40:08+00:00\",\"breadcrumb\":{\"@id\":\"https:\/\/www.comunidadeativa.jor.br\/index.php\/2022\/10\/14\/quatro-queijos-mineiros-receberam-e-premiacao-maxima-em-concurso-mundial-na-franca\/#breadcrumb\"},\"inLanguage\":\"pt-BR\",\"potentialAction\":[{\"@type\":\"ReadAction\",\"target\":[\"https:\/\/www.comunidadeativa.jor.br\/index.php\/2022\/10\/14\/quatro-queijos-mineiros-receberam-e-premiacao-maxima-em-concurso-mundial-na-franca\/\"]}]},{\"@type\":\"ImageObject\",\"inLanguage\":\"pt-BR\",\"@id\":\"https:\/\/www.comunidadeativa.jor.br\/index.php\/2022\/10\/14\/quatro-queijos-mineiros-receberam-e-premiacao-maxima-em-concurso-mundial-na-franca\/#primaryimage\",\"url\":\"https:\/\/www.comunidadeativa.jor.br\/wp-content\/uploads\/2021\/09\/capa-10.jpg\",\"contentUrl\":\"https:\/\/www.comunidadeativa.jor.br\/wp-content\/uploads\/2021\/09\/capa-10.jpg\",\"width\":640,\"height\":352},{\"@type\":\"BreadcrumbList\",\"@id\":\"https:\/\/www.comunidadeativa.jor.br\/index.php\/2022\/10\/14\/quatro-queijos-mineiros-receberam-e-premiacao-maxima-em-concurso-mundial-na-franca\/#breadcrumb\",\"itemListElement\":[{\"@type\":\"ListItem\",\"position\":1,\"name\":\"In\u00edcio\",\"item\":\"https:\/\/www.comunidadeativa.jor.br\/\"},{\"@type\":\"ListItem\",\"position\":2,\"name\":\"O queijo mineiro est\u00e1 entre os melhores do mundo, dizem os especialistas.\"}]},{\"@type\":\"WebSite\",\"@id\":\"https:\/\/www.comunidadeativa.jor.br\/#website\",\"url\":\"https:\/\/www.comunidadeativa.jor.br\/\",\"name\":\"Comunidade Ativa\",\"description\":\"\",\"publisher\":{\"@id\":\"https:\/\/www.comunidadeativa.jor.br\/#organization\"},\"potentialAction\":[{\"@type\":\"SearchAction\",\"target\":{\"@type\":\"EntryPoint\",\"urlTemplate\":\"https:\/\/www.comunidadeativa.jor.br\/?s={search_term_string}\"},\"query-input\":{\"@type\":\"PropertyValueSpecification\",\"valueRequired\":true,\"valueName\":\"search_term_string\"}}],\"inLanguage\":\"pt-BR\"},{\"@type\":\"Organization\",\"@id\":\"https:\/\/www.comunidadeativa.jor.br\/#organization\",\"name\":\"Comunidade Ativa\",\"url\":\"https:\/\/www.comunidadeativa.jor.br\/\",\"logo\":{\"@type\":\"ImageObject\",\"inLanguage\":\"pt-BR\",\"@id\":\"https:\/\/www.comunidadeativa.jor.br\/#\/schema\/logo\/image\/\",\"url\":\"https:\/\/www.comunidadeativa.jor.br\/wp-content\/uploads\/2018\/03\/cropped-LOGOPNG-1.png\",\"contentUrl\":\"https:\/\/www.comunidadeativa.jor.br\/wp-content\/uploads\/2018\/03\/cropped-LOGOPNG-1.png\",\"width\":318,\"height\":90,\"caption\":\"Comunidade Ativa\"},\"image\":{\"@id\":\"https:\/\/www.comunidadeativa.jor.br\/#\/schema\/logo\/image\/\"},\"sameAs\":[\"https:\/\/www.facebook.com\/comunidadeativa\"]},{\"@type\":\"Person\",\"@id\":\"https:\/\/www.comunidadeativa.jor.br\/#\/schema\/person\/dcaa1f1c51c1f0c47a33b2b734cad6e1\",\"name\":\"Comunidade Ativa\",\"image\":{\"@type\":\"ImageObject\",\"inLanguage\":\"pt-BR\",\"@id\":\"https:\/\/www.comunidadeativa.jor.br\/#\/schema\/person\/image\/\",\"url\":\"https:\/\/secure.gravatar.com\/avatar\/09a9a1f85fedf41e81b47f7c1d40084f?s=96&d=mm&r=g\",\"contentUrl\":\"https:\/\/secure.gravatar.com\/avatar\/09a9a1f85fedf41e81b47f7c1d40084f?s=96&d=mm&r=g\",\"caption\":\"Comunidade Ativa\"},\"url\":\"https:\/\/www.comunidadeativa.jor.br\/index.php\/author\/casalberto\/\"}]}<\/script>\n<!-- \/ Yoast SEO plugin. -->","yoast_head_json":{"title":"O queijo mineiro est\u00e1 entre os melhores do mundo, dizem os especialistas. - Comunidade Ativa","robots":{"index":"index","follow":"follow","max-snippet":"max-snippet:-1","max-image-preview":"max-image-preview:large","max-video-preview":"max-video-preview:-1"},"canonical":"https:\/\/www.comunidadeativa.jor.br\/index.php\/2022\/10\/14\/quatro-queijos-mineiros-receberam-e-premiacao-maxima-em-concurso-mundial-na-franca\/","og_locale":"pt_BR","og_type":"article","og_title":"O queijo mineiro est\u00e1 entre os melhores do mundo, dizem os especialistas. - Comunidade Ativa","og_description":"Aqui no Brasil, todo mundo sabe que o queijo \u00e9 um dos principais s\u00edmbolos de Minas Gerais. Por\u00e9m, de maneira","og_url":"https:\/\/www.comunidadeativa.jor.br\/index.php\/2022\/10\/14\/quatro-queijos-mineiros-receberam-e-premiacao-maxima-em-concurso-mundial-na-franca\/","og_site_name":"Comunidade Ativa","article_publisher":"https:\/\/www.facebook.com\/comunidadeativa","article_published_time":"2022-10-14T13:01:53+00:00","article_modified_time":"2025-04-04T21:40:08+00:00","og_image":[{"width":640,"height":352,"url":"http:\/\/www.comunidadeativa.jor.br\/wp-content\/uploads\/2021\/09\/capa-10.jpg","type":"image\/jpeg"}],"author":"Comunidade Ativa","twitter_card":"summary_large_image","twitter_misc":{"Escrito por":"Comunidade Ativa","Est. tempo de leitura":"7 minutos"},"schema":{"@context":"https:\/\/schema.org","@graph":[{"@type":"Article","@id":"https:\/\/www.comunidadeativa.jor.br\/index.php\/2022\/10\/14\/quatro-queijos-mineiros-receberam-e-premiacao-maxima-em-concurso-mundial-na-franca\/#article","isPartOf":{"@id":"https:\/\/www.comunidadeativa.jor.br\/index.php\/2022\/10\/14\/quatro-queijos-mineiros-receberam-e-premiacao-maxima-em-concurso-mundial-na-franca\/"},"author":{"name":"Comunidade Ativa","@id":"https:\/\/www.comunidadeativa.jor.br\/#\/schema\/person\/dcaa1f1c51c1f0c47a33b2b734cad6e1"},"headline":"O queijo mineiro est\u00e1 entre os melhores do mundo, dizem os especialistas.","datePublished":"2022-10-14T13:01:53+00:00","dateModified":"2025-04-04T21:40:08+00:00","mainEntityOfPage":{"@id":"https:\/\/www.comunidadeativa.jor.br\/index.php\/2022\/10\/14\/quatro-queijos-mineiros-receberam-e-premiacao-maxima-em-concurso-mundial-na-franca\/"},"wordCount":1248,"publisher":{"@id":"https:\/\/www.comunidadeativa.jor.br\/#organization"},"image":{"@id":"https:\/\/www.comunidadeativa.jor.br\/index.php\/2022\/10\/14\/quatro-queijos-mineiros-receberam-e-premiacao-maxima-em-concurso-mundial-na-franca\/#primaryimage"},"thumbnailUrl":"https:\/\/www.comunidadeativa.jor.br\/wp-content\/uploads\/2021\/09\/capa-10.jpg","articleSection":["Sabores"],"inLanguage":"pt-BR"},{"@type":"WebPage","@id":"https:\/\/www.comunidadeativa.jor.br\/index.php\/2022\/10\/14\/quatro-queijos-mineiros-receberam-e-premiacao-maxima-em-concurso-mundial-na-franca\/","url":"https:\/\/www.comunidadeativa.jor.br\/index.php\/2022\/10\/14\/quatro-queijos-mineiros-receberam-e-premiacao-maxima-em-concurso-mundial-na-franca\/","name":"O queijo mineiro est\u00e1 entre os melhores do mundo, dizem os especialistas. - Comunidade Ativa","isPartOf":{"@id":"https:\/\/www.comunidadeativa.jor.br\/#website"},"primaryImageOfPage":{"@id":"https:\/\/www.comunidadeativa.jor.br\/index.php\/2022\/10\/14\/quatro-queijos-mineiros-receberam-e-premiacao-maxima-em-concurso-mundial-na-franca\/#primaryimage"},"image":{"@id":"https:\/\/www.comunidadeativa.jor.br\/index.php\/2022\/10\/14\/quatro-queijos-mineiros-receberam-e-premiacao-maxima-em-concurso-mundial-na-franca\/#primaryimage"},"thumbnailUrl":"https:\/\/www.comunidadeativa.jor.br\/wp-content\/uploads\/2021\/09\/capa-10.jpg","datePublished":"2022-10-14T13:01:53+00:00","dateModified":"2025-04-04T21:40:08+00:00","breadcrumb":{"@id":"https:\/\/www.comunidadeativa.jor.br\/index.php\/2022\/10\/14\/quatro-queijos-mineiros-receberam-e-premiacao-maxima-em-concurso-mundial-na-franca\/#breadcrumb"},"inLanguage":"pt-BR","potentialAction":[{"@type":"ReadAction","target":["https:\/\/www.comunidadeativa.jor.br\/index.php\/2022\/10\/14\/quatro-queijos-mineiros-receberam-e-premiacao-maxima-em-concurso-mundial-na-franca\/"]}]},{"@type":"ImageObject","inLanguage":"pt-BR","@id":"https:\/\/www.comunidadeativa.jor.br\/index.php\/2022\/10\/14\/quatro-queijos-mineiros-receberam-e-premiacao-maxima-em-concurso-mundial-na-franca\/#primaryimage","url":"https:\/\/www.comunidadeativa.jor.br\/wp-content\/uploads\/2021\/09\/capa-10.jpg","contentUrl":"https:\/\/www.comunidadeativa.jor.br\/wp-content\/uploads\/2021\/09\/capa-10.jpg","width":640,"height":352},{"@type":"BreadcrumbList","@id":"https:\/\/www.comunidadeativa.jor.br\/index.php\/2022\/10\/14\/quatro-queijos-mineiros-receberam-e-premiacao-maxima-em-concurso-mundial-na-franca\/#breadcrumb","itemListElement":[{"@type":"ListItem","position":1,"name":"In\u00edcio","item":"https:\/\/www.comunidadeativa.jor.br\/"},{"@type":"ListItem","position":2,"name":"O queijo mineiro est\u00e1 entre os melhores do mundo, dizem os especialistas."}]},{"@type":"WebSite","@id":"https:\/\/www.comunidadeativa.jor.br\/#website","url":"https:\/\/www.comunidadeativa.jor.br\/","name":"Comunidade Ativa","description":"","publisher":{"@id":"https:\/\/www.comunidadeativa.jor.br\/#organization"},"potentialAction":[{"@type":"SearchAction","target":{"@type":"EntryPoint","urlTemplate":"https:\/\/www.comunidadeativa.jor.br\/?s={search_term_string}"},"query-input":{"@type":"PropertyValueSpecification","valueRequired":true,"valueName":"search_term_string"}}],"inLanguage":"pt-BR"},{"@type":"Organization","@id":"https:\/\/www.comunidadeativa.jor.br\/#organization","name":"Comunidade Ativa","url":"https:\/\/www.comunidadeativa.jor.br\/","logo":{"@type":"ImageObject","inLanguage":"pt-BR","@id":"https:\/\/www.comunidadeativa.jor.br\/#\/schema\/logo\/image\/","url":"https:\/\/www.comunidadeativa.jor.br\/wp-content\/uploads\/2018\/03\/cropped-LOGOPNG-1.png","contentUrl":"https:\/\/www.comunidadeativa.jor.br\/wp-content\/uploads\/2018\/03\/cropped-LOGOPNG-1.png","width":318,"height":90,"caption":"Comunidade Ativa"},"image":{"@id":"https:\/\/www.comunidadeativa.jor.br\/#\/schema\/logo\/image\/"},"sameAs":["https:\/\/www.facebook.com\/comunidadeativa"]},{"@type":"Person","@id":"https:\/\/www.comunidadeativa.jor.br\/#\/schema\/person\/dcaa1f1c51c1f0c47a33b2b734cad6e1","name":"Comunidade Ativa","image":{"@type":"ImageObject","inLanguage":"pt-BR","@id":"https:\/\/www.comunidadeativa.jor.br\/#\/schema\/person\/image\/","url":"https:\/\/secure.gravatar.com\/avatar\/09a9a1f85fedf41e81b47f7c1d40084f?s=96&d=mm&r=g","contentUrl":"https:\/\/secure.gravatar.com\/avatar\/09a9a1f85fedf41e81b47f7c1d40084f?s=96&d=mm&r=g","caption":"Comunidade Ativa"},"url":"https:\/\/www.comunidadeativa.jor.br\/index.php\/author\/casalberto\/"}]}},"_links":{"self":[{"href":"https:\/\/www.comunidadeativa.jor.br\/index.php\/wp-json\/wp\/v2\/posts\/2515","targetHints":{"allow":["GET"]}}],"collection":[{"href":"https:\/\/www.comunidadeativa.jor.br\/index.php\/wp-json\/wp\/v2\/posts"}],"about":[{"href":"https:\/\/www.comunidadeativa.jor.br\/index.php\/wp-json\/wp\/v2\/types\/post"}],"author":[{"embeddable":true,"href":"https:\/\/www.comunidadeativa.jor.br\/index.php\/wp-json\/wp\/v2\/users\/1"}],"replies":[{"embeddable":true,"href":"https:\/\/www.comunidadeativa.jor.br\/index.php\/wp-json\/wp\/v2\/comments?post=2515"}],"version-history":[{"count":5,"href":"https:\/\/www.comunidadeativa.jor.br\/index.php\/wp-json\/wp\/v2\/posts\/2515\/revisions"}],"predecessor-version":[{"id":4786,"href":"https:\/\/www.comunidadeativa.jor.br\/index.php\/wp-json\/wp\/v2\/posts\/2515\/revisions\/4786"}],"wp:featuredmedia":[{"embeddable":true,"href":"https:\/\/www.comunidadeativa.jor.br\/index.php\/wp-json\/wp\/v2\/media\/2512"}],"wp:attachment":[{"href":"https:\/\/www.comunidadeativa.jor.br\/index.php\/wp-json\/wp\/v2\/media?parent=2515"}],"wp:term":[{"taxonomy":"category","embeddable":true,"href":"https:\/\/www.comunidadeativa.jor.br\/index.php\/wp-json\/wp\/v2\/categories?post=2515"},{"taxonomy":"post_tag","embeddable":true,"href":"https:\/\/www.comunidadeativa.jor.br\/index.php\/wp-json\/wp\/v2\/tags?post=2515"}],"curies":[{"name":"wp","href":"https:\/\/api.w.org\/{rel}","templated":true}]}}