{"id":2545,"date":"2021-10-01T13:26:55","date_gmt":"2021-10-01T16:26:55","guid":{"rendered":"https:\/\/www.comunidadeativa.jor.br\/?p=2545"},"modified":"2021-10-01T15:17:21","modified_gmt":"2021-10-01T18:17:21","slug":"mapas-mentais-facilitam-os-estudos-a-solucao-de-problemas-e-o-planejamento-de-negocios","status":"publish","type":"post","link":"https:\/\/www.comunidadeativa.jor.br\/index.php\/2021\/10\/01\/mapas-mentais-facilitam-os-estudos-a-solucao-de-problemas-e-o-planejamento-de-negocios\/","title":{"rendered":"Mapas mentais facilitam os estudos, as solu\u00e7\u00f5es de problemas e o planejamento de neg\u00f3cios"},"content":{"rendered":"<p>H\u00e1 quem afirme que o dito correto seria \u201cquem tem boca <strong><em>vaia<\/em><\/strong> Roma\u201d, e n\u00e3o \u201cquem tem boca <strong><em>vai a<\/em><\/strong> Roma\u201d, como se tornou popular. Por\u00e9m, \u00e9 fato que algu\u00e9m que esteja procurando um lugar qualquer, muitas vezes, consegue chegar ao destino perguntando aqui e ali qual o melhor caminho a seguir.<\/p>\n<p>Bem, isso pra quem ainda n\u00e3o abandonou os h\u00e1bitos do passado e n\u00e3o usa os mapas dispon\u00edveis em qualquer celular. Com imagens, esse recurso torna muito mais f\u00e1cil entender quais os melhores caminhos a serem seguidos do que normalmente s\u00e3o as instru\u00e7\u00f5es do tipo \u201cvire \u00e0 direita, anda, anda, e, l\u00e1 na frente, dobre a esquerda na pracinha&#8230;\u201d, n\u00e3o \u00e9 mesmo?<\/p>\n<h5>Porf\u00edrio, o pioneiro<\/h5>\n<p>Pois um racioc\u00ednio semelhante pode ser usado quando nos referimos \u00e0 elabora\u00e7\u00e3o de um projeto, ao planejamento de uma tarefa mais complexa ou at\u00e9 mesmo a trabalhos profissionais ou escolares. Afinal, entre o in\u00edcio da atividade e o momento em que o objetivo final \u00e9 alcan\u00e7ado existem m\u00faltiplas possibilidades que podem ser seguidas, etapas que precisam ser cumpridas e informa\u00e7\u00f5es que condicionam cada uma delas que, somente com palavras, fica complicado compreender qual o melhor roteiro a ser seguido.<\/p>\n<p style=\"text-align: center;\"><em>continua ap\u00f3s o an\u00fancio do patrocinador<\/em><a href=\"https:\/\/cflcursos.com.br\/site\/arquivo\/16297\/produto\/administracao-e-negocios\/Mapas-mentais\" target=\"_blank\" rel=\"noopener\"><img loading=\"lazy\" decoding=\"async\" class=\" wp-image-2547 aligncenter\" src=\"https:\/\/www.comunidadeativa.jor.br\/wp-content\/uploads\/2021\/10\/Curso-8.png\" alt=\"\" width=\"654\" height=\"654\" srcset=\"https:\/\/www.comunidadeativa.jor.br\/wp-content\/uploads\/2021\/10\/Curso-8.png 1080w, https:\/\/www.comunidadeativa.jor.br\/wp-content\/uploads\/2021\/10\/Curso-8-300x300.png 300w, https:\/\/www.comunidadeativa.jor.br\/wp-content\/uploads\/2021\/10\/Curso-8-1024x1024.png 1024w, https:\/\/www.comunidadeativa.jor.br\/wp-content\/uploads\/2021\/10\/Curso-8-150x150.png 150w, https:\/\/www.comunidadeativa.jor.br\/wp-content\/uploads\/2021\/10\/Curso-8-768x768.png 768w\" sizes=\"auto, (max-width: 654px) 100vw, 654px\" \/><\/a><\/p>\n<p>Pensando nisso, h\u00e1 s\u00e9culos, pessoas com habilidades mentais mais agu\u00e7adas perceberam que a cria\u00e7\u00e3o de uma esp\u00e9cie de mapa que representasse cada um dos passos de uma atividade facilitaria bastante a compreens\u00e3o do processo, diminuindo as chances de erros e, consequentemente, aumentando as oportunidades de sucesso nas conclus\u00f5es. O primeiro registro de algu\u00e9m que tenha utilizado esse recurso vem da antiga Fen\u00edcia, atual L\u00edbano, onde, no s\u00e9culo 3, o fil\u00f3sofo Porf\u00edrio de Tiro j\u00e1 representava graficamente os conceitos aristot\u00e9licos.<\/p>\n<h5>Tony Buzan popularizou<\/h5>\n<p>Ao longo do tempo, para compreenderem com maior facilidade situa\u00e7\u00f5es que precisavam enfrentar e, assim, encontrarem as melhores solu\u00e7\u00f5es, educadores, engenheiros, inventores, cientistas e profissionais e estudantes de v\u00e1rias \u00e1reas lan\u00e7aram m\u00e3o do que hoje \u00e9 chamado \u201cmapa mental\u201d. Contudo, a partir da s\u00e9rie da BBC <em>Use Your Head<\/em> (<em>Use a Sua Cabe\u00e7a<\/em>), apresentada pelo educador ingl\u00eas Tony Buzan em 1974, a ideia come\u00e7ou a se popularizar. Buzan conceituou de forma simplificada e clara o que \u00e9 um mapa mental e esquematizou o sistema de forma que ficasse acess\u00edvel para qualquer pessoa. Com o sucesso do programa, lan\u00e7ou uma sequ\u00eancia de livros sobre mapas mentais e contribui com a elabora\u00e7\u00e3o de um software que automatiza a t\u00e9cnica, o que tornou o conceito bastante difundido.<\/p>\n<p>Atualmente, uma infinidade de pessoas que lida com situa\u00e7\u00f5es diversas na condu\u00e7\u00e3o de projetos e na solu\u00e7\u00e3o de problemas utiliza mapas mentais em suas atividades. Por meio de desenhos esquem\u00e1ticos coloridos, que usam poucas palavras, elas conseguem visualizar com maior facilidade tudo o que precisa ser considerado em um planejamento, eliminando a necessidade das longas explica\u00e7\u00f5es verbais que, \u00e0s vezes, mais confundem do que esclarecem.<\/p>\n<p>Essa t\u00e9cnica tamb\u00e9m \u00e9 bastante \u00fatil para que novos empreendedores consigam visualizar de forma n\u00edtida aquilo que t\u00eam mente, mas que n\u00e3o se explica por si s\u00f3. Assim, com um mapa em m\u00e3os, fica muito mais f\u00e1cil chegar aonde se deseja \u2014 mesmo que o destino seja Roma.<\/p>\n<p>&nbsp;<\/p>\n<p>&nbsp;<\/p>\n<hr \/>\n<p style=\"padding-left: 80px;\"><em>Colabore com a produ\u00e7\u00e3o do Comunidade Ativa fazendo uma doa\u00e7\u00e3o com qualquer valor.<br \/>\n<\/em>Pelo Pix, use a chave 31996471004 ou clique no bot\u00e3o abaixo para contribuir usando cart\u00e3o ou boleto.<\/p>\n<p><!-- INICIO FORMULARIO BOTAO PAGSEGURO --><\/p>\n<form style=\"padding-left: 80px;\" action=\"https:\/\/pagseguro.uol.com.br\/checkout\/v2\/donation.html\" method=\"post\"><input alt=\"Pague com PagSeguro - \u00e9 r\u00e1pido, gr\u00e1tis e seguro!\" name=\"submit\" src=\"https:\/\/stc.pagseguro.uol.com.br\/public\/img\/botoes\/doacoes\/209x48-doar-assina.gif\" type=\"image\" \/><!-- FINAL FORMULARIO BOTAO PAGSEGURO --><\/p>\n<hr \/>\n<\/form>\n<p>&nbsp;<\/p>\n<p><strong><em>Uma dica<\/em><\/strong><\/p>\n","protected":false},"excerpt":{"rendered":"<p>H\u00e1 quem afirme que o dito correto seria \u201cquem tem boca vaia Roma\u201d, e n\u00e3o \u201cquem tem boca vai a<\/p>\n","protected":false},"author":1,"featured_media":2546,"comment_status":"closed","ping_status":"open","sticky":false,"template":"","format":"standard","meta":{"footnotes":""},"categories":[10],"tags":[],"class_list":["post-2545","post","type-post","status-publish","format-standard","has-post-thumbnail","hentry","category-tecnologia"],"yoast_head":"<!-- This site is optimized with the Yoast SEO plugin v26.0 - https:\/\/yoast.com\/wordpress\/plugins\/seo\/ -->\n<title>Mapas mentais facilitam os estudos, as solu\u00e7\u00f5es de problemas e o planejamento de neg\u00f3cios - Comunidade Ativa<\/title>\n<meta name=\"robots\" content=\"index, follow, max-snippet:-1, max-image-preview:large, max-video-preview:-1\" \/>\n<link rel=\"canonical\" href=\"https:\/\/www.comunidadeativa.jor.br\/index.php\/2021\/10\/01\/mapas-mentais-facilitam-os-estudos-a-solucao-de-problemas-e-o-planejamento-de-negocios\/\" \/>\n<meta property=\"og:locale\" content=\"pt_BR\" \/>\n<meta property=\"og:type\" content=\"article\" \/>\n<meta property=\"og:title\" content=\"Mapas mentais facilitam os estudos, as solu\u00e7\u00f5es de problemas e o planejamento de neg\u00f3cios - Comunidade Ativa\" \/>\n<meta property=\"og:description\" content=\"H\u00e1 quem afirme que o dito correto seria \u201cquem tem boca vaia Roma\u201d, e n\u00e3o \u201cquem tem boca vai a\" \/>\n<meta property=\"og:url\" content=\"https:\/\/www.comunidadeativa.jor.br\/index.php\/2021\/10\/01\/mapas-mentais-facilitam-os-estudos-a-solucao-de-problemas-e-o-planejamento-de-negocios\/\" \/>\n<meta property=\"og:site_name\" content=\"Comunidade Ativa\" \/>\n<meta property=\"article:publisher\" content=\"https:\/\/www.facebook.com\/comunidadeativa\" \/>\n<meta property=\"article:published_time\" content=\"2021-10-01T16:26:55+00:00\" \/>\n<meta property=\"article:modified_time\" content=\"2021-10-01T18:17:21+00:00\" \/>\n<meta property=\"og:image\" content=\"https:\/\/www.comunidadeativa.jor.br\/wp-content\/uploads\/2021\/10\/capa.jpg\" \/>\n\t<meta property=\"og:image:width\" content=\"640\" \/>\n\t<meta property=\"og:image:height\" content=\"352\" \/>\n\t<meta property=\"og:image:type\" content=\"image\/jpeg\" \/>\n<meta name=\"author\" content=\"Comunidade Ativa\" \/>\n<meta name=\"twitter:card\" content=\"summary_large_image\" \/>\n<meta name=\"twitter:label1\" content=\"Escrito por\" \/>\n\t<meta name=\"twitter:data1\" content=\"Comunidade Ativa\" \/>\n\t<meta name=\"twitter:label2\" content=\"Est. tempo de leitura\" \/>\n\t<meta name=\"twitter:data2\" content=\"3 minutos\" \/>\n<script type=\"application\/ld+json\" class=\"yoast-schema-graph\">{\"@context\":\"https:\/\/schema.org\",\"@graph\":[{\"@type\":\"Article\",\"@id\":\"https:\/\/www.comunidadeativa.jor.br\/index.php\/2021\/10\/01\/mapas-mentais-facilitam-os-estudos-a-solucao-de-problemas-e-o-planejamento-de-negocios\/#article\",\"isPartOf\":{\"@id\":\"https:\/\/www.comunidadeativa.jor.br\/index.php\/2021\/10\/01\/mapas-mentais-facilitam-os-estudos-a-solucao-de-problemas-e-o-planejamento-de-negocios\/\"},\"author\":{\"name\":\"Comunidade Ativa\",\"@id\":\"https:\/\/www.comunidadeativa.jor.br\/#\/schema\/person\/dcaa1f1c51c1f0c47a33b2b734cad6e1\"},\"headline\":\"Mapas mentais facilitam os estudos, as solu\u00e7\u00f5es de problemas e o planejamento de neg\u00f3cios\",\"datePublished\":\"2021-10-01T16:26:55+00:00\",\"dateModified\":\"2021-10-01T18:17:21+00:00\",\"mainEntityOfPage\":{\"@id\":\"https:\/\/www.comunidadeativa.jor.br\/index.php\/2021\/10\/01\/mapas-mentais-facilitam-os-estudos-a-solucao-de-problemas-e-o-planejamento-de-negocios\/\"},\"wordCount\":622,\"publisher\":{\"@id\":\"https:\/\/www.comunidadeativa.jor.br\/#organization\"},\"image\":{\"@id\":\"https:\/\/www.comunidadeativa.jor.br\/index.php\/2021\/10\/01\/mapas-mentais-facilitam-os-estudos-a-solucao-de-problemas-e-o-planejamento-de-negocios\/#primaryimage\"},\"thumbnailUrl\":\"https:\/\/www.comunidadeativa.jor.br\/wp-content\/uploads\/2021\/10\/capa.jpg\",\"articleSection\":[\"Tecnologia\"],\"inLanguage\":\"pt-BR\"},{\"@type\":\"WebPage\",\"@id\":\"https:\/\/www.comunidadeativa.jor.br\/index.php\/2021\/10\/01\/mapas-mentais-facilitam-os-estudos-a-solucao-de-problemas-e-o-planejamento-de-negocios\/\",\"url\":\"https:\/\/www.comunidadeativa.jor.br\/index.php\/2021\/10\/01\/mapas-mentais-facilitam-os-estudos-a-solucao-de-problemas-e-o-planejamento-de-negocios\/\",\"name\":\"Mapas mentais facilitam os estudos, as solu\u00e7\u00f5es de problemas e o planejamento de neg\u00f3cios - Comunidade Ativa\",\"isPartOf\":{\"@id\":\"https:\/\/www.comunidadeativa.jor.br\/#website\"},\"primaryImageOfPage\":{\"@id\":\"https:\/\/www.comunidadeativa.jor.br\/index.php\/2021\/10\/01\/mapas-mentais-facilitam-os-estudos-a-solucao-de-problemas-e-o-planejamento-de-negocios\/#primaryimage\"},\"image\":{\"@id\":\"https:\/\/www.comunidadeativa.jor.br\/index.php\/2021\/10\/01\/mapas-mentais-facilitam-os-estudos-a-solucao-de-problemas-e-o-planejamento-de-negocios\/#primaryimage\"},\"thumbnailUrl\":\"https:\/\/www.comunidadeativa.jor.br\/wp-content\/uploads\/2021\/10\/capa.jpg\",\"datePublished\":\"2021-10-01T16:26:55+00:00\",\"dateModified\":\"2021-10-01T18:17:21+00:00\",\"breadcrumb\":{\"@id\":\"https:\/\/www.comunidadeativa.jor.br\/index.php\/2021\/10\/01\/mapas-mentais-facilitam-os-estudos-a-solucao-de-problemas-e-o-planejamento-de-negocios\/#breadcrumb\"},\"inLanguage\":\"pt-BR\",\"potentialAction\":[{\"@type\":\"ReadAction\",\"target\":[\"https:\/\/www.comunidadeativa.jor.br\/index.php\/2021\/10\/01\/mapas-mentais-facilitam-os-estudos-a-solucao-de-problemas-e-o-planejamento-de-negocios\/\"]}]},{\"@type\":\"ImageObject\",\"inLanguage\":\"pt-BR\",\"@id\":\"https:\/\/www.comunidadeativa.jor.br\/index.php\/2021\/10\/01\/mapas-mentais-facilitam-os-estudos-a-solucao-de-problemas-e-o-planejamento-de-negocios\/#primaryimage\",\"url\":\"https:\/\/www.comunidadeativa.jor.br\/wp-content\/uploads\/2021\/10\/capa.jpg\",\"contentUrl\":\"https:\/\/www.comunidadeativa.jor.br\/wp-content\/uploads\/2021\/10\/capa.jpg\",\"width\":640,\"height\":352},{\"@type\":\"BreadcrumbList\",\"@id\":\"https:\/\/www.comunidadeativa.jor.br\/index.php\/2021\/10\/01\/mapas-mentais-facilitam-os-estudos-a-solucao-de-problemas-e-o-planejamento-de-negocios\/#breadcrumb\",\"itemListElement\":[{\"@type\":\"ListItem\",\"position\":1,\"name\":\"In\u00edcio\",\"item\":\"https:\/\/www.comunidadeativa.jor.br\/\"},{\"@type\":\"ListItem\",\"position\":2,\"name\":\"Mapas mentais facilitam os estudos, as solu\u00e7\u00f5es de problemas e o planejamento de neg\u00f3cios\"}]},{\"@type\":\"WebSite\",\"@id\":\"https:\/\/www.comunidadeativa.jor.br\/#website\",\"url\":\"https:\/\/www.comunidadeativa.jor.br\/\",\"name\":\"Comunidade Ativa\",\"description\":\"\",\"publisher\":{\"@id\":\"https:\/\/www.comunidadeativa.jor.br\/#organization\"},\"potentialAction\":[{\"@type\":\"SearchAction\",\"target\":{\"@type\":\"EntryPoint\",\"urlTemplate\":\"https:\/\/www.comunidadeativa.jor.br\/?s={search_term_string}\"},\"query-input\":{\"@type\":\"PropertyValueSpecification\",\"valueRequired\":true,\"valueName\":\"search_term_string\"}}],\"inLanguage\":\"pt-BR\"},{\"@type\":\"Organization\",\"@id\":\"https:\/\/www.comunidadeativa.jor.br\/#organization\",\"name\":\"Comunidade Ativa\",\"url\":\"https:\/\/www.comunidadeativa.jor.br\/\",\"logo\":{\"@type\":\"ImageObject\",\"inLanguage\":\"pt-BR\",\"@id\":\"https:\/\/www.comunidadeativa.jor.br\/#\/schema\/logo\/image\/\",\"url\":\"https:\/\/www.comunidadeativa.jor.br\/wp-content\/uploads\/2018\/03\/cropped-LOGOPNG-1.png\",\"contentUrl\":\"https:\/\/www.comunidadeativa.jor.br\/wp-content\/uploads\/2018\/03\/cropped-LOGOPNG-1.png\",\"width\":318,\"height\":90,\"caption\":\"Comunidade Ativa\"},\"image\":{\"@id\":\"https:\/\/www.comunidadeativa.jor.br\/#\/schema\/logo\/image\/\"},\"sameAs\":[\"https:\/\/www.facebook.com\/comunidadeativa\"]},{\"@type\":\"Person\",\"@id\":\"https:\/\/www.comunidadeativa.jor.br\/#\/schema\/person\/dcaa1f1c51c1f0c47a33b2b734cad6e1\",\"name\":\"Comunidade Ativa\",\"image\":{\"@type\":\"ImageObject\",\"inLanguage\":\"pt-BR\",\"@id\":\"https:\/\/www.comunidadeativa.jor.br\/#\/schema\/person\/image\/\",\"url\":\"https:\/\/secure.gravatar.com\/avatar\/09a9a1f85fedf41e81b47f7c1d40084f?s=96&d=mm&r=g\",\"contentUrl\":\"https:\/\/secure.gravatar.com\/avatar\/09a9a1f85fedf41e81b47f7c1d40084f?s=96&d=mm&r=g\",\"caption\":\"Comunidade Ativa\"},\"url\":\"https:\/\/www.comunidadeativa.jor.br\/index.php\/author\/casalberto\/\"}]}<\/script>\n<!-- \/ Yoast SEO plugin. -->","yoast_head_json":{"title":"Mapas mentais facilitam os estudos, as solu\u00e7\u00f5es de problemas e o planejamento de neg\u00f3cios - Comunidade Ativa","robots":{"index":"index","follow":"follow","max-snippet":"max-snippet:-1","max-image-preview":"max-image-preview:large","max-video-preview":"max-video-preview:-1"},"canonical":"https:\/\/www.comunidadeativa.jor.br\/index.php\/2021\/10\/01\/mapas-mentais-facilitam-os-estudos-a-solucao-de-problemas-e-o-planejamento-de-negocios\/","og_locale":"pt_BR","og_type":"article","og_title":"Mapas mentais facilitam os estudos, as solu\u00e7\u00f5es de problemas e o planejamento de neg\u00f3cios - Comunidade Ativa","og_description":"H\u00e1 quem afirme que o dito correto seria \u201cquem tem boca vaia Roma\u201d, e n\u00e3o \u201cquem tem boca vai a","og_url":"https:\/\/www.comunidadeativa.jor.br\/index.php\/2021\/10\/01\/mapas-mentais-facilitam-os-estudos-a-solucao-de-problemas-e-o-planejamento-de-negocios\/","og_site_name":"Comunidade Ativa","article_publisher":"https:\/\/www.facebook.com\/comunidadeativa","article_published_time":"2021-10-01T16:26:55+00:00","article_modified_time":"2021-10-01T18:17:21+00:00","og_image":[{"width":640,"height":352,"url":"https:\/\/www.comunidadeativa.jor.br\/wp-content\/uploads\/2021\/10\/capa.jpg","type":"image\/jpeg"}],"author":"Comunidade Ativa","twitter_card":"summary_large_image","twitter_misc":{"Escrito por":"Comunidade Ativa","Est. tempo de leitura":"3 minutos"},"schema":{"@context":"https:\/\/schema.org","@graph":[{"@type":"Article","@id":"https:\/\/www.comunidadeativa.jor.br\/index.php\/2021\/10\/01\/mapas-mentais-facilitam-os-estudos-a-solucao-de-problemas-e-o-planejamento-de-negocios\/#article","isPartOf":{"@id":"https:\/\/www.comunidadeativa.jor.br\/index.php\/2021\/10\/01\/mapas-mentais-facilitam-os-estudos-a-solucao-de-problemas-e-o-planejamento-de-negocios\/"},"author":{"name":"Comunidade Ativa","@id":"https:\/\/www.comunidadeativa.jor.br\/#\/schema\/person\/dcaa1f1c51c1f0c47a33b2b734cad6e1"},"headline":"Mapas mentais facilitam os estudos, as solu\u00e7\u00f5es de problemas e o planejamento de neg\u00f3cios","datePublished":"2021-10-01T16:26:55+00:00","dateModified":"2021-10-01T18:17:21+00:00","mainEntityOfPage":{"@id":"https:\/\/www.comunidadeativa.jor.br\/index.php\/2021\/10\/01\/mapas-mentais-facilitam-os-estudos-a-solucao-de-problemas-e-o-planejamento-de-negocios\/"},"wordCount":622,"publisher":{"@id":"https:\/\/www.comunidadeativa.jor.br\/#organization"},"image":{"@id":"https:\/\/www.comunidadeativa.jor.br\/index.php\/2021\/10\/01\/mapas-mentais-facilitam-os-estudos-a-solucao-de-problemas-e-o-planejamento-de-negocios\/#primaryimage"},"thumbnailUrl":"https:\/\/www.comunidadeativa.jor.br\/wp-content\/uploads\/2021\/10\/capa.jpg","articleSection":["Tecnologia"],"inLanguage":"pt-BR"},{"@type":"WebPage","@id":"https:\/\/www.comunidadeativa.jor.br\/index.php\/2021\/10\/01\/mapas-mentais-facilitam-os-estudos-a-solucao-de-problemas-e-o-planejamento-de-negocios\/","url":"https:\/\/www.comunidadeativa.jor.br\/index.php\/2021\/10\/01\/mapas-mentais-facilitam-os-estudos-a-solucao-de-problemas-e-o-planejamento-de-negocios\/","name":"Mapas mentais facilitam os estudos, as solu\u00e7\u00f5es de problemas e o planejamento de neg\u00f3cios - Comunidade Ativa","isPartOf":{"@id":"https:\/\/www.comunidadeativa.jor.br\/#website"},"primaryImageOfPage":{"@id":"https:\/\/www.comunidadeativa.jor.br\/index.php\/2021\/10\/01\/mapas-mentais-facilitam-os-estudos-a-solucao-de-problemas-e-o-planejamento-de-negocios\/#primaryimage"},"image":{"@id":"https:\/\/www.comunidadeativa.jor.br\/index.php\/2021\/10\/01\/mapas-mentais-facilitam-os-estudos-a-solucao-de-problemas-e-o-planejamento-de-negocios\/#primaryimage"},"thumbnailUrl":"https:\/\/www.comunidadeativa.jor.br\/wp-content\/uploads\/2021\/10\/capa.jpg","datePublished":"2021-10-01T16:26:55+00:00","dateModified":"2021-10-01T18:17:21+00:00","breadcrumb":{"@id":"https:\/\/www.comunidadeativa.jor.br\/index.php\/2021\/10\/01\/mapas-mentais-facilitam-os-estudos-a-solucao-de-problemas-e-o-planejamento-de-negocios\/#breadcrumb"},"inLanguage":"pt-BR","potentialAction":[{"@type":"ReadAction","target":["https:\/\/www.comunidadeativa.jor.br\/index.php\/2021\/10\/01\/mapas-mentais-facilitam-os-estudos-a-solucao-de-problemas-e-o-planejamento-de-negocios\/"]}]},{"@type":"ImageObject","inLanguage":"pt-BR","@id":"https:\/\/www.comunidadeativa.jor.br\/index.php\/2021\/10\/01\/mapas-mentais-facilitam-os-estudos-a-solucao-de-problemas-e-o-planejamento-de-negocios\/#primaryimage","url":"https:\/\/www.comunidadeativa.jor.br\/wp-content\/uploads\/2021\/10\/capa.jpg","contentUrl":"https:\/\/www.comunidadeativa.jor.br\/wp-content\/uploads\/2021\/10\/capa.jpg","width":640,"height":352},{"@type":"BreadcrumbList","@id":"https:\/\/www.comunidadeativa.jor.br\/index.php\/2021\/10\/01\/mapas-mentais-facilitam-os-estudos-a-solucao-de-problemas-e-o-planejamento-de-negocios\/#breadcrumb","itemListElement":[{"@type":"ListItem","position":1,"name":"In\u00edcio","item":"https:\/\/www.comunidadeativa.jor.br\/"},{"@type":"ListItem","position":2,"name":"Mapas mentais facilitam os estudos, as solu\u00e7\u00f5es de problemas e o planejamento de neg\u00f3cios"}]},{"@type":"WebSite","@id":"https:\/\/www.comunidadeativa.jor.br\/#website","url":"https:\/\/www.comunidadeativa.jor.br\/","name":"Comunidade Ativa","description":"","publisher":{"@id":"https:\/\/www.comunidadeativa.jor.br\/#organization"},"potentialAction":[{"@type":"SearchAction","target":{"@type":"EntryPoint","urlTemplate":"https:\/\/www.comunidadeativa.jor.br\/?s={search_term_string}"},"query-input":{"@type":"PropertyValueSpecification","valueRequired":true,"valueName":"search_term_string"}}],"inLanguage":"pt-BR"},{"@type":"Organization","@id":"https:\/\/www.comunidadeativa.jor.br\/#organization","name":"Comunidade Ativa","url":"https:\/\/www.comunidadeativa.jor.br\/","logo":{"@type":"ImageObject","inLanguage":"pt-BR","@id":"https:\/\/www.comunidadeativa.jor.br\/#\/schema\/logo\/image\/","url":"https:\/\/www.comunidadeativa.jor.br\/wp-content\/uploads\/2018\/03\/cropped-LOGOPNG-1.png","contentUrl":"https:\/\/www.comunidadeativa.jor.br\/wp-content\/uploads\/2018\/03\/cropped-LOGOPNG-1.png","width":318,"height":90,"caption":"Comunidade Ativa"},"image":{"@id":"https:\/\/www.comunidadeativa.jor.br\/#\/schema\/logo\/image\/"},"sameAs":["https:\/\/www.facebook.com\/comunidadeativa"]},{"@type":"Person","@id":"https:\/\/www.comunidadeativa.jor.br\/#\/schema\/person\/dcaa1f1c51c1f0c47a33b2b734cad6e1","name":"Comunidade Ativa","image":{"@type":"ImageObject","inLanguage":"pt-BR","@id":"https:\/\/www.comunidadeativa.jor.br\/#\/schema\/person\/image\/","url":"https:\/\/secure.gravatar.com\/avatar\/09a9a1f85fedf41e81b47f7c1d40084f?s=96&d=mm&r=g","contentUrl":"https:\/\/secure.gravatar.com\/avatar\/09a9a1f85fedf41e81b47f7c1d40084f?s=96&d=mm&r=g","caption":"Comunidade Ativa"},"url":"https:\/\/www.comunidadeativa.jor.br\/index.php\/author\/casalberto\/"}]}},"_links":{"self":[{"href":"https:\/\/www.comunidadeativa.jor.br\/index.php\/wp-json\/wp\/v2\/posts\/2545","targetHints":{"allow":["GET"]}}],"collection":[{"href":"https:\/\/www.comunidadeativa.jor.br\/index.php\/wp-json\/wp\/v2\/posts"}],"about":[{"href":"https:\/\/www.comunidadeativa.jor.br\/index.php\/wp-json\/wp\/v2\/types\/post"}],"author":[{"embeddable":true,"href":"https:\/\/www.comunidadeativa.jor.br\/index.php\/wp-json\/wp\/v2\/users\/1"}],"replies":[{"embeddable":true,"href":"https:\/\/www.comunidadeativa.jor.br\/index.php\/wp-json\/wp\/v2\/comments?post=2545"}],"version-history":[{"count":2,"href":"https:\/\/www.comunidadeativa.jor.br\/index.php\/wp-json\/wp\/v2\/posts\/2545\/revisions"}],"predecessor-version":[{"id":2549,"href":"https:\/\/www.comunidadeativa.jor.br\/index.php\/wp-json\/wp\/v2\/posts\/2545\/revisions\/2549"}],"wp:featuredmedia":[{"embeddable":true,"href":"https:\/\/www.comunidadeativa.jor.br\/index.php\/wp-json\/wp\/v2\/media\/2546"}],"wp:attachment":[{"href":"https:\/\/www.comunidadeativa.jor.br\/index.php\/wp-json\/wp\/v2\/media?parent=2545"}],"wp:term":[{"taxonomy":"category","embeddable":true,"href":"https:\/\/www.comunidadeativa.jor.br\/index.php\/wp-json\/wp\/v2\/categories?post=2545"},{"taxonomy":"post_tag","embeddable":true,"href":"https:\/\/www.comunidadeativa.jor.br\/index.php\/wp-json\/wp\/v2\/tags?post=2545"}],"curies":[{"name":"wp","href":"https:\/\/api.w.org\/{rel}","templated":true}]}}