{"id":2576,"date":"2021-10-08T13:28:44","date_gmt":"2021-10-08T16:28:44","guid":{"rendered":"https:\/\/www.comunidadeativa.jor.br\/?p=2576"},"modified":"2023-08-11T19:18:46","modified_gmt":"2023-08-11T22:18:46","slug":"brasil-caminha-pra-se-destacar-no-e-commerce-mundial-voce-ja-pegou-essa-onda","status":"publish","type":"post","link":"https:\/\/www.comunidadeativa.jor.br\/index.php\/2021\/10\/08\/brasil-caminha-pra-se-destacar-no-e-commerce-mundial-voce-ja-pegou-essa-onda\/","title":{"rendered":"Brasil caminha pra se destacar no e-commerce mundial! Voc\u00ea j\u00e1 pegou essa onda?"},"content":{"rendered":"<p>O com\u00e9rcio eletr\u00f4nico, que, de alguns anos pra c\u00e1, j\u00e1 vinha se desenvolvendo de maneira intensa em todo o mundo, recebeu um impulso decisivo com a pandemia e a situa\u00e7\u00e3o \u00e9 ainda mais promissora no Brasil. De acordo com o relat\u00f3rio <a href=\"https:\/\/www.mobiletime.com.br\/wp-content\/uploads\/2021\/03\/Webshoppers_43.pdf\" target=\"_blank\" rel=\"noopener\">Webshoppers 43<\/a>, o faturamento do e-commerce brasileiro cresceu 41% em 2020, na compara\u00e7\u00e3o com o ano anterior, com um volume de neg\u00f3cios de R$ 87,4 bilh\u00f5es e as perspectivas s\u00e3o ainda melhores para 2021.<\/p>\n<p>A apura\u00e7\u00e3o para a edi\u00e7\u00e3o 44 do mesmo Webshoppers aponta que, somente no primeiro semestre deste ano, o crescimento do com\u00e9rcio eletr\u00f4nico aumentou 31% no pa\u00eds. O Webshoppers \u00e9 uma publica\u00e7\u00e3o da Ebit que avalia as transa\u00e7\u00f5es realizadas pela internet em territ\u00f3rio nacional. A estudo apresenta n\u00fameros que s\u00e3o especialmente importantes nesse momento, sobretudo se considerarmos o pa\u00eds atravessa uma crise econ\u00f4mica severa.<\/p>\n<p>N\u00e3o \u00e9 por acaso que a revista Forbes aponta o Brasil como um dos mercados mais promissores para o e-commerce mundial. Por\u00e9m, como alerta a mesma publica\u00e7\u00e3o, \u00e9 preciso estar preparado.<\/p>\n<h5>Primeiros passos no empreendedorismo digital<\/h5>\n<p>Al\u00e9m da comodidade que proporciona ao consumidor, que pode escolher os produtos e comparar pre\u00e7os sem sair de casa, o e-commerce oferece benef\u00edcios consistentes para as empresas. Mais do que agilizar ofertas de produtos utilizando a internet, entre outros fatores, essa modalidade de neg\u00f3cio ainda dispensa a necessidade de um espa\u00e7o f\u00edsico para atendimento ao cliente, n\u00e3o depende tanto da atua\u00e7\u00e3o dos vendedores e cria facilidades e maior seguran\u00e7a nas transa\u00e7\u00f5es, que, na maior parte, s\u00e3o feitas por meio de pagamento eletr\u00f4nico.<\/p>\n<p>De olho nessas vantagens, um n\u00famero crescente de empreendedores vem se voltando para o mercado digital, o que, de fato, \u00e9 conveniente para atender \u00e0 demanda que s\u00f3 faz aumentar. Contudo, para que os resultados apare\u00e7am de forma satisfat\u00f3ria, mais do que necess\u00e1rio, \u00e9 indispens\u00e1vel criar um planejamento adequado para o empreendimento.<\/p>\n<p>De fato, a pessoa pode come\u00e7ar expondo os produtos em um site simples e promovendo o neg\u00f3cio no pr\u00f3prio bairro, em grupos de WhasApp, no Facebook e no Instagram. Por\u00e9m, essas iniciativas que s\u00e3o \u00fateis para atender a uma urg\u00eancia moment\u00e2nea de faturamento e iniciar um neg\u00f3cio precisam ser vistas como algo bastante limitado.<\/p>\n<p>Em uma posi\u00e7\u00e3o um pouco mais adiante, mas que pode ainda n\u00e3o ser a melhor para um empreendimento com potencial de se desenvolver, \u00e9 poss\u00edvel tamb\u00e9m recorrer aos marketplaces, que, semelhantes a shoppings virtuais, s\u00e3o portais de e-commerce colaborativo onde v\u00e1rios lojistas oferecem seus produtos. Essa \u00e9\u00a0 uma alternativa interessante, que pode servir, inclusive, para o impulsionamento do marketing do neg\u00f3cio, mas que n\u00e3o chega a ser o est\u00e1gio ideal do empreendedor que pretende crescer.<\/p>\n<h5>Profissionaliza\u00e7\u00e3o<\/h5>\n<p>Para Thiago Chueiri, l\u00edder de vendas da PayPal Brasil, quem deseja aproveitar a onda do mercado digital brasileiro, que, segundo ele, tem tudo para colocar o pa\u00eds entre os cinco principais do mundo, \u00e9 preciso estar preparado. \u201cAssim como aumentou o n\u00famero de consumidores, a concorr\u00eancia para os vendedores tamb\u00e9m est\u00e1 muito mais acirrada, principalmente com a alta digitaliza\u00e7\u00e3o<strong>\u00a0<\/strong>observada no ano passado em fun\u00e7\u00e3o da pandemia de Covid-19\u201d, ele diz em <a href=\"https:\/\/forbes.com.br\/brand-voice\/2021\/08\/brasil-esta-no-caminho-para-se-tornar-um-dos-principais-mercados-do-mundo-no-e-commerce-mas-e-preciso-estar-preparado\/\" target=\"_blank\" rel=\"noopener\">entrevista \u00e0 Forbes<\/a>.<\/p>\n<p>Nesse sentido, portanto, \u00e9 preciso profissionalizar o neg\u00f3cio. Na opini\u00e3o de Franklin Bravos, cofundador e CEO da Signa, startup de solu\u00e7\u00f5es digitais para e-commerces, os primeiros sinais da necessidade de profissionaliza\u00e7\u00e3o surgem quando o empreendedor percebe que a estrutura que tem j\u00e1 n\u00e3o \u00e9 suficiente para atender \u00e0 demanda que recebe. \u201cAssim que come\u00e7am a aparecer quatro, cinco ou mais pedidos por dia \u2014 e um vai pagar no boleto, outro no cart\u00e3o, outro precisa de um link de pagamento \u2014, isso come\u00e7a a exigir uma gest\u00e3o. E a\u00ed \u00e9 o momento de entrar no e-commerce de verdade\u201d, <a href=\"https:\/\/www.consumidormoderno.com.br\/2021\/03\/12\/momento-profissionalizar-loja-online\/\" target=\"_blank\" rel=\"noopener\">aponta Bravos no site Consumidor Moderno<\/a>.<\/p>\n<p>Segundo o CEO, O futuro da profissionaliza\u00e7\u00e3o digital est\u00e1 na integra\u00e7\u00e3o entre no mundo do e-commerce, do marketplace e dos aplicativos de entrega com o mundo f\u00edsico. \u201cHoje, tem v\u00e1rios aplicativos de entrega e eles v\u00e3o come\u00e7ar a ter integra\u00e7\u00e3o com e-commerce. Voc\u00ea compra de uma loja com e-commerce e se tem um aplicativo de entrega que atende sua regi\u00e3o, esse aplicativo faz a entrega para voc\u00ea\u201d, destaca Bravos.<\/p>\n<p>O diretor destaca que a integra\u00e7\u00e3o pode ocorrer tanto em forma de parceria quanto de forma automatizada, havendo, inclusive, plataformas que fazem com que todo esse sistema caminhe sozinho. \u201cO objetivo disso tudo \u00e9 facilitar para o consumidor. Ele compra e recebe da forma mais r\u00e1pida, na casa dele. Recebe com seguran\u00e7a, tranquilidade, fortalecendo o lojista regional, respeitando os canais de distribui\u00e7\u00e3o, fortalecendo a log\u00edstica, os entregadores\u201d, acrescenta o CEO.<\/p>\n<h5>Posi\u00e7\u00e3o segura<\/h5>\n<p>Atender \u00e0s expectativas do cliente, proporcionando a ele uma experi\u00eancia positiva na hora da compra, portanto, s\u00e3o aspectos que devem ser valorizados pelo empreendedor digital que pretende alcan\u00e7ar uma posi\u00e7\u00e3o segura nesse mercado cada vez mais competitivo. Para Chueiri, executivo da PayPal, h\u00e1 tr\u00eas pontos que devem ser considerados nessa estrat\u00e9gia e o primeiro deles seria remover as barreiras de inseguran\u00e7a que as transa\u00e7\u00f5es online provocam.<\/p>\n<p>Segundo l\u00edder de vendas, 40% dos entrevistados por um levantamento da companhia onde ele atua revelaram que n\u00e3o confiam nas opera\u00e7\u00f5es online e muitos reclamaram da entrega. \u201cOferecer op\u00e7\u00f5es seguras de pagamento \u00e9 fundamental\u201d, ele diz.<\/p>\n<p>Outra observa\u00e7\u00e3o do executivo considera a necessidade de fideliza\u00e7\u00e3o do consumidor. Afinal, um cliente satisfeito n\u00e3o s\u00f3 volta a comprar do mesmo neg\u00f3cio como, muitas vezes, recomenda o estabelecimento para outras pessoas, seja ele de uma empresa f\u00edsica ou digital. \u201cForne\u00e7a valor agora e colha bons resultados no futuro\u201d, recomenda.<\/p>\n<p>Como dica final, Chueiri aconselha que as datas comemorativas e promocionais \u2014 como a da Black Friday, por exemplo \u2014 sejam bem aproveitadas. \u201c\u00c9 uma boa oportunidade para novos vendedores online conquistarem um lugar na prefer\u00eancia dos consumidores. Esse tipo de posicionamento ajuda a construir uma reputa\u00e7\u00e3o\u201d, conclui.<\/p>\n","protected":false},"excerpt":{"rendered":"<p>O com\u00e9rcio eletr\u00f4nico, que, de alguns anos pra c\u00e1, j\u00e1 vinha se desenvolvendo de maneira intensa em todo o mundo,<\/p>\n","protected":false},"author":1,"featured_media":2578,"comment_status":"closed","ping_status":"open","sticky":false,"template":"","format":"standard","meta":{"footnotes":""},"categories":[10],"tags":[],"class_list":["post-2576","post","type-post","status-publish","format-standard","has-post-thumbnail","hentry","category-tecnologia"],"yoast_head":"<!-- This site is optimized with the Yoast SEO plugin v26.0 - https:\/\/yoast.com\/wordpress\/plugins\/seo\/ -->\n<title>Brasil caminha pra se destacar no e-commerce mundial! Voc\u00ea j\u00e1 pegou essa onda? - Comunidade Ativa<\/title>\n<meta name=\"robots\" content=\"index, follow, max-snippet:-1, max-image-preview:large, max-video-preview:-1\" \/>\n<link rel=\"canonical\" href=\"https:\/\/www.comunidadeativa.jor.br\/index.php\/2021\/10\/08\/brasil-caminha-pra-se-destacar-no-e-commerce-mundial-voce-ja-pegou-essa-onda\/\" \/>\n<meta property=\"og:locale\" content=\"pt_BR\" \/>\n<meta property=\"og:type\" content=\"article\" \/>\n<meta property=\"og:title\" content=\"Brasil caminha pra se destacar no e-commerce mundial! Voc\u00ea j\u00e1 pegou essa onda? - Comunidade Ativa\" \/>\n<meta property=\"og:description\" content=\"O com\u00e9rcio eletr\u00f4nico, que, de alguns anos pra c\u00e1, j\u00e1 vinha se desenvolvendo de maneira intensa em todo o mundo,\" \/>\n<meta property=\"og:url\" content=\"https:\/\/www.comunidadeativa.jor.br\/index.php\/2021\/10\/08\/brasil-caminha-pra-se-destacar-no-e-commerce-mundial-voce-ja-pegou-essa-onda\/\" \/>\n<meta property=\"og:site_name\" content=\"Comunidade Ativa\" \/>\n<meta property=\"article:publisher\" content=\"https:\/\/www.facebook.com\/comunidadeativa\" \/>\n<meta property=\"article:published_time\" content=\"2021-10-08T16:28:44+00:00\" \/>\n<meta property=\"article:modified_time\" content=\"2023-08-11T22:18:46+00:00\" \/>\n<meta property=\"og:image\" content=\"https:\/\/www.comunidadeativa.jor.br\/wp-content\/uploads\/2021\/10\/capa-5.jpg\" \/>\n\t<meta property=\"og:image:width\" content=\"640\" \/>\n\t<meta property=\"og:image:height\" content=\"352\" \/>\n\t<meta property=\"og:image:type\" content=\"image\/jpeg\" \/>\n<meta name=\"author\" content=\"Comunidade Ativa\" \/>\n<meta name=\"twitter:card\" content=\"summary_large_image\" \/>\n<meta name=\"twitter:label1\" content=\"Escrito por\" \/>\n\t<meta name=\"twitter:data1\" content=\"Comunidade Ativa\" \/>\n\t<meta name=\"twitter:label2\" content=\"Est. tempo de leitura\" \/>\n\t<meta name=\"twitter:data2\" content=\"5 minutos\" \/>\n<script type=\"application\/ld+json\" class=\"yoast-schema-graph\">{\"@context\":\"https:\/\/schema.org\",\"@graph\":[{\"@type\":\"Article\",\"@id\":\"https:\/\/www.comunidadeativa.jor.br\/index.php\/2021\/10\/08\/brasil-caminha-pra-se-destacar-no-e-commerce-mundial-voce-ja-pegou-essa-onda\/#article\",\"isPartOf\":{\"@id\":\"https:\/\/www.comunidadeativa.jor.br\/index.php\/2021\/10\/08\/brasil-caminha-pra-se-destacar-no-e-commerce-mundial-voce-ja-pegou-essa-onda\/\"},\"author\":{\"name\":\"Comunidade Ativa\",\"@id\":\"https:\/\/www.comunidadeativa.jor.br\/#\/schema\/person\/dcaa1f1c51c1f0c47a33b2b734cad6e1\"},\"headline\":\"Brasil caminha pra se destacar no e-commerce mundial! Voc\u00ea j\u00e1 pegou essa onda?\",\"datePublished\":\"2021-10-08T16:28:44+00:00\",\"dateModified\":\"2023-08-11T22:18:46+00:00\",\"mainEntityOfPage\":{\"@id\":\"https:\/\/www.comunidadeativa.jor.br\/index.php\/2021\/10\/08\/brasil-caminha-pra-se-destacar-no-e-commerce-mundial-voce-ja-pegou-essa-onda\/\"},\"wordCount\":1049,\"publisher\":{\"@id\":\"https:\/\/www.comunidadeativa.jor.br\/#organization\"},\"image\":{\"@id\":\"https:\/\/www.comunidadeativa.jor.br\/index.php\/2021\/10\/08\/brasil-caminha-pra-se-destacar-no-e-commerce-mundial-voce-ja-pegou-essa-onda\/#primaryimage\"},\"thumbnailUrl\":\"https:\/\/www.comunidadeativa.jor.br\/wp-content\/uploads\/2021\/10\/capa-5.jpg\",\"articleSection\":[\"Tecnologia\"],\"inLanguage\":\"pt-BR\"},{\"@type\":\"WebPage\",\"@id\":\"https:\/\/www.comunidadeativa.jor.br\/index.php\/2021\/10\/08\/brasil-caminha-pra-se-destacar-no-e-commerce-mundial-voce-ja-pegou-essa-onda\/\",\"url\":\"https:\/\/www.comunidadeativa.jor.br\/index.php\/2021\/10\/08\/brasil-caminha-pra-se-destacar-no-e-commerce-mundial-voce-ja-pegou-essa-onda\/\",\"name\":\"Brasil caminha pra se destacar no e-commerce mundial! Voc\u00ea j\u00e1 pegou essa onda? - Comunidade Ativa\",\"isPartOf\":{\"@id\":\"https:\/\/www.comunidadeativa.jor.br\/#website\"},\"primaryImageOfPage\":{\"@id\":\"https:\/\/www.comunidadeativa.jor.br\/index.php\/2021\/10\/08\/brasil-caminha-pra-se-destacar-no-e-commerce-mundial-voce-ja-pegou-essa-onda\/#primaryimage\"},\"image\":{\"@id\":\"https:\/\/www.comunidadeativa.jor.br\/index.php\/2021\/10\/08\/brasil-caminha-pra-se-destacar-no-e-commerce-mundial-voce-ja-pegou-essa-onda\/#primaryimage\"},\"thumbnailUrl\":\"https:\/\/www.comunidadeativa.jor.br\/wp-content\/uploads\/2021\/10\/capa-5.jpg\",\"datePublished\":\"2021-10-08T16:28:44+00:00\",\"dateModified\":\"2023-08-11T22:18:46+00:00\",\"breadcrumb\":{\"@id\":\"https:\/\/www.comunidadeativa.jor.br\/index.php\/2021\/10\/08\/brasil-caminha-pra-se-destacar-no-e-commerce-mundial-voce-ja-pegou-essa-onda\/#breadcrumb\"},\"inLanguage\":\"pt-BR\",\"potentialAction\":[{\"@type\":\"ReadAction\",\"target\":[\"https:\/\/www.comunidadeativa.jor.br\/index.php\/2021\/10\/08\/brasil-caminha-pra-se-destacar-no-e-commerce-mundial-voce-ja-pegou-essa-onda\/\"]}]},{\"@type\":\"ImageObject\",\"inLanguage\":\"pt-BR\",\"@id\":\"https:\/\/www.comunidadeativa.jor.br\/index.php\/2021\/10\/08\/brasil-caminha-pra-se-destacar-no-e-commerce-mundial-voce-ja-pegou-essa-onda\/#primaryimage\",\"url\":\"https:\/\/www.comunidadeativa.jor.br\/wp-content\/uploads\/2021\/10\/capa-5.jpg\",\"contentUrl\":\"https:\/\/www.comunidadeativa.jor.br\/wp-content\/uploads\/2021\/10\/capa-5.jpg\",\"width\":640,\"height\":352},{\"@type\":\"BreadcrumbList\",\"@id\":\"https:\/\/www.comunidadeativa.jor.br\/index.php\/2021\/10\/08\/brasil-caminha-pra-se-destacar-no-e-commerce-mundial-voce-ja-pegou-essa-onda\/#breadcrumb\",\"itemListElement\":[{\"@type\":\"ListItem\",\"position\":1,\"name\":\"In\u00edcio\",\"item\":\"https:\/\/www.comunidadeativa.jor.br\/\"},{\"@type\":\"ListItem\",\"position\":2,\"name\":\"Brasil caminha pra se destacar no e-commerce mundial! Voc\u00ea j\u00e1 pegou essa onda?\"}]},{\"@type\":\"WebSite\",\"@id\":\"https:\/\/www.comunidadeativa.jor.br\/#website\",\"url\":\"https:\/\/www.comunidadeativa.jor.br\/\",\"name\":\"Comunidade Ativa\",\"description\":\"\",\"publisher\":{\"@id\":\"https:\/\/www.comunidadeativa.jor.br\/#organization\"},\"potentialAction\":[{\"@type\":\"SearchAction\",\"target\":{\"@type\":\"EntryPoint\",\"urlTemplate\":\"https:\/\/www.comunidadeativa.jor.br\/?s={search_term_string}\"},\"query-input\":{\"@type\":\"PropertyValueSpecification\",\"valueRequired\":true,\"valueName\":\"search_term_string\"}}],\"inLanguage\":\"pt-BR\"},{\"@type\":\"Organization\",\"@id\":\"https:\/\/www.comunidadeativa.jor.br\/#organization\",\"name\":\"Comunidade Ativa\",\"url\":\"https:\/\/www.comunidadeativa.jor.br\/\",\"logo\":{\"@type\":\"ImageObject\",\"inLanguage\":\"pt-BR\",\"@id\":\"https:\/\/www.comunidadeativa.jor.br\/#\/schema\/logo\/image\/\",\"url\":\"https:\/\/www.comunidadeativa.jor.br\/wp-content\/uploads\/2018\/03\/cropped-LOGOPNG-1.png\",\"contentUrl\":\"https:\/\/www.comunidadeativa.jor.br\/wp-content\/uploads\/2018\/03\/cropped-LOGOPNG-1.png\",\"width\":318,\"height\":90,\"caption\":\"Comunidade Ativa\"},\"image\":{\"@id\":\"https:\/\/www.comunidadeativa.jor.br\/#\/schema\/logo\/image\/\"},\"sameAs\":[\"https:\/\/www.facebook.com\/comunidadeativa\"]},{\"@type\":\"Person\",\"@id\":\"https:\/\/www.comunidadeativa.jor.br\/#\/schema\/person\/dcaa1f1c51c1f0c47a33b2b734cad6e1\",\"name\":\"Comunidade Ativa\",\"image\":{\"@type\":\"ImageObject\",\"inLanguage\":\"pt-BR\",\"@id\":\"https:\/\/www.comunidadeativa.jor.br\/#\/schema\/person\/image\/\",\"url\":\"https:\/\/secure.gravatar.com\/avatar\/09a9a1f85fedf41e81b47f7c1d40084f?s=96&d=mm&r=g\",\"contentUrl\":\"https:\/\/secure.gravatar.com\/avatar\/09a9a1f85fedf41e81b47f7c1d40084f?s=96&d=mm&r=g\",\"caption\":\"Comunidade Ativa\"},\"url\":\"https:\/\/www.comunidadeativa.jor.br\/index.php\/author\/casalberto\/\"}]}<\/script>\n<!-- \/ Yoast SEO plugin. -->","yoast_head_json":{"title":"Brasil caminha pra se destacar no e-commerce mundial! Voc\u00ea j\u00e1 pegou essa onda? - Comunidade Ativa","robots":{"index":"index","follow":"follow","max-snippet":"max-snippet:-1","max-image-preview":"max-image-preview:large","max-video-preview":"max-video-preview:-1"},"canonical":"https:\/\/www.comunidadeativa.jor.br\/index.php\/2021\/10\/08\/brasil-caminha-pra-se-destacar-no-e-commerce-mundial-voce-ja-pegou-essa-onda\/","og_locale":"pt_BR","og_type":"article","og_title":"Brasil caminha pra se destacar no e-commerce mundial! Voc\u00ea j\u00e1 pegou essa onda? - Comunidade Ativa","og_description":"O com\u00e9rcio eletr\u00f4nico, que, de alguns anos pra c\u00e1, j\u00e1 vinha se desenvolvendo de maneira intensa em todo o mundo,","og_url":"https:\/\/www.comunidadeativa.jor.br\/index.php\/2021\/10\/08\/brasil-caminha-pra-se-destacar-no-e-commerce-mundial-voce-ja-pegou-essa-onda\/","og_site_name":"Comunidade Ativa","article_publisher":"https:\/\/www.facebook.com\/comunidadeativa","article_published_time":"2021-10-08T16:28:44+00:00","article_modified_time":"2023-08-11T22:18:46+00:00","og_image":[{"width":640,"height":352,"url":"https:\/\/www.comunidadeativa.jor.br\/wp-content\/uploads\/2021\/10\/capa-5.jpg","type":"image\/jpeg"}],"author":"Comunidade Ativa","twitter_card":"summary_large_image","twitter_misc":{"Escrito por":"Comunidade Ativa","Est. tempo de leitura":"5 minutos"},"schema":{"@context":"https:\/\/schema.org","@graph":[{"@type":"Article","@id":"https:\/\/www.comunidadeativa.jor.br\/index.php\/2021\/10\/08\/brasil-caminha-pra-se-destacar-no-e-commerce-mundial-voce-ja-pegou-essa-onda\/#article","isPartOf":{"@id":"https:\/\/www.comunidadeativa.jor.br\/index.php\/2021\/10\/08\/brasil-caminha-pra-se-destacar-no-e-commerce-mundial-voce-ja-pegou-essa-onda\/"},"author":{"name":"Comunidade Ativa","@id":"https:\/\/www.comunidadeativa.jor.br\/#\/schema\/person\/dcaa1f1c51c1f0c47a33b2b734cad6e1"},"headline":"Brasil caminha pra se destacar no e-commerce mundial! Voc\u00ea j\u00e1 pegou essa onda?","datePublished":"2021-10-08T16:28:44+00:00","dateModified":"2023-08-11T22:18:46+00:00","mainEntityOfPage":{"@id":"https:\/\/www.comunidadeativa.jor.br\/index.php\/2021\/10\/08\/brasil-caminha-pra-se-destacar-no-e-commerce-mundial-voce-ja-pegou-essa-onda\/"},"wordCount":1049,"publisher":{"@id":"https:\/\/www.comunidadeativa.jor.br\/#organization"},"image":{"@id":"https:\/\/www.comunidadeativa.jor.br\/index.php\/2021\/10\/08\/brasil-caminha-pra-se-destacar-no-e-commerce-mundial-voce-ja-pegou-essa-onda\/#primaryimage"},"thumbnailUrl":"https:\/\/www.comunidadeativa.jor.br\/wp-content\/uploads\/2021\/10\/capa-5.jpg","articleSection":["Tecnologia"],"inLanguage":"pt-BR"},{"@type":"WebPage","@id":"https:\/\/www.comunidadeativa.jor.br\/index.php\/2021\/10\/08\/brasil-caminha-pra-se-destacar-no-e-commerce-mundial-voce-ja-pegou-essa-onda\/","url":"https:\/\/www.comunidadeativa.jor.br\/index.php\/2021\/10\/08\/brasil-caminha-pra-se-destacar-no-e-commerce-mundial-voce-ja-pegou-essa-onda\/","name":"Brasil caminha pra se destacar no e-commerce mundial! Voc\u00ea j\u00e1 pegou essa onda? - Comunidade Ativa","isPartOf":{"@id":"https:\/\/www.comunidadeativa.jor.br\/#website"},"primaryImageOfPage":{"@id":"https:\/\/www.comunidadeativa.jor.br\/index.php\/2021\/10\/08\/brasil-caminha-pra-se-destacar-no-e-commerce-mundial-voce-ja-pegou-essa-onda\/#primaryimage"},"image":{"@id":"https:\/\/www.comunidadeativa.jor.br\/index.php\/2021\/10\/08\/brasil-caminha-pra-se-destacar-no-e-commerce-mundial-voce-ja-pegou-essa-onda\/#primaryimage"},"thumbnailUrl":"https:\/\/www.comunidadeativa.jor.br\/wp-content\/uploads\/2021\/10\/capa-5.jpg","datePublished":"2021-10-08T16:28:44+00:00","dateModified":"2023-08-11T22:18:46+00:00","breadcrumb":{"@id":"https:\/\/www.comunidadeativa.jor.br\/index.php\/2021\/10\/08\/brasil-caminha-pra-se-destacar-no-e-commerce-mundial-voce-ja-pegou-essa-onda\/#breadcrumb"},"inLanguage":"pt-BR","potentialAction":[{"@type":"ReadAction","target":["https:\/\/www.comunidadeativa.jor.br\/index.php\/2021\/10\/08\/brasil-caminha-pra-se-destacar-no-e-commerce-mundial-voce-ja-pegou-essa-onda\/"]}]},{"@type":"ImageObject","inLanguage":"pt-BR","@id":"https:\/\/www.comunidadeativa.jor.br\/index.php\/2021\/10\/08\/brasil-caminha-pra-se-destacar-no-e-commerce-mundial-voce-ja-pegou-essa-onda\/#primaryimage","url":"https:\/\/www.comunidadeativa.jor.br\/wp-content\/uploads\/2021\/10\/capa-5.jpg","contentUrl":"https:\/\/www.comunidadeativa.jor.br\/wp-content\/uploads\/2021\/10\/capa-5.jpg","width":640,"height":352},{"@type":"BreadcrumbList","@id":"https:\/\/www.comunidadeativa.jor.br\/index.php\/2021\/10\/08\/brasil-caminha-pra-se-destacar-no-e-commerce-mundial-voce-ja-pegou-essa-onda\/#breadcrumb","itemListElement":[{"@type":"ListItem","position":1,"name":"In\u00edcio","item":"https:\/\/www.comunidadeativa.jor.br\/"},{"@type":"ListItem","position":2,"name":"Brasil caminha pra se destacar no e-commerce mundial! Voc\u00ea j\u00e1 pegou essa onda?"}]},{"@type":"WebSite","@id":"https:\/\/www.comunidadeativa.jor.br\/#website","url":"https:\/\/www.comunidadeativa.jor.br\/","name":"Comunidade Ativa","description":"","publisher":{"@id":"https:\/\/www.comunidadeativa.jor.br\/#organization"},"potentialAction":[{"@type":"SearchAction","target":{"@type":"EntryPoint","urlTemplate":"https:\/\/www.comunidadeativa.jor.br\/?s={search_term_string}"},"query-input":{"@type":"PropertyValueSpecification","valueRequired":true,"valueName":"search_term_string"}}],"inLanguage":"pt-BR"},{"@type":"Organization","@id":"https:\/\/www.comunidadeativa.jor.br\/#organization","name":"Comunidade Ativa","url":"https:\/\/www.comunidadeativa.jor.br\/","logo":{"@type":"ImageObject","inLanguage":"pt-BR","@id":"https:\/\/www.comunidadeativa.jor.br\/#\/schema\/logo\/image\/","url":"https:\/\/www.comunidadeativa.jor.br\/wp-content\/uploads\/2018\/03\/cropped-LOGOPNG-1.png","contentUrl":"https:\/\/www.comunidadeativa.jor.br\/wp-content\/uploads\/2018\/03\/cropped-LOGOPNG-1.png","width":318,"height":90,"caption":"Comunidade Ativa"},"image":{"@id":"https:\/\/www.comunidadeativa.jor.br\/#\/schema\/logo\/image\/"},"sameAs":["https:\/\/www.facebook.com\/comunidadeativa"]},{"@type":"Person","@id":"https:\/\/www.comunidadeativa.jor.br\/#\/schema\/person\/dcaa1f1c51c1f0c47a33b2b734cad6e1","name":"Comunidade Ativa","image":{"@type":"ImageObject","inLanguage":"pt-BR","@id":"https:\/\/www.comunidadeativa.jor.br\/#\/schema\/person\/image\/","url":"https:\/\/secure.gravatar.com\/avatar\/09a9a1f85fedf41e81b47f7c1d40084f?s=96&d=mm&r=g","contentUrl":"https:\/\/secure.gravatar.com\/avatar\/09a9a1f85fedf41e81b47f7c1d40084f?s=96&d=mm&r=g","caption":"Comunidade Ativa"},"url":"https:\/\/www.comunidadeativa.jor.br\/index.php\/author\/casalberto\/"}]}},"_links":{"self":[{"href":"https:\/\/www.comunidadeativa.jor.br\/index.php\/wp-json\/wp\/v2\/posts\/2576","targetHints":{"allow":["GET"]}}],"collection":[{"href":"https:\/\/www.comunidadeativa.jor.br\/index.php\/wp-json\/wp\/v2\/posts"}],"about":[{"href":"https:\/\/www.comunidadeativa.jor.br\/index.php\/wp-json\/wp\/v2\/types\/post"}],"author":[{"embeddable":true,"href":"https:\/\/www.comunidadeativa.jor.br\/index.php\/wp-json\/wp\/v2\/users\/1"}],"replies":[{"embeddable":true,"href":"https:\/\/www.comunidadeativa.jor.br\/index.php\/wp-json\/wp\/v2\/comments?post=2576"}],"version-history":[{"count":3,"href":"https:\/\/www.comunidadeativa.jor.br\/index.php\/wp-json\/wp\/v2\/posts\/2576\/revisions"}],"predecessor-version":[{"id":3925,"href":"https:\/\/www.comunidadeativa.jor.br\/index.php\/wp-json\/wp\/v2\/posts\/2576\/revisions\/3925"}],"wp:featuredmedia":[{"embeddable":true,"href":"https:\/\/www.comunidadeativa.jor.br\/index.php\/wp-json\/wp\/v2\/media\/2578"}],"wp:attachment":[{"href":"https:\/\/www.comunidadeativa.jor.br\/index.php\/wp-json\/wp\/v2\/media?parent=2576"}],"wp:term":[{"taxonomy":"category","embeddable":true,"href":"https:\/\/www.comunidadeativa.jor.br\/index.php\/wp-json\/wp\/v2\/categories?post=2576"},{"taxonomy":"post_tag","embeddable":true,"href":"https:\/\/www.comunidadeativa.jor.br\/index.php\/wp-json\/wp\/v2\/tags?post=2576"}],"curies":[{"name":"wp","href":"https:\/\/api.w.org\/{rel}","templated":true}]}}