{"id":2588,"date":"2021-10-15T17:06:06","date_gmt":"2021-10-15T20:06:06","guid":{"rendered":"https:\/\/www.comunidadeativa.jor.br\/?p=2588"},"modified":"2023-08-11T19:19:16","modified_gmt":"2023-08-11T22:19:16","slug":"a-salvacao-do-planeta-esta-na-formacao-de-cidadaos-integros","status":"publish","type":"post","link":"https:\/\/www.comunidadeativa.jor.br\/index.php\/2021\/10\/15\/a-salvacao-do-planeta-esta-na-formacao-de-cidadaos-integros\/","title":{"rendered":"A salva\u00e7\u00e3o do planeta est\u00e1 na forma\u00e7\u00e3o de cidad\u00e3os \u00edntegros"},"content":{"rendered":"<p>Pode ser que algu\u00e9m ainda teime. Mas, pelo ponto de vista da ci\u00eancia, s\u00e3o muitas as evid\u00eancias acumuladas ao longo dos anos que relacionam a a\u00e7\u00e3o humana com a crise ambiental extrema que o planeta est\u00e1 enfrentando. H\u00e1 anos, por exemplo, pesquisadores t\u00eam alertado para o risco de uma crise h\u00eddrica severa no Sul e no Sudeste do Brasil, que, em algum momento, ocorreria em fun\u00e7\u00e3o do desmatamento da Amaz\u00f4nia.<\/p>\n<p>Pode parecer estranho uma floresta interferir no ciclo das chuvas em regi\u00f5es t\u00e3o distantes delas. Por\u00e9m, a explica\u00e7\u00e3o \u00e9 relativamente f\u00e1cil de compreender.<\/p>\n<p style=\"text-align: left;\">\u00c9 sabido que um fen\u00f4meno conhecido como \u201crios voadores\u201d transporta a \u00e1gua que evapora no Oceano Atl\u00e2ntico e no Norte do pa\u00eds at\u00e9 as regi\u00f5es mais ao Sul. Esse fen\u00f4meno ocorre porque a floresta \u00famida e em territ\u00f3rio com temperatura elevada vai acumulando cada vez mais \u00e1gua na atmosfera, formando grandes volumes de vapor que s\u00e3o direcionados pela Cordilheira dos Andes para regi\u00f5es com menor densidade de vegeta\u00e7\u00e3o \u2014 e, portanto, mais secas e com temperaturas\u00a0 mais amenas \u2014, onde o vapor acaba se condensando e se transformando em chuva. Sem a floresta, esses rios s\u00e3o interrompidos, impedindo que a \u00e1gua chegue at\u00e9 onde deveria (veja o v\u00eddeo).<\/p>\n<p style=\"text-align: center;\"><iframe loading=\"lazy\" title=\"YouTube video player\" src=\"https:\/\/www.youtube.com\/embed\/F6NYhdZwXr8\" width=\"560\" height=\"315\" frameborder=\"0\" allowfullscreen=\"allowfullscreen\"><\/iframe><\/p>\n<p>Por esse motivo, o desmatamento e as queimadas no Norte se conectam diretamente \u00e0 falta de \u00e1gua e de energia el\u00e9trica no Sul e no Sudeste brasileiros. Esta \u00e9 apenas uma das muitas associa\u00e7\u00f5es que podem ser feitas entre a a\u00e7\u00e3o humana desconectada dos valores que deveriam pautar a humanidade com os impactos que surgem sobre o meio ambiente.<\/p>\n<h5>Conhecimento negligenciado<\/h5>\n<p>Existem in\u00fameras outras informa\u00e7\u00f5es como as do exemplo dos rios voadores que fogem do conhecimento da maior parte da popula\u00e7\u00e3o. Entretanto, as pessoas que t\u00eam o poder de decis\u00e3o sobre grandes empreendimentos e que, mesmo bem assessoradas, preferem negar algo que, h\u00e1 bastante tempo, passou do n\u00edvel de preocupa\u00e7\u00e3o para o de alerta de urg\u00eancia, precisam ser pressionadas para que adotem uma mudan\u00e7a dr\u00e1stica de postura diante das causas ambientais.<\/p>\n<p>Contudo, enquanto toda o conhecimento existente for negligenciado e a sociedade se mantiver inerte, sem exercer o papel de cobran\u00e7a sobre aquelas pessoas poderosas, nenhum alerta surtir\u00e1 o efeito necess\u00e1rio. O mesmo racioc\u00ednio vale para a falta de a\u00e7\u00e3o individual e coletiva dos cidad\u00e3os e cidad\u00e3s que, em todos os n\u00edveis, se recusam a resgatar os valores b\u00e1sicos da humanidade que, certamente, nos reconduziriam para uma situa\u00e7\u00e3o de maior equil\u00edbrio ambiental.<\/p>\n<h5>Formando cidad\u00e3os \u00edntegros<\/h5>\n<p>O primeiro passo nesse sentido est\u00e1 na busca pelo entendimento dos <em>processos por meio dos quais o indiv\u00edduo e a coletividade constroem valores sociais, conhecimentos, habilidades, atitudes e compet\u00eancias voltadas para a conserva\u00e7\u00e3o do meio ambiente, bem de uso comum do povo, essencial \u00e0 sadia qualidade de vida e sua sustentabilidade<\/em>. Vale destacar que o trecho em it\u00e1lico reproduz a defini\u00e7\u00e3o dada pela <a href=\"http:\/\/www.planalto.gov.br\/ccivil_03\/Leis\/L9795.htm\" target=\"_blank\" rel=\"noopener\">Lei Federal n\u00ba 9.795<\/a>, de 1999, que instituiu no Brasil a Politica Nacional de Educa\u00e7\u00e3o Ambiental (PNEA).<\/p>\n<p>Entretanto, mais do que um conceito legal, a chamada <em>Educa\u00e7\u00e3o Ambiental<\/em> pode ser vista por um ponto de vista pr\u00e1tico na forma\u00e7\u00e3o de cidad\u00e3os capazes de contribuir para que a boa qualidade de vida na Terra seja restaurada. Quando o cidad\u00e3o se torna entendedor daqueles processos descritos na PNEA e age de forma a desenvolv\u00ea-los, a postura que ele adquire diante da sociedade e do meio ambiente se transforma de forma bastante positiva.<\/p>\n<p>Esta era, ali\u00e1s, a base do pensamento do doutor Hugo Werneck (1919-2008) com rela\u00e7\u00e3o \u00e0 ecologia. O dentista que se tornou um dos pioneiros e principais nomes do ambientalismo mineiro acreditava que o melhor caminho para conscientizar as pessoas com rela\u00e7\u00e3o \u00e0s causas ambientais seria estimul\u00e1-las a exercerem plenamente a cidadania.<\/p>\n<p><a href=\"http:\/\/revistaecologico.com.br\/revista\/edicoes-anteriores\/edicao-8\/hugo-werneck-conservacionista-e-educador-ambiental\/\" target=\"_blank\" rel=\"noopener\">Em entrevista dada ao jornalista Hiram Firmino<\/a> pouco antes de sua morte, descrevendo a forma como vinha conduzira um trabalho de Educa\u00e7\u00e3o Ambiental com ribeirinhos do Rio S\u00e3o Francisco, doutor Hugo resumiu esse racioc\u00ednio. \u201cMeu tema agora, antes de ecol\u00f3gico, \u00e9 contribuir para formarmos cidad\u00e3os \u00edntegros. E para isso eu tenho de falar dos valores da fam\u00edlia, da escola e da sociedade. E do amor que tamb\u00e9m anda sumido nas rela\u00e7\u00f5es atuais. Afinal, n\u00e3o nascemos humanos, nos tornamos humanos. Valores tamb\u00e9m s\u00e3o presentes na natureza, nos p\u00e1ssaros&#8230;..\u201d, ele disse.<\/p>\n<p>Portanto, o caminho para restaurarmos as florestas e os rios voadores que garantem \u00e1gua em nossas torneiras e eletricidade em nossas casas e empresas, e tamb\u00e9m para resgatarmos todo o equil\u00edbrio ambiental que, ao longo dos mil\u00eanios, o ser humano corrompeu, come\u00e7a com o desenvolvimento aqueles valores que a humanidade tem desconsiderado desde o in\u00edcio da civiliza\u00e7\u00e3o. Somente como cidad\u00e3os \u00edntegros conseguiremos encontrar esse caminho.<\/p>\n<form style=\"padding-left: 80px;\" action=\"https:\/\/pagseguro.uol.com.br\/checkout\/v2\/donation.html\" method=\"post\">\n<hr \/>\n<\/form>\n<p>&nbsp;<\/p>\n","protected":false},"excerpt":{"rendered":"<p>Pode ser que algu\u00e9m ainda teime. Mas, pelo ponto de vista da ci\u00eancia, s\u00e3o muitas as evid\u00eancias acumuladas ao longo<\/p>\n","protected":false},"author":1,"featured_media":2589,"comment_status":"closed","ping_status":"open","sticky":false,"template":"","format":"standard","meta":{"footnotes":""},"categories":[3],"tags":[],"class_list":["post-2588","post","type-post","status-publish","format-standard","has-post-thumbnail","hentry","category-meio-ambiente"],"yoast_head":"<!-- This site is optimized with the Yoast SEO plugin v26.0 - https:\/\/yoast.com\/wordpress\/plugins\/seo\/ -->\n<title>A salva\u00e7\u00e3o do planeta est\u00e1 na forma\u00e7\u00e3o de cidad\u00e3os \u00edntegros - Comunidade Ativa<\/title>\n<meta name=\"robots\" content=\"index, follow, max-snippet:-1, max-image-preview:large, max-video-preview:-1\" \/>\n<link rel=\"canonical\" href=\"https:\/\/www.comunidadeativa.jor.br\/index.php\/2021\/10\/15\/a-salvacao-do-planeta-esta-na-formacao-de-cidadaos-integros\/\" \/>\n<meta property=\"og:locale\" content=\"pt_BR\" \/>\n<meta property=\"og:type\" content=\"article\" \/>\n<meta property=\"og:title\" content=\"A salva\u00e7\u00e3o do planeta est\u00e1 na forma\u00e7\u00e3o de cidad\u00e3os \u00edntegros - Comunidade Ativa\" \/>\n<meta property=\"og:description\" content=\"Pode ser que algu\u00e9m ainda teime. Mas, pelo ponto de vista da ci\u00eancia, s\u00e3o muitas as evid\u00eancias acumuladas ao longo\" \/>\n<meta property=\"og:url\" content=\"https:\/\/www.comunidadeativa.jor.br\/index.php\/2021\/10\/15\/a-salvacao-do-planeta-esta-na-formacao-de-cidadaos-integros\/\" \/>\n<meta property=\"og:site_name\" content=\"Comunidade Ativa\" \/>\n<meta property=\"article:publisher\" content=\"https:\/\/www.facebook.com\/comunidadeativa\" \/>\n<meta property=\"article:published_time\" content=\"2021-10-15T20:06:06+00:00\" \/>\n<meta property=\"article:modified_time\" content=\"2023-08-11T22:19:16+00:00\" \/>\n<meta property=\"og:image\" content=\"https:\/\/www.comunidadeativa.jor.br\/wp-content\/uploads\/2021\/10\/capa1.jpg\" \/>\n\t<meta property=\"og:image:width\" content=\"640\" \/>\n\t<meta property=\"og:image:height\" content=\"352\" \/>\n\t<meta property=\"og:image:type\" content=\"image\/jpeg\" \/>\n<meta name=\"author\" content=\"Comunidade Ativa\" \/>\n<meta name=\"twitter:card\" content=\"summary_large_image\" \/>\n<meta name=\"twitter:label1\" content=\"Escrito por\" \/>\n\t<meta name=\"twitter:data1\" content=\"Comunidade Ativa\" \/>\n\t<meta name=\"twitter:label2\" content=\"Est. tempo de leitura\" \/>\n\t<meta name=\"twitter:data2\" content=\"4 minutos\" \/>\n<script type=\"application\/ld+json\" class=\"yoast-schema-graph\">{\"@context\":\"https:\/\/schema.org\",\"@graph\":[{\"@type\":\"Article\",\"@id\":\"https:\/\/www.comunidadeativa.jor.br\/index.php\/2021\/10\/15\/a-salvacao-do-planeta-esta-na-formacao-de-cidadaos-integros\/#article\",\"isPartOf\":{\"@id\":\"https:\/\/www.comunidadeativa.jor.br\/index.php\/2021\/10\/15\/a-salvacao-do-planeta-esta-na-formacao-de-cidadaos-integros\/\"},\"author\":{\"name\":\"Comunidade Ativa\",\"@id\":\"https:\/\/www.comunidadeativa.jor.br\/#\/schema\/person\/dcaa1f1c51c1f0c47a33b2b734cad6e1\"},\"headline\":\"A salva\u00e7\u00e3o do planeta est\u00e1 na forma\u00e7\u00e3o de cidad\u00e3os \u00edntegros\",\"datePublished\":\"2021-10-15T20:06:06+00:00\",\"dateModified\":\"2023-08-11T22:19:16+00:00\",\"mainEntityOfPage\":{\"@id\":\"https:\/\/www.comunidadeativa.jor.br\/index.php\/2021\/10\/15\/a-salvacao-do-planeta-esta-na-formacao-de-cidadaos-integros\/\"},\"wordCount\":851,\"publisher\":{\"@id\":\"https:\/\/www.comunidadeativa.jor.br\/#organization\"},\"image\":{\"@id\":\"https:\/\/www.comunidadeativa.jor.br\/index.php\/2021\/10\/15\/a-salvacao-do-planeta-esta-na-formacao-de-cidadaos-integros\/#primaryimage\"},\"thumbnailUrl\":\"https:\/\/www.comunidadeativa.jor.br\/wp-content\/uploads\/2021\/10\/capa1.jpg\",\"articleSection\":[\"Meio Ambiente\"],\"inLanguage\":\"pt-BR\"},{\"@type\":\"WebPage\",\"@id\":\"https:\/\/www.comunidadeativa.jor.br\/index.php\/2021\/10\/15\/a-salvacao-do-planeta-esta-na-formacao-de-cidadaos-integros\/\",\"url\":\"https:\/\/www.comunidadeativa.jor.br\/index.php\/2021\/10\/15\/a-salvacao-do-planeta-esta-na-formacao-de-cidadaos-integros\/\",\"name\":\"A salva\u00e7\u00e3o do planeta est\u00e1 na forma\u00e7\u00e3o de cidad\u00e3os \u00edntegros - Comunidade Ativa\",\"isPartOf\":{\"@id\":\"https:\/\/www.comunidadeativa.jor.br\/#website\"},\"primaryImageOfPage\":{\"@id\":\"https:\/\/www.comunidadeativa.jor.br\/index.php\/2021\/10\/15\/a-salvacao-do-planeta-esta-na-formacao-de-cidadaos-integros\/#primaryimage\"},\"image\":{\"@id\":\"https:\/\/www.comunidadeativa.jor.br\/index.php\/2021\/10\/15\/a-salvacao-do-planeta-esta-na-formacao-de-cidadaos-integros\/#primaryimage\"},\"thumbnailUrl\":\"https:\/\/www.comunidadeativa.jor.br\/wp-content\/uploads\/2021\/10\/capa1.jpg\",\"datePublished\":\"2021-10-15T20:06:06+00:00\",\"dateModified\":\"2023-08-11T22:19:16+00:00\",\"breadcrumb\":{\"@id\":\"https:\/\/www.comunidadeativa.jor.br\/index.php\/2021\/10\/15\/a-salvacao-do-planeta-esta-na-formacao-de-cidadaos-integros\/#breadcrumb\"},\"inLanguage\":\"pt-BR\",\"potentialAction\":[{\"@type\":\"ReadAction\",\"target\":[\"https:\/\/www.comunidadeativa.jor.br\/index.php\/2021\/10\/15\/a-salvacao-do-planeta-esta-na-formacao-de-cidadaos-integros\/\"]}]},{\"@type\":\"ImageObject\",\"inLanguage\":\"pt-BR\",\"@id\":\"https:\/\/www.comunidadeativa.jor.br\/index.php\/2021\/10\/15\/a-salvacao-do-planeta-esta-na-formacao-de-cidadaos-integros\/#primaryimage\",\"url\":\"https:\/\/www.comunidadeativa.jor.br\/wp-content\/uploads\/2021\/10\/capa1.jpg\",\"contentUrl\":\"https:\/\/www.comunidadeativa.jor.br\/wp-content\/uploads\/2021\/10\/capa1.jpg\",\"width\":640,\"height\":352},{\"@type\":\"BreadcrumbList\",\"@id\":\"https:\/\/www.comunidadeativa.jor.br\/index.php\/2021\/10\/15\/a-salvacao-do-planeta-esta-na-formacao-de-cidadaos-integros\/#breadcrumb\",\"itemListElement\":[{\"@type\":\"ListItem\",\"position\":1,\"name\":\"In\u00edcio\",\"item\":\"https:\/\/www.comunidadeativa.jor.br\/\"},{\"@type\":\"ListItem\",\"position\":2,\"name\":\"A salva\u00e7\u00e3o do planeta est\u00e1 na forma\u00e7\u00e3o de cidad\u00e3os \u00edntegros\"}]},{\"@type\":\"WebSite\",\"@id\":\"https:\/\/www.comunidadeativa.jor.br\/#website\",\"url\":\"https:\/\/www.comunidadeativa.jor.br\/\",\"name\":\"Comunidade Ativa\",\"description\":\"\",\"publisher\":{\"@id\":\"https:\/\/www.comunidadeativa.jor.br\/#organization\"},\"potentialAction\":[{\"@type\":\"SearchAction\",\"target\":{\"@type\":\"EntryPoint\",\"urlTemplate\":\"https:\/\/www.comunidadeativa.jor.br\/?s={search_term_string}\"},\"query-input\":{\"@type\":\"PropertyValueSpecification\",\"valueRequired\":true,\"valueName\":\"search_term_string\"}}],\"inLanguage\":\"pt-BR\"},{\"@type\":\"Organization\",\"@id\":\"https:\/\/www.comunidadeativa.jor.br\/#organization\",\"name\":\"Comunidade Ativa\",\"url\":\"https:\/\/www.comunidadeativa.jor.br\/\",\"logo\":{\"@type\":\"ImageObject\",\"inLanguage\":\"pt-BR\",\"@id\":\"https:\/\/www.comunidadeativa.jor.br\/#\/schema\/logo\/image\/\",\"url\":\"https:\/\/www.comunidadeativa.jor.br\/wp-content\/uploads\/2018\/03\/cropped-LOGOPNG-1.png\",\"contentUrl\":\"https:\/\/www.comunidadeativa.jor.br\/wp-content\/uploads\/2018\/03\/cropped-LOGOPNG-1.png\",\"width\":318,\"height\":90,\"caption\":\"Comunidade Ativa\"},\"image\":{\"@id\":\"https:\/\/www.comunidadeativa.jor.br\/#\/schema\/logo\/image\/\"},\"sameAs\":[\"https:\/\/www.facebook.com\/comunidadeativa\"]},{\"@type\":\"Person\",\"@id\":\"https:\/\/www.comunidadeativa.jor.br\/#\/schema\/person\/dcaa1f1c51c1f0c47a33b2b734cad6e1\",\"name\":\"Comunidade Ativa\",\"image\":{\"@type\":\"ImageObject\",\"inLanguage\":\"pt-BR\",\"@id\":\"https:\/\/www.comunidadeativa.jor.br\/#\/schema\/person\/image\/\",\"url\":\"https:\/\/secure.gravatar.com\/avatar\/09a9a1f85fedf41e81b47f7c1d40084f?s=96&d=mm&r=g\",\"contentUrl\":\"https:\/\/secure.gravatar.com\/avatar\/09a9a1f85fedf41e81b47f7c1d40084f?s=96&d=mm&r=g\",\"caption\":\"Comunidade Ativa\"},\"url\":\"https:\/\/www.comunidadeativa.jor.br\/index.php\/author\/casalberto\/\"}]}<\/script>\n<!-- \/ Yoast SEO plugin. -->","yoast_head_json":{"title":"A salva\u00e7\u00e3o do planeta est\u00e1 na forma\u00e7\u00e3o de cidad\u00e3os \u00edntegros - Comunidade Ativa","robots":{"index":"index","follow":"follow","max-snippet":"max-snippet:-1","max-image-preview":"max-image-preview:large","max-video-preview":"max-video-preview:-1"},"canonical":"https:\/\/www.comunidadeativa.jor.br\/index.php\/2021\/10\/15\/a-salvacao-do-planeta-esta-na-formacao-de-cidadaos-integros\/","og_locale":"pt_BR","og_type":"article","og_title":"A salva\u00e7\u00e3o do planeta est\u00e1 na forma\u00e7\u00e3o de cidad\u00e3os \u00edntegros - Comunidade Ativa","og_description":"Pode ser que algu\u00e9m ainda teime. Mas, pelo ponto de vista da ci\u00eancia, s\u00e3o muitas as evid\u00eancias acumuladas ao longo","og_url":"https:\/\/www.comunidadeativa.jor.br\/index.php\/2021\/10\/15\/a-salvacao-do-planeta-esta-na-formacao-de-cidadaos-integros\/","og_site_name":"Comunidade Ativa","article_publisher":"https:\/\/www.facebook.com\/comunidadeativa","article_published_time":"2021-10-15T20:06:06+00:00","article_modified_time":"2023-08-11T22:19:16+00:00","og_image":[{"width":640,"height":352,"url":"https:\/\/www.comunidadeativa.jor.br\/wp-content\/uploads\/2021\/10\/capa1.jpg","type":"image\/jpeg"}],"author":"Comunidade Ativa","twitter_card":"summary_large_image","twitter_misc":{"Escrito por":"Comunidade Ativa","Est. tempo de leitura":"4 minutos"},"schema":{"@context":"https:\/\/schema.org","@graph":[{"@type":"Article","@id":"https:\/\/www.comunidadeativa.jor.br\/index.php\/2021\/10\/15\/a-salvacao-do-planeta-esta-na-formacao-de-cidadaos-integros\/#article","isPartOf":{"@id":"https:\/\/www.comunidadeativa.jor.br\/index.php\/2021\/10\/15\/a-salvacao-do-planeta-esta-na-formacao-de-cidadaos-integros\/"},"author":{"name":"Comunidade Ativa","@id":"https:\/\/www.comunidadeativa.jor.br\/#\/schema\/person\/dcaa1f1c51c1f0c47a33b2b734cad6e1"},"headline":"A salva\u00e7\u00e3o do planeta est\u00e1 na forma\u00e7\u00e3o de cidad\u00e3os \u00edntegros","datePublished":"2021-10-15T20:06:06+00:00","dateModified":"2023-08-11T22:19:16+00:00","mainEntityOfPage":{"@id":"https:\/\/www.comunidadeativa.jor.br\/index.php\/2021\/10\/15\/a-salvacao-do-planeta-esta-na-formacao-de-cidadaos-integros\/"},"wordCount":851,"publisher":{"@id":"https:\/\/www.comunidadeativa.jor.br\/#organization"},"image":{"@id":"https:\/\/www.comunidadeativa.jor.br\/index.php\/2021\/10\/15\/a-salvacao-do-planeta-esta-na-formacao-de-cidadaos-integros\/#primaryimage"},"thumbnailUrl":"https:\/\/www.comunidadeativa.jor.br\/wp-content\/uploads\/2021\/10\/capa1.jpg","articleSection":["Meio Ambiente"],"inLanguage":"pt-BR"},{"@type":"WebPage","@id":"https:\/\/www.comunidadeativa.jor.br\/index.php\/2021\/10\/15\/a-salvacao-do-planeta-esta-na-formacao-de-cidadaos-integros\/","url":"https:\/\/www.comunidadeativa.jor.br\/index.php\/2021\/10\/15\/a-salvacao-do-planeta-esta-na-formacao-de-cidadaos-integros\/","name":"A salva\u00e7\u00e3o do planeta est\u00e1 na forma\u00e7\u00e3o de cidad\u00e3os \u00edntegros - Comunidade Ativa","isPartOf":{"@id":"https:\/\/www.comunidadeativa.jor.br\/#website"},"primaryImageOfPage":{"@id":"https:\/\/www.comunidadeativa.jor.br\/index.php\/2021\/10\/15\/a-salvacao-do-planeta-esta-na-formacao-de-cidadaos-integros\/#primaryimage"},"image":{"@id":"https:\/\/www.comunidadeativa.jor.br\/index.php\/2021\/10\/15\/a-salvacao-do-planeta-esta-na-formacao-de-cidadaos-integros\/#primaryimage"},"thumbnailUrl":"https:\/\/www.comunidadeativa.jor.br\/wp-content\/uploads\/2021\/10\/capa1.jpg","datePublished":"2021-10-15T20:06:06+00:00","dateModified":"2023-08-11T22:19:16+00:00","breadcrumb":{"@id":"https:\/\/www.comunidadeativa.jor.br\/index.php\/2021\/10\/15\/a-salvacao-do-planeta-esta-na-formacao-de-cidadaos-integros\/#breadcrumb"},"inLanguage":"pt-BR","potentialAction":[{"@type":"ReadAction","target":["https:\/\/www.comunidadeativa.jor.br\/index.php\/2021\/10\/15\/a-salvacao-do-planeta-esta-na-formacao-de-cidadaos-integros\/"]}]},{"@type":"ImageObject","inLanguage":"pt-BR","@id":"https:\/\/www.comunidadeativa.jor.br\/index.php\/2021\/10\/15\/a-salvacao-do-planeta-esta-na-formacao-de-cidadaos-integros\/#primaryimage","url":"https:\/\/www.comunidadeativa.jor.br\/wp-content\/uploads\/2021\/10\/capa1.jpg","contentUrl":"https:\/\/www.comunidadeativa.jor.br\/wp-content\/uploads\/2021\/10\/capa1.jpg","width":640,"height":352},{"@type":"BreadcrumbList","@id":"https:\/\/www.comunidadeativa.jor.br\/index.php\/2021\/10\/15\/a-salvacao-do-planeta-esta-na-formacao-de-cidadaos-integros\/#breadcrumb","itemListElement":[{"@type":"ListItem","position":1,"name":"In\u00edcio","item":"https:\/\/www.comunidadeativa.jor.br\/"},{"@type":"ListItem","position":2,"name":"A salva\u00e7\u00e3o do planeta est\u00e1 na forma\u00e7\u00e3o de cidad\u00e3os \u00edntegros"}]},{"@type":"WebSite","@id":"https:\/\/www.comunidadeativa.jor.br\/#website","url":"https:\/\/www.comunidadeativa.jor.br\/","name":"Comunidade Ativa","description":"","publisher":{"@id":"https:\/\/www.comunidadeativa.jor.br\/#organization"},"potentialAction":[{"@type":"SearchAction","target":{"@type":"EntryPoint","urlTemplate":"https:\/\/www.comunidadeativa.jor.br\/?s={search_term_string}"},"query-input":{"@type":"PropertyValueSpecification","valueRequired":true,"valueName":"search_term_string"}}],"inLanguage":"pt-BR"},{"@type":"Organization","@id":"https:\/\/www.comunidadeativa.jor.br\/#organization","name":"Comunidade Ativa","url":"https:\/\/www.comunidadeativa.jor.br\/","logo":{"@type":"ImageObject","inLanguage":"pt-BR","@id":"https:\/\/www.comunidadeativa.jor.br\/#\/schema\/logo\/image\/","url":"https:\/\/www.comunidadeativa.jor.br\/wp-content\/uploads\/2018\/03\/cropped-LOGOPNG-1.png","contentUrl":"https:\/\/www.comunidadeativa.jor.br\/wp-content\/uploads\/2018\/03\/cropped-LOGOPNG-1.png","width":318,"height":90,"caption":"Comunidade Ativa"},"image":{"@id":"https:\/\/www.comunidadeativa.jor.br\/#\/schema\/logo\/image\/"},"sameAs":["https:\/\/www.facebook.com\/comunidadeativa"]},{"@type":"Person","@id":"https:\/\/www.comunidadeativa.jor.br\/#\/schema\/person\/dcaa1f1c51c1f0c47a33b2b734cad6e1","name":"Comunidade Ativa","image":{"@type":"ImageObject","inLanguage":"pt-BR","@id":"https:\/\/www.comunidadeativa.jor.br\/#\/schema\/person\/image\/","url":"https:\/\/secure.gravatar.com\/avatar\/09a9a1f85fedf41e81b47f7c1d40084f?s=96&d=mm&r=g","contentUrl":"https:\/\/secure.gravatar.com\/avatar\/09a9a1f85fedf41e81b47f7c1d40084f?s=96&d=mm&r=g","caption":"Comunidade Ativa"},"url":"https:\/\/www.comunidadeativa.jor.br\/index.php\/author\/casalberto\/"}]}},"_links":{"self":[{"href":"https:\/\/www.comunidadeativa.jor.br\/index.php\/wp-json\/wp\/v2\/posts\/2588","targetHints":{"allow":["GET"]}}],"collection":[{"href":"https:\/\/www.comunidadeativa.jor.br\/index.php\/wp-json\/wp\/v2\/posts"}],"about":[{"href":"https:\/\/www.comunidadeativa.jor.br\/index.php\/wp-json\/wp\/v2\/types\/post"}],"author":[{"embeddable":true,"href":"https:\/\/www.comunidadeativa.jor.br\/index.php\/wp-json\/wp\/v2\/users\/1"}],"replies":[{"embeddable":true,"href":"https:\/\/www.comunidadeativa.jor.br\/index.php\/wp-json\/wp\/v2\/comments?post=2588"}],"version-history":[{"count":2,"href":"https:\/\/www.comunidadeativa.jor.br\/index.php\/wp-json\/wp\/v2\/posts\/2588\/revisions"}],"predecessor-version":[{"id":3927,"href":"https:\/\/www.comunidadeativa.jor.br\/index.php\/wp-json\/wp\/v2\/posts\/2588\/revisions\/3927"}],"wp:featuredmedia":[{"embeddable":true,"href":"https:\/\/www.comunidadeativa.jor.br\/index.php\/wp-json\/wp\/v2\/media\/2589"}],"wp:attachment":[{"href":"https:\/\/www.comunidadeativa.jor.br\/index.php\/wp-json\/wp\/v2\/media?parent=2588"}],"wp:term":[{"taxonomy":"category","embeddable":true,"href":"https:\/\/www.comunidadeativa.jor.br\/index.php\/wp-json\/wp\/v2\/categories?post=2588"},{"taxonomy":"post_tag","embeddable":true,"href":"https:\/\/www.comunidadeativa.jor.br\/index.php\/wp-json\/wp\/v2\/tags?post=2588"}],"curies":[{"name":"wp","href":"https:\/\/api.w.org\/{rel}","templated":true}]}}