{"id":2592,"date":"2021-10-18T17:17:29","date_gmt":"2021-10-18T20:17:29","guid":{"rendered":"https:\/\/www.comunidadeativa.jor.br\/?p=2592"},"modified":"2023-08-11T19:19:28","modified_gmt":"2023-08-11T22:19:28","slug":"uma-qualidade-necessaria-a-criatividade-deve-ser-estimulada-na-infancia","status":"publish","type":"post","link":"https:\/\/www.comunidadeativa.jor.br\/index.php\/2021\/10\/18\/uma-qualidade-necessaria-a-criatividade-deve-ser-estimulada-na-infancia\/","title":{"rendered":"Uma qualidade necess\u00e1ria, a criatividade deve ser estimulada na inf\u00e2ncia"},"content":{"rendered":"<p>Mais do que uma boa estrat\u00e9gia de educa\u00e7\u00e3o, estimular a criatividade das crian\u00e7as \u00e9 uma necessidade. Afinal, <a href=\"http:\/\/pepsic.bvsalud.org\/scielo.php?script=sci_arttext&amp;pid=S1415-711X2008000200014#1a\" target=\"_blank\" rel=\"noopener\">na vis\u00e3o do psicanalista ingl\u00eas Donald Wood Winnicott<\/a>, que se aprofundou no universo infantil, \u00e9 nessa etapa da vida que o potencial criativo atua na forma\u00e7\u00e3o de uma identidade pessoal que, por usa vez, dar\u00e1 origem a todas as demais realiza\u00e7\u00f5es do indiv\u00edduo no futuro.<\/p>\n<p>Portanto, a opini\u00e3o especializada reconhece que vale a pena investir em cursos e brinquedos que estimulem a criatividade infantil. Entretanto, <a href=\"https:\/\/theconversation.com\/how-to-nurture-creativity-in-your-kids-169127\" target=\"_blank\" rel=\"noopener\">em artigo no site The Conversation<\/a>, o pesquisador e professor de Psicologia Educacional <a href=\"https:\/\/theconversation.com\/profiles\/james-c-kaufman-222834\" target=\"_blank\" rel=\"noopener\">James Kaufman<\/a>, da Universidade de Connectitut, fez considera\u00e7\u00f5es importantes sobre outras medidas que podem ajudar a estimular a lado criativo na inf\u00e2ncia.<\/p>\n<p>Confira!<\/p>\n<h5>Cautela nas recompensas<\/h5>\n<p>Para Kaufman, a crian\u00e7a deve manifestar a criatividade em fun\u00e7\u00e3o da divers\u00e3o que possa surgir da experi\u00eancia criativa e n\u00e3o visando receber <a href=\"https:\/\/www.springer.com\/gp\/book\/9780306420221\">recompensas e elogios <\/a>. \u201cClaro, n\u00e3o estou dizendo que voc\u00ea n\u00e3o deva pregar a arte de seu filho na geladeira.\u00a0Mas, evite ser muito gen\u00e9rico (na maneira de recompensar a criatividade)\u201d, destaca.<\/p>\n<p>Ou seja, para o professor, em vez de elogiar uma cria\u00e7\u00e3o em sua caracter\u00edstica geral \u2014 como seria ao dizer \u201cque desenho bonito!\u201d \u2014, \u00e9 mais proveitoso <a href=\"https:\/\/doi.org\/10.1017\/9781316832134.028\">mencionar aspectos espec\u00edficos<\/a> da cria\u00e7\u00e3o \u2014 como algo do tipo \u201cvoc\u00ea usou cores muito legais nesse desenho!\u201d.<\/p>\n<p>O professor tamb\u00e9m recomenda que as recompensas sejam \u00fateis para a pr\u00f3pria criatividade.\u00a0\u201cPor exemplo, para uma crian\u00e7a que adora desenhar, dar a ela materiais que possam ser usados em seus desenhos \u00e9 um exemplo de recompensa que a\u00a0<a href=\"https:\/\/doi.org\/10.1017\/9781316979839.020\">ajudar\u00e1 a permanecer criativ<\/a>a\u201d, considera.<\/p>\n<p>Kaufman tamb\u00e9m aconselha dar recompensas para aquelas atividades que requerem a criatividade, mas que n\u00e3o d\u00e3o prazer \u00e0 crian\u00e7a. Por outro lado, o pesquisador ressalta que, se a crian\u00e7a j\u00e1 gosta daquilo faz, \u00e9 at\u00e9 poss\u00edvel que a recompensa ou os elogios que n\u00e3o sejam espec\u00edficos diminuam algum entusiasmo inicial.<\/p>\n<h5>Estimulo \u00e0 curiosidade e \u00e0s novas experi\u00eancias<\/h5>\n<p>De acordo com o professor, um <a href=\"https:\/\/doi.org\/10.1017\/9781316228036\">estudo conduzido por ele em associa\u00e7\u00e3o com outros pesquisadores <\/a>\u00a0constatou que pessoas abertas a novas experi\u00eancias costumam ser mais criativas do que aquelas mais fechadas.\u00a0\u201cMuitos pais t\u00eam filhos que\u00a0<a href=\"https:\/\/doi.org\/10.1016\/j.jrp.2014.07.004\">buscam<\/a>\u00a0naturalmente por\u00a0<a href=\"https:\/\/doi.org\/10.1016\/j.jrp.2014.07.004\">novidades<\/a>\u00a0, como comidas, atividades, jogos ou companheiros de brincadeira.\u00a0Nestes casos, simplesmente, continue a oferecer oportunidades e incentivo\u201d, aconselha.<\/p>\n<p>Por\u00e9m, para filhos mais reticentes, Kaufman considera oportuno oferecer op\u00e7\u00f5es de atividades que possam contribuir para que a crian\u00e7a se torne mais aberta \u2014 como, por exemplo, a sugest\u00e3o de\u00a0<a href=\"https:\/\/doi.org\/10.1037\/a0025918\">palavras cruzadas ou o sudoku<\/a>.\u00a0\u201cA inf\u00e2ncia e a adolesc\u00eancia s\u00e3o <a href=\"https:\/\/doi.org\/10.1037\/0033-2909.132.1.1\">per\u00edodos naturais para o desenvolvimento da abertura<\/a>. \u00a0Encorajar a curiosidade e o envolvimento intelectual \u00e9 uma maneira de alcan\u00e7ar isso\u201d, observa.<\/p>\n<p>Segundo o pesquisador, outros meios que podem ajudar a crian\u00e7a a ser mais aberta a novas experi\u00eancias seria incentiv\u00e1-la se arriscar em atividades que, normalmente, ela n\u00e3o buscaria \u2014 como as esportivas para uma crian\u00e7a menos atl\u00e9tica ou o aprendizado de um instrumento para aquela que n\u00e3o gosta tanto de m\u00fasica. \u201cMesmo varia\u00e7\u00f5es muito simples na rotina, seja tentando um novo trabalho ou um jogo de tabuleiro ou ajudando a preparar o jantar, podem ajudar a fazer com que as novidades sejam vistas como algo normal\u201d, ele diz.<\/p>\n<h5>Valorize a opini\u00e3o da crian\u00e7a<\/h5>\n<p>\u201cA maioria das pessoas j\u00e1 ouviu falar de <a href=\"https:\/\/rockcontent.com\/br\/blog\/brainstorming\/\" target=\"_blank\" rel=\"noopener\"><em>brainstorming<\/em><\/a> (tempestade cerebral) ou de outras atividades nas quais\u00a0<a href=\"https:\/\/www.sciencedirect.com\/topics\/psychology\/divergent-thinking\">muitas ideias diferentes s\u00e3o geradas<\/a>.\u00a0No entanto, \u00e9 igualmente importante ser capaz de\u00a0<a href=\"https:\/\/doi.org\/10.1207\/s15326934crj1803_13\">avaliar e de selecionar a melhor ideia de algu\u00e9m<\/a>\u201d, sugere Kaufman.<\/p>\n<p>Portanto, o professor considera necess\u00e1rio que a crian\u00e7a atue no processo de an\u00e1lise das ideias. \u201cSe o seu filho procurar sua opini\u00e3o, cuide para que a resposta seja dada <a href=\"https:\/\/doi.org\/10.1080\/10400410802391827\">\u00a0ap\u00f3s ele mesmo ter explorado<\/a> as ideias poss\u00edveis\u201d, sugere<\/p>\n<h5>Ensine a dosar a criatividade<\/h5>\n<p>Existem situa\u00e7\u00f5es na vida em que uma solu\u00e7\u00e3o objetiva \u00e9 mais apropriada do que uma criativa. Por exemplo, se o uma pia est\u00e1 entupida e a pessoa n\u00e3o tem um desentupidor, em vez de criar algum mecanismo mirabolante para eliminar o entupimento, o melhor \u00e9 comprar a ferramenta apropriada ou chamar um bombeiro.<\/p>\n<p>Em outras palavras, isso significa que ningu\u00e9m precisa ser criativo o tempo todo.<\/p>\n<p>Ocorre que, eventualmente, crian\u00e7as criativas podem querer extravasar a criatividade de forma inconveniente. Como, por exemplo, contestando professores ou expressando ideias de forma inoportuna, o que pode levar a problemas de disciplina e a notas baixas. Para casos assim, Kaufman considera necess\u00e1rio enfatizar para a crian\u00e7a que ela deve <a href=\"https:\/\/doi.org\/10.1080\/13598139.2014.905247\">compartilhar pensamentos que de fato sejam relevantes<\/a>\u00a0para o assunto que est\u00e1 sendo tratado em determinado momento.<\/p>\n<p>No caso em que a crian\u00e7a encontre bloqueios para a criatividade que gostaria de expressar \u2014 como o que pode surgir de um professor sem muita paci\u00eancia com crian\u00e7as criativas \u2014, o pesquisador sugere que ela seja incentivada a criar uma esp\u00e9cie de \u201carmaz\u00e9m de ideias\u201d. Pode ser um caderno onde o pequeno possa <a href=\"https:\/\/brill.com\/view\/book\/edcoll\/9789462091498\/BP000003.xml\">anotar seus pensamentos criativos<\/a>, reservando-os ali, at\u00e9 que possam ser compartilhados em uma situa\u00e7\u00e3o oportuna com o pr\u00f3prio professor ou com os pais.<\/p>\n<p>\u201cA criatividade tem uma s\u00e9rie de\u00a0benef\u00edcios\u00a0<a href=\"https:\/\/doi.org\/10.1037\/aca0000433\">acad\u00eamicos<\/a>\u00a0,\u00a0<a href=\"https:\/\/doi.org\/10.1111\/j.1744-6570.2001.tb00234.x\">profissionais<\/a>\u00a0e\u00a0<a href=\"https:\/\/doi.org\/10.1177\/1745691618771981\">pessoais<\/a>\u00a0.\u00a0Com alguns toques sutis, voc\u00ea pode ajudar seu filho a crescer e usar a imagina\u00e7\u00e3o o quanto quiser\u201d, conclui Kaufman.<\/p>\n<p>&nbsp;<\/p>\n<form style=\"padding-left: 80px;\" action=\"https:\/\/pagseguro.uol.com.br\/checkout\/v2\/donation.html\" method=\"post\">\n<hr \/>\n<\/form>\n<p>&nbsp;<\/p>\n<p><strong><em>Uma dica<\/em><\/strong><\/p>\n<p><em>Para mais informa\u00e7\u00f5es sobre os temas abordados nessa mat\u00e9ria, acesse os links dispon\u00edveis ao longo do texto. Eles remetem \u00e0s fontes utilizadas aqui.\u00a0<\/em><\/p>\n<p><em>Uma dica: os artigos fora da p\u00e1gina do Comunidade Ativa que n\u00e3o estiverem em portugu\u00eas podem ser traduzidos automaticamente pelo navegador pelo seu navegador. Pra isso, basta clicar com o bot\u00e3o direito em qualquer ponto do texto a ser traduzido e escolher a op\u00e7\u00e3o \u201cTraduzir para o portugu\u00eas\u201d.\u00a0<\/em><\/p>\n<p>&nbsp;<\/p>\n<p>&nbsp;<\/p>\n","protected":false},"excerpt":{"rendered":"<p>Mais do que uma boa estrat\u00e9gia de educa\u00e7\u00e3o, estimular a criatividade das crian\u00e7as \u00e9 uma necessidade. Afinal, na vis\u00e3o do<\/p>\n","protected":false},"author":1,"featured_media":2593,"comment_status":"closed","ping_status":"open","sticky":false,"template":"","format":"standard","meta":{"footnotes":""},"categories":[15],"tags":[],"class_list":["post-2592","post","type-post","status-publish","format-standard","has-post-thumbnail","hentry","category-cultura"],"yoast_head":"<!-- This site is optimized with the Yoast SEO plugin v26.0 - https:\/\/yoast.com\/wordpress\/plugins\/seo\/ -->\n<title>Uma qualidade necess\u00e1ria, a criatividade deve ser estimulada na inf\u00e2ncia - Comunidade Ativa<\/title>\n<meta name=\"robots\" content=\"index, follow, max-snippet:-1, max-image-preview:large, max-video-preview:-1\" \/>\n<link rel=\"canonical\" href=\"https:\/\/www.comunidadeativa.jor.br\/index.php\/2021\/10\/18\/uma-qualidade-necessaria-a-criatividade-deve-ser-estimulada-na-infancia\/\" \/>\n<meta property=\"og:locale\" content=\"pt_BR\" \/>\n<meta property=\"og:type\" content=\"article\" \/>\n<meta property=\"og:title\" content=\"Uma qualidade necess\u00e1ria, a criatividade deve ser estimulada na inf\u00e2ncia - Comunidade Ativa\" \/>\n<meta property=\"og:description\" content=\"Mais do que uma boa estrat\u00e9gia de educa\u00e7\u00e3o, estimular a criatividade das crian\u00e7as \u00e9 uma necessidade. Afinal, na vis\u00e3o do\" \/>\n<meta property=\"og:url\" content=\"https:\/\/www.comunidadeativa.jor.br\/index.php\/2021\/10\/18\/uma-qualidade-necessaria-a-criatividade-deve-ser-estimulada-na-infancia\/\" \/>\n<meta property=\"og:site_name\" content=\"Comunidade Ativa\" \/>\n<meta property=\"article:publisher\" content=\"https:\/\/www.facebook.com\/comunidadeativa\" \/>\n<meta property=\"article:published_time\" content=\"2021-10-18T20:17:29+00:00\" \/>\n<meta property=\"article:modified_time\" content=\"2023-08-11T22:19:28+00:00\" \/>\n<meta property=\"og:image\" content=\"https:\/\/www.comunidadeativa.jor.br\/wp-content\/uploads\/2021\/10\/capa1-1.jpg\" \/>\n\t<meta property=\"og:image:width\" content=\"640\" \/>\n\t<meta property=\"og:image:height\" content=\"352\" \/>\n\t<meta property=\"og:image:type\" content=\"image\/jpeg\" \/>\n<meta name=\"author\" content=\"Comunidade Ativa\" \/>\n<meta name=\"twitter:card\" content=\"summary_large_image\" \/>\n<meta name=\"twitter:label1\" content=\"Escrito por\" \/>\n\t<meta name=\"twitter:data1\" content=\"Comunidade Ativa\" \/>\n\t<meta name=\"twitter:label2\" content=\"Est. tempo de leitura\" \/>\n\t<meta name=\"twitter:data2\" content=\"5 minutos\" \/>\n<script type=\"application\/ld+json\" class=\"yoast-schema-graph\">{\"@context\":\"https:\/\/schema.org\",\"@graph\":[{\"@type\":\"Article\",\"@id\":\"https:\/\/www.comunidadeativa.jor.br\/index.php\/2021\/10\/18\/uma-qualidade-necessaria-a-criatividade-deve-ser-estimulada-na-infancia\/#article\",\"isPartOf\":{\"@id\":\"https:\/\/www.comunidadeativa.jor.br\/index.php\/2021\/10\/18\/uma-qualidade-necessaria-a-criatividade-deve-ser-estimulada-na-infancia\/\"},\"author\":{\"name\":\"Comunidade Ativa\",\"@id\":\"https:\/\/www.comunidadeativa.jor.br\/#\/schema\/person\/dcaa1f1c51c1f0c47a33b2b734cad6e1\"},\"headline\":\"Uma qualidade necess\u00e1ria, a criatividade deve ser estimulada na inf\u00e2ncia\",\"datePublished\":\"2021-10-18T20:17:29+00:00\",\"dateModified\":\"2023-08-11T22:19:28+00:00\",\"mainEntityOfPage\":{\"@id\":\"https:\/\/www.comunidadeativa.jor.br\/index.php\/2021\/10\/18\/uma-qualidade-necessaria-a-criatividade-deve-ser-estimulada-na-infancia\/\"},\"wordCount\":1020,\"publisher\":{\"@id\":\"https:\/\/www.comunidadeativa.jor.br\/#organization\"},\"image\":{\"@id\":\"https:\/\/www.comunidadeativa.jor.br\/index.php\/2021\/10\/18\/uma-qualidade-necessaria-a-criatividade-deve-ser-estimulada-na-infancia\/#primaryimage\"},\"thumbnailUrl\":\"https:\/\/www.comunidadeativa.jor.br\/wp-content\/uploads\/2021\/10\/capa1-1.jpg\",\"articleSection\":[\"Cultura\"],\"inLanguage\":\"pt-BR\"},{\"@type\":\"WebPage\",\"@id\":\"https:\/\/www.comunidadeativa.jor.br\/index.php\/2021\/10\/18\/uma-qualidade-necessaria-a-criatividade-deve-ser-estimulada-na-infancia\/\",\"url\":\"https:\/\/www.comunidadeativa.jor.br\/index.php\/2021\/10\/18\/uma-qualidade-necessaria-a-criatividade-deve-ser-estimulada-na-infancia\/\",\"name\":\"Uma qualidade necess\u00e1ria, a criatividade deve ser estimulada na inf\u00e2ncia - Comunidade Ativa\",\"isPartOf\":{\"@id\":\"https:\/\/www.comunidadeativa.jor.br\/#website\"},\"primaryImageOfPage\":{\"@id\":\"https:\/\/www.comunidadeativa.jor.br\/index.php\/2021\/10\/18\/uma-qualidade-necessaria-a-criatividade-deve-ser-estimulada-na-infancia\/#primaryimage\"},\"image\":{\"@id\":\"https:\/\/www.comunidadeativa.jor.br\/index.php\/2021\/10\/18\/uma-qualidade-necessaria-a-criatividade-deve-ser-estimulada-na-infancia\/#primaryimage\"},\"thumbnailUrl\":\"https:\/\/www.comunidadeativa.jor.br\/wp-content\/uploads\/2021\/10\/capa1-1.jpg\",\"datePublished\":\"2021-10-18T20:17:29+00:00\",\"dateModified\":\"2023-08-11T22:19:28+00:00\",\"breadcrumb\":{\"@id\":\"https:\/\/www.comunidadeativa.jor.br\/index.php\/2021\/10\/18\/uma-qualidade-necessaria-a-criatividade-deve-ser-estimulada-na-infancia\/#breadcrumb\"},\"inLanguage\":\"pt-BR\",\"potentialAction\":[{\"@type\":\"ReadAction\",\"target\":[\"https:\/\/www.comunidadeativa.jor.br\/index.php\/2021\/10\/18\/uma-qualidade-necessaria-a-criatividade-deve-ser-estimulada-na-infancia\/\"]}]},{\"@type\":\"ImageObject\",\"inLanguage\":\"pt-BR\",\"@id\":\"https:\/\/www.comunidadeativa.jor.br\/index.php\/2021\/10\/18\/uma-qualidade-necessaria-a-criatividade-deve-ser-estimulada-na-infancia\/#primaryimage\",\"url\":\"https:\/\/www.comunidadeativa.jor.br\/wp-content\/uploads\/2021\/10\/capa1-1.jpg\",\"contentUrl\":\"https:\/\/www.comunidadeativa.jor.br\/wp-content\/uploads\/2021\/10\/capa1-1.jpg\",\"width\":640,\"height\":352},{\"@type\":\"BreadcrumbList\",\"@id\":\"https:\/\/www.comunidadeativa.jor.br\/index.php\/2021\/10\/18\/uma-qualidade-necessaria-a-criatividade-deve-ser-estimulada-na-infancia\/#breadcrumb\",\"itemListElement\":[{\"@type\":\"ListItem\",\"position\":1,\"name\":\"In\u00edcio\",\"item\":\"https:\/\/www.comunidadeativa.jor.br\/\"},{\"@type\":\"ListItem\",\"position\":2,\"name\":\"Uma qualidade necess\u00e1ria, a criatividade deve ser estimulada na inf\u00e2ncia\"}]},{\"@type\":\"WebSite\",\"@id\":\"https:\/\/www.comunidadeativa.jor.br\/#website\",\"url\":\"https:\/\/www.comunidadeativa.jor.br\/\",\"name\":\"Comunidade Ativa\",\"description\":\"\",\"publisher\":{\"@id\":\"https:\/\/www.comunidadeativa.jor.br\/#organization\"},\"potentialAction\":[{\"@type\":\"SearchAction\",\"target\":{\"@type\":\"EntryPoint\",\"urlTemplate\":\"https:\/\/www.comunidadeativa.jor.br\/?s={search_term_string}\"},\"query-input\":{\"@type\":\"PropertyValueSpecification\",\"valueRequired\":true,\"valueName\":\"search_term_string\"}}],\"inLanguage\":\"pt-BR\"},{\"@type\":\"Organization\",\"@id\":\"https:\/\/www.comunidadeativa.jor.br\/#organization\",\"name\":\"Comunidade Ativa\",\"url\":\"https:\/\/www.comunidadeativa.jor.br\/\",\"logo\":{\"@type\":\"ImageObject\",\"inLanguage\":\"pt-BR\",\"@id\":\"https:\/\/www.comunidadeativa.jor.br\/#\/schema\/logo\/image\/\",\"url\":\"https:\/\/www.comunidadeativa.jor.br\/wp-content\/uploads\/2018\/03\/cropped-LOGOPNG-1.png\",\"contentUrl\":\"https:\/\/www.comunidadeativa.jor.br\/wp-content\/uploads\/2018\/03\/cropped-LOGOPNG-1.png\",\"width\":318,\"height\":90,\"caption\":\"Comunidade Ativa\"},\"image\":{\"@id\":\"https:\/\/www.comunidadeativa.jor.br\/#\/schema\/logo\/image\/\"},\"sameAs\":[\"https:\/\/www.facebook.com\/comunidadeativa\"]},{\"@type\":\"Person\",\"@id\":\"https:\/\/www.comunidadeativa.jor.br\/#\/schema\/person\/dcaa1f1c51c1f0c47a33b2b734cad6e1\",\"name\":\"Comunidade Ativa\",\"image\":{\"@type\":\"ImageObject\",\"inLanguage\":\"pt-BR\",\"@id\":\"https:\/\/www.comunidadeativa.jor.br\/#\/schema\/person\/image\/\",\"url\":\"https:\/\/secure.gravatar.com\/avatar\/09a9a1f85fedf41e81b47f7c1d40084f?s=96&d=mm&r=g\",\"contentUrl\":\"https:\/\/secure.gravatar.com\/avatar\/09a9a1f85fedf41e81b47f7c1d40084f?s=96&d=mm&r=g\",\"caption\":\"Comunidade Ativa\"},\"url\":\"https:\/\/www.comunidadeativa.jor.br\/index.php\/author\/casalberto\/\"}]}<\/script>\n<!-- \/ Yoast SEO plugin. -->","yoast_head_json":{"title":"Uma qualidade necess\u00e1ria, a criatividade deve ser estimulada na inf\u00e2ncia - Comunidade Ativa","robots":{"index":"index","follow":"follow","max-snippet":"max-snippet:-1","max-image-preview":"max-image-preview:large","max-video-preview":"max-video-preview:-1"},"canonical":"https:\/\/www.comunidadeativa.jor.br\/index.php\/2021\/10\/18\/uma-qualidade-necessaria-a-criatividade-deve-ser-estimulada-na-infancia\/","og_locale":"pt_BR","og_type":"article","og_title":"Uma qualidade necess\u00e1ria, a criatividade deve ser estimulada na inf\u00e2ncia - Comunidade Ativa","og_description":"Mais do que uma boa estrat\u00e9gia de educa\u00e7\u00e3o, estimular a criatividade das crian\u00e7as \u00e9 uma necessidade. Afinal, na vis\u00e3o do","og_url":"https:\/\/www.comunidadeativa.jor.br\/index.php\/2021\/10\/18\/uma-qualidade-necessaria-a-criatividade-deve-ser-estimulada-na-infancia\/","og_site_name":"Comunidade Ativa","article_publisher":"https:\/\/www.facebook.com\/comunidadeativa","article_published_time":"2021-10-18T20:17:29+00:00","article_modified_time":"2023-08-11T22:19:28+00:00","og_image":[{"width":640,"height":352,"url":"https:\/\/www.comunidadeativa.jor.br\/wp-content\/uploads\/2021\/10\/capa1-1.jpg","type":"image\/jpeg"}],"author":"Comunidade Ativa","twitter_card":"summary_large_image","twitter_misc":{"Escrito por":"Comunidade Ativa","Est. tempo de leitura":"5 minutos"},"schema":{"@context":"https:\/\/schema.org","@graph":[{"@type":"Article","@id":"https:\/\/www.comunidadeativa.jor.br\/index.php\/2021\/10\/18\/uma-qualidade-necessaria-a-criatividade-deve-ser-estimulada-na-infancia\/#article","isPartOf":{"@id":"https:\/\/www.comunidadeativa.jor.br\/index.php\/2021\/10\/18\/uma-qualidade-necessaria-a-criatividade-deve-ser-estimulada-na-infancia\/"},"author":{"name":"Comunidade Ativa","@id":"https:\/\/www.comunidadeativa.jor.br\/#\/schema\/person\/dcaa1f1c51c1f0c47a33b2b734cad6e1"},"headline":"Uma qualidade necess\u00e1ria, a criatividade deve ser estimulada na inf\u00e2ncia","datePublished":"2021-10-18T20:17:29+00:00","dateModified":"2023-08-11T22:19:28+00:00","mainEntityOfPage":{"@id":"https:\/\/www.comunidadeativa.jor.br\/index.php\/2021\/10\/18\/uma-qualidade-necessaria-a-criatividade-deve-ser-estimulada-na-infancia\/"},"wordCount":1020,"publisher":{"@id":"https:\/\/www.comunidadeativa.jor.br\/#organization"},"image":{"@id":"https:\/\/www.comunidadeativa.jor.br\/index.php\/2021\/10\/18\/uma-qualidade-necessaria-a-criatividade-deve-ser-estimulada-na-infancia\/#primaryimage"},"thumbnailUrl":"https:\/\/www.comunidadeativa.jor.br\/wp-content\/uploads\/2021\/10\/capa1-1.jpg","articleSection":["Cultura"],"inLanguage":"pt-BR"},{"@type":"WebPage","@id":"https:\/\/www.comunidadeativa.jor.br\/index.php\/2021\/10\/18\/uma-qualidade-necessaria-a-criatividade-deve-ser-estimulada-na-infancia\/","url":"https:\/\/www.comunidadeativa.jor.br\/index.php\/2021\/10\/18\/uma-qualidade-necessaria-a-criatividade-deve-ser-estimulada-na-infancia\/","name":"Uma qualidade necess\u00e1ria, a criatividade deve ser estimulada na inf\u00e2ncia - Comunidade Ativa","isPartOf":{"@id":"https:\/\/www.comunidadeativa.jor.br\/#website"},"primaryImageOfPage":{"@id":"https:\/\/www.comunidadeativa.jor.br\/index.php\/2021\/10\/18\/uma-qualidade-necessaria-a-criatividade-deve-ser-estimulada-na-infancia\/#primaryimage"},"image":{"@id":"https:\/\/www.comunidadeativa.jor.br\/index.php\/2021\/10\/18\/uma-qualidade-necessaria-a-criatividade-deve-ser-estimulada-na-infancia\/#primaryimage"},"thumbnailUrl":"https:\/\/www.comunidadeativa.jor.br\/wp-content\/uploads\/2021\/10\/capa1-1.jpg","datePublished":"2021-10-18T20:17:29+00:00","dateModified":"2023-08-11T22:19:28+00:00","breadcrumb":{"@id":"https:\/\/www.comunidadeativa.jor.br\/index.php\/2021\/10\/18\/uma-qualidade-necessaria-a-criatividade-deve-ser-estimulada-na-infancia\/#breadcrumb"},"inLanguage":"pt-BR","potentialAction":[{"@type":"ReadAction","target":["https:\/\/www.comunidadeativa.jor.br\/index.php\/2021\/10\/18\/uma-qualidade-necessaria-a-criatividade-deve-ser-estimulada-na-infancia\/"]}]},{"@type":"ImageObject","inLanguage":"pt-BR","@id":"https:\/\/www.comunidadeativa.jor.br\/index.php\/2021\/10\/18\/uma-qualidade-necessaria-a-criatividade-deve-ser-estimulada-na-infancia\/#primaryimage","url":"https:\/\/www.comunidadeativa.jor.br\/wp-content\/uploads\/2021\/10\/capa1-1.jpg","contentUrl":"https:\/\/www.comunidadeativa.jor.br\/wp-content\/uploads\/2021\/10\/capa1-1.jpg","width":640,"height":352},{"@type":"BreadcrumbList","@id":"https:\/\/www.comunidadeativa.jor.br\/index.php\/2021\/10\/18\/uma-qualidade-necessaria-a-criatividade-deve-ser-estimulada-na-infancia\/#breadcrumb","itemListElement":[{"@type":"ListItem","position":1,"name":"In\u00edcio","item":"https:\/\/www.comunidadeativa.jor.br\/"},{"@type":"ListItem","position":2,"name":"Uma qualidade necess\u00e1ria, a criatividade deve ser estimulada na inf\u00e2ncia"}]},{"@type":"WebSite","@id":"https:\/\/www.comunidadeativa.jor.br\/#website","url":"https:\/\/www.comunidadeativa.jor.br\/","name":"Comunidade Ativa","description":"","publisher":{"@id":"https:\/\/www.comunidadeativa.jor.br\/#organization"},"potentialAction":[{"@type":"SearchAction","target":{"@type":"EntryPoint","urlTemplate":"https:\/\/www.comunidadeativa.jor.br\/?s={search_term_string}"},"query-input":{"@type":"PropertyValueSpecification","valueRequired":true,"valueName":"search_term_string"}}],"inLanguage":"pt-BR"},{"@type":"Organization","@id":"https:\/\/www.comunidadeativa.jor.br\/#organization","name":"Comunidade Ativa","url":"https:\/\/www.comunidadeativa.jor.br\/","logo":{"@type":"ImageObject","inLanguage":"pt-BR","@id":"https:\/\/www.comunidadeativa.jor.br\/#\/schema\/logo\/image\/","url":"https:\/\/www.comunidadeativa.jor.br\/wp-content\/uploads\/2018\/03\/cropped-LOGOPNG-1.png","contentUrl":"https:\/\/www.comunidadeativa.jor.br\/wp-content\/uploads\/2018\/03\/cropped-LOGOPNG-1.png","width":318,"height":90,"caption":"Comunidade Ativa"},"image":{"@id":"https:\/\/www.comunidadeativa.jor.br\/#\/schema\/logo\/image\/"},"sameAs":["https:\/\/www.facebook.com\/comunidadeativa"]},{"@type":"Person","@id":"https:\/\/www.comunidadeativa.jor.br\/#\/schema\/person\/dcaa1f1c51c1f0c47a33b2b734cad6e1","name":"Comunidade Ativa","image":{"@type":"ImageObject","inLanguage":"pt-BR","@id":"https:\/\/www.comunidadeativa.jor.br\/#\/schema\/person\/image\/","url":"https:\/\/secure.gravatar.com\/avatar\/09a9a1f85fedf41e81b47f7c1d40084f?s=96&d=mm&r=g","contentUrl":"https:\/\/secure.gravatar.com\/avatar\/09a9a1f85fedf41e81b47f7c1d40084f?s=96&d=mm&r=g","caption":"Comunidade Ativa"},"url":"https:\/\/www.comunidadeativa.jor.br\/index.php\/author\/casalberto\/"}]}},"_links":{"self":[{"href":"https:\/\/www.comunidadeativa.jor.br\/index.php\/wp-json\/wp\/v2\/posts\/2592","targetHints":{"allow":["GET"]}}],"collection":[{"href":"https:\/\/www.comunidadeativa.jor.br\/index.php\/wp-json\/wp\/v2\/posts"}],"about":[{"href":"https:\/\/www.comunidadeativa.jor.br\/index.php\/wp-json\/wp\/v2\/types\/post"}],"author":[{"embeddable":true,"href":"https:\/\/www.comunidadeativa.jor.br\/index.php\/wp-json\/wp\/v2\/users\/1"}],"replies":[{"embeddable":true,"href":"https:\/\/www.comunidadeativa.jor.br\/index.php\/wp-json\/wp\/v2\/comments?post=2592"}],"version-history":[{"count":2,"href":"https:\/\/www.comunidadeativa.jor.br\/index.php\/wp-json\/wp\/v2\/posts\/2592\/revisions"}],"predecessor-version":[{"id":3928,"href":"https:\/\/www.comunidadeativa.jor.br\/index.php\/wp-json\/wp\/v2\/posts\/2592\/revisions\/3928"}],"wp:featuredmedia":[{"embeddable":true,"href":"https:\/\/www.comunidadeativa.jor.br\/index.php\/wp-json\/wp\/v2\/media\/2593"}],"wp:attachment":[{"href":"https:\/\/www.comunidadeativa.jor.br\/index.php\/wp-json\/wp\/v2\/media?parent=2592"}],"wp:term":[{"taxonomy":"category","embeddable":true,"href":"https:\/\/www.comunidadeativa.jor.br\/index.php\/wp-json\/wp\/v2\/categories?post=2592"},{"taxonomy":"post_tag","embeddable":true,"href":"https:\/\/www.comunidadeativa.jor.br\/index.php\/wp-json\/wp\/v2\/tags?post=2592"}],"curies":[{"name":"wp","href":"https:\/\/api.w.org\/{rel}","templated":true}]}}