{"id":2602,"date":"2021-10-21T12:43:35","date_gmt":"2021-10-21T15:43:35","guid":{"rendered":"https:\/\/www.comunidadeativa.jor.br\/?p=2602"},"modified":"2023-08-11T19:19:47","modified_gmt":"2023-08-11T22:19:47","slug":"acordo-entre-pbh-e-icmbio-preve-plantio-de-mais-de-10-mil-mudas-da-mata-atlantica-na-capital","status":"publish","type":"post","link":"https:\/\/www.comunidadeativa.jor.br\/index.php\/2021\/10\/21\/acordo-entre-pbh-e-icmbio-preve-plantio-de-mais-de-10-mil-mudas-da-mata-atlantica-na-capital\/","title":{"rendered":"Acordo entre PBH e ICMBio prev\u00ea plantio de mais de 10 mil mudas da Mata Atl\u00e2ntica na capital"},"content":{"rendered":"<p>Ap\u00f3s um longo per\u00edodo de intensa supress\u00e3o de \u00e1rvores na capital, que n\u00e3o foi seguida de plantio com a mesma intensidade, uma boa not\u00edcia. A Secretaria Municipal de Meio Ambiente (SMMA) firmou um novo acordo com o Instituto Chico Mendes de Conserva\u00e7\u00e3o da Biodiversidade (ICMBio), que visa plantar mais de 10 mil mudas de esp\u00e9cies nativas da Mata Atl\u00e2ntica na capital, como parte do Projeto Montes Verdes.<\/p>\n<p>O projeto foi iniciado em 2016 com a sele\u00e7\u00e3o de \u00e1reas aptas a receber plantios, visando \u00e0 recupera\u00e7\u00e3o ambiental. Durante o processo, foi identificada a escassez de algumas esp\u00e9cies vegetais t\u00edpicas de florestas naturais pr\u00f3ximas a Belo Horizonte. A partir dali, a proposta passou a ser identificar, catalogar, caracterizar e propor planos de revegeta\u00e7\u00e3o de \u00e1reas degradadas existentes na cidade.<\/p>\n<h5>Foco inicial nas \u00e1reas p\u00fablicas<\/h5>\n<p>Os primeiros locais de aten\u00e7\u00e3o foram as \u00e1reas p\u00fablicas do munic\u00edpio, onde o levantamento foi realizado por funcion\u00e1rios da pr\u00f3pria Prefeitura Municipal de Belo Horizonte (PBH) e custeado por doa\u00e7\u00f5es e recursos advindos das compensa\u00e7\u00f5es do licenciamento ambiental. De acordo com a SMMA, o objetivo final do projeto \u00e9 de chegar a um modelo que permita induzir e revegetar \u00e1reas verdes ou de preserva\u00e7\u00e3o permanente (APPs), entre outras na cidade, fazendo isso de modo eficaz, desburocratizado e com baixo custo.<\/p>\n<p>A partir da\u00ed ser\u00e1 poss\u00edvel replicar o modelo em outros espa\u00e7os da capital.<\/p>\n<h5>Mercado escasso<\/h5>\n<p>Segundo a SMMA, para que uma \u00e1rea de Mata Atl\u00e2ntica seja recuperada s\u00e3o necess\u00e1rias mais de 80 esp\u00e9cies vegetais, variedade que \u00e9 dif\u00edcil de encontrar no mercado. Produzidas na Floresta Nacional de Passa Quatro, no Sul de Minas, que \u00e9 administrada pelo ICMBio, as mudas que ser\u00e3o recebidas viabilizar\u00e3o o projeto em Belo Horizonte.<\/p>\n<p>\u201cEste \u00e9 o segundo acordo que firmamos com Floresta Passa Quatro\/ICMBio, fruto do sucesso do primeiro acordo. O que torna este acordo ben\u00e9fico \u00e9 a alta capacita\u00e7\u00e3o da equipe do ICMBio, bem como a possibilidade de produzirmos mudas de esp\u00e9cies nativas com baixo custo a partir de sementes coletadas em Belo Horizonte, muitas delas de pouco interesse comercial, dificultando sua compra no mercado. As 10 mil mudas ser\u00e3o utilizadas em projetos de plantio j\u00e1 em andamento em Belo Horizonte, como o Projeto Montes Verdes, j\u00e1 no per\u00edodo chuvoso do pr\u00f3ximo ano\u201d, destaca o secret\u00e1rio de Meio Ambiente, Mario Werneck.<\/p>\n<p>Fica a expectativa de que a extens\u00e3o desse projeto tamb\u00e9m chegue \u00e0s ruas da cidade, que est\u00e3o muito carentes de uma vegeta\u00e7\u00e3o adequada.<\/p>\n<form style=\"padding-left: 80px;\" action=\"https:\/\/pagseguro.uol.com.br\/checkout\/v2\/donation.html\" method=\"post\">\n<hr \/>\n<\/form>\n<p>&nbsp;<\/p>\n","protected":false},"excerpt":{"rendered":"<p>Ap\u00f3s um longo per\u00edodo de intensa supress\u00e3o de \u00e1rvores na capital, que n\u00e3o foi seguida de plantio com a mesma<\/p>\n","protected":false},"author":1,"featured_media":2603,"comment_status":"closed","ping_status":"open","sticky":false,"template":"","format":"standard","meta":{"footnotes":""},"categories":[3],"tags":[],"class_list":["post-2602","post","type-post","status-publish","format-standard","has-post-thumbnail","hentry","category-meio-ambiente"],"yoast_head":"<!-- This site is optimized with the Yoast SEO plugin v26.0 - https:\/\/yoast.com\/wordpress\/plugins\/seo\/ -->\n<title>Acordo entre PBH e ICMBio prev\u00ea plantio de mais de 10 mil mudas da Mata Atl\u00e2ntica na capital - Comunidade Ativa<\/title>\n<meta name=\"robots\" content=\"index, follow, max-snippet:-1, max-image-preview:large, max-video-preview:-1\" \/>\n<link rel=\"canonical\" href=\"https:\/\/www.comunidadeativa.jor.br\/index.php\/2021\/10\/21\/acordo-entre-pbh-e-icmbio-preve-plantio-de-mais-de-10-mil-mudas-da-mata-atlantica-na-capital\/\" \/>\n<meta property=\"og:locale\" content=\"pt_BR\" \/>\n<meta property=\"og:type\" content=\"article\" \/>\n<meta property=\"og:title\" content=\"Acordo entre PBH e ICMBio prev\u00ea plantio de mais de 10 mil mudas da Mata Atl\u00e2ntica na capital - Comunidade Ativa\" \/>\n<meta property=\"og:description\" content=\"Ap\u00f3s um longo per\u00edodo de intensa supress\u00e3o de \u00e1rvores na capital, que n\u00e3o foi seguida de plantio com a mesma\" \/>\n<meta property=\"og:url\" content=\"https:\/\/www.comunidadeativa.jor.br\/index.php\/2021\/10\/21\/acordo-entre-pbh-e-icmbio-preve-plantio-de-mais-de-10-mil-mudas-da-mata-atlantica-na-capital\/\" \/>\n<meta property=\"og:site_name\" content=\"Comunidade Ativa\" \/>\n<meta property=\"article:publisher\" content=\"https:\/\/www.facebook.com\/comunidadeativa\" \/>\n<meta property=\"article:published_time\" content=\"2021-10-21T15:43:35+00:00\" \/>\n<meta property=\"article:modified_time\" content=\"2023-08-11T22:19:47+00:00\" \/>\n<meta property=\"og:image\" content=\"https:\/\/www.comunidadeativa.jor.br\/wp-content\/uploads\/2021\/10\/capa-10.jpg\" \/>\n\t<meta property=\"og:image:width\" content=\"640\" \/>\n\t<meta property=\"og:image:height\" content=\"352\" \/>\n\t<meta property=\"og:image:type\" content=\"image\/jpeg\" \/>\n<meta name=\"author\" content=\"Comunidade Ativa\" \/>\n<meta name=\"twitter:card\" content=\"summary_large_image\" \/>\n<meta name=\"twitter:label1\" content=\"Escrito por\" \/>\n\t<meta name=\"twitter:data1\" content=\"Comunidade Ativa\" \/>\n\t<meta name=\"twitter:label2\" content=\"Est. tempo de leitura\" \/>\n\t<meta name=\"twitter:data2\" content=\"2 minutos\" \/>\n<script type=\"application\/ld+json\" class=\"yoast-schema-graph\">{\"@context\":\"https:\/\/schema.org\",\"@graph\":[{\"@type\":\"Article\",\"@id\":\"https:\/\/www.comunidadeativa.jor.br\/index.php\/2021\/10\/21\/acordo-entre-pbh-e-icmbio-preve-plantio-de-mais-de-10-mil-mudas-da-mata-atlantica-na-capital\/#article\",\"isPartOf\":{\"@id\":\"https:\/\/www.comunidadeativa.jor.br\/index.php\/2021\/10\/21\/acordo-entre-pbh-e-icmbio-preve-plantio-de-mais-de-10-mil-mudas-da-mata-atlantica-na-capital\/\"},\"author\":{\"name\":\"Comunidade Ativa\",\"@id\":\"https:\/\/www.comunidadeativa.jor.br\/#\/schema\/person\/dcaa1f1c51c1f0c47a33b2b734cad6e1\"},\"headline\":\"Acordo entre PBH e ICMBio prev\u00ea plantio de mais de 10 mil mudas da Mata Atl\u00e2ntica na capital\",\"datePublished\":\"2021-10-21T15:43:35+00:00\",\"dateModified\":\"2023-08-11T22:19:47+00:00\",\"mainEntityOfPage\":{\"@id\":\"https:\/\/www.comunidadeativa.jor.br\/index.php\/2021\/10\/21\/acordo-entre-pbh-e-icmbio-preve-plantio-de-mais-de-10-mil-mudas-da-mata-atlantica-na-capital\/\"},\"wordCount\":456,\"publisher\":{\"@id\":\"https:\/\/www.comunidadeativa.jor.br\/#organization\"},\"image\":{\"@id\":\"https:\/\/www.comunidadeativa.jor.br\/index.php\/2021\/10\/21\/acordo-entre-pbh-e-icmbio-preve-plantio-de-mais-de-10-mil-mudas-da-mata-atlantica-na-capital\/#primaryimage\"},\"thumbnailUrl\":\"https:\/\/www.comunidadeativa.jor.br\/wp-content\/uploads\/2021\/10\/capa-10.jpg\",\"articleSection\":[\"Meio Ambiente\"],\"inLanguage\":\"pt-BR\"},{\"@type\":\"WebPage\",\"@id\":\"https:\/\/www.comunidadeativa.jor.br\/index.php\/2021\/10\/21\/acordo-entre-pbh-e-icmbio-preve-plantio-de-mais-de-10-mil-mudas-da-mata-atlantica-na-capital\/\",\"url\":\"https:\/\/www.comunidadeativa.jor.br\/index.php\/2021\/10\/21\/acordo-entre-pbh-e-icmbio-preve-plantio-de-mais-de-10-mil-mudas-da-mata-atlantica-na-capital\/\",\"name\":\"Acordo entre PBH e ICMBio prev\u00ea plantio de mais de 10 mil mudas da Mata Atl\u00e2ntica na capital - Comunidade Ativa\",\"isPartOf\":{\"@id\":\"https:\/\/www.comunidadeativa.jor.br\/#website\"},\"primaryImageOfPage\":{\"@id\":\"https:\/\/www.comunidadeativa.jor.br\/index.php\/2021\/10\/21\/acordo-entre-pbh-e-icmbio-preve-plantio-de-mais-de-10-mil-mudas-da-mata-atlantica-na-capital\/#primaryimage\"},\"image\":{\"@id\":\"https:\/\/www.comunidadeativa.jor.br\/index.php\/2021\/10\/21\/acordo-entre-pbh-e-icmbio-preve-plantio-de-mais-de-10-mil-mudas-da-mata-atlantica-na-capital\/#primaryimage\"},\"thumbnailUrl\":\"https:\/\/www.comunidadeativa.jor.br\/wp-content\/uploads\/2021\/10\/capa-10.jpg\",\"datePublished\":\"2021-10-21T15:43:35+00:00\",\"dateModified\":\"2023-08-11T22:19:47+00:00\",\"breadcrumb\":{\"@id\":\"https:\/\/www.comunidadeativa.jor.br\/index.php\/2021\/10\/21\/acordo-entre-pbh-e-icmbio-preve-plantio-de-mais-de-10-mil-mudas-da-mata-atlantica-na-capital\/#breadcrumb\"},\"inLanguage\":\"pt-BR\",\"potentialAction\":[{\"@type\":\"ReadAction\",\"target\":[\"https:\/\/www.comunidadeativa.jor.br\/index.php\/2021\/10\/21\/acordo-entre-pbh-e-icmbio-preve-plantio-de-mais-de-10-mil-mudas-da-mata-atlantica-na-capital\/\"]}]},{\"@type\":\"ImageObject\",\"inLanguage\":\"pt-BR\",\"@id\":\"https:\/\/www.comunidadeativa.jor.br\/index.php\/2021\/10\/21\/acordo-entre-pbh-e-icmbio-preve-plantio-de-mais-de-10-mil-mudas-da-mata-atlantica-na-capital\/#primaryimage\",\"url\":\"https:\/\/www.comunidadeativa.jor.br\/wp-content\/uploads\/2021\/10\/capa-10.jpg\",\"contentUrl\":\"https:\/\/www.comunidadeativa.jor.br\/wp-content\/uploads\/2021\/10\/capa-10.jpg\",\"width\":640,\"height\":352},{\"@type\":\"BreadcrumbList\",\"@id\":\"https:\/\/www.comunidadeativa.jor.br\/index.php\/2021\/10\/21\/acordo-entre-pbh-e-icmbio-preve-plantio-de-mais-de-10-mil-mudas-da-mata-atlantica-na-capital\/#breadcrumb\",\"itemListElement\":[{\"@type\":\"ListItem\",\"position\":1,\"name\":\"In\u00edcio\",\"item\":\"https:\/\/www.comunidadeativa.jor.br\/\"},{\"@type\":\"ListItem\",\"position\":2,\"name\":\"Acordo entre PBH e ICMBio prev\u00ea plantio de mais de 10 mil mudas da Mata Atl\u00e2ntica na capital\"}]},{\"@type\":\"WebSite\",\"@id\":\"https:\/\/www.comunidadeativa.jor.br\/#website\",\"url\":\"https:\/\/www.comunidadeativa.jor.br\/\",\"name\":\"Comunidade Ativa\",\"description\":\"\",\"publisher\":{\"@id\":\"https:\/\/www.comunidadeativa.jor.br\/#organization\"},\"potentialAction\":[{\"@type\":\"SearchAction\",\"target\":{\"@type\":\"EntryPoint\",\"urlTemplate\":\"https:\/\/www.comunidadeativa.jor.br\/?s={search_term_string}\"},\"query-input\":{\"@type\":\"PropertyValueSpecification\",\"valueRequired\":true,\"valueName\":\"search_term_string\"}}],\"inLanguage\":\"pt-BR\"},{\"@type\":\"Organization\",\"@id\":\"https:\/\/www.comunidadeativa.jor.br\/#organization\",\"name\":\"Comunidade Ativa\",\"url\":\"https:\/\/www.comunidadeativa.jor.br\/\",\"logo\":{\"@type\":\"ImageObject\",\"inLanguage\":\"pt-BR\",\"@id\":\"https:\/\/www.comunidadeativa.jor.br\/#\/schema\/logo\/image\/\",\"url\":\"https:\/\/www.comunidadeativa.jor.br\/wp-content\/uploads\/2018\/03\/cropped-LOGOPNG-1.png\",\"contentUrl\":\"https:\/\/www.comunidadeativa.jor.br\/wp-content\/uploads\/2018\/03\/cropped-LOGOPNG-1.png\",\"width\":318,\"height\":90,\"caption\":\"Comunidade Ativa\"},\"image\":{\"@id\":\"https:\/\/www.comunidadeativa.jor.br\/#\/schema\/logo\/image\/\"},\"sameAs\":[\"https:\/\/www.facebook.com\/comunidadeativa\"]},{\"@type\":\"Person\",\"@id\":\"https:\/\/www.comunidadeativa.jor.br\/#\/schema\/person\/dcaa1f1c51c1f0c47a33b2b734cad6e1\",\"name\":\"Comunidade Ativa\",\"image\":{\"@type\":\"ImageObject\",\"inLanguage\":\"pt-BR\",\"@id\":\"https:\/\/www.comunidadeativa.jor.br\/#\/schema\/person\/image\/\",\"url\":\"https:\/\/secure.gravatar.com\/avatar\/09a9a1f85fedf41e81b47f7c1d40084f?s=96&d=mm&r=g\",\"contentUrl\":\"https:\/\/secure.gravatar.com\/avatar\/09a9a1f85fedf41e81b47f7c1d40084f?s=96&d=mm&r=g\",\"caption\":\"Comunidade Ativa\"},\"url\":\"https:\/\/www.comunidadeativa.jor.br\/index.php\/author\/casalberto\/\"}]}<\/script>\n<!-- \/ Yoast SEO plugin. -->","yoast_head_json":{"title":"Acordo entre PBH e ICMBio prev\u00ea plantio de mais de 10 mil mudas da Mata Atl\u00e2ntica na capital - Comunidade Ativa","robots":{"index":"index","follow":"follow","max-snippet":"max-snippet:-1","max-image-preview":"max-image-preview:large","max-video-preview":"max-video-preview:-1"},"canonical":"https:\/\/www.comunidadeativa.jor.br\/index.php\/2021\/10\/21\/acordo-entre-pbh-e-icmbio-preve-plantio-de-mais-de-10-mil-mudas-da-mata-atlantica-na-capital\/","og_locale":"pt_BR","og_type":"article","og_title":"Acordo entre PBH e ICMBio prev\u00ea plantio de mais de 10 mil mudas da Mata Atl\u00e2ntica na capital - Comunidade Ativa","og_description":"Ap\u00f3s um longo per\u00edodo de intensa supress\u00e3o de \u00e1rvores na capital, que n\u00e3o foi seguida de plantio com a mesma","og_url":"https:\/\/www.comunidadeativa.jor.br\/index.php\/2021\/10\/21\/acordo-entre-pbh-e-icmbio-preve-plantio-de-mais-de-10-mil-mudas-da-mata-atlantica-na-capital\/","og_site_name":"Comunidade Ativa","article_publisher":"https:\/\/www.facebook.com\/comunidadeativa","article_published_time":"2021-10-21T15:43:35+00:00","article_modified_time":"2023-08-11T22:19:47+00:00","og_image":[{"width":640,"height":352,"url":"https:\/\/www.comunidadeativa.jor.br\/wp-content\/uploads\/2021\/10\/capa-10.jpg","type":"image\/jpeg"}],"author":"Comunidade Ativa","twitter_card":"summary_large_image","twitter_misc":{"Escrito por":"Comunidade Ativa","Est. tempo de leitura":"2 minutos"},"schema":{"@context":"https:\/\/schema.org","@graph":[{"@type":"Article","@id":"https:\/\/www.comunidadeativa.jor.br\/index.php\/2021\/10\/21\/acordo-entre-pbh-e-icmbio-preve-plantio-de-mais-de-10-mil-mudas-da-mata-atlantica-na-capital\/#article","isPartOf":{"@id":"https:\/\/www.comunidadeativa.jor.br\/index.php\/2021\/10\/21\/acordo-entre-pbh-e-icmbio-preve-plantio-de-mais-de-10-mil-mudas-da-mata-atlantica-na-capital\/"},"author":{"name":"Comunidade Ativa","@id":"https:\/\/www.comunidadeativa.jor.br\/#\/schema\/person\/dcaa1f1c51c1f0c47a33b2b734cad6e1"},"headline":"Acordo entre PBH e ICMBio prev\u00ea plantio de mais de 10 mil mudas da Mata Atl\u00e2ntica na capital","datePublished":"2021-10-21T15:43:35+00:00","dateModified":"2023-08-11T22:19:47+00:00","mainEntityOfPage":{"@id":"https:\/\/www.comunidadeativa.jor.br\/index.php\/2021\/10\/21\/acordo-entre-pbh-e-icmbio-preve-plantio-de-mais-de-10-mil-mudas-da-mata-atlantica-na-capital\/"},"wordCount":456,"publisher":{"@id":"https:\/\/www.comunidadeativa.jor.br\/#organization"},"image":{"@id":"https:\/\/www.comunidadeativa.jor.br\/index.php\/2021\/10\/21\/acordo-entre-pbh-e-icmbio-preve-plantio-de-mais-de-10-mil-mudas-da-mata-atlantica-na-capital\/#primaryimage"},"thumbnailUrl":"https:\/\/www.comunidadeativa.jor.br\/wp-content\/uploads\/2021\/10\/capa-10.jpg","articleSection":["Meio Ambiente"],"inLanguage":"pt-BR"},{"@type":"WebPage","@id":"https:\/\/www.comunidadeativa.jor.br\/index.php\/2021\/10\/21\/acordo-entre-pbh-e-icmbio-preve-plantio-de-mais-de-10-mil-mudas-da-mata-atlantica-na-capital\/","url":"https:\/\/www.comunidadeativa.jor.br\/index.php\/2021\/10\/21\/acordo-entre-pbh-e-icmbio-preve-plantio-de-mais-de-10-mil-mudas-da-mata-atlantica-na-capital\/","name":"Acordo entre PBH e ICMBio prev\u00ea plantio de mais de 10 mil mudas da Mata Atl\u00e2ntica na capital - Comunidade Ativa","isPartOf":{"@id":"https:\/\/www.comunidadeativa.jor.br\/#website"},"primaryImageOfPage":{"@id":"https:\/\/www.comunidadeativa.jor.br\/index.php\/2021\/10\/21\/acordo-entre-pbh-e-icmbio-preve-plantio-de-mais-de-10-mil-mudas-da-mata-atlantica-na-capital\/#primaryimage"},"image":{"@id":"https:\/\/www.comunidadeativa.jor.br\/index.php\/2021\/10\/21\/acordo-entre-pbh-e-icmbio-preve-plantio-de-mais-de-10-mil-mudas-da-mata-atlantica-na-capital\/#primaryimage"},"thumbnailUrl":"https:\/\/www.comunidadeativa.jor.br\/wp-content\/uploads\/2021\/10\/capa-10.jpg","datePublished":"2021-10-21T15:43:35+00:00","dateModified":"2023-08-11T22:19:47+00:00","breadcrumb":{"@id":"https:\/\/www.comunidadeativa.jor.br\/index.php\/2021\/10\/21\/acordo-entre-pbh-e-icmbio-preve-plantio-de-mais-de-10-mil-mudas-da-mata-atlantica-na-capital\/#breadcrumb"},"inLanguage":"pt-BR","potentialAction":[{"@type":"ReadAction","target":["https:\/\/www.comunidadeativa.jor.br\/index.php\/2021\/10\/21\/acordo-entre-pbh-e-icmbio-preve-plantio-de-mais-de-10-mil-mudas-da-mata-atlantica-na-capital\/"]}]},{"@type":"ImageObject","inLanguage":"pt-BR","@id":"https:\/\/www.comunidadeativa.jor.br\/index.php\/2021\/10\/21\/acordo-entre-pbh-e-icmbio-preve-plantio-de-mais-de-10-mil-mudas-da-mata-atlantica-na-capital\/#primaryimage","url":"https:\/\/www.comunidadeativa.jor.br\/wp-content\/uploads\/2021\/10\/capa-10.jpg","contentUrl":"https:\/\/www.comunidadeativa.jor.br\/wp-content\/uploads\/2021\/10\/capa-10.jpg","width":640,"height":352},{"@type":"BreadcrumbList","@id":"https:\/\/www.comunidadeativa.jor.br\/index.php\/2021\/10\/21\/acordo-entre-pbh-e-icmbio-preve-plantio-de-mais-de-10-mil-mudas-da-mata-atlantica-na-capital\/#breadcrumb","itemListElement":[{"@type":"ListItem","position":1,"name":"In\u00edcio","item":"https:\/\/www.comunidadeativa.jor.br\/"},{"@type":"ListItem","position":2,"name":"Acordo entre PBH e ICMBio prev\u00ea plantio de mais de 10 mil mudas da Mata Atl\u00e2ntica na capital"}]},{"@type":"WebSite","@id":"https:\/\/www.comunidadeativa.jor.br\/#website","url":"https:\/\/www.comunidadeativa.jor.br\/","name":"Comunidade Ativa","description":"","publisher":{"@id":"https:\/\/www.comunidadeativa.jor.br\/#organization"},"potentialAction":[{"@type":"SearchAction","target":{"@type":"EntryPoint","urlTemplate":"https:\/\/www.comunidadeativa.jor.br\/?s={search_term_string}"},"query-input":{"@type":"PropertyValueSpecification","valueRequired":true,"valueName":"search_term_string"}}],"inLanguage":"pt-BR"},{"@type":"Organization","@id":"https:\/\/www.comunidadeativa.jor.br\/#organization","name":"Comunidade Ativa","url":"https:\/\/www.comunidadeativa.jor.br\/","logo":{"@type":"ImageObject","inLanguage":"pt-BR","@id":"https:\/\/www.comunidadeativa.jor.br\/#\/schema\/logo\/image\/","url":"https:\/\/www.comunidadeativa.jor.br\/wp-content\/uploads\/2018\/03\/cropped-LOGOPNG-1.png","contentUrl":"https:\/\/www.comunidadeativa.jor.br\/wp-content\/uploads\/2018\/03\/cropped-LOGOPNG-1.png","width":318,"height":90,"caption":"Comunidade Ativa"},"image":{"@id":"https:\/\/www.comunidadeativa.jor.br\/#\/schema\/logo\/image\/"},"sameAs":["https:\/\/www.facebook.com\/comunidadeativa"]},{"@type":"Person","@id":"https:\/\/www.comunidadeativa.jor.br\/#\/schema\/person\/dcaa1f1c51c1f0c47a33b2b734cad6e1","name":"Comunidade Ativa","image":{"@type":"ImageObject","inLanguage":"pt-BR","@id":"https:\/\/www.comunidadeativa.jor.br\/#\/schema\/person\/image\/","url":"https:\/\/secure.gravatar.com\/avatar\/09a9a1f85fedf41e81b47f7c1d40084f?s=96&d=mm&r=g","contentUrl":"https:\/\/secure.gravatar.com\/avatar\/09a9a1f85fedf41e81b47f7c1d40084f?s=96&d=mm&r=g","caption":"Comunidade Ativa"},"url":"https:\/\/www.comunidadeativa.jor.br\/index.php\/author\/casalberto\/"}]}},"_links":{"self":[{"href":"https:\/\/www.comunidadeativa.jor.br\/index.php\/wp-json\/wp\/v2\/posts\/2602","targetHints":{"allow":["GET"]}}],"collection":[{"href":"https:\/\/www.comunidadeativa.jor.br\/index.php\/wp-json\/wp\/v2\/posts"}],"about":[{"href":"https:\/\/www.comunidadeativa.jor.br\/index.php\/wp-json\/wp\/v2\/types\/post"}],"author":[{"embeddable":true,"href":"https:\/\/www.comunidadeativa.jor.br\/index.php\/wp-json\/wp\/v2\/users\/1"}],"replies":[{"embeddable":true,"href":"https:\/\/www.comunidadeativa.jor.br\/index.php\/wp-json\/wp\/v2\/comments?post=2602"}],"version-history":[{"count":2,"href":"https:\/\/www.comunidadeativa.jor.br\/index.php\/wp-json\/wp\/v2\/posts\/2602\/revisions"}],"predecessor-version":[{"id":3930,"href":"https:\/\/www.comunidadeativa.jor.br\/index.php\/wp-json\/wp\/v2\/posts\/2602\/revisions\/3930"}],"wp:featuredmedia":[{"embeddable":true,"href":"https:\/\/www.comunidadeativa.jor.br\/index.php\/wp-json\/wp\/v2\/media\/2603"}],"wp:attachment":[{"href":"https:\/\/www.comunidadeativa.jor.br\/index.php\/wp-json\/wp\/v2\/media?parent=2602"}],"wp:term":[{"taxonomy":"category","embeddable":true,"href":"https:\/\/www.comunidadeativa.jor.br\/index.php\/wp-json\/wp\/v2\/categories?post=2602"},{"taxonomy":"post_tag","embeddable":true,"href":"https:\/\/www.comunidadeativa.jor.br\/index.php\/wp-json\/wp\/v2\/tags?post=2602"}],"curies":[{"name":"wp","href":"https:\/\/api.w.org\/{rel}","templated":true}]}}