{"id":2606,"date":"2021-10-22T12:38:03","date_gmt":"2021-10-22T15:38:03","guid":{"rendered":"https:\/\/www.comunidadeativa.jor.br\/?p=2606"},"modified":"2023-08-11T19:19:59","modified_gmt":"2023-08-11T22:19:59","slug":"o-marketing-pessoal-nao-e-so-para-as-celebridades-tambem-pode-ajudar-voce","status":"publish","type":"post","link":"https:\/\/www.comunidadeativa.jor.br\/index.php\/2021\/10\/22\/o-marketing-pessoal-nao-e-so-para-as-celebridades-tambem-pode-ajudar-voce\/","title":{"rendered":"O marketing pessoal n\u00e3o \u00e9 s\u00f3 para as celebridades. Tamb\u00e9m pode ajudar voc\u00ea!"},"content":{"rendered":"<p>A m\u00e1xima que diz que \u201cquem n\u00e3o \u00e9 visto n\u00e3o \u00e9 notado\u201d \u00e9 v\u00e1lida tanto para o mercado de trabalho quanto para as rela\u00e7\u00f5es sociais. Ali\u00e1s, vale considerar que, muitas vezes, as duas circunst\u00e2ncias se confundem. Afinal, n\u00e3o \u00e9 raro as rela\u00e7\u00f5es profissionais se transformarem em boas amizades, ao mesmo tempo em os contatos sociais podem dar origem a bons neg\u00f3cios ou abrir oportunidades de empregos.<\/p>\n<p>De fato, o chamado <em>network<\/em>, que numa tradu\u00e7\u00e3o direta do ingl\u00eas significa <em>rede<\/em>, de fato, representa a cadeia de relacionamentos que uma pessoa consegue formar em torno de si ou com a qual consegue se conectar. As conex\u00f5es podem ocorrer tanto no \u00e2mbito pessoal quanto no profissional, n\u00e3o importa. O que importa mesmo \u00e9 que, al\u00e9m de ser visto, uma pessoa interessada em acender profissionalmente e socialmente deve tamb\u00e9m se preocupar com a forma como ela \u00e9 vista nesta rede.<\/p>\n<p>Da\u00ed a relev\u00e2ncia do marketing pessoal.<\/p>\n<h5>N\u00e3o \u00e9 s\u00f3 para as celebridades<\/h5>\n<p>O chamado \u201cmarketing pessoal\u201d, a princ\u00edpio, era considerado aquele voltado para a promo\u00e7\u00e3o de personalidades de destaque \u2014 como pol\u00edticos, atleta e artistas \u2014, que precisam de encontrar visibilidade positiva junto ao p\u00fablico e cuja imagem pode render algum tipo de dividendo \u2014 que pode ser na forma de votos, de faturamento com contratos ou outra que valha. Assim, utilizando as t\u00e9cnicas do marketing tradicional, as celebridades s\u00e3o apresentadas ao p\u00fablico quase que como produtos aos quais s\u00e3o associadas qualidades e utilidades que, pelo ponto de vista dos marqueteiros, merecem ser consideradas.<\/p>\n<p>Nesse n\u00edvel, o marketing pessoal \u00e9 exercido por profissionais ou por empresas especializadas que se dedicam a promover as tais personalidades. Por\u00e9m, h\u00e1 algum tempo, as mesmas t\u00e9cnicas foram sendo absorvidas por quem exercem atividades nem sempre glamorosas, mas que tamb\u00e9m precisam do reconhecimento p\u00fablico.<\/p>\n<p>Desta forma, gente de todos os nichos de mercado ou que at\u00e9 n\u00e3o exercem nenhuma atividade profissionalmente, mas que tem algum talento que deseja promover, passou a utilizar as t\u00e9cnicas de marketing. De modo destacado, profissionais aut\u00f4nomos e liberais t\u00eam recorrido a esse expediente para conquistar visibilidade positiva perante poss\u00edveis clientes, em um esfor\u00e7o que, em grande parte das vezes, \u00e9 exercido pela pr\u00f3pria pessoa.<\/p>\n<p>Entretanto, al\u00e9m de buscar conhecimentos b\u00e1sicos sobre as t\u00e9cnicas de marketing pessoal, quem n\u00e3o tem forma\u00e7\u00e3o espec\u00edfica na \u00e1rea deve tomar algumas precau\u00e7\u00f5es, sem as quais os resultados podem n\u00e3o ser os desejados.<\/p>\n<h5>Marketing assertivo<\/h5>\n<p>Os <a href=\"https:\/\/rockcontent.com\/br\/talent-blog\/marketing-pessoal\/\" target=\"_blank\" rel=\"noopener\">especialistas em marketing pessoal costumam listar uma s\u00e9rie de atitudes<\/a> que devem ser adotadas por quem quer projetar publicamente. Entre elas est\u00e3o a presen\u00e7a positiva nas redes sociais, a cria\u00e7\u00e3o do j\u00e1 mencionado network e a promo\u00e7\u00e3o do pr\u00f3prio trabalho.<\/p>\n<p>Entretanto, quaisquer que sejam as t\u00e9cnicas utilizadas, \u00e9 indispens\u00e1vel que todas elas sejam aplicadas de forma assertiva, ou seja, com seguran\u00e7a sobre o que est\u00e1 sendo propagado. Em outras palavras, isso significa que as pessoas s\u00f3 devem promover aquilo que, de fato, s\u00e3o capazes de entregar e, ao mesmo tempo, elas n\u00e3o devem menosprezar a pr\u00f3pria capacidade.<\/p>\n<p>Nesse aspecto vale considerar que, se, por um lado, a arrog\u00e2ncia e o excesso de vaidade podem prejudicar o marketing pessoal \u2014 que pode ser visto como \u201cpropaganda enganosa\u201d \u2014, por outro, a mod\u00e9stia tamb\u00e9m n\u00e3o contribui em nada para que a pessoa seja vista de forma adequada.<\/p>\n<h5>Qualifica\u00e7\u00e3o e miss\u00e3o<\/h5>\n<p>Portanto, ao mesmo tempo em que a qualifica\u00e7\u00e3o \u00e9 necess\u00e1ria para que algu\u00e9m se promova em determinado segmento, tamb\u00e9m \u00e9 indispens\u00e1vel que a pessoa se reconhe\u00e7a em seus prop\u00f3sitos e na miss\u00e3o que deseja assumir publicamente.<\/p>\n<p>De posse dessa base, mesmo sem contratar um profissional da \u00e1rea, obtendo algum conhecimento preliminar sobre o assunto, \u00e9 poss\u00edvel utilizar com relativa efici\u00eancia as ferramentas do marketing pessoal e, a partir da\u00ed, alcan\u00e7ar maior reconhecimento profissional e social.<\/p>\n<p>&nbsp;<\/p>\n<form style=\"padding-left: 80px;\" action=\"https:\/\/pagseguro.uol.com.br\/checkout\/v2\/donation.html\" method=\"post\"><!-- FINAL FORMULARIO BOTAO PAGSEGURO --><\/p>\n<hr \/>\n<\/form>\n<p>&nbsp;<\/p>\n","protected":false},"excerpt":{"rendered":"<p>A m\u00e1xima que diz que \u201cquem n\u00e3o \u00e9 visto n\u00e3o \u00e9 notado\u201d \u00e9 v\u00e1lida tanto para o mercado de trabalho<\/p>\n","protected":false},"author":1,"featured_media":2607,"comment_status":"closed","ping_status":"open","sticky":false,"template":"","format":"standard","meta":{"footnotes":""},"categories":[15],"tags":[],"class_list":["post-2606","post","type-post","status-publish","format-standard","has-post-thumbnail","hentry","category-cultura"],"yoast_head":"<!-- This site is optimized with the Yoast SEO plugin v26.0 - https:\/\/yoast.com\/wordpress\/plugins\/seo\/ -->\n<title>O marketing pessoal n\u00e3o \u00e9 s\u00f3 para as celebridades. Tamb\u00e9m pode ajudar voc\u00ea! - Comunidade Ativa<\/title>\n<meta name=\"robots\" content=\"index, follow, max-snippet:-1, max-image-preview:large, max-video-preview:-1\" \/>\n<link rel=\"canonical\" href=\"https:\/\/www.comunidadeativa.jor.br\/index.php\/2021\/10\/22\/o-marketing-pessoal-nao-e-so-para-as-celebridades-tambem-pode-ajudar-voce\/\" \/>\n<meta property=\"og:locale\" content=\"pt_BR\" \/>\n<meta property=\"og:type\" content=\"article\" \/>\n<meta property=\"og:title\" content=\"O marketing pessoal n\u00e3o \u00e9 s\u00f3 para as celebridades. Tamb\u00e9m pode ajudar voc\u00ea! - Comunidade Ativa\" \/>\n<meta property=\"og:description\" content=\"A m\u00e1xima que diz que \u201cquem n\u00e3o \u00e9 visto n\u00e3o \u00e9 notado\u201d \u00e9 v\u00e1lida tanto para o mercado de trabalho\" \/>\n<meta property=\"og:url\" content=\"https:\/\/www.comunidadeativa.jor.br\/index.php\/2021\/10\/22\/o-marketing-pessoal-nao-e-so-para-as-celebridades-tambem-pode-ajudar-voce\/\" \/>\n<meta property=\"og:site_name\" content=\"Comunidade Ativa\" \/>\n<meta property=\"article:publisher\" content=\"https:\/\/www.facebook.com\/comunidadeativa\" \/>\n<meta property=\"article:published_time\" content=\"2021-10-22T15:38:03+00:00\" \/>\n<meta property=\"article:modified_time\" content=\"2023-08-11T22:19:59+00:00\" \/>\n<meta property=\"og:image\" content=\"https:\/\/www.comunidadeativa.jor.br\/wp-content\/uploads\/2021\/10\/capa-11.jpg\" \/>\n\t<meta property=\"og:image:width\" content=\"640\" \/>\n\t<meta property=\"og:image:height\" content=\"352\" \/>\n\t<meta property=\"og:image:type\" content=\"image\/jpeg\" \/>\n<meta name=\"author\" content=\"Comunidade Ativa\" \/>\n<meta name=\"twitter:card\" content=\"summary_large_image\" \/>\n<meta name=\"twitter:label1\" content=\"Escrito por\" \/>\n\t<meta name=\"twitter:data1\" content=\"Comunidade Ativa\" \/>\n\t<meta name=\"twitter:label2\" content=\"Est. tempo de leitura\" \/>\n\t<meta name=\"twitter:data2\" content=\"3 minutos\" \/>\n<script type=\"application\/ld+json\" class=\"yoast-schema-graph\">{\"@context\":\"https:\/\/schema.org\",\"@graph\":[{\"@type\":\"Article\",\"@id\":\"https:\/\/www.comunidadeativa.jor.br\/index.php\/2021\/10\/22\/o-marketing-pessoal-nao-e-so-para-as-celebridades-tambem-pode-ajudar-voce\/#article\",\"isPartOf\":{\"@id\":\"https:\/\/www.comunidadeativa.jor.br\/index.php\/2021\/10\/22\/o-marketing-pessoal-nao-e-so-para-as-celebridades-tambem-pode-ajudar-voce\/\"},\"author\":{\"name\":\"Comunidade Ativa\",\"@id\":\"https:\/\/www.comunidadeativa.jor.br\/#\/schema\/person\/dcaa1f1c51c1f0c47a33b2b734cad6e1\"},\"headline\":\"O marketing pessoal n\u00e3o \u00e9 s\u00f3 para as celebridades. Tamb\u00e9m pode ajudar voc\u00ea!\",\"datePublished\":\"2021-10-22T15:38:03+00:00\",\"dateModified\":\"2023-08-11T22:19:59+00:00\",\"mainEntityOfPage\":{\"@id\":\"https:\/\/www.comunidadeativa.jor.br\/index.php\/2021\/10\/22\/o-marketing-pessoal-nao-e-so-para-as-celebridades-tambem-pode-ajudar-voce\/\"},\"wordCount\":692,\"publisher\":{\"@id\":\"https:\/\/www.comunidadeativa.jor.br\/#organization\"},\"image\":{\"@id\":\"https:\/\/www.comunidadeativa.jor.br\/index.php\/2021\/10\/22\/o-marketing-pessoal-nao-e-so-para-as-celebridades-tambem-pode-ajudar-voce\/#primaryimage\"},\"thumbnailUrl\":\"https:\/\/www.comunidadeativa.jor.br\/wp-content\/uploads\/2021\/10\/capa-11.jpg\",\"articleSection\":[\"Cultura\"],\"inLanguage\":\"pt-BR\"},{\"@type\":\"WebPage\",\"@id\":\"https:\/\/www.comunidadeativa.jor.br\/index.php\/2021\/10\/22\/o-marketing-pessoal-nao-e-so-para-as-celebridades-tambem-pode-ajudar-voce\/\",\"url\":\"https:\/\/www.comunidadeativa.jor.br\/index.php\/2021\/10\/22\/o-marketing-pessoal-nao-e-so-para-as-celebridades-tambem-pode-ajudar-voce\/\",\"name\":\"O marketing pessoal n\u00e3o \u00e9 s\u00f3 para as celebridades. Tamb\u00e9m pode ajudar voc\u00ea! - Comunidade Ativa\",\"isPartOf\":{\"@id\":\"https:\/\/www.comunidadeativa.jor.br\/#website\"},\"primaryImageOfPage\":{\"@id\":\"https:\/\/www.comunidadeativa.jor.br\/index.php\/2021\/10\/22\/o-marketing-pessoal-nao-e-so-para-as-celebridades-tambem-pode-ajudar-voce\/#primaryimage\"},\"image\":{\"@id\":\"https:\/\/www.comunidadeativa.jor.br\/index.php\/2021\/10\/22\/o-marketing-pessoal-nao-e-so-para-as-celebridades-tambem-pode-ajudar-voce\/#primaryimage\"},\"thumbnailUrl\":\"https:\/\/www.comunidadeativa.jor.br\/wp-content\/uploads\/2021\/10\/capa-11.jpg\",\"datePublished\":\"2021-10-22T15:38:03+00:00\",\"dateModified\":\"2023-08-11T22:19:59+00:00\",\"breadcrumb\":{\"@id\":\"https:\/\/www.comunidadeativa.jor.br\/index.php\/2021\/10\/22\/o-marketing-pessoal-nao-e-so-para-as-celebridades-tambem-pode-ajudar-voce\/#breadcrumb\"},\"inLanguage\":\"pt-BR\",\"potentialAction\":[{\"@type\":\"ReadAction\",\"target\":[\"https:\/\/www.comunidadeativa.jor.br\/index.php\/2021\/10\/22\/o-marketing-pessoal-nao-e-so-para-as-celebridades-tambem-pode-ajudar-voce\/\"]}]},{\"@type\":\"ImageObject\",\"inLanguage\":\"pt-BR\",\"@id\":\"https:\/\/www.comunidadeativa.jor.br\/index.php\/2021\/10\/22\/o-marketing-pessoal-nao-e-so-para-as-celebridades-tambem-pode-ajudar-voce\/#primaryimage\",\"url\":\"https:\/\/www.comunidadeativa.jor.br\/wp-content\/uploads\/2021\/10\/capa-11.jpg\",\"contentUrl\":\"https:\/\/www.comunidadeativa.jor.br\/wp-content\/uploads\/2021\/10\/capa-11.jpg\",\"width\":640,\"height\":352},{\"@type\":\"BreadcrumbList\",\"@id\":\"https:\/\/www.comunidadeativa.jor.br\/index.php\/2021\/10\/22\/o-marketing-pessoal-nao-e-so-para-as-celebridades-tambem-pode-ajudar-voce\/#breadcrumb\",\"itemListElement\":[{\"@type\":\"ListItem\",\"position\":1,\"name\":\"In\u00edcio\",\"item\":\"https:\/\/www.comunidadeativa.jor.br\/\"},{\"@type\":\"ListItem\",\"position\":2,\"name\":\"O marketing pessoal n\u00e3o \u00e9 s\u00f3 para as celebridades. Tamb\u00e9m pode ajudar voc\u00ea!\"}]},{\"@type\":\"WebSite\",\"@id\":\"https:\/\/www.comunidadeativa.jor.br\/#website\",\"url\":\"https:\/\/www.comunidadeativa.jor.br\/\",\"name\":\"Comunidade Ativa\",\"description\":\"\",\"publisher\":{\"@id\":\"https:\/\/www.comunidadeativa.jor.br\/#organization\"},\"potentialAction\":[{\"@type\":\"SearchAction\",\"target\":{\"@type\":\"EntryPoint\",\"urlTemplate\":\"https:\/\/www.comunidadeativa.jor.br\/?s={search_term_string}\"},\"query-input\":{\"@type\":\"PropertyValueSpecification\",\"valueRequired\":true,\"valueName\":\"search_term_string\"}}],\"inLanguage\":\"pt-BR\"},{\"@type\":\"Organization\",\"@id\":\"https:\/\/www.comunidadeativa.jor.br\/#organization\",\"name\":\"Comunidade Ativa\",\"url\":\"https:\/\/www.comunidadeativa.jor.br\/\",\"logo\":{\"@type\":\"ImageObject\",\"inLanguage\":\"pt-BR\",\"@id\":\"https:\/\/www.comunidadeativa.jor.br\/#\/schema\/logo\/image\/\",\"url\":\"https:\/\/www.comunidadeativa.jor.br\/wp-content\/uploads\/2018\/03\/cropped-LOGOPNG-1.png\",\"contentUrl\":\"https:\/\/www.comunidadeativa.jor.br\/wp-content\/uploads\/2018\/03\/cropped-LOGOPNG-1.png\",\"width\":318,\"height\":90,\"caption\":\"Comunidade Ativa\"},\"image\":{\"@id\":\"https:\/\/www.comunidadeativa.jor.br\/#\/schema\/logo\/image\/\"},\"sameAs\":[\"https:\/\/www.facebook.com\/comunidadeativa\"]},{\"@type\":\"Person\",\"@id\":\"https:\/\/www.comunidadeativa.jor.br\/#\/schema\/person\/dcaa1f1c51c1f0c47a33b2b734cad6e1\",\"name\":\"Comunidade Ativa\",\"image\":{\"@type\":\"ImageObject\",\"inLanguage\":\"pt-BR\",\"@id\":\"https:\/\/www.comunidadeativa.jor.br\/#\/schema\/person\/image\/\",\"url\":\"https:\/\/secure.gravatar.com\/avatar\/09a9a1f85fedf41e81b47f7c1d40084f?s=96&d=mm&r=g\",\"contentUrl\":\"https:\/\/secure.gravatar.com\/avatar\/09a9a1f85fedf41e81b47f7c1d40084f?s=96&d=mm&r=g\",\"caption\":\"Comunidade Ativa\"},\"url\":\"https:\/\/www.comunidadeativa.jor.br\/index.php\/author\/casalberto\/\"}]}<\/script>\n<!-- \/ Yoast SEO plugin. -->","yoast_head_json":{"title":"O marketing pessoal n\u00e3o \u00e9 s\u00f3 para as celebridades. Tamb\u00e9m pode ajudar voc\u00ea! - Comunidade Ativa","robots":{"index":"index","follow":"follow","max-snippet":"max-snippet:-1","max-image-preview":"max-image-preview:large","max-video-preview":"max-video-preview:-1"},"canonical":"https:\/\/www.comunidadeativa.jor.br\/index.php\/2021\/10\/22\/o-marketing-pessoal-nao-e-so-para-as-celebridades-tambem-pode-ajudar-voce\/","og_locale":"pt_BR","og_type":"article","og_title":"O marketing pessoal n\u00e3o \u00e9 s\u00f3 para as celebridades. Tamb\u00e9m pode ajudar voc\u00ea! - Comunidade Ativa","og_description":"A m\u00e1xima que diz que \u201cquem n\u00e3o \u00e9 visto n\u00e3o \u00e9 notado\u201d \u00e9 v\u00e1lida tanto para o mercado de trabalho","og_url":"https:\/\/www.comunidadeativa.jor.br\/index.php\/2021\/10\/22\/o-marketing-pessoal-nao-e-so-para-as-celebridades-tambem-pode-ajudar-voce\/","og_site_name":"Comunidade Ativa","article_publisher":"https:\/\/www.facebook.com\/comunidadeativa","article_published_time":"2021-10-22T15:38:03+00:00","article_modified_time":"2023-08-11T22:19:59+00:00","og_image":[{"width":640,"height":352,"url":"https:\/\/www.comunidadeativa.jor.br\/wp-content\/uploads\/2021\/10\/capa-11.jpg","type":"image\/jpeg"}],"author":"Comunidade Ativa","twitter_card":"summary_large_image","twitter_misc":{"Escrito por":"Comunidade Ativa","Est. tempo de leitura":"3 minutos"},"schema":{"@context":"https:\/\/schema.org","@graph":[{"@type":"Article","@id":"https:\/\/www.comunidadeativa.jor.br\/index.php\/2021\/10\/22\/o-marketing-pessoal-nao-e-so-para-as-celebridades-tambem-pode-ajudar-voce\/#article","isPartOf":{"@id":"https:\/\/www.comunidadeativa.jor.br\/index.php\/2021\/10\/22\/o-marketing-pessoal-nao-e-so-para-as-celebridades-tambem-pode-ajudar-voce\/"},"author":{"name":"Comunidade Ativa","@id":"https:\/\/www.comunidadeativa.jor.br\/#\/schema\/person\/dcaa1f1c51c1f0c47a33b2b734cad6e1"},"headline":"O marketing pessoal n\u00e3o \u00e9 s\u00f3 para as celebridades. Tamb\u00e9m pode ajudar voc\u00ea!","datePublished":"2021-10-22T15:38:03+00:00","dateModified":"2023-08-11T22:19:59+00:00","mainEntityOfPage":{"@id":"https:\/\/www.comunidadeativa.jor.br\/index.php\/2021\/10\/22\/o-marketing-pessoal-nao-e-so-para-as-celebridades-tambem-pode-ajudar-voce\/"},"wordCount":692,"publisher":{"@id":"https:\/\/www.comunidadeativa.jor.br\/#organization"},"image":{"@id":"https:\/\/www.comunidadeativa.jor.br\/index.php\/2021\/10\/22\/o-marketing-pessoal-nao-e-so-para-as-celebridades-tambem-pode-ajudar-voce\/#primaryimage"},"thumbnailUrl":"https:\/\/www.comunidadeativa.jor.br\/wp-content\/uploads\/2021\/10\/capa-11.jpg","articleSection":["Cultura"],"inLanguage":"pt-BR"},{"@type":"WebPage","@id":"https:\/\/www.comunidadeativa.jor.br\/index.php\/2021\/10\/22\/o-marketing-pessoal-nao-e-so-para-as-celebridades-tambem-pode-ajudar-voce\/","url":"https:\/\/www.comunidadeativa.jor.br\/index.php\/2021\/10\/22\/o-marketing-pessoal-nao-e-so-para-as-celebridades-tambem-pode-ajudar-voce\/","name":"O marketing pessoal n\u00e3o \u00e9 s\u00f3 para as celebridades. Tamb\u00e9m pode ajudar voc\u00ea! - Comunidade Ativa","isPartOf":{"@id":"https:\/\/www.comunidadeativa.jor.br\/#website"},"primaryImageOfPage":{"@id":"https:\/\/www.comunidadeativa.jor.br\/index.php\/2021\/10\/22\/o-marketing-pessoal-nao-e-so-para-as-celebridades-tambem-pode-ajudar-voce\/#primaryimage"},"image":{"@id":"https:\/\/www.comunidadeativa.jor.br\/index.php\/2021\/10\/22\/o-marketing-pessoal-nao-e-so-para-as-celebridades-tambem-pode-ajudar-voce\/#primaryimage"},"thumbnailUrl":"https:\/\/www.comunidadeativa.jor.br\/wp-content\/uploads\/2021\/10\/capa-11.jpg","datePublished":"2021-10-22T15:38:03+00:00","dateModified":"2023-08-11T22:19:59+00:00","breadcrumb":{"@id":"https:\/\/www.comunidadeativa.jor.br\/index.php\/2021\/10\/22\/o-marketing-pessoal-nao-e-so-para-as-celebridades-tambem-pode-ajudar-voce\/#breadcrumb"},"inLanguage":"pt-BR","potentialAction":[{"@type":"ReadAction","target":["https:\/\/www.comunidadeativa.jor.br\/index.php\/2021\/10\/22\/o-marketing-pessoal-nao-e-so-para-as-celebridades-tambem-pode-ajudar-voce\/"]}]},{"@type":"ImageObject","inLanguage":"pt-BR","@id":"https:\/\/www.comunidadeativa.jor.br\/index.php\/2021\/10\/22\/o-marketing-pessoal-nao-e-so-para-as-celebridades-tambem-pode-ajudar-voce\/#primaryimage","url":"https:\/\/www.comunidadeativa.jor.br\/wp-content\/uploads\/2021\/10\/capa-11.jpg","contentUrl":"https:\/\/www.comunidadeativa.jor.br\/wp-content\/uploads\/2021\/10\/capa-11.jpg","width":640,"height":352},{"@type":"BreadcrumbList","@id":"https:\/\/www.comunidadeativa.jor.br\/index.php\/2021\/10\/22\/o-marketing-pessoal-nao-e-so-para-as-celebridades-tambem-pode-ajudar-voce\/#breadcrumb","itemListElement":[{"@type":"ListItem","position":1,"name":"In\u00edcio","item":"https:\/\/www.comunidadeativa.jor.br\/"},{"@type":"ListItem","position":2,"name":"O marketing pessoal n\u00e3o \u00e9 s\u00f3 para as celebridades. Tamb\u00e9m pode ajudar voc\u00ea!"}]},{"@type":"WebSite","@id":"https:\/\/www.comunidadeativa.jor.br\/#website","url":"https:\/\/www.comunidadeativa.jor.br\/","name":"Comunidade Ativa","description":"","publisher":{"@id":"https:\/\/www.comunidadeativa.jor.br\/#organization"},"potentialAction":[{"@type":"SearchAction","target":{"@type":"EntryPoint","urlTemplate":"https:\/\/www.comunidadeativa.jor.br\/?s={search_term_string}"},"query-input":{"@type":"PropertyValueSpecification","valueRequired":true,"valueName":"search_term_string"}}],"inLanguage":"pt-BR"},{"@type":"Organization","@id":"https:\/\/www.comunidadeativa.jor.br\/#organization","name":"Comunidade Ativa","url":"https:\/\/www.comunidadeativa.jor.br\/","logo":{"@type":"ImageObject","inLanguage":"pt-BR","@id":"https:\/\/www.comunidadeativa.jor.br\/#\/schema\/logo\/image\/","url":"https:\/\/www.comunidadeativa.jor.br\/wp-content\/uploads\/2018\/03\/cropped-LOGOPNG-1.png","contentUrl":"https:\/\/www.comunidadeativa.jor.br\/wp-content\/uploads\/2018\/03\/cropped-LOGOPNG-1.png","width":318,"height":90,"caption":"Comunidade Ativa"},"image":{"@id":"https:\/\/www.comunidadeativa.jor.br\/#\/schema\/logo\/image\/"},"sameAs":["https:\/\/www.facebook.com\/comunidadeativa"]},{"@type":"Person","@id":"https:\/\/www.comunidadeativa.jor.br\/#\/schema\/person\/dcaa1f1c51c1f0c47a33b2b734cad6e1","name":"Comunidade Ativa","image":{"@type":"ImageObject","inLanguage":"pt-BR","@id":"https:\/\/www.comunidadeativa.jor.br\/#\/schema\/person\/image\/","url":"https:\/\/secure.gravatar.com\/avatar\/09a9a1f85fedf41e81b47f7c1d40084f?s=96&d=mm&r=g","contentUrl":"https:\/\/secure.gravatar.com\/avatar\/09a9a1f85fedf41e81b47f7c1d40084f?s=96&d=mm&r=g","caption":"Comunidade Ativa"},"url":"https:\/\/www.comunidadeativa.jor.br\/index.php\/author\/casalberto\/"}]}},"_links":{"self":[{"href":"https:\/\/www.comunidadeativa.jor.br\/index.php\/wp-json\/wp\/v2\/posts\/2606","targetHints":{"allow":["GET"]}}],"collection":[{"href":"https:\/\/www.comunidadeativa.jor.br\/index.php\/wp-json\/wp\/v2\/posts"}],"about":[{"href":"https:\/\/www.comunidadeativa.jor.br\/index.php\/wp-json\/wp\/v2\/types\/post"}],"author":[{"embeddable":true,"href":"https:\/\/www.comunidadeativa.jor.br\/index.php\/wp-json\/wp\/v2\/users\/1"}],"replies":[{"embeddable":true,"href":"https:\/\/www.comunidadeativa.jor.br\/index.php\/wp-json\/wp\/v2\/comments?post=2606"}],"version-history":[{"count":2,"href":"https:\/\/www.comunidadeativa.jor.br\/index.php\/wp-json\/wp\/v2\/posts\/2606\/revisions"}],"predecessor-version":[{"id":3931,"href":"https:\/\/www.comunidadeativa.jor.br\/index.php\/wp-json\/wp\/v2\/posts\/2606\/revisions\/3931"}],"wp:featuredmedia":[{"embeddable":true,"href":"https:\/\/www.comunidadeativa.jor.br\/index.php\/wp-json\/wp\/v2\/media\/2607"}],"wp:attachment":[{"href":"https:\/\/www.comunidadeativa.jor.br\/index.php\/wp-json\/wp\/v2\/media?parent=2606"}],"wp:term":[{"taxonomy":"category","embeddable":true,"href":"https:\/\/www.comunidadeativa.jor.br\/index.php\/wp-json\/wp\/v2\/categories?post=2606"},{"taxonomy":"post_tag","embeddable":true,"href":"https:\/\/www.comunidadeativa.jor.br\/index.php\/wp-json\/wp\/v2\/tags?post=2606"}],"curies":[{"name":"wp","href":"https:\/\/api.w.org\/{rel}","templated":true}]}}