{"id":2665,"date":"2021-11-11T17:39:49","date_gmt":"2021-11-11T20:39:49","guid":{"rendered":"https:\/\/www.comunidadeativa.jor.br\/?p=2665"},"modified":"2023-08-11T19:23:14","modified_gmt":"2023-08-11T22:23:14","slug":"iepha-mg-publica-video-que-leva-o-espectador-a-um-tour-pelo-palacio-da-liberdade","status":"publish","type":"post","link":"https:\/\/www.comunidadeativa.jor.br\/index.php\/2021\/11\/11\/iepha-mg-publica-video-que-leva-o-espectador-a-um-tour-pelo-palacio-da-liberdade\/","title":{"rendered":"Iepha\/MG publica v\u00eddeo que leva o espectador a um tour pelo Pal\u00e1cio da Liberdade"},"content":{"rendered":"<p>Seguindo uma tend\u00eancia que, ao que parece, veio com a pandemia e resolveu ficar, o Instituto Estadual do Patrim\u00f4nio Hist\u00f3rico e Art\u00edstico de Minas Gerais (Iepha-MG), em parceria com a APPA \u2013 Arte e Cultura, criou o v\u00eddeo\u00a0 <em><a href=\"https:\/\/www.youtube.com\/channel\/UCrCGkLne4ph2S2SQGyxgX7Q\">Pal\u00e1cio da Liberdade \u2013 Tour Virtual<\/a><\/em>, que leva o espectador a uma visita \u00e0 antiga sede do Governo do Estado de Minas Gerais, que integra do Circuito Liberdade. De acordo com os produtores, o roteiro \u00e9 orientado pela perspectiva hist\u00f3rica da constru\u00e7\u00e3o da cidade de Belo Horizonte e da regi\u00e3o onde o pal\u00e1cio se encontra.<\/p>\n<p>O documento \u00e9 de livre acesso pelo YouTube (clique no link acima) e passa a integrar o programa receptivo e educativo do Pal\u00e1cio da Liberdade. A expectativa do Iepha-MG \u00e9 de que tamb\u00e9m se torne um instrumento pedag\u00f3gico para os professores que queiram abordar temas como relacionados \u00e0 constru\u00e7\u00e3o da capital, \u00e0 arquitetura, ao urbanismo e \u00e0 hist\u00f3ria da Rep\u00fablica em\u00a0 Minas Gerais.<\/p>\n<p>&nbsp;<\/p>\n<h5>Democratiza\u00e7\u00e3o<\/h5>\n<p>A \u00faltima parte do v\u00eddeo \u00e9 dedicada a um tour virtual pelo Pal\u00e1cio da Liberdade, seguindo a mesma rota da visita\u00e7\u00e3o presencial que foi retomada em outubro. Segundo os respons\u00e1veis pela produ\u00e7\u00e3o, ela democratiza o acesso ao Pal\u00e1cio da Liberdade. \u201cFaz com que mais pessoas se sintam pertencentes ao nosso patrim\u00f4nio hist\u00f3rico e possam vir a visitar (o pal\u00e1cio) presencialmente\u201d, diz Luis Molinari Mundim, diretor de Promo\u00e7\u00e3o do Iepha\/MG.<\/p>\n<p>Para Mundim, contar a hist\u00f3ria do Pal\u00e1cio da Liberdade por meio de um v\u00eddeo possibilita o acesso \u00e0s informa\u00e7\u00f5es sobre esse bem cultural mineiro a um n\u00famero bem maior de pessoas, inclusive para aquelas que, por algum motivo, n\u00e3o podem conhece-lo presencialmente. \u201cTamb\u00e9m ir\u00e1 funcionar como um material para a\u00e7\u00f5es de educa\u00e7\u00e3o, possibilitando seu uso por educadores e professores dentro e fora da sala de aula\u201d, destaca.<\/p>\n<h5>Visita presencial<\/h5>\n<p><a href=\"http:\/\/www.iepha.mg.gov.br\/index.php\/noticias-menu\/449-palacio-da-liberdade-amplia-os-dias-de-visitacao-ao-publico\" target=\"_blank\" rel=\"noopener\">Desde a sua reabertura em outubro<\/a>, o Pal\u00e1cio da Liberdade voltou a integrar as atra\u00e7\u00f5es do turismo de Belo Horizonte. Segundo a Secretaria Estadual de Cultura, j\u00e1 no primeiro m\u00eas, foram disponibilizados 720 ingressos para o passeio pelo pal\u00e1cio e por seus jardins.<\/p>\n<p>A visita \u00e9 gratuita e pode ser realizada aos s\u00e1bados e domingos, com hor\u00e1rios \u00e0s 10h, 11h, 13h, 14h e 15h, com entrada de grupos limitados.\u00a0Para a visita\u00e7\u00e3o \u00e9 necess\u00e1ria a retirada de ingressos que s\u00e3o disponibilizados sempre \u00e0s quintas e sextas-feiras pelo\u00a0<a href=\"https:\/\/www.sympla.com.br\/produtor\/appa\">sympla.com.br\/appa<\/a>.<\/p>\n<p>&nbsp;<\/p>\n<p>&nbsp;<\/p>\n<form style=\"padding-left: 80px;\" action=\"https:\/\/pagseguro.uol.com.br\/checkout\/v2\/donation.html\" method=\"post\"><!-- FINAL FORMULARIO BOTAO PAGSEGURO --><\/p>\n<hr \/>\n<\/form>\n","protected":false},"excerpt":{"rendered":"<p>Seguindo uma tend\u00eancia que, ao que parece, veio com a pandemia e resolveu ficar, o Instituto Estadual do Patrim\u00f4nio Hist\u00f3rico<\/p>\n","protected":false},"author":1,"featured_media":2668,"comment_status":"closed","ping_status":"open","sticky":false,"template":"","format":"standard","meta":{"footnotes":""},"categories":[15],"tags":[],"class_list":["post-2665","post","type-post","status-publish","format-standard","has-post-thumbnail","hentry","category-cultura"],"yoast_head":"<!-- This site is optimized with the Yoast SEO plugin v26.0 - https:\/\/yoast.com\/wordpress\/plugins\/seo\/ -->\n<title>Iepha\/MG publica v\u00eddeo que leva o espectador a um tour pelo Pal\u00e1cio da Liberdade - Comunidade Ativa<\/title>\n<meta name=\"robots\" content=\"index, follow, max-snippet:-1, max-image-preview:large, max-video-preview:-1\" \/>\n<link rel=\"canonical\" href=\"https:\/\/www.comunidadeativa.jor.br\/index.php\/2021\/11\/11\/iepha-mg-publica-video-que-leva-o-espectador-a-um-tour-pelo-palacio-da-liberdade\/\" \/>\n<meta property=\"og:locale\" content=\"pt_BR\" \/>\n<meta property=\"og:type\" content=\"article\" \/>\n<meta property=\"og:title\" content=\"Iepha\/MG publica v\u00eddeo que leva o espectador a um tour pelo Pal\u00e1cio da Liberdade - Comunidade Ativa\" \/>\n<meta property=\"og:description\" content=\"Seguindo uma tend\u00eancia que, ao que parece, veio com a pandemia e resolveu ficar, o Instituto Estadual do Patrim\u00f4nio Hist\u00f3rico\" \/>\n<meta property=\"og:url\" content=\"https:\/\/www.comunidadeativa.jor.br\/index.php\/2021\/11\/11\/iepha-mg-publica-video-que-leva-o-espectador-a-um-tour-pelo-palacio-da-liberdade\/\" \/>\n<meta property=\"og:site_name\" content=\"Comunidade Ativa\" \/>\n<meta property=\"article:publisher\" content=\"https:\/\/www.facebook.com\/comunidadeativa\" \/>\n<meta property=\"article:published_time\" content=\"2021-11-11T20:39:49+00:00\" \/>\n<meta property=\"article:modified_time\" content=\"2023-08-11T22:23:14+00:00\" \/>\n<meta property=\"og:image\" content=\"https:\/\/www.comunidadeativa.jor.br\/wp-content\/uploads\/2021\/11\/capa-7.jpg\" \/>\n\t<meta property=\"og:image:width\" content=\"640\" \/>\n\t<meta property=\"og:image:height\" content=\"352\" \/>\n\t<meta property=\"og:image:type\" content=\"image\/jpeg\" \/>\n<meta name=\"author\" content=\"Comunidade Ativa\" \/>\n<meta name=\"twitter:card\" content=\"summary_large_image\" \/>\n<meta name=\"twitter:label1\" content=\"Escrito por\" \/>\n\t<meta name=\"twitter:data1\" content=\"Comunidade Ativa\" \/>\n\t<meta name=\"twitter:label2\" content=\"Est. tempo de leitura\" \/>\n\t<meta name=\"twitter:data2\" content=\"2 minutos\" \/>\n<script type=\"application\/ld+json\" class=\"yoast-schema-graph\">{\"@context\":\"https:\/\/schema.org\",\"@graph\":[{\"@type\":\"Article\",\"@id\":\"https:\/\/www.comunidadeativa.jor.br\/index.php\/2021\/11\/11\/iepha-mg-publica-video-que-leva-o-espectador-a-um-tour-pelo-palacio-da-liberdade\/#article\",\"isPartOf\":{\"@id\":\"https:\/\/www.comunidadeativa.jor.br\/index.php\/2021\/11\/11\/iepha-mg-publica-video-que-leva-o-espectador-a-um-tour-pelo-palacio-da-liberdade\/\"},\"author\":{\"name\":\"Comunidade Ativa\",\"@id\":\"https:\/\/www.comunidadeativa.jor.br\/#\/schema\/person\/dcaa1f1c51c1f0c47a33b2b734cad6e1\"},\"headline\":\"Iepha\/MG publica v\u00eddeo que leva o espectador a um tour pelo Pal\u00e1cio da Liberdade\",\"datePublished\":\"2021-11-11T20:39:49+00:00\",\"dateModified\":\"2023-08-11T22:23:14+00:00\",\"mainEntityOfPage\":{\"@id\":\"https:\/\/www.comunidadeativa.jor.br\/index.php\/2021\/11\/11\/iepha-mg-publica-video-que-leva-o-espectador-a-um-tour-pelo-palacio-da-liberdade\/\"},\"wordCount\":439,\"publisher\":{\"@id\":\"https:\/\/www.comunidadeativa.jor.br\/#organization\"},\"image\":{\"@id\":\"https:\/\/www.comunidadeativa.jor.br\/index.php\/2021\/11\/11\/iepha-mg-publica-video-que-leva-o-espectador-a-um-tour-pelo-palacio-da-liberdade\/#primaryimage\"},\"thumbnailUrl\":\"https:\/\/www.comunidadeativa.jor.br\/wp-content\/uploads\/2021\/11\/capa-7.jpg\",\"articleSection\":[\"Cultura\"],\"inLanguage\":\"pt-BR\"},{\"@type\":\"WebPage\",\"@id\":\"https:\/\/www.comunidadeativa.jor.br\/index.php\/2021\/11\/11\/iepha-mg-publica-video-que-leva-o-espectador-a-um-tour-pelo-palacio-da-liberdade\/\",\"url\":\"https:\/\/www.comunidadeativa.jor.br\/index.php\/2021\/11\/11\/iepha-mg-publica-video-que-leva-o-espectador-a-um-tour-pelo-palacio-da-liberdade\/\",\"name\":\"Iepha\/MG publica v\u00eddeo que leva o espectador a um tour pelo Pal\u00e1cio da Liberdade - Comunidade Ativa\",\"isPartOf\":{\"@id\":\"https:\/\/www.comunidadeativa.jor.br\/#website\"},\"primaryImageOfPage\":{\"@id\":\"https:\/\/www.comunidadeativa.jor.br\/index.php\/2021\/11\/11\/iepha-mg-publica-video-que-leva-o-espectador-a-um-tour-pelo-palacio-da-liberdade\/#primaryimage\"},\"image\":{\"@id\":\"https:\/\/www.comunidadeativa.jor.br\/index.php\/2021\/11\/11\/iepha-mg-publica-video-que-leva-o-espectador-a-um-tour-pelo-palacio-da-liberdade\/#primaryimage\"},\"thumbnailUrl\":\"https:\/\/www.comunidadeativa.jor.br\/wp-content\/uploads\/2021\/11\/capa-7.jpg\",\"datePublished\":\"2021-11-11T20:39:49+00:00\",\"dateModified\":\"2023-08-11T22:23:14+00:00\",\"breadcrumb\":{\"@id\":\"https:\/\/www.comunidadeativa.jor.br\/index.php\/2021\/11\/11\/iepha-mg-publica-video-que-leva-o-espectador-a-um-tour-pelo-palacio-da-liberdade\/#breadcrumb\"},\"inLanguage\":\"pt-BR\",\"potentialAction\":[{\"@type\":\"ReadAction\",\"target\":[\"https:\/\/www.comunidadeativa.jor.br\/index.php\/2021\/11\/11\/iepha-mg-publica-video-que-leva-o-espectador-a-um-tour-pelo-palacio-da-liberdade\/\"]}]},{\"@type\":\"ImageObject\",\"inLanguage\":\"pt-BR\",\"@id\":\"https:\/\/www.comunidadeativa.jor.br\/index.php\/2021\/11\/11\/iepha-mg-publica-video-que-leva-o-espectador-a-um-tour-pelo-palacio-da-liberdade\/#primaryimage\",\"url\":\"https:\/\/www.comunidadeativa.jor.br\/wp-content\/uploads\/2021\/11\/capa-7.jpg\",\"contentUrl\":\"https:\/\/www.comunidadeativa.jor.br\/wp-content\/uploads\/2021\/11\/capa-7.jpg\",\"width\":640,\"height\":352,\"caption\":\"Foto: Iepha\/MG - Izabel Chumbinho\"},{\"@type\":\"BreadcrumbList\",\"@id\":\"https:\/\/www.comunidadeativa.jor.br\/index.php\/2021\/11\/11\/iepha-mg-publica-video-que-leva-o-espectador-a-um-tour-pelo-palacio-da-liberdade\/#breadcrumb\",\"itemListElement\":[{\"@type\":\"ListItem\",\"position\":1,\"name\":\"In\u00edcio\",\"item\":\"https:\/\/www.comunidadeativa.jor.br\/\"},{\"@type\":\"ListItem\",\"position\":2,\"name\":\"Iepha\/MG publica v\u00eddeo que leva o espectador a um tour pelo Pal\u00e1cio da Liberdade\"}]},{\"@type\":\"WebSite\",\"@id\":\"https:\/\/www.comunidadeativa.jor.br\/#website\",\"url\":\"https:\/\/www.comunidadeativa.jor.br\/\",\"name\":\"Comunidade Ativa\",\"description\":\"\",\"publisher\":{\"@id\":\"https:\/\/www.comunidadeativa.jor.br\/#organization\"},\"potentialAction\":[{\"@type\":\"SearchAction\",\"target\":{\"@type\":\"EntryPoint\",\"urlTemplate\":\"https:\/\/www.comunidadeativa.jor.br\/?s={search_term_string}\"},\"query-input\":{\"@type\":\"PropertyValueSpecification\",\"valueRequired\":true,\"valueName\":\"search_term_string\"}}],\"inLanguage\":\"pt-BR\"},{\"@type\":\"Organization\",\"@id\":\"https:\/\/www.comunidadeativa.jor.br\/#organization\",\"name\":\"Comunidade Ativa\",\"url\":\"https:\/\/www.comunidadeativa.jor.br\/\",\"logo\":{\"@type\":\"ImageObject\",\"inLanguage\":\"pt-BR\",\"@id\":\"https:\/\/www.comunidadeativa.jor.br\/#\/schema\/logo\/image\/\",\"url\":\"https:\/\/www.comunidadeativa.jor.br\/wp-content\/uploads\/2018\/03\/cropped-LOGOPNG-1.png\",\"contentUrl\":\"https:\/\/www.comunidadeativa.jor.br\/wp-content\/uploads\/2018\/03\/cropped-LOGOPNG-1.png\",\"width\":318,\"height\":90,\"caption\":\"Comunidade Ativa\"},\"image\":{\"@id\":\"https:\/\/www.comunidadeativa.jor.br\/#\/schema\/logo\/image\/\"},\"sameAs\":[\"https:\/\/www.facebook.com\/comunidadeativa\"]},{\"@type\":\"Person\",\"@id\":\"https:\/\/www.comunidadeativa.jor.br\/#\/schema\/person\/dcaa1f1c51c1f0c47a33b2b734cad6e1\",\"name\":\"Comunidade Ativa\",\"image\":{\"@type\":\"ImageObject\",\"inLanguage\":\"pt-BR\",\"@id\":\"https:\/\/www.comunidadeativa.jor.br\/#\/schema\/person\/image\/\",\"url\":\"https:\/\/secure.gravatar.com\/avatar\/09a9a1f85fedf41e81b47f7c1d40084f?s=96&d=mm&r=g\",\"contentUrl\":\"https:\/\/secure.gravatar.com\/avatar\/09a9a1f85fedf41e81b47f7c1d40084f?s=96&d=mm&r=g\",\"caption\":\"Comunidade Ativa\"},\"url\":\"https:\/\/www.comunidadeativa.jor.br\/index.php\/author\/casalberto\/\"}]}<\/script>\n<!-- \/ Yoast SEO plugin. -->","yoast_head_json":{"title":"Iepha\/MG publica v\u00eddeo que leva o espectador a um tour pelo Pal\u00e1cio da Liberdade - Comunidade Ativa","robots":{"index":"index","follow":"follow","max-snippet":"max-snippet:-1","max-image-preview":"max-image-preview:large","max-video-preview":"max-video-preview:-1"},"canonical":"https:\/\/www.comunidadeativa.jor.br\/index.php\/2021\/11\/11\/iepha-mg-publica-video-que-leva-o-espectador-a-um-tour-pelo-palacio-da-liberdade\/","og_locale":"pt_BR","og_type":"article","og_title":"Iepha\/MG publica v\u00eddeo que leva o espectador a um tour pelo Pal\u00e1cio da Liberdade - Comunidade Ativa","og_description":"Seguindo uma tend\u00eancia que, ao que parece, veio com a pandemia e resolveu ficar, o Instituto Estadual do Patrim\u00f4nio Hist\u00f3rico","og_url":"https:\/\/www.comunidadeativa.jor.br\/index.php\/2021\/11\/11\/iepha-mg-publica-video-que-leva-o-espectador-a-um-tour-pelo-palacio-da-liberdade\/","og_site_name":"Comunidade Ativa","article_publisher":"https:\/\/www.facebook.com\/comunidadeativa","article_published_time":"2021-11-11T20:39:49+00:00","article_modified_time":"2023-08-11T22:23:14+00:00","og_image":[{"width":640,"height":352,"url":"https:\/\/www.comunidadeativa.jor.br\/wp-content\/uploads\/2021\/11\/capa-7.jpg","type":"image\/jpeg"}],"author":"Comunidade Ativa","twitter_card":"summary_large_image","twitter_misc":{"Escrito por":"Comunidade Ativa","Est. tempo de leitura":"2 minutos"},"schema":{"@context":"https:\/\/schema.org","@graph":[{"@type":"Article","@id":"https:\/\/www.comunidadeativa.jor.br\/index.php\/2021\/11\/11\/iepha-mg-publica-video-que-leva-o-espectador-a-um-tour-pelo-palacio-da-liberdade\/#article","isPartOf":{"@id":"https:\/\/www.comunidadeativa.jor.br\/index.php\/2021\/11\/11\/iepha-mg-publica-video-que-leva-o-espectador-a-um-tour-pelo-palacio-da-liberdade\/"},"author":{"name":"Comunidade Ativa","@id":"https:\/\/www.comunidadeativa.jor.br\/#\/schema\/person\/dcaa1f1c51c1f0c47a33b2b734cad6e1"},"headline":"Iepha\/MG publica v\u00eddeo que leva o espectador a um tour pelo Pal\u00e1cio da Liberdade","datePublished":"2021-11-11T20:39:49+00:00","dateModified":"2023-08-11T22:23:14+00:00","mainEntityOfPage":{"@id":"https:\/\/www.comunidadeativa.jor.br\/index.php\/2021\/11\/11\/iepha-mg-publica-video-que-leva-o-espectador-a-um-tour-pelo-palacio-da-liberdade\/"},"wordCount":439,"publisher":{"@id":"https:\/\/www.comunidadeativa.jor.br\/#organization"},"image":{"@id":"https:\/\/www.comunidadeativa.jor.br\/index.php\/2021\/11\/11\/iepha-mg-publica-video-que-leva-o-espectador-a-um-tour-pelo-palacio-da-liberdade\/#primaryimage"},"thumbnailUrl":"https:\/\/www.comunidadeativa.jor.br\/wp-content\/uploads\/2021\/11\/capa-7.jpg","articleSection":["Cultura"],"inLanguage":"pt-BR"},{"@type":"WebPage","@id":"https:\/\/www.comunidadeativa.jor.br\/index.php\/2021\/11\/11\/iepha-mg-publica-video-que-leva-o-espectador-a-um-tour-pelo-palacio-da-liberdade\/","url":"https:\/\/www.comunidadeativa.jor.br\/index.php\/2021\/11\/11\/iepha-mg-publica-video-que-leva-o-espectador-a-um-tour-pelo-palacio-da-liberdade\/","name":"Iepha\/MG publica v\u00eddeo que leva o espectador a um tour pelo Pal\u00e1cio da Liberdade - Comunidade Ativa","isPartOf":{"@id":"https:\/\/www.comunidadeativa.jor.br\/#website"},"primaryImageOfPage":{"@id":"https:\/\/www.comunidadeativa.jor.br\/index.php\/2021\/11\/11\/iepha-mg-publica-video-que-leva-o-espectador-a-um-tour-pelo-palacio-da-liberdade\/#primaryimage"},"image":{"@id":"https:\/\/www.comunidadeativa.jor.br\/index.php\/2021\/11\/11\/iepha-mg-publica-video-que-leva-o-espectador-a-um-tour-pelo-palacio-da-liberdade\/#primaryimage"},"thumbnailUrl":"https:\/\/www.comunidadeativa.jor.br\/wp-content\/uploads\/2021\/11\/capa-7.jpg","datePublished":"2021-11-11T20:39:49+00:00","dateModified":"2023-08-11T22:23:14+00:00","breadcrumb":{"@id":"https:\/\/www.comunidadeativa.jor.br\/index.php\/2021\/11\/11\/iepha-mg-publica-video-que-leva-o-espectador-a-um-tour-pelo-palacio-da-liberdade\/#breadcrumb"},"inLanguage":"pt-BR","potentialAction":[{"@type":"ReadAction","target":["https:\/\/www.comunidadeativa.jor.br\/index.php\/2021\/11\/11\/iepha-mg-publica-video-que-leva-o-espectador-a-um-tour-pelo-palacio-da-liberdade\/"]}]},{"@type":"ImageObject","inLanguage":"pt-BR","@id":"https:\/\/www.comunidadeativa.jor.br\/index.php\/2021\/11\/11\/iepha-mg-publica-video-que-leva-o-espectador-a-um-tour-pelo-palacio-da-liberdade\/#primaryimage","url":"https:\/\/www.comunidadeativa.jor.br\/wp-content\/uploads\/2021\/11\/capa-7.jpg","contentUrl":"https:\/\/www.comunidadeativa.jor.br\/wp-content\/uploads\/2021\/11\/capa-7.jpg","width":640,"height":352,"caption":"Foto: Iepha\/MG - Izabel Chumbinho"},{"@type":"BreadcrumbList","@id":"https:\/\/www.comunidadeativa.jor.br\/index.php\/2021\/11\/11\/iepha-mg-publica-video-que-leva-o-espectador-a-um-tour-pelo-palacio-da-liberdade\/#breadcrumb","itemListElement":[{"@type":"ListItem","position":1,"name":"In\u00edcio","item":"https:\/\/www.comunidadeativa.jor.br\/"},{"@type":"ListItem","position":2,"name":"Iepha\/MG publica v\u00eddeo que leva o espectador a um tour pelo Pal\u00e1cio da Liberdade"}]},{"@type":"WebSite","@id":"https:\/\/www.comunidadeativa.jor.br\/#website","url":"https:\/\/www.comunidadeativa.jor.br\/","name":"Comunidade Ativa","description":"","publisher":{"@id":"https:\/\/www.comunidadeativa.jor.br\/#organization"},"potentialAction":[{"@type":"SearchAction","target":{"@type":"EntryPoint","urlTemplate":"https:\/\/www.comunidadeativa.jor.br\/?s={search_term_string}"},"query-input":{"@type":"PropertyValueSpecification","valueRequired":true,"valueName":"search_term_string"}}],"inLanguage":"pt-BR"},{"@type":"Organization","@id":"https:\/\/www.comunidadeativa.jor.br\/#organization","name":"Comunidade Ativa","url":"https:\/\/www.comunidadeativa.jor.br\/","logo":{"@type":"ImageObject","inLanguage":"pt-BR","@id":"https:\/\/www.comunidadeativa.jor.br\/#\/schema\/logo\/image\/","url":"https:\/\/www.comunidadeativa.jor.br\/wp-content\/uploads\/2018\/03\/cropped-LOGOPNG-1.png","contentUrl":"https:\/\/www.comunidadeativa.jor.br\/wp-content\/uploads\/2018\/03\/cropped-LOGOPNG-1.png","width":318,"height":90,"caption":"Comunidade Ativa"},"image":{"@id":"https:\/\/www.comunidadeativa.jor.br\/#\/schema\/logo\/image\/"},"sameAs":["https:\/\/www.facebook.com\/comunidadeativa"]},{"@type":"Person","@id":"https:\/\/www.comunidadeativa.jor.br\/#\/schema\/person\/dcaa1f1c51c1f0c47a33b2b734cad6e1","name":"Comunidade Ativa","image":{"@type":"ImageObject","inLanguage":"pt-BR","@id":"https:\/\/www.comunidadeativa.jor.br\/#\/schema\/person\/image\/","url":"https:\/\/secure.gravatar.com\/avatar\/09a9a1f85fedf41e81b47f7c1d40084f?s=96&d=mm&r=g","contentUrl":"https:\/\/secure.gravatar.com\/avatar\/09a9a1f85fedf41e81b47f7c1d40084f?s=96&d=mm&r=g","caption":"Comunidade Ativa"},"url":"https:\/\/www.comunidadeativa.jor.br\/index.php\/author\/casalberto\/"}]}},"_links":{"self":[{"href":"https:\/\/www.comunidadeativa.jor.br\/index.php\/wp-json\/wp\/v2\/posts\/2665","targetHints":{"allow":["GET"]}}],"collection":[{"href":"https:\/\/www.comunidadeativa.jor.br\/index.php\/wp-json\/wp\/v2\/posts"}],"about":[{"href":"https:\/\/www.comunidadeativa.jor.br\/index.php\/wp-json\/wp\/v2\/types\/post"}],"author":[{"embeddable":true,"href":"https:\/\/www.comunidadeativa.jor.br\/index.php\/wp-json\/wp\/v2\/users\/1"}],"replies":[{"embeddable":true,"href":"https:\/\/www.comunidadeativa.jor.br\/index.php\/wp-json\/wp\/v2\/comments?post=2665"}],"version-history":[{"count":5,"href":"https:\/\/www.comunidadeativa.jor.br\/index.php\/wp-json\/wp\/v2\/posts\/2665\/revisions"}],"predecessor-version":[{"id":3942,"href":"https:\/\/www.comunidadeativa.jor.br\/index.php\/wp-json\/wp\/v2\/posts\/2665\/revisions\/3942"}],"wp:featuredmedia":[{"embeddable":true,"href":"https:\/\/www.comunidadeativa.jor.br\/index.php\/wp-json\/wp\/v2\/media\/2668"}],"wp:attachment":[{"href":"https:\/\/www.comunidadeativa.jor.br\/index.php\/wp-json\/wp\/v2\/media?parent=2665"}],"wp:term":[{"taxonomy":"category","embeddable":true,"href":"https:\/\/www.comunidadeativa.jor.br\/index.php\/wp-json\/wp\/v2\/categories?post=2665"},{"taxonomy":"post_tag","embeddable":true,"href":"https:\/\/www.comunidadeativa.jor.br\/index.php\/wp-json\/wp\/v2\/tags?post=2665"}],"curies":[{"name":"wp","href":"https:\/\/api.w.org\/{rel}","templated":true}]}}