{"id":2675,"date":"2021-11-15T10:00:44","date_gmt":"2021-11-15T13:00:44","guid":{"rendered":"https:\/\/www.comunidadeativa.jor.br\/?p=2675"},"modified":"2023-08-11T19:25:25","modified_gmt":"2023-08-11T22:25:25","slug":"7-maneiras-praticas-para-agirmos-diante-das-mudancas-climaticas","status":"publish","type":"post","link":"https:\/\/www.comunidadeativa.jor.br\/index.php\/2021\/11\/15\/7-maneiras-praticas-para-agirmos-diante-das-mudancas-climaticas\/","title":{"rendered":"7 maneiras pr\u00e1ticas para agirmos diante das mudan\u00e7as clim\u00e1ticas"},"content":{"rendered":"<p>Mesmo que algumas pessoas teimem em n\u00e3o admitir a realidade, as mudan\u00e7as clim\u00e1ticas geram uma situa\u00e7\u00e3o com a qual precisamos aprender a lidar em nossa vida di\u00e1ria. Por\u00e9m, como estamos falando de um fen\u00f4meno global, que mescla processos naturais, que n\u00e3o est\u00e3o ao nosso alcance controlar, com outros que s\u00e3o resultado direto da a\u00e7\u00e3o humana em n\u00edvel planet\u00e1rio, \u00e9 natural que, diante da grandeza do problema, surja um sentimento de impot\u00eancia individual.<\/p>\n<p>Contudo, para o professor <a href=\"https:\/\/theconversation.com\/profiles\/thomas-s-bateman-170732\"><strong>Thomas S. Bateman<\/strong><\/a>, que leciona Comportamento Organizacional na Universidade da Virginia, nos Estados Unidos, rejeitar a passividade deveria ser a \u00fanica maneira de a sociedade agir de forma suficiente sobre uma cat\u00e1strofe que caminha para adquirir propor\u00e7\u00f5es jamais enfrentadas pela humanidade. Pra isso, Bateman considera necess\u00e1rio buscarmos atitudes que nos permitam participar ativamente da rea\u00e7\u00e3o necess\u00e1ria.<\/p>\n<p>Em <a href=\"https:\/\/theconversation.com\/7-ways-to-get-proactive-about-climate-change-instead-of-feeling-helpless-lessons-from-a-leadership-expert-166144\" target=\"_blank\" rel=\"noopener\">artigo publicado no site The Conversation<\/a>, o professor apresenta setes sugest\u00f5es sobre como podemos nos tornar mais proativos diante dessa quest\u00e3o que \u00e9 um problema real que todos n\u00f3s devemos enfrentar. Confira!<\/p>\n<h5>1. Procure identificar-se com o futuro do planeta<\/h5>\n<p>De acordo com Bateman, o que ele chama de <em>autoidentidade<\/em> diz respeito a como voc\u00ea se v\u00ea e se descreve, e isso gera <a href=\"https:\/\/doi.org\/10.1007\/s12053-021-09958-9\">comportamentos correspondentes<\/a>.\u00a0\u201cA maneira como voc\u00ea se identifica pode ajud\u00e1-lo a pensar sobre seu futuro, escolher suas a\u00e7\u00f5es preferidas e\u00a0<a href=\"https:\/\/doi.org\/10.1007\/s12053-021-09958-9\">fornecer um padr\u00e3o ou modelo motivador pelo qual a pessoa queira se esfor\u00e7ar<\/a> . D\u00ea um passo adiante ao \u2018cuidar\u2019, ao se ver como uma pessoa proativa que pensa no futuro e que ajuda a tornar esse futuro melhor do que seria sem suas contribui\u00e7\u00f5es\u201d, recomenda.<\/p>\n<h5><strong>2. Avalie com honestidade\u00a0 o que voc\u00ea tem feito para ajudar reduzir os efeitos nocivos das mudan\u00e7as clim\u00e1ticas.<\/strong><\/h5>\n<p>Bateman destaca que as pessoas s\u00e3o inclinadas a superestimarem suas pr\u00f3prias habilidades \u2014 como as de dirigir, de praticar algum esporte ou de liderar.\u00a0 A mesma tend\u00eancia se aplicaria \u00e0 vis\u00e3o que elas t\u00eam de si mesma com rela\u00e7\u00e3o a serem <a href=\"https:\/\/doi.org\/10.1080\/01973533.2019.1689364\">ecologicamente mais corretas do que a maioria<\/a>, o que cria um preconceito enganoso, que \u00e9 capaz de gerar complac\u00eancia e impedir a a\u00e7\u00e3o.<\/p>\n<p>Para combater essa postura, o professor aconselha \u00e0s pessoas se avaliarem com precis\u00e3o em compara\u00e7\u00e3o com o que poderiam e deveriam estar fazendo. \u201cA maioria ver\u00e1 um grande potencial inexplorado para fazer a diferen\u00e7a. Para liberar esse potencial, considere a aplica\u00e7\u00e3o de estrat\u00e9gias de gerenciamento de tempo encontradas no gerenciamento de neg\u00f3cios, que podem libert\u00e1-lo de in\u00fameras tarefas desagrad\u00e1veis \u200b\u200be improdutivas e permitir que voc\u00ea\u00a0<a href=\"https:\/\/hbr.org\/2013\/09\/make-time-for-the-work-that-matters\">dedique aten\u00e7\u00e3o e tempo a atividades impactantes que tiram o m\u00e1ximo proveito de suas habilidades<\/a>\u201d, indica Bateman.<\/p>\n<h5>3. Busque o engajamento verdadeiramente respons\u00e1vel<\/h5>\n<p>O professor destaca que o <a href=\"https:\/\/doi.org\/10.1016\/j.gloenvcha.2016.11.001\">sentimento de responsabilidade motiva a a\u00e7\u00e3o<\/a>. Por outro lado, h\u00e1 a quest\u00e3o chave relacionada a como voc\u00ea define responsabilidade. \u201cIsso \u00e9 diferente de atribuir toda a responsabilidade de consertar as coisas aos mais culpados. No jogo da culpa, <a href=\"https:\/\/doi.org\/10.1016\/j.oneear.2021.04.014\">as empresas de combust\u00edveis f\u00f3sseis trabalharam duro para transferir a<\/a> responsabilidade pela situa\u00e7\u00e3o dif\u00edcil das mudan\u00e7as clim\u00e1ticas para os consumidores e n\u00e3o para si mesmas\u201d, exemplifica.<\/p>\n<p>Como dica de inspira\u00e7\u00e3o para essa atitude, Bateman lembra o pensamento do dramaturgo e jornalista irland\u00eas George Bernard Shaw que disse que n<em>\u00f3s nos tornamos s\u00e1bios n\u00e3o pela lembran\u00e7a de nosso passado, mas pela responsabilidade por nosso futuro<\/em>.<\/p>\n<h5>4. Decida pensar ativamente nas mudan\u00e7as para o futuro<\/h5>\n<p>O professor considera que, de modo geral, <a href=\"https:\/\/doi.org\/10.1016\/j.copsyc.2018.04.005\">quem pensa mais no futuro<\/a> produz resultados melhores na vida e no trabalho do que quem s\u00f3 pensa no presente. \u201cCom rela\u00e7\u00e3o \u00e0s mudan\u00e7as clim\u00e1ticas, \u00e9 imperativo <a href=\"https:\/\/www.npr.org\/sections\/goatsandsoda\/2019\/03\/11\/688876374\/its-2050-and-this-is-how-we-stopped-climate-change\">olhar<\/a>\u00a0para\u00a0<a href=\"https:\/\/www.npr.org\/sections\/goatsandsoda\/2019\/03\/11\/688876374\/its-2050-and-this-is-how-we-stopped-climate-change\">frente<\/a>\u00a0e agir de acordo para que voc\u00ea consiga ajudar a criar os melhores resultados poss\u00edveis, em vez de deix\u00e1-los ao acaso\u201d, compara.<\/p>\n<p>Bateman diz que os principais psic\u00f3logos da atualidade aconselham \u00e0s pessoas <a href=\"https:\/\/doi.org\/10.1177\/1745691612474317\">pensarem ativamente<\/a> em futuros prov\u00e1veis e recomenda a elas explorem oportunidades que indiquem os melhores caminhos para o futuro, adotando uma postura semelhante \u00e0 dos\u00a0 garimpeiros e dos vendedores que buscam de novos interessados em um produto.<\/p>\n<h5>5. Busque informa\u00e7\u00f5es sobre os grandes desafios para a humanidade<\/h5>\n<p>Como est\u00e1 cada vez mais claro, as mudan\u00e7as clim\u00e1ticas afetam tudo, o que torna f\u00e1cil para qualquer pessoa encontrar um campo do conhecimento que venha a ser especialmente interessante para ela. A partir desse interesse, Bateman recomenda <a href=\"https:\/\/doi.org\/10.1093\/biosci\/biab079\">aprender o suficiente<\/a><u> sobre aquele tema<\/u>, fazendo isso a partir de fontes confi\u00e1veis, que sejam capazes de fornecer informa\u00e7\u00f5es que tornem poss\u00edvel debater com seguran\u00e7a com outras pessoas.<\/p>\n<p>Pra isso, o professor indica as fontes a seguir.<\/p>\n<ul>\n<li><a href=\"https:\/\/drawdown.org\/\">Projeto Drawdown<\/a>, que oferece solu\u00e7\u00f5es gerais para reduzir as emiss\u00f5es de gases de efeito estufa.<\/li>\n<li>O departamento de Administra\u00e7\u00e3o Oce\u00e2nica e Atmosf\u00e9rica Nacional, dos Estados Unidos, \u00a0(NOAA, na sigla em ingl\u00eas), que fornece conselhos sobre o <a href=\"https:\/\/www.climate.gov\/news-features\/climate-qa\/what-can-we-do-slow-or-stop-global-warming\">que os indiv\u00edduos podem fazer<\/a> e onde podem aprender mais.<\/li>\n<li>A\u00a0<a href=\"https:\/\/www.bbc.com\/future\/article\/20181102-what-can-i-do-about-climate-change\">lista de dez maneiras simples<\/a> de agir contra as mudan\u00e7as clim\u00e1ticas da BBC.<\/li>\n<li><a href=\"https:\/\/www.publicaffairsbooks.com\/titles\/michael-e-mann\/the-new-climate-war\/9781541758223\/\">O novo livro do<\/a>\u00a0cientista clim\u00e1tico\u00a0<a href=\"https:\/\/www.publicaffairsbooks.com\/titles\/michael-e-mann\/the-new-climate-war\/9781541758223\/\">Michael Mann<\/a>\u00a0que discute o que os indiv\u00edduos podem fazer no \u00e2mbito da pol\u00edtica e da a\u00e7\u00e3o coletiva para obterem maior impacto de suas a\u00e7\u00f5es.<\/li>\n<\/ul>\n<h5>6. Ajude a resolver problemas e busque oportunidades construtivas<\/h5>\n<p>Bateman destaca um chav\u00e3o que \u00e9 sempre repetido em cursos de MBA, que recomenda <a href=\"https:\/\/doi.org\/10.1177\/0021886307313824\">transformar problemas em oportunidades<\/a>. \u201cAs mudan\u00e7as clim\u00e1ticas oferecem muitas oportunidades, desde fontes de energia mais limpas at\u00e9 melhores t\u00e9cnicas de constru\u00e7\u00e3o e produ\u00e7\u00e3o de alimentos\u201d, observa.<\/p>\n<p>Segundo o professor, a partir dessa abordagem, em vez falar apenas do controle de danos de curto prazo, \u00e9 poss\u00edvel conversar sobre mudan\u00e7as de longo prazo. \u201cEla tamb\u00e9m revela diversos pontos de vista, aborda problemas subjacentes, em vez de apenas seus sintomas vis\u00edveis, e incentiva mais ideias, melhorando assim a resolu\u00e7\u00e3o de problemas\u201d, explica.<\/p>\n<h5>7. Aborde as ra\u00edzes dos problemas e abrace a <em>multissolu\u00e7\u00e3o<\/em><\/h5>\n<p>Como especialista em comportamento organizacional, Bateman lembra que, muito al\u00e9m da percep\u00e7\u00e3o das consequ\u00eancias mais vis\u00edveis, a solu\u00e7\u00e3o dos problemas nas organiza\u00e7\u00f5es exige a identifica\u00e7\u00e3o e a solu\u00e7\u00e3o das causas. \u201cA <em><a href=\"https:\/\/ssir.org\/articles\/entry\/the_magic_of_multisolving\">multissolu\u00e7\u00e3o<\/a><\/em> identifica solu\u00e7\u00f5es que abordam a causa raiz de v\u00e1rios problemas. A mudan\u00e7a clim\u00e1tica \u00e9 a raiz de muitos problemas atuais, desde desastres e extin\u00e7\u00e3o de esp\u00e9cies at\u00e9 escassez de alimentos e \u00e1gua, injusti\u00e7a social e guerras\u201d, afirma.<\/p>\n<p>O professor considera que a interrup\u00e7\u00e3o das mudan\u00e7as clim\u00e1ticas pode ajudar a aliviar as press\u00f5es em v\u00e1rias \u00e1reas. \u201cPortanto, esfor\u00e7os pessoais para reduzir sua <em><a href=\"https:\/\/www.comunidadeativa.jor.br\/index.php\/2020\/08\/25\/calcule-sua-pegada-ecologica-e-entenda-a-importancia-que-ela-tem-para-a-sua-vida\/\" target=\"_blank\" rel=\"noopener\">pegada de carbono<\/a><\/em>, como o de usar menos combust\u00edvel f\u00f3ssil, ajudam. O mesmo acontece ao <a href=\"https:\/\/yaleclimateconnections.org\/2021\/01\/scientist-mike-manns-must-read-book-the-new-climate-war\/\">pressionar pol\u00edticos e empresas<\/a>\u00a0para reduzirem as emiss\u00f5es de carbono e de metano, limitarem a extra\u00e7\u00e3o de combust\u00edvel f\u00f3ssil e investirem em energia zero carbono\u201d, diz.<\/p>\n<p>Bateman considera que as solu\u00e7\u00f5es para o problema do clima n\u00e3o s\u00f3 ser\u00e3o capazes de reduzir os danos, como tamb\u00e9m poder\u00e3o criar uma s\u00e9rie de benef\u00edcios. Mas, para que elas sejam encontradas, a participa\u00e7\u00e3o da sociedade \u00e9 indispens\u00e1vel. \u201cA estabiliza\u00e7\u00e3o do clima exigir\u00e1 ajuda de todas as partes. N\u00e3o \u00e9 apenas um momento de todos darem as m\u00e3os. O planeta precisa que todas m\u00e3os e cabe\u00e7as sejam proativas\u201d, conclui o professor.<!-- FINAL FORMULARIO BOTAO PAGSEGURO --><\/p>\n<form style=\"padding-left: 80px;\" action=\"https:\/\/pagseguro.uol.com.br\/checkout\/v2\/donation.html\" method=\"post\">\n<hr \/>\n<\/form>\n<p>&nbsp;<\/p>\n<p><strong><em>Uma dica<\/em><\/strong><\/p>\n<p><em>Para mais informa\u00e7\u00f5es sobre os temas abordados nessa mat\u00e9ria, acesse os links dispon\u00edveis ao longo do texto. Eles remetem \u00e0s fontes utilizadas aqui.\u00a0<\/em><\/p>\n<p><em>Uma dica: os artigos fora da p\u00e1gina do Comunidade Ativa que n\u00e3o estiverem em portugu\u00eas podem ser traduzidos automaticamente pelo navegador pelo seu navegador. Pra isso, basta clicar com o bot\u00e3o direito em qualquer ponto do texto a ser traduzido e escolher a op\u00e7\u00e3o \u201cTraduzir para o portugu\u00eas\u201d.\u00a0<\/em><\/p>\n<p>&nbsp;<\/p>\n<p>&nbsp;<\/p>\n","protected":false},"excerpt":{"rendered":"<p>Mesmo que algumas pessoas teimem em n\u00e3o admitir a realidade, as mudan\u00e7as clim\u00e1ticas geram uma situa\u00e7\u00e3o com a qual precisamos<\/p>\n","protected":false},"author":1,"featured_media":2676,"comment_status":"closed","ping_status":"open","sticky":false,"template":"","format":"standard","meta":{"footnotes":""},"categories":[3],"tags":[],"class_list":["post-2675","post","type-post","status-publish","format-standard","has-post-thumbnail","hentry","category-meio-ambiente"],"yoast_head":"<!-- This site is optimized with the Yoast SEO plugin v26.0 - https:\/\/yoast.com\/wordpress\/plugins\/seo\/ -->\n<title>7 maneiras pr\u00e1ticas para agirmos diante das mudan\u00e7as clim\u00e1ticas - Comunidade Ativa<\/title>\n<meta name=\"robots\" content=\"index, follow, max-snippet:-1, max-image-preview:large, max-video-preview:-1\" \/>\n<link rel=\"canonical\" href=\"https:\/\/www.comunidadeativa.jor.br\/index.php\/2021\/11\/15\/7-maneiras-praticas-para-agirmos-diante-das-mudancas-climaticas\/\" \/>\n<meta property=\"og:locale\" content=\"pt_BR\" \/>\n<meta property=\"og:type\" content=\"article\" \/>\n<meta property=\"og:title\" content=\"7 maneiras pr\u00e1ticas para agirmos diante das mudan\u00e7as clim\u00e1ticas - Comunidade Ativa\" \/>\n<meta property=\"og:description\" content=\"Mesmo que algumas pessoas teimem em n\u00e3o admitir a realidade, as mudan\u00e7as clim\u00e1ticas geram uma situa\u00e7\u00e3o com a qual precisamos\" \/>\n<meta property=\"og:url\" content=\"https:\/\/www.comunidadeativa.jor.br\/index.php\/2021\/11\/15\/7-maneiras-praticas-para-agirmos-diante-das-mudancas-climaticas\/\" \/>\n<meta property=\"og:site_name\" content=\"Comunidade Ativa\" \/>\n<meta property=\"article:publisher\" content=\"https:\/\/www.facebook.com\/comunidadeativa\" \/>\n<meta property=\"article:published_time\" content=\"2021-11-15T13:00:44+00:00\" \/>\n<meta property=\"article:modified_time\" content=\"2023-08-11T22:25:25+00:00\" \/>\n<meta property=\"og:image\" content=\"https:\/\/www.comunidadeativa.jor.br\/wp-content\/uploads\/2021\/11\/capa-9.jpg\" \/>\n\t<meta property=\"og:image:width\" content=\"640\" \/>\n\t<meta property=\"og:image:height\" content=\"352\" \/>\n\t<meta property=\"og:image:type\" content=\"image\/jpeg\" \/>\n<meta name=\"author\" content=\"Comunidade Ativa\" \/>\n<meta name=\"twitter:card\" content=\"summary_large_image\" \/>\n<meta name=\"twitter:label1\" content=\"Escrito por\" \/>\n\t<meta name=\"twitter:data1\" content=\"Comunidade Ativa\" \/>\n\t<meta name=\"twitter:label2\" content=\"Est. tempo de leitura\" \/>\n\t<meta name=\"twitter:data2\" content=\"7 minutos\" \/>\n<script type=\"application\/ld+json\" class=\"yoast-schema-graph\">{\"@context\":\"https:\/\/schema.org\",\"@graph\":[{\"@type\":\"Article\",\"@id\":\"https:\/\/www.comunidadeativa.jor.br\/index.php\/2021\/11\/15\/7-maneiras-praticas-para-agirmos-diante-das-mudancas-climaticas\/#article\",\"isPartOf\":{\"@id\":\"https:\/\/www.comunidadeativa.jor.br\/index.php\/2021\/11\/15\/7-maneiras-praticas-para-agirmos-diante-das-mudancas-climaticas\/\"},\"author\":{\"name\":\"Comunidade Ativa\",\"@id\":\"https:\/\/www.comunidadeativa.jor.br\/#\/schema\/person\/dcaa1f1c51c1f0c47a33b2b734cad6e1\"},\"headline\":\"7 maneiras pr\u00e1ticas para agirmos diante das mudan\u00e7as clim\u00e1ticas\",\"datePublished\":\"2021-11-15T13:00:44+00:00\",\"dateModified\":\"2023-08-11T22:25:25+00:00\",\"mainEntityOfPage\":{\"@id\":\"https:\/\/www.comunidadeativa.jor.br\/index.php\/2021\/11\/15\/7-maneiras-praticas-para-agirmos-diante-das-mudancas-climaticas\/\"},\"wordCount\":1373,\"publisher\":{\"@id\":\"https:\/\/www.comunidadeativa.jor.br\/#organization\"},\"image\":{\"@id\":\"https:\/\/www.comunidadeativa.jor.br\/index.php\/2021\/11\/15\/7-maneiras-praticas-para-agirmos-diante-das-mudancas-climaticas\/#primaryimage\"},\"thumbnailUrl\":\"https:\/\/www.comunidadeativa.jor.br\/wp-content\/uploads\/2021\/11\/capa-9.jpg\",\"articleSection\":[\"Meio Ambiente\"],\"inLanguage\":\"pt-BR\"},{\"@type\":\"WebPage\",\"@id\":\"https:\/\/www.comunidadeativa.jor.br\/index.php\/2021\/11\/15\/7-maneiras-praticas-para-agirmos-diante-das-mudancas-climaticas\/\",\"url\":\"https:\/\/www.comunidadeativa.jor.br\/index.php\/2021\/11\/15\/7-maneiras-praticas-para-agirmos-diante-das-mudancas-climaticas\/\",\"name\":\"7 maneiras pr\u00e1ticas para agirmos diante das mudan\u00e7as clim\u00e1ticas - Comunidade Ativa\",\"isPartOf\":{\"@id\":\"https:\/\/www.comunidadeativa.jor.br\/#website\"},\"primaryImageOfPage\":{\"@id\":\"https:\/\/www.comunidadeativa.jor.br\/index.php\/2021\/11\/15\/7-maneiras-praticas-para-agirmos-diante-das-mudancas-climaticas\/#primaryimage\"},\"image\":{\"@id\":\"https:\/\/www.comunidadeativa.jor.br\/index.php\/2021\/11\/15\/7-maneiras-praticas-para-agirmos-diante-das-mudancas-climaticas\/#primaryimage\"},\"thumbnailUrl\":\"https:\/\/www.comunidadeativa.jor.br\/wp-content\/uploads\/2021\/11\/capa-9.jpg\",\"datePublished\":\"2021-11-15T13:00:44+00:00\",\"dateModified\":\"2023-08-11T22:25:25+00:00\",\"breadcrumb\":{\"@id\":\"https:\/\/www.comunidadeativa.jor.br\/index.php\/2021\/11\/15\/7-maneiras-praticas-para-agirmos-diante-das-mudancas-climaticas\/#breadcrumb\"},\"inLanguage\":\"pt-BR\",\"potentialAction\":[{\"@type\":\"ReadAction\",\"target\":[\"https:\/\/www.comunidadeativa.jor.br\/index.php\/2021\/11\/15\/7-maneiras-praticas-para-agirmos-diante-das-mudancas-climaticas\/\"]}]},{\"@type\":\"ImageObject\",\"inLanguage\":\"pt-BR\",\"@id\":\"https:\/\/www.comunidadeativa.jor.br\/index.php\/2021\/11\/15\/7-maneiras-praticas-para-agirmos-diante-das-mudancas-climaticas\/#primaryimage\",\"url\":\"https:\/\/www.comunidadeativa.jor.br\/wp-content\/uploads\/2021\/11\/capa-9.jpg\",\"contentUrl\":\"https:\/\/www.comunidadeativa.jor.br\/wp-content\/uploads\/2021\/11\/capa-9.jpg\",\"width\":640,\"height\":352},{\"@type\":\"BreadcrumbList\",\"@id\":\"https:\/\/www.comunidadeativa.jor.br\/index.php\/2021\/11\/15\/7-maneiras-praticas-para-agirmos-diante-das-mudancas-climaticas\/#breadcrumb\",\"itemListElement\":[{\"@type\":\"ListItem\",\"position\":1,\"name\":\"In\u00edcio\",\"item\":\"https:\/\/www.comunidadeativa.jor.br\/\"},{\"@type\":\"ListItem\",\"position\":2,\"name\":\"7 maneiras pr\u00e1ticas para agirmos diante das mudan\u00e7as clim\u00e1ticas\"}]},{\"@type\":\"WebSite\",\"@id\":\"https:\/\/www.comunidadeativa.jor.br\/#website\",\"url\":\"https:\/\/www.comunidadeativa.jor.br\/\",\"name\":\"Comunidade Ativa\",\"description\":\"\",\"publisher\":{\"@id\":\"https:\/\/www.comunidadeativa.jor.br\/#organization\"},\"potentialAction\":[{\"@type\":\"SearchAction\",\"target\":{\"@type\":\"EntryPoint\",\"urlTemplate\":\"https:\/\/www.comunidadeativa.jor.br\/?s={search_term_string}\"},\"query-input\":{\"@type\":\"PropertyValueSpecification\",\"valueRequired\":true,\"valueName\":\"search_term_string\"}}],\"inLanguage\":\"pt-BR\"},{\"@type\":\"Organization\",\"@id\":\"https:\/\/www.comunidadeativa.jor.br\/#organization\",\"name\":\"Comunidade Ativa\",\"url\":\"https:\/\/www.comunidadeativa.jor.br\/\",\"logo\":{\"@type\":\"ImageObject\",\"inLanguage\":\"pt-BR\",\"@id\":\"https:\/\/www.comunidadeativa.jor.br\/#\/schema\/logo\/image\/\",\"url\":\"https:\/\/www.comunidadeativa.jor.br\/wp-content\/uploads\/2018\/03\/cropped-LOGOPNG-1.png\",\"contentUrl\":\"https:\/\/www.comunidadeativa.jor.br\/wp-content\/uploads\/2018\/03\/cropped-LOGOPNG-1.png\",\"width\":318,\"height\":90,\"caption\":\"Comunidade Ativa\"},\"image\":{\"@id\":\"https:\/\/www.comunidadeativa.jor.br\/#\/schema\/logo\/image\/\"},\"sameAs\":[\"https:\/\/www.facebook.com\/comunidadeativa\"]},{\"@type\":\"Person\",\"@id\":\"https:\/\/www.comunidadeativa.jor.br\/#\/schema\/person\/dcaa1f1c51c1f0c47a33b2b734cad6e1\",\"name\":\"Comunidade Ativa\",\"image\":{\"@type\":\"ImageObject\",\"inLanguage\":\"pt-BR\",\"@id\":\"https:\/\/www.comunidadeativa.jor.br\/#\/schema\/person\/image\/\",\"url\":\"https:\/\/secure.gravatar.com\/avatar\/09a9a1f85fedf41e81b47f7c1d40084f?s=96&d=mm&r=g\",\"contentUrl\":\"https:\/\/secure.gravatar.com\/avatar\/09a9a1f85fedf41e81b47f7c1d40084f?s=96&d=mm&r=g\",\"caption\":\"Comunidade Ativa\"},\"url\":\"https:\/\/www.comunidadeativa.jor.br\/index.php\/author\/casalberto\/\"}]}<\/script>\n<!-- \/ Yoast SEO plugin. -->","yoast_head_json":{"title":"7 maneiras pr\u00e1ticas para agirmos diante das mudan\u00e7as clim\u00e1ticas - Comunidade Ativa","robots":{"index":"index","follow":"follow","max-snippet":"max-snippet:-1","max-image-preview":"max-image-preview:large","max-video-preview":"max-video-preview:-1"},"canonical":"https:\/\/www.comunidadeativa.jor.br\/index.php\/2021\/11\/15\/7-maneiras-praticas-para-agirmos-diante-das-mudancas-climaticas\/","og_locale":"pt_BR","og_type":"article","og_title":"7 maneiras pr\u00e1ticas para agirmos diante das mudan\u00e7as clim\u00e1ticas - Comunidade Ativa","og_description":"Mesmo que algumas pessoas teimem em n\u00e3o admitir a realidade, as mudan\u00e7as clim\u00e1ticas geram uma situa\u00e7\u00e3o com a qual precisamos","og_url":"https:\/\/www.comunidadeativa.jor.br\/index.php\/2021\/11\/15\/7-maneiras-praticas-para-agirmos-diante-das-mudancas-climaticas\/","og_site_name":"Comunidade Ativa","article_publisher":"https:\/\/www.facebook.com\/comunidadeativa","article_published_time":"2021-11-15T13:00:44+00:00","article_modified_time":"2023-08-11T22:25:25+00:00","og_image":[{"width":640,"height":352,"url":"https:\/\/www.comunidadeativa.jor.br\/wp-content\/uploads\/2021\/11\/capa-9.jpg","type":"image\/jpeg"}],"author":"Comunidade Ativa","twitter_card":"summary_large_image","twitter_misc":{"Escrito por":"Comunidade Ativa","Est. tempo de leitura":"7 minutos"},"schema":{"@context":"https:\/\/schema.org","@graph":[{"@type":"Article","@id":"https:\/\/www.comunidadeativa.jor.br\/index.php\/2021\/11\/15\/7-maneiras-praticas-para-agirmos-diante-das-mudancas-climaticas\/#article","isPartOf":{"@id":"https:\/\/www.comunidadeativa.jor.br\/index.php\/2021\/11\/15\/7-maneiras-praticas-para-agirmos-diante-das-mudancas-climaticas\/"},"author":{"name":"Comunidade Ativa","@id":"https:\/\/www.comunidadeativa.jor.br\/#\/schema\/person\/dcaa1f1c51c1f0c47a33b2b734cad6e1"},"headline":"7 maneiras pr\u00e1ticas para agirmos diante das mudan\u00e7as clim\u00e1ticas","datePublished":"2021-11-15T13:00:44+00:00","dateModified":"2023-08-11T22:25:25+00:00","mainEntityOfPage":{"@id":"https:\/\/www.comunidadeativa.jor.br\/index.php\/2021\/11\/15\/7-maneiras-praticas-para-agirmos-diante-das-mudancas-climaticas\/"},"wordCount":1373,"publisher":{"@id":"https:\/\/www.comunidadeativa.jor.br\/#organization"},"image":{"@id":"https:\/\/www.comunidadeativa.jor.br\/index.php\/2021\/11\/15\/7-maneiras-praticas-para-agirmos-diante-das-mudancas-climaticas\/#primaryimage"},"thumbnailUrl":"https:\/\/www.comunidadeativa.jor.br\/wp-content\/uploads\/2021\/11\/capa-9.jpg","articleSection":["Meio Ambiente"],"inLanguage":"pt-BR"},{"@type":"WebPage","@id":"https:\/\/www.comunidadeativa.jor.br\/index.php\/2021\/11\/15\/7-maneiras-praticas-para-agirmos-diante-das-mudancas-climaticas\/","url":"https:\/\/www.comunidadeativa.jor.br\/index.php\/2021\/11\/15\/7-maneiras-praticas-para-agirmos-diante-das-mudancas-climaticas\/","name":"7 maneiras pr\u00e1ticas para agirmos diante das mudan\u00e7as clim\u00e1ticas - Comunidade Ativa","isPartOf":{"@id":"https:\/\/www.comunidadeativa.jor.br\/#website"},"primaryImageOfPage":{"@id":"https:\/\/www.comunidadeativa.jor.br\/index.php\/2021\/11\/15\/7-maneiras-praticas-para-agirmos-diante-das-mudancas-climaticas\/#primaryimage"},"image":{"@id":"https:\/\/www.comunidadeativa.jor.br\/index.php\/2021\/11\/15\/7-maneiras-praticas-para-agirmos-diante-das-mudancas-climaticas\/#primaryimage"},"thumbnailUrl":"https:\/\/www.comunidadeativa.jor.br\/wp-content\/uploads\/2021\/11\/capa-9.jpg","datePublished":"2021-11-15T13:00:44+00:00","dateModified":"2023-08-11T22:25:25+00:00","breadcrumb":{"@id":"https:\/\/www.comunidadeativa.jor.br\/index.php\/2021\/11\/15\/7-maneiras-praticas-para-agirmos-diante-das-mudancas-climaticas\/#breadcrumb"},"inLanguage":"pt-BR","potentialAction":[{"@type":"ReadAction","target":["https:\/\/www.comunidadeativa.jor.br\/index.php\/2021\/11\/15\/7-maneiras-praticas-para-agirmos-diante-das-mudancas-climaticas\/"]}]},{"@type":"ImageObject","inLanguage":"pt-BR","@id":"https:\/\/www.comunidadeativa.jor.br\/index.php\/2021\/11\/15\/7-maneiras-praticas-para-agirmos-diante-das-mudancas-climaticas\/#primaryimage","url":"https:\/\/www.comunidadeativa.jor.br\/wp-content\/uploads\/2021\/11\/capa-9.jpg","contentUrl":"https:\/\/www.comunidadeativa.jor.br\/wp-content\/uploads\/2021\/11\/capa-9.jpg","width":640,"height":352},{"@type":"BreadcrumbList","@id":"https:\/\/www.comunidadeativa.jor.br\/index.php\/2021\/11\/15\/7-maneiras-praticas-para-agirmos-diante-das-mudancas-climaticas\/#breadcrumb","itemListElement":[{"@type":"ListItem","position":1,"name":"In\u00edcio","item":"https:\/\/www.comunidadeativa.jor.br\/"},{"@type":"ListItem","position":2,"name":"7 maneiras pr\u00e1ticas para agirmos diante das mudan\u00e7as clim\u00e1ticas"}]},{"@type":"WebSite","@id":"https:\/\/www.comunidadeativa.jor.br\/#website","url":"https:\/\/www.comunidadeativa.jor.br\/","name":"Comunidade Ativa","description":"","publisher":{"@id":"https:\/\/www.comunidadeativa.jor.br\/#organization"},"potentialAction":[{"@type":"SearchAction","target":{"@type":"EntryPoint","urlTemplate":"https:\/\/www.comunidadeativa.jor.br\/?s={search_term_string}"},"query-input":{"@type":"PropertyValueSpecification","valueRequired":true,"valueName":"search_term_string"}}],"inLanguage":"pt-BR"},{"@type":"Organization","@id":"https:\/\/www.comunidadeativa.jor.br\/#organization","name":"Comunidade Ativa","url":"https:\/\/www.comunidadeativa.jor.br\/","logo":{"@type":"ImageObject","inLanguage":"pt-BR","@id":"https:\/\/www.comunidadeativa.jor.br\/#\/schema\/logo\/image\/","url":"https:\/\/www.comunidadeativa.jor.br\/wp-content\/uploads\/2018\/03\/cropped-LOGOPNG-1.png","contentUrl":"https:\/\/www.comunidadeativa.jor.br\/wp-content\/uploads\/2018\/03\/cropped-LOGOPNG-1.png","width":318,"height":90,"caption":"Comunidade Ativa"},"image":{"@id":"https:\/\/www.comunidadeativa.jor.br\/#\/schema\/logo\/image\/"},"sameAs":["https:\/\/www.facebook.com\/comunidadeativa"]},{"@type":"Person","@id":"https:\/\/www.comunidadeativa.jor.br\/#\/schema\/person\/dcaa1f1c51c1f0c47a33b2b734cad6e1","name":"Comunidade Ativa","image":{"@type":"ImageObject","inLanguage":"pt-BR","@id":"https:\/\/www.comunidadeativa.jor.br\/#\/schema\/person\/image\/","url":"https:\/\/secure.gravatar.com\/avatar\/09a9a1f85fedf41e81b47f7c1d40084f?s=96&d=mm&r=g","contentUrl":"https:\/\/secure.gravatar.com\/avatar\/09a9a1f85fedf41e81b47f7c1d40084f?s=96&d=mm&r=g","caption":"Comunidade Ativa"},"url":"https:\/\/www.comunidadeativa.jor.br\/index.php\/author\/casalberto\/"}]}},"_links":{"self":[{"href":"https:\/\/www.comunidadeativa.jor.br\/index.php\/wp-json\/wp\/v2\/posts\/2675","targetHints":{"allow":["GET"]}}],"collection":[{"href":"https:\/\/www.comunidadeativa.jor.br\/index.php\/wp-json\/wp\/v2\/posts"}],"about":[{"href":"https:\/\/www.comunidadeativa.jor.br\/index.php\/wp-json\/wp\/v2\/types\/post"}],"author":[{"embeddable":true,"href":"https:\/\/www.comunidadeativa.jor.br\/index.php\/wp-json\/wp\/v2\/users\/1"}],"replies":[{"embeddable":true,"href":"https:\/\/www.comunidadeativa.jor.br\/index.php\/wp-json\/wp\/v2\/comments?post=2675"}],"version-history":[{"count":4,"href":"https:\/\/www.comunidadeativa.jor.br\/index.php\/wp-json\/wp\/v2\/posts\/2675\/revisions"}],"predecessor-version":[{"id":2701,"href":"https:\/\/www.comunidadeativa.jor.br\/index.php\/wp-json\/wp\/v2\/posts\/2675\/revisions\/2701"}],"wp:featuredmedia":[{"embeddable":true,"href":"https:\/\/www.comunidadeativa.jor.br\/index.php\/wp-json\/wp\/v2\/media\/2676"}],"wp:attachment":[{"href":"https:\/\/www.comunidadeativa.jor.br\/index.php\/wp-json\/wp\/v2\/media?parent=2675"}],"wp:term":[{"taxonomy":"category","embeddable":true,"href":"https:\/\/www.comunidadeativa.jor.br\/index.php\/wp-json\/wp\/v2\/categories?post=2675"},{"taxonomy":"post_tag","embeddable":true,"href":"https:\/\/www.comunidadeativa.jor.br\/index.php\/wp-json\/wp\/v2\/tags?post=2675"}],"curies":[{"name":"wp","href":"https:\/\/api.w.org\/{rel}","templated":true}]}}