{"id":2772,"date":"2021-12-20T18:22:52","date_gmt":"2021-12-20T21:22:52","guid":{"rendered":"https:\/\/www.comunidadeativa.jor.br\/?p=2772"},"modified":"2023-08-11T19:27:09","modified_gmt":"2023-08-11T22:27:09","slug":"por-que-trocamos-presentes-no-natal","status":"publish","type":"post","link":"https:\/\/www.comunidadeativa.jor.br\/index.php\/2021\/12\/20\/por-que-trocamos-presentes-no-natal\/","title":{"rendered":"Por que valorizamos tanto a tradi\u00e7\u00e3o de presentear no Natal?"},"content":{"rendered":"<p>Faltam poucos dias para o Dia Mundial de Dar e Receber Presentes, que tamb\u00e9m \u00e9 conhecido como Natal. No per\u00edodo que antecede a data que \u00e9 a alegria dos fabricantes e comerciantes de produtos dos mais diversificados, boa parte da popula\u00e7\u00e3o mundial \u2014 claro, daquela que tem possibilidade de pensar nisso \u2014 est\u00e1 ocupada em comprar os mimos que ser\u00e3o distribu\u00eddos entre parentes e amigos nos dias 24 e 25 de dezembro.<\/p>\n<p>Mas, qual ser\u00e1 o motivo ficarmos t\u00e3o ansiosos para fazer as compras? Por que, afinal, nos sentimos t\u00e3o empenhados em presentear as pessoas no Natal?<\/p>\n<h5>Utilidade ritual\u00edstica<\/h5>\n<p>Se partirmos para uma an\u00e1lise fria, que se baseie somente na l\u00f3gica, a ideia de presentear n\u00e3o \u00e9 t\u00e3o boa assim. Afinal, temos que pagar por coisas que outras pessoas v\u00e3o usar \u2014 ou n\u00e3o \u2014 e, talvez, fosse mais apropriado que todos gast\u00e1ssemos dinheiro e tempo conforme nossas pr\u00f3prias necessidades e desejos.<\/p>\n<p>Por\u00e9m, de acordo com o professor e cientista cognitivo <a href=\"https:\/\/theconversation.com\/profiles\/dimitris-xygalatas-333091\" target=\"_blank\" rel=\"noopener\">Dimitris Xygalatas<\/a>, que leciona Antropologia e Ci\u00eancias Psicol\u00f3gicas na Universidade de Connecticut, nos Estados Unidos, pesquisas sugerem que h\u00e1 um significado muito especial na tradi\u00e7\u00e3o de presentear que vai al\u00e9m do interesse da posse. Em <a href=\"https:\/\/theconversation.com\/whats-the-point-of-holiday-gifts-173306\" target=\"_blank\" rel=\"noopener\">artigo publicado no The Conversation<\/a>, \u00a0Xygalatas revela que <a href=\"https:\/\/www.psychologytoday.com\/us\/blog\/the-social-self\/201012\/giving-really-is-better-receiving\" target=\"_blank\" rel=\"noopener\">gastar dinheiro com os outros<\/a> \u00e9 melhor do que <a href=\"https:\/\/www.psychologytoday.com\/us\/blog\/the-social-self\/201012\/giving-really-is-better-receiving\" target=\"_blank\" rel=\"noopener\">gastar dinheiro conosco<\/a>. \u201cNa verdade, os neurocientistas descobriram que fazer uma doa\u00e7\u00e3o aciona mais os <a href=\"https:\/\/www.pnas.org\/content\/103\/42\/15623.abstract\" target=\"_blank\" rel=\"noopener\">circuitos de recompensa<\/a> do c\u00e9rebro do que receber um presente. Al\u00e9m disso, a alegria de dar um presente dura mais do que o prazer passageiro de aceit\u00e1-lo\u201d, explica o professor.<\/p>\n<p>O cientista observa que, ao trocar presentes, manifestamos sentimentos de gratid\u00e3o que trazem satisfa\u00e7\u00e3o. \u201cAl\u00e9m disso, como fam\u00edlias e amigos conhecem os gostos, prefer\u00eancias e necessidades uns dos outros, \u00e9 prov\u00e1vel que a maioria das pessoas acabe recebendo o que queria, com a vantagem adicional de aproximar todos\u201d, considera.<\/p>\n<h5>Conex\u00f5es<\/h5>\n<p>Mas, n\u00e3o \u00e9 s\u00f3 no Natal que essa troca de agradecimentos acontece. Anivers\u00e1rio, casamentos, ch\u00e1s de panela ou de beb\u00ea e outras celebra\u00e7\u00f5es tamb\u00e9m criam oportunidades para que os convidados levem um presente para o anfitri\u00e3o. Da\u00ed, surge a expectativa de que estes retribuam com algum presente no futuro.<\/p>\n<p>De acordo com Xygalatas, essa troca cumpre v\u00e1rias fun\u00e7\u00f5es. \u201cPara os anfitri\u00f5es, fornece suporte material, muitas vezes durante per\u00edodos de transi\u00e7\u00e3o desafiadores, como come\u00e7ar uma nova fam\u00edlia. E para os convidados \u00e9 como investir dinheiro em um fundo, a ser usado quando chegar a hora de se tornarem anfitri\u00f5es. Al\u00e9m disso, os presentes ajudam a elevar o status simb\u00f3lico dos doadores junto ao recebedor, que est\u00e1 em posi\u00e7\u00e3o de organizar uma cerim\u00f4nia pr\u00f3diga, parcial ou totalmente financiada pelos convidados. Mais importante ainda, essas trocas ajudam a construir uma rede de la\u00e7os rituais entre as fam\u00edlias\u201d, diz.<\/p>\n<p>Xygalatas lembra que esse tipo de pr\u00e1tica ocorre at\u00e9 mesmo na pol\u00edtica, quando diplomatas e l\u00edderes que visitam um pa\u00eds estrangeiro trocam presentes com os anfitri\u00f5es. \u201cAs autoridades francesas costumam distribuir garrafas de vinho , enquanto os l\u00edderes italianos s\u00e3o conhecidos por oferecerem gravatas da moda. Outros presentes diplom\u00e1ticos podem ser mais incomuns. Quando o presidente Richard Nixon visitou a China em 1972, o presidente Mao Zedong enviou dois pandas gigantes, chamados Ling-Ling e Hsing-Hsing, ao Zool\u00f3gico Nacional em Washington, e governo dos Estados Unidos retribuiu enviando dois bois para a China\u201d, exemplifica.<\/p>\n<p>Portanto, o professor destaca que, de conchas trocadas entre moradores de ilhas no Pac\u00edfico a brinquedos e roupas colocados sob as \u00e1rvores de Natal, a partilha sempre esteve no centro de muitas tradi\u00e7\u00f5es rituais. \u201cIsso \u00e9 fundamentalmente diferente de outras formas de troca material, como com\u00e9rcio ou escambo. Isso se refere a uma regra mais geral de a\u00e7\u00f5es cerimoniais: eles n\u00e3o s\u00e3o o que parecem ser. Ao contr\u00e1rio dos comportamentos comuns, as a\u00e7\u00f5es rituais n\u00e3o s\u00e3o utilit\u00e1rias. \u00c9 essa mesma falta de utilidade \u00f3bvia que os torna especiais\u201d, conclui.<!-- FINAL FORMULARIO BOTAO PAGSEGURO --><\/p>\n<form style=\"padding-left: 80px;\" action=\"https:\/\/pagseguro.uol.com.br\/checkout\/v2\/donation.html\" method=\"post\">\n<hr \/>\n<\/form>\n<p>&nbsp;<\/p>\n<p><strong><em>Uma dica<\/em><\/strong><\/p>\n<p><em>Para mais informa\u00e7\u00f5es sobre os temas abordados nessa mat\u00e9ria, acesse os links dispon\u00edveis ao longo do texto. Eles remetem \u00e0s fontes utilizadas aqui.\u00a0<\/em><\/p>\n<p><em>Uma dica: os artigos fora da p\u00e1gina do Comunidade Ativa que n\u00e3o estiverem em portugu\u00eas podem ser traduzidos automaticamente pelo navegador pelo seu navegador. Pra isso, basta clicar com o bot\u00e3o direito em qualquer ponto do texto a ser traduzido e escolher a op\u00e7\u00e3o \u201cTraduzir para o portugu\u00eas\u201d.\u00a0<\/em><\/p>\n<p>&nbsp;<\/p>\n","protected":false},"excerpt":{"rendered":"<p>Faltam poucos dias para o Dia Mundial de Dar e Receber Presentes, que tamb\u00e9m \u00e9 conhecido como Natal. No per\u00edodo<\/p>\n","protected":false},"author":1,"featured_media":2773,"comment_status":"closed","ping_status":"open","sticky":false,"template":"","format":"standard","meta":{"footnotes":""},"categories":[15],"tags":[],"class_list":["post-2772","post","type-post","status-publish","format-standard","has-post-thumbnail","hentry","category-cultura"],"yoast_head":"<!-- This site is optimized with the Yoast SEO plugin v26.0 - https:\/\/yoast.com\/wordpress\/plugins\/seo\/ -->\n<title>Por que valorizamos tanto a tradi\u00e7\u00e3o de presentear no Natal? - Comunidade Ativa<\/title>\n<meta name=\"robots\" content=\"index, follow, max-snippet:-1, max-image-preview:large, max-video-preview:-1\" \/>\n<link rel=\"canonical\" href=\"https:\/\/www.comunidadeativa.jor.br\/index.php\/2021\/12\/20\/por-que-trocamos-presentes-no-natal\/\" \/>\n<meta property=\"og:locale\" content=\"pt_BR\" \/>\n<meta property=\"og:type\" content=\"article\" \/>\n<meta property=\"og:title\" content=\"Por que valorizamos tanto a tradi\u00e7\u00e3o de presentear no Natal? - Comunidade Ativa\" \/>\n<meta property=\"og:description\" content=\"Faltam poucos dias para o Dia Mundial de Dar e Receber Presentes, que tamb\u00e9m \u00e9 conhecido como Natal. No per\u00edodo\" \/>\n<meta property=\"og:url\" content=\"https:\/\/www.comunidadeativa.jor.br\/index.php\/2021\/12\/20\/por-que-trocamos-presentes-no-natal\/\" \/>\n<meta property=\"og:site_name\" content=\"Comunidade Ativa\" \/>\n<meta property=\"article:publisher\" content=\"https:\/\/www.facebook.com\/comunidadeativa\" \/>\n<meta property=\"article:published_time\" content=\"2021-12-20T21:22:52+00:00\" \/>\n<meta property=\"article:modified_time\" content=\"2023-08-11T22:27:09+00:00\" \/>\n<meta property=\"og:image\" content=\"https:\/\/www.comunidadeativa.jor.br\/wp-content\/uploads\/2021\/12\/capa-8.jpg\" \/>\n\t<meta property=\"og:image:width\" content=\"640\" \/>\n\t<meta property=\"og:image:height\" content=\"352\" \/>\n\t<meta property=\"og:image:type\" content=\"image\/jpeg\" \/>\n<meta name=\"author\" content=\"Comunidade Ativa\" \/>\n<meta name=\"twitter:card\" content=\"summary_large_image\" \/>\n<meta name=\"twitter:label1\" content=\"Escrito por\" \/>\n\t<meta name=\"twitter:data1\" content=\"Comunidade Ativa\" \/>\n\t<meta name=\"twitter:label2\" content=\"Est. tempo de leitura\" \/>\n\t<meta name=\"twitter:data2\" content=\"4 minutos\" \/>\n<script type=\"application\/ld+json\" class=\"yoast-schema-graph\">{\"@context\":\"https:\/\/schema.org\",\"@graph\":[{\"@type\":\"Article\",\"@id\":\"https:\/\/www.comunidadeativa.jor.br\/index.php\/2021\/12\/20\/por-que-trocamos-presentes-no-natal\/#article\",\"isPartOf\":{\"@id\":\"https:\/\/www.comunidadeativa.jor.br\/index.php\/2021\/12\/20\/por-que-trocamos-presentes-no-natal\/\"},\"author\":{\"name\":\"Comunidade Ativa\",\"@id\":\"https:\/\/www.comunidadeativa.jor.br\/#\/schema\/person\/dcaa1f1c51c1f0c47a33b2b734cad6e1\"},\"headline\":\"Por que valorizamos tanto a tradi\u00e7\u00e3o de presentear no Natal?\",\"datePublished\":\"2021-12-20T21:22:52+00:00\",\"dateModified\":\"2023-08-11T22:27:09+00:00\",\"mainEntityOfPage\":{\"@id\":\"https:\/\/www.comunidadeativa.jor.br\/index.php\/2021\/12\/20\/por-que-trocamos-presentes-no-natal\/\"},\"wordCount\":786,\"publisher\":{\"@id\":\"https:\/\/www.comunidadeativa.jor.br\/#organization\"},\"image\":{\"@id\":\"https:\/\/www.comunidadeativa.jor.br\/index.php\/2021\/12\/20\/por-que-trocamos-presentes-no-natal\/#primaryimage\"},\"thumbnailUrl\":\"https:\/\/www.comunidadeativa.jor.br\/wp-content\/uploads\/2021\/12\/capa-8.jpg\",\"articleSection\":[\"Cultura\"],\"inLanguage\":\"pt-BR\"},{\"@type\":\"WebPage\",\"@id\":\"https:\/\/www.comunidadeativa.jor.br\/index.php\/2021\/12\/20\/por-que-trocamos-presentes-no-natal\/\",\"url\":\"https:\/\/www.comunidadeativa.jor.br\/index.php\/2021\/12\/20\/por-que-trocamos-presentes-no-natal\/\",\"name\":\"Por que valorizamos tanto a tradi\u00e7\u00e3o de presentear no Natal? - Comunidade Ativa\",\"isPartOf\":{\"@id\":\"https:\/\/www.comunidadeativa.jor.br\/#website\"},\"primaryImageOfPage\":{\"@id\":\"https:\/\/www.comunidadeativa.jor.br\/index.php\/2021\/12\/20\/por-que-trocamos-presentes-no-natal\/#primaryimage\"},\"image\":{\"@id\":\"https:\/\/www.comunidadeativa.jor.br\/index.php\/2021\/12\/20\/por-que-trocamos-presentes-no-natal\/#primaryimage\"},\"thumbnailUrl\":\"https:\/\/www.comunidadeativa.jor.br\/wp-content\/uploads\/2021\/12\/capa-8.jpg\",\"datePublished\":\"2021-12-20T21:22:52+00:00\",\"dateModified\":\"2023-08-11T22:27:09+00:00\",\"breadcrumb\":{\"@id\":\"https:\/\/www.comunidadeativa.jor.br\/index.php\/2021\/12\/20\/por-que-trocamos-presentes-no-natal\/#breadcrumb\"},\"inLanguage\":\"pt-BR\",\"potentialAction\":[{\"@type\":\"ReadAction\",\"target\":[\"https:\/\/www.comunidadeativa.jor.br\/index.php\/2021\/12\/20\/por-que-trocamos-presentes-no-natal\/\"]}]},{\"@type\":\"ImageObject\",\"inLanguage\":\"pt-BR\",\"@id\":\"https:\/\/www.comunidadeativa.jor.br\/index.php\/2021\/12\/20\/por-que-trocamos-presentes-no-natal\/#primaryimage\",\"url\":\"https:\/\/www.comunidadeativa.jor.br\/wp-content\/uploads\/2021\/12\/capa-8.jpg\",\"contentUrl\":\"https:\/\/www.comunidadeativa.jor.br\/wp-content\/uploads\/2021\/12\/capa-8.jpg\",\"width\":640,\"height\":352},{\"@type\":\"BreadcrumbList\",\"@id\":\"https:\/\/www.comunidadeativa.jor.br\/index.php\/2021\/12\/20\/por-que-trocamos-presentes-no-natal\/#breadcrumb\",\"itemListElement\":[{\"@type\":\"ListItem\",\"position\":1,\"name\":\"In\u00edcio\",\"item\":\"https:\/\/www.comunidadeativa.jor.br\/\"},{\"@type\":\"ListItem\",\"position\":2,\"name\":\"Por que valorizamos tanto a tradi\u00e7\u00e3o de presentear no Natal?\"}]},{\"@type\":\"WebSite\",\"@id\":\"https:\/\/www.comunidadeativa.jor.br\/#website\",\"url\":\"https:\/\/www.comunidadeativa.jor.br\/\",\"name\":\"Comunidade Ativa\",\"description\":\"\",\"publisher\":{\"@id\":\"https:\/\/www.comunidadeativa.jor.br\/#organization\"},\"potentialAction\":[{\"@type\":\"SearchAction\",\"target\":{\"@type\":\"EntryPoint\",\"urlTemplate\":\"https:\/\/www.comunidadeativa.jor.br\/?s={search_term_string}\"},\"query-input\":{\"@type\":\"PropertyValueSpecification\",\"valueRequired\":true,\"valueName\":\"search_term_string\"}}],\"inLanguage\":\"pt-BR\"},{\"@type\":\"Organization\",\"@id\":\"https:\/\/www.comunidadeativa.jor.br\/#organization\",\"name\":\"Comunidade Ativa\",\"url\":\"https:\/\/www.comunidadeativa.jor.br\/\",\"logo\":{\"@type\":\"ImageObject\",\"inLanguage\":\"pt-BR\",\"@id\":\"https:\/\/www.comunidadeativa.jor.br\/#\/schema\/logo\/image\/\",\"url\":\"https:\/\/www.comunidadeativa.jor.br\/wp-content\/uploads\/2018\/03\/cropped-LOGOPNG-1.png\",\"contentUrl\":\"https:\/\/www.comunidadeativa.jor.br\/wp-content\/uploads\/2018\/03\/cropped-LOGOPNG-1.png\",\"width\":318,\"height\":90,\"caption\":\"Comunidade Ativa\"},\"image\":{\"@id\":\"https:\/\/www.comunidadeativa.jor.br\/#\/schema\/logo\/image\/\"},\"sameAs\":[\"https:\/\/www.facebook.com\/comunidadeativa\"]},{\"@type\":\"Person\",\"@id\":\"https:\/\/www.comunidadeativa.jor.br\/#\/schema\/person\/dcaa1f1c51c1f0c47a33b2b734cad6e1\",\"name\":\"Comunidade Ativa\",\"image\":{\"@type\":\"ImageObject\",\"inLanguage\":\"pt-BR\",\"@id\":\"https:\/\/www.comunidadeativa.jor.br\/#\/schema\/person\/image\/\",\"url\":\"https:\/\/secure.gravatar.com\/avatar\/09a9a1f85fedf41e81b47f7c1d40084f?s=96&d=mm&r=g\",\"contentUrl\":\"https:\/\/secure.gravatar.com\/avatar\/09a9a1f85fedf41e81b47f7c1d40084f?s=96&d=mm&r=g\",\"caption\":\"Comunidade Ativa\"},\"url\":\"https:\/\/www.comunidadeativa.jor.br\/index.php\/author\/casalberto\/\"}]}<\/script>\n<!-- \/ Yoast SEO plugin. -->","yoast_head_json":{"title":"Por que valorizamos tanto a tradi\u00e7\u00e3o de presentear no Natal? - Comunidade Ativa","robots":{"index":"index","follow":"follow","max-snippet":"max-snippet:-1","max-image-preview":"max-image-preview:large","max-video-preview":"max-video-preview:-1"},"canonical":"https:\/\/www.comunidadeativa.jor.br\/index.php\/2021\/12\/20\/por-que-trocamos-presentes-no-natal\/","og_locale":"pt_BR","og_type":"article","og_title":"Por que valorizamos tanto a tradi\u00e7\u00e3o de presentear no Natal? - Comunidade Ativa","og_description":"Faltam poucos dias para o Dia Mundial de Dar e Receber Presentes, que tamb\u00e9m \u00e9 conhecido como Natal. No per\u00edodo","og_url":"https:\/\/www.comunidadeativa.jor.br\/index.php\/2021\/12\/20\/por-que-trocamos-presentes-no-natal\/","og_site_name":"Comunidade Ativa","article_publisher":"https:\/\/www.facebook.com\/comunidadeativa","article_published_time":"2021-12-20T21:22:52+00:00","article_modified_time":"2023-08-11T22:27:09+00:00","og_image":[{"width":640,"height":352,"url":"https:\/\/www.comunidadeativa.jor.br\/wp-content\/uploads\/2021\/12\/capa-8.jpg","type":"image\/jpeg"}],"author":"Comunidade Ativa","twitter_card":"summary_large_image","twitter_misc":{"Escrito por":"Comunidade Ativa","Est. tempo de leitura":"4 minutos"},"schema":{"@context":"https:\/\/schema.org","@graph":[{"@type":"Article","@id":"https:\/\/www.comunidadeativa.jor.br\/index.php\/2021\/12\/20\/por-que-trocamos-presentes-no-natal\/#article","isPartOf":{"@id":"https:\/\/www.comunidadeativa.jor.br\/index.php\/2021\/12\/20\/por-que-trocamos-presentes-no-natal\/"},"author":{"name":"Comunidade Ativa","@id":"https:\/\/www.comunidadeativa.jor.br\/#\/schema\/person\/dcaa1f1c51c1f0c47a33b2b734cad6e1"},"headline":"Por que valorizamos tanto a tradi\u00e7\u00e3o de presentear no Natal?","datePublished":"2021-12-20T21:22:52+00:00","dateModified":"2023-08-11T22:27:09+00:00","mainEntityOfPage":{"@id":"https:\/\/www.comunidadeativa.jor.br\/index.php\/2021\/12\/20\/por-que-trocamos-presentes-no-natal\/"},"wordCount":786,"publisher":{"@id":"https:\/\/www.comunidadeativa.jor.br\/#organization"},"image":{"@id":"https:\/\/www.comunidadeativa.jor.br\/index.php\/2021\/12\/20\/por-que-trocamos-presentes-no-natal\/#primaryimage"},"thumbnailUrl":"https:\/\/www.comunidadeativa.jor.br\/wp-content\/uploads\/2021\/12\/capa-8.jpg","articleSection":["Cultura"],"inLanguage":"pt-BR"},{"@type":"WebPage","@id":"https:\/\/www.comunidadeativa.jor.br\/index.php\/2021\/12\/20\/por-que-trocamos-presentes-no-natal\/","url":"https:\/\/www.comunidadeativa.jor.br\/index.php\/2021\/12\/20\/por-que-trocamos-presentes-no-natal\/","name":"Por que valorizamos tanto a tradi\u00e7\u00e3o de presentear no Natal? - Comunidade Ativa","isPartOf":{"@id":"https:\/\/www.comunidadeativa.jor.br\/#website"},"primaryImageOfPage":{"@id":"https:\/\/www.comunidadeativa.jor.br\/index.php\/2021\/12\/20\/por-que-trocamos-presentes-no-natal\/#primaryimage"},"image":{"@id":"https:\/\/www.comunidadeativa.jor.br\/index.php\/2021\/12\/20\/por-que-trocamos-presentes-no-natal\/#primaryimage"},"thumbnailUrl":"https:\/\/www.comunidadeativa.jor.br\/wp-content\/uploads\/2021\/12\/capa-8.jpg","datePublished":"2021-12-20T21:22:52+00:00","dateModified":"2023-08-11T22:27:09+00:00","breadcrumb":{"@id":"https:\/\/www.comunidadeativa.jor.br\/index.php\/2021\/12\/20\/por-que-trocamos-presentes-no-natal\/#breadcrumb"},"inLanguage":"pt-BR","potentialAction":[{"@type":"ReadAction","target":["https:\/\/www.comunidadeativa.jor.br\/index.php\/2021\/12\/20\/por-que-trocamos-presentes-no-natal\/"]}]},{"@type":"ImageObject","inLanguage":"pt-BR","@id":"https:\/\/www.comunidadeativa.jor.br\/index.php\/2021\/12\/20\/por-que-trocamos-presentes-no-natal\/#primaryimage","url":"https:\/\/www.comunidadeativa.jor.br\/wp-content\/uploads\/2021\/12\/capa-8.jpg","contentUrl":"https:\/\/www.comunidadeativa.jor.br\/wp-content\/uploads\/2021\/12\/capa-8.jpg","width":640,"height":352},{"@type":"BreadcrumbList","@id":"https:\/\/www.comunidadeativa.jor.br\/index.php\/2021\/12\/20\/por-que-trocamos-presentes-no-natal\/#breadcrumb","itemListElement":[{"@type":"ListItem","position":1,"name":"In\u00edcio","item":"https:\/\/www.comunidadeativa.jor.br\/"},{"@type":"ListItem","position":2,"name":"Por que valorizamos tanto a tradi\u00e7\u00e3o de presentear no Natal?"}]},{"@type":"WebSite","@id":"https:\/\/www.comunidadeativa.jor.br\/#website","url":"https:\/\/www.comunidadeativa.jor.br\/","name":"Comunidade Ativa","description":"","publisher":{"@id":"https:\/\/www.comunidadeativa.jor.br\/#organization"},"potentialAction":[{"@type":"SearchAction","target":{"@type":"EntryPoint","urlTemplate":"https:\/\/www.comunidadeativa.jor.br\/?s={search_term_string}"},"query-input":{"@type":"PropertyValueSpecification","valueRequired":true,"valueName":"search_term_string"}}],"inLanguage":"pt-BR"},{"@type":"Organization","@id":"https:\/\/www.comunidadeativa.jor.br\/#organization","name":"Comunidade Ativa","url":"https:\/\/www.comunidadeativa.jor.br\/","logo":{"@type":"ImageObject","inLanguage":"pt-BR","@id":"https:\/\/www.comunidadeativa.jor.br\/#\/schema\/logo\/image\/","url":"https:\/\/www.comunidadeativa.jor.br\/wp-content\/uploads\/2018\/03\/cropped-LOGOPNG-1.png","contentUrl":"https:\/\/www.comunidadeativa.jor.br\/wp-content\/uploads\/2018\/03\/cropped-LOGOPNG-1.png","width":318,"height":90,"caption":"Comunidade Ativa"},"image":{"@id":"https:\/\/www.comunidadeativa.jor.br\/#\/schema\/logo\/image\/"},"sameAs":["https:\/\/www.facebook.com\/comunidadeativa"]},{"@type":"Person","@id":"https:\/\/www.comunidadeativa.jor.br\/#\/schema\/person\/dcaa1f1c51c1f0c47a33b2b734cad6e1","name":"Comunidade Ativa","image":{"@type":"ImageObject","inLanguage":"pt-BR","@id":"https:\/\/www.comunidadeativa.jor.br\/#\/schema\/person\/image\/","url":"https:\/\/secure.gravatar.com\/avatar\/09a9a1f85fedf41e81b47f7c1d40084f?s=96&d=mm&r=g","contentUrl":"https:\/\/secure.gravatar.com\/avatar\/09a9a1f85fedf41e81b47f7c1d40084f?s=96&d=mm&r=g","caption":"Comunidade Ativa"},"url":"https:\/\/www.comunidadeativa.jor.br\/index.php\/author\/casalberto\/"}]}},"_links":{"self":[{"href":"https:\/\/www.comunidadeativa.jor.br\/index.php\/wp-json\/wp\/v2\/posts\/2772","targetHints":{"allow":["GET"]}}],"collection":[{"href":"https:\/\/www.comunidadeativa.jor.br\/index.php\/wp-json\/wp\/v2\/posts"}],"about":[{"href":"https:\/\/www.comunidadeativa.jor.br\/index.php\/wp-json\/wp\/v2\/types\/post"}],"author":[{"embeddable":true,"href":"https:\/\/www.comunidadeativa.jor.br\/index.php\/wp-json\/wp\/v2\/users\/1"}],"replies":[{"embeddable":true,"href":"https:\/\/www.comunidadeativa.jor.br\/index.php\/wp-json\/wp\/v2\/comments?post=2772"}],"version-history":[{"count":7,"href":"https:\/\/www.comunidadeativa.jor.br\/index.php\/wp-json\/wp\/v2\/posts\/2772\/revisions"}],"predecessor-version":[{"id":3953,"href":"https:\/\/www.comunidadeativa.jor.br\/index.php\/wp-json\/wp\/v2\/posts\/2772\/revisions\/3953"}],"wp:featuredmedia":[{"embeddable":true,"href":"https:\/\/www.comunidadeativa.jor.br\/index.php\/wp-json\/wp\/v2\/media\/2773"}],"wp:attachment":[{"href":"https:\/\/www.comunidadeativa.jor.br\/index.php\/wp-json\/wp\/v2\/media?parent=2772"}],"wp:term":[{"taxonomy":"category","embeddable":true,"href":"https:\/\/www.comunidadeativa.jor.br\/index.php\/wp-json\/wp\/v2\/categories?post=2772"},{"taxonomy":"post_tag","embeddable":true,"href":"https:\/\/www.comunidadeativa.jor.br\/index.php\/wp-json\/wp\/v2\/tags?post=2772"}],"curies":[{"name":"wp","href":"https:\/\/api.w.org\/{rel}","templated":true}]}}