{"id":2839,"date":"2022-01-10T12:25:47","date_gmt":"2022-01-10T15:25:47","guid":{"rendered":"https:\/\/www.comunidadeativa.jor.br\/?p=2839"},"modified":"2023-08-11T19:30:23","modified_gmt":"2023-08-11T22:30:23","slug":"ate-os-dois-anos-as-criancas-nao-devem-comer-alimentos-com-adicao-de-acucar","status":"publish","type":"post","link":"https:\/\/www.comunidadeativa.jor.br\/index.php\/2022\/01\/10\/ate-os-dois-anos-as-criancas-nao-devem-comer-alimentos-com-adicao-de-acucar\/","title":{"rendered":"At\u00e9 os dois anos as crian\u00e7as n\u00e3o devem comer alimentos com adi\u00e7\u00e3o de a\u00e7\u00facar"},"content":{"rendered":"<p>Com tantas guloseimas adocicadas dispon\u00edveis, estimular as crian\u00e7as a aceitarem uma alimenta\u00e7\u00e3o saud\u00e1vel pode n\u00e3o ser uma tarefa f\u00e1cil. Contudo, a nutricionista <a href=\"https:\/\/theconversation.com\/profiles\/lisa-bodnar-1297510\" target=\"_blank\" rel=\"noopener\">Lisa Bodnar<\/a> alerta: satisfazer o desejo dos pequenos por doces n\u00e3o beneficiar\u00e1 a sa\u00fade deles em longo prazo.<\/p>\n<p><a href=\"https:\/\/theconversation.com\/why-kids-shouldnt-eat-added-sugar-before-they-turn-2-according-to-a-nutritional-epidemiologist-173398\" target=\"_blank\" rel=\"noopener\">Em artigo para o The Conversation<\/a>, Lisa, que \u00e9 especialista em Epidemiologia Nutricional e pesquisa padr\u00f5es de dietas saud\u00e1veis para gr\u00e1vidas e para seus filhos, destaca ainda que o cuidado em evitar que crian\u00e7as comam a\u00e7\u00facar adicionado aos alimentos deve ser ainda maior para quem tem filhos menores de dois anos. Segundo a nutricionista, diferente dos a\u00e7\u00facares que ocorrem naturalmente nos alimentos, quando \u00e9 ingerido, o a\u00e7\u00facar adicionado ocupa o lugar de nutrientes que s\u00e3o essenciais para o bom desenvolvimento infantil.<\/p>\n<p>Al\u00e9m de obesidade, ocorr\u00eancia de c\u00e1ries e problemas cardiovasculares, a especialista explica que a ingest\u00e3o de a\u00e7\u00facar por crian\u00e7as com at\u00e9 dois anos tamb\u00e9m pode causar problemas com o tipo de alimenta\u00e7\u00e3o que elas v\u00e3o desejar no futuro. \u201cA dieta desde o nascimento at\u00e9 os 24 meses tamb\u00e9m molda <a href=\"https:\/\/doi.org\/10.1002\/oby.20927\">as prefer\u00eancias alimentares de longo prazo<\/a> . As pessoas est\u00e3o programadas para desejar a\u00e7\u00facar porque, no passado, esse tipo de alimento promoveu o acumulou de dep\u00f3sitos de gordura e <a href=\"https:\/\/doi.org\/10.3389\/fpsyt.2018.00545\">evitou que nossos ancestrais morressem de fome<\/a>\u00a0quando a comida era escassa.\u00a0Mas as crian\u00e7as podem aprender a aceitar alimentos amargos ricos em nutrientes, como vegetais, se\u00a0esses <a href=\"https:\/\/doi.org\/10.1542\/peds.93.2.271\">forem oferecidos repetidamente<\/a>\u00a0na primeira inf\u00e2ncia.\u00a0<a href=\"https:\/\/healthyeatingresearch.org\/wp-content\/uploads\/2017\/02\/her_feeding_guidelines_report_021416-1.pdf\">Definir padr\u00f5es de dieta saud\u00e1vel<\/a> no in\u00edcio da vida pode ajudar as crian\u00e7as a manterem peso saud\u00e1vel e evitar doen\u00e7as cr\u00f4nicas\u201d, ressalta Lisa.<\/p>\n<p>Para ajudar no controle da dieta infantil sem adi\u00e7\u00e3o de a\u00e7\u00facar, a nutricionista d\u00e1 algumas dicas.<\/p>\n<h5>Leia o r\u00f3tulo do alimento<\/h5>\n<p>Verifique a quantidade de a\u00e7\u00facares adicionados no\u00a0<a href=\"https:\/\/www.fda.gov\/food\/new-nutrition-facts-label\/how-understand-and-use-nutrition-facts-label\">r\u00f3tulo de informa\u00e7\u00f5es nutricionais<\/a> dos alimentos e das bebidas antes de compr\u00e1-los. \u201cAs etiquetas incluem a quantidade de A\u00e7\u00facares Totais e, abaixo disso, a quantidade de A\u00e7\u00facares Adicionados. Uma por\u00e7\u00e3o de 240 ml de leite com chocolate cont\u00e9m 15 gramas de a\u00e7\u00facar adicionado, por exemplo, enquanto o leite de vaca normal n\u00e3o tem adi\u00e7\u00e3o de a\u00e7\u00facar\u201d, explica Lisa.<\/p>\n<p>Mude para bebidas mais saud\u00e1veis<\/p>\n<p>Troque as bebidas a\u00e7ucaradas por \u00e1gua ou leite \u00a0\u2014 leite materno, f\u00f3rmula ou outro leite, dependendo da idade da crian\u00e7a. \u201cElimine ou limite as bebidas a\u00e7ucaradas, como refrigerantes normais, leites aromatizados, sucos sint\u00e9ticos (Q-Suco, Tang), sucos com menos de 100% de frutas, bebidas esportivas, energ\u00e9ticas e \u00e1gua ou ch\u00e1 com a\u00e7\u00facar\u201d, recomenda a nutricionista.<\/p>\n<h5>Descarte a adi\u00e7\u00e3o de a\u00e7\u00facar nos alimentos<\/h5>\n<p>Prepare os alimentos para o seu filho sem adicionar a\u00e7\u00facar.<\/p>\n<h5>Esteja ciente dos diferentes nomes para a\u00e7\u00facar<\/h5>\n<p>Lisa observa que, frequentemente, o a\u00e7\u00facar adicionado pode estar presente em alimentos de alguma forma que n\u00e3o esteja t\u00e3o clara para o consumidor. \u201cOs a\u00e7\u00facares adicionados t\u00eam muitos nomes diferentes, como xarope de milho com alto teor de frutose, concentrados de suco de frutas, a\u00e7\u00facar de cana, ado\u00e7ante de milho, lactose, glicose, sacarose e xarope de bordo. Portanto, verifique sempre a lista de ingredientes\u201d, ela aconselha.<\/p>\n<h5>Aten\u00e7\u00e3o para o a\u00e7\u00facar escondido em alimentos embalados ou preparados em lojas<\/h5>\n<p>Se voc\u00ea oferecer ao seu filho alimentos e bebidas embalados ou preparados em lojas, como cereais secos, bolsas de frutas ou potes de comida para beb\u00ea, verifique se eles cont\u00eam a\u00e7\u00facar adicionado.<\/p>\n<h5>Insista<\/h5>\n<p>Ofere\u00e7a sempre \u00e0s crian\u00e7as alimentos amargos, como vegetais.\u00a0\u201cAs crian\u00e7as pequenas precisam ser expostas aos alimentos\u00a0<a href=\"https:\/\/doi.org\/10.3945\/an.115.008649\">cerca de 30 vezes<\/a>\u00a0antes de aprenderem a gostar deles\u201d, conclui Lisa.<\/p>\n<form style=\"padding-left: 80px;\" action=\"https:\/\/pagseguro.uol.com.br\/checkout\/v2\/donation.html\" method=\"post\">&nbsp;<\/p>\n<hr \/>\n<\/form>\n<p>&nbsp;<\/p>\n<p><strong><em>Uma dica<\/em><\/strong><\/p>\n<p><em>Para mais informa\u00e7\u00f5es sobre os temas abordados nessa mat\u00e9ria, acesse os links dispon\u00edveis ao longo do texto. Eles remetem \u00e0s fontes utilizadas aqui.\u00a0<\/em><\/p>\n<p><em>Uma dica: os artigos fora da p\u00e1gina do Comunidade Ativa que n\u00e3o estiverem em portugu\u00eas podem ser traduzidos automaticamente pelo navegador pelo seu navegador. Pra isso, basta clicar com o bot\u00e3o direito em qualquer ponto do texto a ser traduzido e escolher a op\u00e7\u00e3o \u201cTraduzir para o portugu\u00eas\u201d.\u00a0<\/em><\/p>\n<p>&nbsp;<\/p>\n<p>&nbsp;<\/p>\n","protected":false},"excerpt":{"rendered":"<p>Com tantas guloseimas adocicadas dispon\u00edveis, estimular as crian\u00e7as a aceitarem uma alimenta\u00e7\u00e3o saud\u00e1vel pode n\u00e3o ser uma tarefa f\u00e1cil. Contudo,<\/p>\n","protected":false},"author":1,"featured_media":2840,"comment_status":"closed","ping_status":"open","sticky":false,"template":"","format":"standard","meta":{"footnotes":""},"categories":[9],"tags":[],"class_list":["post-2839","post","type-post","status-publish","format-standard","has-post-thumbnail","hentry","category-saude-qualidade-de-vida"],"yoast_head":"<!-- This site is optimized with the Yoast SEO plugin v26.0 - https:\/\/yoast.com\/wordpress\/plugins\/seo\/ -->\n<title>At\u00e9 os dois anos as crian\u00e7as n\u00e3o devem comer alimentos com adi\u00e7\u00e3o de a\u00e7\u00facar - Comunidade Ativa<\/title>\n<meta name=\"robots\" content=\"index, follow, max-snippet:-1, max-image-preview:large, max-video-preview:-1\" \/>\n<link rel=\"canonical\" href=\"https:\/\/www.comunidadeativa.jor.br\/index.php\/2022\/01\/10\/ate-os-dois-anos-as-criancas-nao-devem-comer-alimentos-com-adicao-de-acucar\/\" \/>\n<meta property=\"og:locale\" content=\"pt_BR\" \/>\n<meta property=\"og:type\" content=\"article\" \/>\n<meta property=\"og:title\" content=\"At\u00e9 os dois anos as crian\u00e7as n\u00e3o devem comer alimentos com adi\u00e7\u00e3o de a\u00e7\u00facar - Comunidade Ativa\" \/>\n<meta property=\"og:description\" content=\"Com tantas guloseimas adocicadas dispon\u00edveis, estimular as crian\u00e7as a aceitarem uma alimenta\u00e7\u00e3o saud\u00e1vel pode n\u00e3o ser uma tarefa f\u00e1cil. Contudo,\" \/>\n<meta property=\"og:url\" content=\"https:\/\/www.comunidadeativa.jor.br\/index.php\/2022\/01\/10\/ate-os-dois-anos-as-criancas-nao-devem-comer-alimentos-com-adicao-de-acucar\/\" \/>\n<meta property=\"og:site_name\" content=\"Comunidade Ativa\" \/>\n<meta property=\"article:publisher\" content=\"https:\/\/www.facebook.com\/comunidadeativa\" \/>\n<meta property=\"article:published_time\" content=\"2022-01-10T15:25:47+00:00\" \/>\n<meta property=\"article:modified_time\" content=\"2023-08-11T22:30:23+00:00\" \/>\n<meta property=\"og:image\" content=\"https:\/\/www.comunidadeativa.jor.br\/wp-content\/uploads\/2022\/01\/capa-5.jpg\" \/>\n\t<meta property=\"og:image:width\" content=\"640\" \/>\n\t<meta property=\"og:image:height\" content=\"352\" \/>\n\t<meta property=\"og:image:type\" content=\"image\/jpeg\" \/>\n<meta name=\"author\" content=\"Comunidade Ativa\" \/>\n<meta name=\"twitter:card\" content=\"summary_large_image\" \/>\n<meta name=\"twitter:label1\" content=\"Escrito por\" \/>\n\t<meta name=\"twitter:data1\" content=\"Comunidade Ativa\" \/>\n\t<meta name=\"twitter:label2\" content=\"Est. tempo de leitura\" \/>\n\t<meta name=\"twitter:data2\" content=\"4 minutos\" \/>\n<script type=\"application\/ld+json\" class=\"yoast-schema-graph\">{\"@context\":\"https:\/\/schema.org\",\"@graph\":[{\"@type\":\"Article\",\"@id\":\"https:\/\/www.comunidadeativa.jor.br\/index.php\/2022\/01\/10\/ate-os-dois-anos-as-criancas-nao-devem-comer-alimentos-com-adicao-de-acucar\/#article\",\"isPartOf\":{\"@id\":\"https:\/\/www.comunidadeativa.jor.br\/index.php\/2022\/01\/10\/ate-os-dois-anos-as-criancas-nao-devem-comer-alimentos-com-adicao-de-acucar\/\"},\"author\":{\"name\":\"Comunidade Ativa\",\"@id\":\"https:\/\/www.comunidadeativa.jor.br\/#\/schema\/person\/dcaa1f1c51c1f0c47a33b2b734cad6e1\"},\"headline\":\"At\u00e9 os dois anos as crian\u00e7as n\u00e3o devem comer alimentos com adi\u00e7\u00e3o de a\u00e7\u00facar\",\"datePublished\":\"2022-01-10T15:25:47+00:00\",\"dateModified\":\"2023-08-11T22:30:23+00:00\",\"mainEntityOfPage\":{\"@id\":\"https:\/\/www.comunidadeativa.jor.br\/index.php\/2022\/01\/10\/ate-os-dois-anos-as-criancas-nao-devem-comer-alimentos-com-adicao-de-acucar\/\"},\"wordCount\":739,\"publisher\":{\"@id\":\"https:\/\/www.comunidadeativa.jor.br\/#organization\"},\"image\":{\"@id\":\"https:\/\/www.comunidadeativa.jor.br\/index.php\/2022\/01\/10\/ate-os-dois-anos-as-criancas-nao-devem-comer-alimentos-com-adicao-de-acucar\/#primaryimage\"},\"thumbnailUrl\":\"https:\/\/www.comunidadeativa.jor.br\/wp-content\/uploads\/2022\/01\/capa-5.jpg\",\"articleSection\":[\"Sa\u00fade &amp; Qualidade de Vida\"],\"inLanguage\":\"pt-BR\"},{\"@type\":\"WebPage\",\"@id\":\"https:\/\/www.comunidadeativa.jor.br\/index.php\/2022\/01\/10\/ate-os-dois-anos-as-criancas-nao-devem-comer-alimentos-com-adicao-de-acucar\/\",\"url\":\"https:\/\/www.comunidadeativa.jor.br\/index.php\/2022\/01\/10\/ate-os-dois-anos-as-criancas-nao-devem-comer-alimentos-com-adicao-de-acucar\/\",\"name\":\"At\u00e9 os dois anos as crian\u00e7as n\u00e3o devem comer alimentos com adi\u00e7\u00e3o de a\u00e7\u00facar - Comunidade Ativa\",\"isPartOf\":{\"@id\":\"https:\/\/www.comunidadeativa.jor.br\/#website\"},\"primaryImageOfPage\":{\"@id\":\"https:\/\/www.comunidadeativa.jor.br\/index.php\/2022\/01\/10\/ate-os-dois-anos-as-criancas-nao-devem-comer-alimentos-com-adicao-de-acucar\/#primaryimage\"},\"image\":{\"@id\":\"https:\/\/www.comunidadeativa.jor.br\/index.php\/2022\/01\/10\/ate-os-dois-anos-as-criancas-nao-devem-comer-alimentos-com-adicao-de-acucar\/#primaryimage\"},\"thumbnailUrl\":\"https:\/\/www.comunidadeativa.jor.br\/wp-content\/uploads\/2022\/01\/capa-5.jpg\",\"datePublished\":\"2022-01-10T15:25:47+00:00\",\"dateModified\":\"2023-08-11T22:30:23+00:00\",\"breadcrumb\":{\"@id\":\"https:\/\/www.comunidadeativa.jor.br\/index.php\/2022\/01\/10\/ate-os-dois-anos-as-criancas-nao-devem-comer-alimentos-com-adicao-de-acucar\/#breadcrumb\"},\"inLanguage\":\"pt-BR\",\"potentialAction\":[{\"@type\":\"ReadAction\",\"target\":[\"https:\/\/www.comunidadeativa.jor.br\/index.php\/2022\/01\/10\/ate-os-dois-anos-as-criancas-nao-devem-comer-alimentos-com-adicao-de-acucar\/\"]}]},{\"@type\":\"ImageObject\",\"inLanguage\":\"pt-BR\",\"@id\":\"https:\/\/www.comunidadeativa.jor.br\/index.php\/2022\/01\/10\/ate-os-dois-anos-as-criancas-nao-devem-comer-alimentos-com-adicao-de-acucar\/#primaryimage\",\"url\":\"https:\/\/www.comunidadeativa.jor.br\/wp-content\/uploads\/2022\/01\/capa-5.jpg\",\"contentUrl\":\"https:\/\/www.comunidadeativa.jor.br\/wp-content\/uploads\/2022\/01\/capa-5.jpg\",\"width\":640,\"height\":352},{\"@type\":\"BreadcrumbList\",\"@id\":\"https:\/\/www.comunidadeativa.jor.br\/index.php\/2022\/01\/10\/ate-os-dois-anos-as-criancas-nao-devem-comer-alimentos-com-adicao-de-acucar\/#breadcrumb\",\"itemListElement\":[{\"@type\":\"ListItem\",\"position\":1,\"name\":\"In\u00edcio\",\"item\":\"https:\/\/www.comunidadeativa.jor.br\/\"},{\"@type\":\"ListItem\",\"position\":2,\"name\":\"At\u00e9 os dois anos as crian\u00e7as n\u00e3o devem comer alimentos com adi\u00e7\u00e3o de a\u00e7\u00facar\"}]},{\"@type\":\"WebSite\",\"@id\":\"https:\/\/www.comunidadeativa.jor.br\/#website\",\"url\":\"https:\/\/www.comunidadeativa.jor.br\/\",\"name\":\"Comunidade Ativa\",\"description\":\"\",\"publisher\":{\"@id\":\"https:\/\/www.comunidadeativa.jor.br\/#organization\"},\"potentialAction\":[{\"@type\":\"SearchAction\",\"target\":{\"@type\":\"EntryPoint\",\"urlTemplate\":\"https:\/\/www.comunidadeativa.jor.br\/?s={search_term_string}\"},\"query-input\":{\"@type\":\"PropertyValueSpecification\",\"valueRequired\":true,\"valueName\":\"search_term_string\"}}],\"inLanguage\":\"pt-BR\"},{\"@type\":\"Organization\",\"@id\":\"https:\/\/www.comunidadeativa.jor.br\/#organization\",\"name\":\"Comunidade Ativa\",\"url\":\"https:\/\/www.comunidadeativa.jor.br\/\",\"logo\":{\"@type\":\"ImageObject\",\"inLanguage\":\"pt-BR\",\"@id\":\"https:\/\/www.comunidadeativa.jor.br\/#\/schema\/logo\/image\/\",\"url\":\"https:\/\/www.comunidadeativa.jor.br\/wp-content\/uploads\/2018\/03\/cropped-LOGOPNG-1.png\",\"contentUrl\":\"https:\/\/www.comunidadeativa.jor.br\/wp-content\/uploads\/2018\/03\/cropped-LOGOPNG-1.png\",\"width\":318,\"height\":90,\"caption\":\"Comunidade Ativa\"},\"image\":{\"@id\":\"https:\/\/www.comunidadeativa.jor.br\/#\/schema\/logo\/image\/\"},\"sameAs\":[\"https:\/\/www.facebook.com\/comunidadeativa\"]},{\"@type\":\"Person\",\"@id\":\"https:\/\/www.comunidadeativa.jor.br\/#\/schema\/person\/dcaa1f1c51c1f0c47a33b2b734cad6e1\",\"name\":\"Comunidade Ativa\",\"image\":{\"@type\":\"ImageObject\",\"inLanguage\":\"pt-BR\",\"@id\":\"https:\/\/www.comunidadeativa.jor.br\/#\/schema\/person\/image\/\",\"url\":\"https:\/\/secure.gravatar.com\/avatar\/09a9a1f85fedf41e81b47f7c1d40084f?s=96&d=mm&r=g\",\"contentUrl\":\"https:\/\/secure.gravatar.com\/avatar\/09a9a1f85fedf41e81b47f7c1d40084f?s=96&d=mm&r=g\",\"caption\":\"Comunidade Ativa\"},\"url\":\"https:\/\/www.comunidadeativa.jor.br\/index.php\/author\/casalberto\/\"}]}<\/script>\n<!-- \/ Yoast SEO plugin. -->","yoast_head_json":{"title":"At\u00e9 os dois anos as crian\u00e7as n\u00e3o devem comer alimentos com adi\u00e7\u00e3o de a\u00e7\u00facar - Comunidade Ativa","robots":{"index":"index","follow":"follow","max-snippet":"max-snippet:-1","max-image-preview":"max-image-preview:large","max-video-preview":"max-video-preview:-1"},"canonical":"https:\/\/www.comunidadeativa.jor.br\/index.php\/2022\/01\/10\/ate-os-dois-anos-as-criancas-nao-devem-comer-alimentos-com-adicao-de-acucar\/","og_locale":"pt_BR","og_type":"article","og_title":"At\u00e9 os dois anos as crian\u00e7as n\u00e3o devem comer alimentos com adi\u00e7\u00e3o de a\u00e7\u00facar - Comunidade Ativa","og_description":"Com tantas guloseimas adocicadas dispon\u00edveis, estimular as crian\u00e7as a aceitarem uma alimenta\u00e7\u00e3o saud\u00e1vel pode n\u00e3o ser uma tarefa f\u00e1cil. Contudo,","og_url":"https:\/\/www.comunidadeativa.jor.br\/index.php\/2022\/01\/10\/ate-os-dois-anos-as-criancas-nao-devem-comer-alimentos-com-adicao-de-acucar\/","og_site_name":"Comunidade Ativa","article_publisher":"https:\/\/www.facebook.com\/comunidadeativa","article_published_time":"2022-01-10T15:25:47+00:00","article_modified_time":"2023-08-11T22:30:23+00:00","og_image":[{"width":640,"height":352,"url":"https:\/\/www.comunidadeativa.jor.br\/wp-content\/uploads\/2022\/01\/capa-5.jpg","type":"image\/jpeg"}],"author":"Comunidade Ativa","twitter_card":"summary_large_image","twitter_misc":{"Escrito por":"Comunidade Ativa","Est. tempo de leitura":"4 minutos"},"schema":{"@context":"https:\/\/schema.org","@graph":[{"@type":"Article","@id":"https:\/\/www.comunidadeativa.jor.br\/index.php\/2022\/01\/10\/ate-os-dois-anos-as-criancas-nao-devem-comer-alimentos-com-adicao-de-acucar\/#article","isPartOf":{"@id":"https:\/\/www.comunidadeativa.jor.br\/index.php\/2022\/01\/10\/ate-os-dois-anos-as-criancas-nao-devem-comer-alimentos-com-adicao-de-acucar\/"},"author":{"name":"Comunidade Ativa","@id":"https:\/\/www.comunidadeativa.jor.br\/#\/schema\/person\/dcaa1f1c51c1f0c47a33b2b734cad6e1"},"headline":"At\u00e9 os dois anos as crian\u00e7as n\u00e3o devem comer alimentos com adi\u00e7\u00e3o de a\u00e7\u00facar","datePublished":"2022-01-10T15:25:47+00:00","dateModified":"2023-08-11T22:30:23+00:00","mainEntityOfPage":{"@id":"https:\/\/www.comunidadeativa.jor.br\/index.php\/2022\/01\/10\/ate-os-dois-anos-as-criancas-nao-devem-comer-alimentos-com-adicao-de-acucar\/"},"wordCount":739,"publisher":{"@id":"https:\/\/www.comunidadeativa.jor.br\/#organization"},"image":{"@id":"https:\/\/www.comunidadeativa.jor.br\/index.php\/2022\/01\/10\/ate-os-dois-anos-as-criancas-nao-devem-comer-alimentos-com-adicao-de-acucar\/#primaryimage"},"thumbnailUrl":"https:\/\/www.comunidadeativa.jor.br\/wp-content\/uploads\/2022\/01\/capa-5.jpg","articleSection":["Sa\u00fade &amp; Qualidade de Vida"],"inLanguage":"pt-BR"},{"@type":"WebPage","@id":"https:\/\/www.comunidadeativa.jor.br\/index.php\/2022\/01\/10\/ate-os-dois-anos-as-criancas-nao-devem-comer-alimentos-com-adicao-de-acucar\/","url":"https:\/\/www.comunidadeativa.jor.br\/index.php\/2022\/01\/10\/ate-os-dois-anos-as-criancas-nao-devem-comer-alimentos-com-adicao-de-acucar\/","name":"At\u00e9 os dois anos as crian\u00e7as n\u00e3o devem comer alimentos com adi\u00e7\u00e3o de a\u00e7\u00facar - Comunidade Ativa","isPartOf":{"@id":"https:\/\/www.comunidadeativa.jor.br\/#website"},"primaryImageOfPage":{"@id":"https:\/\/www.comunidadeativa.jor.br\/index.php\/2022\/01\/10\/ate-os-dois-anos-as-criancas-nao-devem-comer-alimentos-com-adicao-de-acucar\/#primaryimage"},"image":{"@id":"https:\/\/www.comunidadeativa.jor.br\/index.php\/2022\/01\/10\/ate-os-dois-anos-as-criancas-nao-devem-comer-alimentos-com-adicao-de-acucar\/#primaryimage"},"thumbnailUrl":"https:\/\/www.comunidadeativa.jor.br\/wp-content\/uploads\/2022\/01\/capa-5.jpg","datePublished":"2022-01-10T15:25:47+00:00","dateModified":"2023-08-11T22:30:23+00:00","breadcrumb":{"@id":"https:\/\/www.comunidadeativa.jor.br\/index.php\/2022\/01\/10\/ate-os-dois-anos-as-criancas-nao-devem-comer-alimentos-com-adicao-de-acucar\/#breadcrumb"},"inLanguage":"pt-BR","potentialAction":[{"@type":"ReadAction","target":["https:\/\/www.comunidadeativa.jor.br\/index.php\/2022\/01\/10\/ate-os-dois-anos-as-criancas-nao-devem-comer-alimentos-com-adicao-de-acucar\/"]}]},{"@type":"ImageObject","inLanguage":"pt-BR","@id":"https:\/\/www.comunidadeativa.jor.br\/index.php\/2022\/01\/10\/ate-os-dois-anos-as-criancas-nao-devem-comer-alimentos-com-adicao-de-acucar\/#primaryimage","url":"https:\/\/www.comunidadeativa.jor.br\/wp-content\/uploads\/2022\/01\/capa-5.jpg","contentUrl":"https:\/\/www.comunidadeativa.jor.br\/wp-content\/uploads\/2022\/01\/capa-5.jpg","width":640,"height":352},{"@type":"BreadcrumbList","@id":"https:\/\/www.comunidadeativa.jor.br\/index.php\/2022\/01\/10\/ate-os-dois-anos-as-criancas-nao-devem-comer-alimentos-com-adicao-de-acucar\/#breadcrumb","itemListElement":[{"@type":"ListItem","position":1,"name":"In\u00edcio","item":"https:\/\/www.comunidadeativa.jor.br\/"},{"@type":"ListItem","position":2,"name":"At\u00e9 os dois anos as crian\u00e7as n\u00e3o devem comer alimentos com adi\u00e7\u00e3o de a\u00e7\u00facar"}]},{"@type":"WebSite","@id":"https:\/\/www.comunidadeativa.jor.br\/#website","url":"https:\/\/www.comunidadeativa.jor.br\/","name":"Comunidade Ativa","description":"","publisher":{"@id":"https:\/\/www.comunidadeativa.jor.br\/#organization"},"potentialAction":[{"@type":"SearchAction","target":{"@type":"EntryPoint","urlTemplate":"https:\/\/www.comunidadeativa.jor.br\/?s={search_term_string}"},"query-input":{"@type":"PropertyValueSpecification","valueRequired":true,"valueName":"search_term_string"}}],"inLanguage":"pt-BR"},{"@type":"Organization","@id":"https:\/\/www.comunidadeativa.jor.br\/#organization","name":"Comunidade Ativa","url":"https:\/\/www.comunidadeativa.jor.br\/","logo":{"@type":"ImageObject","inLanguage":"pt-BR","@id":"https:\/\/www.comunidadeativa.jor.br\/#\/schema\/logo\/image\/","url":"https:\/\/www.comunidadeativa.jor.br\/wp-content\/uploads\/2018\/03\/cropped-LOGOPNG-1.png","contentUrl":"https:\/\/www.comunidadeativa.jor.br\/wp-content\/uploads\/2018\/03\/cropped-LOGOPNG-1.png","width":318,"height":90,"caption":"Comunidade Ativa"},"image":{"@id":"https:\/\/www.comunidadeativa.jor.br\/#\/schema\/logo\/image\/"},"sameAs":["https:\/\/www.facebook.com\/comunidadeativa"]},{"@type":"Person","@id":"https:\/\/www.comunidadeativa.jor.br\/#\/schema\/person\/dcaa1f1c51c1f0c47a33b2b734cad6e1","name":"Comunidade Ativa","image":{"@type":"ImageObject","inLanguage":"pt-BR","@id":"https:\/\/www.comunidadeativa.jor.br\/#\/schema\/person\/image\/","url":"https:\/\/secure.gravatar.com\/avatar\/09a9a1f85fedf41e81b47f7c1d40084f?s=96&d=mm&r=g","contentUrl":"https:\/\/secure.gravatar.com\/avatar\/09a9a1f85fedf41e81b47f7c1d40084f?s=96&d=mm&r=g","caption":"Comunidade Ativa"},"url":"https:\/\/www.comunidadeativa.jor.br\/index.php\/author\/casalberto\/"}]}},"_links":{"self":[{"href":"https:\/\/www.comunidadeativa.jor.br\/index.php\/wp-json\/wp\/v2\/posts\/2839","targetHints":{"allow":["GET"]}}],"collection":[{"href":"https:\/\/www.comunidadeativa.jor.br\/index.php\/wp-json\/wp\/v2\/posts"}],"about":[{"href":"https:\/\/www.comunidadeativa.jor.br\/index.php\/wp-json\/wp\/v2\/types\/post"}],"author":[{"embeddable":true,"href":"https:\/\/www.comunidadeativa.jor.br\/index.php\/wp-json\/wp\/v2\/users\/1"}],"replies":[{"embeddable":true,"href":"https:\/\/www.comunidadeativa.jor.br\/index.php\/wp-json\/wp\/v2\/comments?post=2839"}],"version-history":[{"count":2,"href":"https:\/\/www.comunidadeativa.jor.br\/index.php\/wp-json\/wp\/v2\/posts\/2839\/revisions"}],"predecessor-version":[{"id":3958,"href":"https:\/\/www.comunidadeativa.jor.br\/index.php\/wp-json\/wp\/v2\/posts\/2839\/revisions\/3958"}],"wp:featuredmedia":[{"embeddable":true,"href":"https:\/\/www.comunidadeativa.jor.br\/index.php\/wp-json\/wp\/v2\/media\/2840"}],"wp:attachment":[{"href":"https:\/\/www.comunidadeativa.jor.br\/index.php\/wp-json\/wp\/v2\/media?parent=2839"}],"wp:term":[{"taxonomy":"category","embeddable":true,"href":"https:\/\/www.comunidadeativa.jor.br\/index.php\/wp-json\/wp\/v2\/categories?post=2839"},{"taxonomy":"post_tag","embeddable":true,"href":"https:\/\/www.comunidadeativa.jor.br\/index.php\/wp-json\/wp\/v2\/tags?post=2839"}],"curies":[{"name":"wp","href":"https:\/\/api.w.org\/{rel}","templated":true}]}}