{"id":2887,"date":"2022-02-07T17:55:23","date_gmt":"2022-02-07T20:55:23","guid":{"rendered":"https:\/\/www.comunidadeativa.jor.br\/?p=2887"},"modified":"2023-08-15T17:24:34","modified_gmt":"2023-08-15T20:24:34","slug":"pimenta-faz-bem-a-saude-mas-pede-moderacao-no-consumo","status":"publish","type":"post","link":"https:\/\/www.comunidadeativa.jor.br\/index.php\/2022\/02\/07\/pimenta-faz-bem-a-saude-mas-pede-moderacao-no-consumo\/","title":{"rendered":"Pimenta faz bem \u00e0 sa\u00fade, mas pede modera\u00e7\u00e3o no consumo"},"content":{"rendered":"<p>Seja na culin\u00e1ria popular na gastronomia mais sofisticada, quando bem usada, a pimenta faz toda a diferen\u00e7a nos mais variados tipos de pratos. O melhor de tudo \u00e9 que, al\u00e9m de proporcionar aroma e agu\u00e7ar o paladar \u2014 o que ocorre porque estimula as papilas gustativas \u2014, o ingrediente tamb\u00e9m faz bem a sa\u00fade.<\/p>\n<p>De acordo com a nutricionista Tatiana Zanin, os benef\u00edcios que a pimenta proporciona se devem principalmente<br \/>\n\u00e0 presen\u00e7a da capsaicina, a subst\u00e2ncia que confere ardor ao fruto. A nutricionista diz que o uso frequente<br \/>\nda pimenta pode aliviar congest\u00e3o nasal, coceiras da psor\u00edase e dores, estimula a digest\u00e3o, aumenta a libido,<br \/>\nauxiliar no emagrecimento, atua como anti-inflamat\u00f3rio e, em fun\u00e7\u00e3o das propriedades antioxidantes,<br \/>\nat\u00e9 como preventivo de alguns tipos de c\u00e2nceres. \u201cQuanto mais forte o sabor da pimenta, maior o seu conte\u00fado de capsaicina, que est\u00e1 presente principalmente nas sementes e nas nervuras da casca da pimenta\u201d, explica a<br \/>\nnutricionista.<\/p>\n<h5>Exagero pode ser prejudicial<\/h5>\n<p>Por\u00e9m, nunca \u00e9 demais apelar para a modera\u00e7\u00e3o. Usar pimenta em excesso ou consumir variedades com a alta<br \/>\nconcentra\u00e7\u00e3o de capsaicina \u2014 como as temidas Carolina Reaper e Trinidad Scorpion \u2014 pode trazer consequ\u00eancias<br \/>\nnada agrad\u00e1veis. Al\u00e9m da sensa\u00e7\u00e3o de um inc\u00eandio invadindo o organismo, podem surgir transtornos mais graves, como provam relatos de pessoas que foram hospitalizadas nos Estados Unidos devido a excessos no consumo.<\/p>\n<p>Portanto, se voc\u00ea est\u00e1 no grupo dos apreciadores de pimenta, cuidado com as mais ardidas. Se errar a m\u00e3o, os especialistas dizem que l\u00edquidos gelados gordurosos, como o leite, ou \u00e1cidos, como o lim\u00e3o e o vinagre, e alimentos doces ou a\u00e7\u00facar puro aliviam o ardor.<\/p>\n<p>&nbsp;<\/p>\n","protected":false},"excerpt":{"rendered":"<p>Seja na culin\u00e1ria popular na gastronomia mais sofisticada, quando bem usada, a pimenta faz toda a diferen\u00e7a nos mais variados<\/p>\n","protected":false},"author":1,"featured_media":2888,"comment_status":"closed","ping_status":"open","sticky":false,"template":"","format":"standard","meta":{"footnotes":""},"categories":[17],"tags":[],"class_list":["post-2887","post","type-post","status-publish","format-standard","has-post-thumbnail","hentry","category-sabores"],"yoast_head":"<!-- This site is optimized with the Yoast SEO plugin v26.0 - https:\/\/yoast.com\/wordpress\/plugins\/seo\/ -->\n<title>Pimenta faz bem \u00e0 sa\u00fade, mas pede modera\u00e7\u00e3o no consumo - Comunidade Ativa<\/title>\n<meta name=\"robots\" content=\"index, follow, max-snippet:-1, max-image-preview:large, max-video-preview:-1\" \/>\n<link rel=\"canonical\" href=\"https:\/\/www.comunidadeativa.jor.br\/index.php\/2022\/02\/07\/pimenta-faz-bem-a-saude-mas-pede-moderacao-no-consumo\/\" \/>\n<meta property=\"og:locale\" content=\"pt_BR\" \/>\n<meta property=\"og:type\" content=\"article\" \/>\n<meta property=\"og:title\" content=\"Pimenta faz bem \u00e0 sa\u00fade, mas pede modera\u00e7\u00e3o no consumo - Comunidade Ativa\" \/>\n<meta property=\"og:description\" content=\"Seja na culin\u00e1ria popular na gastronomia mais sofisticada, quando bem usada, a pimenta faz toda a diferen\u00e7a nos mais variados\" \/>\n<meta property=\"og:url\" content=\"https:\/\/www.comunidadeativa.jor.br\/index.php\/2022\/02\/07\/pimenta-faz-bem-a-saude-mas-pede-moderacao-no-consumo\/\" \/>\n<meta property=\"og:site_name\" content=\"Comunidade Ativa\" \/>\n<meta property=\"article:publisher\" content=\"https:\/\/www.facebook.com\/comunidadeativa\" \/>\n<meta property=\"article:published_time\" content=\"2022-02-07T20:55:23+00:00\" \/>\n<meta property=\"article:modified_time\" content=\"2023-08-15T20:24:34+00:00\" \/>\n<meta property=\"og:image\" content=\"https:\/\/www.comunidadeativa.jor.br\/wp-content\/uploads\/2022\/02\/capa-4.jpg\" \/>\n\t<meta property=\"og:image:width\" content=\"640\" \/>\n\t<meta property=\"og:image:height\" content=\"352\" \/>\n\t<meta property=\"og:image:type\" content=\"image\/jpeg\" \/>\n<meta name=\"author\" content=\"Comunidade Ativa\" \/>\n<meta name=\"twitter:card\" content=\"summary_large_image\" \/>\n<meta name=\"twitter:label1\" content=\"Escrito por\" \/>\n\t<meta name=\"twitter:data1\" content=\"Comunidade Ativa\" \/>\n\t<meta name=\"twitter:label2\" content=\"Est. tempo de leitura\" \/>\n\t<meta name=\"twitter:data2\" content=\"1 minuto\" \/>\n<script type=\"application\/ld+json\" class=\"yoast-schema-graph\">{\"@context\":\"https:\/\/schema.org\",\"@graph\":[{\"@type\":\"Article\",\"@id\":\"https:\/\/www.comunidadeativa.jor.br\/index.php\/2022\/02\/07\/pimenta-faz-bem-a-saude-mas-pede-moderacao-no-consumo\/#article\",\"isPartOf\":{\"@id\":\"https:\/\/www.comunidadeativa.jor.br\/index.php\/2022\/02\/07\/pimenta-faz-bem-a-saude-mas-pede-moderacao-no-consumo\/\"},\"author\":{\"name\":\"Comunidade Ativa\",\"@id\":\"https:\/\/www.comunidadeativa.jor.br\/#\/schema\/person\/dcaa1f1c51c1f0c47a33b2b734cad6e1\"},\"headline\":\"Pimenta faz bem \u00e0 sa\u00fade, mas pede modera\u00e7\u00e3o no consumo\",\"datePublished\":\"2022-02-07T20:55:23+00:00\",\"dateModified\":\"2023-08-15T20:24:34+00:00\",\"mainEntityOfPage\":{\"@id\":\"https:\/\/www.comunidadeativa.jor.br\/index.php\/2022\/02\/07\/pimenta-faz-bem-a-saude-mas-pede-moderacao-no-consumo\/\"},\"wordCount\":303,\"publisher\":{\"@id\":\"https:\/\/www.comunidadeativa.jor.br\/#organization\"},\"image\":{\"@id\":\"https:\/\/www.comunidadeativa.jor.br\/index.php\/2022\/02\/07\/pimenta-faz-bem-a-saude-mas-pede-moderacao-no-consumo\/#primaryimage\"},\"thumbnailUrl\":\"https:\/\/www.comunidadeativa.jor.br\/wp-content\/uploads\/2022\/02\/capa-4.jpg\",\"articleSection\":[\"Sabores\"],\"inLanguage\":\"pt-BR\"},{\"@type\":\"WebPage\",\"@id\":\"https:\/\/www.comunidadeativa.jor.br\/index.php\/2022\/02\/07\/pimenta-faz-bem-a-saude-mas-pede-moderacao-no-consumo\/\",\"url\":\"https:\/\/www.comunidadeativa.jor.br\/index.php\/2022\/02\/07\/pimenta-faz-bem-a-saude-mas-pede-moderacao-no-consumo\/\",\"name\":\"Pimenta faz bem \u00e0 sa\u00fade, mas pede modera\u00e7\u00e3o no consumo - Comunidade Ativa\",\"isPartOf\":{\"@id\":\"https:\/\/www.comunidadeativa.jor.br\/#website\"},\"primaryImageOfPage\":{\"@id\":\"https:\/\/www.comunidadeativa.jor.br\/index.php\/2022\/02\/07\/pimenta-faz-bem-a-saude-mas-pede-moderacao-no-consumo\/#primaryimage\"},\"image\":{\"@id\":\"https:\/\/www.comunidadeativa.jor.br\/index.php\/2022\/02\/07\/pimenta-faz-bem-a-saude-mas-pede-moderacao-no-consumo\/#primaryimage\"},\"thumbnailUrl\":\"https:\/\/www.comunidadeativa.jor.br\/wp-content\/uploads\/2022\/02\/capa-4.jpg\",\"datePublished\":\"2022-02-07T20:55:23+00:00\",\"dateModified\":\"2023-08-15T20:24:34+00:00\",\"breadcrumb\":{\"@id\":\"https:\/\/www.comunidadeativa.jor.br\/index.php\/2022\/02\/07\/pimenta-faz-bem-a-saude-mas-pede-moderacao-no-consumo\/#breadcrumb\"},\"inLanguage\":\"pt-BR\",\"potentialAction\":[{\"@type\":\"ReadAction\",\"target\":[\"https:\/\/www.comunidadeativa.jor.br\/index.php\/2022\/02\/07\/pimenta-faz-bem-a-saude-mas-pede-moderacao-no-consumo\/\"]}]},{\"@type\":\"ImageObject\",\"inLanguage\":\"pt-BR\",\"@id\":\"https:\/\/www.comunidadeativa.jor.br\/index.php\/2022\/02\/07\/pimenta-faz-bem-a-saude-mas-pede-moderacao-no-consumo\/#primaryimage\",\"url\":\"https:\/\/www.comunidadeativa.jor.br\/wp-content\/uploads\/2022\/02\/capa-4.jpg\",\"contentUrl\":\"https:\/\/www.comunidadeativa.jor.br\/wp-content\/uploads\/2022\/02\/capa-4.jpg\",\"width\":640,\"height\":352},{\"@type\":\"BreadcrumbList\",\"@id\":\"https:\/\/www.comunidadeativa.jor.br\/index.php\/2022\/02\/07\/pimenta-faz-bem-a-saude-mas-pede-moderacao-no-consumo\/#breadcrumb\",\"itemListElement\":[{\"@type\":\"ListItem\",\"position\":1,\"name\":\"In\u00edcio\",\"item\":\"https:\/\/www.comunidadeativa.jor.br\/\"},{\"@type\":\"ListItem\",\"position\":2,\"name\":\"Pimenta faz bem \u00e0 sa\u00fade, mas pede modera\u00e7\u00e3o no consumo\"}]},{\"@type\":\"WebSite\",\"@id\":\"https:\/\/www.comunidadeativa.jor.br\/#website\",\"url\":\"https:\/\/www.comunidadeativa.jor.br\/\",\"name\":\"Comunidade Ativa\",\"description\":\"\",\"publisher\":{\"@id\":\"https:\/\/www.comunidadeativa.jor.br\/#organization\"},\"potentialAction\":[{\"@type\":\"SearchAction\",\"target\":{\"@type\":\"EntryPoint\",\"urlTemplate\":\"https:\/\/www.comunidadeativa.jor.br\/?s={search_term_string}\"},\"query-input\":{\"@type\":\"PropertyValueSpecification\",\"valueRequired\":true,\"valueName\":\"search_term_string\"}}],\"inLanguage\":\"pt-BR\"},{\"@type\":\"Organization\",\"@id\":\"https:\/\/www.comunidadeativa.jor.br\/#organization\",\"name\":\"Comunidade Ativa\",\"url\":\"https:\/\/www.comunidadeativa.jor.br\/\",\"logo\":{\"@type\":\"ImageObject\",\"inLanguage\":\"pt-BR\",\"@id\":\"https:\/\/www.comunidadeativa.jor.br\/#\/schema\/logo\/image\/\",\"url\":\"https:\/\/www.comunidadeativa.jor.br\/wp-content\/uploads\/2018\/03\/cropped-LOGOPNG-1.png\",\"contentUrl\":\"https:\/\/www.comunidadeativa.jor.br\/wp-content\/uploads\/2018\/03\/cropped-LOGOPNG-1.png\",\"width\":318,\"height\":90,\"caption\":\"Comunidade Ativa\"},\"image\":{\"@id\":\"https:\/\/www.comunidadeativa.jor.br\/#\/schema\/logo\/image\/\"},\"sameAs\":[\"https:\/\/www.facebook.com\/comunidadeativa\"]},{\"@type\":\"Person\",\"@id\":\"https:\/\/www.comunidadeativa.jor.br\/#\/schema\/person\/dcaa1f1c51c1f0c47a33b2b734cad6e1\",\"name\":\"Comunidade Ativa\",\"image\":{\"@type\":\"ImageObject\",\"inLanguage\":\"pt-BR\",\"@id\":\"https:\/\/www.comunidadeativa.jor.br\/#\/schema\/person\/image\/\",\"url\":\"https:\/\/secure.gravatar.com\/avatar\/09a9a1f85fedf41e81b47f7c1d40084f?s=96&d=mm&r=g\",\"contentUrl\":\"https:\/\/secure.gravatar.com\/avatar\/09a9a1f85fedf41e81b47f7c1d40084f?s=96&d=mm&r=g\",\"caption\":\"Comunidade Ativa\"},\"url\":\"https:\/\/www.comunidadeativa.jor.br\/index.php\/author\/casalberto\/\"}]}<\/script>\n<!-- \/ Yoast SEO plugin. -->","yoast_head_json":{"title":"Pimenta faz bem \u00e0 sa\u00fade, mas pede modera\u00e7\u00e3o no consumo - Comunidade Ativa","robots":{"index":"index","follow":"follow","max-snippet":"max-snippet:-1","max-image-preview":"max-image-preview:large","max-video-preview":"max-video-preview:-1"},"canonical":"https:\/\/www.comunidadeativa.jor.br\/index.php\/2022\/02\/07\/pimenta-faz-bem-a-saude-mas-pede-moderacao-no-consumo\/","og_locale":"pt_BR","og_type":"article","og_title":"Pimenta faz bem \u00e0 sa\u00fade, mas pede modera\u00e7\u00e3o no consumo - Comunidade Ativa","og_description":"Seja na culin\u00e1ria popular na gastronomia mais sofisticada, quando bem usada, a pimenta faz toda a diferen\u00e7a nos mais variados","og_url":"https:\/\/www.comunidadeativa.jor.br\/index.php\/2022\/02\/07\/pimenta-faz-bem-a-saude-mas-pede-moderacao-no-consumo\/","og_site_name":"Comunidade Ativa","article_publisher":"https:\/\/www.facebook.com\/comunidadeativa","article_published_time":"2022-02-07T20:55:23+00:00","article_modified_time":"2023-08-15T20:24:34+00:00","og_image":[{"width":640,"height":352,"url":"https:\/\/www.comunidadeativa.jor.br\/wp-content\/uploads\/2022\/02\/capa-4.jpg","type":"image\/jpeg"}],"author":"Comunidade Ativa","twitter_card":"summary_large_image","twitter_misc":{"Escrito por":"Comunidade Ativa","Est. tempo de leitura":"1 minuto"},"schema":{"@context":"https:\/\/schema.org","@graph":[{"@type":"Article","@id":"https:\/\/www.comunidadeativa.jor.br\/index.php\/2022\/02\/07\/pimenta-faz-bem-a-saude-mas-pede-moderacao-no-consumo\/#article","isPartOf":{"@id":"https:\/\/www.comunidadeativa.jor.br\/index.php\/2022\/02\/07\/pimenta-faz-bem-a-saude-mas-pede-moderacao-no-consumo\/"},"author":{"name":"Comunidade Ativa","@id":"https:\/\/www.comunidadeativa.jor.br\/#\/schema\/person\/dcaa1f1c51c1f0c47a33b2b734cad6e1"},"headline":"Pimenta faz bem \u00e0 sa\u00fade, mas pede modera\u00e7\u00e3o no consumo","datePublished":"2022-02-07T20:55:23+00:00","dateModified":"2023-08-15T20:24:34+00:00","mainEntityOfPage":{"@id":"https:\/\/www.comunidadeativa.jor.br\/index.php\/2022\/02\/07\/pimenta-faz-bem-a-saude-mas-pede-moderacao-no-consumo\/"},"wordCount":303,"publisher":{"@id":"https:\/\/www.comunidadeativa.jor.br\/#organization"},"image":{"@id":"https:\/\/www.comunidadeativa.jor.br\/index.php\/2022\/02\/07\/pimenta-faz-bem-a-saude-mas-pede-moderacao-no-consumo\/#primaryimage"},"thumbnailUrl":"https:\/\/www.comunidadeativa.jor.br\/wp-content\/uploads\/2022\/02\/capa-4.jpg","articleSection":["Sabores"],"inLanguage":"pt-BR"},{"@type":"WebPage","@id":"https:\/\/www.comunidadeativa.jor.br\/index.php\/2022\/02\/07\/pimenta-faz-bem-a-saude-mas-pede-moderacao-no-consumo\/","url":"https:\/\/www.comunidadeativa.jor.br\/index.php\/2022\/02\/07\/pimenta-faz-bem-a-saude-mas-pede-moderacao-no-consumo\/","name":"Pimenta faz bem \u00e0 sa\u00fade, mas pede modera\u00e7\u00e3o no consumo - Comunidade Ativa","isPartOf":{"@id":"https:\/\/www.comunidadeativa.jor.br\/#website"},"primaryImageOfPage":{"@id":"https:\/\/www.comunidadeativa.jor.br\/index.php\/2022\/02\/07\/pimenta-faz-bem-a-saude-mas-pede-moderacao-no-consumo\/#primaryimage"},"image":{"@id":"https:\/\/www.comunidadeativa.jor.br\/index.php\/2022\/02\/07\/pimenta-faz-bem-a-saude-mas-pede-moderacao-no-consumo\/#primaryimage"},"thumbnailUrl":"https:\/\/www.comunidadeativa.jor.br\/wp-content\/uploads\/2022\/02\/capa-4.jpg","datePublished":"2022-02-07T20:55:23+00:00","dateModified":"2023-08-15T20:24:34+00:00","breadcrumb":{"@id":"https:\/\/www.comunidadeativa.jor.br\/index.php\/2022\/02\/07\/pimenta-faz-bem-a-saude-mas-pede-moderacao-no-consumo\/#breadcrumb"},"inLanguage":"pt-BR","potentialAction":[{"@type":"ReadAction","target":["https:\/\/www.comunidadeativa.jor.br\/index.php\/2022\/02\/07\/pimenta-faz-bem-a-saude-mas-pede-moderacao-no-consumo\/"]}]},{"@type":"ImageObject","inLanguage":"pt-BR","@id":"https:\/\/www.comunidadeativa.jor.br\/index.php\/2022\/02\/07\/pimenta-faz-bem-a-saude-mas-pede-moderacao-no-consumo\/#primaryimage","url":"https:\/\/www.comunidadeativa.jor.br\/wp-content\/uploads\/2022\/02\/capa-4.jpg","contentUrl":"https:\/\/www.comunidadeativa.jor.br\/wp-content\/uploads\/2022\/02\/capa-4.jpg","width":640,"height":352},{"@type":"BreadcrumbList","@id":"https:\/\/www.comunidadeativa.jor.br\/index.php\/2022\/02\/07\/pimenta-faz-bem-a-saude-mas-pede-moderacao-no-consumo\/#breadcrumb","itemListElement":[{"@type":"ListItem","position":1,"name":"In\u00edcio","item":"https:\/\/www.comunidadeativa.jor.br\/"},{"@type":"ListItem","position":2,"name":"Pimenta faz bem \u00e0 sa\u00fade, mas pede modera\u00e7\u00e3o no consumo"}]},{"@type":"WebSite","@id":"https:\/\/www.comunidadeativa.jor.br\/#website","url":"https:\/\/www.comunidadeativa.jor.br\/","name":"Comunidade Ativa","description":"","publisher":{"@id":"https:\/\/www.comunidadeativa.jor.br\/#organization"},"potentialAction":[{"@type":"SearchAction","target":{"@type":"EntryPoint","urlTemplate":"https:\/\/www.comunidadeativa.jor.br\/?s={search_term_string}"},"query-input":{"@type":"PropertyValueSpecification","valueRequired":true,"valueName":"search_term_string"}}],"inLanguage":"pt-BR"},{"@type":"Organization","@id":"https:\/\/www.comunidadeativa.jor.br\/#organization","name":"Comunidade Ativa","url":"https:\/\/www.comunidadeativa.jor.br\/","logo":{"@type":"ImageObject","inLanguage":"pt-BR","@id":"https:\/\/www.comunidadeativa.jor.br\/#\/schema\/logo\/image\/","url":"https:\/\/www.comunidadeativa.jor.br\/wp-content\/uploads\/2018\/03\/cropped-LOGOPNG-1.png","contentUrl":"https:\/\/www.comunidadeativa.jor.br\/wp-content\/uploads\/2018\/03\/cropped-LOGOPNG-1.png","width":318,"height":90,"caption":"Comunidade Ativa"},"image":{"@id":"https:\/\/www.comunidadeativa.jor.br\/#\/schema\/logo\/image\/"},"sameAs":["https:\/\/www.facebook.com\/comunidadeativa"]},{"@type":"Person","@id":"https:\/\/www.comunidadeativa.jor.br\/#\/schema\/person\/dcaa1f1c51c1f0c47a33b2b734cad6e1","name":"Comunidade Ativa","image":{"@type":"ImageObject","inLanguage":"pt-BR","@id":"https:\/\/www.comunidadeativa.jor.br\/#\/schema\/person\/image\/","url":"https:\/\/secure.gravatar.com\/avatar\/09a9a1f85fedf41e81b47f7c1d40084f?s=96&d=mm&r=g","contentUrl":"https:\/\/secure.gravatar.com\/avatar\/09a9a1f85fedf41e81b47f7c1d40084f?s=96&d=mm&r=g","caption":"Comunidade Ativa"},"url":"https:\/\/www.comunidadeativa.jor.br\/index.php\/author\/casalberto\/"}]}},"_links":{"self":[{"href":"https:\/\/www.comunidadeativa.jor.br\/index.php\/wp-json\/wp\/v2\/posts\/2887","targetHints":{"allow":["GET"]}}],"collection":[{"href":"https:\/\/www.comunidadeativa.jor.br\/index.php\/wp-json\/wp\/v2\/posts"}],"about":[{"href":"https:\/\/www.comunidadeativa.jor.br\/index.php\/wp-json\/wp\/v2\/types\/post"}],"author":[{"embeddable":true,"href":"https:\/\/www.comunidadeativa.jor.br\/index.php\/wp-json\/wp\/v2\/users\/1"}],"replies":[{"embeddable":true,"href":"https:\/\/www.comunidadeativa.jor.br\/index.php\/wp-json\/wp\/v2\/comments?post=2887"}],"version-history":[{"count":2,"href":"https:\/\/www.comunidadeativa.jor.br\/index.php\/wp-json\/wp\/v2\/posts\/2887\/revisions"}],"predecessor-version":[{"id":3965,"href":"https:\/\/www.comunidadeativa.jor.br\/index.php\/wp-json\/wp\/v2\/posts\/2887\/revisions\/3965"}],"wp:featuredmedia":[{"embeddable":true,"href":"https:\/\/www.comunidadeativa.jor.br\/index.php\/wp-json\/wp\/v2\/media\/2888"}],"wp:attachment":[{"href":"https:\/\/www.comunidadeativa.jor.br\/index.php\/wp-json\/wp\/v2\/media?parent=2887"}],"wp:term":[{"taxonomy":"category","embeddable":true,"href":"https:\/\/www.comunidadeativa.jor.br\/index.php\/wp-json\/wp\/v2\/categories?post=2887"},{"taxonomy":"post_tag","embeddable":true,"href":"https:\/\/www.comunidadeativa.jor.br\/index.php\/wp-json\/wp\/v2\/tags?post=2887"}],"curies":[{"name":"wp","href":"https:\/\/api.w.org\/{rel}","templated":true}]}}