{"id":2909,"date":"2022-02-26T12:44:44","date_gmt":"2022-02-26T15:44:44","guid":{"rendered":"https:\/\/www.comunidadeativa.jor.br\/?p=2909"},"modified":"2023-08-11T15:21:00","modified_gmt":"2023-08-11T18:21:00","slug":"quer-entrar-para-o-mercado-dos-influenciadores-digitais-siga-as-dicas","status":"publish","type":"post","link":"https:\/\/www.comunidadeativa.jor.br\/index.php\/2022\/02\/26\/quer-entrar-para-o-mercado-dos-influenciadores-digitais-siga-as-dicas\/","title":{"rendered":"Quer entrar para o mercado dos influenciadores digitais? Siga as dicas!"},"content":{"rendered":"<p>Muito distante de ser uma moda passageira, o mercado para os influenciadores digitais \u2014 os <em>digital influencers<\/em> \u2014 promete ser bastante promissor ainda por muito tempo. Ali\u00e1s, segundo os especialistas, esse segmento estaria apenas iniciando suas possibilidades.<\/p>\n<p>A justificativa est\u00e1 no crescimento em import\u00e2ncia do marketing de influ\u00eancia, que \u00e9 aquele exercido pelos influenciadores que t\u00eam marcas associadas \u00e0s suas imagens. Vale destacar que a remunera\u00e7\u00e3o que o influenciador recebe justamente das marcas que ele propaga em seus canais, o que pode render um bom dinheiro.<\/p>\n<p>Outro motivo da relev\u00e2ncia dos influenciadores est\u00e1 na din\u00e2mica da internet, que, todos os dias, recebe novos p\u00fablicos, com novos interesses e novas curiosidades. Al\u00e9m disso, tamb\u00e9m surgem novas redes sociais \u2014 como o Tik Tok, que tem feito tanto sucesso \u2014 renovando as perspectivas para novos influenciadores.<\/p>\n<p>Em meio a essa constante renova\u00e7\u00e3o, um levantamento do site de not\u00edcias <em>Business Insider Intelligence<\/em> realizado no ano passado estima que, at\u00e9 o final de 2022, o marketing de influ\u00eancia deve movimentar US$ 10 bilh\u00f5es. Contudo, \u00e9 fato que h\u00e1 um grande n\u00famero de pessoas buscando uma fatia desse faturamento, o que exige preparo de quem se interessa por ele.<\/p>\n<p>Se voc\u00ea deseja iniciar uma carreira promissora como <em>digital influencer<\/em>, as seis dicas a seguir v\u00e3o lhe ajudar bastante.<\/p>\n<h5>Fale sobre algo que domina<\/h5>\n<p>A autoridade do influenciador sobre o assunto que pretende tratar \u00e9 um diferencial importante nesse mercado, o que, sem d\u00favida, n\u00e3o \u00e9 das tarefas a mais dif\u00edcil. Afinal, deve existir um assunto que voc\u00ea domine com seguran\u00e7a suficiente para influenciar outras pessoas.<\/p>\n<p>Ou seja, se esse dom\u00ednio est\u00e1 no \u00e2mbito da culin\u00e1ria, por exemplo, mesmo que esse seja um segmento j\u00e1 bastante explorado por outros influenciadores, \u00e9 para ele que voc\u00ea deve seguir.<\/p>\n<h5>Fale para um nicho espec\u00edfico<\/h5>\n<p>Com qual p\u00fablico voc\u00ea tem mais afinidade? Essa \u00e9 uma pergunta importante, que deve ser respondida antes mesmo de come\u00e7ar a produzir os conte\u00fados.<\/p>\n<p>A partir dela ser\u00e1 poss\u00edvel definir a \u201cpersona\u201d que o influenciador alcan\u00e7a, que, na linguagem do marketing, diz respeito \u00e0 especifica\u00e7\u00e3o de um perfil de p\u00fablico que busca determinado tipo de informa\u00e7\u00e3o.<\/p>\n<h5>Produza conte\u00fados relevantes<\/h5>\n<p>De nada adianta a pessoa ser um chefe Claude Troisgros, o franc\u00eas do Mestre do Sabor, da Globo, se ela n\u00e3o leva para internet conte\u00fados que realmente sejam de interesse do p\u00fablico. Portanto, al\u00e9m de entender sobre o assunto que est\u00e1 falando \u00e9 indispens\u00e1vel que o influenciador aborde temas que v\u00e3o fazer alguma diferen\u00e7a para o p\u00fablico.<\/p>\n<p>Tamb\u00e9m \u00e9 necess\u00e1rio fazer isso de forma que seja atraente, utilizando uma boa orat\u00f3ria e boas ferramentas de captura de imagem e de edi\u00e7\u00e3o.\u00a0\u00c9 importante ter em mente que, al\u00e9m de atrair os seguidores, a relev\u00e2ncia dos conte\u00fados e a boa apresenta\u00e7\u00e3o s\u00e3o necess\u00e1rias para seduzir os patrocinadores.<\/p>\n<h5>Seja voc\u00ea<\/h5>\n<p>Por mais interessante que possa parecer no princ\u00edpio, criar um personagem pode n\u00e3o ser a melhor ideia. Mant\u00ea-lo por muito tempo diante das c\u00e2meras pode exigir um esfor\u00e7o tremendo, levando o influenciador a gastar uma energia que poderia ser utilizada de forma mais produtiva \u2014 na gera\u00e7\u00e3o de conte\u00fados, por exemplo. Al\u00e9m disso, personagens se desgastam com o tempo e existe a chance de se esbarrar em lugares comuns, j\u00e1 explorados por outros influenciadores, levando aos riscos da imita\u00e7\u00e3o.<\/p>\n<p>Para escapar dessas armadilhas e ainda ganhar o b\u00f4nus da exclusividade, a melhor sa\u00edda \u00e9 a autenticidade.\u00a0Vale considerar que os seguidores preferem as pessoas reais que compartilham experi\u00eancias reais. Esse \u00e9 um grande ativo que precisa ser valorizado.<\/p>\n<h5>Busque a criatividade<\/h5>\n<p>Entretanto, ser aut\u00eantico n\u00e3o significa que a pessoa tenha que manter a mesma postura mon\u00f3tona e uniforme o tempo todo, o que, com o tempo, tamb\u00e9m pode levar ao desgaste junto ao p\u00fablico. Para evitar isso, sem perder a autenticidade, \u00e9 importante buscar a criatividade nas exposi\u00e7\u00f5es, o que dever\u00e1 ser feito de acordo com o tipo de abordagem pretendida.<\/p>\n<p>Por exemplo, se o nicho escolhido \u00e9 infantil ou jovem, mudan\u00e7as no cen\u00e1rio e roupas diferentes nas apresenta\u00e7\u00f5es pode surgir um efeito interessante. Para o p\u00fablico adulto o uso de infogr\u00e1ficos nas explica\u00e7\u00f5es pode acrescentar bastante ao conte\u00fado.<\/p>\n<h5>Dominar as redes<\/h5>\n<p>Um bom influenciador digital n\u00e3o precisa conhecer todas as redes sociais, mas \u00e9 indispens\u00e1vel que domine aquelas que pretende utilizar para alcan\u00e7ar os seguidores. Com isso \u00e9 poss\u00edvel entender as utilidades das ferramentas dispon\u00edveis em cada uma delas e as linguagens mais favor\u00e1veis \u00e0queles canais.<\/p>\n<p>Ou seja, como em qualquer outra atividade, quem pretende obter sucesso no mercado de influ\u00eancia digital precisa conhece-lo bem., buscando o m\u00e1ximo de informa\u00e7\u00f5es poss\u00edveis. Seguindo esses passos voc\u00ea aumentar\u00e1 bastante as suas chances de atrair seguidores e patrocinadores.<\/p>\n<p>&nbsp;<\/p>\n","protected":false},"excerpt":{"rendered":"<p>Muito distante de ser uma moda passageira, o mercado para os influenciadores digitais \u2014 os digital influencers \u2014 promete ser<\/p>\n","protected":false},"author":1,"featured_media":2910,"comment_status":"closed","ping_status":"open","sticky":false,"template":"","format":"standard","meta":{"footnotes":""},"categories":[10],"tags":[],"class_list":["post-2909","post","type-post","status-publish","format-standard","has-post-thumbnail","hentry","category-tecnologia"],"yoast_head":"<!-- This site is optimized with the Yoast SEO plugin v26.0 - https:\/\/yoast.com\/wordpress\/plugins\/seo\/ -->\n<title>Quer entrar para o mercado dos influenciadores digitais? Siga as dicas! - Comunidade Ativa<\/title>\n<meta name=\"robots\" content=\"index, follow, max-snippet:-1, max-image-preview:large, max-video-preview:-1\" \/>\n<link rel=\"canonical\" href=\"https:\/\/www.comunidadeativa.jor.br\/index.php\/2022\/02\/26\/quer-entrar-para-o-mercado-dos-influenciadores-digitais-siga-as-dicas\/\" \/>\n<meta property=\"og:locale\" content=\"pt_BR\" \/>\n<meta property=\"og:type\" content=\"article\" \/>\n<meta property=\"og:title\" content=\"Quer entrar para o mercado dos influenciadores digitais? Siga as dicas! - Comunidade Ativa\" \/>\n<meta property=\"og:description\" content=\"Muito distante de ser uma moda passageira, o mercado para os influenciadores digitais \u2014 os digital influencers \u2014 promete ser\" \/>\n<meta property=\"og:url\" content=\"https:\/\/www.comunidadeativa.jor.br\/index.php\/2022\/02\/26\/quer-entrar-para-o-mercado-dos-influenciadores-digitais-siga-as-dicas\/\" \/>\n<meta property=\"og:site_name\" content=\"Comunidade Ativa\" \/>\n<meta property=\"article:publisher\" content=\"https:\/\/www.facebook.com\/comunidadeativa\" \/>\n<meta property=\"article:published_time\" content=\"2022-02-26T15:44:44+00:00\" \/>\n<meta property=\"article:modified_time\" content=\"2023-08-11T18:21:00+00:00\" \/>\n<meta property=\"og:image\" content=\"https:\/\/www.comunidadeativa.jor.br\/wp-content\/uploads\/2022\/02\/capa-8.jpg\" \/>\n\t<meta property=\"og:image:width\" content=\"640\" \/>\n\t<meta property=\"og:image:height\" content=\"352\" \/>\n\t<meta property=\"og:image:type\" content=\"image\/jpeg\" \/>\n<meta name=\"author\" content=\"Comunidade Ativa\" \/>\n<meta name=\"twitter:card\" content=\"summary_large_image\" \/>\n<meta name=\"twitter:label1\" content=\"Escrito por\" \/>\n\t<meta name=\"twitter:data1\" content=\"Comunidade Ativa\" \/>\n\t<meta name=\"twitter:label2\" content=\"Est. tempo de leitura\" \/>\n\t<meta name=\"twitter:data2\" content=\"4 minutos\" \/>\n<script type=\"application\/ld+json\" class=\"yoast-schema-graph\">{\"@context\":\"https:\/\/schema.org\",\"@graph\":[{\"@type\":\"Article\",\"@id\":\"https:\/\/www.comunidadeativa.jor.br\/index.php\/2022\/02\/26\/quer-entrar-para-o-mercado-dos-influenciadores-digitais-siga-as-dicas\/#article\",\"isPartOf\":{\"@id\":\"https:\/\/www.comunidadeativa.jor.br\/index.php\/2022\/02\/26\/quer-entrar-para-o-mercado-dos-influenciadores-digitais-siga-as-dicas\/\"},\"author\":{\"name\":\"Comunidade Ativa\",\"@id\":\"https:\/\/www.comunidadeativa.jor.br\/#\/schema\/person\/dcaa1f1c51c1f0c47a33b2b734cad6e1\"},\"headline\":\"Quer entrar para o mercado dos influenciadores digitais? Siga as dicas!\",\"datePublished\":\"2022-02-26T15:44:44+00:00\",\"dateModified\":\"2023-08-11T18:21:00+00:00\",\"mainEntityOfPage\":{\"@id\":\"https:\/\/www.comunidadeativa.jor.br\/index.php\/2022\/02\/26\/quer-entrar-para-o-mercado-dos-influenciadores-digitais-siga-as-dicas\/\"},\"wordCount\":844,\"publisher\":{\"@id\":\"https:\/\/www.comunidadeativa.jor.br\/#organization\"},\"image\":{\"@id\":\"https:\/\/www.comunidadeativa.jor.br\/index.php\/2022\/02\/26\/quer-entrar-para-o-mercado-dos-influenciadores-digitais-siga-as-dicas\/#primaryimage\"},\"thumbnailUrl\":\"https:\/\/www.comunidadeativa.jor.br\/wp-content\/uploads\/2022\/02\/capa-8.jpg\",\"articleSection\":[\"Tecnologia\"],\"inLanguage\":\"pt-BR\"},{\"@type\":\"WebPage\",\"@id\":\"https:\/\/www.comunidadeativa.jor.br\/index.php\/2022\/02\/26\/quer-entrar-para-o-mercado-dos-influenciadores-digitais-siga-as-dicas\/\",\"url\":\"https:\/\/www.comunidadeativa.jor.br\/index.php\/2022\/02\/26\/quer-entrar-para-o-mercado-dos-influenciadores-digitais-siga-as-dicas\/\",\"name\":\"Quer entrar para o mercado dos influenciadores digitais? Siga as dicas! - Comunidade Ativa\",\"isPartOf\":{\"@id\":\"https:\/\/www.comunidadeativa.jor.br\/#website\"},\"primaryImageOfPage\":{\"@id\":\"https:\/\/www.comunidadeativa.jor.br\/index.php\/2022\/02\/26\/quer-entrar-para-o-mercado-dos-influenciadores-digitais-siga-as-dicas\/#primaryimage\"},\"image\":{\"@id\":\"https:\/\/www.comunidadeativa.jor.br\/index.php\/2022\/02\/26\/quer-entrar-para-o-mercado-dos-influenciadores-digitais-siga-as-dicas\/#primaryimage\"},\"thumbnailUrl\":\"https:\/\/www.comunidadeativa.jor.br\/wp-content\/uploads\/2022\/02\/capa-8.jpg\",\"datePublished\":\"2022-02-26T15:44:44+00:00\",\"dateModified\":\"2023-08-11T18:21:00+00:00\",\"breadcrumb\":{\"@id\":\"https:\/\/www.comunidadeativa.jor.br\/index.php\/2022\/02\/26\/quer-entrar-para-o-mercado-dos-influenciadores-digitais-siga-as-dicas\/#breadcrumb\"},\"inLanguage\":\"pt-BR\",\"potentialAction\":[{\"@type\":\"ReadAction\",\"target\":[\"https:\/\/www.comunidadeativa.jor.br\/index.php\/2022\/02\/26\/quer-entrar-para-o-mercado-dos-influenciadores-digitais-siga-as-dicas\/\"]}]},{\"@type\":\"ImageObject\",\"inLanguage\":\"pt-BR\",\"@id\":\"https:\/\/www.comunidadeativa.jor.br\/index.php\/2022\/02\/26\/quer-entrar-para-o-mercado-dos-influenciadores-digitais-siga-as-dicas\/#primaryimage\",\"url\":\"https:\/\/www.comunidadeativa.jor.br\/wp-content\/uploads\/2022\/02\/capa-8.jpg\",\"contentUrl\":\"https:\/\/www.comunidadeativa.jor.br\/wp-content\/uploads\/2022\/02\/capa-8.jpg\",\"width\":640,\"height\":352},{\"@type\":\"BreadcrumbList\",\"@id\":\"https:\/\/www.comunidadeativa.jor.br\/index.php\/2022\/02\/26\/quer-entrar-para-o-mercado-dos-influenciadores-digitais-siga-as-dicas\/#breadcrumb\",\"itemListElement\":[{\"@type\":\"ListItem\",\"position\":1,\"name\":\"In\u00edcio\",\"item\":\"https:\/\/www.comunidadeativa.jor.br\/\"},{\"@type\":\"ListItem\",\"position\":2,\"name\":\"Quer entrar para o mercado dos influenciadores digitais? Siga as dicas!\"}]},{\"@type\":\"WebSite\",\"@id\":\"https:\/\/www.comunidadeativa.jor.br\/#website\",\"url\":\"https:\/\/www.comunidadeativa.jor.br\/\",\"name\":\"Comunidade Ativa\",\"description\":\"\",\"publisher\":{\"@id\":\"https:\/\/www.comunidadeativa.jor.br\/#organization\"},\"potentialAction\":[{\"@type\":\"SearchAction\",\"target\":{\"@type\":\"EntryPoint\",\"urlTemplate\":\"https:\/\/www.comunidadeativa.jor.br\/?s={search_term_string}\"},\"query-input\":{\"@type\":\"PropertyValueSpecification\",\"valueRequired\":true,\"valueName\":\"search_term_string\"}}],\"inLanguage\":\"pt-BR\"},{\"@type\":\"Organization\",\"@id\":\"https:\/\/www.comunidadeativa.jor.br\/#organization\",\"name\":\"Comunidade Ativa\",\"url\":\"https:\/\/www.comunidadeativa.jor.br\/\",\"logo\":{\"@type\":\"ImageObject\",\"inLanguage\":\"pt-BR\",\"@id\":\"https:\/\/www.comunidadeativa.jor.br\/#\/schema\/logo\/image\/\",\"url\":\"https:\/\/www.comunidadeativa.jor.br\/wp-content\/uploads\/2018\/03\/cropped-LOGOPNG-1.png\",\"contentUrl\":\"https:\/\/www.comunidadeativa.jor.br\/wp-content\/uploads\/2018\/03\/cropped-LOGOPNG-1.png\",\"width\":318,\"height\":90,\"caption\":\"Comunidade Ativa\"},\"image\":{\"@id\":\"https:\/\/www.comunidadeativa.jor.br\/#\/schema\/logo\/image\/\"},\"sameAs\":[\"https:\/\/www.facebook.com\/comunidadeativa\"]},{\"@type\":\"Person\",\"@id\":\"https:\/\/www.comunidadeativa.jor.br\/#\/schema\/person\/dcaa1f1c51c1f0c47a33b2b734cad6e1\",\"name\":\"Comunidade Ativa\",\"image\":{\"@type\":\"ImageObject\",\"inLanguage\":\"pt-BR\",\"@id\":\"https:\/\/www.comunidadeativa.jor.br\/#\/schema\/person\/image\/\",\"url\":\"https:\/\/secure.gravatar.com\/avatar\/09a9a1f85fedf41e81b47f7c1d40084f?s=96&d=mm&r=g\",\"contentUrl\":\"https:\/\/secure.gravatar.com\/avatar\/09a9a1f85fedf41e81b47f7c1d40084f?s=96&d=mm&r=g\",\"caption\":\"Comunidade Ativa\"},\"url\":\"https:\/\/www.comunidadeativa.jor.br\/index.php\/author\/casalberto\/\"}]}<\/script>\n<!-- \/ Yoast SEO plugin. -->","yoast_head_json":{"title":"Quer entrar para o mercado dos influenciadores digitais? Siga as dicas! - Comunidade Ativa","robots":{"index":"index","follow":"follow","max-snippet":"max-snippet:-1","max-image-preview":"max-image-preview:large","max-video-preview":"max-video-preview:-1"},"canonical":"https:\/\/www.comunidadeativa.jor.br\/index.php\/2022\/02\/26\/quer-entrar-para-o-mercado-dos-influenciadores-digitais-siga-as-dicas\/","og_locale":"pt_BR","og_type":"article","og_title":"Quer entrar para o mercado dos influenciadores digitais? Siga as dicas! - Comunidade Ativa","og_description":"Muito distante de ser uma moda passageira, o mercado para os influenciadores digitais \u2014 os digital influencers \u2014 promete ser","og_url":"https:\/\/www.comunidadeativa.jor.br\/index.php\/2022\/02\/26\/quer-entrar-para-o-mercado-dos-influenciadores-digitais-siga-as-dicas\/","og_site_name":"Comunidade Ativa","article_publisher":"https:\/\/www.facebook.com\/comunidadeativa","article_published_time":"2022-02-26T15:44:44+00:00","article_modified_time":"2023-08-11T18:21:00+00:00","og_image":[{"width":640,"height":352,"url":"https:\/\/www.comunidadeativa.jor.br\/wp-content\/uploads\/2022\/02\/capa-8.jpg","type":"image\/jpeg"}],"author":"Comunidade Ativa","twitter_card":"summary_large_image","twitter_misc":{"Escrito por":"Comunidade Ativa","Est. tempo de leitura":"4 minutos"},"schema":{"@context":"https:\/\/schema.org","@graph":[{"@type":"Article","@id":"https:\/\/www.comunidadeativa.jor.br\/index.php\/2022\/02\/26\/quer-entrar-para-o-mercado-dos-influenciadores-digitais-siga-as-dicas\/#article","isPartOf":{"@id":"https:\/\/www.comunidadeativa.jor.br\/index.php\/2022\/02\/26\/quer-entrar-para-o-mercado-dos-influenciadores-digitais-siga-as-dicas\/"},"author":{"name":"Comunidade Ativa","@id":"https:\/\/www.comunidadeativa.jor.br\/#\/schema\/person\/dcaa1f1c51c1f0c47a33b2b734cad6e1"},"headline":"Quer entrar para o mercado dos influenciadores digitais? Siga as dicas!","datePublished":"2022-02-26T15:44:44+00:00","dateModified":"2023-08-11T18:21:00+00:00","mainEntityOfPage":{"@id":"https:\/\/www.comunidadeativa.jor.br\/index.php\/2022\/02\/26\/quer-entrar-para-o-mercado-dos-influenciadores-digitais-siga-as-dicas\/"},"wordCount":844,"publisher":{"@id":"https:\/\/www.comunidadeativa.jor.br\/#organization"},"image":{"@id":"https:\/\/www.comunidadeativa.jor.br\/index.php\/2022\/02\/26\/quer-entrar-para-o-mercado-dos-influenciadores-digitais-siga-as-dicas\/#primaryimage"},"thumbnailUrl":"https:\/\/www.comunidadeativa.jor.br\/wp-content\/uploads\/2022\/02\/capa-8.jpg","articleSection":["Tecnologia"],"inLanguage":"pt-BR"},{"@type":"WebPage","@id":"https:\/\/www.comunidadeativa.jor.br\/index.php\/2022\/02\/26\/quer-entrar-para-o-mercado-dos-influenciadores-digitais-siga-as-dicas\/","url":"https:\/\/www.comunidadeativa.jor.br\/index.php\/2022\/02\/26\/quer-entrar-para-o-mercado-dos-influenciadores-digitais-siga-as-dicas\/","name":"Quer entrar para o mercado dos influenciadores digitais? Siga as dicas! - Comunidade Ativa","isPartOf":{"@id":"https:\/\/www.comunidadeativa.jor.br\/#website"},"primaryImageOfPage":{"@id":"https:\/\/www.comunidadeativa.jor.br\/index.php\/2022\/02\/26\/quer-entrar-para-o-mercado-dos-influenciadores-digitais-siga-as-dicas\/#primaryimage"},"image":{"@id":"https:\/\/www.comunidadeativa.jor.br\/index.php\/2022\/02\/26\/quer-entrar-para-o-mercado-dos-influenciadores-digitais-siga-as-dicas\/#primaryimage"},"thumbnailUrl":"https:\/\/www.comunidadeativa.jor.br\/wp-content\/uploads\/2022\/02\/capa-8.jpg","datePublished":"2022-02-26T15:44:44+00:00","dateModified":"2023-08-11T18:21:00+00:00","breadcrumb":{"@id":"https:\/\/www.comunidadeativa.jor.br\/index.php\/2022\/02\/26\/quer-entrar-para-o-mercado-dos-influenciadores-digitais-siga-as-dicas\/#breadcrumb"},"inLanguage":"pt-BR","potentialAction":[{"@type":"ReadAction","target":["https:\/\/www.comunidadeativa.jor.br\/index.php\/2022\/02\/26\/quer-entrar-para-o-mercado-dos-influenciadores-digitais-siga-as-dicas\/"]}]},{"@type":"ImageObject","inLanguage":"pt-BR","@id":"https:\/\/www.comunidadeativa.jor.br\/index.php\/2022\/02\/26\/quer-entrar-para-o-mercado-dos-influenciadores-digitais-siga-as-dicas\/#primaryimage","url":"https:\/\/www.comunidadeativa.jor.br\/wp-content\/uploads\/2022\/02\/capa-8.jpg","contentUrl":"https:\/\/www.comunidadeativa.jor.br\/wp-content\/uploads\/2022\/02\/capa-8.jpg","width":640,"height":352},{"@type":"BreadcrumbList","@id":"https:\/\/www.comunidadeativa.jor.br\/index.php\/2022\/02\/26\/quer-entrar-para-o-mercado-dos-influenciadores-digitais-siga-as-dicas\/#breadcrumb","itemListElement":[{"@type":"ListItem","position":1,"name":"In\u00edcio","item":"https:\/\/www.comunidadeativa.jor.br\/"},{"@type":"ListItem","position":2,"name":"Quer entrar para o mercado dos influenciadores digitais? Siga as dicas!"}]},{"@type":"WebSite","@id":"https:\/\/www.comunidadeativa.jor.br\/#website","url":"https:\/\/www.comunidadeativa.jor.br\/","name":"Comunidade Ativa","description":"","publisher":{"@id":"https:\/\/www.comunidadeativa.jor.br\/#organization"},"potentialAction":[{"@type":"SearchAction","target":{"@type":"EntryPoint","urlTemplate":"https:\/\/www.comunidadeativa.jor.br\/?s={search_term_string}"},"query-input":{"@type":"PropertyValueSpecification","valueRequired":true,"valueName":"search_term_string"}}],"inLanguage":"pt-BR"},{"@type":"Organization","@id":"https:\/\/www.comunidadeativa.jor.br\/#organization","name":"Comunidade Ativa","url":"https:\/\/www.comunidadeativa.jor.br\/","logo":{"@type":"ImageObject","inLanguage":"pt-BR","@id":"https:\/\/www.comunidadeativa.jor.br\/#\/schema\/logo\/image\/","url":"https:\/\/www.comunidadeativa.jor.br\/wp-content\/uploads\/2018\/03\/cropped-LOGOPNG-1.png","contentUrl":"https:\/\/www.comunidadeativa.jor.br\/wp-content\/uploads\/2018\/03\/cropped-LOGOPNG-1.png","width":318,"height":90,"caption":"Comunidade Ativa"},"image":{"@id":"https:\/\/www.comunidadeativa.jor.br\/#\/schema\/logo\/image\/"},"sameAs":["https:\/\/www.facebook.com\/comunidadeativa"]},{"@type":"Person","@id":"https:\/\/www.comunidadeativa.jor.br\/#\/schema\/person\/dcaa1f1c51c1f0c47a33b2b734cad6e1","name":"Comunidade Ativa","image":{"@type":"ImageObject","inLanguage":"pt-BR","@id":"https:\/\/www.comunidadeativa.jor.br\/#\/schema\/person\/image\/","url":"https:\/\/secure.gravatar.com\/avatar\/09a9a1f85fedf41e81b47f7c1d40084f?s=96&d=mm&r=g","contentUrl":"https:\/\/secure.gravatar.com\/avatar\/09a9a1f85fedf41e81b47f7c1d40084f?s=96&d=mm&r=g","caption":"Comunidade Ativa"},"url":"https:\/\/www.comunidadeativa.jor.br\/index.php\/author\/casalberto\/"}]}},"_links":{"self":[{"href":"https:\/\/www.comunidadeativa.jor.br\/index.php\/wp-json\/wp\/v2\/posts\/2909","targetHints":{"allow":["GET"]}}],"collection":[{"href":"https:\/\/www.comunidadeativa.jor.br\/index.php\/wp-json\/wp\/v2\/posts"}],"about":[{"href":"https:\/\/www.comunidadeativa.jor.br\/index.php\/wp-json\/wp\/v2\/types\/post"}],"author":[{"embeddable":true,"href":"https:\/\/www.comunidadeativa.jor.br\/index.php\/wp-json\/wp\/v2\/users\/1"}],"replies":[{"embeddable":true,"href":"https:\/\/www.comunidadeativa.jor.br\/index.php\/wp-json\/wp\/v2\/comments?post=2909"}],"version-history":[{"count":2,"href":"https:\/\/www.comunidadeativa.jor.br\/index.php\/wp-json\/wp\/v2\/posts\/2909\/revisions"}],"predecessor-version":[{"id":3693,"href":"https:\/\/www.comunidadeativa.jor.br\/index.php\/wp-json\/wp\/v2\/posts\/2909\/revisions\/3693"}],"wp:featuredmedia":[{"embeddable":true,"href":"https:\/\/www.comunidadeativa.jor.br\/index.php\/wp-json\/wp\/v2\/media\/2910"}],"wp:attachment":[{"href":"https:\/\/www.comunidadeativa.jor.br\/index.php\/wp-json\/wp\/v2\/media?parent=2909"}],"wp:term":[{"taxonomy":"category","embeddable":true,"href":"https:\/\/www.comunidadeativa.jor.br\/index.php\/wp-json\/wp\/v2\/categories?post=2909"},{"taxonomy":"post_tag","embeddable":true,"href":"https:\/\/www.comunidadeativa.jor.br\/index.php\/wp-json\/wp\/v2\/tags?post=2909"}],"curies":[{"name":"wp","href":"https:\/\/api.w.org\/{rel}","templated":true}]}}