{"id":2913,"date":"2022-03-04T16:50:56","date_gmt":"2022-03-04T19:50:56","guid":{"rendered":"https:\/\/www.comunidadeativa.jor.br\/?p=2913"},"modified":"2023-03-02T13:05:29","modified_gmt":"2023-03-02T16:05:29","slug":"governo-eletronico-uma-realidade-que-o-brasileiro-precisa-conhecer-de-perto","status":"publish","type":"post","link":"https:\/\/www.comunidadeativa.jor.br\/index.php\/2022\/03\/04\/governo-eletronico-uma-realidade-que-o-brasileiro-precisa-conhecer-de-perto\/","title":{"rendered":"Governo Eletr\u00f4nico: uma realidade que o brasileiro precisa conhecer de perto"},"content":{"rendered":"<p>\u00c9 fato que uma parte consider\u00e1vel do servi\u00e7o p\u00fablico brasileiro ainda exige que o cidad\u00e3o se dirija pessoalmente a algum \u00f3rg\u00e3o para resolver situa\u00e7\u00f5es diversas. Por\u00e9m, cada vez mais, as filas nos guich\u00eas t\u00eam diminu\u00eddo em fun\u00e7\u00e3o do atendimento eletr\u00f4nico, que abrevia a coleta de informa\u00e7\u00f5es, a apresenta\u00e7\u00e3o de demandas e as solu\u00e7\u00f5es para cada uma delas.<\/p>\n<p>Desde os anos 2000, quando surgiu no Brasil o conceito de Governo Eletr\u00f4nico, a internet vem favorecendo o relacionamento entre a Administra\u00e7\u00e3o P\u00fablica e a sociedade, criando novas forma de consultas e de contatos. A partir de 2004, por exemplo, quando a Controladoria-Geral da Uni\u00e3o (CGU) lan\u00e7ou o Portal da Transpar\u00eancia, tornou-se muito mais f\u00e1cil para qualquer pessoa acompanhar informa\u00e7\u00f5es diversas sobre o Governo Federal, incluindo a destina\u00e7\u00e3o de recursos dos v\u00e1rios \u00f3rg\u00e3os e de seus servidores.<\/p>\n<p>Naquele mesmo ano, foi criado o Departamento de Governo Eletr\u00f4nico, que se destina a unificar e a integrar as a\u00e7\u00f5es de governo eletr\u00f4nico no Brasil, bem como coordenar as atividades inerentes \u00e0 presta\u00e7\u00e3o de servi\u00e7os p\u00fablicos por meios eletr\u00f4nicos. A partir de ent\u00e3o, em compasso com o desenvolvimento tecnol\u00f3gico, uma serie de normas foram definidas, permitindo que o pa\u00eds chegasse \u00e0 era digital da Administra\u00e7\u00e3o P\u00fablica que hoje se apresenta.<\/p>\n<h5>Gov.br<\/h5>\n<p>Em agosto de 2019, finalmente, foi lan\u00e7ado o Portal Gov.br, que, at\u00e9 o final de 2022, deve integrar em torno de 3.300 servi\u00e7os de governo. Assim, por meio de um \u00fanico login vinculados ao pr\u00f3prio CPF, o cidad\u00e3o poder\u00e1 acessar uma grande quantidade de servi\u00e7os p\u00fablicos, incluindo v\u00e1rios prestados por estados e munic\u00edpios que se comunicam com o sistema. Grande parte deles, inclusive, j\u00e1 est\u00e3o dispon\u00edveis.<\/p>\n<p>Al\u00e9m da funcionalidade do novo portal, que permite ao p\u00fablico ser atendido remotamente \u2014 o que pode ser feito a partir de qualquer aparelho com conex\u00e3o e com possibilidade para navegar na internet \u2014, a estimativa do Governo Federal \u00e9 de que haja uma economia anual de R$ 100 milh\u00f5es para os cofres p\u00fablicos.<\/p>\n<p>Em 2020, o Governo Federal lan\u00e7ou a Estrat\u00e9gia do Governo Digital 2020\/2022, que definiu os objetivos de transpar\u00eancia, acessibilidade, efici\u00eancia e confiabilidade que partem da integra\u00e7\u00e3o eletr\u00f4nica entre os diversos \u00f3rg\u00e3os p\u00fablicos federais. Assim, o m\u00e1ximo poss\u00edvel da Administra\u00e7\u00e3o P\u00fablica tende a ser tornar acess\u00edvel por meios digitais.<\/p>\n<h5>Integra\u00e7\u00e3o<\/h5>\n<p>Com a cria\u00e7\u00e3o do Gov.br foi poss\u00edvel agilizar uma s\u00e9rie de procedimentos que o antes demandavam mais tempo e, consequentemente, paci\u00eancia da popula\u00e7\u00e3o. Por exemplo, atualmente o aplicativo <em>Carteira Digital<\/em> integra v\u00e1rios servi\u00e7os e documentos referentes aos motoristas e aos ve\u00edculos brasileiros. Em vez de o condutor portar a tradicional Carteira Nacional de Habilita\u00e7\u00e3o (CNH) e o Certificado de Registro e Licenciamento de Ve\u00edculo (CRLV) em papel \u2014 o que, al\u00e9m da emiss\u00e3o f\u00edsica, cria a oportunidade para perdas, esquecimentos e extravios \u2014 basta acessar o app pelo celular, que re\u00fane digitalmente todos esses documentos.<\/p>\n<p>A documenta\u00e7\u00e3o f\u00edsica continua dispon\u00edvel. Por\u00e9m, o documento digital tem a mesma validade e \u00e9 muito mais pr\u00e1tico de ser portado. Al\u00e9m disso, o aplicativo permite consultar infra\u00e7\u00f5es que recaiam sobre motoristas ou sobre ve\u00edculos registrados sob o CPF do respons\u00e1vel pelo login.<\/p>\n<p>Tamb\u00e9m vale considerar que servi\u00e7os diversos do Governo do Estado de Minas Gerais e da Prefeitura Municipal de Belo Horizonte tamb\u00e9m est\u00e3o dispon\u00edveis digitalmente, inclusive por aplicativos. Por meio do MG App o cidad\u00e3o mineiro pode consultar e emitir certid\u00f5es diversas, solicitar vistorias e agendar servi\u00e7os, entre outras fun\u00e7\u00f5es. De modo similar, o aplicativo da PBH tamb\u00e9m oferece uma s\u00e9rie de facilidades ao belo-horizontino e tudo isso usando um cadastro \u00fanico, realizado no Portal Gov.br.<\/p>\n<p>Portanto, como acontece em v\u00e1rias partes do mundo, o Governo Eletr\u00f4nico j\u00e1 \u00e9 uma realidade para os brasileiros que merece ser conhecida e utilizada em todo o seu potencial.<\/p>\n<hr \/>\n<p style=\"padding-left: 80px;\"><em>Colabore com a produ\u00e7\u00e3o do Comunidade Ativa fazendo uma doa\u00e7\u00e3o com qualquer valor.<br \/>\n<\/em>Pelo Pix, use a chave 43440241000164 ou clique no bot\u00e3o abaixo para contribuir usando cart\u00e3o ou boleto.<\/p>\n<p><!-- INICIO FORMULARIO BOTAO PAGSEGURO --><\/p>\n<form style=\"padding-left: 80px;\" action=\"https:\/\/pagseguro.uol.com.br\/checkout\/v2\/donation.html\" method=\"post\"><input alt=\"Pague com PagSeguro - \u00e9 r\u00e1pido, gr\u00e1tis e seguro!\" name=\"submit\" src=\"https:\/\/stc.pagseguro.uol.com.br\/public\/img\/botoes\/doacoes\/209x48-doar-assina.gif\" type=\"image\" \/><!-- FINAL FORMULARIO BOTAO PAGSEGURO --><\/p>\n<hr \/>\n<p>&nbsp;<\/p>\n<p>&nbsp;<\/p>\n<\/form>\n","protected":false},"excerpt":{"rendered":"<p>\u00c9 fato que uma parte consider\u00e1vel do servi\u00e7o p\u00fablico brasileiro ainda exige que o cidad\u00e3o se dirija pessoalmente a algum<\/p>\n","protected":false},"author":1,"featured_media":2914,"comment_status":"closed","ping_status":"open","sticky":false,"template":"","format":"standard","meta":{"footnotes":""},"categories":[12],"tags":[],"class_list":["post-2913","post","type-post","status-publish","format-standard","has-post-thumbnail","hentry","category-cidadania"],"yoast_head":"<!-- This site is optimized with the Yoast SEO plugin v26.0 - https:\/\/yoast.com\/wordpress\/plugins\/seo\/ -->\n<title>Governo Eletr\u00f4nico: uma realidade que o brasileiro precisa conhecer de perto - Comunidade Ativa<\/title>\n<meta name=\"robots\" content=\"index, follow, max-snippet:-1, max-image-preview:large, max-video-preview:-1\" \/>\n<link rel=\"canonical\" href=\"https:\/\/www.comunidadeativa.jor.br\/index.php\/2022\/03\/04\/governo-eletronico-uma-realidade-que-o-brasileiro-precisa-conhecer-de-perto\/\" \/>\n<meta property=\"og:locale\" content=\"pt_BR\" \/>\n<meta property=\"og:type\" content=\"article\" \/>\n<meta property=\"og:title\" content=\"Governo Eletr\u00f4nico: uma realidade que o brasileiro precisa conhecer de perto - Comunidade Ativa\" \/>\n<meta property=\"og:description\" content=\"\u00c9 fato que uma parte consider\u00e1vel do servi\u00e7o p\u00fablico brasileiro ainda exige que o cidad\u00e3o se dirija pessoalmente a algum\" \/>\n<meta property=\"og:url\" content=\"https:\/\/www.comunidadeativa.jor.br\/index.php\/2022\/03\/04\/governo-eletronico-uma-realidade-que-o-brasileiro-precisa-conhecer-de-perto\/\" \/>\n<meta property=\"og:site_name\" content=\"Comunidade Ativa\" \/>\n<meta property=\"article:publisher\" content=\"https:\/\/www.facebook.com\/comunidadeativa\" \/>\n<meta property=\"article:published_time\" content=\"2022-03-04T19:50:56+00:00\" \/>\n<meta property=\"article:modified_time\" content=\"2023-03-02T16:05:29+00:00\" \/>\n<meta property=\"og:image\" content=\"https:\/\/www.comunidadeativa.jor.br\/wp-content\/uploads\/2022\/03\/capa.jpg\" \/>\n\t<meta property=\"og:image:width\" content=\"640\" \/>\n\t<meta property=\"og:image:height\" content=\"352\" \/>\n\t<meta property=\"og:image:type\" content=\"image\/jpeg\" \/>\n<meta name=\"author\" content=\"Comunidade Ativa\" \/>\n<meta name=\"twitter:card\" content=\"summary_large_image\" \/>\n<meta name=\"twitter:label1\" content=\"Escrito por\" \/>\n\t<meta name=\"twitter:data1\" content=\"Comunidade Ativa\" \/>\n\t<meta name=\"twitter:label2\" content=\"Est. tempo de leitura\" \/>\n\t<meta name=\"twitter:data2\" content=\"4 minutos\" \/>\n<script type=\"application\/ld+json\" class=\"yoast-schema-graph\">{\"@context\":\"https:\/\/schema.org\",\"@graph\":[{\"@type\":\"Article\",\"@id\":\"https:\/\/www.comunidadeativa.jor.br\/index.php\/2022\/03\/04\/governo-eletronico-uma-realidade-que-o-brasileiro-precisa-conhecer-de-perto\/#article\",\"isPartOf\":{\"@id\":\"https:\/\/www.comunidadeativa.jor.br\/index.php\/2022\/03\/04\/governo-eletronico-uma-realidade-que-o-brasileiro-precisa-conhecer-de-perto\/\"},\"author\":{\"name\":\"Comunidade Ativa\",\"@id\":\"https:\/\/www.comunidadeativa.jor.br\/#\/schema\/person\/dcaa1f1c51c1f0c47a33b2b734cad6e1\"},\"headline\":\"Governo Eletr\u00f4nico: uma realidade que o brasileiro precisa conhecer de perto\",\"datePublished\":\"2022-03-04T19:50:56+00:00\",\"dateModified\":\"2023-03-02T16:05:29+00:00\",\"mainEntityOfPage\":{\"@id\":\"https:\/\/www.comunidadeativa.jor.br\/index.php\/2022\/03\/04\/governo-eletronico-uma-realidade-que-o-brasileiro-precisa-conhecer-de-perto\/\"},\"wordCount\":752,\"publisher\":{\"@id\":\"https:\/\/www.comunidadeativa.jor.br\/#organization\"},\"image\":{\"@id\":\"https:\/\/www.comunidadeativa.jor.br\/index.php\/2022\/03\/04\/governo-eletronico-uma-realidade-que-o-brasileiro-precisa-conhecer-de-perto\/#primaryimage\"},\"thumbnailUrl\":\"https:\/\/www.comunidadeativa.jor.br\/wp-content\/uploads\/2022\/03\/capa.jpg\",\"articleSection\":[\"Cidadania\"],\"inLanguage\":\"pt-BR\"},{\"@type\":\"WebPage\",\"@id\":\"https:\/\/www.comunidadeativa.jor.br\/index.php\/2022\/03\/04\/governo-eletronico-uma-realidade-que-o-brasileiro-precisa-conhecer-de-perto\/\",\"url\":\"https:\/\/www.comunidadeativa.jor.br\/index.php\/2022\/03\/04\/governo-eletronico-uma-realidade-que-o-brasileiro-precisa-conhecer-de-perto\/\",\"name\":\"Governo Eletr\u00f4nico: uma realidade que o brasileiro precisa conhecer de perto - Comunidade Ativa\",\"isPartOf\":{\"@id\":\"https:\/\/www.comunidadeativa.jor.br\/#website\"},\"primaryImageOfPage\":{\"@id\":\"https:\/\/www.comunidadeativa.jor.br\/index.php\/2022\/03\/04\/governo-eletronico-uma-realidade-que-o-brasileiro-precisa-conhecer-de-perto\/#primaryimage\"},\"image\":{\"@id\":\"https:\/\/www.comunidadeativa.jor.br\/index.php\/2022\/03\/04\/governo-eletronico-uma-realidade-que-o-brasileiro-precisa-conhecer-de-perto\/#primaryimage\"},\"thumbnailUrl\":\"https:\/\/www.comunidadeativa.jor.br\/wp-content\/uploads\/2022\/03\/capa.jpg\",\"datePublished\":\"2022-03-04T19:50:56+00:00\",\"dateModified\":\"2023-03-02T16:05:29+00:00\",\"breadcrumb\":{\"@id\":\"https:\/\/www.comunidadeativa.jor.br\/index.php\/2022\/03\/04\/governo-eletronico-uma-realidade-que-o-brasileiro-precisa-conhecer-de-perto\/#breadcrumb\"},\"inLanguage\":\"pt-BR\",\"potentialAction\":[{\"@type\":\"ReadAction\",\"target\":[\"https:\/\/www.comunidadeativa.jor.br\/index.php\/2022\/03\/04\/governo-eletronico-uma-realidade-que-o-brasileiro-precisa-conhecer-de-perto\/\"]}]},{\"@type\":\"ImageObject\",\"inLanguage\":\"pt-BR\",\"@id\":\"https:\/\/www.comunidadeativa.jor.br\/index.php\/2022\/03\/04\/governo-eletronico-uma-realidade-que-o-brasileiro-precisa-conhecer-de-perto\/#primaryimage\",\"url\":\"https:\/\/www.comunidadeativa.jor.br\/wp-content\/uploads\/2022\/03\/capa.jpg\",\"contentUrl\":\"https:\/\/www.comunidadeativa.jor.br\/wp-content\/uploads\/2022\/03\/capa.jpg\",\"width\":640,\"height\":352},{\"@type\":\"BreadcrumbList\",\"@id\":\"https:\/\/www.comunidadeativa.jor.br\/index.php\/2022\/03\/04\/governo-eletronico-uma-realidade-que-o-brasileiro-precisa-conhecer-de-perto\/#breadcrumb\",\"itemListElement\":[{\"@type\":\"ListItem\",\"position\":1,\"name\":\"In\u00edcio\",\"item\":\"https:\/\/www.comunidadeativa.jor.br\/\"},{\"@type\":\"ListItem\",\"position\":2,\"name\":\"Governo Eletr\u00f4nico: uma realidade que o brasileiro precisa conhecer de perto\"}]},{\"@type\":\"WebSite\",\"@id\":\"https:\/\/www.comunidadeativa.jor.br\/#website\",\"url\":\"https:\/\/www.comunidadeativa.jor.br\/\",\"name\":\"Comunidade Ativa\",\"description\":\"\",\"publisher\":{\"@id\":\"https:\/\/www.comunidadeativa.jor.br\/#organization\"},\"potentialAction\":[{\"@type\":\"SearchAction\",\"target\":{\"@type\":\"EntryPoint\",\"urlTemplate\":\"https:\/\/www.comunidadeativa.jor.br\/?s={search_term_string}\"},\"query-input\":{\"@type\":\"PropertyValueSpecification\",\"valueRequired\":true,\"valueName\":\"search_term_string\"}}],\"inLanguage\":\"pt-BR\"},{\"@type\":\"Organization\",\"@id\":\"https:\/\/www.comunidadeativa.jor.br\/#organization\",\"name\":\"Comunidade Ativa\",\"url\":\"https:\/\/www.comunidadeativa.jor.br\/\",\"logo\":{\"@type\":\"ImageObject\",\"inLanguage\":\"pt-BR\",\"@id\":\"https:\/\/www.comunidadeativa.jor.br\/#\/schema\/logo\/image\/\",\"url\":\"https:\/\/www.comunidadeativa.jor.br\/wp-content\/uploads\/2018\/03\/cropped-LOGOPNG-1.png\",\"contentUrl\":\"https:\/\/www.comunidadeativa.jor.br\/wp-content\/uploads\/2018\/03\/cropped-LOGOPNG-1.png\",\"width\":318,\"height\":90,\"caption\":\"Comunidade Ativa\"},\"image\":{\"@id\":\"https:\/\/www.comunidadeativa.jor.br\/#\/schema\/logo\/image\/\"},\"sameAs\":[\"https:\/\/www.facebook.com\/comunidadeativa\"]},{\"@type\":\"Person\",\"@id\":\"https:\/\/www.comunidadeativa.jor.br\/#\/schema\/person\/dcaa1f1c51c1f0c47a33b2b734cad6e1\",\"name\":\"Comunidade Ativa\",\"image\":{\"@type\":\"ImageObject\",\"inLanguage\":\"pt-BR\",\"@id\":\"https:\/\/www.comunidadeativa.jor.br\/#\/schema\/person\/image\/\",\"url\":\"https:\/\/secure.gravatar.com\/avatar\/09a9a1f85fedf41e81b47f7c1d40084f?s=96&d=mm&r=g\",\"contentUrl\":\"https:\/\/secure.gravatar.com\/avatar\/09a9a1f85fedf41e81b47f7c1d40084f?s=96&d=mm&r=g\",\"caption\":\"Comunidade Ativa\"},\"url\":\"https:\/\/www.comunidadeativa.jor.br\/index.php\/author\/casalberto\/\"}]}<\/script>\n<!-- \/ Yoast SEO plugin. -->","yoast_head_json":{"title":"Governo Eletr\u00f4nico: uma realidade que o brasileiro precisa conhecer de perto - Comunidade Ativa","robots":{"index":"index","follow":"follow","max-snippet":"max-snippet:-1","max-image-preview":"max-image-preview:large","max-video-preview":"max-video-preview:-1"},"canonical":"https:\/\/www.comunidadeativa.jor.br\/index.php\/2022\/03\/04\/governo-eletronico-uma-realidade-que-o-brasileiro-precisa-conhecer-de-perto\/","og_locale":"pt_BR","og_type":"article","og_title":"Governo Eletr\u00f4nico: uma realidade que o brasileiro precisa conhecer de perto - Comunidade Ativa","og_description":"\u00c9 fato que uma parte consider\u00e1vel do servi\u00e7o p\u00fablico brasileiro ainda exige que o cidad\u00e3o se dirija pessoalmente a algum","og_url":"https:\/\/www.comunidadeativa.jor.br\/index.php\/2022\/03\/04\/governo-eletronico-uma-realidade-que-o-brasileiro-precisa-conhecer-de-perto\/","og_site_name":"Comunidade Ativa","article_publisher":"https:\/\/www.facebook.com\/comunidadeativa","article_published_time":"2022-03-04T19:50:56+00:00","article_modified_time":"2023-03-02T16:05:29+00:00","og_image":[{"width":640,"height":352,"url":"https:\/\/www.comunidadeativa.jor.br\/wp-content\/uploads\/2022\/03\/capa.jpg","type":"image\/jpeg"}],"author":"Comunidade Ativa","twitter_card":"summary_large_image","twitter_misc":{"Escrito por":"Comunidade Ativa","Est. tempo de leitura":"4 minutos"},"schema":{"@context":"https:\/\/schema.org","@graph":[{"@type":"Article","@id":"https:\/\/www.comunidadeativa.jor.br\/index.php\/2022\/03\/04\/governo-eletronico-uma-realidade-que-o-brasileiro-precisa-conhecer-de-perto\/#article","isPartOf":{"@id":"https:\/\/www.comunidadeativa.jor.br\/index.php\/2022\/03\/04\/governo-eletronico-uma-realidade-que-o-brasileiro-precisa-conhecer-de-perto\/"},"author":{"name":"Comunidade Ativa","@id":"https:\/\/www.comunidadeativa.jor.br\/#\/schema\/person\/dcaa1f1c51c1f0c47a33b2b734cad6e1"},"headline":"Governo Eletr\u00f4nico: uma realidade que o brasileiro precisa conhecer de perto","datePublished":"2022-03-04T19:50:56+00:00","dateModified":"2023-03-02T16:05:29+00:00","mainEntityOfPage":{"@id":"https:\/\/www.comunidadeativa.jor.br\/index.php\/2022\/03\/04\/governo-eletronico-uma-realidade-que-o-brasileiro-precisa-conhecer-de-perto\/"},"wordCount":752,"publisher":{"@id":"https:\/\/www.comunidadeativa.jor.br\/#organization"},"image":{"@id":"https:\/\/www.comunidadeativa.jor.br\/index.php\/2022\/03\/04\/governo-eletronico-uma-realidade-que-o-brasileiro-precisa-conhecer-de-perto\/#primaryimage"},"thumbnailUrl":"https:\/\/www.comunidadeativa.jor.br\/wp-content\/uploads\/2022\/03\/capa.jpg","articleSection":["Cidadania"],"inLanguage":"pt-BR"},{"@type":"WebPage","@id":"https:\/\/www.comunidadeativa.jor.br\/index.php\/2022\/03\/04\/governo-eletronico-uma-realidade-que-o-brasileiro-precisa-conhecer-de-perto\/","url":"https:\/\/www.comunidadeativa.jor.br\/index.php\/2022\/03\/04\/governo-eletronico-uma-realidade-que-o-brasileiro-precisa-conhecer-de-perto\/","name":"Governo Eletr\u00f4nico: uma realidade que o brasileiro precisa conhecer de perto - Comunidade Ativa","isPartOf":{"@id":"https:\/\/www.comunidadeativa.jor.br\/#website"},"primaryImageOfPage":{"@id":"https:\/\/www.comunidadeativa.jor.br\/index.php\/2022\/03\/04\/governo-eletronico-uma-realidade-que-o-brasileiro-precisa-conhecer-de-perto\/#primaryimage"},"image":{"@id":"https:\/\/www.comunidadeativa.jor.br\/index.php\/2022\/03\/04\/governo-eletronico-uma-realidade-que-o-brasileiro-precisa-conhecer-de-perto\/#primaryimage"},"thumbnailUrl":"https:\/\/www.comunidadeativa.jor.br\/wp-content\/uploads\/2022\/03\/capa.jpg","datePublished":"2022-03-04T19:50:56+00:00","dateModified":"2023-03-02T16:05:29+00:00","breadcrumb":{"@id":"https:\/\/www.comunidadeativa.jor.br\/index.php\/2022\/03\/04\/governo-eletronico-uma-realidade-que-o-brasileiro-precisa-conhecer-de-perto\/#breadcrumb"},"inLanguage":"pt-BR","potentialAction":[{"@type":"ReadAction","target":["https:\/\/www.comunidadeativa.jor.br\/index.php\/2022\/03\/04\/governo-eletronico-uma-realidade-que-o-brasileiro-precisa-conhecer-de-perto\/"]}]},{"@type":"ImageObject","inLanguage":"pt-BR","@id":"https:\/\/www.comunidadeativa.jor.br\/index.php\/2022\/03\/04\/governo-eletronico-uma-realidade-que-o-brasileiro-precisa-conhecer-de-perto\/#primaryimage","url":"https:\/\/www.comunidadeativa.jor.br\/wp-content\/uploads\/2022\/03\/capa.jpg","contentUrl":"https:\/\/www.comunidadeativa.jor.br\/wp-content\/uploads\/2022\/03\/capa.jpg","width":640,"height":352},{"@type":"BreadcrumbList","@id":"https:\/\/www.comunidadeativa.jor.br\/index.php\/2022\/03\/04\/governo-eletronico-uma-realidade-que-o-brasileiro-precisa-conhecer-de-perto\/#breadcrumb","itemListElement":[{"@type":"ListItem","position":1,"name":"In\u00edcio","item":"https:\/\/www.comunidadeativa.jor.br\/"},{"@type":"ListItem","position":2,"name":"Governo Eletr\u00f4nico: uma realidade que o brasileiro precisa conhecer de perto"}]},{"@type":"WebSite","@id":"https:\/\/www.comunidadeativa.jor.br\/#website","url":"https:\/\/www.comunidadeativa.jor.br\/","name":"Comunidade Ativa","description":"","publisher":{"@id":"https:\/\/www.comunidadeativa.jor.br\/#organization"},"potentialAction":[{"@type":"SearchAction","target":{"@type":"EntryPoint","urlTemplate":"https:\/\/www.comunidadeativa.jor.br\/?s={search_term_string}"},"query-input":{"@type":"PropertyValueSpecification","valueRequired":true,"valueName":"search_term_string"}}],"inLanguage":"pt-BR"},{"@type":"Organization","@id":"https:\/\/www.comunidadeativa.jor.br\/#organization","name":"Comunidade Ativa","url":"https:\/\/www.comunidadeativa.jor.br\/","logo":{"@type":"ImageObject","inLanguage":"pt-BR","@id":"https:\/\/www.comunidadeativa.jor.br\/#\/schema\/logo\/image\/","url":"https:\/\/www.comunidadeativa.jor.br\/wp-content\/uploads\/2018\/03\/cropped-LOGOPNG-1.png","contentUrl":"https:\/\/www.comunidadeativa.jor.br\/wp-content\/uploads\/2018\/03\/cropped-LOGOPNG-1.png","width":318,"height":90,"caption":"Comunidade Ativa"},"image":{"@id":"https:\/\/www.comunidadeativa.jor.br\/#\/schema\/logo\/image\/"},"sameAs":["https:\/\/www.facebook.com\/comunidadeativa"]},{"@type":"Person","@id":"https:\/\/www.comunidadeativa.jor.br\/#\/schema\/person\/dcaa1f1c51c1f0c47a33b2b734cad6e1","name":"Comunidade Ativa","image":{"@type":"ImageObject","inLanguage":"pt-BR","@id":"https:\/\/www.comunidadeativa.jor.br\/#\/schema\/person\/image\/","url":"https:\/\/secure.gravatar.com\/avatar\/09a9a1f85fedf41e81b47f7c1d40084f?s=96&d=mm&r=g","contentUrl":"https:\/\/secure.gravatar.com\/avatar\/09a9a1f85fedf41e81b47f7c1d40084f?s=96&d=mm&r=g","caption":"Comunidade Ativa"},"url":"https:\/\/www.comunidadeativa.jor.br\/index.php\/author\/casalberto\/"}]}},"_links":{"self":[{"href":"https:\/\/www.comunidadeativa.jor.br\/index.php\/wp-json\/wp\/v2\/posts\/2913","targetHints":{"allow":["GET"]}}],"collection":[{"href":"https:\/\/www.comunidadeativa.jor.br\/index.php\/wp-json\/wp\/v2\/posts"}],"about":[{"href":"https:\/\/www.comunidadeativa.jor.br\/index.php\/wp-json\/wp\/v2\/types\/post"}],"author":[{"embeddable":true,"href":"https:\/\/www.comunidadeativa.jor.br\/index.php\/wp-json\/wp\/v2\/users\/1"}],"replies":[{"embeddable":true,"href":"https:\/\/www.comunidadeativa.jor.br\/index.php\/wp-json\/wp\/v2\/comments?post=2913"}],"version-history":[{"count":4,"href":"https:\/\/www.comunidadeativa.jor.br\/index.php\/wp-json\/wp\/v2\/posts\/2913\/revisions"}],"predecessor-version":[{"id":3492,"href":"https:\/\/www.comunidadeativa.jor.br\/index.php\/wp-json\/wp\/v2\/posts\/2913\/revisions\/3492"}],"wp:featuredmedia":[{"embeddable":true,"href":"https:\/\/www.comunidadeativa.jor.br\/index.php\/wp-json\/wp\/v2\/media\/2914"}],"wp:attachment":[{"href":"https:\/\/www.comunidadeativa.jor.br\/index.php\/wp-json\/wp\/v2\/media?parent=2913"}],"wp:term":[{"taxonomy":"category","embeddable":true,"href":"https:\/\/www.comunidadeativa.jor.br\/index.php\/wp-json\/wp\/v2\/categories?post=2913"},{"taxonomy":"post_tag","embeddable":true,"href":"https:\/\/www.comunidadeativa.jor.br\/index.php\/wp-json\/wp\/v2\/tags?post=2913"}],"curies":[{"name":"wp","href":"https:\/\/api.w.org\/{rel}","templated":true}]}}