{"id":3037,"date":"2022-05-27T18:17:14","date_gmt":"2022-05-27T21:17:14","guid":{"rendered":"https:\/\/www.comunidadeativa.jor.br\/?p=3037"},"modified":"2023-08-15T17:31:12","modified_gmt":"2023-08-15T20:31:12","slug":"como-a-gestao-pode-ajudar-novos-empreendedores-a-obterem-sucesso","status":"publish","type":"post","link":"https:\/\/www.comunidadeativa.jor.br\/index.php\/2022\/05\/27\/como-a-gestao-pode-ajudar-novos-empreendedores-a-obterem-sucesso\/","title":{"rendered":"Como a gest\u00e3o pode ajudar novos empreendedores a obterem sucesso?"},"content":{"rendered":"<p>Uma caracter\u00edstica que sempre esteve presente na vida de grande parte da popula\u00e7\u00e3o brasileira, o empreendedorismo ganhou significado especial de 2020 pra c\u00e1, quando, em fun\u00e7\u00e3o da pandemia, as pessoas tiveram que encontrar novas formas de obter renda. Diante das dificuldades, muitas recorreram \u00e0s habilidades que j\u00e1 detinham, mas que n\u00e3o exerciam profissionalmente, dando in\u00edcio a novos neg\u00f3cios.<\/p>\n<p>Com isso, ao mesmo tempo em que, por exemplo, artes\u00e3os amadores passaram a encarar os pr\u00f3prios talentos como forma de ganhar dinheiro, para muitos, a cozinha de casa se transformou em um local de produ\u00e7\u00e3o de iguarias variadas que come\u00e7aram a ser vendidas.<\/p>\n<p>De muitas das empreitadas emergenciais surgiram empresas, algumas mais, outras menos organizadas. De todas, umas tantas se expandiram, outras continuam no mesmo ponto onde come\u00e7aram, enquanto muitas n\u00e3o vingaram. Mas, o que pode ter feito a diferen\u00e7a para todas elas?<\/p>\n<h5>As falhas<\/h5>\n<p>De fato, a qualidade do produto e o valor pelo qual este \u00e9 vendido t\u00eam peso significativo no sucesso de um neg\u00f3cio. Por\u00e9m, n\u00e3o s\u00e3o raros os casos de empreendedores com excelentes produtos que s\u00e3o oferecidos a pre\u00e7os compat\u00edveis com o mercado, mas que n\u00e3o conseguem alavancar o empreendimento.<\/p>\n<p>Isso ocorre porque, muitas vezes, a aten\u00e7\u00e3o desse empreendedor se volta exclusivamente para o produto em si, fazendo com que ele se esque\u00e7a de outras necessidades de uma empresa \u2014 como as relacionadas \u00e0 administra\u00e7\u00e3o e \u00e0 gest\u00e3o da produ\u00e7\u00e3o.<\/p>\n<p>\u00c9 preciso convir que um empreendimento mal administrado, que n\u00e3o segue diretrizes gerenciais b\u00e1sicas, dificilmente sobreviver\u00e1. Da mesma forma, um processo produtivo desorganizado, que n\u00e3o obedece a uma ordena\u00e7\u00e3o de produ\u00e7\u00e3o l\u00f3gica, que busque efici\u00eancia e economia, gerar\u00e1 uma s\u00e9rie de problemas, que podem levar ao fracasso.<\/p>\n<h5>As solu\u00e7\u00f5es<\/h5>\n<p>Grande parte dessas falhas acontece em fun\u00e7\u00e3o do absoluto improviso com o qual age a pessoa d\u00e1 in\u00edcio \u00e0 atividade. Sem se preparar nos quesitos gerenciais, conhecedora apenas das formas amador\u00edstica de produ\u00e7\u00e3o, ela acaba se vendo limitada pela falta de conhecimento de t\u00e9cnicas de gest\u00e3o que v\u00e3o tornar a sua atividade mais eficiente, produtiva e lucrativa.<\/p>\n<p>Portanto, \u00e9 claro, as solu\u00e7\u00f5es est\u00e3o na dedica\u00e7\u00e3o de uma aten\u00e7\u00e3o correta a todos os aspectos do neg\u00f3cio, que v\u00e3o do desenvolvimento do produto \u00e0 venda para o consumidor, o que passa, necessariamente, pelas etapas intermedi\u00e1rias de gest\u00e3o, tanto administrativa quanto do processo produtivo.<\/p>\n<h5>O planejamento<\/h5>\n<p>Tudo come\u00e7a com um bom planejamento, que \u00e9 fundamental para que o empreendedor alcance bons n\u00edveis de qualidade dos produtos, a custos racionais e com o m\u00e1ximo de lucro que a empresa pode obter.<\/p>\n<p>A partir do planejamento, ent\u00e3o, ser\u00e1 poss\u00edvel entender o que deve ser gerenciado e tamb\u00e9m entender que \u00e9 preciso saber como gerenciar. Portanto, ap\u00f3s a etapa do planejamento, \u00e9 necess\u00e1rio compreender os mecanismos que levam ao bom gerenciamento.<\/p>\n<h5>A gest\u00e3o de produ\u00e7\u00e3o<\/h5>\n<p>Em todos as frentes gerenciais, gerenciar \u00e9 saber o que fazer e como fazer, da maneira mais eficiente e econ\u00f4mica. Se por um lado a gest\u00e3o administrativa buscar\u00e1 aplicar esses princ\u00edpios na administra\u00e7\u00e3o do neg\u00f3cio em si, a gest\u00e3o de produ\u00e7\u00e3o far\u00e1 algo similar perante o processo produtivo.<\/p>\n<p>Portanto, pensar na gest\u00e3o de produ\u00e7\u00e3o consiste em pensar em todo o ciclo que come\u00e7a com a estrutura\u00e7\u00e3o do processo produtivo, passa pela produ\u00e7\u00e3o em si e segue at\u00e9 a entrega do produto ao cliente, fazendo isso sempre em busca da maior efici\u00eancia e da economia.<\/p>\n<p>O empreendedor que confia no pr\u00f3prio produto e det\u00e9m as ferramentas de gest\u00e3o encontrar\u00e1 o caminho para o sucesso com dificuldade muito menor do que aquele que continua agindo improvisamente.<!-- FINAL FORMULARIO BOTAO PAGSEGURO --><\/p>\n<form style=\"padding-left: 80px;\" action=\"https:\/\/pagseguro.uol.com.br\/checkout\/v2\/donation.html\" method=\"post\">\n<hr \/>\n<\/form>\n<p>&nbsp;<\/p>\n","protected":false},"excerpt":{"rendered":"<p>Uma caracter\u00edstica que sempre esteve presente na vida de grande parte da popula\u00e7\u00e3o brasileira, o empreendedorismo ganhou significado especial de<\/p>\n","protected":false},"author":1,"featured_media":3039,"comment_status":"closed","ping_status":"open","sticky":false,"template":"","format":"standard","meta":{"footnotes":""},"categories":[18],"tags":[],"class_list":["post-3037","post","type-post","status-publish","format-standard","has-post-thumbnail","hentry","category-economia"],"yoast_head":"<!-- This site is optimized with the Yoast SEO plugin v26.0 - https:\/\/yoast.com\/wordpress\/plugins\/seo\/ -->\n<title>Como a gest\u00e3o pode ajudar novos empreendedores a obterem sucesso? - Comunidade Ativa<\/title>\n<meta name=\"robots\" content=\"index, follow, max-snippet:-1, max-image-preview:large, max-video-preview:-1\" \/>\n<link rel=\"canonical\" href=\"https:\/\/www.comunidadeativa.jor.br\/index.php\/2022\/05\/27\/como-a-gestao-pode-ajudar-novos-empreendedores-a-obterem-sucesso\/\" \/>\n<meta property=\"og:locale\" content=\"pt_BR\" \/>\n<meta property=\"og:type\" content=\"article\" \/>\n<meta property=\"og:title\" content=\"Como a gest\u00e3o pode ajudar novos empreendedores a obterem sucesso? - Comunidade Ativa\" \/>\n<meta property=\"og:description\" content=\"Uma caracter\u00edstica que sempre esteve presente na vida de grande parte da popula\u00e7\u00e3o brasileira, o empreendedorismo ganhou significado especial de\" \/>\n<meta property=\"og:url\" content=\"https:\/\/www.comunidadeativa.jor.br\/index.php\/2022\/05\/27\/como-a-gestao-pode-ajudar-novos-empreendedores-a-obterem-sucesso\/\" \/>\n<meta property=\"og:site_name\" content=\"Comunidade Ativa\" \/>\n<meta property=\"article:publisher\" content=\"https:\/\/www.facebook.com\/comunidadeativa\" \/>\n<meta property=\"article:published_time\" content=\"2022-05-27T21:17:14+00:00\" \/>\n<meta property=\"article:modified_time\" content=\"2023-08-15T20:31:12+00:00\" \/>\n<meta property=\"og:image\" content=\"https:\/\/www.comunidadeativa.jor.br\/wp-content\/uploads\/2022\/05\/capa-3.jpg\" \/>\n\t<meta property=\"og:image:width\" content=\"640\" \/>\n\t<meta property=\"og:image:height\" content=\"352\" \/>\n\t<meta property=\"og:image:type\" content=\"image\/jpeg\" \/>\n<meta name=\"author\" content=\"Comunidade Ativa\" \/>\n<meta name=\"twitter:card\" content=\"summary_large_image\" \/>\n<meta name=\"twitter:label1\" content=\"Escrito por\" \/>\n\t<meta name=\"twitter:data1\" content=\"Comunidade Ativa\" \/>\n\t<meta name=\"twitter:label2\" content=\"Est. tempo de leitura\" \/>\n\t<meta name=\"twitter:data2\" content=\"3 minutos\" \/>\n<script type=\"application\/ld+json\" class=\"yoast-schema-graph\">{\"@context\":\"https:\/\/schema.org\",\"@graph\":[{\"@type\":\"Article\",\"@id\":\"https:\/\/www.comunidadeativa.jor.br\/index.php\/2022\/05\/27\/como-a-gestao-pode-ajudar-novos-empreendedores-a-obterem-sucesso\/#article\",\"isPartOf\":{\"@id\":\"https:\/\/www.comunidadeativa.jor.br\/index.php\/2022\/05\/27\/como-a-gestao-pode-ajudar-novos-empreendedores-a-obterem-sucesso\/\"},\"author\":{\"name\":\"Comunidade Ativa\",\"@id\":\"https:\/\/www.comunidadeativa.jor.br\/#\/schema\/person\/dcaa1f1c51c1f0c47a33b2b734cad6e1\"},\"headline\":\"Como a gest\u00e3o pode ajudar novos empreendedores a obterem sucesso?\",\"datePublished\":\"2022-05-27T21:17:14+00:00\",\"dateModified\":\"2023-08-15T20:31:12+00:00\",\"mainEntityOfPage\":{\"@id\":\"https:\/\/www.comunidadeativa.jor.br\/index.php\/2022\/05\/27\/como-a-gestao-pode-ajudar-novos-empreendedores-a-obterem-sucesso\/\"},\"wordCount\":660,\"publisher\":{\"@id\":\"https:\/\/www.comunidadeativa.jor.br\/#organization\"},\"image\":{\"@id\":\"https:\/\/www.comunidadeativa.jor.br\/index.php\/2022\/05\/27\/como-a-gestao-pode-ajudar-novos-empreendedores-a-obterem-sucesso\/#primaryimage\"},\"thumbnailUrl\":\"https:\/\/www.comunidadeativa.jor.br\/wp-content\/uploads\/2022\/05\/capa-3.jpg\",\"articleSection\":[\"Economia &amp; Finan\u00e7as\"],\"inLanguage\":\"pt-BR\"},{\"@type\":\"WebPage\",\"@id\":\"https:\/\/www.comunidadeativa.jor.br\/index.php\/2022\/05\/27\/como-a-gestao-pode-ajudar-novos-empreendedores-a-obterem-sucesso\/\",\"url\":\"https:\/\/www.comunidadeativa.jor.br\/index.php\/2022\/05\/27\/como-a-gestao-pode-ajudar-novos-empreendedores-a-obterem-sucesso\/\",\"name\":\"Como a gest\u00e3o pode ajudar novos empreendedores a obterem sucesso? - Comunidade Ativa\",\"isPartOf\":{\"@id\":\"https:\/\/www.comunidadeativa.jor.br\/#website\"},\"primaryImageOfPage\":{\"@id\":\"https:\/\/www.comunidadeativa.jor.br\/index.php\/2022\/05\/27\/como-a-gestao-pode-ajudar-novos-empreendedores-a-obterem-sucesso\/#primaryimage\"},\"image\":{\"@id\":\"https:\/\/www.comunidadeativa.jor.br\/index.php\/2022\/05\/27\/como-a-gestao-pode-ajudar-novos-empreendedores-a-obterem-sucesso\/#primaryimage\"},\"thumbnailUrl\":\"https:\/\/www.comunidadeativa.jor.br\/wp-content\/uploads\/2022\/05\/capa-3.jpg\",\"datePublished\":\"2022-05-27T21:17:14+00:00\",\"dateModified\":\"2023-08-15T20:31:12+00:00\",\"breadcrumb\":{\"@id\":\"https:\/\/www.comunidadeativa.jor.br\/index.php\/2022\/05\/27\/como-a-gestao-pode-ajudar-novos-empreendedores-a-obterem-sucesso\/#breadcrumb\"},\"inLanguage\":\"pt-BR\",\"potentialAction\":[{\"@type\":\"ReadAction\",\"target\":[\"https:\/\/www.comunidadeativa.jor.br\/index.php\/2022\/05\/27\/como-a-gestao-pode-ajudar-novos-empreendedores-a-obterem-sucesso\/\"]}]},{\"@type\":\"ImageObject\",\"inLanguage\":\"pt-BR\",\"@id\":\"https:\/\/www.comunidadeativa.jor.br\/index.php\/2022\/05\/27\/como-a-gestao-pode-ajudar-novos-empreendedores-a-obterem-sucesso\/#primaryimage\",\"url\":\"https:\/\/www.comunidadeativa.jor.br\/wp-content\/uploads\/2022\/05\/capa-3.jpg\",\"contentUrl\":\"https:\/\/www.comunidadeativa.jor.br\/wp-content\/uploads\/2022\/05\/capa-3.jpg\",\"width\":640,\"height\":352},{\"@type\":\"BreadcrumbList\",\"@id\":\"https:\/\/www.comunidadeativa.jor.br\/index.php\/2022\/05\/27\/como-a-gestao-pode-ajudar-novos-empreendedores-a-obterem-sucesso\/#breadcrumb\",\"itemListElement\":[{\"@type\":\"ListItem\",\"position\":1,\"name\":\"In\u00edcio\",\"item\":\"https:\/\/www.comunidadeativa.jor.br\/\"},{\"@type\":\"ListItem\",\"position\":2,\"name\":\"Como a gest\u00e3o pode ajudar novos empreendedores a obterem sucesso?\"}]},{\"@type\":\"WebSite\",\"@id\":\"https:\/\/www.comunidadeativa.jor.br\/#website\",\"url\":\"https:\/\/www.comunidadeativa.jor.br\/\",\"name\":\"Comunidade Ativa\",\"description\":\"\",\"publisher\":{\"@id\":\"https:\/\/www.comunidadeativa.jor.br\/#organization\"},\"potentialAction\":[{\"@type\":\"SearchAction\",\"target\":{\"@type\":\"EntryPoint\",\"urlTemplate\":\"https:\/\/www.comunidadeativa.jor.br\/?s={search_term_string}\"},\"query-input\":{\"@type\":\"PropertyValueSpecification\",\"valueRequired\":true,\"valueName\":\"search_term_string\"}}],\"inLanguage\":\"pt-BR\"},{\"@type\":\"Organization\",\"@id\":\"https:\/\/www.comunidadeativa.jor.br\/#organization\",\"name\":\"Comunidade Ativa\",\"url\":\"https:\/\/www.comunidadeativa.jor.br\/\",\"logo\":{\"@type\":\"ImageObject\",\"inLanguage\":\"pt-BR\",\"@id\":\"https:\/\/www.comunidadeativa.jor.br\/#\/schema\/logo\/image\/\",\"url\":\"https:\/\/www.comunidadeativa.jor.br\/wp-content\/uploads\/2018\/03\/cropped-LOGOPNG-1.png\",\"contentUrl\":\"https:\/\/www.comunidadeativa.jor.br\/wp-content\/uploads\/2018\/03\/cropped-LOGOPNG-1.png\",\"width\":318,\"height\":90,\"caption\":\"Comunidade Ativa\"},\"image\":{\"@id\":\"https:\/\/www.comunidadeativa.jor.br\/#\/schema\/logo\/image\/\"},\"sameAs\":[\"https:\/\/www.facebook.com\/comunidadeativa\"]},{\"@type\":\"Person\",\"@id\":\"https:\/\/www.comunidadeativa.jor.br\/#\/schema\/person\/dcaa1f1c51c1f0c47a33b2b734cad6e1\",\"name\":\"Comunidade Ativa\",\"image\":{\"@type\":\"ImageObject\",\"inLanguage\":\"pt-BR\",\"@id\":\"https:\/\/www.comunidadeativa.jor.br\/#\/schema\/person\/image\/\",\"url\":\"https:\/\/secure.gravatar.com\/avatar\/09a9a1f85fedf41e81b47f7c1d40084f?s=96&d=mm&r=g\",\"contentUrl\":\"https:\/\/secure.gravatar.com\/avatar\/09a9a1f85fedf41e81b47f7c1d40084f?s=96&d=mm&r=g\",\"caption\":\"Comunidade Ativa\"},\"url\":\"https:\/\/www.comunidadeativa.jor.br\/index.php\/author\/casalberto\/\"}]}<\/script>\n<!-- \/ Yoast SEO plugin. -->","yoast_head_json":{"title":"Como a gest\u00e3o pode ajudar novos empreendedores a obterem sucesso? - Comunidade Ativa","robots":{"index":"index","follow":"follow","max-snippet":"max-snippet:-1","max-image-preview":"max-image-preview:large","max-video-preview":"max-video-preview:-1"},"canonical":"https:\/\/www.comunidadeativa.jor.br\/index.php\/2022\/05\/27\/como-a-gestao-pode-ajudar-novos-empreendedores-a-obterem-sucesso\/","og_locale":"pt_BR","og_type":"article","og_title":"Como a gest\u00e3o pode ajudar novos empreendedores a obterem sucesso? - Comunidade Ativa","og_description":"Uma caracter\u00edstica que sempre esteve presente na vida de grande parte da popula\u00e7\u00e3o brasileira, o empreendedorismo ganhou significado especial de","og_url":"https:\/\/www.comunidadeativa.jor.br\/index.php\/2022\/05\/27\/como-a-gestao-pode-ajudar-novos-empreendedores-a-obterem-sucesso\/","og_site_name":"Comunidade Ativa","article_publisher":"https:\/\/www.facebook.com\/comunidadeativa","article_published_time":"2022-05-27T21:17:14+00:00","article_modified_time":"2023-08-15T20:31:12+00:00","og_image":[{"width":640,"height":352,"url":"https:\/\/www.comunidadeativa.jor.br\/wp-content\/uploads\/2022\/05\/capa-3.jpg","type":"image\/jpeg"}],"author":"Comunidade Ativa","twitter_card":"summary_large_image","twitter_misc":{"Escrito por":"Comunidade Ativa","Est. tempo de leitura":"3 minutos"},"schema":{"@context":"https:\/\/schema.org","@graph":[{"@type":"Article","@id":"https:\/\/www.comunidadeativa.jor.br\/index.php\/2022\/05\/27\/como-a-gestao-pode-ajudar-novos-empreendedores-a-obterem-sucesso\/#article","isPartOf":{"@id":"https:\/\/www.comunidadeativa.jor.br\/index.php\/2022\/05\/27\/como-a-gestao-pode-ajudar-novos-empreendedores-a-obterem-sucesso\/"},"author":{"name":"Comunidade Ativa","@id":"https:\/\/www.comunidadeativa.jor.br\/#\/schema\/person\/dcaa1f1c51c1f0c47a33b2b734cad6e1"},"headline":"Como a gest\u00e3o pode ajudar novos empreendedores a obterem sucesso?","datePublished":"2022-05-27T21:17:14+00:00","dateModified":"2023-08-15T20:31:12+00:00","mainEntityOfPage":{"@id":"https:\/\/www.comunidadeativa.jor.br\/index.php\/2022\/05\/27\/como-a-gestao-pode-ajudar-novos-empreendedores-a-obterem-sucesso\/"},"wordCount":660,"publisher":{"@id":"https:\/\/www.comunidadeativa.jor.br\/#organization"},"image":{"@id":"https:\/\/www.comunidadeativa.jor.br\/index.php\/2022\/05\/27\/como-a-gestao-pode-ajudar-novos-empreendedores-a-obterem-sucesso\/#primaryimage"},"thumbnailUrl":"https:\/\/www.comunidadeativa.jor.br\/wp-content\/uploads\/2022\/05\/capa-3.jpg","articleSection":["Economia &amp; Finan\u00e7as"],"inLanguage":"pt-BR"},{"@type":"WebPage","@id":"https:\/\/www.comunidadeativa.jor.br\/index.php\/2022\/05\/27\/como-a-gestao-pode-ajudar-novos-empreendedores-a-obterem-sucesso\/","url":"https:\/\/www.comunidadeativa.jor.br\/index.php\/2022\/05\/27\/como-a-gestao-pode-ajudar-novos-empreendedores-a-obterem-sucesso\/","name":"Como a gest\u00e3o pode ajudar novos empreendedores a obterem sucesso? - Comunidade Ativa","isPartOf":{"@id":"https:\/\/www.comunidadeativa.jor.br\/#website"},"primaryImageOfPage":{"@id":"https:\/\/www.comunidadeativa.jor.br\/index.php\/2022\/05\/27\/como-a-gestao-pode-ajudar-novos-empreendedores-a-obterem-sucesso\/#primaryimage"},"image":{"@id":"https:\/\/www.comunidadeativa.jor.br\/index.php\/2022\/05\/27\/como-a-gestao-pode-ajudar-novos-empreendedores-a-obterem-sucesso\/#primaryimage"},"thumbnailUrl":"https:\/\/www.comunidadeativa.jor.br\/wp-content\/uploads\/2022\/05\/capa-3.jpg","datePublished":"2022-05-27T21:17:14+00:00","dateModified":"2023-08-15T20:31:12+00:00","breadcrumb":{"@id":"https:\/\/www.comunidadeativa.jor.br\/index.php\/2022\/05\/27\/como-a-gestao-pode-ajudar-novos-empreendedores-a-obterem-sucesso\/#breadcrumb"},"inLanguage":"pt-BR","potentialAction":[{"@type":"ReadAction","target":["https:\/\/www.comunidadeativa.jor.br\/index.php\/2022\/05\/27\/como-a-gestao-pode-ajudar-novos-empreendedores-a-obterem-sucesso\/"]}]},{"@type":"ImageObject","inLanguage":"pt-BR","@id":"https:\/\/www.comunidadeativa.jor.br\/index.php\/2022\/05\/27\/como-a-gestao-pode-ajudar-novos-empreendedores-a-obterem-sucesso\/#primaryimage","url":"https:\/\/www.comunidadeativa.jor.br\/wp-content\/uploads\/2022\/05\/capa-3.jpg","contentUrl":"https:\/\/www.comunidadeativa.jor.br\/wp-content\/uploads\/2022\/05\/capa-3.jpg","width":640,"height":352},{"@type":"BreadcrumbList","@id":"https:\/\/www.comunidadeativa.jor.br\/index.php\/2022\/05\/27\/como-a-gestao-pode-ajudar-novos-empreendedores-a-obterem-sucesso\/#breadcrumb","itemListElement":[{"@type":"ListItem","position":1,"name":"In\u00edcio","item":"https:\/\/www.comunidadeativa.jor.br\/"},{"@type":"ListItem","position":2,"name":"Como a gest\u00e3o pode ajudar novos empreendedores a obterem sucesso?"}]},{"@type":"WebSite","@id":"https:\/\/www.comunidadeativa.jor.br\/#website","url":"https:\/\/www.comunidadeativa.jor.br\/","name":"Comunidade Ativa","description":"","publisher":{"@id":"https:\/\/www.comunidadeativa.jor.br\/#organization"},"potentialAction":[{"@type":"SearchAction","target":{"@type":"EntryPoint","urlTemplate":"https:\/\/www.comunidadeativa.jor.br\/?s={search_term_string}"},"query-input":{"@type":"PropertyValueSpecification","valueRequired":true,"valueName":"search_term_string"}}],"inLanguage":"pt-BR"},{"@type":"Organization","@id":"https:\/\/www.comunidadeativa.jor.br\/#organization","name":"Comunidade Ativa","url":"https:\/\/www.comunidadeativa.jor.br\/","logo":{"@type":"ImageObject","inLanguage":"pt-BR","@id":"https:\/\/www.comunidadeativa.jor.br\/#\/schema\/logo\/image\/","url":"https:\/\/www.comunidadeativa.jor.br\/wp-content\/uploads\/2018\/03\/cropped-LOGOPNG-1.png","contentUrl":"https:\/\/www.comunidadeativa.jor.br\/wp-content\/uploads\/2018\/03\/cropped-LOGOPNG-1.png","width":318,"height":90,"caption":"Comunidade Ativa"},"image":{"@id":"https:\/\/www.comunidadeativa.jor.br\/#\/schema\/logo\/image\/"},"sameAs":["https:\/\/www.facebook.com\/comunidadeativa"]},{"@type":"Person","@id":"https:\/\/www.comunidadeativa.jor.br\/#\/schema\/person\/dcaa1f1c51c1f0c47a33b2b734cad6e1","name":"Comunidade Ativa","image":{"@type":"ImageObject","inLanguage":"pt-BR","@id":"https:\/\/www.comunidadeativa.jor.br\/#\/schema\/person\/image\/","url":"https:\/\/secure.gravatar.com\/avatar\/09a9a1f85fedf41e81b47f7c1d40084f?s=96&d=mm&r=g","contentUrl":"https:\/\/secure.gravatar.com\/avatar\/09a9a1f85fedf41e81b47f7c1d40084f?s=96&d=mm&r=g","caption":"Comunidade Ativa"},"url":"https:\/\/www.comunidadeativa.jor.br\/index.php\/author\/casalberto\/"}]}},"_links":{"self":[{"href":"https:\/\/www.comunidadeativa.jor.br\/index.php\/wp-json\/wp\/v2\/posts\/3037","targetHints":{"allow":["GET"]}}],"collection":[{"href":"https:\/\/www.comunidadeativa.jor.br\/index.php\/wp-json\/wp\/v2\/posts"}],"about":[{"href":"https:\/\/www.comunidadeativa.jor.br\/index.php\/wp-json\/wp\/v2\/types\/post"}],"author":[{"embeddable":true,"href":"https:\/\/www.comunidadeativa.jor.br\/index.php\/wp-json\/wp\/v2\/users\/1"}],"replies":[{"embeddable":true,"href":"https:\/\/www.comunidadeativa.jor.br\/index.php\/wp-json\/wp\/v2\/comments?post=3037"}],"version-history":[{"count":2,"href":"https:\/\/www.comunidadeativa.jor.br\/index.php\/wp-json\/wp\/v2\/posts\/3037\/revisions"}],"predecessor-version":[{"id":3981,"href":"https:\/\/www.comunidadeativa.jor.br\/index.php\/wp-json\/wp\/v2\/posts\/3037\/revisions\/3981"}],"wp:featuredmedia":[{"embeddable":true,"href":"https:\/\/www.comunidadeativa.jor.br\/index.php\/wp-json\/wp\/v2\/media\/3039"}],"wp:attachment":[{"href":"https:\/\/www.comunidadeativa.jor.br\/index.php\/wp-json\/wp\/v2\/media?parent=3037"}],"wp:term":[{"taxonomy":"category","embeddable":true,"href":"https:\/\/www.comunidadeativa.jor.br\/index.php\/wp-json\/wp\/v2\/categories?post=3037"},{"taxonomy":"post_tag","embeddable":true,"href":"https:\/\/www.comunidadeativa.jor.br\/index.php\/wp-json\/wp\/v2\/tags?post=3037"}],"curies":[{"name":"wp","href":"https:\/\/api.w.org\/{rel}","templated":true}]}}