{"id":3126,"date":"2022-08-05T10:00:30","date_gmt":"2022-08-05T13:00:30","guid":{"rendered":"https:\/\/www.comunidadeativa.jor.br\/?p=3126"},"modified":"2023-08-15T17:32:53","modified_gmt":"2023-08-15T20:32:53","slug":"em-vez-de-vilao-o-cartao-de-credito-pode-se-tornar-um-forte-aliado-das-suas-financas","status":"publish","type":"post","link":"https:\/\/www.comunidadeativa.jor.br\/index.php\/2022\/08\/05\/em-vez-de-vilao-o-cartao-de-credito-pode-se-tornar-um-forte-aliado-das-suas-financas\/","title":{"rendered":"Em vez de vil\u00e3o, o cart\u00e3o de cr\u00e9dito pode se tornar um forte aliado das suas finan\u00e7as"},"content":{"rendered":"<p>Uma pr\u00e1tica arriscada em qualquer \u00e9poca, com a alta das taxas de juros, o endividamento no cart\u00e3o de cr\u00e9dito se tornou uma armadilha ainda mais perigosa. A grande amea\u00e7a est\u00e1 na tenta\u00e7\u00e3o e aderir ao parcelamento da fatura, o que leva \u00e0 cobran\u00e7a de taxas que podem ultrapassar os 1.000 % ao ano, conforme relato do Banco Central.<\/p>\n<p>Contudo, para quem sabe usar, o cart\u00e3o pode ser um aliado, tanto pelo ponto de vista da praticidade quanto pela possibilidade de controle das despesas que ele oferece. Afinal, com a fatura no final do m\u00eas em m\u00e3os \u00e9 poss\u00edvel saber exatamente onde e quando os gastos foram efetuados, o que auxilia muito no planejamento financeiro.<\/p>\n<p>Confira a seguir algumas dicas que v\u00e3o fazer com que o seu cart\u00e3o de cr\u00e9dito n\u00e3o se torne um vil\u00e3o das suas finan\u00e7as e passe a ajudar no seu controle de gastos.<\/p>\n<h5>Entenda o que \u00e9 o cart\u00e3o de cr\u00e9dito<\/h5>\n<p>Muitas vezes, quem utiliza um cart\u00e3o de cr\u00e9dito, que permite que as compras sejam realizadas sem o dinheiro f\u00edsico, se esquece de que, dentro de, no m\u00e1ximo, 40 dias, a conta dever\u00e1 ser efetivamente paga. Portanto, entender que esse recurso apenas adia a quita\u00e7\u00e3o do valor da compra \u00e9 a premissa mais \u00f3bvia mas a mais necess\u00e1ria a ser seguida por quem utiliza um cart\u00e3o de cr\u00e9dito.<\/p>\n<h5>Cuidado com o impulso<\/h5>\n<p>Aquela sensa\u00e7\u00e3o de poder de compra que o cart\u00e3o de cr\u00e9dito proporciona \u00e9 uma das grandes amigas da compra por impulso. Esta, por sua vez, \u00e9 uma das grandes inimigas de quem quer garantir que o cart\u00e3o de cr\u00e9dito represente somente benef\u00edcios.<\/p>\n<p>Tenha cuidado com as compras por impulso.<\/p>\n<h5>Defina o seu limite<\/h5>\n<p>O limite do cart\u00e3o de cr\u00e9dito n\u00e3o deve ser, necessariamente, o seu limite de gastos. Pelo contr\u00e1rio, ele deve ser visto apenas como um n\u00famero ilus\u00f3rio, que n\u00e3o pode ser considerado na hora de definir a viabilidade de um gasto.<\/p>\n<p>A sua capacidade de compra \u00e9 determinada pelos seus rendimentos mensais, depois de descontados o valor que voc\u00ea quer poupar e aquelas despesas regulares \u2014 com \u00e1gua, luz, telefone, internet etc..<\/p>\n<h5>Quite a fatura integralmente no dia do vencimento<\/h5>\n<p>Nunca caia na tenta\u00e7\u00e3o de parcelar a fatura. Este pode ser o in\u00edcio de uma bola de neve intermin\u00e1vel e extremamente custosa, que pode causar danos terr\u00edveis nas suas finan\u00e7as.<\/p>\n<p>Para que o cart\u00e3o de cr\u00e9dito permane\u00e7a como o seu aliado, \u00e9 fundamental quitar 100% do valor da fatura no dia do vencimento. Para que isso seja poss\u00edvel, ent\u00e3o, voc\u00ea deve seguir a dica anterior e gastar apenas o que os seus rendimentos comportam.<\/p>\n<h5>Colecione os comprovantes<\/h5>\n<p>Recusar a via de comprova\u00e7\u00e3o do pagamento feito com o cart\u00e3o \u00e9 um h\u00e1bito frequente entre os consumidores. Afinal, \u00e9 verdade que, solto na carteira ou na bolsa, aquele papelzinho incomoda, faz volume e pode acabar se perdendo. Por\u00e9m, ele \u00e9 muito \u00fatil para confirmar os gastos na hora de conferir a fatura no final do m\u00eas.<\/p>\n<p>Se voc\u00ea vai utilizar o cart\u00e3o de cr\u00e9dito para suas despesas mais frequentes, confiar na mem\u00f3ria n\u00e3o \u00e9 uma boa ideia. Al\u00e9m disso, muitas vezes o nome do estabelecimento que recebeu o pagamento pode n\u00e3o ser o mesmo no qual est\u00e1 registrado da maquininha de cart\u00e3o e que vai aparecer na fatura, o que pode gerar d\u00favidas na hora da confer\u00eancia.<\/p>\n<p>Sendo assim, reserve um espa\u00e7o para colecionar os comprovantes e descarte-os somente ap\u00f3s conferir tudo detalhadamente.<\/p>\n<h5>Confira a fatura<\/h5>\n<p>Al\u00e9m de permitir que voc\u00ea confirme os veracidade das despesas que a fatura est\u00e1 cobrando, o h\u00e1bito de conferi-la tamb\u00e9m tem um lado importante sob o ponto de vista da educa\u00e7\u00e3o financeira. A partir dele voc\u00ea consegue perceber se est\u00e1 gastando em excesso em situa\u00e7\u00f5es em que poderia economizar \u2014 como nas idas a bares e restaurantes \u2014, se est\u00e1 pagando muito por determinados produtos e servi\u00e7os ou se pode cortar despesas que n\u00e3o s\u00e3o de fato necess\u00e1rias.<\/p>\n<p>A confer\u00eancia da fatura ajuda bastante na hora de refletir sobre os gastos mensais.<\/p>\n<h5>Prefira parcelar sem juros<\/h5>\n<p>A possibilidade da compra parcelada pode ser uma vantagem do cart\u00e3o de cr\u00e9dito. Al\u00e9m de facilitar a aquisi\u00e7\u00e3o de produtos de maior valor, evitando que eles criem dificuldades para o fluxo das despesas mensais, e permitir que compras sejam realizadas mesmo sem haver o recurso total para o pagamento \u00e0 vista, o parcelamento ainda mant\u00e9m o dinheiro sob sua posse, permitindo que ele renda em aplica\u00e7\u00f5es.<\/p>\n<p>Por\u00e9m, esta condi\u00e7\u00e3o s\u00f3 \u00e9 de fato vantajosa se n\u00e3o incorrer juros sobre o valor parcelado. Com a alta da infla\u00e7\u00e3o, aqueles parcelamentos sem juros a perder de vista desapareceram. Ao mesmo tempo, os juros disfar\u00e7ados \u2014 que s\u00e3o aqueles presentes quando h\u00e1 desconto no pagamento \u00e0 vista \u2014 se tornaram mais frequentes.<\/p>\n<p>Para que a compra parcelada seja de fato vantajosa voc\u00ea deve verificar se n\u00e3o h\u00e1 nenhuma cobran\u00e7a de juros, mesmo que disfar\u00e7ada. Ainda, deve ter a certeza de que ter\u00e1 capacidade de pagar pontualmente as parcelas que vir\u00e3o na fatura.<\/p>\n<h5>Fique de olho na anuidade e na fidelidade<\/h5>\n<p>Existem cart\u00f5es de cr\u00e9dito que n\u00e3o cobram anuidade, existem os que cobram anuidade somente de quem n\u00e3o utiliza acima de um determinado valor e existem os que cobram anuidade de qualquer maneira. Compare as op\u00e7\u00f5es e escolha aquela que for mais conveniente para as suas caracter\u00edsticas de utiliza\u00e7\u00e3o.<\/p>\n<p>Ainda, vale lembrar que muitos cart\u00f5es oferecem planos de pontos por utiliza\u00e7\u00e3o, que podem ser trocados por produtos, viagens e outros benef\u00edcios. Quanto mais o cliente utiliza, mais pontos ele acumula e mais trocas pode fazer, o que costuma ser um benef\u00edcio interessante.<\/p>\n<h5>Evite ter v\u00e1rios cart\u00f5es<\/h5>\n<p>Por conveni\u00eancia, considerando as datas em que rendimentos s\u00e3o recebidos, h\u00e1 quem opte por ter dois ou mais cart\u00f5es, com datas de vencimento diferentes. De qualquer maneira, considerando que os gastos s\u00f3 devem acontecer tendo como refer\u00eancia os pr\u00f3prios limites de renda \u2014 e, vale lembrar, n\u00e3o de acordo com os limites do cart\u00e3o \u2014, n\u00e3o faz muito sentido e \u00e9 at\u00e9 arriscado ter v\u00e1rios cart\u00f5es, que podem aumentar ainda mais aquela sensa\u00e7\u00e3o ilus\u00f3ria de poder de compra.<\/p>\n<h5>Cuidado com as compras online<\/h5>\n<p>Compre somente de sites confi\u00e1veis. Na d\u00favida, fa\u00e7a uma busca no Google sobre a reputa\u00e7\u00e3o do site entre os consumidores. Perguntas como &#8220;tal loja \u00e9 confi\u00e1vel&#8221; e sites como o <a href=\"https:\/\/www.reclameaqui.com.br\/\" target=\"_blank\" rel=\"noopener\">Reclame Aqui<\/a> ajudam bastante nessa hora.<\/p>\n<h5>Cuidado com os cart\u00f5es por aproxima\u00e7\u00e3o<\/h5>\n<p>Para as compras de valor baixo, que dispensam o uso de senha, os cart\u00f5es por aproxima\u00e7\u00e3o s\u00e3o muito pr\u00e1ticos de utilizar, \u00e9 verdade. Por\u00e9m, eles tamb\u00e9m facilitam a vida dos golpistas, que, sorrateiramente, aproximam m\u00e1quinas de bolsas e de carteiras, gerando d\u00e9bitos indevidos. Portanto, muita aten\u00e7\u00e3o com essa tecnologia.<\/p>\n<p>Ali\u00e1s, se, em todos os aspectos, voc\u00ea tiver aten\u00e7\u00e3o e muito cuidado com o uso do seu cart\u00e3o de cr\u00e9dito, n\u00e3o tenha d\u00favidas de que ele pode ser um \u00f3timo aliado das duas finan\u00e7as.<\/p>\n<p>&nbsp;<\/p>\n<p>&nbsp;<\/p>\n","protected":false},"excerpt":{"rendered":"<p>Uma pr\u00e1tica arriscada em qualquer \u00e9poca, com a alta das taxas de juros, o endividamento no cart\u00e3o de cr\u00e9dito se<\/p>\n","protected":false},"author":1,"featured_media":3129,"comment_status":"closed","ping_status":"open","sticky":false,"template":"","format":"standard","meta":{"footnotes":""},"categories":[18],"tags":[],"class_list":["post-3126","post","type-post","status-publish","format-standard","has-post-thumbnail","hentry","category-economia"],"yoast_head":"<!-- This site is optimized with the Yoast SEO plugin v26.0 - https:\/\/yoast.com\/wordpress\/plugins\/seo\/ -->\n<title>Em vez de vil\u00e3o, o cart\u00e3o de cr\u00e9dito pode se tornar um forte aliado das suas finan\u00e7as - Comunidade Ativa<\/title>\n<meta name=\"robots\" content=\"index, follow, max-snippet:-1, max-image-preview:large, max-video-preview:-1\" \/>\n<link rel=\"canonical\" href=\"https:\/\/www.comunidadeativa.jor.br\/index.php\/2022\/08\/05\/em-vez-de-vilao-o-cartao-de-credito-pode-se-tornar-um-forte-aliado-das-suas-financas\/\" \/>\n<meta property=\"og:locale\" content=\"pt_BR\" \/>\n<meta property=\"og:type\" content=\"article\" \/>\n<meta property=\"og:title\" content=\"Em vez de vil\u00e3o, o cart\u00e3o de cr\u00e9dito pode se tornar um forte aliado das suas finan\u00e7as - Comunidade Ativa\" \/>\n<meta property=\"og:description\" content=\"Uma pr\u00e1tica arriscada em qualquer \u00e9poca, com a alta das taxas de juros, o endividamento no cart\u00e3o de cr\u00e9dito se\" \/>\n<meta property=\"og:url\" content=\"https:\/\/www.comunidadeativa.jor.br\/index.php\/2022\/08\/05\/em-vez-de-vilao-o-cartao-de-credito-pode-se-tornar-um-forte-aliado-das-suas-financas\/\" \/>\n<meta property=\"og:site_name\" content=\"Comunidade Ativa\" \/>\n<meta property=\"article:publisher\" content=\"https:\/\/www.facebook.com\/comunidadeativa\" \/>\n<meta property=\"article:published_time\" content=\"2022-08-05T13:00:30+00:00\" \/>\n<meta property=\"article:modified_time\" content=\"2023-08-15T20:32:53+00:00\" \/>\n<meta property=\"og:image\" content=\"https:\/\/www.comunidadeativa.jor.br\/wp-content\/uploads\/2022\/08\/capa-1.jpg\" \/>\n\t<meta property=\"og:image:width\" content=\"640\" \/>\n\t<meta property=\"og:image:height\" content=\"352\" \/>\n\t<meta property=\"og:image:type\" content=\"image\/jpeg\" \/>\n<meta name=\"author\" content=\"Comunidade Ativa\" \/>\n<meta name=\"twitter:card\" content=\"summary_large_image\" \/>\n<meta name=\"twitter:label1\" content=\"Escrito por\" \/>\n\t<meta name=\"twitter:data1\" content=\"Comunidade Ativa\" \/>\n\t<meta name=\"twitter:label2\" content=\"Est. tempo de leitura\" \/>\n\t<meta name=\"twitter:data2\" content=\"6 minutos\" \/>\n<script type=\"application\/ld+json\" class=\"yoast-schema-graph\">{\"@context\":\"https:\/\/schema.org\",\"@graph\":[{\"@type\":\"Article\",\"@id\":\"https:\/\/www.comunidadeativa.jor.br\/index.php\/2022\/08\/05\/em-vez-de-vilao-o-cartao-de-credito-pode-se-tornar-um-forte-aliado-das-suas-financas\/#article\",\"isPartOf\":{\"@id\":\"https:\/\/www.comunidadeativa.jor.br\/index.php\/2022\/08\/05\/em-vez-de-vilao-o-cartao-de-credito-pode-se-tornar-um-forte-aliado-das-suas-financas\/\"},\"author\":{\"name\":\"Comunidade Ativa\",\"@id\":\"https:\/\/www.comunidadeativa.jor.br\/#\/schema\/person\/dcaa1f1c51c1f0c47a33b2b734cad6e1\"},\"headline\":\"Em vez de vil\u00e3o, o cart\u00e3o de cr\u00e9dito pode se tornar um forte aliado das suas finan\u00e7as\",\"datePublished\":\"2022-08-05T13:00:30+00:00\",\"dateModified\":\"2023-08-15T20:32:53+00:00\",\"mainEntityOfPage\":{\"@id\":\"https:\/\/www.comunidadeativa.jor.br\/index.php\/2022\/08\/05\/em-vez-de-vilao-o-cartao-de-credito-pode-se-tornar-um-forte-aliado-das-suas-financas\/\"},\"wordCount\":1270,\"publisher\":{\"@id\":\"https:\/\/www.comunidadeativa.jor.br\/#organization\"},\"image\":{\"@id\":\"https:\/\/www.comunidadeativa.jor.br\/index.php\/2022\/08\/05\/em-vez-de-vilao-o-cartao-de-credito-pode-se-tornar-um-forte-aliado-das-suas-financas\/#primaryimage\"},\"thumbnailUrl\":\"https:\/\/www.comunidadeativa.jor.br\/wp-content\/uploads\/2022\/08\/capa-1.jpg\",\"articleSection\":[\"Economia &amp; Finan\u00e7as\"],\"inLanguage\":\"pt-BR\"},{\"@type\":\"WebPage\",\"@id\":\"https:\/\/www.comunidadeativa.jor.br\/index.php\/2022\/08\/05\/em-vez-de-vilao-o-cartao-de-credito-pode-se-tornar-um-forte-aliado-das-suas-financas\/\",\"url\":\"https:\/\/www.comunidadeativa.jor.br\/index.php\/2022\/08\/05\/em-vez-de-vilao-o-cartao-de-credito-pode-se-tornar-um-forte-aliado-das-suas-financas\/\",\"name\":\"Em vez de vil\u00e3o, o cart\u00e3o de cr\u00e9dito pode se tornar um forte aliado das suas finan\u00e7as - Comunidade Ativa\",\"isPartOf\":{\"@id\":\"https:\/\/www.comunidadeativa.jor.br\/#website\"},\"primaryImageOfPage\":{\"@id\":\"https:\/\/www.comunidadeativa.jor.br\/index.php\/2022\/08\/05\/em-vez-de-vilao-o-cartao-de-credito-pode-se-tornar-um-forte-aliado-das-suas-financas\/#primaryimage\"},\"image\":{\"@id\":\"https:\/\/www.comunidadeativa.jor.br\/index.php\/2022\/08\/05\/em-vez-de-vilao-o-cartao-de-credito-pode-se-tornar-um-forte-aliado-das-suas-financas\/#primaryimage\"},\"thumbnailUrl\":\"https:\/\/www.comunidadeativa.jor.br\/wp-content\/uploads\/2022\/08\/capa-1.jpg\",\"datePublished\":\"2022-08-05T13:00:30+00:00\",\"dateModified\":\"2023-08-15T20:32:53+00:00\",\"breadcrumb\":{\"@id\":\"https:\/\/www.comunidadeativa.jor.br\/index.php\/2022\/08\/05\/em-vez-de-vilao-o-cartao-de-credito-pode-se-tornar-um-forte-aliado-das-suas-financas\/#breadcrumb\"},\"inLanguage\":\"pt-BR\",\"potentialAction\":[{\"@type\":\"ReadAction\",\"target\":[\"https:\/\/www.comunidadeativa.jor.br\/index.php\/2022\/08\/05\/em-vez-de-vilao-o-cartao-de-credito-pode-se-tornar-um-forte-aliado-das-suas-financas\/\"]}]},{\"@type\":\"ImageObject\",\"inLanguage\":\"pt-BR\",\"@id\":\"https:\/\/www.comunidadeativa.jor.br\/index.php\/2022\/08\/05\/em-vez-de-vilao-o-cartao-de-credito-pode-se-tornar-um-forte-aliado-das-suas-financas\/#primaryimage\",\"url\":\"https:\/\/www.comunidadeativa.jor.br\/wp-content\/uploads\/2022\/08\/capa-1.jpg\",\"contentUrl\":\"https:\/\/www.comunidadeativa.jor.br\/wp-content\/uploads\/2022\/08\/capa-1.jpg\",\"width\":640,\"height\":352},{\"@type\":\"BreadcrumbList\",\"@id\":\"https:\/\/www.comunidadeativa.jor.br\/index.php\/2022\/08\/05\/em-vez-de-vilao-o-cartao-de-credito-pode-se-tornar-um-forte-aliado-das-suas-financas\/#breadcrumb\",\"itemListElement\":[{\"@type\":\"ListItem\",\"position\":1,\"name\":\"In\u00edcio\",\"item\":\"https:\/\/www.comunidadeativa.jor.br\/\"},{\"@type\":\"ListItem\",\"position\":2,\"name\":\"Em vez de vil\u00e3o, o cart\u00e3o de cr\u00e9dito pode se tornar um forte aliado das suas finan\u00e7as\"}]},{\"@type\":\"WebSite\",\"@id\":\"https:\/\/www.comunidadeativa.jor.br\/#website\",\"url\":\"https:\/\/www.comunidadeativa.jor.br\/\",\"name\":\"Comunidade Ativa\",\"description\":\"\",\"publisher\":{\"@id\":\"https:\/\/www.comunidadeativa.jor.br\/#organization\"},\"potentialAction\":[{\"@type\":\"SearchAction\",\"target\":{\"@type\":\"EntryPoint\",\"urlTemplate\":\"https:\/\/www.comunidadeativa.jor.br\/?s={search_term_string}\"},\"query-input\":{\"@type\":\"PropertyValueSpecification\",\"valueRequired\":true,\"valueName\":\"search_term_string\"}}],\"inLanguage\":\"pt-BR\"},{\"@type\":\"Organization\",\"@id\":\"https:\/\/www.comunidadeativa.jor.br\/#organization\",\"name\":\"Comunidade Ativa\",\"url\":\"https:\/\/www.comunidadeativa.jor.br\/\",\"logo\":{\"@type\":\"ImageObject\",\"inLanguage\":\"pt-BR\",\"@id\":\"https:\/\/www.comunidadeativa.jor.br\/#\/schema\/logo\/image\/\",\"url\":\"https:\/\/www.comunidadeativa.jor.br\/wp-content\/uploads\/2018\/03\/cropped-LOGOPNG-1.png\",\"contentUrl\":\"https:\/\/www.comunidadeativa.jor.br\/wp-content\/uploads\/2018\/03\/cropped-LOGOPNG-1.png\",\"width\":318,\"height\":90,\"caption\":\"Comunidade Ativa\"},\"image\":{\"@id\":\"https:\/\/www.comunidadeativa.jor.br\/#\/schema\/logo\/image\/\"},\"sameAs\":[\"https:\/\/www.facebook.com\/comunidadeativa\"]},{\"@type\":\"Person\",\"@id\":\"https:\/\/www.comunidadeativa.jor.br\/#\/schema\/person\/dcaa1f1c51c1f0c47a33b2b734cad6e1\",\"name\":\"Comunidade Ativa\",\"image\":{\"@type\":\"ImageObject\",\"inLanguage\":\"pt-BR\",\"@id\":\"https:\/\/www.comunidadeativa.jor.br\/#\/schema\/person\/image\/\",\"url\":\"https:\/\/secure.gravatar.com\/avatar\/09a9a1f85fedf41e81b47f7c1d40084f?s=96&d=mm&r=g\",\"contentUrl\":\"https:\/\/secure.gravatar.com\/avatar\/09a9a1f85fedf41e81b47f7c1d40084f?s=96&d=mm&r=g\",\"caption\":\"Comunidade Ativa\"},\"url\":\"https:\/\/www.comunidadeativa.jor.br\/index.php\/author\/casalberto\/\"}]}<\/script>\n<!-- \/ Yoast SEO plugin. -->","yoast_head_json":{"title":"Em vez de vil\u00e3o, o cart\u00e3o de cr\u00e9dito pode se tornar um forte aliado das suas finan\u00e7as - Comunidade Ativa","robots":{"index":"index","follow":"follow","max-snippet":"max-snippet:-1","max-image-preview":"max-image-preview:large","max-video-preview":"max-video-preview:-1"},"canonical":"https:\/\/www.comunidadeativa.jor.br\/index.php\/2022\/08\/05\/em-vez-de-vilao-o-cartao-de-credito-pode-se-tornar-um-forte-aliado-das-suas-financas\/","og_locale":"pt_BR","og_type":"article","og_title":"Em vez de vil\u00e3o, o cart\u00e3o de cr\u00e9dito pode se tornar um forte aliado das suas finan\u00e7as - Comunidade Ativa","og_description":"Uma pr\u00e1tica arriscada em qualquer \u00e9poca, com a alta das taxas de juros, o endividamento no cart\u00e3o de cr\u00e9dito se","og_url":"https:\/\/www.comunidadeativa.jor.br\/index.php\/2022\/08\/05\/em-vez-de-vilao-o-cartao-de-credito-pode-se-tornar-um-forte-aliado-das-suas-financas\/","og_site_name":"Comunidade Ativa","article_publisher":"https:\/\/www.facebook.com\/comunidadeativa","article_published_time":"2022-08-05T13:00:30+00:00","article_modified_time":"2023-08-15T20:32:53+00:00","og_image":[{"width":640,"height":352,"url":"https:\/\/www.comunidadeativa.jor.br\/wp-content\/uploads\/2022\/08\/capa-1.jpg","type":"image\/jpeg"}],"author":"Comunidade Ativa","twitter_card":"summary_large_image","twitter_misc":{"Escrito por":"Comunidade Ativa","Est. tempo de leitura":"6 minutos"},"schema":{"@context":"https:\/\/schema.org","@graph":[{"@type":"Article","@id":"https:\/\/www.comunidadeativa.jor.br\/index.php\/2022\/08\/05\/em-vez-de-vilao-o-cartao-de-credito-pode-se-tornar-um-forte-aliado-das-suas-financas\/#article","isPartOf":{"@id":"https:\/\/www.comunidadeativa.jor.br\/index.php\/2022\/08\/05\/em-vez-de-vilao-o-cartao-de-credito-pode-se-tornar-um-forte-aliado-das-suas-financas\/"},"author":{"name":"Comunidade Ativa","@id":"https:\/\/www.comunidadeativa.jor.br\/#\/schema\/person\/dcaa1f1c51c1f0c47a33b2b734cad6e1"},"headline":"Em vez de vil\u00e3o, o cart\u00e3o de cr\u00e9dito pode se tornar um forte aliado das suas finan\u00e7as","datePublished":"2022-08-05T13:00:30+00:00","dateModified":"2023-08-15T20:32:53+00:00","mainEntityOfPage":{"@id":"https:\/\/www.comunidadeativa.jor.br\/index.php\/2022\/08\/05\/em-vez-de-vilao-o-cartao-de-credito-pode-se-tornar-um-forte-aliado-das-suas-financas\/"},"wordCount":1270,"publisher":{"@id":"https:\/\/www.comunidadeativa.jor.br\/#organization"},"image":{"@id":"https:\/\/www.comunidadeativa.jor.br\/index.php\/2022\/08\/05\/em-vez-de-vilao-o-cartao-de-credito-pode-se-tornar-um-forte-aliado-das-suas-financas\/#primaryimage"},"thumbnailUrl":"https:\/\/www.comunidadeativa.jor.br\/wp-content\/uploads\/2022\/08\/capa-1.jpg","articleSection":["Economia &amp; Finan\u00e7as"],"inLanguage":"pt-BR"},{"@type":"WebPage","@id":"https:\/\/www.comunidadeativa.jor.br\/index.php\/2022\/08\/05\/em-vez-de-vilao-o-cartao-de-credito-pode-se-tornar-um-forte-aliado-das-suas-financas\/","url":"https:\/\/www.comunidadeativa.jor.br\/index.php\/2022\/08\/05\/em-vez-de-vilao-o-cartao-de-credito-pode-se-tornar-um-forte-aliado-das-suas-financas\/","name":"Em vez de vil\u00e3o, o cart\u00e3o de cr\u00e9dito pode se tornar um forte aliado das suas finan\u00e7as - Comunidade Ativa","isPartOf":{"@id":"https:\/\/www.comunidadeativa.jor.br\/#website"},"primaryImageOfPage":{"@id":"https:\/\/www.comunidadeativa.jor.br\/index.php\/2022\/08\/05\/em-vez-de-vilao-o-cartao-de-credito-pode-se-tornar-um-forte-aliado-das-suas-financas\/#primaryimage"},"image":{"@id":"https:\/\/www.comunidadeativa.jor.br\/index.php\/2022\/08\/05\/em-vez-de-vilao-o-cartao-de-credito-pode-se-tornar-um-forte-aliado-das-suas-financas\/#primaryimage"},"thumbnailUrl":"https:\/\/www.comunidadeativa.jor.br\/wp-content\/uploads\/2022\/08\/capa-1.jpg","datePublished":"2022-08-05T13:00:30+00:00","dateModified":"2023-08-15T20:32:53+00:00","breadcrumb":{"@id":"https:\/\/www.comunidadeativa.jor.br\/index.php\/2022\/08\/05\/em-vez-de-vilao-o-cartao-de-credito-pode-se-tornar-um-forte-aliado-das-suas-financas\/#breadcrumb"},"inLanguage":"pt-BR","potentialAction":[{"@type":"ReadAction","target":["https:\/\/www.comunidadeativa.jor.br\/index.php\/2022\/08\/05\/em-vez-de-vilao-o-cartao-de-credito-pode-se-tornar-um-forte-aliado-das-suas-financas\/"]}]},{"@type":"ImageObject","inLanguage":"pt-BR","@id":"https:\/\/www.comunidadeativa.jor.br\/index.php\/2022\/08\/05\/em-vez-de-vilao-o-cartao-de-credito-pode-se-tornar-um-forte-aliado-das-suas-financas\/#primaryimage","url":"https:\/\/www.comunidadeativa.jor.br\/wp-content\/uploads\/2022\/08\/capa-1.jpg","contentUrl":"https:\/\/www.comunidadeativa.jor.br\/wp-content\/uploads\/2022\/08\/capa-1.jpg","width":640,"height":352},{"@type":"BreadcrumbList","@id":"https:\/\/www.comunidadeativa.jor.br\/index.php\/2022\/08\/05\/em-vez-de-vilao-o-cartao-de-credito-pode-se-tornar-um-forte-aliado-das-suas-financas\/#breadcrumb","itemListElement":[{"@type":"ListItem","position":1,"name":"In\u00edcio","item":"https:\/\/www.comunidadeativa.jor.br\/"},{"@type":"ListItem","position":2,"name":"Em vez de vil\u00e3o, o cart\u00e3o de cr\u00e9dito pode se tornar um forte aliado das suas finan\u00e7as"}]},{"@type":"WebSite","@id":"https:\/\/www.comunidadeativa.jor.br\/#website","url":"https:\/\/www.comunidadeativa.jor.br\/","name":"Comunidade Ativa","description":"","publisher":{"@id":"https:\/\/www.comunidadeativa.jor.br\/#organization"},"potentialAction":[{"@type":"SearchAction","target":{"@type":"EntryPoint","urlTemplate":"https:\/\/www.comunidadeativa.jor.br\/?s={search_term_string}"},"query-input":{"@type":"PropertyValueSpecification","valueRequired":true,"valueName":"search_term_string"}}],"inLanguage":"pt-BR"},{"@type":"Organization","@id":"https:\/\/www.comunidadeativa.jor.br\/#organization","name":"Comunidade Ativa","url":"https:\/\/www.comunidadeativa.jor.br\/","logo":{"@type":"ImageObject","inLanguage":"pt-BR","@id":"https:\/\/www.comunidadeativa.jor.br\/#\/schema\/logo\/image\/","url":"https:\/\/www.comunidadeativa.jor.br\/wp-content\/uploads\/2018\/03\/cropped-LOGOPNG-1.png","contentUrl":"https:\/\/www.comunidadeativa.jor.br\/wp-content\/uploads\/2018\/03\/cropped-LOGOPNG-1.png","width":318,"height":90,"caption":"Comunidade Ativa"},"image":{"@id":"https:\/\/www.comunidadeativa.jor.br\/#\/schema\/logo\/image\/"},"sameAs":["https:\/\/www.facebook.com\/comunidadeativa"]},{"@type":"Person","@id":"https:\/\/www.comunidadeativa.jor.br\/#\/schema\/person\/dcaa1f1c51c1f0c47a33b2b734cad6e1","name":"Comunidade Ativa","image":{"@type":"ImageObject","inLanguage":"pt-BR","@id":"https:\/\/www.comunidadeativa.jor.br\/#\/schema\/person\/image\/","url":"https:\/\/secure.gravatar.com\/avatar\/09a9a1f85fedf41e81b47f7c1d40084f?s=96&d=mm&r=g","contentUrl":"https:\/\/secure.gravatar.com\/avatar\/09a9a1f85fedf41e81b47f7c1d40084f?s=96&d=mm&r=g","caption":"Comunidade Ativa"},"url":"https:\/\/www.comunidadeativa.jor.br\/index.php\/author\/casalberto\/"}]}},"_links":{"self":[{"href":"https:\/\/www.comunidadeativa.jor.br\/index.php\/wp-json\/wp\/v2\/posts\/3126","targetHints":{"allow":["GET"]}}],"collection":[{"href":"https:\/\/www.comunidadeativa.jor.br\/index.php\/wp-json\/wp\/v2\/posts"}],"about":[{"href":"https:\/\/www.comunidadeativa.jor.br\/index.php\/wp-json\/wp\/v2\/types\/post"}],"author":[{"embeddable":true,"href":"https:\/\/www.comunidadeativa.jor.br\/index.php\/wp-json\/wp\/v2\/users\/1"}],"replies":[{"embeddable":true,"href":"https:\/\/www.comunidadeativa.jor.br\/index.php\/wp-json\/wp\/v2\/comments?post=3126"}],"version-history":[{"count":2,"href":"https:\/\/www.comunidadeativa.jor.br\/index.php\/wp-json\/wp\/v2\/posts\/3126\/revisions"}],"predecessor-version":[{"id":3988,"href":"https:\/\/www.comunidadeativa.jor.br\/index.php\/wp-json\/wp\/v2\/posts\/3126\/revisions\/3988"}],"wp:featuredmedia":[{"embeddable":true,"href":"https:\/\/www.comunidadeativa.jor.br\/index.php\/wp-json\/wp\/v2\/media\/3129"}],"wp:attachment":[{"href":"https:\/\/www.comunidadeativa.jor.br\/index.php\/wp-json\/wp\/v2\/media?parent=3126"}],"wp:term":[{"taxonomy":"category","embeddable":true,"href":"https:\/\/www.comunidadeativa.jor.br\/index.php\/wp-json\/wp\/v2\/categories?post=3126"},{"taxonomy":"post_tag","embeddable":true,"href":"https:\/\/www.comunidadeativa.jor.br\/index.php\/wp-json\/wp\/v2\/tags?post=3126"}],"curies":[{"name":"wp","href":"https:\/\/api.w.org\/{rel}","templated":true}]}}