{"id":3205,"date":"2022-10-08T10:22:56","date_gmt":"2022-10-08T13:22:56","guid":{"rendered":"https:\/\/www.comunidadeativa.jor.br\/?p=3205"},"modified":"2022-10-07T18:29:35","modified_gmt":"2022-10-07T21:29:35","slug":"nutricionista-danillo-schaefer-ja-esta-atendendo-na-amoran-no-bairro-anchieta","status":"publish","type":"post","link":"https:\/\/www.comunidadeativa.jor.br\/index.php\/2022\/10\/08\/nutricionista-danillo-schaefer-ja-esta-atendendo-na-amoran-no-bairro-anchieta\/","title":{"rendered":"Nutricionista Danillo Schaefer j\u00e1 est\u00e1 atendendo na Amoran, no bairro Anchieta"},"content":{"rendered":"<p>Em mais uma a\u00e7\u00e3o que visa proporcionar a seus associados e \u00e0 comunidade em geral benef\u00edcios que contribuam com a qualidade de vida de quem mora, trabalha ou tem neg\u00f3cios em sua \u00e1rea de abrang\u00eancia, no \u00faltimo dia 12 de setembro, a Amoran firmou acordo com o nutricionista Danillo Schaefer \u2014 CRN9 28870\/P \u2014, que prestar\u00e1 servi\u00e7os \u00e0 popula\u00e7\u00e3o do bairro Anchieta e dos demais bairros vizinhos em duas modalidades. Na primeira, est\u00e3o previstos atendimentos individualizados, que ser\u00e3o realizados por meio de consultas com aten\u00e7\u00e3o dedicada \u00e0s demandas do paciente, incluindo avalia\u00e7\u00e3o f\u00edsica e consultoria nutricional, havendo acompanhamento, inclusive, pelo WhatsApp.<\/p>\n<p>A segunda modalidade prev\u00ea atendimentos a grupos, que ser\u00e3o formados a partir de um mutir\u00e3o destinado a ampliar o alcance da a\u00e7\u00e3o. Neste caso, as consultas ser\u00e3o agendadas na medida em que um n\u00famero m\u00ednimo de interessados for alcan\u00e7ado.<\/p>\n<p>Entre outras abordagens, as consultas ofertadas se destinar\u00e3o a verificar as necessidades dos pacientes que estejam relacionadas a traumas e a transtornos alimentares, \u00e0 nutri\u00e7\u00e3o est\u00e9tica e \u00e0 ocorr\u00eancia de diabetes.<\/p>\n<p>Morador do bairro Anchieta, Danilo segue a proposta de trabalhar com vistas nos benef\u00edcios \u00e0 comunidade onde est\u00e1 inserido, adotando a Amoran como base de a\u00e7\u00e3o. \u201cNo atendimento individualizado, a minha proposta e de fazer a abordagem voltada para cada paciente, buscando compreender todas as suas demandas e fazendo com que o plano alimentar a ele direcionado seja algo prazeroso de se seguir. A mesma aten\u00e7\u00e3o ser\u00e1 dedicada na modalidade de mutir\u00e3o. Entretanto, o projeto se destina a um alcance socialmente mais amplo, que ser\u00e1 ofertado a um n\u00famero maior de pessoas\u201d, explica Danilo.<\/p>\n<p>As consultas ser\u00e3o agendadas pelo pr\u00f3prio nutricionista. Associados da Amoran receber\u00e3o descontos, tanto no atendimento individualizado quanto no em grupo. Para fazer a sua pr\u00e9-inscri\u00e7\u00e3o e para mais informa\u00e7\u00f5es, <a href=\"https:\/\/amoran.net\/?page_id=1416\" target=\"_blank\" rel=\"noopener\">clique aqui<\/a>.<\/p>\n<p>A Amoran fica na Rua Itapema, 162, bairro Anchieta.<\/p>\n","protected":false},"excerpt":{"rendered":"<p>Em mais uma a\u00e7\u00e3o que visa proporcionar a seus associados e \u00e0 comunidade em geral benef\u00edcios que contribuam com a<\/p>\n","protected":false},"author":1,"featured_media":3208,"comment_status":"closed","ping_status":"open","sticky":false,"template":"","format":"standard","meta":{"footnotes":""},"categories":[9],"tags":[],"class_list":["post-3205","post","type-post","status-publish","format-standard","has-post-thumbnail","hentry","category-saude-qualidade-de-vida"],"yoast_head":"<!-- This site is optimized with the Yoast SEO plugin v26.0 - https:\/\/yoast.com\/wordpress\/plugins\/seo\/ -->\n<title>Nutricionista Danillo Schaefer j\u00e1 est\u00e1 atendendo na Amoran, no bairro Anchieta - Comunidade Ativa<\/title>\n<meta name=\"robots\" content=\"index, follow, max-snippet:-1, max-image-preview:large, max-video-preview:-1\" \/>\n<link rel=\"canonical\" href=\"https:\/\/www.comunidadeativa.jor.br\/index.php\/2022\/10\/08\/nutricionista-danillo-schaefer-ja-esta-atendendo-na-amoran-no-bairro-anchieta\/\" \/>\n<meta property=\"og:locale\" content=\"pt_BR\" \/>\n<meta property=\"og:type\" content=\"article\" \/>\n<meta property=\"og:title\" content=\"Nutricionista Danillo Schaefer j\u00e1 est\u00e1 atendendo na Amoran, no bairro Anchieta - Comunidade Ativa\" \/>\n<meta property=\"og:description\" content=\"Em mais uma a\u00e7\u00e3o que visa proporcionar a seus associados e \u00e0 comunidade em geral benef\u00edcios que contribuam com a\" \/>\n<meta property=\"og:url\" content=\"https:\/\/www.comunidadeativa.jor.br\/index.php\/2022\/10\/08\/nutricionista-danillo-schaefer-ja-esta-atendendo-na-amoran-no-bairro-anchieta\/\" \/>\n<meta property=\"og:site_name\" content=\"Comunidade Ativa\" \/>\n<meta property=\"article:publisher\" content=\"https:\/\/www.facebook.com\/comunidadeativa\" \/>\n<meta property=\"article:published_time\" content=\"2022-10-08T13:22:56+00:00\" \/>\n<meta property=\"og:image\" content=\"https:\/\/www.comunidadeativa.jor.br\/wp-content\/uploads\/2022\/10\/bairro-anchieta.jpg\" \/>\n\t<meta property=\"og:image:width\" content=\"640\" \/>\n\t<meta property=\"og:image:height\" content=\"352\" \/>\n\t<meta property=\"og:image:type\" content=\"image\/jpeg\" \/>\n<meta name=\"author\" content=\"Comunidade Ativa\" \/>\n<meta name=\"twitter:card\" content=\"summary_large_image\" \/>\n<meta name=\"twitter:label1\" content=\"Escrito por\" \/>\n\t<meta name=\"twitter:data1\" content=\"Comunidade Ativa\" \/>\n\t<meta name=\"twitter:label2\" content=\"Est. tempo de leitura\" \/>\n\t<meta name=\"twitter:data2\" content=\"2 minutos\" \/>\n<script type=\"application\/ld+json\" class=\"yoast-schema-graph\">{\"@context\":\"https:\/\/schema.org\",\"@graph\":[{\"@type\":\"Article\",\"@id\":\"https:\/\/www.comunidadeativa.jor.br\/index.php\/2022\/10\/08\/nutricionista-danillo-schaefer-ja-esta-atendendo-na-amoran-no-bairro-anchieta\/#article\",\"isPartOf\":{\"@id\":\"https:\/\/www.comunidadeativa.jor.br\/index.php\/2022\/10\/08\/nutricionista-danillo-schaefer-ja-esta-atendendo-na-amoran-no-bairro-anchieta\/\"},\"author\":{\"name\":\"Comunidade Ativa\",\"@id\":\"https:\/\/www.comunidadeativa.jor.br\/#\/schema\/person\/dcaa1f1c51c1f0c47a33b2b734cad6e1\"},\"headline\":\"Nutricionista Danillo Schaefer j\u00e1 est\u00e1 atendendo na Amoran, no bairro Anchieta\",\"datePublished\":\"2022-10-08T13:22:56+00:00\",\"mainEntityOfPage\":{\"@id\":\"https:\/\/www.comunidadeativa.jor.br\/index.php\/2022\/10\/08\/nutricionista-danillo-schaefer-ja-esta-atendendo-na-amoran-no-bairro-anchieta\/\"},\"wordCount\":340,\"publisher\":{\"@id\":\"https:\/\/www.comunidadeativa.jor.br\/#organization\"},\"image\":{\"@id\":\"https:\/\/www.comunidadeativa.jor.br\/index.php\/2022\/10\/08\/nutricionista-danillo-schaefer-ja-esta-atendendo-na-amoran-no-bairro-anchieta\/#primaryimage\"},\"thumbnailUrl\":\"https:\/\/www.comunidadeativa.jor.br\/wp-content\/uploads\/2022\/10\/bairro-anchieta.jpg\",\"articleSection\":[\"Sa\u00fade &amp; Qualidade de Vida\"],\"inLanguage\":\"pt-BR\"},{\"@type\":\"WebPage\",\"@id\":\"https:\/\/www.comunidadeativa.jor.br\/index.php\/2022\/10\/08\/nutricionista-danillo-schaefer-ja-esta-atendendo-na-amoran-no-bairro-anchieta\/\",\"url\":\"https:\/\/www.comunidadeativa.jor.br\/index.php\/2022\/10\/08\/nutricionista-danillo-schaefer-ja-esta-atendendo-na-amoran-no-bairro-anchieta\/\",\"name\":\"Nutricionista Danillo Schaefer j\u00e1 est\u00e1 atendendo na Amoran, no bairro Anchieta - Comunidade Ativa\",\"isPartOf\":{\"@id\":\"https:\/\/www.comunidadeativa.jor.br\/#website\"},\"primaryImageOfPage\":{\"@id\":\"https:\/\/www.comunidadeativa.jor.br\/index.php\/2022\/10\/08\/nutricionista-danillo-schaefer-ja-esta-atendendo-na-amoran-no-bairro-anchieta\/#primaryimage\"},\"image\":{\"@id\":\"https:\/\/www.comunidadeativa.jor.br\/index.php\/2022\/10\/08\/nutricionista-danillo-schaefer-ja-esta-atendendo-na-amoran-no-bairro-anchieta\/#primaryimage\"},\"thumbnailUrl\":\"https:\/\/www.comunidadeativa.jor.br\/wp-content\/uploads\/2022\/10\/bairro-anchieta.jpg\",\"datePublished\":\"2022-10-08T13:22:56+00:00\",\"breadcrumb\":{\"@id\":\"https:\/\/www.comunidadeativa.jor.br\/index.php\/2022\/10\/08\/nutricionista-danillo-schaefer-ja-esta-atendendo-na-amoran-no-bairro-anchieta\/#breadcrumb\"},\"inLanguage\":\"pt-BR\",\"potentialAction\":[{\"@type\":\"ReadAction\",\"target\":[\"https:\/\/www.comunidadeativa.jor.br\/index.php\/2022\/10\/08\/nutricionista-danillo-schaefer-ja-esta-atendendo-na-amoran-no-bairro-anchieta\/\"]}]},{\"@type\":\"ImageObject\",\"inLanguage\":\"pt-BR\",\"@id\":\"https:\/\/www.comunidadeativa.jor.br\/index.php\/2022\/10\/08\/nutricionista-danillo-schaefer-ja-esta-atendendo-na-amoran-no-bairro-anchieta\/#primaryimage\",\"url\":\"https:\/\/www.comunidadeativa.jor.br\/wp-content\/uploads\/2022\/10\/bairro-anchieta.jpg\",\"contentUrl\":\"https:\/\/www.comunidadeativa.jor.br\/wp-content\/uploads\/2022\/10\/bairro-anchieta.jpg\",\"width\":640,\"height\":352},{\"@type\":\"BreadcrumbList\",\"@id\":\"https:\/\/www.comunidadeativa.jor.br\/index.php\/2022\/10\/08\/nutricionista-danillo-schaefer-ja-esta-atendendo-na-amoran-no-bairro-anchieta\/#breadcrumb\",\"itemListElement\":[{\"@type\":\"ListItem\",\"position\":1,\"name\":\"In\u00edcio\",\"item\":\"https:\/\/www.comunidadeativa.jor.br\/\"},{\"@type\":\"ListItem\",\"position\":2,\"name\":\"Nutricionista Danillo Schaefer j\u00e1 est\u00e1 atendendo na Amoran, no bairro Anchieta\"}]},{\"@type\":\"WebSite\",\"@id\":\"https:\/\/www.comunidadeativa.jor.br\/#website\",\"url\":\"https:\/\/www.comunidadeativa.jor.br\/\",\"name\":\"Comunidade Ativa\",\"description\":\"\",\"publisher\":{\"@id\":\"https:\/\/www.comunidadeativa.jor.br\/#organization\"},\"potentialAction\":[{\"@type\":\"SearchAction\",\"target\":{\"@type\":\"EntryPoint\",\"urlTemplate\":\"https:\/\/www.comunidadeativa.jor.br\/?s={search_term_string}\"},\"query-input\":{\"@type\":\"PropertyValueSpecification\",\"valueRequired\":true,\"valueName\":\"search_term_string\"}}],\"inLanguage\":\"pt-BR\"},{\"@type\":\"Organization\",\"@id\":\"https:\/\/www.comunidadeativa.jor.br\/#organization\",\"name\":\"Comunidade Ativa\",\"url\":\"https:\/\/www.comunidadeativa.jor.br\/\",\"logo\":{\"@type\":\"ImageObject\",\"inLanguage\":\"pt-BR\",\"@id\":\"https:\/\/www.comunidadeativa.jor.br\/#\/schema\/logo\/image\/\",\"url\":\"https:\/\/www.comunidadeativa.jor.br\/wp-content\/uploads\/2018\/03\/cropped-LOGOPNG-1.png\",\"contentUrl\":\"https:\/\/www.comunidadeativa.jor.br\/wp-content\/uploads\/2018\/03\/cropped-LOGOPNG-1.png\",\"width\":318,\"height\":90,\"caption\":\"Comunidade Ativa\"},\"image\":{\"@id\":\"https:\/\/www.comunidadeativa.jor.br\/#\/schema\/logo\/image\/\"},\"sameAs\":[\"https:\/\/www.facebook.com\/comunidadeativa\"]},{\"@type\":\"Person\",\"@id\":\"https:\/\/www.comunidadeativa.jor.br\/#\/schema\/person\/dcaa1f1c51c1f0c47a33b2b734cad6e1\",\"name\":\"Comunidade Ativa\",\"image\":{\"@type\":\"ImageObject\",\"inLanguage\":\"pt-BR\",\"@id\":\"https:\/\/www.comunidadeativa.jor.br\/#\/schema\/person\/image\/\",\"url\":\"https:\/\/secure.gravatar.com\/avatar\/09a9a1f85fedf41e81b47f7c1d40084f?s=96&d=mm&r=g\",\"contentUrl\":\"https:\/\/secure.gravatar.com\/avatar\/09a9a1f85fedf41e81b47f7c1d40084f?s=96&d=mm&r=g\",\"caption\":\"Comunidade Ativa\"},\"url\":\"https:\/\/www.comunidadeativa.jor.br\/index.php\/author\/casalberto\/\"}]}<\/script>\n<!-- \/ Yoast SEO plugin. -->","yoast_head_json":{"title":"Nutricionista Danillo Schaefer j\u00e1 est\u00e1 atendendo na Amoran, no bairro Anchieta - Comunidade Ativa","robots":{"index":"index","follow":"follow","max-snippet":"max-snippet:-1","max-image-preview":"max-image-preview:large","max-video-preview":"max-video-preview:-1"},"canonical":"https:\/\/www.comunidadeativa.jor.br\/index.php\/2022\/10\/08\/nutricionista-danillo-schaefer-ja-esta-atendendo-na-amoran-no-bairro-anchieta\/","og_locale":"pt_BR","og_type":"article","og_title":"Nutricionista Danillo Schaefer j\u00e1 est\u00e1 atendendo na Amoran, no bairro Anchieta - Comunidade Ativa","og_description":"Em mais uma a\u00e7\u00e3o que visa proporcionar a seus associados e \u00e0 comunidade em geral benef\u00edcios que contribuam com a","og_url":"https:\/\/www.comunidadeativa.jor.br\/index.php\/2022\/10\/08\/nutricionista-danillo-schaefer-ja-esta-atendendo-na-amoran-no-bairro-anchieta\/","og_site_name":"Comunidade Ativa","article_publisher":"https:\/\/www.facebook.com\/comunidadeativa","article_published_time":"2022-10-08T13:22:56+00:00","og_image":[{"width":640,"height":352,"url":"https:\/\/www.comunidadeativa.jor.br\/wp-content\/uploads\/2022\/10\/bairro-anchieta.jpg","type":"image\/jpeg"}],"author":"Comunidade Ativa","twitter_card":"summary_large_image","twitter_misc":{"Escrito por":"Comunidade Ativa","Est. tempo de leitura":"2 minutos"},"schema":{"@context":"https:\/\/schema.org","@graph":[{"@type":"Article","@id":"https:\/\/www.comunidadeativa.jor.br\/index.php\/2022\/10\/08\/nutricionista-danillo-schaefer-ja-esta-atendendo-na-amoran-no-bairro-anchieta\/#article","isPartOf":{"@id":"https:\/\/www.comunidadeativa.jor.br\/index.php\/2022\/10\/08\/nutricionista-danillo-schaefer-ja-esta-atendendo-na-amoran-no-bairro-anchieta\/"},"author":{"name":"Comunidade Ativa","@id":"https:\/\/www.comunidadeativa.jor.br\/#\/schema\/person\/dcaa1f1c51c1f0c47a33b2b734cad6e1"},"headline":"Nutricionista Danillo Schaefer j\u00e1 est\u00e1 atendendo na Amoran, no bairro Anchieta","datePublished":"2022-10-08T13:22:56+00:00","mainEntityOfPage":{"@id":"https:\/\/www.comunidadeativa.jor.br\/index.php\/2022\/10\/08\/nutricionista-danillo-schaefer-ja-esta-atendendo-na-amoran-no-bairro-anchieta\/"},"wordCount":340,"publisher":{"@id":"https:\/\/www.comunidadeativa.jor.br\/#organization"},"image":{"@id":"https:\/\/www.comunidadeativa.jor.br\/index.php\/2022\/10\/08\/nutricionista-danillo-schaefer-ja-esta-atendendo-na-amoran-no-bairro-anchieta\/#primaryimage"},"thumbnailUrl":"https:\/\/www.comunidadeativa.jor.br\/wp-content\/uploads\/2022\/10\/bairro-anchieta.jpg","articleSection":["Sa\u00fade &amp; Qualidade de Vida"],"inLanguage":"pt-BR"},{"@type":"WebPage","@id":"https:\/\/www.comunidadeativa.jor.br\/index.php\/2022\/10\/08\/nutricionista-danillo-schaefer-ja-esta-atendendo-na-amoran-no-bairro-anchieta\/","url":"https:\/\/www.comunidadeativa.jor.br\/index.php\/2022\/10\/08\/nutricionista-danillo-schaefer-ja-esta-atendendo-na-amoran-no-bairro-anchieta\/","name":"Nutricionista Danillo Schaefer j\u00e1 est\u00e1 atendendo na Amoran, no bairro Anchieta - Comunidade Ativa","isPartOf":{"@id":"https:\/\/www.comunidadeativa.jor.br\/#website"},"primaryImageOfPage":{"@id":"https:\/\/www.comunidadeativa.jor.br\/index.php\/2022\/10\/08\/nutricionista-danillo-schaefer-ja-esta-atendendo-na-amoran-no-bairro-anchieta\/#primaryimage"},"image":{"@id":"https:\/\/www.comunidadeativa.jor.br\/index.php\/2022\/10\/08\/nutricionista-danillo-schaefer-ja-esta-atendendo-na-amoran-no-bairro-anchieta\/#primaryimage"},"thumbnailUrl":"https:\/\/www.comunidadeativa.jor.br\/wp-content\/uploads\/2022\/10\/bairro-anchieta.jpg","datePublished":"2022-10-08T13:22:56+00:00","breadcrumb":{"@id":"https:\/\/www.comunidadeativa.jor.br\/index.php\/2022\/10\/08\/nutricionista-danillo-schaefer-ja-esta-atendendo-na-amoran-no-bairro-anchieta\/#breadcrumb"},"inLanguage":"pt-BR","potentialAction":[{"@type":"ReadAction","target":["https:\/\/www.comunidadeativa.jor.br\/index.php\/2022\/10\/08\/nutricionista-danillo-schaefer-ja-esta-atendendo-na-amoran-no-bairro-anchieta\/"]}]},{"@type":"ImageObject","inLanguage":"pt-BR","@id":"https:\/\/www.comunidadeativa.jor.br\/index.php\/2022\/10\/08\/nutricionista-danillo-schaefer-ja-esta-atendendo-na-amoran-no-bairro-anchieta\/#primaryimage","url":"https:\/\/www.comunidadeativa.jor.br\/wp-content\/uploads\/2022\/10\/bairro-anchieta.jpg","contentUrl":"https:\/\/www.comunidadeativa.jor.br\/wp-content\/uploads\/2022\/10\/bairro-anchieta.jpg","width":640,"height":352},{"@type":"BreadcrumbList","@id":"https:\/\/www.comunidadeativa.jor.br\/index.php\/2022\/10\/08\/nutricionista-danillo-schaefer-ja-esta-atendendo-na-amoran-no-bairro-anchieta\/#breadcrumb","itemListElement":[{"@type":"ListItem","position":1,"name":"In\u00edcio","item":"https:\/\/www.comunidadeativa.jor.br\/"},{"@type":"ListItem","position":2,"name":"Nutricionista Danillo Schaefer j\u00e1 est\u00e1 atendendo na Amoran, no bairro Anchieta"}]},{"@type":"WebSite","@id":"https:\/\/www.comunidadeativa.jor.br\/#website","url":"https:\/\/www.comunidadeativa.jor.br\/","name":"Comunidade Ativa","description":"","publisher":{"@id":"https:\/\/www.comunidadeativa.jor.br\/#organization"},"potentialAction":[{"@type":"SearchAction","target":{"@type":"EntryPoint","urlTemplate":"https:\/\/www.comunidadeativa.jor.br\/?s={search_term_string}"},"query-input":{"@type":"PropertyValueSpecification","valueRequired":true,"valueName":"search_term_string"}}],"inLanguage":"pt-BR"},{"@type":"Organization","@id":"https:\/\/www.comunidadeativa.jor.br\/#organization","name":"Comunidade Ativa","url":"https:\/\/www.comunidadeativa.jor.br\/","logo":{"@type":"ImageObject","inLanguage":"pt-BR","@id":"https:\/\/www.comunidadeativa.jor.br\/#\/schema\/logo\/image\/","url":"https:\/\/www.comunidadeativa.jor.br\/wp-content\/uploads\/2018\/03\/cropped-LOGOPNG-1.png","contentUrl":"https:\/\/www.comunidadeativa.jor.br\/wp-content\/uploads\/2018\/03\/cropped-LOGOPNG-1.png","width":318,"height":90,"caption":"Comunidade Ativa"},"image":{"@id":"https:\/\/www.comunidadeativa.jor.br\/#\/schema\/logo\/image\/"},"sameAs":["https:\/\/www.facebook.com\/comunidadeativa"]},{"@type":"Person","@id":"https:\/\/www.comunidadeativa.jor.br\/#\/schema\/person\/dcaa1f1c51c1f0c47a33b2b734cad6e1","name":"Comunidade Ativa","image":{"@type":"ImageObject","inLanguage":"pt-BR","@id":"https:\/\/www.comunidadeativa.jor.br\/#\/schema\/person\/image\/","url":"https:\/\/secure.gravatar.com\/avatar\/09a9a1f85fedf41e81b47f7c1d40084f?s=96&d=mm&r=g","contentUrl":"https:\/\/secure.gravatar.com\/avatar\/09a9a1f85fedf41e81b47f7c1d40084f?s=96&d=mm&r=g","caption":"Comunidade Ativa"},"url":"https:\/\/www.comunidadeativa.jor.br\/index.php\/author\/casalberto\/"}]}},"_links":{"self":[{"href":"https:\/\/www.comunidadeativa.jor.br\/index.php\/wp-json\/wp\/v2\/posts\/3205","targetHints":{"allow":["GET"]}}],"collection":[{"href":"https:\/\/www.comunidadeativa.jor.br\/index.php\/wp-json\/wp\/v2\/posts"}],"about":[{"href":"https:\/\/www.comunidadeativa.jor.br\/index.php\/wp-json\/wp\/v2\/types\/post"}],"author":[{"embeddable":true,"href":"https:\/\/www.comunidadeativa.jor.br\/index.php\/wp-json\/wp\/v2\/users\/1"}],"replies":[{"embeddable":true,"href":"https:\/\/www.comunidadeativa.jor.br\/index.php\/wp-json\/wp\/v2\/comments?post=3205"}],"version-history":[{"count":1,"href":"https:\/\/www.comunidadeativa.jor.br\/index.php\/wp-json\/wp\/v2\/posts\/3205\/revisions"}],"predecessor-version":[{"id":3207,"href":"https:\/\/www.comunidadeativa.jor.br\/index.php\/wp-json\/wp\/v2\/posts\/3205\/revisions\/3207"}],"wp:featuredmedia":[{"embeddable":true,"href":"https:\/\/www.comunidadeativa.jor.br\/index.php\/wp-json\/wp\/v2\/media\/3208"}],"wp:attachment":[{"href":"https:\/\/www.comunidadeativa.jor.br\/index.php\/wp-json\/wp\/v2\/media?parent=3205"}],"wp:term":[{"taxonomy":"category","embeddable":true,"href":"https:\/\/www.comunidadeativa.jor.br\/index.php\/wp-json\/wp\/v2\/categories?post=3205"},{"taxonomy":"post_tag","embeddable":true,"href":"https:\/\/www.comunidadeativa.jor.br\/index.php\/wp-json\/wp\/v2\/tags?post=3205"}],"curies":[{"name":"wp","href":"https:\/\/api.w.org\/{rel}","templated":true}]}}