{"id":3216,"date":"2022-10-12T10:00:50","date_gmt":"2022-10-12T13:00:50","guid":{"rendered":"https:\/\/www.comunidadeativa.jor.br\/?p=3216"},"modified":"2022-10-11T19:43:20","modified_gmt":"2022-10-11T22:43:20","slug":"voce-sabe-por-que-o-dia-das-criancas-e-comemorado-em-12-de-outubro","status":"publish","type":"post","link":"https:\/\/www.comunidadeativa.jor.br\/index.php\/2022\/10\/12\/voce-sabe-por-que-o-dia-das-criancas-e-comemorado-em-12-de-outubro\/","title":{"rendered":"Voc\u00ea sabe por que o Dia das Crian\u00e7as e comemorado em 12 de outubro?"},"content":{"rendered":"<p>Ainda que a coincid\u00eancia de datas seja uma del\u00edcia para os pequenos e para os papais \u2014 afinal, o feriado de Nossa Senhora da Aparecida tamb\u00e9m permite que as fam\u00edlias celebrem juntas o Dia das Crian\u00e7as \u2014, n\u00e3o h\u00e1 nenhuma rela\u00e7\u00e3o de origem entre as duas comemora\u00e7\u00f5es. De fato, a data que festeja a inf\u00e2ncia surgiu por inspira\u00e7\u00e3o de um evento realizado no Rio de Janeiro, em 1923.<\/p>\n<p>Ocorre que, em 12 de outubro daquele ano, a realiza\u00e7\u00e3o do Congresso Sul-Americano da Crian\u00e7a na ent\u00e3o capital da Rep\u00fablica causou \u00f3tima impress\u00e3o no p\u00fablico. Isso fez com que, no ano seguinte, o deputado federal Galdino do Valle Filho propusesse a lei que marcou nos calend\u00e1rios aquela data como sendo a de comemora\u00e7\u00e3o do Dia das Crian\u00e7as no Brasil, o que foi promulgado pelo presidente Artur Bernardes em 5 de novembro de 1924.<\/p>\n<p>Por\u00e9m, por muitos anos, a lei ficou esquecida e quase teve a data alterada pelo presidente Get\u00falio Vargas, que queria transferi-la para 25 de mar\u00e7o. Somente nos anos 1950, a partir de uma campanha conjunta da fabricante de brinquedos Estrela e dos laborat\u00f3rios Johnson &amp; Johnson, \u00e9 que o festejo come\u00e7ou a ser considerado entre os brasileiros<\/p>\n<h5>Beb\u00ea Robusto<\/h5>\n<p>Em 1955 as duas companhias lan\u00e7aram a Semana do Beb\u00ea Robusto, que convidava os clientes a enviarem fotos dos filhos de seis meses a dois anos para concorrerem a um pr\u00eamio em dinheiro, enquanto o pequeno vencedor teria o rosto exposto em revistas e em jornais de grande circula\u00e7\u00e3o \u00e0 \u00e9poca. A promo\u00e7\u00e3o alcan\u00e7ou \u00f3tima repercuss\u00e3o e logo se tornou algo que estimulava o consumo dos produtos e era aguardado pelos pais.<\/p>\n<p>Aos poucos, outras empresas foram desenvolvendo as pr\u00f3prias promo\u00e7\u00f5es no mesmo per\u00edodo, fazendo surgir a Semana da Crian\u00e7a. Com isso, a lei de 1924 foi recuperada, definindo, inclusive, as campanhas de marketing da ind\u00fastria, que se concentraram no 12 de outubro como sendo de fato e de direito o Dia das Crian\u00e7as.<\/p>\n<p>&nbsp;<\/p>\n","protected":false},"excerpt":{"rendered":"<p>Ainda que a coincid\u00eancia de datas seja uma del\u00edcia para os pequenos e para os papais \u2014 afinal, o feriado<\/p>\n","protected":false},"author":1,"featured_media":3218,"comment_status":"closed","ping_status":"open","sticky":false,"template":"","format":"standard","meta":{"footnotes":""},"categories":[15],"tags":[],"class_list":["post-3216","post","type-post","status-publish","format-standard","has-post-thumbnail","hentry","category-cultura"],"yoast_head":"<!-- This site is optimized with the Yoast SEO plugin v26.0 - https:\/\/yoast.com\/wordpress\/plugins\/seo\/ -->\n<title>Voc\u00ea sabe por que o Dia das Crian\u00e7as e comemorado em 12 de outubro? - Comunidade Ativa<\/title>\n<meta name=\"robots\" content=\"index, follow, max-snippet:-1, max-image-preview:large, max-video-preview:-1\" \/>\n<link rel=\"canonical\" href=\"https:\/\/www.comunidadeativa.jor.br\/index.php\/2022\/10\/12\/voce-sabe-por-que-o-dia-das-criancas-e-comemorado-em-12-de-outubro\/\" \/>\n<meta property=\"og:locale\" content=\"pt_BR\" \/>\n<meta property=\"og:type\" content=\"article\" \/>\n<meta property=\"og:title\" content=\"Voc\u00ea sabe por que o Dia das Crian\u00e7as e comemorado em 12 de outubro? - Comunidade Ativa\" \/>\n<meta property=\"og:description\" content=\"Ainda que a coincid\u00eancia de datas seja uma del\u00edcia para os pequenos e para os papais \u2014 afinal, o feriado\" \/>\n<meta property=\"og:url\" content=\"https:\/\/www.comunidadeativa.jor.br\/index.php\/2022\/10\/12\/voce-sabe-por-que-o-dia-das-criancas-e-comemorado-em-12-de-outubro\/\" \/>\n<meta property=\"og:site_name\" content=\"Comunidade Ativa\" \/>\n<meta property=\"article:publisher\" content=\"https:\/\/www.facebook.com\/comunidadeativa\" \/>\n<meta property=\"article:published_time\" content=\"2022-10-12T13:00:50+00:00\" \/>\n<meta property=\"og:image\" content=\"https:\/\/www.comunidadeativa.jor.br\/wp-content\/uploads\/2022\/10\/bairro-anchieta-2.jpg\" \/>\n\t<meta property=\"og:image:width\" content=\"640\" \/>\n\t<meta property=\"og:image:height\" content=\"352\" \/>\n\t<meta property=\"og:image:type\" content=\"image\/jpeg\" \/>\n<meta name=\"author\" content=\"Comunidade Ativa\" \/>\n<meta name=\"twitter:card\" content=\"summary_large_image\" \/>\n<meta name=\"twitter:label1\" content=\"Escrito por\" \/>\n\t<meta name=\"twitter:data1\" content=\"Comunidade Ativa\" \/>\n\t<meta name=\"twitter:label2\" content=\"Est. tempo de leitura\" \/>\n\t<meta name=\"twitter:data2\" content=\"2 minutos\" \/>\n<script type=\"application\/ld+json\" class=\"yoast-schema-graph\">{\"@context\":\"https:\/\/schema.org\",\"@graph\":[{\"@type\":\"Article\",\"@id\":\"https:\/\/www.comunidadeativa.jor.br\/index.php\/2022\/10\/12\/voce-sabe-por-que-o-dia-das-criancas-e-comemorado-em-12-de-outubro\/#article\",\"isPartOf\":{\"@id\":\"https:\/\/www.comunidadeativa.jor.br\/index.php\/2022\/10\/12\/voce-sabe-por-que-o-dia-das-criancas-e-comemorado-em-12-de-outubro\/\"},\"author\":{\"name\":\"Comunidade Ativa\",\"@id\":\"https:\/\/www.comunidadeativa.jor.br\/#\/schema\/person\/dcaa1f1c51c1f0c47a33b2b734cad6e1\"},\"headline\":\"Voc\u00ea sabe por que o Dia das Crian\u00e7as e comemorado em 12 de outubro?\",\"datePublished\":\"2022-10-12T13:00:50+00:00\",\"mainEntityOfPage\":{\"@id\":\"https:\/\/www.comunidadeativa.jor.br\/index.php\/2022\/10\/12\/voce-sabe-por-que-o-dia-das-criancas-e-comemorado-em-12-de-outubro\/\"},\"wordCount\":362,\"publisher\":{\"@id\":\"https:\/\/www.comunidadeativa.jor.br\/#organization\"},\"image\":{\"@id\":\"https:\/\/www.comunidadeativa.jor.br\/index.php\/2022\/10\/12\/voce-sabe-por-que-o-dia-das-criancas-e-comemorado-em-12-de-outubro\/#primaryimage\"},\"thumbnailUrl\":\"https:\/\/www.comunidadeativa.jor.br\/wp-content\/uploads\/2022\/10\/bairro-anchieta-2.jpg\",\"articleSection\":[\"Cultura\"],\"inLanguage\":\"pt-BR\"},{\"@type\":\"WebPage\",\"@id\":\"https:\/\/www.comunidadeativa.jor.br\/index.php\/2022\/10\/12\/voce-sabe-por-que-o-dia-das-criancas-e-comemorado-em-12-de-outubro\/\",\"url\":\"https:\/\/www.comunidadeativa.jor.br\/index.php\/2022\/10\/12\/voce-sabe-por-que-o-dia-das-criancas-e-comemorado-em-12-de-outubro\/\",\"name\":\"Voc\u00ea sabe por que o Dia das Crian\u00e7as e comemorado em 12 de outubro? - Comunidade Ativa\",\"isPartOf\":{\"@id\":\"https:\/\/www.comunidadeativa.jor.br\/#website\"},\"primaryImageOfPage\":{\"@id\":\"https:\/\/www.comunidadeativa.jor.br\/index.php\/2022\/10\/12\/voce-sabe-por-que-o-dia-das-criancas-e-comemorado-em-12-de-outubro\/#primaryimage\"},\"image\":{\"@id\":\"https:\/\/www.comunidadeativa.jor.br\/index.php\/2022\/10\/12\/voce-sabe-por-que-o-dia-das-criancas-e-comemorado-em-12-de-outubro\/#primaryimage\"},\"thumbnailUrl\":\"https:\/\/www.comunidadeativa.jor.br\/wp-content\/uploads\/2022\/10\/bairro-anchieta-2.jpg\",\"datePublished\":\"2022-10-12T13:00:50+00:00\",\"breadcrumb\":{\"@id\":\"https:\/\/www.comunidadeativa.jor.br\/index.php\/2022\/10\/12\/voce-sabe-por-que-o-dia-das-criancas-e-comemorado-em-12-de-outubro\/#breadcrumb\"},\"inLanguage\":\"pt-BR\",\"potentialAction\":[{\"@type\":\"ReadAction\",\"target\":[\"https:\/\/www.comunidadeativa.jor.br\/index.php\/2022\/10\/12\/voce-sabe-por-que-o-dia-das-criancas-e-comemorado-em-12-de-outubro\/\"]}]},{\"@type\":\"ImageObject\",\"inLanguage\":\"pt-BR\",\"@id\":\"https:\/\/www.comunidadeativa.jor.br\/index.php\/2022\/10\/12\/voce-sabe-por-que-o-dia-das-criancas-e-comemorado-em-12-de-outubro\/#primaryimage\",\"url\":\"https:\/\/www.comunidadeativa.jor.br\/wp-content\/uploads\/2022\/10\/bairro-anchieta-2.jpg\",\"contentUrl\":\"https:\/\/www.comunidadeativa.jor.br\/wp-content\/uploads\/2022\/10\/bairro-anchieta-2.jpg\",\"width\":640,\"height\":352},{\"@type\":\"BreadcrumbList\",\"@id\":\"https:\/\/www.comunidadeativa.jor.br\/index.php\/2022\/10\/12\/voce-sabe-por-que-o-dia-das-criancas-e-comemorado-em-12-de-outubro\/#breadcrumb\",\"itemListElement\":[{\"@type\":\"ListItem\",\"position\":1,\"name\":\"In\u00edcio\",\"item\":\"https:\/\/www.comunidadeativa.jor.br\/\"},{\"@type\":\"ListItem\",\"position\":2,\"name\":\"Voc\u00ea sabe por que o Dia das Crian\u00e7as e comemorado em 12 de outubro?\"}]},{\"@type\":\"WebSite\",\"@id\":\"https:\/\/www.comunidadeativa.jor.br\/#website\",\"url\":\"https:\/\/www.comunidadeativa.jor.br\/\",\"name\":\"Comunidade Ativa\",\"description\":\"\",\"publisher\":{\"@id\":\"https:\/\/www.comunidadeativa.jor.br\/#organization\"},\"potentialAction\":[{\"@type\":\"SearchAction\",\"target\":{\"@type\":\"EntryPoint\",\"urlTemplate\":\"https:\/\/www.comunidadeativa.jor.br\/?s={search_term_string}\"},\"query-input\":{\"@type\":\"PropertyValueSpecification\",\"valueRequired\":true,\"valueName\":\"search_term_string\"}}],\"inLanguage\":\"pt-BR\"},{\"@type\":\"Organization\",\"@id\":\"https:\/\/www.comunidadeativa.jor.br\/#organization\",\"name\":\"Comunidade Ativa\",\"url\":\"https:\/\/www.comunidadeativa.jor.br\/\",\"logo\":{\"@type\":\"ImageObject\",\"inLanguage\":\"pt-BR\",\"@id\":\"https:\/\/www.comunidadeativa.jor.br\/#\/schema\/logo\/image\/\",\"url\":\"https:\/\/www.comunidadeativa.jor.br\/wp-content\/uploads\/2018\/03\/cropped-LOGOPNG-1.png\",\"contentUrl\":\"https:\/\/www.comunidadeativa.jor.br\/wp-content\/uploads\/2018\/03\/cropped-LOGOPNG-1.png\",\"width\":318,\"height\":90,\"caption\":\"Comunidade Ativa\"},\"image\":{\"@id\":\"https:\/\/www.comunidadeativa.jor.br\/#\/schema\/logo\/image\/\"},\"sameAs\":[\"https:\/\/www.facebook.com\/comunidadeativa\"]},{\"@type\":\"Person\",\"@id\":\"https:\/\/www.comunidadeativa.jor.br\/#\/schema\/person\/dcaa1f1c51c1f0c47a33b2b734cad6e1\",\"name\":\"Comunidade Ativa\",\"image\":{\"@type\":\"ImageObject\",\"inLanguage\":\"pt-BR\",\"@id\":\"https:\/\/www.comunidadeativa.jor.br\/#\/schema\/person\/image\/\",\"url\":\"https:\/\/secure.gravatar.com\/avatar\/09a9a1f85fedf41e81b47f7c1d40084f?s=96&d=mm&r=g\",\"contentUrl\":\"https:\/\/secure.gravatar.com\/avatar\/09a9a1f85fedf41e81b47f7c1d40084f?s=96&d=mm&r=g\",\"caption\":\"Comunidade Ativa\"},\"url\":\"https:\/\/www.comunidadeativa.jor.br\/index.php\/author\/casalberto\/\"}]}<\/script>\n<!-- \/ Yoast SEO plugin. -->","yoast_head_json":{"title":"Voc\u00ea sabe por que o Dia das Crian\u00e7as e comemorado em 12 de outubro? - Comunidade Ativa","robots":{"index":"index","follow":"follow","max-snippet":"max-snippet:-1","max-image-preview":"max-image-preview:large","max-video-preview":"max-video-preview:-1"},"canonical":"https:\/\/www.comunidadeativa.jor.br\/index.php\/2022\/10\/12\/voce-sabe-por-que-o-dia-das-criancas-e-comemorado-em-12-de-outubro\/","og_locale":"pt_BR","og_type":"article","og_title":"Voc\u00ea sabe por que o Dia das Crian\u00e7as e comemorado em 12 de outubro? - Comunidade Ativa","og_description":"Ainda que a coincid\u00eancia de datas seja uma del\u00edcia para os pequenos e para os papais \u2014 afinal, o feriado","og_url":"https:\/\/www.comunidadeativa.jor.br\/index.php\/2022\/10\/12\/voce-sabe-por-que-o-dia-das-criancas-e-comemorado-em-12-de-outubro\/","og_site_name":"Comunidade Ativa","article_publisher":"https:\/\/www.facebook.com\/comunidadeativa","article_published_time":"2022-10-12T13:00:50+00:00","og_image":[{"width":640,"height":352,"url":"https:\/\/www.comunidadeativa.jor.br\/wp-content\/uploads\/2022\/10\/bairro-anchieta-2.jpg","type":"image\/jpeg"}],"author":"Comunidade Ativa","twitter_card":"summary_large_image","twitter_misc":{"Escrito por":"Comunidade Ativa","Est. tempo de leitura":"2 minutos"},"schema":{"@context":"https:\/\/schema.org","@graph":[{"@type":"Article","@id":"https:\/\/www.comunidadeativa.jor.br\/index.php\/2022\/10\/12\/voce-sabe-por-que-o-dia-das-criancas-e-comemorado-em-12-de-outubro\/#article","isPartOf":{"@id":"https:\/\/www.comunidadeativa.jor.br\/index.php\/2022\/10\/12\/voce-sabe-por-que-o-dia-das-criancas-e-comemorado-em-12-de-outubro\/"},"author":{"name":"Comunidade Ativa","@id":"https:\/\/www.comunidadeativa.jor.br\/#\/schema\/person\/dcaa1f1c51c1f0c47a33b2b734cad6e1"},"headline":"Voc\u00ea sabe por que o Dia das Crian\u00e7as e comemorado em 12 de outubro?","datePublished":"2022-10-12T13:00:50+00:00","mainEntityOfPage":{"@id":"https:\/\/www.comunidadeativa.jor.br\/index.php\/2022\/10\/12\/voce-sabe-por-que-o-dia-das-criancas-e-comemorado-em-12-de-outubro\/"},"wordCount":362,"publisher":{"@id":"https:\/\/www.comunidadeativa.jor.br\/#organization"},"image":{"@id":"https:\/\/www.comunidadeativa.jor.br\/index.php\/2022\/10\/12\/voce-sabe-por-que-o-dia-das-criancas-e-comemorado-em-12-de-outubro\/#primaryimage"},"thumbnailUrl":"https:\/\/www.comunidadeativa.jor.br\/wp-content\/uploads\/2022\/10\/bairro-anchieta-2.jpg","articleSection":["Cultura"],"inLanguage":"pt-BR"},{"@type":"WebPage","@id":"https:\/\/www.comunidadeativa.jor.br\/index.php\/2022\/10\/12\/voce-sabe-por-que-o-dia-das-criancas-e-comemorado-em-12-de-outubro\/","url":"https:\/\/www.comunidadeativa.jor.br\/index.php\/2022\/10\/12\/voce-sabe-por-que-o-dia-das-criancas-e-comemorado-em-12-de-outubro\/","name":"Voc\u00ea sabe por que o Dia das Crian\u00e7as e comemorado em 12 de outubro? - Comunidade Ativa","isPartOf":{"@id":"https:\/\/www.comunidadeativa.jor.br\/#website"},"primaryImageOfPage":{"@id":"https:\/\/www.comunidadeativa.jor.br\/index.php\/2022\/10\/12\/voce-sabe-por-que-o-dia-das-criancas-e-comemorado-em-12-de-outubro\/#primaryimage"},"image":{"@id":"https:\/\/www.comunidadeativa.jor.br\/index.php\/2022\/10\/12\/voce-sabe-por-que-o-dia-das-criancas-e-comemorado-em-12-de-outubro\/#primaryimage"},"thumbnailUrl":"https:\/\/www.comunidadeativa.jor.br\/wp-content\/uploads\/2022\/10\/bairro-anchieta-2.jpg","datePublished":"2022-10-12T13:00:50+00:00","breadcrumb":{"@id":"https:\/\/www.comunidadeativa.jor.br\/index.php\/2022\/10\/12\/voce-sabe-por-que-o-dia-das-criancas-e-comemorado-em-12-de-outubro\/#breadcrumb"},"inLanguage":"pt-BR","potentialAction":[{"@type":"ReadAction","target":["https:\/\/www.comunidadeativa.jor.br\/index.php\/2022\/10\/12\/voce-sabe-por-que-o-dia-das-criancas-e-comemorado-em-12-de-outubro\/"]}]},{"@type":"ImageObject","inLanguage":"pt-BR","@id":"https:\/\/www.comunidadeativa.jor.br\/index.php\/2022\/10\/12\/voce-sabe-por-que-o-dia-das-criancas-e-comemorado-em-12-de-outubro\/#primaryimage","url":"https:\/\/www.comunidadeativa.jor.br\/wp-content\/uploads\/2022\/10\/bairro-anchieta-2.jpg","contentUrl":"https:\/\/www.comunidadeativa.jor.br\/wp-content\/uploads\/2022\/10\/bairro-anchieta-2.jpg","width":640,"height":352},{"@type":"BreadcrumbList","@id":"https:\/\/www.comunidadeativa.jor.br\/index.php\/2022\/10\/12\/voce-sabe-por-que-o-dia-das-criancas-e-comemorado-em-12-de-outubro\/#breadcrumb","itemListElement":[{"@type":"ListItem","position":1,"name":"In\u00edcio","item":"https:\/\/www.comunidadeativa.jor.br\/"},{"@type":"ListItem","position":2,"name":"Voc\u00ea sabe por que o Dia das Crian\u00e7as e comemorado em 12 de outubro?"}]},{"@type":"WebSite","@id":"https:\/\/www.comunidadeativa.jor.br\/#website","url":"https:\/\/www.comunidadeativa.jor.br\/","name":"Comunidade Ativa","description":"","publisher":{"@id":"https:\/\/www.comunidadeativa.jor.br\/#organization"},"potentialAction":[{"@type":"SearchAction","target":{"@type":"EntryPoint","urlTemplate":"https:\/\/www.comunidadeativa.jor.br\/?s={search_term_string}"},"query-input":{"@type":"PropertyValueSpecification","valueRequired":true,"valueName":"search_term_string"}}],"inLanguage":"pt-BR"},{"@type":"Organization","@id":"https:\/\/www.comunidadeativa.jor.br\/#organization","name":"Comunidade Ativa","url":"https:\/\/www.comunidadeativa.jor.br\/","logo":{"@type":"ImageObject","inLanguage":"pt-BR","@id":"https:\/\/www.comunidadeativa.jor.br\/#\/schema\/logo\/image\/","url":"https:\/\/www.comunidadeativa.jor.br\/wp-content\/uploads\/2018\/03\/cropped-LOGOPNG-1.png","contentUrl":"https:\/\/www.comunidadeativa.jor.br\/wp-content\/uploads\/2018\/03\/cropped-LOGOPNG-1.png","width":318,"height":90,"caption":"Comunidade Ativa"},"image":{"@id":"https:\/\/www.comunidadeativa.jor.br\/#\/schema\/logo\/image\/"},"sameAs":["https:\/\/www.facebook.com\/comunidadeativa"]},{"@type":"Person","@id":"https:\/\/www.comunidadeativa.jor.br\/#\/schema\/person\/dcaa1f1c51c1f0c47a33b2b734cad6e1","name":"Comunidade Ativa","image":{"@type":"ImageObject","inLanguage":"pt-BR","@id":"https:\/\/www.comunidadeativa.jor.br\/#\/schema\/person\/image\/","url":"https:\/\/secure.gravatar.com\/avatar\/09a9a1f85fedf41e81b47f7c1d40084f?s=96&d=mm&r=g","contentUrl":"https:\/\/secure.gravatar.com\/avatar\/09a9a1f85fedf41e81b47f7c1d40084f?s=96&d=mm&r=g","caption":"Comunidade Ativa"},"url":"https:\/\/www.comunidadeativa.jor.br\/index.php\/author\/casalberto\/"}]}},"_links":{"self":[{"href":"https:\/\/www.comunidadeativa.jor.br\/index.php\/wp-json\/wp\/v2\/posts\/3216","targetHints":{"allow":["GET"]}}],"collection":[{"href":"https:\/\/www.comunidadeativa.jor.br\/index.php\/wp-json\/wp\/v2\/posts"}],"about":[{"href":"https:\/\/www.comunidadeativa.jor.br\/index.php\/wp-json\/wp\/v2\/types\/post"}],"author":[{"embeddable":true,"href":"https:\/\/www.comunidadeativa.jor.br\/index.php\/wp-json\/wp\/v2\/users\/1"}],"replies":[{"embeddable":true,"href":"https:\/\/www.comunidadeativa.jor.br\/index.php\/wp-json\/wp\/v2\/comments?post=3216"}],"version-history":[{"count":1,"href":"https:\/\/www.comunidadeativa.jor.br\/index.php\/wp-json\/wp\/v2\/posts\/3216\/revisions"}],"predecessor-version":[{"id":3219,"href":"https:\/\/www.comunidadeativa.jor.br\/index.php\/wp-json\/wp\/v2\/posts\/3216\/revisions\/3219"}],"wp:featuredmedia":[{"embeddable":true,"href":"https:\/\/www.comunidadeativa.jor.br\/index.php\/wp-json\/wp\/v2\/media\/3218"}],"wp:attachment":[{"href":"https:\/\/www.comunidadeativa.jor.br\/index.php\/wp-json\/wp\/v2\/media?parent=3216"}],"wp:term":[{"taxonomy":"category","embeddable":true,"href":"https:\/\/www.comunidadeativa.jor.br\/index.php\/wp-json\/wp\/v2\/categories?post=3216"},{"taxonomy":"post_tag","embeddable":true,"href":"https:\/\/www.comunidadeativa.jor.br\/index.php\/wp-json\/wp\/v2\/tags?post=3216"}],"curies":[{"name":"wp","href":"https:\/\/api.w.org\/{rel}","templated":true}]}}