{"id":3236,"date":"2022-10-21T12:40:39","date_gmt":"2022-10-21T15:40:39","guid":{"rendered":"https:\/\/www.comunidadeativa.jor.br\/?p=3236"},"modified":"2023-08-11T15:19:03","modified_gmt":"2023-08-11T18:19:03","slug":"viver-na-nuvem-torna-a-vida-diaria-muito-mais-pratica","status":"publish","type":"post","link":"https:\/\/www.comunidadeativa.jor.br\/index.php\/2022\/10\/21\/viver-na-nuvem-torna-a-vida-diaria-muito-mais-pratica\/","title":{"rendered":"Viver na nuvem torna a vida di\u00e1ria muito mais pr\u00e1tica"},"content":{"rendered":"<p>Mesmo sem perceber, h\u00e1 bastante tempo, as pessoas utilizam a computa\u00e7\u00e3o em nuvem no dia a dia. Quem tem aparelhos com sistema operacional Android, por exemplo, que \u00e9 desenvolvido pelo Google, usufrui de funcionalidades que n\u00e3o est\u00e3o diretamente instaladas no telefone. Uma delas \u00e9 o Google Drive, que armazena fotos e documentos em um espa\u00e7o virtual fora do telefone. Ou seja, na chamada &#8220;nuvem&#8221;. No caso dos aparelhos iPhone, que utilizam o sistema iOS, existem outras fun\u00e7\u00f5es potentes que est\u00e3o no iClound, a nuvem da companhia.<\/p>\n<p>Considerando que os servi\u00e7os de nuvem s\u00e3o bastante acess\u00edveis\u00a0 \u2014 al\u00e9m do Word, do Excel e de outros aplicativos, por cerca de R$100 por um ano de assinatura, o pacote Office Personal, da Microsoft, oferece 1T (um terabyte) de armazenamento no OneDrive \u2014, \u00e9 poss\u00edvel que voc\u00ea encontre outras utilidades neles . Confira algumas que selecionamos.<\/p>\n<h5>Tudo \u00e0 m\u00e3o, em qualquer lugar<\/h5>\n<p>Sabe aquela situa\u00e7\u00e3o de ter que adiar o envio de arquivos para algu\u00e9m porque eles est\u00e3o no computador em casa ou no escrit\u00f3rio? Ent\u00e3o, com a nuvem ela deixa de existir.<\/p>\n<p>Da mesma forma que voc\u00ea armazena qualquer arquivo em seu computador pessoal, voc\u00ea pode enviar o que quiser para a nuvem e, de qualquer lugar que voc\u00ea estiver, conseguir acessar at\u00e9 pelo seu telefone.\u00a0Para isso, \u00e9 claro, o seu aparelho precisa tamb\u00e9m estar conectado ao servi\u00e7o.<\/p>\n<h5>A\u00e7\u00e3o colaborativa<\/h5>\n<p>Caso haja necessidade, essa mesma funcionalidade permite que voc\u00ea d\u00ea acesso aos seus arquivos a quem voc\u00ea queira \u2014 e confie, \u00e9 claro. Por meio de um computador ou de um telefone conectado \u00e0 internet, de posse do login e da senha do servi\u00e7o de nuvem, a pessoa que voc\u00ea autorizar poder\u00e1 buscar os seus arquivos ou mesmo armazenar novas informa\u00e7\u00f5es na nuvem que voc\u00ea contratou.<\/p>\n<p>Essa possibilidade \u00e9 muito \u00fatil para quem exerce alguma a\u00e7\u00e3o que requer a colabora\u00e7\u00e3o de outras pessoas.<\/p>\n<h5>Mais espa\u00e7o de armazenamento<\/h5>\n<p>Atualmente, \u00e9 muito comum os discos r\u00edgidos dos computadores virem com mais de 1T de capacidade de armazenamento, mesmo se for um notebook. Parece muito, mas, dependendo dos h\u00e1bitos da pessoa, n\u00e3o \u00e9 tanto assim.<\/p>\n<p>Quem curte v\u00eddeos, por exemplo, quando assusta, j\u00e1 est\u00e1 com o HD quase totalmente ocupado e tem que sair apagando arquivos ou transferindo para m\u00eddias auxiliares. Em vez disso, voc\u00ea pode armazenar os arquivos na nuvem, liberando espa\u00e7o no disco r\u00edgido do computador, sem ter que ficar guardando pen drives ou HDs externos.<\/p>\n<h5>Garantia de backup<\/h5>\n<p>Quem nunca passou pela experi\u00eancia de ter um HD danificado, onde estavam armazenados arquivos importantes, pode agradecer aos c\u00e9us. De fato, a garantia para que isso n\u00e3o aconte\u00e7a est\u00e1 na realiza\u00e7\u00e3o de backups regulares, onde devem ser salvos os arquivos mais importantes. Com isso, muitas vezes a pessoa novamente se v\u00ea ref\u00e9m do pen drives ou dos HDs externos, que, por serem m\u00eddias f\u00edsicas, tamb\u00e9m podem sofrer danos, levando tudo a perder.<\/p>\n<p>Como os servi\u00e7os de nuvem n\u00e3o armazenam os dados em \u00fanico espa\u00e7o f\u00edsico, h\u00e1 uma garantia maior de que os backups que sejam feitos l\u00e1 permane\u00e7am intactos. Contudo, \u00e9 preciso ter aten\u00e7\u00e3o para o t\u00e9rmino da assinatura e conhecer os procedimentos do prestador do servi\u00e7o para esses casos.<\/p>\n<h5>Backup autom\u00e1tico<\/h5>\n<p>Outro ponto importante \u00e9 a automatiza\u00e7\u00e3o do backup, que a computa\u00e7\u00e3o em nuvem permite. Al\u00e9m de dispensar a necessidade de lembretes, essa funcionalidade tamb\u00e9m evita o processo chato de ter que subir os arquivos para a m\u00eddia externa, o que leva tempo e pede bastante aten\u00e7\u00e3o.<\/p>\n<p>Ou seja, atualmente, viver na nuvem facilita bastante a rotina di\u00e1ria.<\/p>\n<p>&nbsp;<\/p>\n<p>&nbsp;<\/p>\n","protected":false},"excerpt":{"rendered":"<p>Mesmo sem perceber, h\u00e1 bastante tempo, as pessoas utilizam a computa\u00e7\u00e3o em nuvem no dia a dia. Quem tem aparelhos<\/p>\n","protected":false},"author":1,"featured_media":3237,"comment_status":"closed","ping_status":"open","sticky":false,"template":"","format":"standard","meta":{"footnotes":""},"categories":[10],"tags":[],"class_list":["post-3236","post","type-post","status-publish","format-standard","has-post-thumbnail","hentry","category-tecnologia"],"yoast_head":"<!-- This site is optimized with the Yoast SEO plugin v26.0 - https:\/\/yoast.com\/wordpress\/plugins\/seo\/ -->\n<title>Viver na nuvem torna a vida di\u00e1ria muito mais pr\u00e1tica - Comunidade Ativa<\/title>\n<meta name=\"robots\" content=\"index, follow, max-snippet:-1, max-image-preview:large, max-video-preview:-1\" \/>\n<link rel=\"canonical\" href=\"https:\/\/www.comunidadeativa.jor.br\/index.php\/2022\/10\/21\/viver-na-nuvem-torna-a-vida-diaria-muito-mais-pratica\/\" \/>\n<meta property=\"og:locale\" content=\"pt_BR\" \/>\n<meta property=\"og:type\" content=\"article\" \/>\n<meta property=\"og:title\" content=\"Viver na nuvem torna a vida di\u00e1ria muito mais pr\u00e1tica - Comunidade Ativa\" \/>\n<meta property=\"og:description\" content=\"Mesmo sem perceber, h\u00e1 bastante tempo, as pessoas utilizam a computa\u00e7\u00e3o em nuvem no dia a dia. Quem tem aparelhos\" \/>\n<meta property=\"og:url\" content=\"https:\/\/www.comunidadeativa.jor.br\/index.php\/2022\/10\/21\/viver-na-nuvem-torna-a-vida-diaria-muito-mais-pratica\/\" \/>\n<meta property=\"og:site_name\" content=\"Comunidade Ativa\" \/>\n<meta property=\"article:publisher\" content=\"https:\/\/www.facebook.com\/comunidadeativa\" \/>\n<meta property=\"article:published_time\" content=\"2022-10-21T15:40:39+00:00\" \/>\n<meta property=\"article:modified_time\" content=\"2023-08-11T18:19:03+00:00\" \/>\n<meta property=\"og:image\" content=\"https:\/\/www.comunidadeativa.jor.br\/wp-content\/uploads\/2022\/10\/bairro-anchieta-3.jpg\" \/>\n\t<meta property=\"og:image:width\" content=\"640\" \/>\n\t<meta property=\"og:image:height\" content=\"352\" \/>\n\t<meta property=\"og:image:type\" content=\"image\/jpeg\" \/>\n<meta name=\"author\" content=\"Comunidade Ativa\" \/>\n<meta name=\"twitter:card\" content=\"summary_large_image\" \/>\n<meta name=\"twitter:label1\" content=\"Escrito por\" \/>\n\t<meta name=\"twitter:data1\" content=\"Comunidade Ativa\" \/>\n\t<meta name=\"twitter:label2\" content=\"Est. tempo de leitura\" \/>\n\t<meta name=\"twitter:data2\" content=\"3 minutos\" \/>\n<script type=\"application\/ld+json\" class=\"yoast-schema-graph\">{\"@context\":\"https:\/\/schema.org\",\"@graph\":[{\"@type\":\"Article\",\"@id\":\"https:\/\/www.comunidadeativa.jor.br\/index.php\/2022\/10\/21\/viver-na-nuvem-torna-a-vida-diaria-muito-mais-pratica\/#article\",\"isPartOf\":{\"@id\":\"https:\/\/www.comunidadeativa.jor.br\/index.php\/2022\/10\/21\/viver-na-nuvem-torna-a-vida-diaria-muito-mais-pratica\/\"},\"author\":{\"name\":\"Comunidade Ativa\",\"@id\":\"https:\/\/www.comunidadeativa.jor.br\/#\/schema\/person\/dcaa1f1c51c1f0c47a33b2b734cad6e1\"},\"headline\":\"Viver na nuvem torna a vida di\u00e1ria muito mais pr\u00e1tica\",\"datePublished\":\"2022-10-21T15:40:39+00:00\",\"dateModified\":\"2023-08-11T18:19:03+00:00\",\"mainEntityOfPage\":{\"@id\":\"https:\/\/www.comunidadeativa.jor.br\/index.php\/2022\/10\/21\/viver-na-nuvem-torna-a-vida-diaria-muito-mais-pratica\/\"},\"wordCount\":640,\"publisher\":{\"@id\":\"https:\/\/www.comunidadeativa.jor.br\/#organization\"},\"image\":{\"@id\":\"https:\/\/www.comunidadeativa.jor.br\/index.php\/2022\/10\/21\/viver-na-nuvem-torna-a-vida-diaria-muito-mais-pratica\/#primaryimage\"},\"thumbnailUrl\":\"https:\/\/www.comunidadeativa.jor.br\/wp-content\/uploads\/2022\/10\/bairro-anchieta-3.jpg\",\"articleSection\":[\"Tecnologia\"],\"inLanguage\":\"pt-BR\"},{\"@type\":\"WebPage\",\"@id\":\"https:\/\/www.comunidadeativa.jor.br\/index.php\/2022\/10\/21\/viver-na-nuvem-torna-a-vida-diaria-muito-mais-pratica\/\",\"url\":\"https:\/\/www.comunidadeativa.jor.br\/index.php\/2022\/10\/21\/viver-na-nuvem-torna-a-vida-diaria-muito-mais-pratica\/\",\"name\":\"Viver na nuvem torna a vida di\u00e1ria muito mais pr\u00e1tica - Comunidade Ativa\",\"isPartOf\":{\"@id\":\"https:\/\/www.comunidadeativa.jor.br\/#website\"},\"primaryImageOfPage\":{\"@id\":\"https:\/\/www.comunidadeativa.jor.br\/index.php\/2022\/10\/21\/viver-na-nuvem-torna-a-vida-diaria-muito-mais-pratica\/#primaryimage\"},\"image\":{\"@id\":\"https:\/\/www.comunidadeativa.jor.br\/index.php\/2022\/10\/21\/viver-na-nuvem-torna-a-vida-diaria-muito-mais-pratica\/#primaryimage\"},\"thumbnailUrl\":\"https:\/\/www.comunidadeativa.jor.br\/wp-content\/uploads\/2022\/10\/bairro-anchieta-3.jpg\",\"datePublished\":\"2022-10-21T15:40:39+00:00\",\"dateModified\":\"2023-08-11T18:19:03+00:00\",\"breadcrumb\":{\"@id\":\"https:\/\/www.comunidadeativa.jor.br\/index.php\/2022\/10\/21\/viver-na-nuvem-torna-a-vida-diaria-muito-mais-pratica\/#breadcrumb\"},\"inLanguage\":\"pt-BR\",\"potentialAction\":[{\"@type\":\"ReadAction\",\"target\":[\"https:\/\/www.comunidadeativa.jor.br\/index.php\/2022\/10\/21\/viver-na-nuvem-torna-a-vida-diaria-muito-mais-pratica\/\"]}]},{\"@type\":\"ImageObject\",\"inLanguage\":\"pt-BR\",\"@id\":\"https:\/\/www.comunidadeativa.jor.br\/index.php\/2022\/10\/21\/viver-na-nuvem-torna-a-vida-diaria-muito-mais-pratica\/#primaryimage\",\"url\":\"https:\/\/www.comunidadeativa.jor.br\/wp-content\/uploads\/2022\/10\/bairro-anchieta-3.jpg\",\"contentUrl\":\"https:\/\/www.comunidadeativa.jor.br\/wp-content\/uploads\/2022\/10\/bairro-anchieta-3.jpg\",\"width\":640,\"height\":352},{\"@type\":\"BreadcrumbList\",\"@id\":\"https:\/\/www.comunidadeativa.jor.br\/index.php\/2022\/10\/21\/viver-na-nuvem-torna-a-vida-diaria-muito-mais-pratica\/#breadcrumb\",\"itemListElement\":[{\"@type\":\"ListItem\",\"position\":1,\"name\":\"In\u00edcio\",\"item\":\"https:\/\/www.comunidadeativa.jor.br\/\"},{\"@type\":\"ListItem\",\"position\":2,\"name\":\"Viver na nuvem torna a vida di\u00e1ria muito mais pr\u00e1tica\"}]},{\"@type\":\"WebSite\",\"@id\":\"https:\/\/www.comunidadeativa.jor.br\/#website\",\"url\":\"https:\/\/www.comunidadeativa.jor.br\/\",\"name\":\"Comunidade Ativa\",\"description\":\"\",\"publisher\":{\"@id\":\"https:\/\/www.comunidadeativa.jor.br\/#organization\"},\"potentialAction\":[{\"@type\":\"SearchAction\",\"target\":{\"@type\":\"EntryPoint\",\"urlTemplate\":\"https:\/\/www.comunidadeativa.jor.br\/?s={search_term_string}\"},\"query-input\":{\"@type\":\"PropertyValueSpecification\",\"valueRequired\":true,\"valueName\":\"search_term_string\"}}],\"inLanguage\":\"pt-BR\"},{\"@type\":\"Organization\",\"@id\":\"https:\/\/www.comunidadeativa.jor.br\/#organization\",\"name\":\"Comunidade Ativa\",\"url\":\"https:\/\/www.comunidadeativa.jor.br\/\",\"logo\":{\"@type\":\"ImageObject\",\"inLanguage\":\"pt-BR\",\"@id\":\"https:\/\/www.comunidadeativa.jor.br\/#\/schema\/logo\/image\/\",\"url\":\"https:\/\/www.comunidadeativa.jor.br\/wp-content\/uploads\/2018\/03\/cropped-LOGOPNG-1.png\",\"contentUrl\":\"https:\/\/www.comunidadeativa.jor.br\/wp-content\/uploads\/2018\/03\/cropped-LOGOPNG-1.png\",\"width\":318,\"height\":90,\"caption\":\"Comunidade Ativa\"},\"image\":{\"@id\":\"https:\/\/www.comunidadeativa.jor.br\/#\/schema\/logo\/image\/\"},\"sameAs\":[\"https:\/\/www.facebook.com\/comunidadeativa\"]},{\"@type\":\"Person\",\"@id\":\"https:\/\/www.comunidadeativa.jor.br\/#\/schema\/person\/dcaa1f1c51c1f0c47a33b2b734cad6e1\",\"name\":\"Comunidade Ativa\",\"image\":{\"@type\":\"ImageObject\",\"inLanguage\":\"pt-BR\",\"@id\":\"https:\/\/www.comunidadeativa.jor.br\/#\/schema\/person\/image\/\",\"url\":\"https:\/\/secure.gravatar.com\/avatar\/09a9a1f85fedf41e81b47f7c1d40084f?s=96&d=mm&r=g\",\"contentUrl\":\"https:\/\/secure.gravatar.com\/avatar\/09a9a1f85fedf41e81b47f7c1d40084f?s=96&d=mm&r=g\",\"caption\":\"Comunidade Ativa\"},\"url\":\"https:\/\/www.comunidadeativa.jor.br\/index.php\/author\/casalberto\/\"}]}<\/script>\n<!-- \/ Yoast SEO plugin. -->","yoast_head_json":{"title":"Viver na nuvem torna a vida di\u00e1ria muito mais pr\u00e1tica - Comunidade Ativa","robots":{"index":"index","follow":"follow","max-snippet":"max-snippet:-1","max-image-preview":"max-image-preview:large","max-video-preview":"max-video-preview:-1"},"canonical":"https:\/\/www.comunidadeativa.jor.br\/index.php\/2022\/10\/21\/viver-na-nuvem-torna-a-vida-diaria-muito-mais-pratica\/","og_locale":"pt_BR","og_type":"article","og_title":"Viver na nuvem torna a vida di\u00e1ria muito mais pr\u00e1tica - Comunidade Ativa","og_description":"Mesmo sem perceber, h\u00e1 bastante tempo, as pessoas utilizam a computa\u00e7\u00e3o em nuvem no dia a dia. Quem tem aparelhos","og_url":"https:\/\/www.comunidadeativa.jor.br\/index.php\/2022\/10\/21\/viver-na-nuvem-torna-a-vida-diaria-muito-mais-pratica\/","og_site_name":"Comunidade Ativa","article_publisher":"https:\/\/www.facebook.com\/comunidadeativa","article_published_time":"2022-10-21T15:40:39+00:00","article_modified_time":"2023-08-11T18:19:03+00:00","og_image":[{"width":640,"height":352,"url":"https:\/\/www.comunidadeativa.jor.br\/wp-content\/uploads\/2022\/10\/bairro-anchieta-3.jpg","type":"image\/jpeg"}],"author":"Comunidade Ativa","twitter_card":"summary_large_image","twitter_misc":{"Escrito por":"Comunidade Ativa","Est. tempo de leitura":"3 minutos"},"schema":{"@context":"https:\/\/schema.org","@graph":[{"@type":"Article","@id":"https:\/\/www.comunidadeativa.jor.br\/index.php\/2022\/10\/21\/viver-na-nuvem-torna-a-vida-diaria-muito-mais-pratica\/#article","isPartOf":{"@id":"https:\/\/www.comunidadeativa.jor.br\/index.php\/2022\/10\/21\/viver-na-nuvem-torna-a-vida-diaria-muito-mais-pratica\/"},"author":{"name":"Comunidade Ativa","@id":"https:\/\/www.comunidadeativa.jor.br\/#\/schema\/person\/dcaa1f1c51c1f0c47a33b2b734cad6e1"},"headline":"Viver na nuvem torna a vida di\u00e1ria muito mais pr\u00e1tica","datePublished":"2022-10-21T15:40:39+00:00","dateModified":"2023-08-11T18:19:03+00:00","mainEntityOfPage":{"@id":"https:\/\/www.comunidadeativa.jor.br\/index.php\/2022\/10\/21\/viver-na-nuvem-torna-a-vida-diaria-muito-mais-pratica\/"},"wordCount":640,"publisher":{"@id":"https:\/\/www.comunidadeativa.jor.br\/#organization"},"image":{"@id":"https:\/\/www.comunidadeativa.jor.br\/index.php\/2022\/10\/21\/viver-na-nuvem-torna-a-vida-diaria-muito-mais-pratica\/#primaryimage"},"thumbnailUrl":"https:\/\/www.comunidadeativa.jor.br\/wp-content\/uploads\/2022\/10\/bairro-anchieta-3.jpg","articleSection":["Tecnologia"],"inLanguage":"pt-BR"},{"@type":"WebPage","@id":"https:\/\/www.comunidadeativa.jor.br\/index.php\/2022\/10\/21\/viver-na-nuvem-torna-a-vida-diaria-muito-mais-pratica\/","url":"https:\/\/www.comunidadeativa.jor.br\/index.php\/2022\/10\/21\/viver-na-nuvem-torna-a-vida-diaria-muito-mais-pratica\/","name":"Viver na nuvem torna a vida di\u00e1ria muito mais pr\u00e1tica - Comunidade Ativa","isPartOf":{"@id":"https:\/\/www.comunidadeativa.jor.br\/#website"},"primaryImageOfPage":{"@id":"https:\/\/www.comunidadeativa.jor.br\/index.php\/2022\/10\/21\/viver-na-nuvem-torna-a-vida-diaria-muito-mais-pratica\/#primaryimage"},"image":{"@id":"https:\/\/www.comunidadeativa.jor.br\/index.php\/2022\/10\/21\/viver-na-nuvem-torna-a-vida-diaria-muito-mais-pratica\/#primaryimage"},"thumbnailUrl":"https:\/\/www.comunidadeativa.jor.br\/wp-content\/uploads\/2022\/10\/bairro-anchieta-3.jpg","datePublished":"2022-10-21T15:40:39+00:00","dateModified":"2023-08-11T18:19:03+00:00","breadcrumb":{"@id":"https:\/\/www.comunidadeativa.jor.br\/index.php\/2022\/10\/21\/viver-na-nuvem-torna-a-vida-diaria-muito-mais-pratica\/#breadcrumb"},"inLanguage":"pt-BR","potentialAction":[{"@type":"ReadAction","target":["https:\/\/www.comunidadeativa.jor.br\/index.php\/2022\/10\/21\/viver-na-nuvem-torna-a-vida-diaria-muito-mais-pratica\/"]}]},{"@type":"ImageObject","inLanguage":"pt-BR","@id":"https:\/\/www.comunidadeativa.jor.br\/index.php\/2022\/10\/21\/viver-na-nuvem-torna-a-vida-diaria-muito-mais-pratica\/#primaryimage","url":"https:\/\/www.comunidadeativa.jor.br\/wp-content\/uploads\/2022\/10\/bairro-anchieta-3.jpg","contentUrl":"https:\/\/www.comunidadeativa.jor.br\/wp-content\/uploads\/2022\/10\/bairro-anchieta-3.jpg","width":640,"height":352},{"@type":"BreadcrumbList","@id":"https:\/\/www.comunidadeativa.jor.br\/index.php\/2022\/10\/21\/viver-na-nuvem-torna-a-vida-diaria-muito-mais-pratica\/#breadcrumb","itemListElement":[{"@type":"ListItem","position":1,"name":"In\u00edcio","item":"https:\/\/www.comunidadeativa.jor.br\/"},{"@type":"ListItem","position":2,"name":"Viver na nuvem torna a vida di\u00e1ria muito mais pr\u00e1tica"}]},{"@type":"WebSite","@id":"https:\/\/www.comunidadeativa.jor.br\/#website","url":"https:\/\/www.comunidadeativa.jor.br\/","name":"Comunidade Ativa","description":"","publisher":{"@id":"https:\/\/www.comunidadeativa.jor.br\/#organization"},"potentialAction":[{"@type":"SearchAction","target":{"@type":"EntryPoint","urlTemplate":"https:\/\/www.comunidadeativa.jor.br\/?s={search_term_string}"},"query-input":{"@type":"PropertyValueSpecification","valueRequired":true,"valueName":"search_term_string"}}],"inLanguage":"pt-BR"},{"@type":"Organization","@id":"https:\/\/www.comunidadeativa.jor.br\/#organization","name":"Comunidade Ativa","url":"https:\/\/www.comunidadeativa.jor.br\/","logo":{"@type":"ImageObject","inLanguage":"pt-BR","@id":"https:\/\/www.comunidadeativa.jor.br\/#\/schema\/logo\/image\/","url":"https:\/\/www.comunidadeativa.jor.br\/wp-content\/uploads\/2018\/03\/cropped-LOGOPNG-1.png","contentUrl":"https:\/\/www.comunidadeativa.jor.br\/wp-content\/uploads\/2018\/03\/cropped-LOGOPNG-1.png","width":318,"height":90,"caption":"Comunidade Ativa"},"image":{"@id":"https:\/\/www.comunidadeativa.jor.br\/#\/schema\/logo\/image\/"},"sameAs":["https:\/\/www.facebook.com\/comunidadeativa"]},{"@type":"Person","@id":"https:\/\/www.comunidadeativa.jor.br\/#\/schema\/person\/dcaa1f1c51c1f0c47a33b2b734cad6e1","name":"Comunidade Ativa","image":{"@type":"ImageObject","inLanguage":"pt-BR","@id":"https:\/\/www.comunidadeativa.jor.br\/#\/schema\/person\/image\/","url":"https:\/\/secure.gravatar.com\/avatar\/09a9a1f85fedf41e81b47f7c1d40084f?s=96&d=mm&r=g","contentUrl":"https:\/\/secure.gravatar.com\/avatar\/09a9a1f85fedf41e81b47f7c1d40084f?s=96&d=mm&r=g","caption":"Comunidade Ativa"},"url":"https:\/\/www.comunidadeativa.jor.br\/index.php\/author\/casalberto\/"}]}},"_links":{"self":[{"href":"https:\/\/www.comunidadeativa.jor.br\/index.php\/wp-json\/wp\/v2\/posts\/3236","targetHints":{"allow":["GET"]}}],"collection":[{"href":"https:\/\/www.comunidadeativa.jor.br\/index.php\/wp-json\/wp\/v2\/posts"}],"about":[{"href":"https:\/\/www.comunidadeativa.jor.br\/index.php\/wp-json\/wp\/v2\/types\/post"}],"author":[{"embeddable":true,"href":"https:\/\/www.comunidadeativa.jor.br\/index.php\/wp-json\/wp\/v2\/users\/1"}],"replies":[{"embeddable":true,"href":"https:\/\/www.comunidadeativa.jor.br\/index.php\/wp-json\/wp\/v2\/comments?post=3236"}],"version-history":[{"count":2,"href":"https:\/\/www.comunidadeativa.jor.br\/index.php\/wp-json\/wp\/v2\/posts\/3236\/revisions"}],"predecessor-version":[{"id":3691,"href":"https:\/\/www.comunidadeativa.jor.br\/index.php\/wp-json\/wp\/v2\/posts\/3236\/revisions\/3691"}],"wp:featuredmedia":[{"embeddable":true,"href":"https:\/\/www.comunidadeativa.jor.br\/index.php\/wp-json\/wp\/v2\/media\/3237"}],"wp:attachment":[{"href":"https:\/\/www.comunidadeativa.jor.br\/index.php\/wp-json\/wp\/v2\/media?parent=3236"}],"wp:term":[{"taxonomy":"category","embeddable":true,"href":"https:\/\/www.comunidadeativa.jor.br\/index.php\/wp-json\/wp\/v2\/categories?post=3236"},{"taxonomy":"post_tag","embeddable":true,"href":"https:\/\/www.comunidadeativa.jor.br\/index.php\/wp-json\/wp\/v2\/tags?post=3236"}],"curies":[{"name":"wp","href":"https:\/\/api.w.org\/{rel}","templated":true}]}}