{"id":3263,"date":"2022-11-17T12:04:00","date_gmt":"2022-11-17T15:04:00","guid":{"rendered":"https:\/\/www.comunidadeativa.jor.br\/?p=3263"},"modified":"2023-02-03T16:07:58","modified_gmt":"2023-02-03T19:07:58","slug":"assine-a-peticao-para-aumentar-a-seguranca-no-transito-na-vitorio-marcola","status":"publish","type":"post","link":"https:\/\/www.comunidadeativa.jor.br\/index.php\/2022\/11\/17\/assine-a-peticao-para-aumentar-a-seguranca-no-transito-na-vitorio-marcola\/","title":{"rendered":"Assine a peti\u00e7\u00e3o para aumentar a seguran\u00e7a no tr\u00e2nsito na Vit\u00f3rio Mar\u00e7ola!"},"content":{"rendered":"<p>O risco \u00e9 recorrente e amea\u00e7a todas as pessoas que circulam pelo local, mas tem causado preocupa\u00e7\u00e3o especial em familiares de alunos do Col\u00e9gio Arnaldo com rela\u00e7\u00e3o \u00e0 faixa de pedestres existente na Rua Vit\u00f3rio Mar\u00e7ola, em frente \u00e0 institui\u00e7\u00e3o. Ainda que haja um sem\u00e1foro naquele ponto, s\u00e3o frequentes os relatos sobre motoristas que desrespeitam a sinaliza\u00e7\u00e3o e avan\u00e7am o sinal, mesmo enquanto h\u00e1 algu\u00e9m est\u00e1 atravessando a rua.<\/p>\n<p>Segundo Carlos Alberto Resende, morador do Anchieta que tem filhos matriculados no Arnaldo, ele j\u00e1 viveu situa\u00e7\u00f5es tensas ali. \u201cPor umas tr\u00eas vezes, com o sinal liberado para o pedestre e eu atravessando com meus filhos, o carro avan\u00e7ou sobre a faixa e quase nos atropelou\u201d, conta.<\/p>\n<p>Tamb\u00e9m pai de alunos do Col\u00e9gio, Nelson Marinho \u00e9 outro morador do bairro que viveu situa\u00e7\u00f5es semelhantes. \u201cMuitos motoristas realmente n\u00e3o respeitam o sem\u00e1foro ali. Em hor\u00e1rios de entrada e de sa\u00edda de alunos, \u00e9 muito corriqueiro ver motoristas avan\u00e7ando o sinal vermelho. A situa\u00e7\u00e3o nos causa grande preocupa\u00e7\u00e3o. Eu n\u00e3o confio naquela faixa de pedestres\u201d, diz.<\/p>\n<h5>Eleva\u00e7\u00e3o<\/h5>\n<p>O entendimento de familiares de alunos que manifestaram a apreens\u00e3o coincide com o que pensam a Amoran e a dire\u00e7\u00e3o do Arnaldo sobre uma poss\u00edvel solu\u00e7\u00e3o para o problema, que estaria em elevar a faixa de pedestres e acrescentar a sinaliza\u00e7\u00e3o horizontal destacada \u2014 semelhante ao que existe em frente ao shopping da Rua Francisco Deslandes. A ideia foi motivo de conversa da Associa\u00e7\u00e3o com a BHTrans e deu origem \u00e0 formaliza\u00e7\u00e3o de dois pedidos do Arnaldo encaminhados \u00e0 empresa.<\/p>\n<p>\u201cQuando os t\u00e9cnicos da BHTrans estiveram vistoriando a regi\u00e3o, em agosto, conversamos sobre o problema. Falamos sobre a eleva\u00e7\u00e3o da travessia como algo que, acreditamos, possa ser a solu\u00e7\u00e3o. A via elevada torna a faixa de pedestres mais vis\u00edvel e obriga os motoristas a reduzirem a velocidade automaticamente\u201d, considera o presidente da Amoran, Carlos Alberto Rocha. O presidente ressalta que a comunidade pode fortalecer os pedidos que o Arnaldo encaminhou \u00e0 BHTrans, bastando assinar a peti\u00e7\u00e3o.<\/p>\n<h5>Peti\u00e7\u00e3o<\/h5>\n<p>\u201cEm sintonia, com o Col\u00e9gio, estamos promovendo um abaixo-assinado, que encaminharemos \u00e0 BHTrans para refor\u00e7ar o pedido de interven\u00e7\u00e3o. \u00c9 importante o apoio do maior n\u00famero poss\u00edvel de pessoas para a causa, que \u00e9 de interesse geral\u201d, destaca Carlos Alberto.<\/p>\n<p>Familiares de alunos do Arnaldo podem assinar a peti\u00e7\u00e3o f\u00edsica no pr\u00f3prio Col\u00e9gio. O documento f\u00edsico tamb\u00e9m pode ser assinado por qualquer pessoa, de segunda a sexta-feira, de 10h \u00e0s 12 e de 13 \u00e0s 16h, na sede da Amoran \u2014 Rua Itapema, 162, Anchieta. H\u00e1 tamb\u00e9m a vers\u00e3o virtual, que voc\u00ea pode acessar <a href=\"https:\/\/www.change.org\/p\/pela-eleva%C3%A7%C3%A3o-da-faixa-de-pedestres-do-col%C3%A9gio-arnaldo-na-vit%C3%B3rio-mar%C3%A7ola?recruiter=1282293273&amp;recruited_by_id=0472a210-54a2-11ed-b47a-cfa6203ec1d1&amp;utm_source=share_petition&amp;utm_medium=copylink&amp;utm_campaign=petition_dashboard\" target=\"_blank\" rel=\"noopener\">clicando aqui<\/a>.<\/p>\n","protected":false},"excerpt":{"rendered":"<p>O risco \u00e9 recorrente e amea\u00e7a todas as pessoas que circulam pelo local, mas tem causado preocupa\u00e7\u00e3o especial em familiares<\/p>\n","protected":false},"author":1,"featured_media":3264,"comment_status":"closed","ping_status":"open","sticky":false,"template":"","format":"standard","meta":{"footnotes":""},"categories":[5],"tags":[],"class_list":["post-3263","post","type-post","status-publish","format-standard","has-post-thumbnail","hentry","category-pelo-bairro"],"yoast_head":"<!-- This site is optimized with the Yoast SEO plugin v26.0 - https:\/\/yoast.com\/wordpress\/plugins\/seo\/ -->\n<title>Assine a peti\u00e7\u00e3o para aumentar a seguran\u00e7a no tr\u00e2nsito na Vit\u00f3rio Mar\u00e7ola! - Comunidade Ativa<\/title>\n<meta name=\"robots\" content=\"index, follow, max-snippet:-1, max-image-preview:large, max-video-preview:-1\" \/>\n<link rel=\"canonical\" href=\"https:\/\/www.comunidadeativa.jor.br\/index.php\/2022\/11\/17\/assine-a-peticao-para-aumentar-a-seguranca-no-transito-na-vitorio-marcola\/\" \/>\n<meta property=\"og:locale\" content=\"pt_BR\" \/>\n<meta property=\"og:type\" content=\"article\" \/>\n<meta property=\"og:title\" content=\"Assine a peti\u00e7\u00e3o para aumentar a seguran\u00e7a no tr\u00e2nsito na Vit\u00f3rio Mar\u00e7ola! - Comunidade Ativa\" \/>\n<meta property=\"og:description\" content=\"O risco \u00e9 recorrente e amea\u00e7a todas as pessoas que circulam pelo local, mas tem causado preocupa\u00e7\u00e3o especial em familiares\" \/>\n<meta property=\"og:url\" content=\"https:\/\/www.comunidadeativa.jor.br\/index.php\/2022\/11\/17\/assine-a-peticao-para-aumentar-a-seguranca-no-transito-na-vitorio-marcola\/\" \/>\n<meta property=\"og:site_name\" content=\"Comunidade Ativa\" \/>\n<meta property=\"article:publisher\" content=\"https:\/\/www.facebook.com\/comunidadeativa\" \/>\n<meta property=\"article:published_time\" content=\"2022-11-17T15:04:00+00:00\" \/>\n<meta property=\"article:modified_time\" content=\"2023-02-03T19:07:58+00:00\" \/>\n<meta property=\"og:image\" content=\"https:\/\/www.comunidadeativa.jor.br\/wp-content\/uploads\/2022\/11\/bairro-anchieta.jpg\" \/>\n\t<meta property=\"og:image:width\" content=\"640\" \/>\n\t<meta property=\"og:image:height\" content=\"352\" \/>\n\t<meta property=\"og:image:type\" content=\"image\/jpeg\" \/>\n<meta name=\"author\" content=\"Comunidade Ativa\" \/>\n<meta name=\"twitter:card\" content=\"summary_large_image\" \/>\n<meta name=\"twitter:label1\" content=\"Escrito por\" \/>\n\t<meta name=\"twitter:data1\" content=\"Comunidade Ativa\" \/>\n\t<meta name=\"twitter:label2\" content=\"Est. tempo de leitura\" \/>\n\t<meta name=\"twitter:data2\" content=\"2 minutos\" \/>\n<script type=\"application\/ld+json\" class=\"yoast-schema-graph\">{\"@context\":\"https:\/\/schema.org\",\"@graph\":[{\"@type\":\"Article\",\"@id\":\"https:\/\/www.comunidadeativa.jor.br\/index.php\/2022\/11\/17\/assine-a-peticao-para-aumentar-a-seguranca-no-transito-na-vitorio-marcola\/#article\",\"isPartOf\":{\"@id\":\"https:\/\/www.comunidadeativa.jor.br\/index.php\/2022\/11\/17\/assine-a-peticao-para-aumentar-a-seguranca-no-transito-na-vitorio-marcola\/\"},\"author\":{\"name\":\"Comunidade Ativa\",\"@id\":\"https:\/\/www.comunidadeativa.jor.br\/#\/schema\/person\/dcaa1f1c51c1f0c47a33b2b734cad6e1\"},\"headline\":\"Assine a peti\u00e7\u00e3o para aumentar a seguran\u00e7a no tr\u00e2nsito na Vit\u00f3rio Mar\u00e7ola!\",\"datePublished\":\"2022-11-17T15:04:00+00:00\",\"dateModified\":\"2023-02-03T19:07:58+00:00\",\"mainEntityOfPage\":{\"@id\":\"https:\/\/www.comunidadeativa.jor.br\/index.php\/2022\/11\/17\/assine-a-peticao-para-aumentar-a-seguranca-no-transito-na-vitorio-marcola\/\"},\"wordCount\":482,\"publisher\":{\"@id\":\"https:\/\/www.comunidadeativa.jor.br\/#organization\"},\"image\":{\"@id\":\"https:\/\/www.comunidadeativa.jor.br\/index.php\/2022\/11\/17\/assine-a-peticao-para-aumentar-a-seguranca-no-transito-na-vitorio-marcola\/#primaryimage\"},\"thumbnailUrl\":\"https:\/\/www.comunidadeativa.jor.br\/wp-content\/uploads\/2022\/11\/bairro-anchieta.jpg\",\"articleSection\":[\"Pelo bairro\"],\"inLanguage\":\"pt-BR\"},{\"@type\":\"WebPage\",\"@id\":\"https:\/\/www.comunidadeativa.jor.br\/index.php\/2022\/11\/17\/assine-a-peticao-para-aumentar-a-seguranca-no-transito-na-vitorio-marcola\/\",\"url\":\"https:\/\/www.comunidadeativa.jor.br\/index.php\/2022\/11\/17\/assine-a-peticao-para-aumentar-a-seguranca-no-transito-na-vitorio-marcola\/\",\"name\":\"Assine a peti\u00e7\u00e3o para aumentar a seguran\u00e7a no tr\u00e2nsito na Vit\u00f3rio Mar\u00e7ola! - Comunidade Ativa\",\"isPartOf\":{\"@id\":\"https:\/\/www.comunidadeativa.jor.br\/#website\"},\"primaryImageOfPage\":{\"@id\":\"https:\/\/www.comunidadeativa.jor.br\/index.php\/2022\/11\/17\/assine-a-peticao-para-aumentar-a-seguranca-no-transito-na-vitorio-marcola\/#primaryimage\"},\"image\":{\"@id\":\"https:\/\/www.comunidadeativa.jor.br\/index.php\/2022\/11\/17\/assine-a-peticao-para-aumentar-a-seguranca-no-transito-na-vitorio-marcola\/#primaryimage\"},\"thumbnailUrl\":\"https:\/\/www.comunidadeativa.jor.br\/wp-content\/uploads\/2022\/11\/bairro-anchieta.jpg\",\"datePublished\":\"2022-11-17T15:04:00+00:00\",\"dateModified\":\"2023-02-03T19:07:58+00:00\",\"breadcrumb\":{\"@id\":\"https:\/\/www.comunidadeativa.jor.br\/index.php\/2022\/11\/17\/assine-a-peticao-para-aumentar-a-seguranca-no-transito-na-vitorio-marcola\/#breadcrumb\"},\"inLanguage\":\"pt-BR\",\"potentialAction\":[{\"@type\":\"ReadAction\",\"target\":[\"https:\/\/www.comunidadeativa.jor.br\/index.php\/2022\/11\/17\/assine-a-peticao-para-aumentar-a-seguranca-no-transito-na-vitorio-marcola\/\"]}]},{\"@type\":\"ImageObject\",\"inLanguage\":\"pt-BR\",\"@id\":\"https:\/\/www.comunidadeativa.jor.br\/index.php\/2022\/11\/17\/assine-a-peticao-para-aumentar-a-seguranca-no-transito-na-vitorio-marcola\/#primaryimage\",\"url\":\"https:\/\/www.comunidadeativa.jor.br\/wp-content\/uploads\/2022\/11\/bairro-anchieta.jpg\",\"contentUrl\":\"https:\/\/www.comunidadeativa.jor.br\/wp-content\/uploads\/2022\/11\/bairro-anchieta.jpg\",\"width\":640,\"height\":352},{\"@type\":\"BreadcrumbList\",\"@id\":\"https:\/\/www.comunidadeativa.jor.br\/index.php\/2022\/11\/17\/assine-a-peticao-para-aumentar-a-seguranca-no-transito-na-vitorio-marcola\/#breadcrumb\",\"itemListElement\":[{\"@type\":\"ListItem\",\"position\":1,\"name\":\"In\u00edcio\",\"item\":\"https:\/\/www.comunidadeativa.jor.br\/\"},{\"@type\":\"ListItem\",\"position\":2,\"name\":\"Assine a peti\u00e7\u00e3o para aumentar a seguran\u00e7a no tr\u00e2nsito na Vit\u00f3rio Mar\u00e7ola!\"}]},{\"@type\":\"WebSite\",\"@id\":\"https:\/\/www.comunidadeativa.jor.br\/#website\",\"url\":\"https:\/\/www.comunidadeativa.jor.br\/\",\"name\":\"Comunidade Ativa\",\"description\":\"\",\"publisher\":{\"@id\":\"https:\/\/www.comunidadeativa.jor.br\/#organization\"},\"potentialAction\":[{\"@type\":\"SearchAction\",\"target\":{\"@type\":\"EntryPoint\",\"urlTemplate\":\"https:\/\/www.comunidadeativa.jor.br\/?s={search_term_string}\"},\"query-input\":{\"@type\":\"PropertyValueSpecification\",\"valueRequired\":true,\"valueName\":\"search_term_string\"}}],\"inLanguage\":\"pt-BR\"},{\"@type\":\"Organization\",\"@id\":\"https:\/\/www.comunidadeativa.jor.br\/#organization\",\"name\":\"Comunidade Ativa\",\"url\":\"https:\/\/www.comunidadeativa.jor.br\/\",\"logo\":{\"@type\":\"ImageObject\",\"inLanguage\":\"pt-BR\",\"@id\":\"https:\/\/www.comunidadeativa.jor.br\/#\/schema\/logo\/image\/\",\"url\":\"https:\/\/www.comunidadeativa.jor.br\/wp-content\/uploads\/2018\/03\/cropped-LOGOPNG-1.png\",\"contentUrl\":\"https:\/\/www.comunidadeativa.jor.br\/wp-content\/uploads\/2018\/03\/cropped-LOGOPNG-1.png\",\"width\":318,\"height\":90,\"caption\":\"Comunidade Ativa\"},\"image\":{\"@id\":\"https:\/\/www.comunidadeativa.jor.br\/#\/schema\/logo\/image\/\"},\"sameAs\":[\"https:\/\/www.facebook.com\/comunidadeativa\"]},{\"@type\":\"Person\",\"@id\":\"https:\/\/www.comunidadeativa.jor.br\/#\/schema\/person\/dcaa1f1c51c1f0c47a33b2b734cad6e1\",\"name\":\"Comunidade Ativa\",\"image\":{\"@type\":\"ImageObject\",\"inLanguage\":\"pt-BR\",\"@id\":\"https:\/\/www.comunidadeativa.jor.br\/#\/schema\/person\/image\/\",\"url\":\"https:\/\/secure.gravatar.com\/avatar\/09a9a1f85fedf41e81b47f7c1d40084f?s=96&d=mm&r=g\",\"contentUrl\":\"https:\/\/secure.gravatar.com\/avatar\/09a9a1f85fedf41e81b47f7c1d40084f?s=96&d=mm&r=g\",\"caption\":\"Comunidade Ativa\"},\"url\":\"https:\/\/www.comunidadeativa.jor.br\/index.php\/author\/casalberto\/\"}]}<\/script>\n<!-- \/ Yoast SEO plugin. -->","yoast_head_json":{"title":"Assine a peti\u00e7\u00e3o para aumentar a seguran\u00e7a no tr\u00e2nsito na Vit\u00f3rio Mar\u00e7ola! - Comunidade Ativa","robots":{"index":"index","follow":"follow","max-snippet":"max-snippet:-1","max-image-preview":"max-image-preview:large","max-video-preview":"max-video-preview:-1"},"canonical":"https:\/\/www.comunidadeativa.jor.br\/index.php\/2022\/11\/17\/assine-a-peticao-para-aumentar-a-seguranca-no-transito-na-vitorio-marcola\/","og_locale":"pt_BR","og_type":"article","og_title":"Assine a peti\u00e7\u00e3o para aumentar a seguran\u00e7a no tr\u00e2nsito na Vit\u00f3rio Mar\u00e7ola! - Comunidade Ativa","og_description":"O risco \u00e9 recorrente e amea\u00e7a todas as pessoas que circulam pelo local, mas tem causado preocupa\u00e7\u00e3o especial em familiares","og_url":"https:\/\/www.comunidadeativa.jor.br\/index.php\/2022\/11\/17\/assine-a-peticao-para-aumentar-a-seguranca-no-transito-na-vitorio-marcola\/","og_site_name":"Comunidade Ativa","article_publisher":"https:\/\/www.facebook.com\/comunidadeativa","article_published_time":"2022-11-17T15:04:00+00:00","article_modified_time":"2023-02-03T19:07:58+00:00","og_image":[{"width":640,"height":352,"url":"https:\/\/www.comunidadeativa.jor.br\/wp-content\/uploads\/2022\/11\/bairro-anchieta.jpg","type":"image\/jpeg"}],"author":"Comunidade Ativa","twitter_card":"summary_large_image","twitter_misc":{"Escrito por":"Comunidade Ativa","Est. tempo de leitura":"2 minutos"},"schema":{"@context":"https:\/\/schema.org","@graph":[{"@type":"Article","@id":"https:\/\/www.comunidadeativa.jor.br\/index.php\/2022\/11\/17\/assine-a-peticao-para-aumentar-a-seguranca-no-transito-na-vitorio-marcola\/#article","isPartOf":{"@id":"https:\/\/www.comunidadeativa.jor.br\/index.php\/2022\/11\/17\/assine-a-peticao-para-aumentar-a-seguranca-no-transito-na-vitorio-marcola\/"},"author":{"name":"Comunidade Ativa","@id":"https:\/\/www.comunidadeativa.jor.br\/#\/schema\/person\/dcaa1f1c51c1f0c47a33b2b734cad6e1"},"headline":"Assine a peti\u00e7\u00e3o para aumentar a seguran\u00e7a no tr\u00e2nsito na Vit\u00f3rio Mar\u00e7ola!","datePublished":"2022-11-17T15:04:00+00:00","dateModified":"2023-02-03T19:07:58+00:00","mainEntityOfPage":{"@id":"https:\/\/www.comunidadeativa.jor.br\/index.php\/2022\/11\/17\/assine-a-peticao-para-aumentar-a-seguranca-no-transito-na-vitorio-marcola\/"},"wordCount":482,"publisher":{"@id":"https:\/\/www.comunidadeativa.jor.br\/#organization"},"image":{"@id":"https:\/\/www.comunidadeativa.jor.br\/index.php\/2022\/11\/17\/assine-a-peticao-para-aumentar-a-seguranca-no-transito-na-vitorio-marcola\/#primaryimage"},"thumbnailUrl":"https:\/\/www.comunidadeativa.jor.br\/wp-content\/uploads\/2022\/11\/bairro-anchieta.jpg","articleSection":["Pelo bairro"],"inLanguage":"pt-BR"},{"@type":"WebPage","@id":"https:\/\/www.comunidadeativa.jor.br\/index.php\/2022\/11\/17\/assine-a-peticao-para-aumentar-a-seguranca-no-transito-na-vitorio-marcola\/","url":"https:\/\/www.comunidadeativa.jor.br\/index.php\/2022\/11\/17\/assine-a-peticao-para-aumentar-a-seguranca-no-transito-na-vitorio-marcola\/","name":"Assine a peti\u00e7\u00e3o para aumentar a seguran\u00e7a no tr\u00e2nsito na Vit\u00f3rio Mar\u00e7ola! - Comunidade Ativa","isPartOf":{"@id":"https:\/\/www.comunidadeativa.jor.br\/#website"},"primaryImageOfPage":{"@id":"https:\/\/www.comunidadeativa.jor.br\/index.php\/2022\/11\/17\/assine-a-peticao-para-aumentar-a-seguranca-no-transito-na-vitorio-marcola\/#primaryimage"},"image":{"@id":"https:\/\/www.comunidadeativa.jor.br\/index.php\/2022\/11\/17\/assine-a-peticao-para-aumentar-a-seguranca-no-transito-na-vitorio-marcola\/#primaryimage"},"thumbnailUrl":"https:\/\/www.comunidadeativa.jor.br\/wp-content\/uploads\/2022\/11\/bairro-anchieta.jpg","datePublished":"2022-11-17T15:04:00+00:00","dateModified":"2023-02-03T19:07:58+00:00","breadcrumb":{"@id":"https:\/\/www.comunidadeativa.jor.br\/index.php\/2022\/11\/17\/assine-a-peticao-para-aumentar-a-seguranca-no-transito-na-vitorio-marcola\/#breadcrumb"},"inLanguage":"pt-BR","potentialAction":[{"@type":"ReadAction","target":["https:\/\/www.comunidadeativa.jor.br\/index.php\/2022\/11\/17\/assine-a-peticao-para-aumentar-a-seguranca-no-transito-na-vitorio-marcola\/"]}]},{"@type":"ImageObject","inLanguage":"pt-BR","@id":"https:\/\/www.comunidadeativa.jor.br\/index.php\/2022\/11\/17\/assine-a-peticao-para-aumentar-a-seguranca-no-transito-na-vitorio-marcola\/#primaryimage","url":"https:\/\/www.comunidadeativa.jor.br\/wp-content\/uploads\/2022\/11\/bairro-anchieta.jpg","contentUrl":"https:\/\/www.comunidadeativa.jor.br\/wp-content\/uploads\/2022\/11\/bairro-anchieta.jpg","width":640,"height":352},{"@type":"BreadcrumbList","@id":"https:\/\/www.comunidadeativa.jor.br\/index.php\/2022\/11\/17\/assine-a-peticao-para-aumentar-a-seguranca-no-transito-na-vitorio-marcola\/#breadcrumb","itemListElement":[{"@type":"ListItem","position":1,"name":"In\u00edcio","item":"https:\/\/www.comunidadeativa.jor.br\/"},{"@type":"ListItem","position":2,"name":"Assine a peti\u00e7\u00e3o para aumentar a seguran\u00e7a no tr\u00e2nsito na Vit\u00f3rio Mar\u00e7ola!"}]},{"@type":"WebSite","@id":"https:\/\/www.comunidadeativa.jor.br\/#website","url":"https:\/\/www.comunidadeativa.jor.br\/","name":"Comunidade Ativa","description":"","publisher":{"@id":"https:\/\/www.comunidadeativa.jor.br\/#organization"},"potentialAction":[{"@type":"SearchAction","target":{"@type":"EntryPoint","urlTemplate":"https:\/\/www.comunidadeativa.jor.br\/?s={search_term_string}"},"query-input":{"@type":"PropertyValueSpecification","valueRequired":true,"valueName":"search_term_string"}}],"inLanguage":"pt-BR"},{"@type":"Organization","@id":"https:\/\/www.comunidadeativa.jor.br\/#organization","name":"Comunidade Ativa","url":"https:\/\/www.comunidadeativa.jor.br\/","logo":{"@type":"ImageObject","inLanguage":"pt-BR","@id":"https:\/\/www.comunidadeativa.jor.br\/#\/schema\/logo\/image\/","url":"https:\/\/www.comunidadeativa.jor.br\/wp-content\/uploads\/2018\/03\/cropped-LOGOPNG-1.png","contentUrl":"https:\/\/www.comunidadeativa.jor.br\/wp-content\/uploads\/2018\/03\/cropped-LOGOPNG-1.png","width":318,"height":90,"caption":"Comunidade Ativa"},"image":{"@id":"https:\/\/www.comunidadeativa.jor.br\/#\/schema\/logo\/image\/"},"sameAs":["https:\/\/www.facebook.com\/comunidadeativa"]},{"@type":"Person","@id":"https:\/\/www.comunidadeativa.jor.br\/#\/schema\/person\/dcaa1f1c51c1f0c47a33b2b734cad6e1","name":"Comunidade Ativa","image":{"@type":"ImageObject","inLanguage":"pt-BR","@id":"https:\/\/www.comunidadeativa.jor.br\/#\/schema\/person\/image\/","url":"https:\/\/secure.gravatar.com\/avatar\/09a9a1f85fedf41e81b47f7c1d40084f?s=96&d=mm&r=g","contentUrl":"https:\/\/secure.gravatar.com\/avatar\/09a9a1f85fedf41e81b47f7c1d40084f?s=96&d=mm&r=g","caption":"Comunidade Ativa"},"url":"https:\/\/www.comunidadeativa.jor.br\/index.php\/author\/casalberto\/"}]}},"_links":{"self":[{"href":"https:\/\/www.comunidadeativa.jor.br\/index.php\/wp-json\/wp\/v2\/posts\/3263","targetHints":{"allow":["GET"]}}],"collection":[{"href":"https:\/\/www.comunidadeativa.jor.br\/index.php\/wp-json\/wp\/v2\/posts"}],"about":[{"href":"https:\/\/www.comunidadeativa.jor.br\/index.php\/wp-json\/wp\/v2\/types\/post"}],"author":[{"embeddable":true,"href":"https:\/\/www.comunidadeativa.jor.br\/index.php\/wp-json\/wp\/v2\/users\/1"}],"replies":[{"embeddable":true,"href":"https:\/\/www.comunidadeativa.jor.br\/index.php\/wp-json\/wp\/v2\/comments?post=3263"}],"version-history":[{"count":1,"href":"https:\/\/www.comunidadeativa.jor.br\/index.php\/wp-json\/wp\/v2\/posts\/3263\/revisions"}],"predecessor-version":[{"id":3265,"href":"https:\/\/www.comunidadeativa.jor.br\/index.php\/wp-json\/wp\/v2\/posts\/3263\/revisions\/3265"}],"wp:featuredmedia":[{"embeddable":true,"href":"https:\/\/www.comunidadeativa.jor.br\/index.php\/wp-json\/wp\/v2\/media\/3264"}],"wp:attachment":[{"href":"https:\/\/www.comunidadeativa.jor.br\/index.php\/wp-json\/wp\/v2\/media?parent=3263"}],"wp:term":[{"taxonomy":"category","embeddable":true,"href":"https:\/\/www.comunidadeativa.jor.br\/index.php\/wp-json\/wp\/v2\/categories?post=3263"},{"taxonomy":"post_tag","embeddable":true,"href":"https:\/\/www.comunidadeativa.jor.br\/index.php\/wp-json\/wp\/v2\/tags?post=3263"}],"curies":[{"name":"wp","href":"https:\/\/api.w.org\/{rel}","templated":true}]}}