{"id":3273,"date":"2022-11-04T12:39:40","date_gmt":"2022-11-04T15:39:40","guid":{"rendered":"https:\/\/www.comunidadeativa.jor.br\/?p=3273"},"modified":"2023-08-15T17:39:44","modified_gmt":"2023-08-15T20:39:44","slug":"conheca-a-liberacao-miofascial-a-massagem-que-combate-a-dor","status":"publish","type":"post","link":"https:\/\/www.comunidadeativa.jor.br\/index.php\/2022\/11\/04\/conheca-a-liberacao-miofascial-a-massagem-que-combate-a-dor\/","title":{"rendered":"Conhe\u00e7a a libera\u00e7\u00e3o miofascial, a massagem que combate a dor"},"content":{"rendered":"<p>A partir do grego, o termo mio remete aos m\u00fasculos do corpo, enquanto f\u00e1scia, de origem latina, refere-se ao tecido fibroso que envolve os m\u00fasculos. O procedimento de libera\u00e7\u00e3o miofascial, portanto, tem a fun\u00e7\u00e3o de liberar esse tecido por meio de massagem que leva ao al\u00edvio da musculatura.<\/p>\n<h5>Causas da dor<\/h5>\n<p>Os treinos exagerados, estresse e m\u00e1 postura s\u00e3o causas de altera\u00e7\u00f5es na f\u00e1scia, que ocasionam press\u00e3o excessiva do tecido sobre os nervos e sobre os m\u00fasculos. Com isso, h\u00e1 a redu\u00e7\u00e3o da flexibilidade e da elasticidade da musculatura, prejudicando a coordena\u00e7\u00e3o e causando mal-estar na pessoa.<\/p>\n<p>A rea\u00e7\u00e3o do corpo nessas horas \u00e9 de formar os chamados n\u00f3dulos, que criam pontos onde se acumulam toxinas. Da\u00ed, surgem as dores, que podem ser dissipadas pela massagem de libera\u00e7\u00e3o miofascial. O processo favorece ainda o relaxamento muscular e melhora a mobilidade das articula\u00e7\u00f5es.<\/p>\n<h5>Massagem<\/h5>\n<p>Em grande parte das vezes, a libera\u00e7\u00e3o miofascial \u00e9 realizada com massagem manual, por meio da manipula\u00e7\u00e3o dos tecidos, al\u00e9m de press\u00f5es, apoios e deslizamentos das m\u00e3os. O profissional de fisioterapia tamb\u00e9m pode utilizar acess\u00f3rios que ajudem na libera\u00e7\u00e3o e na dosagem da press\u00e3o exercida.<\/p>\n<p>Existe tamb\u00e9m a possibilidade de o processo ser realizado pela pr\u00f3pria pessoa, utilizando bolas de t\u00eanis e rolos de espuma, mas \u00e9 sempre recomend\u00e1vel buscar uma orienta\u00e7\u00e3o especializada para esses casos. \u00c9 preciso considerar que uma les\u00e3o tratada de maneira errada pode vir a se agravar.<\/p>\n<h5>Cuidados<\/h5>\n<p>Al\u00e9m disso, o procedimento \u00e9 contraindicado para determinadas situa\u00e7\u00f5es em que haja problemas circulat\u00f3rios ou em que a pessoa seja hipersens\u00edvel \u00e0 dor. Les\u00f5es musculares, hematomas, gravidez no primeiro trimestre e uso de medicamentos anticoagulantes tamb\u00e9m s\u00e3o motivos de contraindica\u00e7\u00e3o do tratamento.<\/p>\n<p>Portanto, o ideal \u00e9 que, antes de iniciar a massagem, o paciente passe por uma an\u00e1lise criteriosa, que deve ser feita por um profissional habilitado para esta fun\u00e7\u00e3o.<\/p>\n","protected":false},"excerpt":{"rendered":"<p>A partir do grego, o termo mio remete aos m\u00fasculos do corpo, enquanto f\u00e1scia, de origem latina, refere-se ao tecido<\/p>\n","protected":false},"author":1,"featured_media":3274,"comment_status":"closed","ping_status":"open","sticky":false,"template":"","format":"standard","meta":{"footnotes":""},"categories":[9],"tags":[],"class_list":["post-3273","post","type-post","status-publish","format-standard","has-post-thumbnail","hentry","category-saude-qualidade-de-vida"],"yoast_head":"<!-- This site is optimized with the Yoast SEO plugin v26.0 - https:\/\/yoast.com\/wordpress\/plugins\/seo\/ -->\n<title>Conhe\u00e7a a libera\u00e7\u00e3o miofascial, a massagem que combate a dor - Comunidade Ativa<\/title>\n<meta name=\"robots\" content=\"index, follow, max-snippet:-1, max-image-preview:large, max-video-preview:-1\" \/>\n<link rel=\"canonical\" href=\"https:\/\/www.comunidadeativa.jor.br\/index.php\/2022\/11\/04\/conheca-a-liberacao-miofascial-a-massagem-que-combate-a-dor\/\" \/>\n<meta property=\"og:locale\" content=\"pt_BR\" \/>\n<meta property=\"og:type\" content=\"article\" \/>\n<meta property=\"og:title\" content=\"Conhe\u00e7a a libera\u00e7\u00e3o miofascial, a massagem que combate a dor - Comunidade Ativa\" \/>\n<meta property=\"og:description\" content=\"A partir do grego, o termo mio remete aos m\u00fasculos do corpo, enquanto f\u00e1scia, de origem latina, refere-se ao tecido\" \/>\n<meta property=\"og:url\" content=\"https:\/\/www.comunidadeativa.jor.br\/index.php\/2022\/11\/04\/conheca-a-liberacao-miofascial-a-massagem-que-combate-a-dor\/\" \/>\n<meta property=\"og:site_name\" content=\"Comunidade Ativa\" \/>\n<meta property=\"article:publisher\" content=\"https:\/\/www.facebook.com\/comunidadeativa\" \/>\n<meta property=\"article:published_time\" content=\"2022-11-04T15:39:40+00:00\" \/>\n<meta property=\"article:modified_time\" content=\"2023-08-15T20:39:44+00:00\" \/>\n<meta property=\"og:image\" content=\"https:\/\/www.comunidadeativa.jor.br\/wp-content\/uploads\/2022\/11\/massagem.jpg\" \/>\n\t<meta property=\"og:image:width\" content=\"640\" \/>\n\t<meta property=\"og:image:height\" content=\"352\" \/>\n\t<meta property=\"og:image:type\" content=\"image\/jpeg\" \/>\n<meta name=\"author\" content=\"Comunidade Ativa\" \/>\n<meta name=\"twitter:card\" content=\"summary_large_image\" \/>\n<meta name=\"twitter:label1\" content=\"Escrito por\" \/>\n\t<meta name=\"twitter:data1\" content=\"Comunidade Ativa\" \/>\n\t<meta name=\"twitter:label2\" content=\"Est. tempo de leitura\" \/>\n\t<meta name=\"twitter:data2\" content=\"2 minutos\" \/>\n<script type=\"application\/ld+json\" class=\"yoast-schema-graph\">{\"@context\":\"https:\/\/schema.org\",\"@graph\":[{\"@type\":\"Article\",\"@id\":\"https:\/\/www.comunidadeativa.jor.br\/index.php\/2022\/11\/04\/conheca-a-liberacao-miofascial-a-massagem-que-combate-a-dor\/#article\",\"isPartOf\":{\"@id\":\"https:\/\/www.comunidadeativa.jor.br\/index.php\/2022\/11\/04\/conheca-a-liberacao-miofascial-a-massagem-que-combate-a-dor\/\"},\"author\":{\"name\":\"Comunidade Ativa\",\"@id\":\"https:\/\/www.comunidadeativa.jor.br\/#\/schema\/person\/dcaa1f1c51c1f0c47a33b2b734cad6e1\"},\"headline\":\"Conhe\u00e7a a libera\u00e7\u00e3o miofascial, a massagem que combate a dor\",\"datePublished\":\"2022-11-04T15:39:40+00:00\",\"dateModified\":\"2023-08-15T20:39:44+00:00\",\"mainEntityOfPage\":{\"@id\":\"https:\/\/www.comunidadeativa.jor.br\/index.php\/2022\/11\/04\/conheca-a-liberacao-miofascial-a-massagem-que-combate-a-dor\/\"},\"wordCount\":352,\"publisher\":{\"@id\":\"https:\/\/www.comunidadeativa.jor.br\/#organization\"},\"image\":{\"@id\":\"https:\/\/www.comunidadeativa.jor.br\/index.php\/2022\/11\/04\/conheca-a-liberacao-miofascial-a-massagem-que-combate-a-dor\/#primaryimage\"},\"thumbnailUrl\":\"https:\/\/www.comunidadeativa.jor.br\/wp-content\/uploads\/2022\/11\/massagem.jpg\",\"articleSection\":[\"Sa\u00fade &amp; Qualidade de Vida\"],\"inLanguage\":\"pt-BR\"},{\"@type\":\"WebPage\",\"@id\":\"https:\/\/www.comunidadeativa.jor.br\/index.php\/2022\/11\/04\/conheca-a-liberacao-miofascial-a-massagem-que-combate-a-dor\/\",\"url\":\"https:\/\/www.comunidadeativa.jor.br\/index.php\/2022\/11\/04\/conheca-a-liberacao-miofascial-a-massagem-que-combate-a-dor\/\",\"name\":\"Conhe\u00e7a a libera\u00e7\u00e3o miofascial, a massagem que combate a dor - Comunidade Ativa\",\"isPartOf\":{\"@id\":\"https:\/\/www.comunidadeativa.jor.br\/#website\"},\"primaryImageOfPage\":{\"@id\":\"https:\/\/www.comunidadeativa.jor.br\/index.php\/2022\/11\/04\/conheca-a-liberacao-miofascial-a-massagem-que-combate-a-dor\/#primaryimage\"},\"image\":{\"@id\":\"https:\/\/www.comunidadeativa.jor.br\/index.php\/2022\/11\/04\/conheca-a-liberacao-miofascial-a-massagem-que-combate-a-dor\/#primaryimage\"},\"thumbnailUrl\":\"https:\/\/www.comunidadeativa.jor.br\/wp-content\/uploads\/2022\/11\/massagem.jpg\",\"datePublished\":\"2022-11-04T15:39:40+00:00\",\"dateModified\":\"2023-08-15T20:39:44+00:00\",\"breadcrumb\":{\"@id\":\"https:\/\/www.comunidadeativa.jor.br\/index.php\/2022\/11\/04\/conheca-a-liberacao-miofascial-a-massagem-que-combate-a-dor\/#breadcrumb\"},\"inLanguage\":\"pt-BR\",\"potentialAction\":[{\"@type\":\"ReadAction\",\"target\":[\"https:\/\/www.comunidadeativa.jor.br\/index.php\/2022\/11\/04\/conheca-a-liberacao-miofascial-a-massagem-que-combate-a-dor\/\"]}]},{\"@type\":\"ImageObject\",\"inLanguage\":\"pt-BR\",\"@id\":\"https:\/\/www.comunidadeativa.jor.br\/index.php\/2022\/11\/04\/conheca-a-liberacao-miofascial-a-massagem-que-combate-a-dor\/#primaryimage\",\"url\":\"https:\/\/www.comunidadeativa.jor.br\/wp-content\/uploads\/2022\/11\/massagem.jpg\",\"contentUrl\":\"https:\/\/www.comunidadeativa.jor.br\/wp-content\/uploads\/2022\/11\/massagem.jpg\",\"width\":640,\"height\":352},{\"@type\":\"BreadcrumbList\",\"@id\":\"https:\/\/www.comunidadeativa.jor.br\/index.php\/2022\/11\/04\/conheca-a-liberacao-miofascial-a-massagem-que-combate-a-dor\/#breadcrumb\",\"itemListElement\":[{\"@type\":\"ListItem\",\"position\":1,\"name\":\"In\u00edcio\",\"item\":\"https:\/\/www.comunidadeativa.jor.br\/\"},{\"@type\":\"ListItem\",\"position\":2,\"name\":\"Conhe\u00e7a a libera\u00e7\u00e3o miofascial, a massagem que combate a dor\"}]},{\"@type\":\"WebSite\",\"@id\":\"https:\/\/www.comunidadeativa.jor.br\/#website\",\"url\":\"https:\/\/www.comunidadeativa.jor.br\/\",\"name\":\"Comunidade Ativa\",\"description\":\"\",\"publisher\":{\"@id\":\"https:\/\/www.comunidadeativa.jor.br\/#organization\"},\"potentialAction\":[{\"@type\":\"SearchAction\",\"target\":{\"@type\":\"EntryPoint\",\"urlTemplate\":\"https:\/\/www.comunidadeativa.jor.br\/?s={search_term_string}\"},\"query-input\":{\"@type\":\"PropertyValueSpecification\",\"valueRequired\":true,\"valueName\":\"search_term_string\"}}],\"inLanguage\":\"pt-BR\"},{\"@type\":\"Organization\",\"@id\":\"https:\/\/www.comunidadeativa.jor.br\/#organization\",\"name\":\"Comunidade Ativa\",\"url\":\"https:\/\/www.comunidadeativa.jor.br\/\",\"logo\":{\"@type\":\"ImageObject\",\"inLanguage\":\"pt-BR\",\"@id\":\"https:\/\/www.comunidadeativa.jor.br\/#\/schema\/logo\/image\/\",\"url\":\"https:\/\/www.comunidadeativa.jor.br\/wp-content\/uploads\/2018\/03\/cropped-LOGOPNG-1.png\",\"contentUrl\":\"https:\/\/www.comunidadeativa.jor.br\/wp-content\/uploads\/2018\/03\/cropped-LOGOPNG-1.png\",\"width\":318,\"height\":90,\"caption\":\"Comunidade Ativa\"},\"image\":{\"@id\":\"https:\/\/www.comunidadeativa.jor.br\/#\/schema\/logo\/image\/\"},\"sameAs\":[\"https:\/\/www.facebook.com\/comunidadeativa\"]},{\"@type\":\"Person\",\"@id\":\"https:\/\/www.comunidadeativa.jor.br\/#\/schema\/person\/dcaa1f1c51c1f0c47a33b2b734cad6e1\",\"name\":\"Comunidade Ativa\",\"image\":{\"@type\":\"ImageObject\",\"inLanguage\":\"pt-BR\",\"@id\":\"https:\/\/www.comunidadeativa.jor.br\/#\/schema\/person\/image\/\",\"url\":\"https:\/\/secure.gravatar.com\/avatar\/09a9a1f85fedf41e81b47f7c1d40084f?s=96&d=mm&r=g\",\"contentUrl\":\"https:\/\/secure.gravatar.com\/avatar\/09a9a1f85fedf41e81b47f7c1d40084f?s=96&d=mm&r=g\",\"caption\":\"Comunidade Ativa\"},\"url\":\"https:\/\/www.comunidadeativa.jor.br\/index.php\/author\/casalberto\/\"}]}<\/script>\n<!-- \/ Yoast SEO plugin. -->","yoast_head_json":{"title":"Conhe\u00e7a a libera\u00e7\u00e3o miofascial, a massagem que combate a dor - Comunidade Ativa","robots":{"index":"index","follow":"follow","max-snippet":"max-snippet:-1","max-image-preview":"max-image-preview:large","max-video-preview":"max-video-preview:-1"},"canonical":"https:\/\/www.comunidadeativa.jor.br\/index.php\/2022\/11\/04\/conheca-a-liberacao-miofascial-a-massagem-que-combate-a-dor\/","og_locale":"pt_BR","og_type":"article","og_title":"Conhe\u00e7a a libera\u00e7\u00e3o miofascial, a massagem que combate a dor - Comunidade Ativa","og_description":"A partir do grego, o termo mio remete aos m\u00fasculos do corpo, enquanto f\u00e1scia, de origem latina, refere-se ao tecido","og_url":"https:\/\/www.comunidadeativa.jor.br\/index.php\/2022\/11\/04\/conheca-a-liberacao-miofascial-a-massagem-que-combate-a-dor\/","og_site_name":"Comunidade Ativa","article_publisher":"https:\/\/www.facebook.com\/comunidadeativa","article_published_time":"2022-11-04T15:39:40+00:00","article_modified_time":"2023-08-15T20:39:44+00:00","og_image":[{"width":640,"height":352,"url":"https:\/\/www.comunidadeativa.jor.br\/wp-content\/uploads\/2022\/11\/massagem.jpg","type":"image\/jpeg"}],"author":"Comunidade Ativa","twitter_card":"summary_large_image","twitter_misc":{"Escrito por":"Comunidade Ativa","Est. tempo de leitura":"2 minutos"},"schema":{"@context":"https:\/\/schema.org","@graph":[{"@type":"Article","@id":"https:\/\/www.comunidadeativa.jor.br\/index.php\/2022\/11\/04\/conheca-a-liberacao-miofascial-a-massagem-que-combate-a-dor\/#article","isPartOf":{"@id":"https:\/\/www.comunidadeativa.jor.br\/index.php\/2022\/11\/04\/conheca-a-liberacao-miofascial-a-massagem-que-combate-a-dor\/"},"author":{"name":"Comunidade Ativa","@id":"https:\/\/www.comunidadeativa.jor.br\/#\/schema\/person\/dcaa1f1c51c1f0c47a33b2b734cad6e1"},"headline":"Conhe\u00e7a a libera\u00e7\u00e3o miofascial, a massagem que combate a dor","datePublished":"2022-11-04T15:39:40+00:00","dateModified":"2023-08-15T20:39:44+00:00","mainEntityOfPage":{"@id":"https:\/\/www.comunidadeativa.jor.br\/index.php\/2022\/11\/04\/conheca-a-liberacao-miofascial-a-massagem-que-combate-a-dor\/"},"wordCount":352,"publisher":{"@id":"https:\/\/www.comunidadeativa.jor.br\/#organization"},"image":{"@id":"https:\/\/www.comunidadeativa.jor.br\/index.php\/2022\/11\/04\/conheca-a-liberacao-miofascial-a-massagem-que-combate-a-dor\/#primaryimage"},"thumbnailUrl":"https:\/\/www.comunidadeativa.jor.br\/wp-content\/uploads\/2022\/11\/massagem.jpg","articleSection":["Sa\u00fade &amp; Qualidade de Vida"],"inLanguage":"pt-BR"},{"@type":"WebPage","@id":"https:\/\/www.comunidadeativa.jor.br\/index.php\/2022\/11\/04\/conheca-a-liberacao-miofascial-a-massagem-que-combate-a-dor\/","url":"https:\/\/www.comunidadeativa.jor.br\/index.php\/2022\/11\/04\/conheca-a-liberacao-miofascial-a-massagem-que-combate-a-dor\/","name":"Conhe\u00e7a a libera\u00e7\u00e3o miofascial, a massagem que combate a dor - Comunidade Ativa","isPartOf":{"@id":"https:\/\/www.comunidadeativa.jor.br\/#website"},"primaryImageOfPage":{"@id":"https:\/\/www.comunidadeativa.jor.br\/index.php\/2022\/11\/04\/conheca-a-liberacao-miofascial-a-massagem-que-combate-a-dor\/#primaryimage"},"image":{"@id":"https:\/\/www.comunidadeativa.jor.br\/index.php\/2022\/11\/04\/conheca-a-liberacao-miofascial-a-massagem-que-combate-a-dor\/#primaryimage"},"thumbnailUrl":"https:\/\/www.comunidadeativa.jor.br\/wp-content\/uploads\/2022\/11\/massagem.jpg","datePublished":"2022-11-04T15:39:40+00:00","dateModified":"2023-08-15T20:39:44+00:00","breadcrumb":{"@id":"https:\/\/www.comunidadeativa.jor.br\/index.php\/2022\/11\/04\/conheca-a-liberacao-miofascial-a-massagem-que-combate-a-dor\/#breadcrumb"},"inLanguage":"pt-BR","potentialAction":[{"@type":"ReadAction","target":["https:\/\/www.comunidadeativa.jor.br\/index.php\/2022\/11\/04\/conheca-a-liberacao-miofascial-a-massagem-que-combate-a-dor\/"]}]},{"@type":"ImageObject","inLanguage":"pt-BR","@id":"https:\/\/www.comunidadeativa.jor.br\/index.php\/2022\/11\/04\/conheca-a-liberacao-miofascial-a-massagem-que-combate-a-dor\/#primaryimage","url":"https:\/\/www.comunidadeativa.jor.br\/wp-content\/uploads\/2022\/11\/massagem.jpg","contentUrl":"https:\/\/www.comunidadeativa.jor.br\/wp-content\/uploads\/2022\/11\/massagem.jpg","width":640,"height":352},{"@type":"BreadcrumbList","@id":"https:\/\/www.comunidadeativa.jor.br\/index.php\/2022\/11\/04\/conheca-a-liberacao-miofascial-a-massagem-que-combate-a-dor\/#breadcrumb","itemListElement":[{"@type":"ListItem","position":1,"name":"In\u00edcio","item":"https:\/\/www.comunidadeativa.jor.br\/"},{"@type":"ListItem","position":2,"name":"Conhe\u00e7a a libera\u00e7\u00e3o miofascial, a massagem que combate a dor"}]},{"@type":"WebSite","@id":"https:\/\/www.comunidadeativa.jor.br\/#website","url":"https:\/\/www.comunidadeativa.jor.br\/","name":"Comunidade Ativa","description":"","publisher":{"@id":"https:\/\/www.comunidadeativa.jor.br\/#organization"},"potentialAction":[{"@type":"SearchAction","target":{"@type":"EntryPoint","urlTemplate":"https:\/\/www.comunidadeativa.jor.br\/?s={search_term_string}"},"query-input":{"@type":"PropertyValueSpecification","valueRequired":true,"valueName":"search_term_string"}}],"inLanguage":"pt-BR"},{"@type":"Organization","@id":"https:\/\/www.comunidadeativa.jor.br\/#organization","name":"Comunidade Ativa","url":"https:\/\/www.comunidadeativa.jor.br\/","logo":{"@type":"ImageObject","inLanguage":"pt-BR","@id":"https:\/\/www.comunidadeativa.jor.br\/#\/schema\/logo\/image\/","url":"https:\/\/www.comunidadeativa.jor.br\/wp-content\/uploads\/2018\/03\/cropped-LOGOPNG-1.png","contentUrl":"https:\/\/www.comunidadeativa.jor.br\/wp-content\/uploads\/2018\/03\/cropped-LOGOPNG-1.png","width":318,"height":90,"caption":"Comunidade Ativa"},"image":{"@id":"https:\/\/www.comunidadeativa.jor.br\/#\/schema\/logo\/image\/"},"sameAs":["https:\/\/www.facebook.com\/comunidadeativa"]},{"@type":"Person","@id":"https:\/\/www.comunidadeativa.jor.br\/#\/schema\/person\/dcaa1f1c51c1f0c47a33b2b734cad6e1","name":"Comunidade Ativa","image":{"@type":"ImageObject","inLanguage":"pt-BR","@id":"https:\/\/www.comunidadeativa.jor.br\/#\/schema\/person\/image\/","url":"https:\/\/secure.gravatar.com\/avatar\/09a9a1f85fedf41e81b47f7c1d40084f?s=96&d=mm&r=g","contentUrl":"https:\/\/secure.gravatar.com\/avatar\/09a9a1f85fedf41e81b47f7c1d40084f?s=96&d=mm&r=g","caption":"Comunidade Ativa"},"url":"https:\/\/www.comunidadeativa.jor.br\/index.php\/author\/casalberto\/"}]}},"_links":{"self":[{"href":"https:\/\/www.comunidadeativa.jor.br\/index.php\/wp-json\/wp\/v2\/posts\/3273","targetHints":{"allow":["GET"]}}],"collection":[{"href":"https:\/\/www.comunidadeativa.jor.br\/index.php\/wp-json\/wp\/v2\/posts"}],"about":[{"href":"https:\/\/www.comunidadeativa.jor.br\/index.php\/wp-json\/wp\/v2\/types\/post"}],"author":[{"embeddable":true,"href":"https:\/\/www.comunidadeativa.jor.br\/index.php\/wp-json\/wp\/v2\/users\/1"}],"replies":[{"embeddable":true,"href":"https:\/\/www.comunidadeativa.jor.br\/index.php\/wp-json\/wp\/v2\/comments?post=3273"}],"version-history":[{"count":3,"href":"https:\/\/www.comunidadeativa.jor.br\/index.php\/wp-json\/wp\/v2\/posts\/3273\/revisions"}],"predecessor-version":[{"id":3999,"href":"https:\/\/www.comunidadeativa.jor.br\/index.php\/wp-json\/wp\/v2\/posts\/3273\/revisions\/3999"}],"wp:featuredmedia":[{"embeddable":true,"href":"https:\/\/www.comunidadeativa.jor.br\/index.php\/wp-json\/wp\/v2\/media\/3274"}],"wp:attachment":[{"href":"https:\/\/www.comunidadeativa.jor.br\/index.php\/wp-json\/wp\/v2\/media?parent=3273"}],"wp:term":[{"taxonomy":"category","embeddable":true,"href":"https:\/\/www.comunidadeativa.jor.br\/index.php\/wp-json\/wp\/v2\/categories?post=3273"},{"taxonomy":"post_tag","embeddable":true,"href":"https:\/\/www.comunidadeativa.jor.br\/index.php\/wp-json\/wp\/v2\/tags?post=3273"}],"curies":[{"name":"wp","href":"https:\/\/api.w.org\/{rel}","templated":true}]}}