{"id":3364,"date":"2022-12-11T10:00:03","date_gmt":"2022-12-11T13:00:03","guid":{"rendered":"https:\/\/www.comunidadeativa.jor.br\/?p=3364"},"modified":"2022-12-07T17:19:16","modified_gmt":"2022-12-07T20:19:16","slug":"gustavo-leao-o-engenheiro-que-virou-turista-profissional","status":"publish","type":"post","link":"https:\/\/www.comunidadeativa.jor.br\/index.php\/2022\/12\/11\/gustavo-leao-o-engenheiro-que-virou-turista-profissional\/","title":{"rendered":"Gustavo Le\u00e3o, o engenheiro que virou turista profissional"},"content":{"rendered":"<p>Voc\u00ea j\u00e1 pensou em como seria bom poder viajar com frequ\u00eancia, fazendo disso uma profiss\u00e3o? Pois foi esse o caminho escolhido por Gustavo Le\u00e3o, morador do Anchieta que, ap\u00f3s deixar uma promissora carreira como engenheiro mec\u00e2nico, se tornou empreendedor no segmento de turismo. Hoje, ele divulga estrat\u00e9gias que permitem viajar bem a custo muito reduzido.<\/p>\n<h5>Insight<\/h5>\n<p>Apaixonado por viagens e com mais de dez anos de pr\u00e1tica em encontrar destinos especiais com economia, at\u00e9 2020, aos 27 anos, Gustavo estava bem posicionado em uma grande empresa e diante de perspectivas muito promissoras na profiss\u00e3o. Por\u00e9m, naquele ano, em f\u00e9rias na Tail\u00e2ndia, o engenheiro sofreu um acidente leve, mas que exigiu que ele fosse a um hospital. L\u00e1, viu outros jovens que, em situa\u00e7\u00f5es bem mais graves do que a dele, estavam impedidos de realizarem os pr\u00f3prios desejos, o que o levou a pensar no que ele mesmo queria da vida.<\/p>\n<p>Foi ent\u00e3o que Gustavo teve o insight, que o fez questionar: \u201cPor que o roteiro certo seria trabalhar numa grande empresa e s\u00f3 depois curtir a vida? Por que n\u00e3o fazer do meu prazer a minha grande empresa, de forma que o trabalho e o lazer se misturem?\u201d.<\/p>\n<p>As respostas levaram o engenheiro a criar um neg\u00f3cio e a realizar a sua vontade de viajar.<\/p>\n<p>GuNasPraias<\/p>\n<p>Em 2021, quando finalmente decidiu se transformar em um turista profissional, Gustavo deu in\u00edcio ao projeto GuNasPraias, formado por perfis no <a href=\"https:\/\/www.youtube.com\/watch?v=XxAQO-mYZ5o&amp;t=1s\" target=\"_blank\" rel=\"noopener\">YouTube<\/a> e no <a href=\"https:\/\/www.instagram.com\/gunaspraias\/\" target=\"_blank\" rel=\"noopener\">Instagram<\/a> e por um <a href=\"https:\/\/gunaspraias.com.br\/\" target=\"_blank\" rel=\"noopener\">site<\/a>, a partir de onde ele compartilha informa\u00e7\u00f5es sobre como viajar com economia e tamb\u00e9m oferece cursos e consultorias para que seus clientes entendam como isso \u00e9 poss\u00edvel. Segundo Gustavo, a redu\u00e7\u00e3o de custos de uma viagem pode chegar a 90% e ele d\u00e1 um exemplo. \u201cAno que vem vou para Zamzibar, na Tanz\u00e2nia, e voltarei pela \u00c1frica do Sul. A viagem ser\u00e1 na classe executiva da Qatar Airways, das companhias a\u00e9reas mais luxuosas do mundo. Cada trecho custa mais de R$ 50 mil. Estou pagando com 84 mil milhas, ou seja, com algo que me custou menos de R$ 2 mil\u201d, diz.<\/p>\n<h5>Estrat\u00e9gias<\/h5>\n<p>Segundo Gustavo, h\u00e1 fundamentos aplic\u00e1veis a qualquer perfil de viagem, mas tamb\u00e9m h\u00e1 estrat\u00e9gias que precisam ser observadas de acordo com a inten\u00e7\u00e3o do viajante. \u201cA grande tacada \u00e9 entender as ferramentas do arsenal para montar a melhor estrat\u00e9gia para voc\u00ea, considerando seus objetivos\u201d, recomenda.<\/p>\n<p>Entre as ferramentas indicadas por Gustavo est\u00e3o os cart\u00f5es de cr\u00e9dito que oferecem benef\u00edcios \u2014 como viagens de cortesia e atendimentos diversos \u2014 que ajudam a economizar e podem ser utilizados por perfis dos mais variados. \u201cTenho clientes de 20 a 70 anos, interessados em classe econ\u00f4mica e executiva, com filhos e solteiros, que querem viajar no Brasil e pra fora. As estrat\u00e9gias que indico servem para todos\u201d, conclui.<\/p>\n<p>Portanto, ficam duas dicas preciosas. Primeiro, n\u00e3o deixe para mais tarde aquela viagem que voc\u00ea pode curtir agora. Segundo, sabendo como fazer, voc\u00ea conseguir\u00e1 realiz\u00e1-la de maneira muito econ\u00f4mica.<\/p>\n","protected":false},"excerpt":{"rendered":"<p>Voc\u00ea j\u00e1 pensou em como seria bom poder viajar com frequ\u00eancia, fazendo disso uma profiss\u00e3o? Pois foi esse o caminho<\/p>\n","protected":false},"author":1,"featured_media":3365,"comment_status":"closed","ping_status":"open","sticky":false,"template":"","format":"standard","meta":{"footnotes":""},"categories":[18],"tags":[],"class_list":["post-3364","post","type-post","status-publish","format-standard","has-post-thumbnail","hentry","category-economia"],"yoast_head":"<!-- This site is optimized with the Yoast SEO plugin v26.0 - https:\/\/yoast.com\/wordpress\/plugins\/seo\/ -->\n<title>Gustavo Le\u00e3o, o engenheiro que virou turista profissional - Comunidade Ativa<\/title>\n<meta name=\"robots\" content=\"index, follow, max-snippet:-1, max-image-preview:large, max-video-preview:-1\" \/>\n<link rel=\"canonical\" href=\"https:\/\/www.comunidadeativa.jor.br\/index.php\/2022\/12\/11\/gustavo-leao-o-engenheiro-que-virou-turista-profissional\/\" \/>\n<meta property=\"og:locale\" content=\"pt_BR\" \/>\n<meta property=\"og:type\" content=\"article\" \/>\n<meta property=\"og:title\" content=\"Gustavo Le\u00e3o, o engenheiro que virou turista profissional - Comunidade Ativa\" \/>\n<meta property=\"og:description\" content=\"Voc\u00ea j\u00e1 pensou em como seria bom poder viajar com frequ\u00eancia, fazendo disso uma profiss\u00e3o? Pois foi esse o caminho\" \/>\n<meta property=\"og:url\" content=\"https:\/\/www.comunidadeativa.jor.br\/index.php\/2022\/12\/11\/gustavo-leao-o-engenheiro-que-virou-turista-profissional\/\" \/>\n<meta property=\"og:site_name\" content=\"Comunidade Ativa\" \/>\n<meta property=\"article:publisher\" content=\"https:\/\/www.facebook.com\/comunidadeativa\" \/>\n<meta property=\"article:published_time\" content=\"2022-12-11T13:00:03+00:00\" \/>\n<meta property=\"og:image\" content=\"https:\/\/www.comunidadeativa.jor.br\/wp-content\/uploads\/2022\/12\/turismo.jpg\" \/>\n\t<meta property=\"og:image:width\" content=\"640\" \/>\n\t<meta property=\"og:image:height\" content=\"352\" \/>\n\t<meta property=\"og:image:type\" content=\"image\/jpeg\" \/>\n<meta name=\"author\" content=\"Comunidade Ativa\" \/>\n<meta name=\"twitter:card\" content=\"summary_large_image\" \/>\n<meta name=\"twitter:label1\" content=\"Escrito por\" \/>\n\t<meta name=\"twitter:data1\" content=\"Comunidade Ativa\" \/>\n\t<meta name=\"twitter:label2\" content=\"Est. tempo de leitura\" \/>\n\t<meta name=\"twitter:data2\" content=\"3 minutos\" \/>\n<script type=\"application\/ld+json\" class=\"yoast-schema-graph\">{\"@context\":\"https:\/\/schema.org\",\"@graph\":[{\"@type\":\"Article\",\"@id\":\"https:\/\/www.comunidadeativa.jor.br\/index.php\/2022\/12\/11\/gustavo-leao-o-engenheiro-que-virou-turista-profissional\/#article\",\"isPartOf\":{\"@id\":\"https:\/\/www.comunidadeativa.jor.br\/index.php\/2022\/12\/11\/gustavo-leao-o-engenheiro-que-virou-turista-profissional\/\"},\"author\":{\"name\":\"Comunidade Ativa\",\"@id\":\"https:\/\/www.comunidadeativa.jor.br\/#\/schema\/person\/dcaa1f1c51c1f0c47a33b2b734cad6e1\"},\"headline\":\"Gustavo Le\u00e3o, o engenheiro que virou turista profissional\",\"datePublished\":\"2022-12-11T13:00:03+00:00\",\"mainEntityOfPage\":{\"@id\":\"https:\/\/www.comunidadeativa.jor.br\/index.php\/2022\/12\/11\/gustavo-leao-o-engenheiro-que-virou-turista-profissional\/\"},\"wordCount\":525,\"publisher\":{\"@id\":\"https:\/\/www.comunidadeativa.jor.br\/#organization\"},\"image\":{\"@id\":\"https:\/\/www.comunidadeativa.jor.br\/index.php\/2022\/12\/11\/gustavo-leao-o-engenheiro-que-virou-turista-profissional\/#primaryimage\"},\"thumbnailUrl\":\"https:\/\/www.comunidadeativa.jor.br\/wp-content\/uploads\/2022\/12\/turismo.jpg\",\"articleSection\":[\"Economia &amp; Finan\u00e7as\"],\"inLanguage\":\"pt-BR\"},{\"@type\":\"WebPage\",\"@id\":\"https:\/\/www.comunidadeativa.jor.br\/index.php\/2022\/12\/11\/gustavo-leao-o-engenheiro-que-virou-turista-profissional\/\",\"url\":\"https:\/\/www.comunidadeativa.jor.br\/index.php\/2022\/12\/11\/gustavo-leao-o-engenheiro-que-virou-turista-profissional\/\",\"name\":\"Gustavo Le\u00e3o, o engenheiro que virou turista profissional - Comunidade Ativa\",\"isPartOf\":{\"@id\":\"https:\/\/www.comunidadeativa.jor.br\/#website\"},\"primaryImageOfPage\":{\"@id\":\"https:\/\/www.comunidadeativa.jor.br\/index.php\/2022\/12\/11\/gustavo-leao-o-engenheiro-que-virou-turista-profissional\/#primaryimage\"},\"image\":{\"@id\":\"https:\/\/www.comunidadeativa.jor.br\/index.php\/2022\/12\/11\/gustavo-leao-o-engenheiro-que-virou-turista-profissional\/#primaryimage\"},\"thumbnailUrl\":\"https:\/\/www.comunidadeativa.jor.br\/wp-content\/uploads\/2022\/12\/turismo.jpg\",\"datePublished\":\"2022-12-11T13:00:03+00:00\",\"breadcrumb\":{\"@id\":\"https:\/\/www.comunidadeativa.jor.br\/index.php\/2022\/12\/11\/gustavo-leao-o-engenheiro-que-virou-turista-profissional\/#breadcrumb\"},\"inLanguage\":\"pt-BR\",\"potentialAction\":[{\"@type\":\"ReadAction\",\"target\":[\"https:\/\/www.comunidadeativa.jor.br\/index.php\/2022\/12\/11\/gustavo-leao-o-engenheiro-que-virou-turista-profissional\/\"]}]},{\"@type\":\"ImageObject\",\"inLanguage\":\"pt-BR\",\"@id\":\"https:\/\/www.comunidadeativa.jor.br\/index.php\/2022\/12\/11\/gustavo-leao-o-engenheiro-que-virou-turista-profissional\/#primaryimage\",\"url\":\"https:\/\/www.comunidadeativa.jor.br\/wp-content\/uploads\/2022\/12\/turismo.jpg\",\"contentUrl\":\"https:\/\/www.comunidadeativa.jor.br\/wp-content\/uploads\/2022\/12\/turismo.jpg\",\"width\":640,\"height\":352},{\"@type\":\"BreadcrumbList\",\"@id\":\"https:\/\/www.comunidadeativa.jor.br\/index.php\/2022\/12\/11\/gustavo-leao-o-engenheiro-que-virou-turista-profissional\/#breadcrumb\",\"itemListElement\":[{\"@type\":\"ListItem\",\"position\":1,\"name\":\"In\u00edcio\",\"item\":\"https:\/\/www.comunidadeativa.jor.br\/\"},{\"@type\":\"ListItem\",\"position\":2,\"name\":\"Gustavo Le\u00e3o, o engenheiro que virou turista profissional\"}]},{\"@type\":\"WebSite\",\"@id\":\"https:\/\/www.comunidadeativa.jor.br\/#website\",\"url\":\"https:\/\/www.comunidadeativa.jor.br\/\",\"name\":\"Comunidade Ativa\",\"description\":\"\",\"publisher\":{\"@id\":\"https:\/\/www.comunidadeativa.jor.br\/#organization\"},\"potentialAction\":[{\"@type\":\"SearchAction\",\"target\":{\"@type\":\"EntryPoint\",\"urlTemplate\":\"https:\/\/www.comunidadeativa.jor.br\/?s={search_term_string}\"},\"query-input\":{\"@type\":\"PropertyValueSpecification\",\"valueRequired\":true,\"valueName\":\"search_term_string\"}}],\"inLanguage\":\"pt-BR\"},{\"@type\":\"Organization\",\"@id\":\"https:\/\/www.comunidadeativa.jor.br\/#organization\",\"name\":\"Comunidade Ativa\",\"url\":\"https:\/\/www.comunidadeativa.jor.br\/\",\"logo\":{\"@type\":\"ImageObject\",\"inLanguage\":\"pt-BR\",\"@id\":\"https:\/\/www.comunidadeativa.jor.br\/#\/schema\/logo\/image\/\",\"url\":\"https:\/\/www.comunidadeativa.jor.br\/wp-content\/uploads\/2018\/03\/cropped-LOGOPNG-1.png\",\"contentUrl\":\"https:\/\/www.comunidadeativa.jor.br\/wp-content\/uploads\/2018\/03\/cropped-LOGOPNG-1.png\",\"width\":318,\"height\":90,\"caption\":\"Comunidade Ativa\"},\"image\":{\"@id\":\"https:\/\/www.comunidadeativa.jor.br\/#\/schema\/logo\/image\/\"},\"sameAs\":[\"https:\/\/www.facebook.com\/comunidadeativa\"]},{\"@type\":\"Person\",\"@id\":\"https:\/\/www.comunidadeativa.jor.br\/#\/schema\/person\/dcaa1f1c51c1f0c47a33b2b734cad6e1\",\"name\":\"Comunidade Ativa\",\"image\":{\"@type\":\"ImageObject\",\"inLanguage\":\"pt-BR\",\"@id\":\"https:\/\/www.comunidadeativa.jor.br\/#\/schema\/person\/image\/\",\"url\":\"https:\/\/secure.gravatar.com\/avatar\/09a9a1f85fedf41e81b47f7c1d40084f?s=96&d=mm&r=g\",\"contentUrl\":\"https:\/\/secure.gravatar.com\/avatar\/09a9a1f85fedf41e81b47f7c1d40084f?s=96&d=mm&r=g\",\"caption\":\"Comunidade Ativa\"},\"url\":\"https:\/\/www.comunidadeativa.jor.br\/index.php\/author\/casalberto\/\"}]}<\/script>\n<!-- \/ Yoast SEO plugin. -->","yoast_head_json":{"title":"Gustavo Le\u00e3o, o engenheiro que virou turista profissional - Comunidade Ativa","robots":{"index":"index","follow":"follow","max-snippet":"max-snippet:-1","max-image-preview":"max-image-preview:large","max-video-preview":"max-video-preview:-1"},"canonical":"https:\/\/www.comunidadeativa.jor.br\/index.php\/2022\/12\/11\/gustavo-leao-o-engenheiro-que-virou-turista-profissional\/","og_locale":"pt_BR","og_type":"article","og_title":"Gustavo Le\u00e3o, o engenheiro que virou turista profissional - Comunidade Ativa","og_description":"Voc\u00ea j\u00e1 pensou em como seria bom poder viajar com frequ\u00eancia, fazendo disso uma profiss\u00e3o? Pois foi esse o caminho","og_url":"https:\/\/www.comunidadeativa.jor.br\/index.php\/2022\/12\/11\/gustavo-leao-o-engenheiro-que-virou-turista-profissional\/","og_site_name":"Comunidade Ativa","article_publisher":"https:\/\/www.facebook.com\/comunidadeativa","article_published_time":"2022-12-11T13:00:03+00:00","og_image":[{"width":640,"height":352,"url":"https:\/\/www.comunidadeativa.jor.br\/wp-content\/uploads\/2022\/12\/turismo.jpg","type":"image\/jpeg"}],"author":"Comunidade Ativa","twitter_card":"summary_large_image","twitter_misc":{"Escrito por":"Comunidade Ativa","Est. tempo de leitura":"3 minutos"},"schema":{"@context":"https:\/\/schema.org","@graph":[{"@type":"Article","@id":"https:\/\/www.comunidadeativa.jor.br\/index.php\/2022\/12\/11\/gustavo-leao-o-engenheiro-que-virou-turista-profissional\/#article","isPartOf":{"@id":"https:\/\/www.comunidadeativa.jor.br\/index.php\/2022\/12\/11\/gustavo-leao-o-engenheiro-que-virou-turista-profissional\/"},"author":{"name":"Comunidade Ativa","@id":"https:\/\/www.comunidadeativa.jor.br\/#\/schema\/person\/dcaa1f1c51c1f0c47a33b2b734cad6e1"},"headline":"Gustavo Le\u00e3o, o engenheiro que virou turista profissional","datePublished":"2022-12-11T13:00:03+00:00","mainEntityOfPage":{"@id":"https:\/\/www.comunidadeativa.jor.br\/index.php\/2022\/12\/11\/gustavo-leao-o-engenheiro-que-virou-turista-profissional\/"},"wordCount":525,"publisher":{"@id":"https:\/\/www.comunidadeativa.jor.br\/#organization"},"image":{"@id":"https:\/\/www.comunidadeativa.jor.br\/index.php\/2022\/12\/11\/gustavo-leao-o-engenheiro-que-virou-turista-profissional\/#primaryimage"},"thumbnailUrl":"https:\/\/www.comunidadeativa.jor.br\/wp-content\/uploads\/2022\/12\/turismo.jpg","articleSection":["Economia &amp; Finan\u00e7as"],"inLanguage":"pt-BR"},{"@type":"WebPage","@id":"https:\/\/www.comunidadeativa.jor.br\/index.php\/2022\/12\/11\/gustavo-leao-o-engenheiro-que-virou-turista-profissional\/","url":"https:\/\/www.comunidadeativa.jor.br\/index.php\/2022\/12\/11\/gustavo-leao-o-engenheiro-que-virou-turista-profissional\/","name":"Gustavo Le\u00e3o, o engenheiro que virou turista profissional - Comunidade Ativa","isPartOf":{"@id":"https:\/\/www.comunidadeativa.jor.br\/#website"},"primaryImageOfPage":{"@id":"https:\/\/www.comunidadeativa.jor.br\/index.php\/2022\/12\/11\/gustavo-leao-o-engenheiro-que-virou-turista-profissional\/#primaryimage"},"image":{"@id":"https:\/\/www.comunidadeativa.jor.br\/index.php\/2022\/12\/11\/gustavo-leao-o-engenheiro-que-virou-turista-profissional\/#primaryimage"},"thumbnailUrl":"https:\/\/www.comunidadeativa.jor.br\/wp-content\/uploads\/2022\/12\/turismo.jpg","datePublished":"2022-12-11T13:00:03+00:00","breadcrumb":{"@id":"https:\/\/www.comunidadeativa.jor.br\/index.php\/2022\/12\/11\/gustavo-leao-o-engenheiro-que-virou-turista-profissional\/#breadcrumb"},"inLanguage":"pt-BR","potentialAction":[{"@type":"ReadAction","target":["https:\/\/www.comunidadeativa.jor.br\/index.php\/2022\/12\/11\/gustavo-leao-o-engenheiro-que-virou-turista-profissional\/"]}]},{"@type":"ImageObject","inLanguage":"pt-BR","@id":"https:\/\/www.comunidadeativa.jor.br\/index.php\/2022\/12\/11\/gustavo-leao-o-engenheiro-que-virou-turista-profissional\/#primaryimage","url":"https:\/\/www.comunidadeativa.jor.br\/wp-content\/uploads\/2022\/12\/turismo.jpg","contentUrl":"https:\/\/www.comunidadeativa.jor.br\/wp-content\/uploads\/2022\/12\/turismo.jpg","width":640,"height":352},{"@type":"BreadcrumbList","@id":"https:\/\/www.comunidadeativa.jor.br\/index.php\/2022\/12\/11\/gustavo-leao-o-engenheiro-que-virou-turista-profissional\/#breadcrumb","itemListElement":[{"@type":"ListItem","position":1,"name":"In\u00edcio","item":"https:\/\/www.comunidadeativa.jor.br\/"},{"@type":"ListItem","position":2,"name":"Gustavo Le\u00e3o, o engenheiro que virou turista profissional"}]},{"@type":"WebSite","@id":"https:\/\/www.comunidadeativa.jor.br\/#website","url":"https:\/\/www.comunidadeativa.jor.br\/","name":"Comunidade Ativa","description":"","publisher":{"@id":"https:\/\/www.comunidadeativa.jor.br\/#organization"},"potentialAction":[{"@type":"SearchAction","target":{"@type":"EntryPoint","urlTemplate":"https:\/\/www.comunidadeativa.jor.br\/?s={search_term_string}"},"query-input":{"@type":"PropertyValueSpecification","valueRequired":true,"valueName":"search_term_string"}}],"inLanguage":"pt-BR"},{"@type":"Organization","@id":"https:\/\/www.comunidadeativa.jor.br\/#organization","name":"Comunidade Ativa","url":"https:\/\/www.comunidadeativa.jor.br\/","logo":{"@type":"ImageObject","inLanguage":"pt-BR","@id":"https:\/\/www.comunidadeativa.jor.br\/#\/schema\/logo\/image\/","url":"https:\/\/www.comunidadeativa.jor.br\/wp-content\/uploads\/2018\/03\/cropped-LOGOPNG-1.png","contentUrl":"https:\/\/www.comunidadeativa.jor.br\/wp-content\/uploads\/2018\/03\/cropped-LOGOPNG-1.png","width":318,"height":90,"caption":"Comunidade Ativa"},"image":{"@id":"https:\/\/www.comunidadeativa.jor.br\/#\/schema\/logo\/image\/"},"sameAs":["https:\/\/www.facebook.com\/comunidadeativa"]},{"@type":"Person","@id":"https:\/\/www.comunidadeativa.jor.br\/#\/schema\/person\/dcaa1f1c51c1f0c47a33b2b734cad6e1","name":"Comunidade Ativa","image":{"@type":"ImageObject","inLanguage":"pt-BR","@id":"https:\/\/www.comunidadeativa.jor.br\/#\/schema\/person\/image\/","url":"https:\/\/secure.gravatar.com\/avatar\/09a9a1f85fedf41e81b47f7c1d40084f?s=96&d=mm&r=g","contentUrl":"https:\/\/secure.gravatar.com\/avatar\/09a9a1f85fedf41e81b47f7c1d40084f?s=96&d=mm&r=g","caption":"Comunidade Ativa"},"url":"https:\/\/www.comunidadeativa.jor.br\/index.php\/author\/casalberto\/"}]}},"_links":{"self":[{"href":"https:\/\/www.comunidadeativa.jor.br\/index.php\/wp-json\/wp\/v2\/posts\/3364","targetHints":{"allow":["GET"]}}],"collection":[{"href":"https:\/\/www.comunidadeativa.jor.br\/index.php\/wp-json\/wp\/v2\/posts"}],"about":[{"href":"https:\/\/www.comunidadeativa.jor.br\/index.php\/wp-json\/wp\/v2\/types\/post"}],"author":[{"embeddable":true,"href":"https:\/\/www.comunidadeativa.jor.br\/index.php\/wp-json\/wp\/v2\/users\/1"}],"replies":[{"embeddable":true,"href":"https:\/\/www.comunidadeativa.jor.br\/index.php\/wp-json\/wp\/v2\/comments?post=3364"}],"version-history":[{"count":1,"href":"https:\/\/www.comunidadeativa.jor.br\/index.php\/wp-json\/wp\/v2\/posts\/3364\/revisions"}],"predecessor-version":[{"id":3366,"href":"https:\/\/www.comunidadeativa.jor.br\/index.php\/wp-json\/wp\/v2\/posts\/3364\/revisions\/3366"}],"wp:featuredmedia":[{"embeddable":true,"href":"https:\/\/www.comunidadeativa.jor.br\/index.php\/wp-json\/wp\/v2\/media\/3365"}],"wp:attachment":[{"href":"https:\/\/www.comunidadeativa.jor.br\/index.php\/wp-json\/wp\/v2\/media?parent=3364"}],"wp:term":[{"taxonomy":"category","embeddable":true,"href":"https:\/\/www.comunidadeativa.jor.br\/index.php\/wp-json\/wp\/v2\/categories?post=3364"},{"taxonomy":"post_tag","embeddable":true,"href":"https:\/\/www.comunidadeativa.jor.br\/index.php\/wp-json\/wp\/v2\/tags?post=3364"}],"curies":[{"name":"wp","href":"https:\/\/api.w.org\/{rel}","templated":true}]}}