{"id":3475,"date":"2023-02-28T10:00:58","date_gmt":"2023-02-28T13:00:58","guid":{"rendered":"https:\/\/www.comunidadeativa.jor.br\/?p=3475"},"modified":"2023-02-27T19:25:48","modified_gmt":"2023-02-27T22:25:48","slug":"com-a-dancarina-japonesa-michiru-sadame-deu-samba-no-lugar-do-nihon-buiyou","status":"publish","type":"post","link":"https:\/\/www.comunidadeativa.jor.br\/index.php\/2023\/02\/28\/com-a-dancarina-japonesa-michiru-sadame-deu-samba-no-lugar-do-nihon-buiyou\/","title":{"rendered":"Com a dan\u00e7arina japonesa Michiru Sadame, deu samba no lugar do nihon-buiyou"},"content":{"rendered":"<p>Natural de Osaka, Jap\u00e3o, a dan\u00e7arina e professora de dan\u00e7a Michiru Sadame explica que nihon-buyou \u00e9 o no me dado \u00e0 tradicional dan\u00e7a japonesa que se caracteriza por movimentos bem lentos e suaves e por demarca\u00e7\u00f5es com as m\u00e3os, que s\u00e3o como se a pessoa estivesse desenhando no ar. De fato, na apar\u00eancia, Michiru se encaixa naquele estilo e passa a impress\u00e3o de que poderia dar belos espet\u00e1culos de buyou.<\/p>\n<p>Por\u00e9m, se voc\u00ea espera encontr\u00e1-la vestindo um quimono e dan\u00e7ando com aquela suavidade cl\u00e1ssica, prepare-se para uma \u00f3tima surpresa. Afinal, a praia de Michiru \u00e9 o samba, que ela p\u00f5e pra ferver com talento e gingado que muitas brasileiras n\u00e3o t\u00eam.<\/p>\n<h5>Capoeira<\/h5>\n<p>O interesse da dan\u00e7arina pelo Brasil e pelos nossos ritmos surgiu em 2007, quando, por interm\u00e9dio de um brasileiro, ainda em Osaka, ela conheceu a capoeira. \u201cNo primeiro momento, eu n\u00e3o tive interesse. Mas, as pessoas do grupo tinham uma energia muito positiva, que acabou me cativando\u201d, ela conta.<br \/>\nNaquele mesmo ano, a convite de um dan\u00e7arino que percebeu que a japonesa tinha gingado, Michiru veio pela primeira vez ao Brasil, onde participou de eventos de dan\u00e7a. O contato com o pa\u00eds fez com que o samba chamasse mais a sua aten\u00e7\u00e3o.<\/p>\n<h5>Talento nato<\/h5>\n<p>De volta a Osaka, a dan\u00e7arina teve aulas de jazz com uma professora que tamb\u00e9m ensinava samba. Foi a senha para que ela decidisse que era a hora de come\u00e7ar a sambar.<\/p>\n<p>O talento de Michiru para o molejo do Brasil logo veio \u00e0 tona, fazendo, inclusive, com que ela se tornasse professora da dan\u00e7a no Jap\u00e3o. \u201cPor incr\u00edvel que pare\u00e7a, o ritmo brasileiro entrou naturalmente no meu corpo e na minha mente e assimilei de forma r\u00e1pida. N\u00e3o foi algo que aprendi treinando. Meu cora\u00e7\u00e3o pulsava no mesmo ritmo. Poderia dizer que foi algo de nascen\u00e7a, que despertou tarde, por eu n\u00e3o estar em contato com o samba desde pequena\u201d, ela considera.<\/p>\n<p>Certamente, foi melhor tarde do que nunca! Afinal, quando o samba entrou de vez na vida de Michiru, ela foi levada a novas experi\u00eancias e a conex\u00f5es cada vez mais fortes com o Brasil. Como a do Carnaval 2016, quando ela foi passista na Escola de Samba P\u00e9rola Negra, de S\u00e3o Paulo, e a de 2023, que trouxe um novo cap\u00edtulo para a hist\u00f3ria da dan\u00e7arina e, de brinde, revelou a ela uma boa coincid\u00eancia.<\/p>\n<p>Sem conhecer qualquer conex\u00e3o anterior com o bairro, Michiru foi convidada para participar do concurso de Rainha da Bateria do Bloco Caricato Os Aflitos do Anchieta, do qual saiu vencedora. \u201cFiquei bem emocionada, porque foi uma quebra de paradigma para mim. Eu pensava que, apesar do esfor\u00e7o que eu fizesse, jamais conseguiria ser vista al\u00e9m daquela impress\u00e3o inicial de surpresa, por eu ser uma japonesa sambando\u201d, ela diz.<\/p>\n<p>Para completar a emo\u00e7\u00e3o, Michiru acabou descobrindo uma grande coincid\u00eancia, que, junto com o samba, a liga diretamente ao Anchieta. No evento de elei\u00e7\u00e3o da Rainha da Bateria, o marido dela, Hermeto, contou que foi criado no bairro, onde, quando crian\u00e7a, via o Aflitos ensaiar. \u201cParece coisa do destino\u201d, imagina.<\/p>\n<p>Felizmente, deve ser coisa de um destino bem brasileiro, que gosta muito do Anchieta. Em vez de fazer de Michiru uma dan\u00e7arina de nihon-buyou, o tal deu a ela muito samba no p\u00e9, um marido do Anchieta e a tornou Rainha da Bateria do bloco que defende o nome do bairro na Afonso Pena.<\/p>\n","protected":false},"excerpt":{"rendered":"<p>Natural de Osaka, Jap\u00e3o, a dan\u00e7arina e professora de dan\u00e7a Michiru Sadame explica que nihon-buyou \u00e9 o no me dado<\/p>\n","protected":false},"author":1,"featured_media":3477,"comment_status":"closed","ping_status":"open","sticky":false,"template":"","format":"standard","meta":{"footnotes":""},"categories":[15],"tags":[],"class_list":["post-3475","post","type-post","status-publish","format-standard","has-post-thumbnail","hentry","category-cultura"],"yoast_head":"<!-- This site is optimized with the Yoast SEO plugin v26.0 - https:\/\/yoast.com\/wordpress\/plugins\/seo\/ -->\n<title>Com a dan\u00e7arina japonesa Michiru Sadame, deu samba no lugar do nihon-buiyou - Comunidade Ativa<\/title>\n<meta name=\"robots\" content=\"index, follow, max-snippet:-1, max-image-preview:large, max-video-preview:-1\" \/>\n<link rel=\"canonical\" href=\"https:\/\/www.comunidadeativa.jor.br\/index.php\/2023\/02\/28\/com-a-dancarina-japonesa-michiru-sadame-deu-samba-no-lugar-do-nihon-buiyou\/\" \/>\n<meta property=\"og:locale\" content=\"pt_BR\" \/>\n<meta property=\"og:type\" content=\"article\" \/>\n<meta property=\"og:title\" content=\"Com a dan\u00e7arina japonesa Michiru Sadame, deu samba no lugar do nihon-buiyou - Comunidade Ativa\" \/>\n<meta property=\"og:description\" content=\"Natural de Osaka, Jap\u00e3o, a dan\u00e7arina e professora de dan\u00e7a Michiru Sadame explica que nihon-buyou \u00e9 o no me dado\" \/>\n<meta property=\"og:url\" content=\"https:\/\/www.comunidadeativa.jor.br\/index.php\/2023\/02\/28\/com-a-dancarina-japonesa-michiru-sadame-deu-samba-no-lugar-do-nihon-buiyou\/\" \/>\n<meta property=\"og:site_name\" content=\"Comunidade Ativa\" \/>\n<meta property=\"article:publisher\" content=\"https:\/\/www.facebook.com\/comunidadeativa\" \/>\n<meta property=\"article:published_time\" content=\"2023-02-28T13:00:58+00:00\" \/>\n<meta property=\"og:image\" content=\"https:\/\/www.comunidadeativa.jor.br\/wp-content\/uploads\/2023\/02\/CAPA-1.jpg\" \/>\n\t<meta property=\"og:image:width\" content=\"1920\" \/>\n\t<meta property=\"og:image:height\" content=\"1080\" \/>\n\t<meta property=\"og:image:type\" content=\"image\/jpeg\" \/>\n<meta name=\"author\" content=\"Comunidade Ativa\" \/>\n<meta name=\"twitter:card\" content=\"summary_large_image\" \/>\n<meta name=\"twitter:label1\" content=\"Escrito por\" \/>\n\t<meta name=\"twitter:data1\" content=\"Comunidade Ativa\" \/>\n\t<meta name=\"twitter:label2\" content=\"Est. tempo de leitura\" \/>\n\t<meta name=\"twitter:data2\" content=\"3 minutos\" \/>\n<script type=\"application\/ld+json\" class=\"yoast-schema-graph\">{\"@context\":\"https:\/\/schema.org\",\"@graph\":[{\"@type\":\"Article\",\"@id\":\"https:\/\/www.comunidadeativa.jor.br\/index.php\/2023\/02\/28\/com-a-dancarina-japonesa-michiru-sadame-deu-samba-no-lugar-do-nihon-buiyou\/#article\",\"isPartOf\":{\"@id\":\"https:\/\/www.comunidadeativa.jor.br\/index.php\/2023\/02\/28\/com-a-dancarina-japonesa-michiru-sadame-deu-samba-no-lugar-do-nihon-buiyou\/\"},\"author\":{\"name\":\"Comunidade Ativa\",\"@id\":\"https:\/\/www.comunidadeativa.jor.br\/#\/schema\/person\/dcaa1f1c51c1f0c47a33b2b734cad6e1\"},\"headline\":\"Com a dan\u00e7arina japonesa Michiru Sadame, deu samba no lugar do nihon-buiyou\",\"datePublished\":\"2023-02-28T13:00:58+00:00\",\"mainEntityOfPage\":{\"@id\":\"https:\/\/www.comunidadeativa.jor.br\/index.php\/2023\/02\/28\/com-a-dancarina-japonesa-michiru-sadame-deu-samba-no-lugar-do-nihon-buiyou\/\"},\"wordCount\":625,\"publisher\":{\"@id\":\"https:\/\/www.comunidadeativa.jor.br\/#organization\"},\"image\":{\"@id\":\"https:\/\/www.comunidadeativa.jor.br\/index.php\/2023\/02\/28\/com-a-dancarina-japonesa-michiru-sadame-deu-samba-no-lugar-do-nihon-buiyou\/#primaryimage\"},\"thumbnailUrl\":\"https:\/\/www.comunidadeativa.jor.br\/wp-content\/uploads\/2023\/02\/CAPA-1.jpg\",\"articleSection\":[\"Cultura\"],\"inLanguage\":\"pt-BR\"},{\"@type\":\"WebPage\",\"@id\":\"https:\/\/www.comunidadeativa.jor.br\/index.php\/2023\/02\/28\/com-a-dancarina-japonesa-michiru-sadame-deu-samba-no-lugar-do-nihon-buiyou\/\",\"url\":\"https:\/\/www.comunidadeativa.jor.br\/index.php\/2023\/02\/28\/com-a-dancarina-japonesa-michiru-sadame-deu-samba-no-lugar-do-nihon-buiyou\/\",\"name\":\"Com a dan\u00e7arina japonesa Michiru Sadame, deu samba no lugar do nihon-buiyou - Comunidade Ativa\",\"isPartOf\":{\"@id\":\"https:\/\/www.comunidadeativa.jor.br\/#website\"},\"primaryImageOfPage\":{\"@id\":\"https:\/\/www.comunidadeativa.jor.br\/index.php\/2023\/02\/28\/com-a-dancarina-japonesa-michiru-sadame-deu-samba-no-lugar-do-nihon-buiyou\/#primaryimage\"},\"image\":{\"@id\":\"https:\/\/www.comunidadeativa.jor.br\/index.php\/2023\/02\/28\/com-a-dancarina-japonesa-michiru-sadame-deu-samba-no-lugar-do-nihon-buiyou\/#primaryimage\"},\"thumbnailUrl\":\"https:\/\/www.comunidadeativa.jor.br\/wp-content\/uploads\/2023\/02\/CAPA-1.jpg\",\"datePublished\":\"2023-02-28T13:00:58+00:00\",\"breadcrumb\":{\"@id\":\"https:\/\/www.comunidadeativa.jor.br\/index.php\/2023\/02\/28\/com-a-dancarina-japonesa-michiru-sadame-deu-samba-no-lugar-do-nihon-buiyou\/#breadcrumb\"},\"inLanguage\":\"pt-BR\",\"potentialAction\":[{\"@type\":\"ReadAction\",\"target\":[\"https:\/\/www.comunidadeativa.jor.br\/index.php\/2023\/02\/28\/com-a-dancarina-japonesa-michiru-sadame-deu-samba-no-lugar-do-nihon-buiyou\/\"]}]},{\"@type\":\"ImageObject\",\"inLanguage\":\"pt-BR\",\"@id\":\"https:\/\/www.comunidadeativa.jor.br\/index.php\/2023\/02\/28\/com-a-dancarina-japonesa-michiru-sadame-deu-samba-no-lugar-do-nihon-buiyou\/#primaryimage\",\"url\":\"https:\/\/www.comunidadeativa.jor.br\/wp-content\/uploads\/2023\/02\/CAPA-1.jpg\",\"contentUrl\":\"https:\/\/www.comunidadeativa.jor.br\/wp-content\/uploads\/2023\/02\/CAPA-1.jpg\",\"width\":1920,\"height\":1080},{\"@type\":\"BreadcrumbList\",\"@id\":\"https:\/\/www.comunidadeativa.jor.br\/index.php\/2023\/02\/28\/com-a-dancarina-japonesa-michiru-sadame-deu-samba-no-lugar-do-nihon-buiyou\/#breadcrumb\",\"itemListElement\":[{\"@type\":\"ListItem\",\"position\":1,\"name\":\"In\u00edcio\",\"item\":\"https:\/\/www.comunidadeativa.jor.br\/\"},{\"@type\":\"ListItem\",\"position\":2,\"name\":\"Com a dan\u00e7arina japonesa Michiru Sadame, deu samba no lugar do nihon-buiyou\"}]},{\"@type\":\"WebSite\",\"@id\":\"https:\/\/www.comunidadeativa.jor.br\/#website\",\"url\":\"https:\/\/www.comunidadeativa.jor.br\/\",\"name\":\"Comunidade Ativa\",\"description\":\"\",\"publisher\":{\"@id\":\"https:\/\/www.comunidadeativa.jor.br\/#organization\"},\"potentialAction\":[{\"@type\":\"SearchAction\",\"target\":{\"@type\":\"EntryPoint\",\"urlTemplate\":\"https:\/\/www.comunidadeativa.jor.br\/?s={search_term_string}\"},\"query-input\":{\"@type\":\"PropertyValueSpecification\",\"valueRequired\":true,\"valueName\":\"search_term_string\"}}],\"inLanguage\":\"pt-BR\"},{\"@type\":\"Organization\",\"@id\":\"https:\/\/www.comunidadeativa.jor.br\/#organization\",\"name\":\"Comunidade Ativa\",\"url\":\"https:\/\/www.comunidadeativa.jor.br\/\",\"logo\":{\"@type\":\"ImageObject\",\"inLanguage\":\"pt-BR\",\"@id\":\"https:\/\/www.comunidadeativa.jor.br\/#\/schema\/logo\/image\/\",\"url\":\"https:\/\/www.comunidadeativa.jor.br\/wp-content\/uploads\/2018\/03\/cropped-LOGOPNG-1.png\",\"contentUrl\":\"https:\/\/www.comunidadeativa.jor.br\/wp-content\/uploads\/2018\/03\/cropped-LOGOPNG-1.png\",\"width\":318,\"height\":90,\"caption\":\"Comunidade Ativa\"},\"image\":{\"@id\":\"https:\/\/www.comunidadeativa.jor.br\/#\/schema\/logo\/image\/\"},\"sameAs\":[\"https:\/\/www.facebook.com\/comunidadeativa\"]},{\"@type\":\"Person\",\"@id\":\"https:\/\/www.comunidadeativa.jor.br\/#\/schema\/person\/dcaa1f1c51c1f0c47a33b2b734cad6e1\",\"name\":\"Comunidade Ativa\",\"image\":{\"@type\":\"ImageObject\",\"inLanguage\":\"pt-BR\",\"@id\":\"https:\/\/www.comunidadeativa.jor.br\/#\/schema\/person\/image\/\",\"url\":\"https:\/\/secure.gravatar.com\/avatar\/09a9a1f85fedf41e81b47f7c1d40084f?s=96&d=mm&r=g\",\"contentUrl\":\"https:\/\/secure.gravatar.com\/avatar\/09a9a1f85fedf41e81b47f7c1d40084f?s=96&d=mm&r=g\",\"caption\":\"Comunidade Ativa\"},\"url\":\"https:\/\/www.comunidadeativa.jor.br\/index.php\/author\/casalberto\/\"}]}<\/script>\n<!-- \/ Yoast SEO plugin. -->","yoast_head_json":{"title":"Com a dan\u00e7arina japonesa Michiru Sadame, deu samba no lugar do nihon-buiyou - Comunidade Ativa","robots":{"index":"index","follow":"follow","max-snippet":"max-snippet:-1","max-image-preview":"max-image-preview:large","max-video-preview":"max-video-preview:-1"},"canonical":"https:\/\/www.comunidadeativa.jor.br\/index.php\/2023\/02\/28\/com-a-dancarina-japonesa-michiru-sadame-deu-samba-no-lugar-do-nihon-buiyou\/","og_locale":"pt_BR","og_type":"article","og_title":"Com a dan\u00e7arina japonesa Michiru Sadame, deu samba no lugar do nihon-buiyou - Comunidade Ativa","og_description":"Natural de Osaka, Jap\u00e3o, a dan\u00e7arina e professora de dan\u00e7a Michiru Sadame explica que nihon-buyou \u00e9 o no me dado","og_url":"https:\/\/www.comunidadeativa.jor.br\/index.php\/2023\/02\/28\/com-a-dancarina-japonesa-michiru-sadame-deu-samba-no-lugar-do-nihon-buiyou\/","og_site_name":"Comunidade Ativa","article_publisher":"https:\/\/www.facebook.com\/comunidadeativa","article_published_time":"2023-02-28T13:00:58+00:00","og_image":[{"width":1920,"height":1080,"url":"https:\/\/www.comunidadeativa.jor.br\/wp-content\/uploads\/2023\/02\/CAPA-1.jpg","type":"image\/jpeg"}],"author":"Comunidade Ativa","twitter_card":"summary_large_image","twitter_misc":{"Escrito por":"Comunidade Ativa","Est. tempo de leitura":"3 minutos"},"schema":{"@context":"https:\/\/schema.org","@graph":[{"@type":"Article","@id":"https:\/\/www.comunidadeativa.jor.br\/index.php\/2023\/02\/28\/com-a-dancarina-japonesa-michiru-sadame-deu-samba-no-lugar-do-nihon-buiyou\/#article","isPartOf":{"@id":"https:\/\/www.comunidadeativa.jor.br\/index.php\/2023\/02\/28\/com-a-dancarina-japonesa-michiru-sadame-deu-samba-no-lugar-do-nihon-buiyou\/"},"author":{"name":"Comunidade Ativa","@id":"https:\/\/www.comunidadeativa.jor.br\/#\/schema\/person\/dcaa1f1c51c1f0c47a33b2b734cad6e1"},"headline":"Com a dan\u00e7arina japonesa Michiru Sadame, deu samba no lugar do nihon-buiyou","datePublished":"2023-02-28T13:00:58+00:00","mainEntityOfPage":{"@id":"https:\/\/www.comunidadeativa.jor.br\/index.php\/2023\/02\/28\/com-a-dancarina-japonesa-michiru-sadame-deu-samba-no-lugar-do-nihon-buiyou\/"},"wordCount":625,"publisher":{"@id":"https:\/\/www.comunidadeativa.jor.br\/#organization"},"image":{"@id":"https:\/\/www.comunidadeativa.jor.br\/index.php\/2023\/02\/28\/com-a-dancarina-japonesa-michiru-sadame-deu-samba-no-lugar-do-nihon-buiyou\/#primaryimage"},"thumbnailUrl":"https:\/\/www.comunidadeativa.jor.br\/wp-content\/uploads\/2023\/02\/CAPA-1.jpg","articleSection":["Cultura"],"inLanguage":"pt-BR"},{"@type":"WebPage","@id":"https:\/\/www.comunidadeativa.jor.br\/index.php\/2023\/02\/28\/com-a-dancarina-japonesa-michiru-sadame-deu-samba-no-lugar-do-nihon-buiyou\/","url":"https:\/\/www.comunidadeativa.jor.br\/index.php\/2023\/02\/28\/com-a-dancarina-japonesa-michiru-sadame-deu-samba-no-lugar-do-nihon-buiyou\/","name":"Com a dan\u00e7arina japonesa Michiru Sadame, deu samba no lugar do nihon-buiyou - Comunidade Ativa","isPartOf":{"@id":"https:\/\/www.comunidadeativa.jor.br\/#website"},"primaryImageOfPage":{"@id":"https:\/\/www.comunidadeativa.jor.br\/index.php\/2023\/02\/28\/com-a-dancarina-japonesa-michiru-sadame-deu-samba-no-lugar-do-nihon-buiyou\/#primaryimage"},"image":{"@id":"https:\/\/www.comunidadeativa.jor.br\/index.php\/2023\/02\/28\/com-a-dancarina-japonesa-michiru-sadame-deu-samba-no-lugar-do-nihon-buiyou\/#primaryimage"},"thumbnailUrl":"https:\/\/www.comunidadeativa.jor.br\/wp-content\/uploads\/2023\/02\/CAPA-1.jpg","datePublished":"2023-02-28T13:00:58+00:00","breadcrumb":{"@id":"https:\/\/www.comunidadeativa.jor.br\/index.php\/2023\/02\/28\/com-a-dancarina-japonesa-michiru-sadame-deu-samba-no-lugar-do-nihon-buiyou\/#breadcrumb"},"inLanguage":"pt-BR","potentialAction":[{"@type":"ReadAction","target":["https:\/\/www.comunidadeativa.jor.br\/index.php\/2023\/02\/28\/com-a-dancarina-japonesa-michiru-sadame-deu-samba-no-lugar-do-nihon-buiyou\/"]}]},{"@type":"ImageObject","inLanguage":"pt-BR","@id":"https:\/\/www.comunidadeativa.jor.br\/index.php\/2023\/02\/28\/com-a-dancarina-japonesa-michiru-sadame-deu-samba-no-lugar-do-nihon-buiyou\/#primaryimage","url":"https:\/\/www.comunidadeativa.jor.br\/wp-content\/uploads\/2023\/02\/CAPA-1.jpg","contentUrl":"https:\/\/www.comunidadeativa.jor.br\/wp-content\/uploads\/2023\/02\/CAPA-1.jpg","width":1920,"height":1080},{"@type":"BreadcrumbList","@id":"https:\/\/www.comunidadeativa.jor.br\/index.php\/2023\/02\/28\/com-a-dancarina-japonesa-michiru-sadame-deu-samba-no-lugar-do-nihon-buiyou\/#breadcrumb","itemListElement":[{"@type":"ListItem","position":1,"name":"In\u00edcio","item":"https:\/\/www.comunidadeativa.jor.br\/"},{"@type":"ListItem","position":2,"name":"Com a dan\u00e7arina japonesa Michiru Sadame, deu samba no lugar do nihon-buiyou"}]},{"@type":"WebSite","@id":"https:\/\/www.comunidadeativa.jor.br\/#website","url":"https:\/\/www.comunidadeativa.jor.br\/","name":"Comunidade Ativa","description":"","publisher":{"@id":"https:\/\/www.comunidadeativa.jor.br\/#organization"},"potentialAction":[{"@type":"SearchAction","target":{"@type":"EntryPoint","urlTemplate":"https:\/\/www.comunidadeativa.jor.br\/?s={search_term_string}"},"query-input":{"@type":"PropertyValueSpecification","valueRequired":true,"valueName":"search_term_string"}}],"inLanguage":"pt-BR"},{"@type":"Organization","@id":"https:\/\/www.comunidadeativa.jor.br\/#organization","name":"Comunidade Ativa","url":"https:\/\/www.comunidadeativa.jor.br\/","logo":{"@type":"ImageObject","inLanguage":"pt-BR","@id":"https:\/\/www.comunidadeativa.jor.br\/#\/schema\/logo\/image\/","url":"https:\/\/www.comunidadeativa.jor.br\/wp-content\/uploads\/2018\/03\/cropped-LOGOPNG-1.png","contentUrl":"https:\/\/www.comunidadeativa.jor.br\/wp-content\/uploads\/2018\/03\/cropped-LOGOPNG-1.png","width":318,"height":90,"caption":"Comunidade Ativa"},"image":{"@id":"https:\/\/www.comunidadeativa.jor.br\/#\/schema\/logo\/image\/"},"sameAs":["https:\/\/www.facebook.com\/comunidadeativa"]},{"@type":"Person","@id":"https:\/\/www.comunidadeativa.jor.br\/#\/schema\/person\/dcaa1f1c51c1f0c47a33b2b734cad6e1","name":"Comunidade Ativa","image":{"@type":"ImageObject","inLanguage":"pt-BR","@id":"https:\/\/www.comunidadeativa.jor.br\/#\/schema\/person\/image\/","url":"https:\/\/secure.gravatar.com\/avatar\/09a9a1f85fedf41e81b47f7c1d40084f?s=96&d=mm&r=g","contentUrl":"https:\/\/secure.gravatar.com\/avatar\/09a9a1f85fedf41e81b47f7c1d40084f?s=96&d=mm&r=g","caption":"Comunidade Ativa"},"url":"https:\/\/www.comunidadeativa.jor.br\/index.php\/author\/casalberto\/"}]}},"_links":{"self":[{"href":"https:\/\/www.comunidadeativa.jor.br\/index.php\/wp-json\/wp\/v2\/posts\/3475","targetHints":{"allow":["GET"]}}],"collection":[{"href":"https:\/\/www.comunidadeativa.jor.br\/index.php\/wp-json\/wp\/v2\/posts"}],"about":[{"href":"https:\/\/www.comunidadeativa.jor.br\/index.php\/wp-json\/wp\/v2\/types\/post"}],"author":[{"embeddable":true,"href":"https:\/\/www.comunidadeativa.jor.br\/index.php\/wp-json\/wp\/v2\/users\/1"}],"replies":[{"embeddable":true,"href":"https:\/\/www.comunidadeativa.jor.br\/index.php\/wp-json\/wp\/v2\/comments?post=3475"}],"version-history":[{"count":3,"href":"https:\/\/www.comunidadeativa.jor.br\/index.php\/wp-json\/wp\/v2\/posts\/3475\/revisions"}],"predecessor-version":[{"id":3480,"href":"https:\/\/www.comunidadeativa.jor.br\/index.php\/wp-json\/wp\/v2\/posts\/3475\/revisions\/3480"}],"wp:featuredmedia":[{"embeddable":true,"href":"https:\/\/www.comunidadeativa.jor.br\/index.php\/wp-json\/wp\/v2\/media\/3477"}],"wp:attachment":[{"href":"https:\/\/www.comunidadeativa.jor.br\/index.php\/wp-json\/wp\/v2\/media?parent=3475"}],"wp:term":[{"taxonomy":"category","embeddable":true,"href":"https:\/\/www.comunidadeativa.jor.br\/index.php\/wp-json\/wp\/v2\/categories?post=3475"},{"taxonomy":"post_tag","embeddable":true,"href":"https:\/\/www.comunidadeativa.jor.br\/index.php\/wp-json\/wp\/v2\/tags?post=3475"}],"curies":[{"name":"wp","href":"https:\/\/api.w.org\/{rel}","templated":true}]}}