{"id":3481,"date":"2023-03-03T10:00:09","date_gmt":"2023-03-03T13:00:09","guid":{"rendered":"https:\/\/www.comunidadeativa.jor.br\/?p=3481"},"modified":"2023-02-28T15:43:29","modified_gmt":"2023-02-28T18:43:29","slug":"falhas-no-carnaval-da-regiao-pedem-atencao-especial-da-belotur","status":"publish","type":"post","link":"https:\/\/www.comunidadeativa.jor.br\/index.php\/2023\/03\/03\/falhas-no-carnaval-da-regiao-pedem-atencao-especial-da-belotur\/","title":{"rendered":"Falhas no Carnaval da regi\u00e3o pedem aten\u00e7\u00e3o especial da Belotur"},"content":{"rendered":"<p>Ap\u00f3s tr\u00eas anos de espera, motivos para elogiar o Carnaval da regi\u00e3o n\u00e3o faltam. Al\u00e9m de oito blocos de rua que, nos bairros, agradaram os mais variados tipos de foli\u00f5es, houve o Bloco Caricato Aflitos do Anchieta resgatando a tradi\u00e7\u00e3o carnavalesca com a bela apresenta\u00e7\u00e3o na Afonso Pena, que incluiu como atra\u00e7\u00e3o especial a dan\u00e7arina japonesa Michiru Sadame\u00a0 que ajudou a agremia\u00e7\u00e3o a dar um belo espet\u00e1culo na Afonso Pena.<\/p>\n<p>Houve tamb\u00e9m a homenagem da Escola de Samba Imperavi de Ouros a Luiz Carlos Novais, o morador do Anchieta que \u00e9 um dos nomes mais emblem\u00e1ticos da folia belo-horizontina. Por\u00e9m, h\u00e1 quest\u00f5es problem\u00e1ticas que precisam ser revistas.<\/p>\n<h5>Mas houve falhas<\/h5>\n<p>Na opini\u00e3o do presidente da Amoran, Carlos Alberto Rocha, foram dias de muita alegria, sem relatos de importantes acontecimentos negativos. &#8220;Onde foi necess\u00e1ria a interven\u00e7\u00e3o na \u00e1rea de seguran\u00e7a, a Pol\u00edcia Militar agiu prontamente, resolvendo as quest\u00f5es. Entretanto, ainda que o planejamento por parte da Belotur tenha permitido o bom resultado, h\u00e1 pontos fundamentais que exigem aten\u00e7\u00e3o&#8221;, observa.<\/p>\n<p>Carlos Alberto destaca quatro pontos principais que precisam ser revistos j\u00e1 no Carnaval 2024. &#8220;A\u00a0 come\u00e7ar pelo n\u00famero insuficiente de banheiros qu\u00edmicos, ou mesmo pela a inexist\u00eancia deles, como aconteceu no Domingo de Carnaval na Francisco Deslandes, o que fez com que v\u00e1rios locais nos bairros fossem transformados em mict\u00f3rios a c\u00e9u aberto. &#8220;A organiza\u00e7\u00e3o do tr\u00e2nsito tamb\u00e9m deixou a desejar, com muitas irregularidades acontecendo. A pouca seguran\u00e7a ostensiva foi outro aspecto que n\u00e3o causou a melhor impress\u00e3o. Ainda, \u00e9 preciso avaliar a capacidade da Rua Francisco Deslandes de receber multid\u00f5es de forma segura. Todos esses s\u00e3o fatores que precisam ser revistos para garantir um Carnaval ainda melhor em 2024&#8221;, destaca o presidente.<\/p>\n<h5>Inclus\u00e3o<\/h5>\n<p>Considerando que o Carnaval \u00e9\u00a0 uma festa popular, que deve acolher a todas as pessoas, sem exce\u00e7\u00e3o, Carlos Alberto entende a import\u00e2ncia e incluir a popula\u00e7\u00e3o local como um p\u00fablico que deve ser especialmente valorizado no planejamento da Belotur. &#8220;Como os bairros atendidos pela Amoran s\u00e3o predominantemente residenciais, acredito que seja fundamental incluir as fam\u00edlias como p\u00fablico priorit\u00e1rio do nosso Carnaval local. A festa deve ser de fato inclusiva. Ou seja, al\u00e9m dos jovens, deve prever tamb\u00e9m a participa\u00e7\u00e3o segura de idosos e de crian\u00e7as de todas as idades&#8221;, acredita.<\/p>\n<p>Segundo Carlos Alberto, com bastante anteced\u00eancia do pr\u00f3ximo Carnaval, a Amoran convidar\u00e1 os atores respons\u00e1veis pela folia para um debate em torno do assunto. &#8220;Acreditamos que um di\u00e1logo que inclua a comunidade, os blocos, os v\u00e1rios \u00f3rg\u00e3os da Prefeitura, a Policia Militar e o Corpo de Bombeiros pode ser muito valioso para que, em 2024, tenhamos um Carnaval mais seguro, mais limpo e verdadeiramente inclusivo&#8221;, conclui.<\/p>\n","protected":false},"excerpt":{"rendered":"<p>Ap\u00f3s tr\u00eas anos de espera, motivos para elogiar o Carnaval da regi\u00e3o n\u00e3o faltam. Al\u00e9m de oito blocos de rua<\/p>\n","protected":false},"author":1,"featured_media":3482,"comment_status":"closed","ping_status":"open","sticky":false,"template":"","format":"standard","meta":{"footnotes":""},"categories":[12],"tags":[],"class_list":["post-3481","post","type-post","status-publish","format-standard","has-post-thumbnail","hentry","category-cidadania"],"yoast_head":"<!-- This site is optimized with the Yoast SEO plugin v26.0 - https:\/\/yoast.com\/wordpress\/plugins\/seo\/ -->\n<title>Falhas no Carnaval da regi\u00e3o pedem aten\u00e7\u00e3o especial da Belotur - Comunidade Ativa<\/title>\n<meta name=\"robots\" content=\"index, follow, max-snippet:-1, max-image-preview:large, max-video-preview:-1\" \/>\n<link rel=\"canonical\" href=\"https:\/\/www.comunidadeativa.jor.br\/index.php\/2023\/03\/03\/falhas-no-carnaval-da-regiao-pedem-atencao-especial-da-belotur\/\" \/>\n<meta property=\"og:locale\" content=\"pt_BR\" \/>\n<meta property=\"og:type\" content=\"article\" \/>\n<meta property=\"og:title\" content=\"Falhas no Carnaval da regi\u00e3o pedem aten\u00e7\u00e3o especial da Belotur - Comunidade Ativa\" \/>\n<meta property=\"og:description\" content=\"Ap\u00f3s tr\u00eas anos de espera, motivos para elogiar o Carnaval da regi\u00e3o n\u00e3o faltam. Al\u00e9m de oito blocos de rua\" \/>\n<meta property=\"og:url\" content=\"https:\/\/www.comunidadeativa.jor.br\/index.php\/2023\/03\/03\/falhas-no-carnaval-da-regiao-pedem-atencao-especial-da-belotur\/\" \/>\n<meta property=\"og:site_name\" content=\"Comunidade Ativa\" \/>\n<meta property=\"article:publisher\" content=\"https:\/\/www.facebook.com\/comunidadeativa\" \/>\n<meta property=\"article:published_time\" content=\"2023-03-03T13:00:09+00:00\" \/>\n<meta property=\"og:image\" content=\"https:\/\/www.comunidadeativa.jor.br\/wp-content\/uploads\/2023\/02\/CAPA-2-1024x576.jpg\" \/>\n\t<meta property=\"og:image:width\" content=\"1024\" \/>\n\t<meta property=\"og:image:height\" content=\"576\" \/>\n\t<meta property=\"og:image:type\" content=\"image\/jpeg\" \/>\n<meta name=\"author\" content=\"Comunidade Ativa\" \/>\n<meta name=\"twitter:card\" content=\"summary_large_image\" \/>\n<meta name=\"twitter:label1\" content=\"Escrito por\" \/>\n\t<meta name=\"twitter:data1\" content=\"Comunidade Ativa\" \/>\n\t<meta name=\"twitter:label2\" content=\"Est. tempo de leitura\" \/>\n\t<meta name=\"twitter:data2\" content=\"2 minutos\" \/>\n<script type=\"application\/ld+json\" class=\"yoast-schema-graph\">{\"@context\":\"https:\/\/schema.org\",\"@graph\":[{\"@type\":\"Article\",\"@id\":\"https:\/\/www.comunidadeativa.jor.br\/index.php\/2023\/03\/03\/falhas-no-carnaval-da-regiao-pedem-atencao-especial-da-belotur\/#article\",\"isPartOf\":{\"@id\":\"https:\/\/www.comunidadeativa.jor.br\/index.php\/2023\/03\/03\/falhas-no-carnaval-da-regiao-pedem-atencao-especial-da-belotur\/\"},\"author\":{\"name\":\"Comunidade Ativa\",\"@id\":\"https:\/\/www.comunidadeativa.jor.br\/#\/schema\/person\/dcaa1f1c51c1f0c47a33b2b734cad6e1\"},\"headline\":\"Falhas no Carnaval da regi\u00e3o pedem aten\u00e7\u00e3o especial da Belotur\",\"datePublished\":\"2023-03-03T13:00:09+00:00\",\"mainEntityOfPage\":{\"@id\":\"https:\/\/www.comunidadeativa.jor.br\/index.php\/2023\/03\/03\/falhas-no-carnaval-da-regiao-pedem-atencao-especial-da-belotur\/\"},\"wordCount\":502,\"publisher\":{\"@id\":\"https:\/\/www.comunidadeativa.jor.br\/#organization\"},\"image\":{\"@id\":\"https:\/\/www.comunidadeativa.jor.br\/index.php\/2023\/03\/03\/falhas-no-carnaval-da-regiao-pedem-atencao-especial-da-belotur\/#primaryimage\"},\"thumbnailUrl\":\"https:\/\/www.comunidadeativa.jor.br\/wp-content\/uploads\/2023\/02\/CAPA-2.jpg\",\"articleSection\":[\"Cidadania\"],\"inLanguage\":\"pt-BR\"},{\"@type\":\"WebPage\",\"@id\":\"https:\/\/www.comunidadeativa.jor.br\/index.php\/2023\/03\/03\/falhas-no-carnaval-da-regiao-pedem-atencao-especial-da-belotur\/\",\"url\":\"https:\/\/www.comunidadeativa.jor.br\/index.php\/2023\/03\/03\/falhas-no-carnaval-da-regiao-pedem-atencao-especial-da-belotur\/\",\"name\":\"Falhas no Carnaval da regi\u00e3o pedem aten\u00e7\u00e3o especial da Belotur - Comunidade Ativa\",\"isPartOf\":{\"@id\":\"https:\/\/www.comunidadeativa.jor.br\/#website\"},\"primaryImageOfPage\":{\"@id\":\"https:\/\/www.comunidadeativa.jor.br\/index.php\/2023\/03\/03\/falhas-no-carnaval-da-regiao-pedem-atencao-especial-da-belotur\/#primaryimage\"},\"image\":{\"@id\":\"https:\/\/www.comunidadeativa.jor.br\/index.php\/2023\/03\/03\/falhas-no-carnaval-da-regiao-pedem-atencao-especial-da-belotur\/#primaryimage\"},\"thumbnailUrl\":\"https:\/\/www.comunidadeativa.jor.br\/wp-content\/uploads\/2023\/02\/CAPA-2.jpg\",\"datePublished\":\"2023-03-03T13:00:09+00:00\",\"breadcrumb\":{\"@id\":\"https:\/\/www.comunidadeativa.jor.br\/index.php\/2023\/03\/03\/falhas-no-carnaval-da-regiao-pedem-atencao-especial-da-belotur\/#breadcrumb\"},\"inLanguage\":\"pt-BR\",\"potentialAction\":[{\"@type\":\"ReadAction\",\"target\":[\"https:\/\/www.comunidadeativa.jor.br\/index.php\/2023\/03\/03\/falhas-no-carnaval-da-regiao-pedem-atencao-especial-da-belotur\/\"]}]},{\"@type\":\"ImageObject\",\"inLanguage\":\"pt-BR\",\"@id\":\"https:\/\/www.comunidadeativa.jor.br\/index.php\/2023\/03\/03\/falhas-no-carnaval-da-regiao-pedem-atencao-especial-da-belotur\/#primaryimage\",\"url\":\"https:\/\/www.comunidadeativa.jor.br\/wp-content\/uploads\/2023\/02\/CAPA-2.jpg\",\"contentUrl\":\"https:\/\/www.comunidadeativa.jor.br\/wp-content\/uploads\/2023\/02\/CAPA-2.jpg\",\"width\":1920,\"height\":1080},{\"@type\":\"BreadcrumbList\",\"@id\":\"https:\/\/www.comunidadeativa.jor.br\/index.php\/2023\/03\/03\/falhas-no-carnaval-da-regiao-pedem-atencao-especial-da-belotur\/#breadcrumb\",\"itemListElement\":[{\"@type\":\"ListItem\",\"position\":1,\"name\":\"In\u00edcio\",\"item\":\"https:\/\/www.comunidadeativa.jor.br\/\"},{\"@type\":\"ListItem\",\"position\":2,\"name\":\"Falhas no Carnaval da regi\u00e3o pedem aten\u00e7\u00e3o especial da Belotur\"}]},{\"@type\":\"WebSite\",\"@id\":\"https:\/\/www.comunidadeativa.jor.br\/#website\",\"url\":\"https:\/\/www.comunidadeativa.jor.br\/\",\"name\":\"Comunidade Ativa\",\"description\":\"\",\"publisher\":{\"@id\":\"https:\/\/www.comunidadeativa.jor.br\/#organization\"},\"potentialAction\":[{\"@type\":\"SearchAction\",\"target\":{\"@type\":\"EntryPoint\",\"urlTemplate\":\"https:\/\/www.comunidadeativa.jor.br\/?s={search_term_string}\"},\"query-input\":{\"@type\":\"PropertyValueSpecification\",\"valueRequired\":true,\"valueName\":\"search_term_string\"}}],\"inLanguage\":\"pt-BR\"},{\"@type\":\"Organization\",\"@id\":\"https:\/\/www.comunidadeativa.jor.br\/#organization\",\"name\":\"Comunidade Ativa\",\"url\":\"https:\/\/www.comunidadeativa.jor.br\/\",\"logo\":{\"@type\":\"ImageObject\",\"inLanguage\":\"pt-BR\",\"@id\":\"https:\/\/www.comunidadeativa.jor.br\/#\/schema\/logo\/image\/\",\"url\":\"https:\/\/www.comunidadeativa.jor.br\/wp-content\/uploads\/2018\/03\/cropped-LOGOPNG-1.png\",\"contentUrl\":\"https:\/\/www.comunidadeativa.jor.br\/wp-content\/uploads\/2018\/03\/cropped-LOGOPNG-1.png\",\"width\":318,\"height\":90,\"caption\":\"Comunidade Ativa\"},\"image\":{\"@id\":\"https:\/\/www.comunidadeativa.jor.br\/#\/schema\/logo\/image\/\"},\"sameAs\":[\"https:\/\/www.facebook.com\/comunidadeativa\"]},{\"@type\":\"Person\",\"@id\":\"https:\/\/www.comunidadeativa.jor.br\/#\/schema\/person\/dcaa1f1c51c1f0c47a33b2b734cad6e1\",\"name\":\"Comunidade Ativa\",\"image\":{\"@type\":\"ImageObject\",\"inLanguage\":\"pt-BR\",\"@id\":\"https:\/\/www.comunidadeativa.jor.br\/#\/schema\/person\/image\/\",\"url\":\"https:\/\/secure.gravatar.com\/avatar\/09a9a1f85fedf41e81b47f7c1d40084f?s=96&d=mm&r=g\",\"contentUrl\":\"https:\/\/secure.gravatar.com\/avatar\/09a9a1f85fedf41e81b47f7c1d40084f?s=96&d=mm&r=g\",\"caption\":\"Comunidade Ativa\"},\"url\":\"https:\/\/www.comunidadeativa.jor.br\/index.php\/author\/casalberto\/\"}]}<\/script>\n<!-- \/ Yoast SEO plugin. -->","yoast_head_json":{"title":"Falhas no Carnaval da regi\u00e3o pedem aten\u00e7\u00e3o especial da Belotur - Comunidade Ativa","robots":{"index":"index","follow":"follow","max-snippet":"max-snippet:-1","max-image-preview":"max-image-preview:large","max-video-preview":"max-video-preview:-1"},"canonical":"https:\/\/www.comunidadeativa.jor.br\/index.php\/2023\/03\/03\/falhas-no-carnaval-da-regiao-pedem-atencao-especial-da-belotur\/","og_locale":"pt_BR","og_type":"article","og_title":"Falhas no Carnaval da regi\u00e3o pedem aten\u00e7\u00e3o especial da Belotur - Comunidade Ativa","og_description":"Ap\u00f3s tr\u00eas anos de espera, motivos para elogiar o Carnaval da regi\u00e3o n\u00e3o faltam. Al\u00e9m de oito blocos de rua","og_url":"https:\/\/www.comunidadeativa.jor.br\/index.php\/2023\/03\/03\/falhas-no-carnaval-da-regiao-pedem-atencao-especial-da-belotur\/","og_site_name":"Comunidade Ativa","article_publisher":"https:\/\/www.facebook.com\/comunidadeativa","article_published_time":"2023-03-03T13:00:09+00:00","og_image":[{"width":1024,"height":576,"url":"https:\/\/www.comunidadeativa.jor.br\/wp-content\/uploads\/2023\/02\/CAPA-2-1024x576.jpg","type":"image\/jpeg"}],"author":"Comunidade Ativa","twitter_card":"summary_large_image","twitter_misc":{"Escrito por":"Comunidade Ativa","Est. tempo de leitura":"2 minutos"},"schema":{"@context":"https:\/\/schema.org","@graph":[{"@type":"Article","@id":"https:\/\/www.comunidadeativa.jor.br\/index.php\/2023\/03\/03\/falhas-no-carnaval-da-regiao-pedem-atencao-especial-da-belotur\/#article","isPartOf":{"@id":"https:\/\/www.comunidadeativa.jor.br\/index.php\/2023\/03\/03\/falhas-no-carnaval-da-regiao-pedem-atencao-especial-da-belotur\/"},"author":{"name":"Comunidade Ativa","@id":"https:\/\/www.comunidadeativa.jor.br\/#\/schema\/person\/dcaa1f1c51c1f0c47a33b2b734cad6e1"},"headline":"Falhas no Carnaval da regi\u00e3o pedem aten\u00e7\u00e3o especial da Belotur","datePublished":"2023-03-03T13:00:09+00:00","mainEntityOfPage":{"@id":"https:\/\/www.comunidadeativa.jor.br\/index.php\/2023\/03\/03\/falhas-no-carnaval-da-regiao-pedem-atencao-especial-da-belotur\/"},"wordCount":502,"publisher":{"@id":"https:\/\/www.comunidadeativa.jor.br\/#organization"},"image":{"@id":"https:\/\/www.comunidadeativa.jor.br\/index.php\/2023\/03\/03\/falhas-no-carnaval-da-regiao-pedem-atencao-especial-da-belotur\/#primaryimage"},"thumbnailUrl":"https:\/\/www.comunidadeativa.jor.br\/wp-content\/uploads\/2023\/02\/CAPA-2.jpg","articleSection":["Cidadania"],"inLanguage":"pt-BR"},{"@type":"WebPage","@id":"https:\/\/www.comunidadeativa.jor.br\/index.php\/2023\/03\/03\/falhas-no-carnaval-da-regiao-pedem-atencao-especial-da-belotur\/","url":"https:\/\/www.comunidadeativa.jor.br\/index.php\/2023\/03\/03\/falhas-no-carnaval-da-regiao-pedem-atencao-especial-da-belotur\/","name":"Falhas no Carnaval da regi\u00e3o pedem aten\u00e7\u00e3o especial da Belotur - Comunidade Ativa","isPartOf":{"@id":"https:\/\/www.comunidadeativa.jor.br\/#website"},"primaryImageOfPage":{"@id":"https:\/\/www.comunidadeativa.jor.br\/index.php\/2023\/03\/03\/falhas-no-carnaval-da-regiao-pedem-atencao-especial-da-belotur\/#primaryimage"},"image":{"@id":"https:\/\/www.comunidadeativa.jor.br\/index.php\/2023\/03\/03\/falhas-no-carnaval-da-regiao-pedem-atencao-especial-da-belotur\/#primaryimage"},"thumbnailUrl":"https:\/\/www.comunidadeativa.jor.br\/wp-content\/uploads\/2023\/02\/CAPA-2.jpg","datePublished":"2023-03-03T13:00:09+00:00","breadcrumb":{"@id":"https:\/\/www.comunidadeativa.jor.br\/index.php\/2023\/03\/03\/falhas-no-carnaval-da-regiao-pedem-atencao-especial-da-belotur\/#breadcrumb"},"inLanguage":"pt-BR","potentialAction":[{"@type":"ReadAction","target":["https:\/\/www.comunidadeativa.jor.br\/index.php\/2023\/03\/03\/falhas-no-carnaval-da-regiao-pedem-atencao-especial-da-belotur\/"]}]},{"@type":"ImageObject","inLanguage":"pt-BR","@id":"https:\/\/www.comunidadeativa.jor.br\/index.php\/2023\/03\/03\/falhas-no-carnaval-da-regiao-pedem-atencao-especial-da-belotur\/#primaryimage","url":"https:\/\/www.comunidadeativa.jor.br\/wp-content\/uploads\/2023\/02\/CAPA-2.jpg","contentUrl":"https:\/\/www.comunidadeativa.jor.br\/wp-content\/uploads\/2023\/02\/CAPA-2.jpg","width":1920,"height":1080},{"@type":"BreadcrumbList","@id":"https:\/\/www.comunidadeativa.jor.br\/index.php\/2023\/03\/03\/falhas-no-carnaval-da-regiao-pedem-atencao-especial-da-belotur\/#breadcrumb","itemListElement":[{"@type":"ListItem","position":1,"name":"In\u00edcio","item":"https:\/\/www.comunidadeativa.jor.br\/"},{"@type":"ListItem","position":2,"name":"Falhas no Carnaval da regi\u00e3o pedem aten\u00e7\u00e3o especial da Belotur"}]},{"@type":"WebSite","@id":"https:\/\/www.comunidadeativa.jor.br\/#website","url":"https:\/\/www.comunidadeativa.jor.br\/","name":"Comunidade Ativa","description":"","publisher":{"@id":"https:\/\/www.comunidadeativa.jor.br\/#organization"},"potentialAction":[{"@type":"SearchAction","target":{"@type":"EntryPoint","urlTemplate":"https:\/\/www.comunidadeativa.jor.br\/?s={search_term_string}"},"query-input":{"@type":"PropertyValueSpecification","valueRequired":true,"valueName":"search_term_string"}}],"inLanguage":"pt-BR"},{"@type":"Organization","@id":"https:\/\/www.comunidadeativa.jor.br\/#organization","name":"Comunidade Ativa","url":"https:\/\/www.comunidadeativa.jor.br\/","logo":{"@type":"ImageObject","inLanguage":"pt-BR","@id":"https:\/\/www.comunidadeativa.jor.br\/#\/schema\/logo\/image\/","url":"https:\/\/www.comunidadeativa.jor.br\/wp-content\/uploads\/2018\/03\/cropped-LOGOPNG-1.png","contentUrl":"https:\/\/www.comunidadeativa.jor.br\/wp-content\/uploads\/2018\/03\/cropped-LOGOPNG-1.png","width":318,"height":90,"caption":"Comunidade Ativa"},"image":{"@id":"https:\/\/www.comunidadeativa.jor.br\/#\/schema\/logo\/image\/"},"sameAs":["https:\/\/www.facebook.com\/comunidadeativa"]},{"@type":"Person","@id":"https:\/\/www.comunidadeativa.jor.br\/#\/schema\/person\/dcaa1f1c51c1f0c47a33b2b734cad6e1","name":"Comunidade Ativa","image":{"@type":"ImageObject","inLanguage":"pt-BR","@id":"https:\/\/www.comunidadeativa.jor.br\/#\/schema\/person\/image\/","url":"https:\/\/secure.gravatar.com\/avatar\/09a9a1f85fedf41e81b47f7c1d40084f?s=96&d=mm&r=g","contentUrl":"https:\/\/secure.gravatar.com\/avatar\/09a9a1f85fedf41e81b47f7c1d40084f?s=96&d=mm&r=g","caption":"Comunidade Ativa"},"url":"https:\/\/www.comunidadeativa.jor.br\/index.php\/author\/casalberto\/"}]}},"_links":{"self":[{"href":"https:\/\/www.comunidadeativa.jor.br\/index.php\/wp-json\/wp\/v2\/posts\/3481","targetHints":{"allow":["GET"]}}],"collection":[{"href":"https:\/\/www.comunidadeativa.jor.br\/index.php\/wp-json\/wp\/v2\/posts"}],"about":[{"href":"https:\/\/www.comunidadeativa.jor.br\/index.php\/wp-json\/wp\/v2\/types\/post"}],"author":[{"embeddable":true,"href":"https:\/\/www.comunidadeativa.jor.br\/index.php\/wp-json\/wp\/v2\/users\/1"}],"replies":[{"embeddable":true,"href":"https:\/\/www.comunidadeativa.jor.br\/index.php\/wp-json\/wp\/v2\/comments?post=3481"}],"version-history":[{"count":1,"href":"https:\/\/www.comunidadeativa.jor.br\/index.php\/wp-json\/wp\/v2\/posts\/3481\/revisions"}],"predecessor-version":[{"id":3483,"href":"https:\/\/www.comunidadeativa.jor.br\/index.php\/wp-json\/wp\/v2\/posts\/3481\/revisions\/3483"}],"wp:featuredmedia":[{"embeddable":true,"href":"https:\/\/www.comunidadeativa.jor.br\/index.php\/wp-json\/wp\/v2\/media\/3482"}],"wp:attachment":[{"href":"https:\/\/www.comunidadeativa.jor.br\/index.php\/wp-json\/wp\/v2\/media?parent=3481"}],"wp:term":[{"taxonomy":"category","embeddable":true,"href":"https:\/\/www.comunidadeativa.jor.br\/index.php\/wp-json\/wp\/v2\/categories?post=3481"},{"taxonomy":"post_tag","embeddable":true,"href":"https:\/\/www.comunidadeativa.jor.br\/index.php\/wp-json\/wp\/v2\/tags?post=3481"}],"curies":[{"name":"wp","href":"https:\/\/api.w.org\/{rel}","templated":true}]}}