{"id":3484,"date":"2023-03-12T10:00:37","date_gmt":"2023-03-12T13:00:37","guid":{"rendered":"https:\/\/www.comunidadeativa.jor.br\/?p=3484"},"modified":"2023-08-15T17:45:48","modified_gmt":"2023-08-15T20:45:48","slug":"3484","status":"publish","type":"post","link":"https:\/\/www.comunidadeativa.jor.br\/index.php\/2023\/03\/12\/3484\/","title":{"rendered":"Sensibilidade dentin\u00e1ria deve ser tratada com urg\u00eancia"},"content":{"rendered":"<p>Quem sofre com o problema sabe bem como \u00e9. Prazeres simples da vida \u2014 como tomar um sorvete ou um cafezinho ou comer um brigadeiro \u2014 podem se transformar em gatilhos para uma dor aguda, que come\u00e7a em um ou mais dentes e que, segundo os mais dram\u00e1ticos, pode chegar at\u00e9 a alma.<\/p>\n<p>No primeiro momento, h\u00e1 quem imagine que a fonte daquele sofrimento instant\u00e2neo e profundo est\u00e1 em uma c\u00e1rie. Por\u00e9m, uma consulta ao dentista pode revelar que a origem da dor vem da hipersensibilidade dentin\u00e1ria, que \u00e9 a sensibilidade elevada da dentina quando \u00e9 exposta a est\u00edmulos t\u00e9rmicos, de calor ou de frio, a agentes qu\u00edmicos, como o a\u00e7\u00facar, ou como rea\u00e7\u00e3o ao toque ou a uma mordida.<\/p>\n<h5>Origem<\/h5>\n<p>Diferente da c\u00e1rie, que tem origem na a\u00e7\u00e3o de bact\u00e9rias sobre a denti\u00e7\u00e3o, a sensibilidade dentin\u00e1ria surge devido \u00e0 eros\u00e3o do esmalte que recobre os dentes ou \u00e9 causada pela retra\u00e7\u00e3o da gengiva, tendo como consequ\u00eancia a exposi\u00e7\u00e3o da parte interna da estrutura dental, que \u00e9 composta pela dentina e pelos t\u00fabulos dentin\u00e1rios. Como os tais t\u00fabulos s\u00e3o canais preenchidos com um l\u00edquido e t\u00eam termina\u00e7\u00f5es nervosas, quando h\u00e1 a mudan\u00e7a de press\u00e3o no dente, provocada por algum daqueles fatores t\u00e9rmicos, qu\u00edmicos ou de contato, surge a rea\u00e7\u00e3o dolorosa.<\/p>\n<h5>Erro<\/h5>\n<p>Diante disso, muitas vezes a atitude do paciente com dentes sens\u00edveis \u00e9 intensificar a escova\u00e7\u00e3o, o que pode piorar o problema. Ocorre que o excesso de escova\u00e7\u00e3o ou a press\u00e3o exagerada na hora de escovar os dentes pode aumentar a eros\u00e3o do esmalte, aumentando tamb\u00e9m a exposi\u00e7\u00e3o da dentina.<br \/>\nMas, nem s\u00f3 a a\u00e7\u00e3o mec\u00e2nica da escova\u00e7\u00e3o causa aquela eros\u00e3o do esmalte. O consumo excessivo de alimentos ou de bebidas \u00e1cidas \u2014 como frutas c\u00edtricas e refrigerantes \u2014 ou mesmo problemas de refluxo, que aumentam a acidez da boca, tamb\u00e9m podem danificar os dentes.<\/p>\n<h5>Preven\u00e7\u00e3o<\/h5>\n<p>Antes de tudo, \u00e9 importante entender que a boa higiene bucal n\u00e3o exige muita for\u00e7a na escova\u00e7\u00e3o e nem que ela seja feita v\u00e1rias vezes ao dia. Junto com o uso do fio dental, a escova\u00e7\u00e3o realizada com uma escova macia \u2014 pela manh\u00e3, ap\u00f3s o almo\u00e7o e \u00e0 noite, por dois minutos a cada vez \u2014 \u00e9 suficiente para deixar os dentes limpos e livres da c\u00e1rie, sem que haja um desgaste excessivo do esmalte dent\u00e1rio.<\/p>\n<p>No caso da acidez bucal, o ideal \u00e9 lavar a boca ap\u00f3s o consumo de algum alimento ou de bebida mais \u00e1cida ou quando houver refluxo ou v\u00f4mito, sem fazer a escova\u00e7\u00e3o imediata. Considerando que a acidez afeta a resist\u00eancia do esmalte, os dentes s\u00f3 devem ser escovados cerca de meia hora ap\u00f3s o enxague, quando o pH da boca estiver mais equilibrado.<\/p>\n<h5>Tratamento urgente<\/h5>\n<p>Como a sensibilidade dentin\u00e1ria pode surgir por motivos variados, h\u00e1 situa\u00e7\u00f5es em que a solu\u00e7\u00e3o do problema n\u00e3o est\u00e1 em apenas usar um creme dental para dentes sens\u00edveis. Portanto, caber\u00e1 ao dentista avaliar os fatores que est\u00e3o afetando a denti\u00e7\u00e3o, para, s\u00f3 depois, indicar o melhor tratamento a ser seguido.<\/p>\n<p>A interven\u00e7\u00e3o profissional deve acontecer o mais r\u00e1pido poss\u00edvel, impedindo que o quadro evolua. Isso pode evitar, por exemplo, que a sensibilidade leve a inflama\u00e7\u00f5es que s\u00f3 ser\u00e3o sanadas por um tratamento de canal.<\/p>\n","protected":false},"excerpt":{"rendered":"<p>Quem sofre com o problema sabe bem como \u00e9. Prazeres simples da vida \u2014 como tomar um sorvete ou um<\/p>\n","protected":false},"author":1,"featured_media":3485,"comment_status":"closed","ping_status":"open","sticky":false,"template":"","format":"standard","meta":{"footnotes":""},"categories":[9],"tags":[],"class_list":["post-3484","post","type-post","status-publish","format-standard","has-post-thumbnail","hentry","category-saude-qualidade-de-vida"],"yoast_head":"<!-- This site is optimized with the Yoast SEO plugin v26.0 - https:\/\/yoast.com\/wordpress\/plugins\/seo\/ -->\n<title>Sensibilidade dentin\u00e1ria deve ser tratada com urg\u00eancia - Comunidade Ativa<\/title>\n<meta name=\"robots\" content=\"index, follow, max-snippet:-1, max-image-preview:large, max-video-preview:-1\" \/>\n<link rel=\"canonical\" href=\"https:\/\/www.comunidadeativa.jor.br\/index.php\/2023\/03\/12\/3484\/\" \/>\n<meta property=\"og:locale\" content=\"pt_BR\" \/>\n<meta property=\"og:type\" content=\"article\" \/>\n<meta property=\"og:title\" content=\"Sensibilidade dentin\u00e1ria deve ser tratada com urg\u00eancia - Comunidade Ativa\" \/>\n<meta property=\"og:description\" content=\"Quem sofre com o problema sabe bem como \u00e9. Prazeres simples da vida \u2014 como tomar um sorvete ou um\" \/>\n<meta property=\"og:url\" content=\"https:\/\/www.comunidadeativa.jor.br\/index.php\/2023\/03\/12\/3484\/\" \/>\n<meta property=\"og:site_name\" content=\"Comunidade Ativa\" \/>\n<meta property=\"article:publisher\" content=\"https:\/\/www.facebook.com\/comunidadeativa\" \/>\n<meta property=\"article:published_time\" content=\"2023-03-12T13:00:37+00:00\" \/>\n<meta property=\"article:modified_time\" content=\"2023-08-15T20:45:48+00:00\" \/>\n<meta property=\"og:image\" content=\"https:\/\/www.comunidadeativa.jor.br\/wp-content\/uploads\/2023\/02\/CAPA-3.jpg\" \/>\n\t<meta property=\"og:image:width\" content=\"1920\" \/>\n\t<meta property=\"og:image:height\" content=\"1080\" \/>\n\t<meta property=\"og:image:type\" content=\"image\/jpeg\" \/>\n<meta name=\"author\" content=\"Comunidade Ativa\" \/>\n<meta name=\"twitter:card\" content=\"summary_large_image\" \/>\n<meta name=\"twitter:label1\" content=\"Escrito por\" \/>\n\t<meta name=\"twitter:data1\" content=\"Comunidade Ativa\" \/>\n\t<meta name=\"twitter:label2\" content=\"Est. tempo de leitura\" \/>\n\t<meta name=\"twitter:data2\" content=\"3 minutos\" \/>\n<script type=\"application\/ld+json\" class=\"yoast-schema-graph\">{\"@context\":\"https:\/\/schema.org\",\"@graph\":[{\"@type\":\"Article\",\"@id\":\"https:\/\/www.comunidadeativa.jor.br\/index.php\/2023\/03\/12\/3484\/#article\",\"isPartOf\":{\"@id\":\"https:\/\/www.comunidadeativa.jor.br\/index.php\/2023\/03\/12\/3484\/\"},\"author\":{\"name\":\"Comunidade Ativa\",\"@id\":\"https:\/\/www.comunidadeativa.jor.br\/#\/schema\/person\/dcaa1f1c51c1f0c47a33b2b734cad6e1\"},\"headline\":\"Sensibilidade dentin\u00e1ria deve ser tratada com urg\u00eancia\",\"datePublished\":\"2023-03-12T13:00:37+00:00\",\"dateModified\":\"2023-08-15T20:45:48+00:00\",\"mainEntityOfPage\":{\"@id\":\"https:\/\/www.comunidadeativa.jor.br\/index.php\/2023\/03\/12\/3484\/\"},\"wordCount\":596,\"publisher\":{\"@id\":\"https:\/\/www.comunidadeativa.jor.br\/#organization\"},\"image\":{\"@id\":\"https:\/\/www.comunidadeativa.jor.br\/index.php\/2023\/03\/12\/3484\/#primaryimage\"},\"thumbnailUrl\":\"https:\/\/www.comunidadeativa.jor.br\/wp-content\/uploads\/2023\/02\/CAPA-3.jpg\",\"articleSection\":[\"Sa\u00fade &amp; Qualidade de Vida\"],\"inLanguage\":\"pt-BR\"},{\"@type\":\"WebPage\",\"@id\":\"https:\/\/www.comunidadeativa.jor.br\/index.php\/2023\/03\/12\/3484\/\",\"url\":\"https:\/\/www.comunidadeativa.jor.br\/index.php\/2023\/03\/12\/3484\/\",\"name\":\"Sensibilidade dentin\u00e1ria deve ser tratada com urg\u00eancia - Comunidade Ativa\",\"isPartOf\":{\"@id\":\"https:\/\/www.comunidadeativa.jor.br\/#website\"},\"primaryImageOfPage\":{\"@id\":\"https:\/\/www.comunidadeativa.jor.br\/index.php\/2023\/03\/12\/3484\/#primaryimage\"},\"image\":{\"@id\":\"https:\/\/www.comunidadeativa.jor.br\/index.php\/2023\/03\/12\/3484\/#primaryimage\"},\"thumbnailUrl\":\"https:\/\/www.comunidadeativa.jor.br\/wp-content\/uploads\/2023\/02\/CAPA-3.jpg\",\"datePublished\":\"2023-03-12T13:00:37+00:00\",\"dateModified\":\"2023-08-15T20:45:48+00:00\",\"breadcrumb\":{\"@id\":\"https:\/\/www.comunidadeativa.jor.br\/index.php\/2023\/03\/12\/3484\/#breadcrumb\"},\"inLanguage\":\"pt-BR\",\"potentialAction\":[{\"@type\":\"ReadAction\",\"target\":[\"https:\/\/www.comunidadeativa.jor.br\/index.php\/2023\/03\/12\/3484\/\"]}]},{\"@type\":\"ImageObject\",\"inLanguage\":\"pt-BR\",\"@id\":\"https:\/\/www.comunidadeativa.jor.br\/index.php\/2023\/03\/12\/3484\/#primaryimage\",\"url\":\"https:\/\/www.comunidadeativa.jor.br\/wp-content\/uploads\/2023\/02\/CAPA-3.jpg\",\"contentUrl\":\"https:\/\/www.comunidadeativa.jor.br\/wp-content\/uploads\/2023\/02\/CAPA-3.jpg\",\"width\":1920,\"height\":1080},{\"@type\":\"BreadcrumbList\",\"@id\":\"https:\/\/www.comunidadeativa.jor.br\/index.php\/2023\/03\/12\/3484\/#breadcrumb\",\"itemListElement\":[{\"@type\":\"ListItem\",\"position\":1,\"name\":\"In\u00edcio\",\"item\":\"https:\/\/www.comunidadeativa.jor.br\/\"},{\"@type\":\"ListItem\",\"position\":2,\"name\":\"Sensibilidade dentin\u00e1ria deve ser tratada com urg\u00eancia\"}]},{\"@type\":\"WebSite\",\"@id\":\"https:\/\/www.comunidadeativa.jor.br\/#website\",\"url\":\"https:\/\/www.comunidadeativa.jor.br\/\",\"name\":\"Comunidade Ativa\",\"description\":\"\",\"publisher\":{\"@id\":\"https:\/\/www.comunidadeativa.jor.br\/#organization\"},\"potentialAction\":[{\"@type\":\"SearchAction\",\"target\":{\"@type\":\"EntryPoint\",\"urlTemplate\":\"https:\/\/www.comunidadeativa.jor.br\/?s={search_term_string}\"},\"query-input\":{\"@type\":\"PropertyValueSpecification\",\"valueRequired\":true,\"valueName\":\"search_term_string\"}}],\"inLanguage\":\"pt-BR\"},{\"@type\":\"Organization\",\"@id\":\"https:\/\/www.comunidadeativa.jor.br\/#organization\",\"name\":\"Comunidade Ativa\",\"url\":\"https:\/\/www.comunidadeativa.jor.br\/\",\"logo\":{\"@type\":\"ImageObject\",\"inLanguage\":\"pt-BR\",\"@id\":\"https:\/\/www.comunidadeativa.jor.br\/#\/schema\/logo\/image\/\",\"url\":\"https:\/\/www.comunidadeativa.jor.br\/wp-content\/uploads\/2018\/03\/cropped-LOGOPNG-1.png\",\"contentUrl\":\"https:\/\/www.comunidadeativa.jor.br\/wp-content\/uploads\/2018\/03\/cropped-LOGOPNG-1.png\",\"width\":318,\"height\":90,\"caption\":\"Comunidade Ativa\"},\"image\":{\"@id\":\"https:\/\/www.comunidadeativa.jor.br\/#\/schema\/logo\/image\/\"},\"sameAs\":[\"https:\/\/www.facebook.com\/comunidadeativa\"]},{\"@type\":\"Person\",\"@id\":\"https:\/\/www.comunidadeativa.jor.br\/#\/schema\/person\/dcaa1f1c51c1f0c47a33b2b734cad6e1\",\"name\":\"Comunidade Ativa\",\"image\":{\"@type\":\"ImageObject\",\"inLanguage\":\"pt-BR\",\"@id\":\"https:\/\/www.comunidadeativa.jor.br\/#\/schema\/person\/image\/\",\"url\":\"https:\/\/secure.gravatar.com\/avatar\/09a9a1f85fedf41e81b47f7c1d40084f?s=96&d=mm&r=g\",\"contentUrl\":\"https:\/\/secure.gravatar.com\/avatar\/09a9a1f85fedf41e81b47f7c1d40084f?s=96&d=mm&r=g\",\"caption\":\"Comunidade Ativa\"},\"url\":\"https:\/\/www.comunidadeativa.jor.br\/index.php\/author\/casalberto\/\"}]}<\/script>\n<!-- \/ Yoast SEO plugin. -->","yoast_head_json":{"title":"Sensibilidade dentin\u00e1ria deve ser tratada com urg\u00eancia - Comunidade Ativa","robots":{"index":"index","follow":"follow","max-snippet":"max-snippet:-1","max-image-preview":"max-image-preview:large","max-video-preview":"max-video-preview:-1"},"canonical":"https:\/\/www.comunidadeativa.jor.br\/index.php\/2023\/03\/12\/3484\/","og_locale":"pt_BR","og_type":"article","og_title":"Sensibilidade dentin\u00e1ria deve ser tratada com urg\u00eancia - Comunidade Ativa","og_description":"Quem sofre com o problema sabe bem como \u00e9. Prazeres simples da vida \u2014 como tomar um sorvete ou um","og_url":"https:\/\/www.comunidadeativa.jor.br\/index.php\/2023\/03\/12\/3484\/","og_site_name":"Comunidade Ativa","article_publisher":"https:\/\/www.facebook.com\/comunidadeativa","article_published_time":"2023-03-12T13:00:37+00:00","article_modified_time":"2023-08-15T20:45:48+00:00","og_image":[{"width":1920,"height":1080,"url":"https:\/\/www.comunidadeativa.jor.br\/wp-content\/uploads\/2023\/02\/CAPA-3.jpg","type":"image\/jpeg"}],"author":"Comunidade Ativa","twitter_card":"summary_large_image","twitter_misc":{"Escrito por":"Comunidade Ativa","Est. tempo de leitura":"3 minutos"},"schema":{"@context":"https:\/\/schema.org","@graph":[{"@type":"Article","@id":"https:\/\/www.comunidadeativa.jor.br\/index.php\/2023\/03\/12\/3484\/#article","isPartOf":{"@id":"https:\/\/www.comunidadeativa.jor.br\/index.php\/2023\/03\/12\/3484\/"},"author":{"name":"Comunidade Ativa","@id":"https:\/\/www.comunidadeativa.jor.br\/#\/schema\/person\/dcaa1f1c51c1f0c47a33b2b734cad6e1"},"headline":"Sensibilidade dentin\u00e1ria deve ser tratada com urg\u00eancia","datePublished":"2023-03-12T13:00:37+00:00","dateModified":"2023-08-15T20:45:48+00:00","mainEntityOfPage":{"@id":"https:\/\/www.comunidadeativa.jor.br\/index.php\/2023\/03\/12\/3484\/"},"wordCount":596,"publisher":{"@id":"https:\/\/www.comunidadeativa.jor.br\/#organization"},"image":{"@id":"https:\/\/www.comunidadeativa.jor.br\/index.php\/2023\/03\/12\/3484\/#primaryimage"},"thumbnailUrl":"https:\/\/www.comunidadeativa.jor.br\/wp-content\/uploads\/2023\/02\/CAPA-3.jpg","articleSection":["Sa\u00fade &amp; Qualidade de Vida"],"inLanguage":"pt-BR"},{"@type":"WebPage","@id":"https:\/\/www.comunidadeativa.jor.br\/index.php\/2023\/03\/12\/3484\/","url":"https:\/\/www.comunidadeativa.jor.br\/index.php\/2023\/03\/12\/3484\/","name":"Sensibilidade dentin\u00e1ria deve ser tratada com urg\u00eancia - Comunidade Ativa","isPartOf":{"@id":"https:\/\/www.comunidadeativa.jor.br\/#website"},"primaryImageOfPage":{"@id":"https:\/\/www.comunidadeativa.jor.br\/index.php\/2023\/03\/12\/3484\/#primaryimage"},"image":{"@id":"https:\/\/www.comunidadeativa.jor.br\/index.php\/2023\/03\/12\/3484\/#primaryimage"},"thumbnailUrl":"https:\/\/www.comunidadeativa.jor.br\/wp-content\/uploads\/2023\/02\/CAPA-3.jpg","datePublished":"2023-03-12T13:00:37+00:00","dateModified":"2023-08-15T20:45:48+00:00","breadcrumb":{"@id":"https:\/\/www.comunidadeativa.jor.br\/index.php\/2023\/03\/12\/3484\/#breadcrumb"},"inLanguage":"pt-BR","potentialAction":[{"@type":"ReadAction","target":["https:\/\/www.comunidadeativa.jor.br\/index.php\/2023\/03\/12\/3484\/"]}]},{"@type":"ImageObject","inLanguage":"pt-BR","@id":"https:\/\/www.comunidadeativa.jor.br\/index.php\/2023\/03\/12\/3484\/#primaryimage","url":"https:\/\/www.comunidadeativa.jor.br\/wp-content\/uploads\/2023\/02\/CAPA-3.jpg","contentUrl":"https:\/\/www.comunidadeativa.jor.br\/wp-content\/uploads\/2023\/02\/CAPA-3.jpg","width":1920,"height":1080},{"@type":"BreadcrumbList","@id":"https:\/\/www.comunidadeativa.jor.br\/index.php\/2023\/03\/12\/3484\/#breadcrumb","itemListElement":[{"@type":"ListItem","position":1,"name":"In\u00edcio","item":"https:\/\/www.comunidadeativa.jor.br\/"},{"@type":"ListItem","position":2,"name":"Sensibilidade dentin\u00e1ria deve ser tratada com urg\u00eancia"}]},{"@type":"WebSite","@id":"https:\/\/www.comunidadeativa.jor.br\/#website","url":"https:\/\/www.comunidadeativa.jor.br\/","name":"Comunidade Ativa","description":"","publisher":{"@id":"https:\/\/www.comunidadeativa.jor.br\/#organization"},"potentialAction":[{"@type":"SearchAction","target":{"@type":"EntryPoint","urlTemplate":"https:\/\/www.comunidadeativa.jor.br\/?s={search_term_string}"},"query-input":{"@type":"PropertyValueSpecification","valueRequired":true,"valueName":"search_term_string"}}],"inLanguage":"pt-BR"},{"@type":"Organization","@id":"https:\/\/www.comunidadeativa.jor.br\/#organization","name":"Comunidade Ativa","url":"https:\/\/www.comunidadeativa.jor.br\/","logo":{"@type":"ImageObject","inLanguage":"pt-BR","@id":"https:\/\/www.comunidadeativa.jor.br\/#\/schema\/logo\/image\/","url":"https:\/\/www.comunidadeativa.jor.br\/wp-content\/uploads\/2018\/03\/cropped-LOGOPNG-1.png","contentUrl":"https:\/\/www.comunidadeativa.jor.br\/wp-content\/uploads\/2018\/03\/cropped-LOGOPNG-1.png","width":318,"height":90,"caption":"Comunidade Ativa"},"image":{"@id":"https:\/\/www.comunidadeativa.jor.br\/#\/schema\/logo\/image\/"},"sameAs":["https:\/\/www.facebook.com\/comunidadeativa"]},{"@type":"Person","@id":"https:\/\/www.comunidadeativa.jor.br\/#\/schema\/person\/dcaa1f1c51c1f0c47a33b2b734cad6e1","name":"Comunidade Ativa","image":{"@type":"ImageObject","inLanguage":"pt-BR","@id":"https:\/\/www.comunidadeativa.jor.br\/#\/schema\/person\/image\/","url":"https:\/\/secure.gravatar.com\/avatar\/09a9a1f85fedf41e81b47f7c1d40084f?s=96&d=mm&r=g","contentUrl":"https:\/\/secure.gravatar.com\/avatar\/09a9a1f85fedf41e81b47f7c1d40084f?s=96&d=mm&r=g","caption":"Comunidade Ativa"},"url":"https:\/\/www.comunidadeativa.jor.br\/index.php\/author\/casalberto\/"}]}},"_links":{"self":[{"href":"https:\/\/www.comunidadeativa.jor.br\/index.php\/wp-json\/wp\/v2\/posts\/3484","targetHints":{"allow":["GET"]}}],"collection":[{"href":"https:\/\/www.comunidadeativa.jor.br\/index.php\/wp-json\/wp\/v2\/posts"}],"about":[{"href":"https:\/\/www.comunidadeativa.jor.br\/index.php\/wp-json\/wp\/v2\/types\/post"}],"author":[{"embeddable":true,"href":"https:\/\/www.comunidadeativa.jor.br\/index.php\/wp-json\/wp\/v2\/users\/1"}],"replies":[{"embeddable":true,"href":"https:\/\/www.comunidadeativa.jor.br\/index.php\/wp-json\/wp\/v2\/comments?post=3484"}],"version-history":[{"count":2,"href":"https:\/\/www.comunidadeativa.jor.br\/index.php\/wp-json\/wp\/v2\/posts\/3484\/revisions"}],"predecessor-version":[{"id":3487,"href":"https:\/\/www.comunidadeativa.jor.br\/index.php\/wp-json\/wp\/v2\/posts\/3484\/revisions\/3487"}],"wp:featuredmedia":[{"embeddable":true,"href":"https:\/\/www.comunidadeativa.jor.br\/index.php\/wp-json\/wp\/v2\/media\/3485"}],"wp:attachment":[{"href":"https:\/\/www.comunidadeativa.jor.br\/index.php\/wp-json\/wp\/v2\/media?parent=3484"}],"wp:term":[{"taxonomy":"category","embeddable":true,"href":"https:\/\/www.comunidadeativa.jor.br\/index.php\/wp-json\/wp\/v2\/categories?post=3484"},{"taxonomy":"post_tag","embeddable":true,"href":"https:\/\/www.comunidadeativa.jor.br\/index.php\/wp-json\/wp\/v2\/tags?post=3484"}],"curies":[{"name":"wp","href":"https:\/\/api.w.org\/{rel}","templated":true}]}}