{"id":3512,"date":"2023-05-01T10:00:47","date_gmt":"2023-05-01T13:00:47","guid":{"rendered":"https:\/\/www.comunidadeativa.jor.br\/?p=3512"},"modified":"2023-04-26T17:36:21","modified_gmt":"2023-04-26T20:36:21","slug":"bruxismo-preste-atencao-aos-sintomas","status":"publish","type":"post","link":"https:\/\/www.comunidadeativa.jor.br\/index.php\/2023\/05\/01\/bruxismo-preste-atencao-aos-sintomas\/","title":{"rendered":"Bruxismo: preste aten\u00e7\u00e3o aos sintomas"},"content":{"rendered":"<p>Se voc\u00ea tem acordado\u00a0 com dor de cabe\u00e7a ou na mand\u00edbula ou se seus dentes est\u00e3o desgastados ou apresentam trincas, \u00e9 poss\u00edvel que a origem do problema esteja no bruxismo. Em grande parte das vezes, a condi\u00e7\u00e3o afeta a pessoa durante o sono sem que ela perceba. Mas, tamb\u00e9m pode ocorrer o chamado bruxismo em vig\u00edlia, que normalmente est\u00e1 relacionado a atividades que exigem muito esfor\u00e7o f\u00edsico ou grande concentra\u00e7\u00e3o.<\/p>\n<p>Classificado como uma desordem funcional, o bruxismo se caracteriza pela a\u00e7\u00e3o involunt\u00e1ria de ranger, bater ou apertar os dentes, provocando press\u00e3o excessiva, que pode levar ao desgaste e ao amolecimento da denti\u00e7\u00e3o. Em situa\u00e7\u00f5es extremas, \u00e9 poss\u00edvel tamb\u00e9m ocorrer problemas \u00f3sseos, al\u00e9m de danos na gengiva e na articula\u00e7\u00e3o da mand\u00edbula.<\/p>\n<h5>Causa e efeito<\/h5>\n<p>As causas do bruxismo ainda n\u00e3o s\u00e3o bem definidas. H\u00e1 estudos que associam a condi\u00e7\u00e3o ao estresse emocional ou f\u00edsico e a situa\u00e7\u00f5es de ansiedade ou de depress\u00e3o. J\u00e1 os problemas de oclus\u00e3o \u2014 que impedem que a denti\u00e7\u00e3o se encaixe corretamente e que levariam o paciente a buscar uma posi\u00e7\u00e3o mais confort\u00e1vel, ocasionando o ranger e o apertar dos dentes \u2014 s\u00e3o vistos como pouco relevantes para o caso. A predisposi\u00e7\u00e3o gen\u00e9tica \u00e9 outra causa poss\u00edvel.<\/p>\n<p>De qualquer forma, os danos podem ser consider\u00e1veis. Como as a\u00e7\u00f5es involunt\u00e1rias tensionam a musculatura da cabe\u00e7a e do pesco\u00e7o, surgem as dores de cabe\u00e7a e o excesso de esfor\u00e7o da mand\u00edbula costuma provocar dores mandibulares e dificuldades para abrir a boca. Ao mesmo tempo, o atrito leva \u00e0s trincas e ao desgaste do esmalte dent\u00e1rio, deixando a denti\u00e7\u00e3o mais vulner\u00e1vel \u00e0s c\u00e1ries e a outras doen\u00e7as.<\/p>\n<h5>Tratamento<\/h5>\n<p>Ainda que uma cura definitiva para o bruxismo n\u00e3o seja conhecida, h\u00e1 tratamentos que ajudam a controlar a condi\u00e7\u00e3o e a reduzir os efeitos. As placas dent\u00e1rias protegem os dentes do desgaste, mas n\u00e3o impedem as ocorr\u00eancias. Sendo assim, o tratamento costuma ainda incluir o uso de medica\u00e7\u00e3o que combata as causas do dist\u00farbio, que muitas vezes tamb\u00e9m s\u00e3o control\u00e1veis por terapias que levem \u00e0s mudan\u00e7as de h\u00e1bitos provocadores das tens\u00f5es e de suas consequ\u00eancias.<\/p>\n<p>Portanto, se os sintomas do in\u00edcio da mat\u00e9ria levantaram a suspeita de que voc\u00ea \u00e9 mais uma v\u00edtima do bruxismo, procure a orienta\u00e7\u00e3o do seu dentista.<\/p>\n","protected":false},"excerpt":{"rendered":"<p>Se voc\u00ea tem acordado\u00a0 com dor de cabe\u00e7a ou na mand\u00edbula ou se seus dentes est\u00e3o desgastados ou apresentam trincas,<\/p>\n","protected":false},"author":1,"featured_media":3513,"comment_status":"closed","ping_status":"open","sticky":false,"template":"","format":"standard","meta":{"footnotes":""},"categories":[9],"tags":[],"class_list":["post-3512","post","type-post","status-publish","format-standard","has-post-thumbnail","hentry","category-saude-qualidade-de-vida"],"yoast_head":"<!-- This site is optimized with the Yoast SEO plugin v26.0 - https:\/\/yoast.com\/wordpress\/plugins\/seo\/ -->\n<title>Bruxismo: preste aten\u00e7\u00e3o aos sintomas - Comunidade Ativa<\/title>\n<meta name=\"robots\" content=\"index, follow, max-snippet:-1, max-image-preview:large, max-video-preview:-1\" \/>\n<link rel=\"canonical\" href=\"https:\/\/www.comunidadeativa.jor.br\/index.php\/2023\/05\/01\/bruxismo-preste-atencao-aos-sintomas\/\" \/>\n<meta property=\"og:locale\" content=\"pt_BR\" \/>\n<meta property=\"og:type\" content=\"article\" \/>\n<meta property=\"og:title\" content=\"Bruxismo: preste aten\u00e7\u00e3o aos sintomas - Comunidade Ativa\" \/>\n<meta property=\"og:description\" content=\"Se voc\u00ea tem acordado\u00a0 com dor de cabe\u00e7a ou na mand\u00edbula ou se seus dentes est\u00e3o desgastados ou apresentam trincas,\" \/>\n<meta property=\"og:url\" content=\"https:\/\/www.comunidadeativa.jor.br\/index.php\/2023\/05\/01\/bruxismo-preste-atencao-aos-sintomas\/\" \/>\n<meta property=\"og:site_name\" content=\"Comunidade Ativa\" \/>\n<meta property=\"article:publisher\" content=\"https:\/\/www.facebook.com\/comunidadeativa\" \/>\n<meta property=\"article:published_time\" content=\"2023-05-01T13:00:47+00:00\" \/>\n<meta property=\"og:image\" content=\"https:\/\/www.comunidadeativa.jor.br\/wp-content\/uploads\/2023\/04\/meio-ambiente.jpg\" \/>\n\t<meta property=\"og:image:width\" content=\"640\" \/>\n\t<meta property=\"og:image:height\" content=\"352\" \/>\n\t<meta property=\"og:image:type\" content=\"image\/jpeg\" \/>\n<meta name=\"author\" content=\"Comunidade Ativa\" \/>\n<meta name=\"twitter:card\" content=\"summary_large_image\" \/>\n<meta name=\"twitter:label1\" content=\"Escrito por\" \/>\n\t<meta name=\"twitter:data1\" content=\"Comunidade Ativa\" \/>\n\t<meta name=\"twitter:label2\" content=\"Est. tempo de leitura\" \/>\n\t<meta name=\"twitter:data2\" content=\"2 minutos\" \/>\n<script type=\"application\/ld+json\" class=\"yoast-schema-graph\">{\"@context\":\"https:\/\/schema.org\",\"@graph\":[{\"@type\":\"Article\",\"@id\":\"https:\/\/www.comunidadeativa.jor.br\/index.php\/2023\/05\/01\/bruxismo-preste-atencao-aos-sintomas\/#article\",\"isPartOf\":{\"@id\":\"https:\/\/www.comunidadeativa.jor.br\/index.php\/2023\/05\/01\/bruxismo-preste-atencao-aos-sintomas\/\"},\"author\":{\"name\":\"Comunidade Ativa\",\"@id\":\"https:\/\/www.comunidadeativa.jor.br\/#\/schema\/person\/dcaa1f1c51c1f0c47a33b2b734cad6e1\"},\"headline\":\"Bruxismo: preste aten\u00e7\u00e3o aos sintomas\",\"datePublished\":\"2023-05-01T13:00:47+00:00\",\"mainEntityOfPage\":{\"@id\":\"https:\/\/www.comunidadeativa.jor.br\/index.php\/2023\/05\/01\/bruxismo-preste-atencao-aos-sintomas\/\"},\"wordCount\":435,\"publisher\":{\"@id\":\"https:\/\/www.comunidadeativa.jor.br\/#organization\"},\"image\":{\"@id\":\"https:\/\/www.comunidadeativa.jor.br\/index.php\/2023\/05\/01\/bruxismo-preste-atencao-aos-sintomas\/#primaryimage\"},\"thumbnailUrl\":\"https:\/\/www.comunidadeativa.jor.br\/wp-content\/uploads\/2023\/04\/meio-ambiente.jpg\",\"articleSection\":[\"Sa\u00fade &amp; Qualidade de Vida\"],\"inLanguage\":\"pt-BR\"},{\"@type\":\"WebPage\",\"@id\":\"https:\/\/www.comunidadeativa.jor.br\/index.php\/2023\/05\/01\/bruxismo-preste-atencao-aos-sintomas\/\",\"url\":\"https:\/\/www.comunidadeativa.jor.br\/index.php\/2023\/05\/01\/bruxismo-preste-atencao-aos-sintomas\/\",\"name\":\"Bruxismo: preste aten\u00e7\u00e3o aos sintomas - Comunidade Ativa\",\"isPartOf\":{\"@id\":\"https:\/\/www.comunidadeativa.jor.br\/#website\"},\"primaryImageOfPage\":{\"@id\":\"https:\/\/www.comunidadeativa.jor.br\/index.php\/2023\/05\/01\/bruxismo-preste-atencao-aos-sintomas\/#primaryimage\"},\"image\":{\"@id\":\"https:\/\/www.comunidadeativa.jor.br\/index.php\/2023\/05\/01\/bruxismo-preste-atencao-aos-sintomas\/#primaryimage\"},\"thumbnailUrl\":\"https:\/\/www.comunidadeativa.jor.br\/wp-content\/uploads\/2023\/04\/meio-ambiente.jpg\",\"datePublished\":\"2023-05-01T13:00:47+00:00\",\"breadcrumb\":{\"@id\":\"https:\/\/www.comunidadeativa.jor.br\/index.php\/2023\/05\/01\/bruxismo-preste-atencao-aos-sintomas\/#breadcrumb\"},\"inLanguage\":\"pt-BR\",\"potentialAction\":[{\"@type\":\"ReadAction\",\"target\":[\"https:\/\/www.comunidadeativa.jor.br\/index.php\/2023\/05\/01\/bruxismo-preste-atencao-aos-sintomas\/\"]}]},{\"@type\":\"ImageObject\",\"inLanguage\":\"pt-BR\",\"@id\":\"https:\/\/www.comunidadeativa.jor.br\/index.php\/2023\/05\/01\/bruxismo-preste-atencao-aos-sintomas\/#primaryimage\",\"url\":\"https:\/\/www.comunidadeativa.jor.br\/wp-content\/uploads\/2023\/04\/meio-ambiente.jpg\",\"contentUrl\":\"https:\/\/www.comunidadeativa.jor.br\/wp-content\/uploads\/2023\/04\/meio-ambiente.jpg\",\"width\":640,\"height\":352},{\"@type\":\"BreadcrumbList\",\"@id\":\"https:\/\/www.comunidadeativa.jor.br\/index.php\/2023\/05\/01\/bruxismo-preste-atencao-aos-sintomas\/#breadcrumb\",\"itemListElement\":[{\"@type\":\"ListItem\",\"position\":1,\"name\":\"In\u00edcio\",\"item\":\"https:\/\/www.comunidadeativa.jor.br\/\"},{\"@type\":\"ListItem\",\"position\":2,\"name\":\"Bruxismo: preste aten\u00e7\u00e3o aos sintomas\"}]},{\"@type\":\"WebSite\",\"@id\":\"https:\/\/www.comunidadeativa.jor.br\/#website\",\"url\":\"https:\/\/www.comunidadeativa.jor.br\/\",\"name\":\"Comunidade Ativa\",\"description\":\"\",\"publisher\":{\"@id\":\"https:\/\/www.comunidadeativa.jor.br\/#organization\"},\"potentialAction\":[{\"@type\":\"SearchAction\",\"target\":{\"@type\":\"EntryPoint\",\"urlTemplate\":\"https:\/\/www.comunidadeativa.jor.br\/?s={search_term_string}\"},\"query-input\":{\"@type\":\"PropertyValueSpecification\",\"valueRequired\":true,\"valueName\":\"search_term_string\"}}],\"inLanguage\":\"pt-BR\"},{\"@type\":\"Organization\",\"@id\":\"https:\/\/www.comunidadeativa.jor.br\/#organization\",\"name\":\"Comunidade Ativa\",\"url\":\"https:\/\/www.comunidadeativa.jor.br\/\",\"logo\":{\"@type\":\"ImageObject\",\"inLanguage\":\"pt-BR\",\"@id\":\"https:\/\/www.comunidadeativa.jor.br\/#\/schema\/logo\/image\/\",\"url\":\"https:\/\/www.comunidadeativa.jor.br\/wp-content\/uploads\/2018\/03\/cropped-LOGOPNG-1.png\",\"contentUrl\":\"https:\/\/www.comunidadeativa.jor.br\/wp-content\/uploads\/2018\/03\/cropped-LOGOPNG-1.png\",\"width\":318,\"height\":90,\"caption\":\"Comunidade Ativa\"},\"image\":{\"@id\":\"https:\/\/www.comunidadeativa.jor.br\/#\/schema\/logo\/image\/\"},\"sameAs\":[\"https:\/\/www.facebook.com\/comunidadeativa\"]},{\"@type\":\"Person\",\"@id\":\"https:\/\/www.comunidadeativa.jor.br\/#\/schema\/person\/dcaa1f1c51c1f0c47a33b2b734cad6e1\",\"name\":\"Comunidade Ativa\",\"image\":{\"@type\":\"ImageObject\",\"inLanguage\":\"pt-BR\",\"@id\":\"https:\/\/www.comunidadeativa.jor.br\/#\/schema\/person\/image\/\",\"url\":\"https:\/\/secure.gravatar.com\/avatar\/09a9a1f85fedf41e81b47f7c1d40084f?s=96&d=mm&r=g\",\"contentUrl\":\"https:\/\/secure.gravatar.com\/avatar\/09a9a1f85fedf41e81b47f7c1d40084f?s=96&d=mm&r=g\",\"caption\":\"Comunidade Ativa\"},\"url\":\"https:\/\/www.comunidadeativa.jor.br\/index.php\/author\/casalberto\/\"}]}<\/script>\n<!-- \/ Yoast SEO plugin. -->","yoast_head_json":{"title":"Bruxismo: preste aten\u00e7\u00e3o aos sintomas - Comunidade Ativa","robots":{"index":"index","follow":"follow","max-snippet":"max-snippet:-1","max-image-preview":"max-image-preview:large","max-video-preview":"max-video-preview:-1"},"canonical":"https:\/\/www.comunidadeativa.jor.br\/index.php\/2023\/05\/01\/bruxismo-preste-atencao-aos-sintomas\/","og_locale":"pt_BR","og_type":"article","og_title":"Bruxismo: preste aten\u00e7\u00e3o aos sintomas - Comunidade Ativa","og_description":"Se voc\u00ea tem acordado\u00a0 com dor de cabe\u00e7a ou na mand\u00edbula ou se seus dentes est\u00e3o desgastados ou apresentam trincas,","og_url":"https:\/\/www.comunidadeativa.jor.br\/index.php\/2023\/05\/01\/bruxismo-preste-atencao-aos-sintomas\/","og_site_name":"Comunidade Ativa","article_publisher":"https:\/\/www.facebook.com\/comunidadeativa","article_published_time":"2023-05-01T13:00:47+00:00","og_image":[{"width":640,"height":352,"url":"https:\/\/www.comunidadeativa.jor.br\/wp-content\/uploads\/2023\/04\/meio-ambiente.jpg","type":"image\/jpeg"}],"author":"Comunidade Ativa","twitter_card":"summary_large_image","twitter_misc":{"Escrito por":"Comunidade Ativa","Est. tempo de leitura":"2 minutos"},"schema":{"@context":"https:\/\/schema.org","@graph":[{"@type":"Article","@id":"https:\/\/www.comunidadeativa.jor.br\/index.php\/2023\/05\/01\/bruxismo-preste-atencao-aos-sintomas\/#article","isPartOf":{"@id":"https:\/\/www.comunidadeativa.jor.br\/index.php\/2023\/05\/01\/bruxismo-preste-atencao-aos-sintomas\/"},"author":{"name":"Comunidade Ativa","@id":"https:\/\/www.comunidadeativa.jor.br\/#\/schema\/person\/dcaa1f1c51c1f0c47a33b2b734cad6e1"},"headline":"Bruxismo: preste aten\u00e7\u00e3o aos sintomas","datePublished":"2023-05-01T13:00:47+00:00","mainEntityOfPage":{"@id":"https:\/\/www.comunidadeativa.jor.br\/index.php\/2023\/05\/01\/bruxismo-preste-atencao-aos-sintomas\/"},"wordCount":435,"publisher":{"@id":"https:\/\/www.comunidadeativa.jor.br\/#organization"},"image":{"@id":"https:\/\/www.comunidadeativa.jor.br\/index.php\/2023\/05\/01\/bruxismo-preste-atencao-aos-sintomas\/#primaryimage"},"thumbnailUrl":"https:\/\/www.comunidadeativa.jor.br\/wp-content\/uploads\/2023\/04\/meio-ambiente.jpg","articleSection":["Sa\u00fade &amp; Qualidade de Vida"],"inLanguage":"pt-BR"},{"@type":"WebPage","@id":"https:\/\/www.comunidadeativa.jor.br\/index.php\/2023\/05\/01\/bruxismo-preste-atencao-aos-sintomas\/","url":"https:\/\/www.comunidadeativa.jor.br\/index.php\/2023\/05\/01\/bruxismo-preste-atencao-aos-sintomas\/","name":"Bruxismo: preste aten\u00e7\u00e3o aos sintomas - Comunidade Ativa","isPartOf":{"@id":"https:\/\/www.comunidadeativa.jor.br\/#website"},"primaryImageOfPage":{"@id":"https:\/\/www.comunidadeativa.jor.br\/index.php\/2023\/05\/01\/bruxismo-preste-atencao-aos-sintomas\/#primaryimage"},"image":{"@id":"https:\/\/www.comunidadeativa.jor.br\/index.php\/2023\/05\/01\/bruxismo-preste-atencao-aos-sintomas\/#primaryimage"},"thumbnailUrl":"https:\/\/www.comunidadeativa.jor.br\/wp-content\/uploads\/2023\/04\/meio-ambiente.jpg","datePublished":"2023-05-01T13:00:47+00:00","breadcrumb":{"@id":"https:\/\/www.comunidadeativa.jor.br\/index.php\/2023\/05\/01\/bruxismo-preste-atencao-aos-sintomas\/#breadcrumb"},"inLanguage":"pt-BR","potentialAction":[{"@type":"ReadAction","target":["https:\/\/www.comunidadeativa.jor.br\/index.php\/2023\/05\/01\/bruxismo-preste-atencao-aos-sintomas\/"]}]},{"@type":"ImageObject","inLanguage":"pt-BR","@id":"https:\/\/www.comunidadeativa.jor.br\/index.php\/2023\/05\/01\/bruxismo-preste-atencao-aos-sintomas\/#primaryimage","url":"https:\/\/www.comunidadeativa.jor.br\/wp-content\/uploads\/2023\/04\/meio-ambiente.jpg","contentUrl":"https:\/\/www.comunidadeativa.jor.br\/wp-content\/uploads\/2023\/04\/meio-ambiente.jpg","width":640,"height":352},{"@type":"BreadcrumbList","@id":"https:\/\/www.comunidadeativa.jor.br\/index.php\/2023\/05\/01\/bruxismo-preste-atencao-aos-sintomas\/#breadcrumb","itemListElement":[{"@type":"ListItem","position":1,"name":"In\u00edcio","item":"https:\/\/www.comunidadeativa.jor.br\/"},{"@type":"ListItem","position":2,"name":"Bruxismo: preste aten\u00e7\u00e3o aos sintomas"}]},{"@type":"WebSite","@id":"https:\/\/www.comunidadeativa.jor.br\/#website","url":"https:\/\/www.comunidadeativa.jor.br\/","name":"Comunidade Ativa","description":"","publisher":{"@id":"https:\/\/www.comunidadeativa.jor.br\/#organization"},"potentialAction":[{"@type":"SearchAction","target":{"@type":"EntryPoint","urlTemplate":"https:\/\/www.comunidadeativa.jor.br\/?s={search_term_string}"},"query-input":{"@type":"PropertyValueSpecification","valueRequired":true,"valueName":"search_term_string"}}],"inLanguage":"pt-BR"},{"@type":"Organization","@id":"https:\/\/www.comunidadeativa.jor.br\/#organization","name":"Comunidade Ativa","url":"https:\/\/www.comunidadeativa.jor.br\/","logo":{"@type":"ImageObject","inLanguage":"pt-BR","@id":"https:\/\/www.comunidadeativa.jor.br\/#\/schema\/logo\/image\/","url":"https:\/\/www.comunidadeativa.jor.br\/wp-content\/uploads\/2018\/03\/cropped-LOGOPNG-1.png","contentUrl":"https:\/\/www.comunidadeativa.jor.br\/wp-content\/uploads\/2018\/03\/cropped-LOGOPNG-1.png","width":318,"height":90,"caption":"Comunidade Ativa"},"image":{"@id":"https:\/\/www.comunidadeativa.jor.br\/#\/schema\/logo\/image\/"},"sameAs":["https:\/\/www.facebook.com\/comunidadeativa"]},{"@type":"Person","@id":"https:\/\/www.comunidadeativa.jor.br\/#\/schema\/person\/dcaa1f1c51c1f0c47a33b2b734cad6e1","name":"Comunidade Ativa","image":{"@type":"ImageObject","inLanguage":"pt-BR","@id":"https:\/\/www.comunidadeativa.jor.br\/#\/schema\/person\/image\/","url":"https:\/\/secure.gravatar.com\/avatar\/09a9a1f85fedf41e81b47f7c1d40084f?s=96&d=mm&r=g","contentUrl":"https:\/\/secure.gravatar.com\/avatar\/09a9a1f85fedf41e81b47f7c1d40084f?s=96&d=mm&r=g","caption":"Comunidade Ativa"},"url":"https:\/\/www.comunidadeativa.jor.br\/index.php\/author\/casalberto\/"}]}},"_links":{"self":[{"href":"https:\/\/www.comunidadeativa.jor.br\/index.php\/wp-json\/wp\/v2\/posts\/3512","targetHints":{"allow":["GET"]}}],"collection":[{"href":"https:\/\/www.comunidadeativa.jor.br\/index.php\/wp-json\/wp\/v2\/posts"}],"about":[{"href":"https:\/\/www.comunidadeativa.jor.br\/index.php\/wp-json\/wp\/v2\/types\/post"}],"author":[{"embeddable":true,"href":"https:\/\/www.comunidadeativa.jor.br\/index.php\/wp-json\/wp\/v2\/users\/1"}],"replies":[{"embeddable":true,"href":"https:\/\/www.comunidadeativa.jor.br\/index.php\/wp-json\/wp\/v2\/comments?post=3512"}],"version-history":[{"count":3,"href":"https:\/\/www.comunidadeativa.jor.br\/index.php\/wp-json\/wp\/v2\/posts\/3512\/revisions"}],"predecessor-version":[{"id":3521,"href":"https:\/\/www.comunidadeativa.jor.br\/index.php\/wp-json\/wp\/v2\/posts\/3512\/revisions\/3521"}],"wp:featuredmedia":[{"embeddable":true,"href":"https:\/\/www.comunidadeativa.jor.br\/index.php\/wp-json\/wp\/v2\/media\/3513"}],"wp:attachment":[{"href":"https:\/\/www.comunidadeativa.jor.br\/index.php\/wp-json\/wp\/v2\/media?parent=3512"}],"wp:term":[{"taxonomy":"category","embeddable":true,"href":"https:\/\/www.comunidadeativa.jor.br\/index.php\/wp-json\/wp\/v2\/categories?post=3512"},{"taxonomy":"post_tag","embeddable":true,"href":"https:\/\/www.comunidadeativa.jor.br\/index.php\/wp-json\/wp\/v2\/tags?post=3512"}],"curies":[{"name":"wp","href":"https:\/\/api.w.org\/{rel}","templated":true}]}}