{"id":3535,"date":"2023-05-06T10:02:58","date_gmt":"2023-05-06T13:02:58","guid":{"rendered":"https:\/\/www.comunidadeativa.jor.br\/?p=3535"},"modified":"2023-05-10T12:05:37","modified_gmt":"2023-05-10T15:05:37","slug":"reuniao-comunitaria-no-22o-batalhao-da-policia-militar","status":"publish","type":"post","link":"https:\/\/www.comunidadeativa.jor.br\/index.php\/2023\/05\/06\/reuniao-comunitaria-no-22o-batalhao-da-policia-militar\/","title":{"rendered":"Reuni\u00e3o comunit\u00e1ria no 22\u00ba Batalh\u00e3o da Pol\u00edcia Militar"},"content":{"rendered":"<p>Em reuni\u00e3o realizada na sede do 22\u00ba Batalh\u00e3o da Pol\u00edcia Militar de Minas Gerais (22\u00ba BPM), no bairro Santa L\u00facia, no dia 18 de abril, o novo comandante da unidade, tenente-coronel Fabiano Rocha, recebeu lideran\u00e7as comunit\u00e1rias de grande parte dos 35 bairros de sua \u00e1rea de abrang\u00eancia. Na ocasi\u00e3o, o comandante reiterou os compromissos da Pol\u00edcia Militar com as comunidades. Em seguida, cedeu a palavra ao subcomandante, major Mauro J\u00fanior, que apresentou uma s\u00e9rie de informa\u00e7\u00f5es sobre a atua\u00e7\u00e3o do 22\u00ba BPM.<\/p>\n<h5>Menos crimes<\/h5>\n<p>De acordo com o major Mauro, al\u00e9m de dar cobertura aos bairros atendidos pela Amoran \u2014 Anchieta, Cruzeiro, Carmo, Comiteco e Sion \u2014, o 22\u00ba BPM ainda abrange uma grande \u00e1rea de Belo Horizonte, que se estende da regi\u00e3o do Prado at\u00e9 o Taquaril. Segundo o subcomandante, como resultado das estrat\u00e9gias adotadas pela Pol\u00edcia Militar, dados recentes apontam para significativa redu\u00e7\u00e3o na taxa de criminalidade dos bairros onde o batalh\u00e3o atua, na compara\u00e7\u00e3o com per\u00edodos anteriores.<\/p>\n<h5>Amoran refor\u00e7ada<\/h5>\n<p>No evento, a Amoran foi representada pelo seu presidente, Carlos Alberto Rocha, e pelo vice, Saulo Jardim. \u201cAinda, para nos acompanharem \u00e0 reuni\u00e3o, convidamos institui\u00e7\u00f5es que atuam a partir do Anchieta e do Cruzeiro e que agrupam grande n\u00famero de pessoas\u201d, explica Carlos Alberto.<\/p>\n<p>Com isso, tamb\u00e9m participaram do evento o gestor de opera\u00e7\u00f5es do Anchieta Garden Shopping, Valber Lopes, o coordenador administrativo do Col\u00e9gio Arnaldo, Diego Antonioni, o coordenador administrativo da Faculdade Arnaldo, Luiz Batista, o gerente do Mercado do Cruzeiro, Daniel Demattos, a vice-diretora da Trilha da Crian\u00e7a, Gislaine Carvalhar, e o supervisor de seguran\u00e7a da Universidade Fumec, Adoril Ferreira. Tamb\u00e9m acompanhando a Amoran, o coordenador do Atendimento Regional Centro-Sul da Prefeitura de Belo Horizonte, \u00c1lvaro Goulart, esteve presente na reuni\u00e3o.<\/p>\n<p>Para Carlos Alberto, poder reunir em um mesmo grupo institui\u00e7\u00f5es t\u00e3o s\u00f3lidas foi um claro sinal de que a Amoran est\u00e1 no caminho certo. \u201cTemos a certeza de que, com esses ato-res ao nosso lado, nossa capacidade de lidar com as quest\u00f5es da seguran\u00e7a e com tantas ou-tras da regi\u00e3o fica substancialmente refor\u00e7ada\u201d, considera o presidente.<\/p>\n","protected":false},"excerpt":{"rendered":"<p>Em reuni\u00e3o realizada na sede do 22\u00ba Batalh\u00e3o da Pol\u00edcia Militar de Minas Gerais (22\u00ba BPM), no bairro Santa L\u00facia,<\/p>\n","protected":false},"author":1,"featured_media":3552,"comment_status":"closed","ping_status":"open","sticky":false,"template":"","format":"standard","meta":{"footnotes":""},"categories":[12],"tags":[],"class_list":["post-3535","post","type-post","status-publish","format-standard","has-post-thumbnail","hentry","category-cidadania"],"yoast_head":"<!-- This site is optimized with the Yoast SEO plugin v26.0 - https:\/\/yoast.com\/wordpress\/plugins\/seo\/ -->\n<title>Reuni\u00e3o comunit\u00e1ria no 22\u00ba Batalh\u00e3o da Pol\u00edcia Militar - Comunidade Ativa<\/title>\n<meta name=\"robots\" content=\"index, follow, max-snippet:-1, max-image-preview:large, max-video-preview:-1\" \/>\n<link rel=\"canonical\" href=\"https:\/\/www.comunidadeativa.jor.br\/index.php\/2023\/05\/06\/reuniao-comunitaria-no-22o-batalhao-da-policia-militar\/\" \/>\n<meta property=\"og:locale\" content=\"pt_BR\" \/>\n<meta property=\"og:type\" content=\"article\" \/>\n<meta property=\"og:title\" content=\"Reuni\u00e3o comunit\u00e1ria no 22\u00ba Batalh\u00e3o da Pol\u00edcia Militar - Comunidade Ativa\" \/>\n<meta property=\"og:description\" content=\"Em reuni\u00e3o realizada na sede do 22\u00ba Batalh\u00e3o da Pol\u00edcia Militar de Minas Gerais (22\u00ba BPM), no bairro Santa L\u00facia,\" \/>\n<meta property=\"og:url\" content=\"https:\/\/www.comunidadeativa.jor.br\/index.php\/2023\/05\/06\/reuniao-comunitaria-no-22o-batalhao-da-policia-militar\/\" \/>\n<meta property=\"og:site_name\" content=\"Comunidade Ativa\" \/>\n<meta property=\"article:publisher\" content=\"https:\/\/www.facebook.com\/comunidadeativa\" \/>\n<meta property=\"article:published_time\" content=\"2023-05-06T13:02:58+00:00\" \/>\n<meta property=\"article:modified_time\" content=\"2023-05-10T15:05:37+00:00\" \/>\n<meta property=\"og:image\" content=\"https:\/\/www.comunidadeativa.jor.br\/wp-content\/uploads\/2023\/05\/CAPA-2.jpg\" \/>\n\t<meta property=\"og:image:width\" content=\"800\" \/>\n\t<meta property=\"og:image:height\" content=\"445\" \/>\n\t<meta property=\"og:image:type\" content=\"image\/jpeg\" \/>\n<meta name=\"author\" content=\"Comunidade Ativa\" \/>\n<meta name=\"twitter:card\" content=\"summary_large_image\" \/>\n<meta name=\"twitter:label1\" content=\"Escrito por\" \/>\n\t<meta name=\"twitter:data1\" content=\"Comunidade Ativa\" \/>\n\t<meta name=\"twitter:label2\" content=\"Est. tempo de leitura\" \/>\n\t<meta name=\"twitter:data2\" content=\"2 minutos\" \/>\n<script type=\"application\/ld+json\" class=\"yoast-schema-graph\">{\"@context\":\"https:\/\/schema.org\",\"@graph\":[{\"@type\":\"Article\",\"@id\":\"https:\/\/www.comunidadeativa.jor.br\/index.php\/2023\/05\/06\/reuniao-comunitaria-no-22o-batalhao-da-policia-militar\/#article\",\"isPartOf\":{\"@id\":\"https:\/\/www.comunidadeativa.jor.br\/index.php\/2023\/05\/06\/reuniao-comunitaria-no-22o-batalhao-da-policia-militar\/\"},\"author\":{\"name\":\"Comunidade Ativa\",\"@id\":\"https:\/\/www.comunidadeativa.jor.br\/#\/schema\/person\/dcaa1f1c51c1f0c47a33b2b734cad6e1\"},\"headline\":\"Reuni\u00e3o comunit\u00e1ria no 22\u00ba Batalh\u00e3o da Pol\u00edcia Militar\",\"datePublished\":\"2023-05-06T13:02:58+00:00\",\"dateModified\":\"2023-05-10T15:05:37+00:00\",\"mainEntityOfPage\":{\"@id\":\"https:\/\/www.comunidadeativa.jor.br\/index.php\/2023\/05\/06\/reuniao-comunitaria-no-22o-batalhao-da-policia-militar\/\"},\"wordCount\":382,\"publisher\":{\"@id\":\"https:\/\/www.comunidadeativa.jor.br\/#organization\"},\"image\":{\"@id\":\"https:\/\/www.comunidadeativa.jor.br\/index.php\/2023\/05\/06\/reuniao-comunitaria-no-22o-batalhao-da-policia-militar\/#primaryimage\"},\"thumbnailUrl\":\"https:\/\/www.comunidadeativa.jor.br\/wp-content\/uploads\/2023\/05\/CAPA-2.jpg\",\"articleSection\":[\"Cidadania\"],\"inLanguage\":\"pt-BR\"},{\"@type\":\"WebPage\",\"@id\":\"https:\/\/www.comunidadeativa.jor.br\/index.php\/2023\/05\/06\/reuniao-comunitaria-no-22o-batalhao-da-policia-militar\/\",\"url\":\"https:\/\/www.comunidadeativa.jor.br\/index.php\/2023\/05\/06\/reuniao-comunitaria-no-22o-batalhao-da-policia-militar\/\",\"name\":\"Reuni\u00e3o comunit\u00e1ria no 22\u00ba Batalh\u00e3o da Pol\u00edcia Militar - Comunidade Ativa\",\"isPartOf\":{\"@id\":\"https:\/\/www.comunidadeativa.jor.br\/#website\"},\"primaryImageOfPage\":{\"@id\":\"https:\/\/www.comunidadeativa.jor.br\/index.php\/2023\/05\/06\/reuniao-comunitaria-no-22o-batalhao-da-policia-militar\/#primaryimage\"},\"image\":{\"@id\":\"https:\/\/www.comunidadeativa.jor.br\/index.php\/2023\/05\/06\/reuniao-comunitaria-no-22o-batalhao-da-policia-militar\/#primaryimage\"},\"thumbnailUrl\":\"https:\/\/www.comunidadeativa.jor.br\/wp-content\/uploads\/2023\/05\/CAPA-2.jpg\",\"datePublished\":\"2023-05-06T13:02:58+00:00\",\"dateModified\":\"2023-05-10T15:05:37+00:00\",\"breadcrumb\":{\"@id\":\"https:\/\/www.comunidadeativa.jor.br\/index.php\/2023\/05\/06\/reuniao-comunitaria-no-22o-batalhao-da-policia-militar\/#breadcrumb\"},\"inLanguage\":\"pt-BR\",\"potentialAction\":[{\"@type\":\"ReadAction\",\"target\":[\"https:\/\/www.comunidadeativa.jor.br\/index.php\/2023\/05\/06\/reuniao-comunitaria-no-22o-batalhao-da-policia-militar\/\"]}]},{\"@type\":\"ImageObject\",\"inLanguage\":\"pt-BR\",\"@id\":\"https:\/\/www.comunidadeativa.jor.br\/index.php\/2023\/05\/06\/reuniao-comunitaria-no-22o-batalhao-da-policia-militar\/#primaryimage\",\"url\":\"https:\/\/www.comunidadeativa.jor.br\/wp-content\/uploads\/2023\/05\/CAPA-2.jpg\",\"contentUrl\":\"https:\/\/www.comunidadeativa.jor.br\/wp-content\/uploads\/2023\/05\/CAPA-2.jpg\",\"width\":800,\"height\":445},{\"@type\":\"BreadcrumbList\",\"@id\":\"https:\/\/www.comunidadeativa.jor.br\/index.php\/2023\/05\/06\/reuniao-comunitaria-no-22o-batalhao-da-policia-militar\/#breadcrumb\",\"itemListElement\":[{\"@type\":\"ListItem\",\"position\":1,\"name\":\"In\u00edcio\",\"item\":\"https:\/\/www.comunidadeativa.jor.br\/\"},{\"@type\":\"ListItem\",\"position\":2,\"name\":\"Reuni\u00e3o comunit\u00e1ria no 22\u00ba Batalh\u00e3o da Pol\u00edcia Militar\"}]},{\"@type\":\"WebSite\",\"@id\":\"https:\/\/www.comunidadeativa.jor.br\/#website\",\"url\":\"https:\/\/www.comunidadeativa.jor.br\/\",\"name\":\"Comunidade Ativa\",\"description\":\"\",\"publisher\":{\"@id\":\"https:\/\/www.comunidadeativa.jor.br\/#organization\"},\"potentialAction\":[{\"@type\":\"SearchAction\",\"target\":{\"@type\":\"EntryPoint\",\"urlTemplate\":\"https:\/\/www.comunidadeativa.jor.br\/?s={search_term_string}\"},\"query-input\":{\"@type\":\"PropertyValueSpecification\",\"valueRequired\":true,\"valueName\":\"search_term_string\"}}],\"inLanguage\":\"pt-BR\"},{\"@type\":\"Organization\",\"@id\":\"https:\/\/www.comunidadeativa.jor.br\/#organization\",\"name\":\"Comunidade Ativa\",\"url\":\"https:\/\/www.comunidadeativa.jor.br\/\",\"logo\":{\"@type\":\"ImageObject\",\"inLanguage\":\"pt-BR\",\"@id\":\"https:\/\/www.comunidadeativa.jor.br\/#\/schema\/logo\/image\/\",\"url\":\"https:\/\/www.comunidadeativa.jor.br\/wp-content\/uploads\/2018\/03\/cropped-LOGOPNG-1.png\",\"contentUrl\":\"https:\/\/www.comunidadeativa.jor.br\/wp-content\/uploads\/2018\/03\/cropped-LOGOPNG-1.png\",\"width\":318,\"height\":90,\"caption\":\"Comunidade Ativa\"},\"image\":{\"@id\":\"https:\/\/www.comunidadeativa.jor.br\/#\/schema\/logo\/image\/\"},\"sameAs\":[\"https:\/\/www.facebook.com\/comunidadeativa\"]},{\"@type\":\"Person\",\"@id\":\"https:\/\/www.comunidadeativa.jor.br\/#\/schema\/person\/dcaa1f1c51c1f0c47a33b2b734cad6e1\",\"name\":\"Comunidade Ativa\",\"image\":{\"@type\":\"ImageObject\",\"inLanguage\":\"pt-BR\",\"@id\":\"https:\/\/www.comunidadeativa.jor.br\/#\/schema\/person\/image\/\",\"url\":\"https:\/\/secure.gravatar.com\/avatar\/09a9a1f85fedf41e81b47f7c1d40084f?s=96&d=mm&r=g\",\"contentUrl\":\"https:\/\/secure.gravatar.com\/avatar\/09a9a1f85fedf41e81b47f7c1d40084f?s=96&d=mm&r=g\",\"caption\":\"Comunidade Ativa\"},\"url\":\"https:\/\/www.comunidadeativa.jor.br\/index.php\/author\/casalberto\/\"}]}<\/script>\n<!-- \/ Yoast SEO plugin. -->","yoast_head_json":{"title":"Reuni\u00e3o comunit\u00e1ria no 22\u00ba Batalh\u00e3o da Pol\u00edcia Militar - Comunidade Ativa","robots":{"index":"index","follow":"follow","max-snippet":"max-snippet:-1","max-image-preview":"max-image-preview:large","max-video-preview":"max-video-preview:-1"},"canonical":"https:\/\/www.comunidadeativa.jor.br\/index.php\/2023\/05\/06\/reuniao-comunitaria-no-22o-batalhao-da-policia-militar\/","og_locale":"pt_BR","og_type":"article","og_title":"Reuni\u00e3o comunit\u00e1ria no 22\u00ba Batalh\u00e3o da Pol\u00edcia Militar - Comunidade Ativa","og_description":"Em reuni\u00e3o realizada na sede do 22\u00ba Batalh\u00e3o da Pol\u00edcia Militar de Minas Gerais (22\u00ba BPM), no bairro Santa L\u00facia,","og_url":"https:\/\/www.comunidadeativa.jor.br\/index.php\/2023\/05\/06\/reuniao-comunitaria-no-22o-batalhao-da-policia-militar\/","og_site_name":"Comunidade Ativa","article_publisher":"https:\/\/www.facebook.com\/comunidadeativa","article_published_time":"2023-05-06T13:02:58+00:00","article_modified_time":"2023-05-10T15:05:37+00:00","og_image":[{"width":800,"height":445,"url":"https:\/\/www.comunidadeativa.jor.br\/wp-content\/uploads\/2023\/05\/CAPA-2.jpg","type":"image\/jpeg"}],"author":"Comunidade Ativa","twitter_card":"summary_large_image","twitter_misc":{"Escrito por":"Comunidade Ativa","Est. tempo de leitura":"2 minutos"},"schema":{"@context":"https:\/\/schema.org","@graph":[{"@type":"Article","@id":"https:\/\/www.comunidadeativa.jor.br\/index.php\/2023\/05\/06\/reuniao-comunitaria-no-22o-batalhao-da-policia-militar\/#article","isPartOf":{"@id":"https:\/\/www.comunidadeativa.jor.br\/index.php\/2023\/05\/06\/reuniao-comunitaria-no-22o-batalhao-da-policia-militar\/"},"author":{"name":"Comunidade Ativa","@id":"https:\/\/www.comunidadeativa.jor.br\/#\/schema\/person\/dcaa1f1c51c1f0c47a33b2b734cad6e1"},"headline":"Reuni\u00e3o comunit\u00e1ria no 22\u00ba Batalh\u00e3o da Pol\u00edcia Militar","datePublished":"2023-05-06T13:02:58+00:00","dateModified":"2023-05-10T15:05:37+00:00","mainEntityOfPage":{"@id":"https:\/\/www.comunidadeativa.jor.br\/index.php\/2023\/05\/06\/reuniao-comunitaria-no-22o-batalhao-da-policia-militar\/"},"wordCount":382,"publisher":{"@id":"https:\/\/www.comunidadeativa.jor.br\/#organization"},"image":{"@id":"https:\/\/www.comunidadeativa.jor.br\/index.php\/2023\/05\/06\/reuniao-comunitaria-no-22o-batalhao-da-policia-militar\/#primaryimage"},"thumbnailUrl":"https:\/\/www.comunidadeativa.jor.br\/wp-content\/uploads\/2023\/05\/CAPA-2.jpg","articleSection":["Cidadania"],"inLanguage":"pt-BR"},{"@type":"WebPage","@id":"https:\/\/www.comunidadeativa.jor.br\/index.php\/2023\/05\/06\/reuniao-comunitaria-no-22o-batalhao-da-policia-militar\/","url":"https:\/\/www.comunidadeativa.jor.br\/index.php\/2023\/05\/06\/reuniao-comunitaria-no-22o-batalhao-da-policia-militar\/","name":"Reuni\u00e3o comunit\u00e1ria no 22\u00ba Batalh\u00e3o da Pol\u00edcia Militar - Comunidade Ativa","isPartOf":{"@id":"https:\/\/www.comunidadeativa.jor.br\/#website"},"primaryImageOfPage":{"@id":"https:\/\/www.comunidadeativa.jor.br\/index.php\/2023\/05\/06\/reuniao-comunitaria-no-22o-batalhao-da-policia-militar\/#primaryimage"},"image":{"@id":"https:\/\/www.comunidadeativa.jor.br\/index.php\/2023\/05\/06\/reuniao-comunitaria-no-22o-batalhao-da-policia-militar\/#primaryimage"},"thumbnailUrl":"https:\/\/www.comunidadeativa.jor.br\/wp-content\/uploads\/2023\/05\/CAPA-2.jpg","datePublished":"2023-05-06T13:02:58+00:00","dateModified":"2023-05-10T15:05:37+00:00","breadcrumb":{"@id":"https:\/\/www.comunidadeativa.jor.br\/index.php\/2023\/05\/06\/reuniao-comunitaria-no-22o-batalhao-da-policia-militar\/#breadcrumb"},"inLanguage":"pt-BR","potentialAction":[{"@type":"ReadAction","target":["https:\/\/www.comunidadeativa.jor.br\/index.php\/2023\/05\/06\/reuniao-comunitaria-no-22o-batalhao-da-policia-militar\/"]}]},{"@type":"ImageObject","inLanguage":"pt-BR","@id":"https:\/\/www.comunidadeativa.jor.br\/index.php\/2023\/05\/06\/reuniao-comunitaria-no-22o-batalhao-da-policia-militar\/#primaryimage","url":"https:\/\/www.comunidadeativa.jor.br\/wp-content\/uploads\/2023\/05\/CAPA-2.jpg","contentUrl":"https:\/\/www.comunidadeativa.jor.br\/wp-content\/uploads\/2023\/05\/CAPA-2.jpg","width":800,"height":445},{"@type":"BreadcrumbList","@id":"https:\/\/www.comunidadeativa.jor.br\/index.php\/2023\/05\/06\/reuniao-comunitaria-no-22o-batalhao-da-policia-militar\/#breadcrumb","itemListElement":[{"@type":"ListItem","position":1,"name":"In\u00edcio","item":"https:\/\/www.comunidadeativa.jor.br\/"},{"@type":"ListItem","position":2,"name":"Reuni\u00e3o comunit\u00e1ria no 22\u00ba Batalh\u00e3o da Pol\u00edcia Militar"}]},{"@type":"WebSite","@id":"https:\/\/www.comunidadeativa.jor.br\/#website","url":"https:\/\/www.comunidadeativa.jor.br\/","name":"Comunidade Ativa","description":"","publisher":{"@id":"https:\/\/www.comunidadeativa.jor.br\/#organization"},"potentialAction":[{"@type":"SearchAction","target":{"@type":"EntryPoint","urlTemplate":"https:\/\/www.comunidadeativa.jor.br\/?s={search_term_string}"},"query-input":{"@type":"PropertyValueSpecification","valueRequired":true,"valueName":"search_term_string"}}],"inLanguage":"pt-BR"},{"@type":"Organization","@id":"https:\/\/www.comunidadeativa.jor.br\/#organization","name":"Comunidade Ativa","url":"https:\/\/www.comunidadeativa.jor.br\/","logo":{"@type":"ImageObject","inLanguage":"pt-BR","@id":"https:\/\/www.comunidadeativa.jor.br\/#\/schema\/logo\/image\/","url":"https:\/\/www.comunidadeativa.jor.br\/wp-content\/uploads\/2018\/03\/cropped-LOGOPNG-1.png","contentUrl":"https:\/\/www.comunidadeativa.jor.br\/wp-content\/uploads\/2018\/03\/cropped-LOGOPNG-1.png","width":318,"height":90,"caption":"Comunidade Ativa"},"image":{"@id":"https:\/\/www.comunidadeativa.jor.br\/#\/schema\/logo\/image\/"},"sameAs":["https:\/\/www.facebook.com\/comunidadeativa"]},{"@type":"Person","@id":"https:\/\/www.comunidadeativa.jor.br\/#\/schema\/person\/dcaa1f1c51c1f0c47a33b2b734cad6e1","name":"Comunidade Ativa","image":{"@type":"ImageObject","inLanguage":"pt-BR","@id":"https:\/\/www.comunidadeativa.jor.br\/#\/schema\/person\/image\/","url":"https:\/\/secure.gravatar.com\/avatar\/09a9a1f85fedf41e81b47f7c1d40084f?s=96&d=mm&r=g","contentUrl":"https:\/\/secure.gravatar.com\/avatar\/09a9a1f85fedf41e81b47f7c1d40084f?s=96&d=mm&r=g","caption":"Comunidade Ativa"},"url":"https:\/\/www.comunidadeativa.jor.br\/index.php\/author\/casalberto\/"}]}},"_links":{"self":[{"href":"https:\/\/www.comunidadeativa.jor.br\/index.php\/wp-json\/wp\/v2\/posts\/3535","targetHints":{"allow":["GET"]}}],"collection":[{"href":"https:\/\/www.comunidadeativa.jor.br\/index.php\/wp-json\/wp\/v2\/posts"}],"about":[{"href":"https:\/\/www.comunidadeativa.jor.br\/index.php\/wp-json\/wp\/v2\/types\/post"}],"author":[{"embeddable":true,"href":"https:\/\/www.comunidadeativa.jor.br\/index.php\/wp-json\/wp\/v2\/users\/1"}],"replies":[{"embeddable":true,"href":"https:\/\/www.comunidadeativa.jor.br\/index.php\/wp-json\/wp\/v2\/comments?post=3535"}],"version-history":[{"count":1,"href":"https:\/\/www.comunidadeativa.jor.br\/index.php\/wp-json\/wp\/v2\/posts\/3535\/revisions"}],"predecessor-version":[{"id":3536,"href":"https:\/\/www.comunidadeativa.jor.br\/index.php\/wp-json\/wp\/v2\/posts\/3535\/revisions\/3536"}],"wp:featuredmedia":[{"embeddable":true,"href":"https:\/\/www.comunidadeativa.jor.br\/index.php\/wp-json\/wp\/v2\/media\/3552"}],"wp:attachment":[{"href":"https:\/\/www.comunidadeativa.jor.br\/index.php\/wp-json\/wp\/v2\/media?parent=3535"}],"wp:term":[{"taxonomy":"category","embeddable":true,"href":"https:\/\/www.comunidadeativa.jor.br\/index.php\/wp-json\/wp\/v2\/categories?post=3535"},{"taxonomy":"post_tag","embeddable":true,"href":"https:\/\/www.comunidadeativa.jor.br\/index.php\/wp-json\/wp\/v2\/tags?post=3535"}],"curies":[{"name":"wp","href":"https:\/\/api.w.org\/{rel}","templated":true}]}}