{"id":3543,"date":"2023-05-12T10:13:44","date_gmt":"2023-05-12T13:13:44","guid":{"rendered":"https:\/\/www.comunidadeativa.jor.br\/?p=3543"},"modified":"2023-05-10T14:38:58","modified_gmt":"2023-05-10T17:38:58","slug":"avanco-nas-tratativas-para-a-implantacao-da-faixa-de-pedestres-da-vitorio-marcola","status":"publish","type":"post","link":"https:\/\/www.comunidadeativa.jor.br\/index.php\/2023\/05\/12\/avanco-nas-tratativas-para-a-implantacao-da-faixa-de-pedestres-da-vitorio-marcola\/","title":{"rendered":"Avan\u00e7o nas tratativas para a implanta\u00e7\u00e3o da faixa de pedestres da Vit\u00f3rio Mar\u00e7ola"},"content":{"rendered":"<p>O risco existente na faixa de pedestres que h\u00e1 em frente ao Col\u00e9gio Arnaldo, no n\u00famero 360 da Rua Vit\u00f3rio Mar\u00e7ola, tem mobilizado a aten\u00e7\u00e3o de grande parte das pessoas que circulam pela regi\u00e3o, incluindo familiares de alunos da institui\u00e7\u00e3o. Mesmo a travessia sendo servida por sem\u00e1foro, \u00e9 comum motoristas desrespeitarem a sinaliza\u00e7\u00e3o, o que cria s\u00e9rias amea\u00e7as para os transeuntes. A solu\u00e7\u00e3o para o problema pode estar na implanta\u00e7\u00e3o de uma faixa elevada, como a que j\u00e1 foi solicitada pela Amoran \u00e0 Prefeitura de Belo Horizonte (PBH).<\/p>\n<p>Esta foi a pauta de reuni\u00e3o promovida pela Associa\u00e7\u00e3o e realizada em sua sede no \u00faltimo dia 17. Do encontro participaram Eldo Pena Couto, diretor do Col\u00e9gio Arnaldo, \u00c1lvaro Goulart, coordenador de Atendimento Regional Centro-Sul da PBH, e Carlos Alberto Rocha, presidente da Amoran. Segundo Carlos Alberto, a conversa foi muito produtiva e tudo indica que a solu\u00e7\u00e3o est\u00e1 pr\u00f3xima. \u201cFicou claro que, tanto por parte do Arnaldo quanto por parte da Regional Centro-Sul, h\u00e1 total disposi\u00e7\u00e3o para solucionar a quest\u00e3o o mais r\u00e1pido poss\u00edvel. Agora, ficamos na expectativa dos pr\u00f3ximos passos, que devem ser dados pelos demais \u00f3rg\u00e3os da PBH\u201d, diz Carlos Alberto.<\/p>\n","protected":false},"excerpt":{"rendered":"<p>O risco existente na faixa de pedestres que h\u00e1 em frente ao Col\u00e9gio Arnaldo, no n\u00famero 360 da Rua Vit\u00f3rio<\/p>\n","protected":false},"author":1,"featured_media":3555,"comment_status":"closed","ping_status":"open","sticky":false,"template":"","format":"standard","meta":{"footnotes":""},"categories":[5],"tags":[],"class_list":["post-3543","post","type-post","status-publish","format-standard","has-post-thumbnail","hentry","category-pelo-bairro"],"yoast_head":"<!-- This site is optimized with the Yoast SEO plugin v26.0 - https:\/\/yoast.com\/wordpress\/plugins\/seo\/ -->\n<title>Avan\u00e7o nas tratativas para a implanta\u00e7\u00e3o da faixa de pedestres da Vit\u00f3rio Mar\u00e7ola - Comunidade Ativa<\/title>\n<meta name=\"robots\" content=\"index, follow, max-snippet:-1, max-image-preview:large, max-video-preview:-1\" \/>\n<link rel=\"canonical\" href=\"https:\/\/www.comunidadeativa.jor.br\/index.php\/2023\/05\/12\/avanco-nas-tratativas-para-a-implantacao-da-faixa-de-pedestres-da-vitorio-marcola\/\" \/>\n<meta property=\"og:locale\" content=\"pt_BR\" \/>\n<meta property=\"og:type\" content=\"article\" \/>\n<meta property=\"og:title\" content=\"Avan\u00e7o nas tratativas para a implanta\u00e7\u00e3o da faixa de pedestres da Vit\u00f3rio Mar\u00e7ola - Comunidade Ativa\" \/>\n<meta property=\"og:description\" content=\"O risco existente na faixa de pedestres que h\u00e1 em frente ao Col\u00e9gio Arnaldo, no n\u00famero 360 da Rua Vit\u00f3rio\" \/>\n<meta property=\"og:url\" content=\"https:\/\/www.comunidadeativa.jor.br\/index.php\/2023\/05\/12\/avanco-nas-tratativas-para-a-implantacao-da-faixa-de-pedestres-da-vitorio-marcola\/\" \/>\n<meta property=\"og:site_name\" content=\"Comunidade Ativa\" \/>\n<meta property=\"article:publisher\" content=\"https:\/\/www.facebook.com\/comunidadeativa\" \/>\n<meta property=\"article:published_time\" content=\"2023-05-12T13:13:44+00:00\" \/>\n<meta property=\"og:image\" content=\"https:\/\/www.comunidadeativa.jor.br\/wp-content\/uploads\/2023\/05\/CAPA-5.jpg\" \/>\n\t<meta property=\"og:image:width\" content=\"800\" \/>\n\t<meta property=\"og:image:height\" content=\"445\" \/>\n\t<meta property=\"og:image:type\" content=\"image\/jpeg\" \/>\n<meta name=\"author\" content=\"Comunidade Ativa\" \/>\n<meta name=\"twitter:card\" content=\"summary_large_image\" \/>\n<meta name=\"twitter:label1\" content=\"Escrito por\" \/>\n\t<meta name=\"twitter:data1\" content=\"Comunidade Ativa\" \/>\n\t<meta name=\"twitter:label2\" content=\"Est. tempo de leitura\" \/>\n\t<meta name=\"twitter:data2\" content=\"1 minuto\" \/>\n<script type=\"application\/ld+json\" class=\"yoast-schema-graph\">{\"@context\":\"https:\/\/schema.org\",\"@graph\":[{\"@type\":\"Article\",\"@id\":\"https:\/\/www.comunidadeativa.jor.br\/index.php\/2023\/05\/12\/avanco-nas-tratativas-para-a-implantacao-da-faixa-de-pedestres-da-vitorio-marcola\/#article\",\"isPartOf\":{\"@id\":\"https:\/\/www.comunidadeativa.jor.br\/index.php\/2023\/05\/12\/avanco-nas-tratativas-para-a-implantacao-da-faixa-de-pedestres-da-vitorio-marcola\/\"},\"author\":{\"name\":\"Comunidade Ativa\",\"@id\":\"https:\/\/www.comunidadeativa.jor.br\/#\/schema\/person\/dcaa1f1c51c1f0c47a33b2b734cad6e1\"},\"headline\":\"Avan\u00e7o nas tratativas para a implanta\u00e7\u00e3o da faixa de pedestres da Vit\u00f3rio Mar\u00e7ola\",\"datePublished\":\"2023-05-12T13:13:44+00:00\",\"mainEntityOfPage\":{\"@id\":\"https:\/\/www.comunidadeativa.jor.br\/index.php\/2023\/05\/12\/avanco-nas-tratativas-para-a-implantacao-da-faixa-de-pedestres-da-vitorio-marcola\/\"},\"wordCount\":229,\"publisher\":{\"@id\":\"https:\/\/www.comunidadeativa.jor.br\/#organization\"},\"image\":{\"@id\":\"https:\/\/www.comunidadeativa.jor.br\/index.php\/2023\/05\/12\/avanco-nas-tratativas-para-a-implantacao-da-faixa-de-pedestres-da-vitorio-marcola\/#primaryimage\"},\"thumbnailUrl\":\"https:\/\/www.comunidadeativa.jor.br\/wp-content\/uploads\/2023\/05\/CAPA-5.jpg\",\"articleSection\":[\"Pelo bairro\"],\"inLanguage\":\"pt-BR\"},{\"@type\":\"WebPage\",\"@id\":\"https:\/\/www.comunidadeativa.jor.br\/index.php\/2023\/05\/12\/avanco-nas-tratativas-para-a-implantacao-da-faixa-de-pedestres-da-vitorio-marcola\/\",\"url\":\"https:\/\/www.comunidadeativa.jor.br\/index.php\/2023\/05\/12\/avanco-nas-tratativas-para-a-implantacao-da-faixa-de-pedestres-da-vitorio-marcola\/\",\"name\":\"Avan\u00e7o nas tratativas para a implanta\u00e7\u00e3o da faixa de pedestres da Vit\u00f3rio Mar\u00e7ola - Comunidade Ativa\",\"isPartOf\":{\"@id\":\"https:\/\/www.comunidadeativa.jor.br\/#website\"},\"primaryImageOfPage\":{\"@id\":\"https:\/\/www.comunidadeativa.jor.br\/index.php\/2023\/05\/12\/avanco-nas-tratativas-para-a-implantacao-da-faixa-de-pedestres-da-vitorio-marcola\/#primaryimage\"},\"image\":{\"@id\":\"https:\/\/www.comunidadeativa.jor.br\/index.php\/2023\/05\/12\/avanco-nas-tratativas-para-a-implantacao-da-faixa-de-pedestres-da-vitorio-marcola\/#primaryimage\"},\"thumbnailUrl\":\"https:\/\/www.comunidadeativa.jor.br\/wp-content\/uploads\/2023\/05\/CAPA-5.jpg\",\"datePublished\":\"2023-05-12T13:13:44+00:00\",\"breadcrumb\":{\"@id\":\"https:\/\/www.comunidadeativa.jor.br\/index.php\/2023\/05\/12\/avanco-nas-tratativas-para-a-implantacao-da-faixa-de-pedestres-da-vitorio-marcola\/#breadcrumb\"},\"inLanguage\":\"pt-BR\",\"potentialAction\":[{\"@type\":\"ReadAction\",\"target\":[\"https:\/\/www.comunidadeativa.jor.br\/index.php\/2023\/05\/12\/avanco-nas-tratativas-para-a-implantacao-da-faixa-de-pedestres-da-vitorio-marcola\/\"]}]},{\"@type\":\"ImageObject\",\"inLanguage\":\"pt-BR\",\"@id\":\"https:\/\/www.comunidadeativa.jor.br\/index.php\/2023\/05\/12\/avanco-nas-tratativas-para-a-implantacao-da-faixa-de-pedestres-da-vitorio-marcola\/#primaryimage\",\"url\":\"https:\/\/www.comunidadeativa.jor.br\/wp-content\/uploads\/2023\/05\/CAPA-5.jpg\",\"contentUrl\":\"https:\/\/www.comunidadeativa.jor.br\/wp-content\/uploads\/2023\/05\/CAPA-5.jpg\",\"width\":800,\"height\":445},{\"@type\":\"BreadcrumbList\",\"@id\":\"https:\/\/www.comunidadeativa.jor.br\/index.php\/2023\/05\/12\/avanco-nas-tratativas-para-a-implantacao-da-faixa-de-pedestres-da-vitorio-marcola\/#breadcrumb\",\"itemListElement\":[{\"@type\":\"ListItem\",\"position\":1,\"name\":\"In\u00edcio\",\"item\":\"https:\/\/www.comunidadeativa.jor.br\/\"},{\"@type\":\"ListItem\",\"position\":2,\"name\":\"Avan\u00e7o nas tratativas para a implanta\u00e7\u00e3o da faixa de pedestres da Vit\u00f3rio Mar\u00e7ola\"}]},{\"@type\":\"WebSite\",\"@id\":\"https:\/\/www.comunidadeativa.jor.br\/#website\",\"url\":\"https:\/\/www.comunidadeativa.jor.br\/\",\"name\":\"Comunidade Ativa\",\"description\":\"\",\"publisher\":{\"@id\":\"https:\/\/www.comunidadeativa.jor.br\/#organization\"},\"potentialAction\":[{\"@type\":\"SearchAction\",\"target\":{\"@type\":\"EntryPoint\",\"urlTemplate\":\"https:\/\/www.comunidadeativa.jor.br\/?s={search_term_string}\"},\"query-input\":{\"@type\":\"PropertyValueSpecification\",\"valueRequired\":true,\"valueName\":\"search_term_string\"}}],\"inLanguage\":\"pt-BR\"},{\"@type\":\"Organization\",\"@id\":\"https:\/\/www.comunidadeativa.jor.br\/#organization\",\"name\":\"Comunidade Ativa\",\"url\":\"https:\/\/www.comunidadeativa.jor.br\/\",\"logo\":{\"@type\":\"ImageObject\",\"inLanguage\":\"pt-BR\",\"@id\":\"https:\/\/www.comunidadeativa.jor.br\/#\/schema\/logo\/image\/\",\"url\":\"https:\/\/www.comunidadeativa.jor.br\/wp-content\/uploads\/2018\/03\/cropped-LOGOPNG-1.png\",\"contentUrl\":\"https:\/\/www.comunidadeativa.jor.br\/wp-content\/uploads\/2018\/03\/cropped-LOGOPNG-1.png\",\"width\":318,\"height\":90,\"caption\":\"Comunidade Ativa\"},\"image\":{\"@id\":\"https:\/\/www.comunidadeativa.jor.br\/#\/schema\/logo\/image\/\"},\"sameAs\":[\"https:\/\/www.facebook.com\/comunidadeativa\"]},{\"@type\":\"Person\",\"@id\":\"https:\/\/www.comunidadeativa.jor.br\/#\/schema\/person\/dcaa1f1c51c1f0c47a33b2b734cad6e1\",\"name\":\"Comunidade Ativa\",\"image\":{\"@type\":\"ImageObject\",\"inLanguage\":\"pt-BR\",\"@id\":\"https:\/\/www.comunidadeativa.jor.br\/#\/schema\/person\/image\/\",\"url\":\"https:\/\/secure.gravatar.com\/avatar\/09a9a1f85fedf41e81b47f7c1d40084f?s=96&d=mm&r=g\",\"contentUrl\":\"https:\/\/secure.gravatar.com\/avatar\/09a9a1f85fedf41e81b47f7c1d40084f?s=96&d=mm&r=g\",\"caption\":\"Comunidade Ativa\"},\"url\":\"https:\/\/www.comunidadeativa.jor.br\/index.php\/author\/casalberto\/\"}]}<\/script>\n<!-- \/ Yoast SEO plugin. -->","yoast_head_json":{"title":"Avan\u00e7o nas tratativas para a implanta\u00e7\u00e3o da faixa de pedestres da Vit\u00f3rio Mar\u00e7ola - Comunidade Ativa","robots":{"index":"index","follow":"follow","max-snippet":"max-snippet:-1","max-image-preview":"max-image-preview:large","max-video-preview":"max-video-preview:-1"},"canonical":"https:\/\/www.comunidadeativa.jor.br\/index.php\/2023\/05\/12\/avanco-nas-tratativas-para-a-implantacao-da-faixa-de-pedestres-da-vitorio-marcola\/","og_locale":"pt_BR","og_type":"article","og_title":"Avan\u00e7o nas tratativas para a implanta\u00e7\u00e3o da faixa de pedestres da Vit\u00f3rio Mar\u00e7ola - Comunidade Ativa","og_description":"O risco existente na faixa de pedestres que h\u00e1 em frente ao Col\u00e9gio Arnaldo, no n\u00famero 360 da Rua Vit\u00f3rio","og_url":"https:\/\/www.comunidadeativa.jor.br\/index.php\/2023\/05\/12\/avanco-nas-tratativas-para-a-implantacao-da-faixa-de-pedestres-da-vitorio-marcola\/","og_site_name":"Comunidade Ativa","article_publisher":"https:\/\/www.facebook.com\/comunidadeativa","article_published_time":"2023-05-12T13:13:44+00:00","og_image":[{"width":800,"height":445,"url":"https:\/\/www.comunidadeativa.jor.br\/wp-content\/uploads\/2023\/05\/CAPA-5.jpg","type":"image\/jpeg"}],"author":"Comunidade Ativa","twitter_card":"summary_large_image","twitter_misc":{"Escrito por":"Comunidade Ativa","Est. tempo de leitura":"1 minuto"},"schema":{"@context":"https:\/\/schema.org","@graph":[{"@type":"Article","@id":"https:\/\/www.comunidadeativa.jor.br\/index.php\/2023\/05\/12\/avanco-nas-tratativas-para-a-implantacao-da-faixa-de-pedestres-da-vitorio-marcola\/#article","isPartOf":{"@id":"https:\/\/www.comunidadeativa.jor.br\/index.php\/2023\/05\/12\/avanco-nas-tratativas-para-a-implantacao-da-faixa-de-pedestres-da-vitorio-marcola\/"},"author":{"name":"Comunidade Ativa","@id":"https:\/\/www.comunidadeativa.jor.br\/#\/schema\/person\/dcaa1f1c51c1f0c47a33b2b734cad6e1"},"headline":"Avan\u00e7o nas tratativas para a implanta\u00e7\u00e3o da faixa de pedestres da Vit\u00f3rio Mar\u00e7ola","datePublished":"2023-05-12T13:13:44+00:00","mainEntityOfPage":{"@id":"https:\/\/www.comunidadeativa.jor.br\/index.php\/2023\/05\/12\/avanco-nas-tratativas-para-a-implantacao-da-faixa-de-pedestres-da-vitorio-marcola\/"},"wordCount":229,"publisher":{"@id":"https:\/\/www.comunidadeativa.jor.br\/#organization"},"image":{"@id":"https:\/\/www.comunidadeativa.jor.br\/index.php\/2023\/05\/12\/avanco-nas-tratativas-para-a-implantacao-da-faixa-de-pedestres-da-vitorio-marcola\/#primaryimage"},"thumbnailUrl":"https:\/\/www.comunidadeativa.jor.br\/wp-content\/uploads\/2023\/05\/CAPA-5.jpg","articleSection":["Pelo bairro"],"inLanguage":"pt-BR"},{"@type":"WebPage","@id":"https:\/\/www.comunidadeativa.jor.br\/index.php\/2023\/05\/12\/avanco-nas-tratativas-para-a-implantacao-da-faixa-de-pedestres-da-vitorio-marcola\/","url":"https:\/\/www.comunidadeativa.jor.br\/index.php\/2023\/05\/12\/avanco-nas-tratativas-para-a-implantacao-da-faixa-de-pedestres-da-vitorio-marcola\/","name":"Avan\u00e7o nas tratativas para a implanta\u00e7\u00e3o da faixa de pedestres da Vit\u00f3rio Mar\u00e7ola - Comunidade Ativa","isPartOf":{"@id":"https:\/\/www.comunidadeativa.jor.br\/#website"},"primaryImageOfPage":{"@id":"https:\/\/www.comunidadeativa.jor.br\/index.php\/2023\/05\/12\/avanco-nas-tratativas-para-a-implantacao-da-faixa-de-pedestres-da-vitorio-marcola\/#primaryimage"},"image":{"@id":"https:\/\/www.comunidadeativa.jor.br\/index.php\/2023\/05\/12\/avanco-nas-tratativas-para-a-implantacao-da-faixa-de-pedestres-da-vitorio-marcola\/#primaryimage"},"thumbnailUrl":"https:\/\/www.comunidadeativa.jor.br\/wp-content\/uploads\/2023\/05\/CAPA-5.jpg","datePublished":"2023-05-12T13:13:44+00:00","breadcrumb":{"@id":"https:\/\/www.comunidadeativa.jor.br\/index.php\/2023\/05\/12\/avanco-nas-tratativas-para-a-implantacao-da-faixa-de-pedestres-da-vitorio-marcola\/#breadcrumb"},"inLanguage":"pt-BR","potentialAction":[{"@type":"ReadAction","target":["https:\/\/www.comunidadeativa.jor.br\/index.php\/2023\/05\/12\/avanco-nas-tratativas-para-a-implantacao-da-faixa-de-pedestres-da-vitorio-marcola\/"]}]},{"@type":"ImageObject","inLanguage":"pt-BR","@id":"https:\/\/www.comunidadeativa.jor.br\/index.php\/2023\/05\/12\/avanco-nas-tratativas-para-a-implantacao-da-faixa-de-pedestres-da-vitorio-marcola\/#primaryimage","url":"https:\/\/www.comunidadeativa.jor.br\/wp-content\/uploads\/2023\/05\/CAPA-5.jpg","contentUrl":"https:\/\/www.comunidadeativa.jor.br\/wp-content\/uploads\/2023\/05\/CAPA-5.jpg","width":800,"height":445},{"@type":"BreadcrumbList","@id":"https:\/\/www.comunidadeativa.jor.br\/index.php\/2023\/05\/12\/avanco-nas-tratativas-para-a-implantacao-da-faixa-de-pedestres-da-vitorio-marcola\/#breadcrumb","itemListElement":[{"@type":"ListItem","position":1,"name":"In\u00edcio","item":"https:\/\/www.comunidadeativa.jor.br\/"},{"@type":"ListItem","position":2,"name":"Avan\u00e7o nas tratativas para a implanta\u00e7\u00e3o da faixa de pedestres da Vit\u00f3rio Mar\u00e7ola"}]},{"@type":"WebSite","@id":"https:\/\/www.comunidadeativa.jor.br\/#website","url":"https:\/\/www.comunidadeativa.jor.br\/","name":"Comunidade Ativa","description":"","publisher":{"@id":"https:\/\/www.comunidadeativa.jor.br\/#organization"},"potentialAction":[{"@type":"SearchAction","target":{"@type":"EntryPoint","urlTemplate":"https:\/\/www.comunidadeativa.jor.br\/?s={search_term_string}"},"query-input":{"@type":"PropertyValueSpecification","valueRequired":true,"valueName":"search_term_string"}}],"inLanguage":"pt-BR"},{"@type":"Organization","@id":"https:\/\/www.comunidadeativa.jor.br\/#organization","name":"Comunidade Ativa","url":"https:\/\/www.comunidadeativa.jor.br\/","logo":{"@type":"ImageObject","inLanguage":"pt-BR","@id":"https:\/\/www.comunidadeativa.jor.br\/#\/schema\/logo\/image\/","url":"https:\/\/www.comunidadeativa.jor.br\/wp-content\/uploads\/2018\/03\/cropped-LOGOPNG-1.png","contentUrl":"https:\/\/www.comunidadeativa.jor.br\/wp-content\/uploads\/2018\/03\/cropped-LOGOPNG-1.png","width":318,"height":90,"caption":"Comunidade Ativa"},"image":{"@id":"https:\/\/www.comunidadeativa.jor.br\/#\/schema\/logo\/image\/"},"sameAs":["https:\/\/www.facebook.com\/comunidadeativa"]},{"@type":"Person","@id":"https:\/\/www.comunidadeativa.jor.br\/#\/schema\/person\/dcaa1f1c51c1f0c47a33b2b734cad6e1","name":"Comunidade Ativa","image":{"@type":"ImageObject","inLanguage":"pt-BR","@id":"https:\/\/www.comunidadeativa.jor.br\/#\/schema\/person\/image\/","url":"https:\/\/secure.gravatar.com\/avatar\/09a9a1f85fedf41e81b47f7c1d40084f?s=96&d=mm&r=g","contentUrl":"https:\/\/secure.gravatar.com\/avatar\/09a9a1f85fedf41e81b47f7c1d40084f?s=96&d=mm&r=g","caption":"Comunidade Ativa"},"url":"https:\/\/www.comunidadeativa.jor.br\/index.php\/author\/casalberto\/"}]}},"_links":{"self":[{"href":"https:\/\/www.comunidadeativa.jor.br\/index.php\/wp-json\/wp\/v2\/posts\/3543","targetHints":{"allow":["GET"]}}],"collection":[{"href":"https:\/\/www.comunidadeativa.jor.br\/index.php\/wp-json\/wp\/v2\/posts"}],"about":[{"href":"https:\/\/www.comunidadeativa.jor.br\/index.php\/wp-json\/wp\/v2\/types\/post"}],"author":[{"embeddable":true,"href":"https:\/\/www.comunidadeativa.jor.br\/index.php\/wp-json\/wp\/v2\/users\/1"}],"replies":[{"embeddable":true,"href":"https:\/\/www.comunidadeativa.jor.br\/index.php\/wp-json\/wp\/v2\/comments?post=3543"}],"version-history":[{"count":1,"href":"https:\/\/www.comunidadeativa.jor.br\/index.php\/wp-json\/wp\/v2\/posts\/3543\/revisions"}],"predecessor-version":[{"id":3544,"href":"https:\/\/www.comunidadeativa.jor.br\/index.php\/wp-json\/wp\/v2\/posts\/3543\/revisions\/3544"}],"wp:featuredmedia":[{"embeddable":true,"href":"https:\/\/www.comunidadeativa.jor.br\/index.php\/wp-json\/wp\/v2\/media\/3555"}],"wp:attachment":[{"href":"https:\/\/www.comunidadeativa.jor.br\/index.php\/wp-json\/wp\/v2\/media?parent=3543"}],"wp:term":[{"taxonomy":"category","embeddable":true,"href":"https:\/\/www.comunidadeativa.jor.br\/index.php\/wp-json\/wp\/v2\/categories?post=3543"},{"taxonomy":"post_tag","embeddable":true,"href":"https:\/\/www.comunidadeativa.jor.br\/index.php\/wp-json\/wp\/v2\/tags?post=3543"}],"curies":[{"name":"wp","href":"https:\/\/api.w.org\/{rel}","templated":true}]}}