{"id":3566,"date":"2023-06-01T16:15:21","date_gmt":"2023-06-01T19:15:21","guid":{"rendered":"https:\/\/www.comunidadeativa.jor.br\/?p=3566"},"modified":"2023-06-01T16:15:21","modified_gmt":"2023-06-01T19:15:21","slug":"prefeito-vetou-renomeacao-do-julien-rien-mas-o-parque-ainda-pode-homenagear-monsenhor-expedito-entenda","status":"publish","type":"post","link":"https:\/\/www.comunidadeativa.jor.br\/index.php\/2023\/06\/01\/prefeito-vetou-renomeacao-do-julien-rien-mas-o-parque-ainda-pode-homenagear-monsenhor-expedito-entenda\/","title":{"rendered":"Prefeito vetou renomea\u00e7\u00e3o do Julien Rien, mas o Parque ainda pode homenagear monsenhor Expedito. Entenda!"},"content":{"rendered":"<p>Conforme o leitor do Comunidade Ativa tem acompanhado desde a edi\u00e7\u00e3o de janeiro do jornal, em sintonia com o desejo da comunidade de prestar homenagem ao fundador da Par\u00f3quia de S\u00e3o Mateus, ainda em 2022, a Amoran iniciou as tratativas para solicitar a renomea\u00e7\u00e3o do Parque Municipal Julien Rien, que passaria a se chamar Parque Municipal Monsenhor Expedito D\u2019\u00c1vila. O resultado das conversas foi consolidado no Projeto de Lei (PL) da C\u00e2mara<br \/>\nMunicipal de Belo Horizonte (CMBH) de n\u00ba 472\/23, apresentado pelo ex-vereador Leo Burgu\u00eas (Uni\u00e3o Brasil), logo no in\u00edcio deste ano.<br \/>\nComo noticiamos na edi\u00e7\u00e3o de mar\u00e7o, o PL foi aprovado na CMBH e encaminhado na forma da Proposi\u00e7\u00e3o de Lei n\u00ba 47\/23 para a san\u00e7\u00e3o do prefeito Fuad Noman. Contudo, na edi\u00e7\u00e3o de 11 de janeiro do Di\u00e1rio Oficial do Munic\u00edpio (DOM), foi publicado o veto do prefeito \u00e0 proposta.<\/p>\n<h5>Surpresa<\/h5>\n<p>Baseado em uma declara\u00e7\u00e3o da Funda\u00e7\u00e3o de Parques Municipais e Zoobot\u00e2nica (FPMZB), Noman argumentou que a renomea\u00e7\u00e3o do Julien Rien contrariaria o interesse p\u00fablico. Como est\u00e1 registrado textualmente no veto, segundo a FPMZB, \u201co primeiro registro da denomina\u00e7\u00e3o do Parque Municipal Julien Rien remonta \u00e0 d\u00e9cada de 1940 \u2013 se tratando, portanto, de nome j\u00e1 consolidado pelo tempo e assimilado pela comunidade local\u201d.<br \/>\nPara o presidente da Amoran, Carlos Alberto Rocha, a justificativa para o veto causa dupla surpresa. \u201cPrimeiro, porque o interesse p\u00fablico, de fato, como foi manifestado pela comunidade local, \u00e9 de homenagear o monsenhor Expedito com a nova denomina\u00e7\u00e3o. Segundo, porque, como eu mesmo pude verificar pessoalmente, a tal refer\u00eancia ao nome citada pela FPMZB talvez seja apenas um registro em uma antiga planta da regi\u00e3o, dispon\u00edvel no Arquivo P\u00fablico Municipal. Fora isso, em v\u00e1rias pesquisas que fiz, n\u00e3o encontrei nenhum documento que afirmasse quem foi essa pessoa e nenhum \u00f3rg\u00e3o que consultei soube esclarecer o assunto. \u00c9 um mist\u00e9rio antigo. Ou seja, enquanto o parque faz homenagem a pessoa desconhecida da popula\u00e7\u00e3o de BH, um personagem importante para a hist\u00f3ria da nossa regi\u00e3o, com relev\u00e2ncia inclusive para a ca-pital, que \u00e9 muito querido pela comunidade, n\u00e3o p\u00f4de ser homenageado por meio desta mudan\u00e7a\u201d, considera.<br \/>\nSegundo Carlos Alberto, a Amoran fez contato recente com a FPMZB pedindo esclarecimentos sobre quem foi Julien Rien e sobre qual seria a relev\u00e2ncia dessa pessoa para a hist\u00f3ria de Belo Horizonte. Como resposta, houve a recomenda\u00e7\u00e3o para que o pedi- do fosse encaminhado \u00e0 Ouvidoria da Prefeitura de Belo Horizonte (PBH), por meio da Lei de Acesso \u00e0 Informa\u00e7\u00e3o, o que foi seguido pela Associa\u00e7\u00e3o. At\u00e9 o fechamento desta edi\u00e7\u00e3o, nenhum retorno sobre o assunto havia sido dado.<\/p>\n<h5>De volta \u00e0 CMBH<\/h5>\n<p>O veto de Noman n\u00e3o encerra as possibilidades de o Julien Rien vir a ser renomeado e, assim, homenagear monsenhor Expedido. Isso porque a posi\u00e7\u00e3o do prefeito ainda pode ser rejeitada em vota\u00e7\u00e3o na CMBH.<br \/>\nNo \u00faltimo dia 16 de maio, o presidente da C\u00e2mara, vereador Gabriel Azevedo (sem partido) designou a forma\u00e7\u00e3o de uma comiss\u00e3o para analisar o caso, que ser\u00e1 presidida pelo vereador Jorge Santos (Republicanos). Santos j\u00e1 definiu como relator o vereador S\u00e9rgio Fernando (PL). Aprovado pela comiss\u00e3o, o tema segue para vota\u00e7\u00e3o em plen\u00e1rio, que est\u00e1 agendada para o dia 13 de junho. Na ocasi\u00e3o, a comunidade poder\u00e1 ocupar a galeria da CMBH e refor\u00e7ar a vontade de derrubar o veto.<\/p>\n","protected":false},"excerpt":{"rendered":"<p>Conforme o leitor do Comunidade Ativa tem acompanhado desde a edi\u00e7\u00e3o de janeiro do jornal, em sintonia com o desejo<\/p>\n","protected":false},"author":1,"featured_media":3567,"comment_status":"closed","ping_status":"open","sticky":false,"template":"","format":"standard","meta":{"footnotes":""},"categories":[5],"tags":[],"class_list":["post-3566","post","type-post","status-publish","format-standard","has-post-thumbnail","hentry","category-pelo-bairro"],"yoast_head":"<!-- This site is optimized with the Yoast SEO plugin v26.0 - https:\/\/yoast.com\/wordpress\/plugins\/seo\/ -->\n<title>Prefeito vetou renomea\u00e7\u00e3o do Julien Rien, mas o Parque ainda pode homenagear monsenhor Expedito. Entenda! - Comunidade Ativa<\/title>\n<meta name=\"robots\" content=\"index, follow, max-snippet:-1, max-image-preview:large, max-video-preview:-1\" \/>\n<link rel=\"canonical\" href=\"https:\/\/www.comunidadeativa.jor.br\/index.php\/2023\/06\/01\/prefeito-vetou-renomeacao-do-julien-rien-mas-o-parque-ainda-pode-homenagear-monsenhor-expedito-entenda\/\" \/>\n<meta property=\"og:locale\" content=\"pt_BR\" \/>\n<meta property=\"og:type\" content=\"article\" \/>\n<meta property=\"og:title\" content=\"Prefeito vetou renomea\u00e7\u00e3o do Julien Rien, mas o Parque ainda pode homenagear monsenhor Expedito. Entenda! - Comunidade Ativa\" \/>\n<meta property=\"og:description\" content=\"Conforme o leitor do Comunidade Ativa tem acompanhado desde a edi\u00e7\u00e3o de janeiro do jornal, em sintonia com o desejo\" \/>\n<meta property=\"og:url\" content=\"https:\/\/www.comunidadeativa.jor.br\/index.php\/2023\/06\/01\/prefeito-vetou-renomeacao-do-julien-rien-mas-o-parque-ainda-pode-homenagear-monsenhor-expedito-entenda\/\" \/>\n<meta property=\"og:site_name\" content=\"Comunidade Ativa\" \/>\n<meta property=\"article:publisher\" content=\"https:\/\/www.facebook.com\/comunidadeativa\" \/>\n<meta property=\"article:published_time\" content=\"2023-06-01T19:15:21+00:00\" \/>\n<meta property=\"og:image\" content=\"https:\/\/www.comunidadeativa.jor.br\/wp-content\/uploads\/2023\/06\/CAPA.jpg\" \/>\n\t<meta property=\"og:image:width\" content=\"800\" \/>\n\t<meta property=\"og:image:height\" content=\"445\" \/>\n\t<meta property=\"og:image:type\" content=\"image\/jpeg\" \/>\n<meta name=\"author\" content=\"Comunidade Ativa\" \/>\n<meta name=\"twitter:card\" content=\"summary_large_image\" \/>\n<meta name=\"twitter:label1\" content=\"Escrito por\" \/>\n\t<meta name=\"twitter:data1\" content=\"Comunidade Ativa\" \/>\n\t<meta name=\"twitter:label2\" content=\"Est. tempo de leitura\" \/>\n\t<meta name=\"twitter:data2\" content=\"3 minutos\" \/>\n<script type=\"application\/ld+json\" class=\"yoast-schema-graph\">{\"@context\":\"https:\/\/schema.org\",\"@graph\":[{\"@type\":\"Article\",\"@id\":\"https:\/\/www.comunidadeativa.jor.br\/index.php\/2023\/06\/01\/prefeito-vetou-renomeacao-do-julien-rien-mas-o-parque-ainda-pode-homenagear-monsenhor-expedito-entenda\/#article\",\"isPartOf\":{\"@id\":\"https:\/\/www.comunidadeativa.jor.br\/index.php\/2023\/06\/01\/prefeito-vetou-renomeacao-do-julien-rien-mas-o-parque-ainda-pode-homenagear-monsenhor-expedito-entenda\/\"},\"author\":{\"name\":\"Comunidade Ativa\",\"@id\":\"https:\/\/www.comunidadeativa.jor.br\/#\/schema\/person\/dcaa1f1c51c1f0c47a33b2b734cad6e1\"},\"headline\":\"Prefeito vetou renomea\u00e7\u00e3o do Julien Rien, mas o Parque ainda pode homenagear monsenhor Expedito. Entenda!\",\"datePublished\":\"2023-06-01T19:15:21+00:00\",\"mainEntityOfPage\":{\"@id\":\"https:\/\/www.comunidadeativa.jor.br\/index.php\/2023\/06\/01\/prefeito-vetou-renomeacao-do-julien-rien-mas-o-parque-ainda-pode-homenagear-monsenhor-expedito-entenda\/\"},\"wordCount\":607,\"publisher\":{\"@id\":\"https:\/\/www.comunidadeativa.jor.br\/#organization\"},\"image\":{\"@id\":\"https:\/\/www.comunidadeativa.jor.br\/index.php\/2023\/06\/01\/prefeito-vetou-renomeacao-do-julien-rien-mas-o-parque-ainda-pode-homenagear-monsenhor-expedito-entenda\/#primaryimage\"},\"thumbnailUrl\":\"https:\/\/www.comunidadeativa.jor.br\/wp-content\/uploads\/2023\/06\/CAPA.jpg\",\"articleSection\":[\"Pelo bairro\"],\"inLanguage\":\"pt-BR\"},{\"@type\":\"WebPage\",\"@id\":\"https:\/\/www.comunidadeativa.jor.br\/index.php\/2023\/06\/01\/prefeito-vetou-renomeacao-do-julien-rien-mas-o-parque-ainda-pode-homenagear-monsenhor-expedito-entenda\/\",\"url\":\"https:\/\/www.comunidadeativa.jor.br\/index.php\/2023\/06\/01\/prefeito-vetou-renomeacao-do-julien-rien-mas-o-parque-ainda-pode-homenagear-monsenhor-expedito-entenda\/\",\"name\":\"Prefeito vetou renomea\u00e7\u00e3o do Julien Rien, mas o Parque ainda pode homenagear monsenhor Expedito. Entenda! - Comunidade Ativa\",\"isPartOf\":{\"@id\":\"https:\/\/www.comunidadeativa.jor.br\/#website\"},\"primaryImageOfPage\":{\"@id\":\"https:\/\/www.comunidadeativa.jor.br\/index.php\/2023\/06\/01\/prefeito-vetou-renomeacao-do-julien-rien-mas-o-parque-ainda-pode-homenagear-monsenhor-expedito-entenda\/#primaryimage\"},\"image\":{\"@id\":\"https:\/\/www.comunidadeativa.jor.br\/index.php\/2023\/06\/01\/prefeito-vetou-renomeacao-do-julien-rien-mas-o-parque-ainda-pode-homenagear-monsenhor-expedito-entenda\/#primaryimage\"},\"thumbnailUrl\":\"https:\/\/www.comunidadeativa.jor.br\/wp-content\/uploads\/2023\/06\/CAPA.jpg\",\"datePublished\":\"2023-06-01T19:15:21+00:00\",\"breadcrumb\":{\"@id\":\"https:\/\/www.comunidadeativa.jor.br\/index.php\/2023\/06\/01\/prefeito-vetou-renomeacao-do-julien-rien-mas-o-parque-ainda-pode-homenagear-monsenhor-expedito-entenda\/#breadcrumb\"},\"inLanguage\":\"pt-BR\",\"potentialAction\":[{\"@type\":\"ReadAction\",\"target\":[\"https:\/\/www.comunidadeativa.jor.br\/index.php\/2023\/06\/01\/prefeito-vetou-renomeacao-do-julien-rien-mas-o-parque-ainda-pode-homenagear-monsenhor-expedito-entenda\/\"]}]},{\"@type\":\"ImageObject\",\"inLanguage\":\"pt-BR\",\"@id\":\"https:\/\/www.comunidadeativa.jor.br\/index.php\/2023\/06\/01\/prefeito-vetou-renomeacao-do-julien-rien-mas-o-parque-ainda-pode-homenagear-monsenhor-expedito-entenda\/#primaryimage\",\"url\":\"https:\/\/www.comunidadeativa.jor.br\/wp-content\/uploads\/2023\/06\/CAPA.jpg\",\"contentUrl\":\"https:\/\/www.comunidadeativa.jor.br\/wp-content\/uploads\/2023\/06\/CAPA.jpg\",\"width\":800,\"height\":445},{\"@type\":\"BreadcrumbList\",\"@id\":\"https:\/\/www.comunidadeativa.jor.br\/index.php\/2023\/06\/01\/prefeito-vetou-renomeacao-do-julien-rien-mas-o-parque-ainda-pode-homenagear-monsenhor-expedito-entenda\/#breadcrumb\",\"itemListElement\":[{\"@type\":\"ListItem\",\"position\":1,\"name\":\"In\u00edcio\",\"item\":\"https:\/\/www.comunidadeativa.jor.br\/\"},{\"@type\":\"ListItem\",\"position\":2,\"name\":\"Prefeito vetou renomea\u00e7\u00e3o do Julien Rien, mas o Parque ainda pode homenagear monsenhor Expedito. Entenda!\"}]},{\"@type\":\"WebSite\",\"@id\":\"https:\/\/www.comunidadeativa.jor.br\/#website\",\"url\":\"https:\/\/www.comunidadeativa.jor.br\/\",\"name\":\"Comunidade Ativa\",\"description\":\"\",\"publisher\":{\"@id\":\"https:\/\/www.comunidadeativa.jor.br\/#organization\"},\"potentialAction\":[{\"@type\":\"SearchAction\",\"target\":{\"@type\":\"EntryPoint\",\"urlTemplate\":\"https:\/\/www.comunidadeativa.jor.br\/?s={search_term_string}\"},\"query-input\":{\"@type\":\"PropertyValueSpecification\",\"valueRequired\":true,\"valueName\":\"search_term_string\"}}],\"inLanguage\":\"pt-BR\"},{\"@type\":\"Organization\",\"@id\":\"https:\/\/www.comunidadeativa.jor.br\/#organization\",\"name\":\"Comunidade Ativa\",\"url\":\"https:\/\/www.comunidadeativa.jor.br\/\",\"logo\":{\"@type\":\"ImageObject\",\"inLanguage\":\"pt-BR\",\"@id\":\"https:\/\/www.comunidadeativa.jor.br\/#\/schema\/logo\/image\/\",\"url\":\"https:\/\/www.comunidadeativa.jor.br\/wp-content\/uploads\/2018\/03\/cropped-LOGOPNG-1.png\",\"contentUrl\":\"https:\/\/www.comunidadeativa.jor.br\/wp-content\/uploads\/2018\/03\/cropped-LOGOPNG-1.png\",\"width\":318,\"height\":90,\"caption\":\"Comunidade Ativa\"},\"image\":{\"@id\":\"https:\/\/www.comunidadeativa.jor.br\/#\/schema\/logo\/image\/\"},\"sameAs\":[\"https:\/\/www.facebook.com\/comunidadeativa\"]},{\"@type\":\"Person\",\"@id\":\"https:\/\/www.comunidadeativa.jor.br\/#\/schema\/person\/dcaa1f1c51c1f0c47a33b2b734cad6e1\",\"name\":\"Comunidade Ativa\",\"image\":{\"@type\":\"ImageObject\",\"inLanguage\":\"pt-BR\",\"@id\":\"https:\/\/www.comunidadeativa.jor.br\/#\/schema\/person\/image\/\",\"url\":\"https:\/\/secure.gravatar.com\/avatar\/09a9a1f85fedf41e81b47f7c1d40084f?s=96&d=mm&r=g\",\"contentUrl\":\"https:\/\/secure.gravatar.com\/avatar\/09a9a1f85fedf41e81b47f7c1d40084f?s=96&d=mm&r=g\",\"caption\":\"Comunidade Ativa\"},\"url\":\"https:\/\/www.comunidadeativa.jor.br\/index.php\/author\/casalberto\/\"}]}<\/script>\n<!-- \/ Yoast SEO plugin. -->","yoast_head_json":{"title":"Prefeito vetou renomea\u00e7\u00e3o do Julien Rien, mas o Parque ainda pode homenagear monsenhor Expedito. Entenda! - Comunidade Ativa","robots":{"index":"index","follow":"follow","max-snippet":"max-snippet:-1","max-image-preview":"max-image-preview:large","max-video-preview":"max-video-preview:-1"},"canonical":"https:\/\/www.comunidadeativa.jor.br\/index.php\/2023\/06\/01\/prefeito-vetou-renomeacao-do-julien-rien-mas-o-parque-ainda-pode-homenagear-monsenhor-expedito-entenda\/","og_locale":"pt_BR","og_type":"article","og_title":"Prefeito vetou renomea\u00e7\u00e3o do Julien Rien, mas o Parque ainda pode homenagear monsenhor Expedito. Entenda! - Comunidade Ativa","og_description":"Conforme o leitor do Comunidade Ativa tem acompanhado desde a edi\u00e7\u00e3o de janeiro do jornal, em sintonia com o desejo","og_url":"https:\/\/www.comunidadeativa.jor.br\/index.php\/2023\/06\/01\/prefeito-vetou-renomeacao-do-julien-rien-mas-o-parque-ainda-pode-homenagear-monsenhor-expedito-entenda\/","og_site_name":"Comunidade Ativa","article_publisher":"https:\/\/www.facebook.com\/comunidadeativa","article_published_time":"2023-06-01T19:15:21+00:00","og_image":[{"width":800,"height":445,"url":"https:\/\/www.comunidadeativa.jor.br\/wp-content\/uploads\/2023\/06\/CAPA.jpg","type":"image\/jpeg"}],"author":"Comunidade Ativa","twitter_card":"summary_large_image","twitter_misc":{"Escrito por":"Comunidade Ativa","Est. tempo de leitura":"3 minutos"},"schema":{"@context":"https:\/\/schema.org","@graph":[{"@type":"Article","@id":"https:\/\/www.comunidadeativa.jor.br\/index.php\/2023\/06\/01\/prefeito-vetou-renomeacao-do-julien-rien-mas-o-parque-ainda-pode-homenagear-monsenhor-expedito-entenda\/#article","isPartOf":{"@id":"https:\/\/www.comunidadeativa.jor.br\/index.php\/2023\/06\/01\/prefeito-vetou-renomeacao-do-julien-rien-mas-o-parque-ainda-pode-homenagear-monsenhor-expedito-entenda\/"},"author":{"name":"Comunidade Ativa","@id":"https:\/\/www.comunidadeativa.jor.br\/#\/schema\/person\/dcaa1f1c51c1f0c47a33b2b734cad6e1"},"headline":"Prefeito vetou renomea\u00e7\u00e3o do Julien Rien, mas o Parque ainda pode homenagear monsenhor Expedito. Entenda!","datePublished":"2023-06-01T19:15:21+00:00","mainEntityOfPage":{"@id":"https:\/\/www.comunidadeativa.jor.br\/index.php\/2023\/06\/01\/prefeito-vetou-renomeacao-do-julien-rien-mas-o-parque-ainda-pode-homenagear-monsenhor-expedito-entenda\/"},"wordCount":607,"publisher":{"@id":"https:\/\/www.comunidadeativa.jor.br\/#organization"},"image":{"@id":"https:\/\/www.comunidadeativa.jor.br\/index.php\/2023\/06\/01\/prefeito-vetou-renomeacao-do-julien-rien-mas-o-parque-ainda-pode-homenagear-monsenhor-expedito-entenda\/#primaryimage"},"thumbnailUrl":"https:\/\/www.comunidadeativa.jor.br\/wp-content\/uploads\/2023\/06\/CAPA.jpg","articleSection":["Pelo bairro"],"inLanguage":"pt-BR"},{"@type":"WebPage","@id":"https:\/\/www.comunidadeativa.jor.br\/index.php\/2023\/06\/01\/prefeito-vetou-renomeacao-do-julien-rien-mas-o-parque-ainda-pode-homenagear-monsenhor-expedito-entenda\/","url":"https:\/\/www.comunidadeativa.jor.br\/index.php\/2023\/06\/01\/prefeito-vetou-renomeacao-do-julien-rien-mas-o-parque-ainda-pode-homenagear-monsenhor-expedito-entenda\/","name":"Prefeito vetou renomea\u00e7\u00e3o do Julien Rien, mas o Parque ainda pode homenagear monsenhor Expedito. Entenda! - Comunidade Ativa","isPartOf":{"@id":"https:\/\/www.comunidadeativa.jor.br\/#website"},"primaryImageOfPage":{"@id":"https:\/\/www.comunidadeativa.jor.br\/index.php\/2023\/06\/01\/prefeito-vetou-renomeacao-do-julien-rien-mas-o-parque-ainda-pode-homenagear-monsenhor-expedito-entenda\/#primaryimage"},"image":{"@id":"https:\/\/www.comunidadeativa.jor.br\/index.php\/2023\/06\/01\/prefeito-vetou-renomeacao-do-julien-rien-mas-o-parque-ainda-pode-homenagear-monsenhor-expedito-entenda\/#primaryimage"},"thumbnailUrl":"https:\/\/www.comunidadeativa.jor.br\/wp-content\/uploads\/2023\/06\/CAPA.jpg","datePublished":"2023-06-01T19:15:21+00:00","breadcrumb":{"@id":"https:\/\/www.comunidadeativa.jor.br\/index.php\/2023\/06\/01\/prefeito-vetou-renomeacao-do-julien-rien-mas-o-parque-ainda-pode-homenagear-monsenhor-expedito-entenda\/#breadcrumb"},"inLanguage":"pt-BR","potentialAction":[{"@type":"ReadAction","target":["https:\/\/www.comunidadeativa.jor.br\/index.php\/2023\/06\/01\/prefeito-vetou-renomeacao-do-julien-rien-mas-o-parque-ainda-pode-homenagear-monsenhor-expedito-entenda\/"]}]},{"@type":"ImageObject","inLanguage":"pt-BR","@id":"https:\/\/www.comunidadeativa.jor.br\/index.php\/2023\/06\/01\/prefeito-vetou-renomeacao-do-julien-rien-mas-o-parque-ainda-pode-homenagear-monsenhor-expedito-entenda\/#primaryimage","url":"https:\/\/www.comunidadeativa.jor.br\/wp-content\/uploads\/2023\/06\/CAPA.jpg","contentUrl":"https:\/\/www.comunidadeativa.jor.br\/wp-content\/uploads\/2023\/06\/CAPA.jpg","width":800,"height":445},{"@type":"BreadcrumbList","@id":"https:\/\/www.comunidadeativa.jor.br\/index.php\/2023\/06\/01\/prefeito-vetou-renomeacao-do-julien-rien-mas-o-parque-ainda-pode-homenagear-monsenhor-expedito-entenda\/#breadcrumb","itemListElement":[{"@type":"ListItem","position":1,"name":"In\u00edcio","item":"https:\/\/www.comunidadeativa.jor.br\/"},{"@type":"ListItem","position":2,"name":"Prefeito vetou renomea\u00e7\u00e3o do Julien Rien, mas o Parque ainda pode homenagear monsenhor Expedito. Entenda!"}]},{"@type":"WebSite","@id":"https:\/\/www.comunidadeativa.jor.br\/#website","url":"https:\/\/www.comunidadeativa.jor.br\/","name":"Comunidade Ativa","description":"","publisher":{"@id":"https:\/\/www.comunidadeativa.jor.br\/#organization"},"potentialAction":[{"@type":"SearchAction","target":{"@type":"EntryPoint","urlTemplate":"https:\/\/www.comunidadeativa.jor.br\/?s={search_term_string}"},"query-input":{"@type":"PropertyValueSpecification","valueRequired":true,"valueName":"search_term_string"}}],"inLanguage":"pt-BR"},{"@type":"Organization","@id":"https:\/\/www.comunidadeativa.jor.br\/#organization","name":"Comunidade Ativa","url":"https:\/\/www.comunidadeativa.jor.br\/","logo":{"@type":"ImageObject","inLanguage":"pt-BR","@id":"https:\/\/www.comunidadeativa.jor.br\/#\/schema\/logo\/image\/","url":"https:\/\/www.comunidadeativa.jor.br\/wp-content\/uploads\/2018\/03\/cropped-LOGOPNG-1.png","contentUrl":"https:\/\/www.comunidadeativa.jor.br\/wp-content\/uploads\/2018\/03\/cropped-LOGOPNG-1.png","width":318,"height":90,"caption":"Comunidade Ativa"},"image":{"@id":"https:\/\/www.comunidadeativa.jor.br\/#\/schema\/logo\/image\/"},"sameAs":["https:\/\/www.facebook.com\/comunidadeativa"]},{"@type":"Person","@id":"https:\/\/www.comunidadeativa.jor.br\/#\/schema\/person\/dcaa1f1c51c1f0c47a33b2b734cad6e1","name":"Comunidade Ativa","image":{"@type":"ImageObject","inLanguage":"pt-BR","@id":"https:\/\/www.comunidadeativa.jor.br\/#\/schema\/person\/image\/","url":"https:\/\/secure.gravatar.com\/avatar\/09a9a1f85fedf41e81b47f7c1d40084f?s=96&d=mm&r=g","contentUrl":"https:\/\/secure.gravatar.com\/avatar\/09a9a1f85fedf41e81b47f7c1d40084f?s=96&d=mm&r=g","caption":"Comunidade Ativa"},"url":"https:\/\/www.comunidadeativa.jor.br\/index.php\/author\/casalberto\/"}]}},"_links":{"self":[{"href":"https:\/\/www.comunidadeativa.jor.br\/index.php\/wp-json\/wp\/v2\/posts\/3566","targetHints":{"allow":["GET"]}}],"collection":[{"href":"https:\/\/www.comunidadeativa.jor.br\/index.php\/wp-json\/wp\/v2\/posts"}],"about":[{"href":"https:\/\/www.comunidadeativa.jor.br\/index.php\/wp-json\/wp\/v2\/types\/post"}],"author":[{"embeddable":true,"href":"https:\/\/www.comunidadeativa.jor.br\/index.php\/wp-json\/wp\/v2\/users\/1"}],"replies":[{"embeddable":true,"href":"https:\/\/www.comunidadeativa.jor.br\/index.php\/wp-json\/wp\/v2\/comments?post=3566"}],"version-history":[{"count":1,"href":"https:\/\/www.comunidadeativa.jor.br\/index.php\/wp-json\/wp\/v2\/posts\/3566\/revisions"}],"predecessor-version":[{"id":3568,"href":"https:\/\/www.comunidadeativa.jor.br\/index.php\/wp-json\/wp\/v2\/posts\/3566\/revisions\/3568"}],"wp:featuredmedia":[{"embeddable":true,"href":"https:\/\/www.comunidadeativa.jor.br\/index.php\/wp-json\/wp\/v2\/media\/3567"}],"wp:attachment":[{"href":"https:\/\/www.comunidadeativa.jor.br\/index.php\/wp-json\/wp\/v2\/media?parent=3566"}],"wp:term":[{"taxonomy":"category","embeddable":true,"href":"https:\/\/www.comunidadeativa.jor.br\/index.php\/wp-json\/wp\/v2\/categories?post=3566"},{"taxonomy":"post_tag","embeddable":true,"href":"https:\/\/www.comunidadeativa.jor.br\/index.php\/wp-json\/wp\/v2\/tags?post=3566"}],"curies":[{"name":"wp","href":"https:\/\/api.w.org\/{rel}","templated":true}]}}