{"id":3573,"date":"2023-06-05T10:00:08","date_gmt":"2023-06-05T13:00:08","guid":{"rendered":"https:\/\/www.comunidadeativa.jor.br\/?p=3573"},"modified":"2023-06-01T17:15:02","modified_gmt":"2023-06-01T20:15:02","slug":"enxaguantes-bucais-nao-devem-ser-usados-indiscriminadamente","status":"publish","type":"post","link":"https:\/\/www.comunidadeativa.jor.br\/index.php\/2023\/06\/05\/enxaguantes-bucais-nao-devem-ser-usados-indiscriminadamente\/","title":{"rendered":"Enxaguantes bucais n\u00e3o devem ser usados indiscriminadamente"},"content":{"rendered":"<p>H\u00e1 quem veja os enxaguantes bucais como algo corriqueiro, que pode ser usado indiscriminadamente. Por\u00e9m, como existe uma grande variedade desses produtos no mercado e como todos s\u00e3o f\u00e1rmacos, que cont\u00eam v\u00e1rias subst\u00e2ncias em formula\u00e7\u00f5es distintas, conv\u00e9m observar alguns detalhes sobre eles.<\/p>\n<p>Antes de tudo, vale entender qual a finalidade de cada produto. Existem aqueles destinados apenas a controlar a prolifera\u00e7\u00e3o das bact\u00e9rias bucais e afastar o mau h\u00e1lito e h\u00e1 os que cont\u00eam fl\u00faor, que podem ajudar no combate \u00e0s c\u00e1ries. Ainda, h\u00e1 enxaguantes terap\u00eauticos, prescritos para tratamentos espec\u00edficos \u2014 como auxiliar na higiene bucal ap\u00f3s uma cirurgia ou tratar a gengivite e a periodontite, entre outras possibilidades.<\/p>\n<h5>Efeitos<\/h5>\n<p>Mesmo que n\u00e3o existam trabalhos conclusivos sobre efeitos adversos dos enxaguantes bucais, h\u00e1 considera\u00e7\u00f5es indicando que eles podem existir. Por exemplo, \u00e9 poss\u00edvel que o uso continuado desses produtos favore\u00e7a o desenvolvimento de manchas na denti\u00e7\u00e3o. Al\u00e9m disso, como a maior parte dos enxaguantes cont\u00e9m ingredientes antibacterianos, os microorganismo ben\u00e9ficos presentes na boca ficam amea\u00e7ados, o que pode levar a dist\u00farbios do metabolismo e contribuir para o desenvolvimento da diabetes e da hipertens\u00e3o, como apontam pesquisas. Ainda, tendo em vista que o consumo frequente de subst\u00e2ncias alco\u00f3licas est\u00e1 associado ao c\u00e2ncer de boca, pesquisadores tamb\u00e9m relacionaram a doen\u00e7a \u00e0 regularidade do uso de enxaguantes que cont\u00eam \u00e1lcool.<\/p>\n<h5>Utilidade<\/h5>\n<p>Os poss\u00edveis efeitos negativos dos enxaguantes bucais n\u00e3o afastam a utilidade dos produtos. Por\u00e9m, h\u00e1 condi\u00e7\u00f5es que podem ser resolvidas pela escova\u00e7\u00e3o correta, enquanto outras exigem maior aten\u00e7\u00e3o.<br \/>\nA halitose, por exemplo, nem sempre tem origem na boca. H\u00e1 casos de mau h\u00e1lito que se originam no est\u00f4mago e que n\u00e3o s\u00e3o solucionados pelos enxaguantes.<br \/>\nPortanto, o melhor \u00e9 fazer o uso racional desses produtos, com frequ\u00eancia que seja a recomendada pelo seu dentista ou m\u00e9dico.<\/p>\n","protected":false},"excerpt":{"rendered":"<p>H\u00e1 quem veja os enxaguantes bucais como algo corriqueiro, que pode ser usado indiscriminadamente. Por\u00e9m, como existe uma grande variedade<\/p>\n","protected":false},"author":1,"featured_media":3574,"comment_status":"closed","ping_status":"open","sticky":false,"template":"","format":"standard","meta":{"footnotes":""},"categories":[9],"tags":[],"class_list":["post-3573","post","type-post","status-publish","format-standard","has-post-thumbnail","hentry","category-saude-qualidade-de-vida"],"yoast_head":"<!-- This site is optimized with the Yoast SEO plugin v26.0 - https:\/\/yoast.com\/wordpress\/plugins\/seo\/ -->\n<title>Enxaguantes bucais n\u00e3o devem ser usados indiscriminadamente - Comunidade Ativa<\/title>\n<meta name=\"robots\" content=\"index, follow, max-snippet:-1, max-image-preview:large, max-video-preview:-1\" \/>\n<link rel=\"canonical\" href=\"https:\/\/www.comunidadeativa.jor.br\/index.php\/2023\/06\/05\/enxaguantes-bucais-nao-devem-ser-usados-indiscriminadamente\/\" \/>\n<meta property=\"og:locale\" content=\"pt_BR\" \/>\n<meta property=\"og:type\" content=\"article\" \/>\n<meta property=\"og:title\" content=\"Enxaguantes bucais n\u00e3o devem ser usados indiscriminadamente - Comunidade Ativa\" \/>\n<meta property=\"og:description\" content=\"H\u00e1 quem veja os enxaguantes bucais como algo corriqueiro, que pode ser usado indiscriminadamente. Por\u00e9m, como existe uma grande variedade\" \/>\n<meta property=\"og:url\" content=\"https:\/\/www.comunidadeativa.jor.br\/index.php\/2023\/06\/05\/enxaguantes-bucais-nao-devem-ser-usados-indiscriminadamente\/\" \/>\n<meta property=\"og:site_name\" content=\"Comunidade Ativa\" \/>\n<meta property=\"article:publisher\" content=\"https:\/\/www.facebook.com\/comunidadeativa\" \/>\n<meta property=\"article:published_time\" content=\"2023-06-05T13:00:08+00:00\" \/>\n<meta property=\"og:image\" content=\"https:\/\/www.comunidadeativa.jor.br\/wp-content\/uploads\/2023\/06\/CAPA-1.jpg\" \/>\n\t<meta property=\"og:image:width\" content=\"800\" \/>\n\t<meta property=\"og:image:height\" content=\"445\" \/>\n\t<meta property=\"og:image:type\" content=\"image\/jpeg\" \/>\n<meta name=\"author\" content=\"Comunidade Ativa\" \/>\n<meta name=\"twitter:card\" content=\"summary_large_image\" \/>\n<meta name=\"twitter:label1\" content=\"Escrito por\" \/>\n\t<meta name=\"twitter:data1\" content=\"Comunidade Ativa\" \/>\n\t<meta name=\"twitter:label2\" content=\"Est. tempo de leitura\" \/>\n\t<meta name=\"twitter:data2\" content=\"2 minutos\" \/>\n<script type=\"application\/ld+json\" class=\"yoast-schema-graph\">{\"@context\":\"https:\/\/schema.org\",\"@graph\":[{\"@type\":\"Article\",\"@id\":\"https:\/\/www.comunidadeativa.jor.br\/index.php\/2023\/06\/05\/enxaguantes-bucais-nao-devem-ser-usados-indiscriminadamente\/#article\",\"isPartOf\":{\"@id\":\"https:\/\/www.comunidadeativa.jor.br\/index.php\/2023\/06\/05\/enxaguantes-bucais-nao-devem-ser-usados-indiscriminadamente\/\"},\"author\":{\"name\":\"Comunidade Ativa\",\"@id\":\"https:\/\/www.comunidadeativa.jor.br\/#\/schema\/person\/dcaa1f1c51c1f0c47a33b2b734cad6e1\"},\"headline\":\"Enxaguantes bucais n\u00e3o devem ser usados indiscriminadamente\",\"datePublished\":\"2023-06-05T13:00:08+00:00\",\"mainEntityOfPage\":{\"@id\":\"https:\/\/www.comunidadeativa.jor.br\/index.php\/2023\/06\/05\/enxaguantes-bucais-nao-devem-ser-usados-indiscriminadamente\/\"},\"wordCount\":344,\"publisher\":{\"@id\":\"https:\/\/www.comunidadeativa.jor.br\/#organization\"},\"image\":{\"@id\":\"https:\/\/www.comunidadeativa.jor.br\/index.php\/2023\/06\/05\/enxaguantes-bucais-nao-devem-ser-usados-indiscriminadamente\/#primaryimage\"},\"thumbnailUrl\":\"https:\/\/www.comunidadeativa.jor.br\/wp-content\/uploads\/2023\/06\/CAPA-1.jpg\",\"articleSection\":[\"Sa\u00fade &amp; Qualidade de Vida\"],\"inLanguage\":\"pt-BR\"},{\"@type\":\"WebPage\",\"@id\":\"https:\/\/www.comunidadeativa.jor.br\/index.php\/2023\/06\/05\/enxaguantes-bucais-nao-devem-ser-usados-indiscriminadamente\/\",\"url\":\"https:\/\/www.comunidadeativa.jor.br\/index.php\/2023\/06\/05\/enxaguantes-bucais-nao-devem-ser-usados-indiscriminadamente\/\",\"name\":\"Enxaguantes bucais n\u00e3o devem ser usados indiscriminadamente - Comunidade Ativa\",\"isPartOf\":{\"@id\":\"https:\/\/www.comunidadeativa.jor.br\/#website\"},\"primaryImageOfPage\":{\"@id\":\"https:\/\/www.comunidadeativa.jor.br\/index.php\/2023\/06\/05\/enxaguantes-bucais-nao-devem-ser-usados-indiscriminadamente\/#primaryimage\"},\"image\":{\"@id\":\"https:\/\/www.comunidadeativa.jor.br\/index.php\/2023\/06\/05\/enxaguantes-bucais-nao-devem-ser-usados-indiscriminadamente\/#primaryimage\"},\"thumbnailUrl\":\"https:\/\/www.comunidadeativa.jor.br\/wp-content\/uploads\/2023\/06\/CAPA-1.jpg\",\"datePublished\":\"2023-06-05T13:00:08+00:00\",\"breadcrumb\":{\"@id\":\"https:\/\/www.comunidadeativa.jor.br\/index.php\/2023\/06\/05\/enxaguantes-bucais-nao-devem-ser-usados-indiscriminadamente\/#breadcrumb\"},\"inLanguage\":\"pt-BR\",\"potentialAction\":[{\"@type\":\"ReadAction\",\"target\":[\"https:\/\/www.comunidadeativa.jor.br\/index.php\/2023\/06\/05\/enxaguantes-bucais-nao-devem-ser-usados-indiscriminadamente\/\"]}]},{\"@type\":\"ImageObject\",\"inLanguage\":\"pt-BR\",\"@id\":\"https:\/\/www.comunidadeativa.jor.br\/index.php\/2023\/06\/05\/enxaguantes-bucais-nao-devem-ser-usados-indiscriminadamente\/#primaryimage\",\"url\":\"https:\/\/www.comunidadeativa.jor.br\/wp-content\/uploads\/2023\/06\/CAPA-1.jpg\",\"contentUrl\":\"https:\/\/www.comunidadeativa.jor.br\/wp-content\/uploads\/2023\/06\/CAPA-1.jpg\",\"width\":800,\"height\":445},{\"@type\":\"BreadcrumbList\",\"@id\":\"https:\/\/www.comunidadeativa.jor.br\/index.php\/2023\/06\/05\/enxaguantes-bucais-nao-devem-ser-usados-indiscriminadamente\/#breadcrumb\",\"itemListElement\":[{\"@type\":\"ListItem\",\"position\":1,\"name\":\"In\u00edcio\",\"item\":\"https:\/\/www.comunidadeativa.jor.br\/\"},{\"@type\":\"ListItem\",\"position\":2,\"name\":\"Enxaguantes bucais n\u00e3o devem ser usados indiscriminadamente\"}]},{\"@type\":\"WebSite\",\"@id\":\"https:\/\/www.comunidadeativa.jor.br\/#website\",\"url\":\"https:\/\/www.comunidadeativa.jor.br\/\",\"name\":\"Comunidade Ativa\",\"description\":\"\",\"publisher\":{\"@id\":\"https:\/\/www.comunidadeativa.jor.br\/#organization\"},\"potentialAction\":[{\"@type\":\"SearchAction\",\"target\":{\"@type\":\"EntryPoint\",\"urlTemplate\":\"https:\/\/www.comunidadeativa.jor.br\/?s={search_term_string}\"},\"query-input\":{\"@type\":\"PropertyValueSpecification\",\"valueRequired\":true,\"valueName\":\"search_term_string\"}}],\"inLanguage\":\"pt-BR\"},{\"@type\":\"Organization\",\"@id\":\"https:\/\/www.comunidadeativa.jor.br\/#organization\",\"name\":\"Comunidade Ativa\",\"url\":\"https:\/\/www.comunidadeativa.jor.br\/\",\"logo\":{\"@type\":\"ImageObject\",\"inLanguage\":\"pt-BR\",\"@id\":\"https:\/\/www.comunidadeativa.jor.br\/#\/schema\/logo\/image\/\",\"url\":\"https:\/\/www.comunidadeativa.jor.br\/wp-content\/uploads\/2018\/03\/cropped-LOGOPNG-1.png\",\"contentUrl\":\"https:\/\/www.comunidadeativa.jor.br\/wp-content\/uploads\/2018\/03\/cropped-LOGOPNG-1.png\",\"width\":318,\"height\":90,\"caption\":\"Comunidade Ativa\"},\"image\":{\"@id\":\"https:\/\/www.comunidadeativa.jor.br\/#\/schema\/logo\/image\/\"},\"sameAs\":[\"https:\/\/www.facebook.com\/comunidadeativa\"]},{\"@type\":\"Person\",\"@id\":\"https:\/\/www.comunidadeativa.jor.br\/#\/schema\/person\/dcaa1f1c51c1f0c47a33b2b734cad6e1\",\"name\":\"Comunidade Ativa\",\"image\":{\"@type\":\"ImageObject\",\"inLanguage\":\"pt-BR\",\"@id\":\"https:\/\/www.comunidadeativa.jor.br\/#\/schema\/person\/image\/\",\"url\":\"https:\/\/secure.gravatar.com\/avatar\/09a9a1f85fedf41e81b47f7c1d40084f?s=96&d=mm&r=g\",\"contentUrl\":\"https:\/\/secure.gravatar.com\/avatar\/09a9a1f85fedf41e81b47f7c1d40084f?s=96&d=mm&r=g\",\"caption\":\"Comunidade Ativa\"},\"url\":\"https:\/\/www.comunidadeativa.jor.br\/index.php\/author\/casalberto\/\"}]}<\/script>\n<!-- \/ Yoast SEO plugin. -->","yoast_head_json":{"title":"Enxaguantes bucais n\u00e3o devem ser usados indiscriminadamente - Comunidade Ativa","robots":{"index":"index","follow":"follow","max-snippet":"max-snippet:-1","max-image-preview":"max-image-preview:large","max-video-preview":"max-video-preview:-1"},"canonical":"https:\/\/www.comunidadeativa.jor.br\/index.php\/2023\/06\/05\/enxaguantes-bucais-nao-devem-ser-usados-indiscriminadamente\/","og_locale":"pt_BR","og_type":"article","og_title":"Enxaguantes bucais n\u00e3o devem ser usados indiscriminadamente - Comunidade Ativa","og_description":"H\u00e1 quem veja os enxaguantes bucais como algo corriqueiro, que pode ser usado indiscriminadamente. Por\u00e9m, como existe uma grande variedade","og_url":"https:\/\/www.comunidadeativa.jor.br\/index.php\/2023\/06\/05\/enxaguantes-bucais-nao-devem-ser-usados-indiscriminadamente\/","og_site_name":"Comunidade Ativa","article_publisher":"https:\/\/www.facebook.com\/comunidadeativa","article_published_time":"2023-06-05T13:00:08+00:00","og_image":[{"width":800,"height":445,"url":"https:\/\/www.comunidadeativa.jor.br\/wp-content\/uploads\/2023\/06\/CAPA-1.jpg","type":"image\/jpeg"}],"author":"Comunidade Ativa","twitter_card":"summary_large_image","twitter_misc":{"Escrito por":"Comunidade Ativa","Est. tempo de leitura":"2 minutos"},"schema":{"@context":"https:\/\/schema.org","@graph":[{"@type":"Article","@id":"https:\/\/www.comunidadeativa.jor.br\/index.php\/2023\/06\/05\/enxaguantes-bucais-nao-devem-ser-usados-indiscriminadamente\/#article","isPartOf":{"@id":"https:\/\/www.comunidadeativa.jor.br\/index.php\/2023\/06\/05\/enxaguantes-bucais-nao-devem-ser-usados-indiscriminadamente\/"},"author":{"name":"Comunidade Ativa","@id":"https:\/\/www.comunidadeativa.jor.br\/#\/schema\/person\/dcaa1f1c51c1f0c47a33b2b734cad6e1"},"headline":"Enxaguantes bucais n\u00e3o devem ser usados indiscriminadamente","datePublished":"2023-06-05T13:00:08+00:00","mainEntityOfPage":{"@id":"https:\/\/www.comunidadeativa.jor.br\/index.php\/2023\/06\/05\/enxaguantes-bucais-nao-devem-ser-usados-indiscriminadamente\/"},"wordCount":344,"publisher":{"@id":"https:\/\/www.comunidadeativa.jor.br\/#organization"},"image":{"@id":"https:\/\/www.comunidadeativa.jor.br\/index.php\/2023\/06\/05\/enxaguantes-bucais-nao-devem-ser-usados-indiscriminadamente\/#primaryimage"},"thumbnailUrl":"https:\/\/www.comunidadeativa.jor.br\/wp-content\/uploads\/2023\/06\/CAPA-1.jpg","articleSection":["Sa\u00fade &amp; Qualidade de Vida"],"inLanguage":"pt-BR"},{"@type":"WebPage","@id":"https:\/\/www.comunidadeativa.jor.br\/index.php\/2023\/06\/05\/enxaguantes-bucais-nao-devem-ser-usados-indiscriminadamente\/","url":"https:\/\/www.comunidadeativa.jor.br\/index.php\/2023\/06\/05\/enxaguantes-bucais-nao-devem-ser-usados-indiscriminadamente\/","name":"Enxaguantes bucais n\u00e3o devem ser usados indiscriminadamente - Comunidade Ativa","isPartOf":{"@id":"https:\/\/www.comunidadeativa.jor.br\/#website"},"primaryImageOfPage":{"@id":"https:\/\/www.comunidadeativa.jor.br\/index.php\/2023\/06\/05\/enxaguantes-bucais-nao-devem-ser-usados-indiscriminadamente\/#primaryimage"},"image":{"@id":"https:\/\/www.comunidadeativa.jor.br\/index.php\/2023\/06\/05\/enxaguantes-bucais-nao-devem-ser-usados-indiscriminadamente\/#primaryimage"},"thumbnailUrl":"https:\/\/www.comunidadeativa.jor.br\/wp-content\/uploads\/2023\/06\/CAPA-1.jpg","datePublished":"2023-06-05T13:00:08+00:00","breadcrumb":{"@id":"https:\/\/www.comunidadeativa.jor.br\/index.php\/2023\/06\/05\/enxaguantes-bucais-nao-devem-ser-usados-indiscriminadamente\/#breadcrumb"},"inLanguage":"pt-BR","potentialAction":[{"@type":"ReadAction","target":["https:\/\/www.comunidadeativa.jor.br\/index.php\/2023\/06\/05\/enxaguantes-bucais-nao-devem-ser-usados-indiscriminadamente\/"]}]},{"@type":"ImageObject","inLanguage":"pt-BR","@id":"https:\/\/www.comunidadeativa.jor.br\/index.php\/2023\/06\/05\/enxaguantes-bucais-nao-devem-ser-usados-indiscriminadamente\/#primaryimage","url":"https:\/\/www.comunidadeativa.jor.br\/wp-content\/uploads\/2023\/06\/CAPA-1.jpg","contentUrl":"https:\/\/www.comunidadeativa.jor.br\/wp-content\/uploads\/2023\/06\/CAPA-1.jpg","width":800,"height":445},{"@type":"BreadcrumbList","@id":"https:\/\/www.comunidadeativa.jor.br\/index.php\/2023\/06\/05\/enxaguantes-bucais-nao-devem-ser-usados-indiscriminadamente\/#breadcrumb","itemListElement":[{"@type":"ListItem","position":1,"name":"In\u00edcio","item":"https:\/\/www.comunidadeativa.jor.br\/"},{"@type":"ListItem","position":2,"name":"Enxaguantes bucais n\u00e3o devem ser usados indiscriminadamente"}]},{"@type":"WebSite","@id":"https:\/\/www.comunidadeativa.jor.br\/#website","url":"https:\/\/www.comunidadeativa.jor.br\/","name":"Comunidade Ativa","description":"","publisher":{"@id":"https:\/\/www.comunidadeativa.jor.br\/#organization"},"potentialAction":[{"@type":"SearchAction","target":{"@type":"EntryPoint","urlTemplate":"https:\/\/www.comunidadeativa.jor.br\/?s={search_term_string}"},"query-input":{"@type":"PropertyValueSpecification","valueRequired":true,"valueName":"search_term_string"}}],"inLanguage":"pt-BR"},{"@type":"Organization","@id":"https:\/\/www.comunidadeativa.jor.br\/#organization","name":"Comunidade Ativa","url":"https:\/\/www.comunidadeativa.jor.br\/","logo":{"@type":"ImageObject","inLanguage":"pt-BR","@id":"https:\/\/www.comunidadeativa.jor.br\/#\/schema\/logo\/image\/","url":"https:\/\/www.comunidadeativa.jor.br\/wp-content\/uploads\/2018\/03\/cropped-LOGOPNG-1.png","contentUrl":"https:\/\/www.comunidadeativa.jor.br\/wp-content\/uploads\/2018\/03\/cropped-LOGOPNG-1.png","width":318,"height":90,"caption":"Comunidade Ativa"},"image":{"@id":"https:\/\/www.comunidadeativa.jor.br\/#\/schema\/logo\/image\/"},"sameAs":["https:\/\/www.facebook.com\/comunidadeativa"]},{"@type":"Person","@id":"https:\/\/www.comunidadeativa.jor.br\/#\/schema\/person\/dcaa1f1c51c1f0c47a33b2b734cad6e1","name":"Comunidade Ativa","image":{"@type":"ImageObject","inLanguage":"pt-BR","@id":"https:\/\/www.comunidadeativa.jor.br\/#\/schema\/person\/image\/","url":"https:\/\/secure.gravatar.com\/avatar\/09a9a1f85fedf41e81b47f7c1d40084f?s=96&d=mm&r=g","contentUrl":"https:\/\/secure.gravatar.com\/avatar\/09a9a1f85fedf41e81b47f7c1d40084f?s=96&d=mm&r=g","caption":"Comunidade Ativa"},"url":"https:\/\/www.comunidadeativa.jor.br\/index.php\/author\/casalberto\/"}]}},"_links":{"self":[{"href":"https:\/\/www.comunidadeativa.jor.br\/index.php\/wp-json\/wp\/v2\/posts\/3573","targetHints":{"allow":["GET"]}}],"collection":[{"href":"https:\/\/www.comunidadeativa.jor.br\/index.php\/wp-json\/wp\/v2\/posts"}],"about":[{"href":"https:\/\/www.comunidadeativa.jor.br\/index.php\/wp-json\/wp\/v2\/types\/post"}],"author":[{"embeddable":true,"href":"https:\/\/www.comunidadeativa.jor.br\/index.php\/wp-json\/wp\/v2\/users\/1"}],"replies":[{"embeddable":true,"href":"https:\/\/www.comunidadeativa.jor.br\/index.php\/wp-json\/wp\/v2\/comments?post=3573"}],"version-history":[{"count":1,"href":"https:\/\/www.comunidadeativa.jor.br\/index.php\/wp-json\/wp\/v2\/posts\/3573\/revisions"}],"predecessor-version":[{"id":3575,"href":"https:\/\/www.comunidadeativa.jor.br\/index.php\/wp-json\/wp\/v2\/posts\/3573\/revisions\/3575"}],"wp:featuredmedia":[{"embeddable":true,"href":"https:\/\/www.comunidadeativa.jor.br\/index.php\/wp-json\/wp\/v2\/media\/3574"}],"wp:attachment":[{"href":"https:\/\/www.comunidadeativa.jor.br\/index.php\/wp-json\/wp\/v2\/media?parent=3573"}],"wp:term":[{"taxonomy":"category","embeddable":true,"href":"https:\/\/www.comunidadeativa.jor.br\/index.php\/wp-json\/wp\/v2\/categories?post=3573"},{"taxonomy":"post_tag","embeddable":true,"href":"https:\/\/www.comunidadeativa.jor.br\/index.php\/wp-json\/wp\/v2\/tags?post=3573"}],"curies":[{"name":"wp","href":"https:\/\/api.w.org\/{rel}","templated":true}]}}