{"id":3652,"date":"2023-08-02T09:00:17","date_gmt":"2023-08-02T12:00:17","guid":{"rendered":"https:\/\/www.comunidadeativa.jor.br\/?p=3652"},"modified":"2023-08-01T17:44:17","modified_gmt":"2023-08-01T20:44:17","slug":"plataforma-belo-horizonte-segura-da-pbh-recebe-o-apoio-local-da-amoran","status":"publish","type":"post","link":"https:\/\/www.comunidadeativa.jor.br\/index.php\/2023\/08\/02\/plataforma-belo-horizonte-segura-da-pbh-recebe-o-apoio-local-da-amoran\/","title":{"rendered":"Plataforma Belo Horizonte + Segura, da PBH, recebe o apoio local da Amoran"},"content":{"rendered":"<p>Com frequ\u00eancia, o uso de imagens geradas por c\u00e2meras de monitoramento privadas, instaladas em resid\u00eancias, condom\u00ednios e empresas, tem servido como fonte de informa\u00e7\u00f5es para as institui\u00e7\u00f5es respons\u00e1veis pela seguran\u00e7a p\u00fablica agirem de forma mais assertiva na preven\u00e7\u00e3o e na repress\u00e3o dos mais variados tipos de crimes. Com base nessa possibilidade, pensando em ampliar a capacidade de monitoramento preventivo e inteligente da cidade, no final de 2022, a Prefeitura de Belo Horizonte (PBH) lan\u00e7ou a plataforma Belo Horizonte + Segura, que, a partir de agora, passa a contar com o apoio local da Amoran.<\/p>\n<p>A iniciativa permite a ades\u00e3o de clientes de empresas particulares de seguran\u00e7a eletr\u00f4nica ao sistema de videomonitoramento realizado no Centro Integrado de Opera\u00e7\u00f5es de Belo Horizonte (COP-BH). Por meio de uma plataforma selecionada pela Secretaria Municipal de Seguran\u00e7a e Preven\u00e7\u00e3o (SMSP), diferentes empresas poder\u00e3o compartilhar com o Munic\u00edpio as imagens geradas pelas c\u00e2meras de seus clientes, desde que estas tenham o foco voltado para ruas, pra\u00e7as ou demais espa\u00e7os p\u00fablicos. Assim, com total garantia de sigilo sobre quaisquer informa\u00e7\u00f5es ou dados captados, as imagens permanecer\u00e3o armazenadas em nuvem e, por sete dias, poder\u00e3o ser acessadas pelos \u00f3rg\u00e3os p\u00fablicos que atuam no COP-BH.<\/p>\n<p>Al\u00e9m dos aspectos da seguran\u00e7a, esse recurso tamb\u00e9m contribuir\u00e1 para an\u00e1lises relativas \u00e0 fluidez do tr\u00e2nsito, \u00e0 ocupa\u00e7\u00e3o de espa\u00e7os p\u00fablicos e \u00e0 gest\u00e3o de desastres.<\/p>\n<p>Para o vice-presidente da Amoran, Saulo Jardim, que coordena a implanta\u00e7\u00e3o da Rede de Preven\u00e7\u00e3o Preventiva \u2013 Pessoa Jur\u00eddica (RPP-PJ), essa a\u00e7\u00e3o da PBH est\u00e1 de acordo com o prop\u00f3sito da Associa\u00e7\u00e3o de trabalhar pela seguran\u00e7a p\u00fablica da regi\u00e3o. \u201cA Amoran deu in\u00edcio \u00e0 estrutura\u00e7\u00e3o da RPP-PJ, que pode se transformar em um dispositivo importante para a seguran\u00e7a dos nossos bairros, o que se tornar\u00e1 ainda mais efetivo se as empresas disponibilizarem imagens para a plataforma Belo Horizonte + Segura. Com isso, teremos um est\u00edmulo maior para que a rede seja ampliada para os condom\u00ednios e resid\u00eancias locais\u201d, observa Saulo.<\/p>\n<p>De acordo com o vice-presidente, o pr\u00f3ximo passo ser\u00e1 convidar as organiza\u00e7\u00f5es que participam da RPP-PJ e os demais integrantes da comunidade dos bairros atendidos pela Amoran para conhecerem mais de perto a proposta da PBH. \u201cN\u00f3s recebemos aceno positivo do COP-BH e da Coordenadoria de Atendimento Regional Centro-Sul (Care-CS) para promovermos a apresenta\u00e7\u00e3o da plataforma \u00e0s empresas, resid\u00eancias e condom\u00ednios da regi\u00e3o. Pretendemos fazer isso o mais breve poss\u00edvel, em uma reuni\u00e3o com a comunidade, que receber\u00e1 ampla divulga\u00e7\u00e3o\u201d, destaca.<\/p>\n<p>Segundo Ge\u00f3rgia Ribeiro, diretora do COP-BH, ao aderir \u00e0 Plataforma Belo Horizonte + Segura, o cidad\u00e3o passa a colaborar de maneira efetiva com o monitoramento da cidade. \u201cO principal benef\u00edcio que o comerciante ter\u00e1 no compartilhamento de imagens com o COP-BH \u00e9 colaborar com o monitoramento do poder p\u00fablico na regi\u00e3o onde a c\u00e2mera est\u00e1 instalada. Com o acesso \u00e0s imagens, melhor e mais r\u00e1pida poder\u00e1 ser a resposta da Guarda Municipal, da BHTrans, da Defesa Civil e demais institui\u00e7\u00f5es presentes no COP-BH\u201d, explica.<\/p>\n<p>Ge\u00f3rgia ainda ressalta que, diante de ocorr\u00eancias em ruas que estejam registradas em imagens na nuvem, as institui\u00e7\u00f5es que atuam no COP-BH conseguir\u00e3o visualizar o problema e apresentar a melhor solu\u00e7\u00e3o. \u201cSeja com um dimensionamento melhor do efetivo ou dos recursos que precisam ser empregados ou at\u00e9 mesmo na localiza\u00e7\u00e3o de infratores\u201d, conclui a diretora.<\/p>\n","protected":false},"excerpt":{"rendered":"<p>Com frequ\u00eancia, o uso de imagens geradas por c\u00e2meras de monitoramento privadas, instaladas em resid\u00eancias, condom\u00ednios e empresas, tem servido<\/p>\n","protected":false},"author":1,"featured_media":3672,"comment_status":"closed","ping_status":"open","sticky":false,"template":"","format":"standard","meta":{"footnotes":""},"categories":[5],"tags":[],"class_list":["post-3652","post","type-post","status-publish","format-standard","has-post-thumbnail","hentry","category-pelo-bairro"],"yoast_head":"<!-- This site is optimized with the Yoast SEO plugin v26.0 - https:\/\/yoast.com\/wordpress\/plugins\/seo\/ -->\n<title>Plataforma Belo Horizonte + Segura, da PBH, recebe o apoio local da Amoran - Comunidade Ativa<\/title>\n<meta name=\"robots\" content=\"index, follow, max-snippet:-1, max-image-preview:large, max-video-preview:-1\" \/>\n<link rel=\"canonical\" href=\"https:\/\/www.comunidadeativa.jor.br\/index.php\/2023\/08\/02\/plataforma-belo-horizonte-segura-da-pbh-recebe-o-apoio-local-da-amoran\/\" \/>\n<meta property=\"og:locale\" content=\"pt_BR\" \/>\n<meta property=\"og:type\" content=\"article\" \/>\n<meta property=\"og:title\" content=\"Plataforma Belo Horizonte + Segura, da PBH, recebe o apoio local da Amoran - Comunidade Ativa\" \/>\n<meta property=\"og:description\" content=\"Com frequ\u00eancia, o uso de imagens geradas por c\u00e2meras de monitoramento privadas, instaladas em resid\u00eancias, condom\u00ednios e empresas, tem servido\" \/>\n<meta property=\"og:url\" content=\"https:\/\/www.comunidadeativa.jor.br\/index.php\/2023\/08\/02\/plataforma-belo-horizonte-segura-da-pbh-recebe-o-apoio-local-da-amoran\/\" \/>\n<meta property=\"og:site_name\" content=\"Comunidade Ativa\" \/>\n<meta property=\"article:publisher\" content=\"https:\/\/www.facebook.com\/comunidadeativa\" \/>\n<meta property=\"article:published_time\" content=\"2023-08-02T12:00:17+00:00\" \/>\n<meta property=\"og:image\" content=\"https:\/\/www.comunidadeativa.jor.br\/wp-content\/uploads\/2023\/08\/CAPA-1.jpg\" \/>\n\t<meta property=\"og:image:width\" content=\"800\" \/>\n\t<meta property=\"og:image:height\" content=\"445\" \/>\n\t<meta property=\"og:image:type\" content=\"image\/jpeg\" \/>\n<meta name=\"author\" content=\"Comunidade Ativa\" \/>\n<meta name=\"twitter:card\" content=\"summary_large_image\" \/>\n<meta name=\"twitter:label1\" content=\"Escrito por\" \/>\n\t<meta name=\"twitter:data1\" content=\"Comunidade Ativa\" \/>\n\t<meta name=\"twitter:label2\" content=\"Est. tempo de leitura\" \/>\n\t<meta name=\"twitter:data2\" content=\"3 minutos\" \/>\n<script type=\"application\/ld+json\" class=\"yoast-schema-graph\">{\"@context\":\"https:\/\/schema.org\",\"@graph\":[{\"@type\":\"Article\",\"@id\":\"https:\/\/www.comunidadeativa.jor.br\/index.php\/2023\/08\/02\/plataforma-belo-horizonte-segura-da-pbh-recebe-o-apoio-local-da-amoran\/#article\",\"isPartOf\":{\"@id\":\"https:\/\/www.comunidadeativa.jor.br\/index.php\/2023\/08\/02\/plataforma-belo-horizonte-segura-da-pbh-recebe-o-apoio-local-da-amoran\/\"},\"author\":{\"name\":\"Comunidade Ativa\",\"@id\":\"https:\/\/www.comunidadeativa.jor.br\/#\/schema\/person\/dcaa1f1c51c1f0c47a33b2b734cad6e1\"},\"headline\":\"Plataforma Belo Horizonte + Segura, da PBH, recebe o apoio local da Amoran\",\"datePublished\":\"2023-08-02T12:00:17+00:00\",\"mainEntityOfPage\":{\"@id\":\"https:\/\/www.comunidadeativa.jor.br\/index.php\/2023\/08\/02\/plataforma-belo-horizonte-segura-da-pbh-recebe-o-apoio-local-da-amoran\/\"},\"wordCount\":620,\"publisher\":{\"@id\":\"https:\/\/www.comunidadeativa.jor.br\/#organization\"},\"image\":{\"@id\":\"https:\/\/www.comunidadeativa.jor.br\/index.php\/2023\/08\/02\/plataforma-belo-horizonte-segura-da-pbh-recebe-o-apoio-local-da-amoran\/#primaryimage\"},\"thumbnailUrl\":\"https:\/\/www.comunidadeativa.jor.br\/wp-content\/uploads\/2023\/08\/CAPA-1.jpg\",\"articleSection\":[\"Pelo bairro\"],\"inLanguage\":\"pt-BR\"},{\"@type\":\"WebPage\",\"@id\":\"https:\/\/www.comunidadeativa.jor.br\/index.php\/2023\/08\/02\/plataforma-belo-horizonte-segura-da-pbh-recebe-o-apoio-local-da-amoran\/\",\"url\":\"https:\/\/www.comunidadeativa.jor.br\/index.php\/2023\/08\/02\/plataforma-belo-horizonte-segura-da-pbh-recebe-o-apoio-local-da-amoran\/\",\"name\":\"Plataforma Belo Horizonte + Segura, da PBH, recebe o apoio local da Amoran - Comunidade Ativa\",\"isPartOf\":{\"@id\":\"https:\/\/www.comunidadeativa.jor.br\/#website\"},\"primaryImageOfPage\":{\"@id\":\"https:\/\/www.comunidadeativa.jor.br\/index.php\/2023\/08\/02\/plataforma-belo-horizonte-segura-da-pbh-recebe-o-apoio-local-da-amoran\/#primaryimage\"},\"image\":{\"@id\":\"https:\/\/www.comunidadeativa.jor.br\/index.php\/2023\/08\/02\/plataforma-belo-horizonte-segura-da-pbh-recebe-o-apoio-local-da-amoran\/#primaryimage\"},\"thumbnailUrl\":\"https:\/\/www.comunidadeativa.jor.br\/wp-content\/uploads\/2023\/08\/CAPA-1.jpg\",\"datePublished\":\"2023-08-02T12:00:17+00:00\",\"breadcrumb\":{\"@id\":\"https:\/\/www.comunidadeativa.jor.br\/index.php\/2023\/08\/02\/plataforma-belo-horizonte-segura-da-pbh-recebe-o-apoio-local-da-amoran\/#breadcrumb\"},\"inLanguage\":\"pt-BR\",\"potentialAction\":[{\"@type\":\"ReadAction\",\"target\":[\"https:\/\/www.comunidadeativa.jor.br\/index.php\/2023\/08\/02\/plataforma-belo-horizonte-segura-da-pbh-recebe-o-apoio-local-da-amoran\/\"]}]},{\"@type\":\"ImageObject\",\"inLanguage\":\"pt-BR\",\"@id\":\"https:\/\/www.comunidadeativa.jor.br\/index.php\/2023\/08\/02\/plataforma-belo-horizonte-segura-da-pbh-recebe-o-apoio-local-da-amoran\/#primaryimage\",\"url\":\"https:\/\/www.comunidadeativa.jor.br\/wp-content\/uploads\/2023\/08\/CAPA-1.jpg\",\"contentUrl\":\"https:\/\/www.comunidadeativa.jor.br\/wp-content\/uploads\/2023\/08\/CAPA-1.jpg\",\"width\":800,\"height\":445},{\"@type\":\"BreadcrumbList\",\"@id\":\"https:\/\/www.comunidadeativa.jor.br\/index.php\/2023\/08\/02\/plataforma-belo-horizonte-segura-da-pbh-recebe-o-apoio-local-da-amoran\/#breadcrumb\",\"itemListElement\":[{\"@type\":\"ListItem\",\"position\":1,\"name\":\"In\u00edcio\",\"item\":\"https:\/\/www.comunidadeativa.jor.br\/\"},{\"@type\":\"ListItem\",\"position\":2,\"name\":\"Plataforma Belo Horizonte + Segura, da PBH, recebe o apoio local da Amoran\"}]},{\"@type\":\"WebSite\",\"@id\":\"https:\/\/www.comunidadeativa.jor.br\/#website\",\"url\":\"https:\/\/www.comunidadeativa.jor.br\/\",\"name\":\"Comunidade Ativa\",\"description\":\"\",\"publisher\":{\"@id\":\"https:\/\/www.comunidadeativa.jor.br\/#organization\"},\"potentialAction\":[{\"@type\":\"SearchAction\",\"target\":{\"@type\":\"EntryPoint\",\"urlTemplate\":\"https:\/\/www.comunidadeativa.jor.br\/?s={search_term_string}\"},\"query-input\":{\"@type\":\"PropertyValueSpecification\",\"valueRequired\":true,\"valueName\":\"search_term_string\"}}],\"inLanguage\":\"pt-BR\"},{\"@type\":\"Organization\",\"@id\":\"https:\/\/www.comunidadeativa.jor.br\/#organization\",\"name\":\"Comunidade Ativa\",\"url\":\"https:\/\/www.comunidadeativa.jor.br\/\",\"logo\":{\"@type\":\"ImageObject\",\"inLanguage\":\"pt-BR\",\"@id\":\"https:\/\/www.comunidadeativa.jor.br\/#\/schema\/logo\/image\/\",\"url\":\"https:\/\/www.comunidadeativa.jor.br\/wp-content\/uploads\/2018\/03\/cropped-LOGOPNG-1.png\",\"contentUrl\":\"https:\/\/www.comunidadeativa.jor.br\/wp-content\/uploads\/2018\/03\/cropped-LOGOPNG-1.png\",\"width\":318,\"height\":90,\"caption\":\"Comunidade Ativa\"},\"image\":{\"@id\":\"https:\/\/www.comunidadeativa.jor.br\/#\/schema\/logo\/image\/\"},\"sameAs\":[\"https:\/\/www.facebook.com\/comunidadeativa\"]},{\"@type\":\"Person\",\"@id\":\"https:\/\/www.comunidadeativa.jor.br\/#\/schema\/person\/dcaa1f1c51c1f0c47a33b2b734cad6e1\",\"name\":\"Comunidade Ativa\",\"image\":{\"@type\":\"ImageObject\",\"inLanguage\":\"pt-BR\",\"@id\":\"https:\/\/www.comunidadeativa.jor.br\/#\/schema\/person\/image\/\",\"url\":\"https:\/\/secure.gravatar.com\/avatar\/09a9a1f85fedf41e81b47f7c1d40084f?s=96&d=mm&r=g\",\"contentUrl\":\"https:\/\/secure.gravatar.com\/avatar\/09a9a1f85fedf41e81b47f7c1d40084f?s=96&d=mm&r=g\",\"caption\":\"Comunidade Ativa\"},\"url\":\"https:\/\/www.comunidadeativa.jor.br\/index.php\/author\/casalberto\/\"}]}<\/script>\n<!-- \/ Yoast SEO plugin. -->","yoast_head_json":{"title":"Plataforma Belo Horizonte + Segura, da PBH, recebe o apoio local da Amoran - Comunidade Ativa","robots":{"index":"index","follow":"follow","max-snippet":"max-snippet:-1","max-image-preview":"max-image-preview:large","max-video-preview":"max-video-preview:-1"},"canonical":"https:\/\/www.comunidadeativa.jor.br\/index.php\/2023\/08\/02\/plataforma-belo-horizonte-segura-da-pbh-recebe-o-apoio-local-da-amoran\/","og_locale":"pt_BR","og_type":"article","og_title":"Plataforma Belo Horizonte + Segura, da PBH, recebe o apoio local da Amoran - Comunidade Ativa","og_description":"Com frequ\u00eancia, o uso de imagens geradas por c\u00e2meras de monitoramento privadas, instaladas em resid\u00eancias, condom\u00ednios e empresas, tem servido","og_url":"https:\/\/www.comunidadeativa.jor.br\/index.php\/2023\/08\/02\/plataforma-belo-horizonte-segura-da-pbh-recebe-o-apoio-local-da-amoran\/","og_site_name":"Comunidade Ativa","article_publisher":"https:\/\/www.facebook.com\/comunidadeativa","article_published_time":"2023-08-02T12:00:17+00:00","og_image":[{"width":800,"height":445,"url":"https:\/\/www.comunidadeativa.jor.br\/wp-content\/uploads\/2023\/08\/CAPA-1.jpg","type":"image\/jpeg"}],"author":"Comunidade Ativa","twitter_card":"summary_large_image","twitter_misc":{"Escrito por":"Comunidade Ativa","Est. tempo de leitura":"3 minutos"},"schema":{"@context":"https:\/\/schema.org","@graph":[{"@type":"Article","@id":"https:\/\/www.comunidadeativa.jor.br\/index.php\/2023\/08\/02\/plataforma-belo-horizonte-segura-da-pbh-recebe-o-apoio-local-da-amoran\/#article","isPartOf":{"@id":"https:\/\/www.comunidadeativa.jor.br\/index.php\/2023\/08\/02\/plataforma-belo-horizonte-segura-da-pbh-recebe-o-apoio-local-da-amoran\/"},"author":{"name":"Comunidade Ativa","@id":"https:\/\/www.comunidadeativa.jor.br\/#\/schema\/person\/dcaa1f1c51c1f0c47a33b2b734cad6e1"},"headline":"Plataforma Belo Horizonte + Segura, da PBH, recebe o apoio local da Amoran","datePublished":"2023-08-02T12:00:17+00:00","mainEntityOfPage":{"@id":"https:\/\/www.comunidadeativa.jor.br\/index.php\/2023\/08\/02\/plataforma-belo-horizonte-segura-da-pbh-recebe-o-apoio-local-da-amoran\/"},"wordCount":620,"publisher":{"@id":"https:\/\/www.comunidadeativa.jor.br\/#organization"},"image":{"@id":"https:\/\/www.comunidadeativa.jor.br\/index.php\/2023\/08\/02\/plataforma-belo-horizonte-segura-da-pbh-recebe-o-apoio-local-da-amoran\/#primaryimage"},"thumbnailUrl":"https:\/\/www.comunidadeativa.jor.br\/wp-content\/uploads\/2023\/08\/CAPA-1.jpg","articleSection":["Pelo bairro"],"inLanguage":"pt-BR"},{"@type":"WebPage","@id":"https:\/\/www.comunidadeativa.jor.br\/index.php\/2023\/08\/02\/plataforma-belo-horizonte-segura-da-pbh-recebe-o-apoio-local-da-amoran\/","url":"https:\/\/www.comunidadeativa.jor.br\/index.php\/2023\/08\/02\/plataforma-belo-horizonte-segura-da-pbh-recebe-o-apoio-local-da-amoran\/","name":"Plataforma Belo Horizonte + Segura, da PBH, recebe o apoio local da Amoran - Comunidade Ativa","isPartOf":{"@id":"https:\/\/www.comunidadeativa.jor.br\/#website"},"primaryImageOfPage":{"@id":"https:\/\/www.comunidadeativa.jor.br\/index.php\/2023\/08\/02\/plataforma-belo-horizonte-segura-da-pbh-recebe-o-apoio-local-da-amoran\/#primaryimage"},"image":{"@id":"https:\/\/www.comunidadeativa.jor.br\/index.php\/2023\/08\/02\/plataforma-belo-horizonte-segura-da-pbh-recebe-o-apoio-local-da-amoran\/#primaryimage"},"thumbnailUrl":"https:\/\/www.comunidadeativa.jor.br\/wp-content\/uploads\/2023\/08\/CAPA-1.jpg","datePublished":"2023-08-02T12:00:17+00:00","breadcrumb":{"@id":"https:\/\/www.comunidadeativa.jor.br\/index.php\/2023\/08\/02\/plataforma-belo-horizonte-segura-da-pbh-recebe-o-apoio-local-da-amoran\/#breadcrumb"},"inLanguage":"pt-BR","potentialAction":[{"@type":"ReadAction","target":["https:\/\/www.comunidadeativa.jor.br\/index.php\/2023\/08\/02\/plataforma-belo-horizonte-segura-da-pbh-recebe-o-apoio-local-da-amoran\/"]}]},{"@type":"ImageObject","inLanguage":"pt-BR","@id":"https:\/\/www.comunidadeativa.jor.br\/index.php\/2023\/08\/02\/plataforma-belo-horizonte-segura-da-pbh-recebe-o-apoio-local-da-amoran\/#primaryimage","url":"https:\/\/www.comunidadeativa.jor.br\/wp-content\/uploads\/2023\/08\/CAPA-1.jpg","contentUrl":"https:\/\/www.comunidadeativa.jor.br\/wp-content\/uploads\/2023\/08\/CAPA-1.jpg","width":800,"height":445},{"@type":"BreadcrumbList","@id":"https:\/\/www.comunidadeativa.jor.br\/index.php\/2023\/08\/02\/plataforma-belo-horizonte-segura-da-pbh-recebe-o-apoio-local-da-amoran\/#breadcrumb","itemListElement":[{"@type":"ListItem","position":1,"name":"In\u00edcio","item":"https:\/\/www.comunidadeativa.jor.br\/"},{"@type":"ListItem","position":2,"name":"Plataforma Belo Horizonte + Segura, da PBH, recebe o apoio local da Amoran"}]},{"@type":"WebSite","@id":"https:\/\/www.comunidadeativa.jor.br\/#website","url":"https:\/\/www.comunidadeativa.jor.br\/","name":"Comunidade Ativa","description":"","publisher":{"@id":"https:\/\/www.comunidadeativa.jor.br\/#organization"},"potentialAction":[{"@type":"SearchAction","target":{"@type":"EntryPoint","urlTemplate":"https:\/\/www.comunidadeativa.jor.br\/?s={search_term_string}"},"query-input":{"@type":"PropertyValueSpecification","valueRequired":true,"valueName":"search_term_string"}}],"inLanguage":"pt-BR"},{"@type":"Organization","@id":"https:\/\/www.comunidadeativa.jor.br\/#organization","name":"Comunidade Ativa","url":"https:\/\/www.comunidadeativa.jor.br\/","logo":{"@type":"ImageObject","inLanguage":"pt-BR","@id":"https:\/\/www.comunidadeativa.jor.br\/#\/schema\/logo\/image\/","url":"https:\/\/www.comunidadeativa.jor.br\/wp-content\/uploads\/2018\/03\/cropped-LOGOPNG-1.png","contentUrl":"https:\/\/www.comunidadeativa.jor.br\/wp-content\/uploads\/2018\/03\/cropped-LOGOPNG-1.png","width":318,"height":90,"caption":"Comunidade Ativa"},"image":{"@id":"https:\/\/www.comunidadeativa.jor.br\/#\/schema\/logo\/image\/"},"sameAs":["https:\/\/www.facebook.com\/comunidadeativa"]},{"@type":"Person","@id":"https:\/\/www.comunidadeativa.jor.br\/#\/schema\/person\/dcaa1f1c51c1f0c47a33b2b734cad6e1","name":"Comunidade Ativa","image":{"@type":"ImageObject","inLanguage":"pt-BR","@id":"https:\/\/www.comunidadeativa.jor.br\/#\/schema\/person\/image\/","url":"https:\/\/secure.gravatar.com\/avatar\/09a9a1f85fedf41e81b47f7c1d40084f?s=96&d=mm&r=g","contentUrl":"https:\/\/secure.gravatar.com\/avatar\/09a9a1f85fedf41e81b47f7c1d40084f?s=96&d=mm&r=g","caption":"Comunidade Ativa"},"url":"https:\/\/www.comunidadeativa.jor.br\/index.php\/author\/casalberto\/"}]}},"_links":{"self":[{"href":"https:\/\/www.comunidadeativa.jor.br\/index.php\/wp-json\/wp\/v2\/posts\/3652","targetHints":{"allow":["GET"]}}],"collection":[{"href":"https:\/\/www.comunidadeativa.jor.br\/index.php\/wp-json\/wp\/v2\/posts"}],"about":[{"href":"https:\/\/www.comunidadeativa.jor.br\/index.php\/wp-json\/wp\/v2\/types\/post"}],"author":[{"embeddable":true,"href":"https:\/\/www.comunidadeativa.jor.br\/index.php\/wp-json\/wp\/v2\/users\/1"}],"replies":[{"embeddable":true,"href":"https:\/\/www.comunidadeativa.jor.br\/index.php\/wp-json\/wp\/v2\/comments?post=3652"}],"version-history":[{"count":2,"href":"https:\/\/www.comunidadeativa.jor.br\/index.php\/wp-json\/wp\/v2\/posts\/3652\/revisions"}],"predecessor-version":[{"id":3673,"href":"https:\/\/www.comunidadeativa.jor.br\/index.php\/wp-json\/wp\/v2\/posts\/3652\/revisions\/3673"}],"wp:featuredmedia":[{"embeddable":true,"href":"https:\/\/www.comunidadeativa.jor.br\/index.php\/wp-json\/wp\/v2\/media\/3672"}],"wp:attachment":[{"href":"https:\/\/www.comunidadeativa.jor.br\/index.php\/wp-json\/wp\/v2\/media?parent=3652"}],"wp:term":[{"taxonomy":"category","embeddable":true,"href":"https:\/\/www.comunidadeativa.jor.br\/index.php\/wp-json\/wp\/v2\/categories?post=3652"},{"taxonomy":"post_tag","embeddable":true,"href":"https:\/\/www.comunidadeativa.jor.br\/index.php\/wp-json\/wp\/v2\/tags?post=3652"}],"curies":[{"name":"wp","href":"https:\/\/api.w.org\/{rel}","templated":true}]}}