{"id":3660,"date":"2023-08-04T17:27:37","date_gmt":"2023-08-04T20:27:37","guid":{"rendered":"https:\/\/www.comunidadeativa.jor.br\/?p=3660"},"modified":"2023-08-01T17:37:57","modified_gmt":"2023-08-01T20:37:57","slug":"parque-municipal-monsenhor-expedito-davila-recebera-r150-mil-em-melhorias","status":"publish","type":"post","link":"https:\/\/www.comunidadeativa.jor.br\/index.php\/2023\/08\/04\/parque-municipal-monsenhor-expedito-davila-recebera-r150-mil-em-melhorias\/","title":{"rendered":"Parque Municipal Monsenhor Expedito D&#8217;\u00c1vila receber\u00e1 R$150 mil em melhorias"},"content":{"rendered":"<p>Em breve, o Parque Municipal Monsenhor Expedito D\u2019\u00c1vila, no Anchieta, receber\u00e1 uma s\u00e9rie de melhorias, que ser\u00e3o realizadas pela Prefeitura de Belo Horizonte (PBH). Com valor de R$ 150 mil, a verba para as interven\u00e7\u00f5es foi obtida por meio de emenda no or\u00e7amento da capital apresentada pelo vereador S\u00e9rgio Fernando Pinho Tavares (PL). Al\u00e9m disso, com outros recursos do Munic\u00edpio, h\u00e1 a expectativa de que o Parque tamb\u00e9m tenha as pra\u00e7as e as escadarias lavadas e que receba placa indicativa da nova denomina\u00e7\u00e3o, em substitui\u00e7\u00e3o ao antigo nome \u201cJulien Rien\u201d.<\/p>\n<h5>Visita t\u00e9cnica<\/h5>\n<p>No \u00faltimo dia 7 de julho, em visita t\u00e9cnica \u00e0quela unidade, representantes da Superintend\u00eancia de Desenvolvimento da Capital (Sudecap) e da Funda\u00e7\u00e3o de Parques Municipais e Zoobot\u00e2nica (FPMZB), incluindo o diretor de Parques Benito Drummond, ouviram as sugest\u00f5es de melhorias colhidas pela Amoran junto \u00e0 comunidade. Entre outras, foram sugeridas a implanta\u00e7\u00e3o de atrativos infantis, interven\u00e7\u00e3o nas escadarias para tornar o piso antiderrapante e sinaliza\u00e7\u00e3o indicativa dos espa\u00e7os existentes e tamb\u00e9m da fauna e da flora presentes no Parque.<\/p>\n<h5>Ocupa\u00e7\u00e3o do espa\u00e7o p\u00fablico<\/h5>\n<p>Durante a visita t\u00e9cnica, o vereador S\u00e9rgio Fernando destacou que, em virtude dos tantos v\u00ednculos que mant\u00e9m com o Anchieta, fica feliz com as a\u00e7\u00f5es que o seu mandato est\u00e1 obtendo para o Parque. \u201cPrimeiro, com a mudan\u00e7a do nome para Monsenhor Expedito D\u2019\u00c1vila. Agora, com a verba de R$150 mil para melhorias do espa\u00e7o, que consegui destinar por meio de emenda or\u00e7ament\u00e1ria. Meu desejo com esta indica\u00e7\u00e3o do Parque para o receber esse investimento \u00e9 de que as fam\u00edlias fa\u00e7am uso e ocupem da melhor forma poss\u00edvel aquele ambiente t\u00e3o especial, criando hist\u00f3rias e mem\u00f3rias, como as que eu constru\u00ed com a minha fam\u00edlia em todos os anos que moramos na regi\u00e3o&#8221;, disse o vereador.<\/p>\n<p>Tamb\u00e9m durante a visita, o presidente da Amoran, Carlos Alberto Rocha, observou que esse investimento trar\u00e1 uma nova perspectiva para o Parque Monsenhor Expedito D\u2019\u00c1vila, tornando-o mais atrativo para a popula\u00e7\u00e3o. \u201cAquele Parque \u00e9 parcela muito importante da hist\u00f3ria do Anchieta. Agora, com o novo nome, que homenageia o fundador da Par\u00f3quia de S\u00e3o Mateus e tem forte v\u00ednculo com a comunidade, a import\u00e2ncia aumenta ainda mais. Considerando que os espa\u00e7os p\u00fablicos foram criados para serem ocupados pela popula\u00e7\u00e3o, que deve utiliz\u00e1-los intensamente, a partir do investimento que ser\u00e1 realizado, fica a expectativa de que mais pessoas passem a integrar essa hist\u00f3ria, criando la\u00e7os com um lugar que \u00e9 t\u00e3o bonito e agrad\u00e1vel de se visitar\u201d, diz o presidente da Amoran.<\/p>\n<p>Al\u00e9m do vereador S\u00e9rgio Fernando e de Carlos Alberto, ainda acompanharam a visita t\u00e9cnica o padre M\u00e1rio S\u00e9rgio Bittencourt, p\u00e1roco da Igreja de S\u00e3o Mateus, e Valber Lopes, gerente de Opera\u00e7\u00f5es do Anchieta Garden Shopping. O shopping \u00e9 adotante do Parque Monsenhor Expedito D\u2019\u00c1vila.<\/p>\n","protected":false},"excerpt":{"rendered":"<p>Em breve, o Parque Municipal Monsenhor Expedito D\u2019\u00c1vila, no Anchieta, receber\u00e1 uma s\u00e9rie de melhorias, que ser\u00e3o realizadas pela Prefeitura<\/p>\n","protected":false},"author":1,"featured_media":3670,"comment_status":"closed","ping_status":"open","sticky":false,"template":"","format":"standard","meta":{"footnotes":""},"categories":[5],"tags":[],"class_list":["post-3660","post","type-post","status-publish","format-standard","has-post-thumbnail","hentry","category-pelo-bairro"],"yoast_head":"<!-- This site is optimized with the Yoast SEO plugin v26.0 - https:\/\/yoast.com\/wordpress\/plugins\/seo\/ -->\n<title>Parque Municipal Monsenhor Expedito D&#039;\u00c1vila receber\u00e1 R$150 mil em melhorias - Comunidade Ativa<\/title>\n<meta name=\"robots\" content=\"index, follow, max-snippet:-1, max-image-preview:large, max-video-preview:-1\" \/>\n<link rel=\"canonical\" href=\"https:\/\/www.comunidadeativa.jor.br\/index.php\/2023\/08\/04\/parque-municipal-monsenhor-expedito-davila-recebera-r150-mil-em-melhorias\/\" \/>\n<meta property=\"og:locale\" content=\"pt_BR\" \/>\n<meta property=\"og:type\" content=\"article\" \/>\n<meta property=\"og:title\" content=\"Parque Municipal Monsenhor Expedito D&#039;\u00c1vila receber\u00e1 R$150 mil em melhorias - Comunidade Ativa\" \/>\n<meta property=\"og:description\" content=\"Em breve, o Parque Municipal Monsenhor Expedito D\u2019\u00c1vila, no Anchieta, receber\u00e1 uma s\u00e9rie de melhorias, que ser\u00e3o realizadas pela Prefeitura\" \/>\n<meta property=\"og:url\" content=\"https:\/\/www.comunidadeativa.jor.br\/index.php\/2023\/08\/04\/parque-municipal-monsenhor-expedito-davila-recebera-r150-mil-em-melhorias\/\" \/>\n<meta property=\"og:site_name\" content=\"Comunidade Ativa\" \/>\n<meta property=\"article:publisher\" content=\"https:\/\/www.facebook.com\/comunidadeativa\" \/>\n<meta property=\"article:published_time\" content=\"2023-08-04T20:27:37+00:00\" \/>\n<meta property=\"og:image\" content=\"https:\/\/www.comunidadeativa.jor.br\/wp-content\/uploads\/2023\/08\/CAPA.jpg\" \/>\n\t<meta property=\"og:image:width\" content=\"800\" \/>\n\t<meta property=\"og:image:height\" content=\"445\" \/>\n\t<meta property=\"og:image:type\" content=\"image\/jpeg\" \/>\n<meta name=\"author\" content=\"Comunidade Ativa\" \/>\n<meta name=\"twitter:card\" content=\"summary_large_image\" \/>\n<meta name=\"twitter:label1\" content=\"Escrito por\" \/>\n\t<meta name=\"twitter:data1\" content=\"Comunidade Ativa\" \/>\n\t<meta name=\"twitter:label2\" content=\"Est. tempo de leitura\" \/>\n\t<meta name=\"twitter:data2\" content=\"3 minutos\" \/>\n<script type=\"application\/ld+json\" class=\"yoast-schema-graph\">{\"@context\":\"https:\/\/schema.org\",\"@graph\":[{\"@type\":\"Article\",\"@id\":\"https:\/\/www.comunidadeativa.jor.br\/index.php\/2023\/08\/04\/parque-municipal-monsenhor-expedito-davila-recebera-r150-mil-em-melhorias\/#article\",\"isPartOf\":{\"@id\":\"https:\/\/www.comunidadeativa.jor.br\/index.php\/2023\/08\/04\/parque-municipal-monsenhor-expedito-davila-recebera-r150-mil-em-melhorias\/\"},\"author\":{\"name\":\"Comunidade Ativa\",\"@id\":\"https:\/\/www.comunidadeativa.jor.br\/#\/schema\/person\/dcaa1f1c51c1f0c47a33b2b734cad6e1\"},\"headline\":\"Parque Municipal Monsenhor Expedito D&#8217;\u00c1vila receber\u00e1 R$150 mil em melhorias\",\"datePublished\":\"2023-08-04T20:27:37+00:00\",\"mainEntityOfPage\":{\"@id\":\"https:\/\/www.comunidadeativa.jor.br\/index.php\/2023\/08\/04\/parque-municipal-monsenhor-expedito-davila-recebera-r150-mil-em-melhorias\/\"},\"wordCount\":530,\"publisher\":{\"@id\":\"https:\/\/www.comunidadeativa.jor.br\/#organization\"},\"image\":{\"@id\":\"https:\/\/www.comunidadeativa.jor.br\/index.php\/2023\/08\/04\/parque-municipal-monsenhor-expedito-davila-recebera-r150-mil-em-melhorias\/#primaryimage\"},\"thumbnailUrl\":\"https:\/\/www.comunidadeativa.jor.br\/wp-content\/uploads\/2023\/08\/CAPA.jpg\",\"articleSection\":[\"Pelo bairro\"],\"inLanguage\":\"pt-BR\"},{\"@type\":\"WebPage\",\"@id\":\"https:\/\/www.comunidadeativa.jor.br\/index.php\/2023\/08\/04\/parque-municipal-monsenhor-expedito-davila-recebera-r150-mil-em-melhorias\/\",\"url\":\"https:\/\/www.comunidadeativa.jor.br\/index.php\/2023\/08\/04\/parque-municipal-monsenhor-expedito-davila-recebera-r150-mil-em-melhorias\/\",\"name\":\"Parque Municipal Monsenhor Expedito D'\u00c1vila receber\u00e1 R$150 mil em melhorias - Comunidade Ativa\",\"isPartOf\":{\"@id\":\"https:\/\/www.comunidadeativa.jor.br\/#website\"},\"primaryImageOfPage\":{\"@id\":\"https:\/\/www.comunidadeativa.jor.br\/index.php\/2023\/08\/04\/parque-municipal-monsenhor-expedito-davila-recebera-r150-mil-em-melhorias\/#primaryimage\"},\"image\":{\"@id\":\"https:\/\/www.comunidadeativa.jor.br\/index.php\/2023\/08\/04\/parque-municipal-monsenhor-expedito-davila-recebera-r150-mil-em-melhorias\/#primaryimage\"},\"thumbnailUrl\":\"https:\/\/www.comunidadeativa.jor.br\/wp-content\/uploads\/2023\/08\/CAPA.jpg\",\"datePublished\":\"2023-08-04T20:27:37+00:00\",\"breadcrumb\":{\"@id\":\"https:\/\/www.comunidadeativa.jor.br\/index.php\/2023\/08\/04\/parque-municipal-monsenhor-expedito-davila-recebera-r150-mil-em-melhorias\/#breadcrumb\"},\"inLanguage\":\"pt-BR\",\"potentialAction\":[{\"@type\":\"ReadAction\",\"target\":[\"https:\/\/www.comunidadeativa.jor.br\/index.php\/2023\/08\/04\/parque-municipal-monsenhor-expedito-davila-recebera-r150-mil-em-melhorias\/\"]}]},{\"@type\":\"ImageObject\",\"inLanguage\":\"pt-BR\",\"@id\":\"https:\/\/www.comunidadeativa.jor.br\/index.php\/2023\/08\/04\/parque-municipal-monsenhor-expedito-davila-recebera-r150-mil-em-melhorias\/#primaryimage\",\"url\":\"https:\/\/www.comunidadeativa.jor.br\/wp-content\/uploads\/2023\/08\/CAPA.jpg\",\"contentUrl\":\"https:\/\/www.comunidadeativa.jor.br\/wp-content\/uploads\/2023\/08\/CAPA.jpg\",\"width\":800,\"height\":445},{\"@type\":\"BreadcrumbList\",\"@id\":\"https:\/\/www.comunidadeativa.jor.br\/index.php\/2023\/08\/04\/parque-municipal-monsenhor-expedito-davila-recebera-r150-mil-em-melhorias\/#breadcrumb\",\"itemListElement\":[{\"@type\":\"ListItem\",\"position\":1,\"name\":\"In\u00edcio\",\"item\":\"https:\/\/www.comunidadeativa.jor.br\/\"},{\"@type\":\"ListItem\",\"position\":2,\"name\":\"Parque Municipal Monsenhor Expedito D&#8217;\u00c1vila receber\u00e1 R$150 mil em melhorias\"}]},{\"@type\":\"WebSite\",\"@id\":\"https:\/\/www.comunidadeativa.jor.br\/#website\",\"url\":\"https:\/\/www.comunidadeativa.jor.br\/\",\"name\":\"Comunidade Ativa\",\"description\":\"\",\"publisher\":{\"@id\":\"https:\/\/www.comunidadeativa.jor.br\/#organization\"},\"potentialAction\":[{\"@type\":\"SearchAction\",\"target\":{\"@type\":\"EntryPoint\",\"urlTemplate\":\"https:\/\/www.comunidadeativa.jor.br\/?s={search_term_string}\"},\"query-input\":{\"@type\":\"PropertyValueSpecification\",\"valueRequired\":true,\"valueName\":\"search_term_string\"}}],\"inLanguage\":\"pt-BR\"},{\"@type\":\"Organization\",\"@id\":\"https:\/\/www.comunidadeativa.jor.br\/#organization\",\"name\":\"Comunidade Ativa\",\"url\":\"https:\/\/www.comunidadeativa.jor.br\/\",\"logo\":{\"@type\":\"ImageObject\",\"inLanguage\":\"pt-BR\",\"@id\":\"https:\/\/www.comunidadeativa.jor.br\/#\/schema\/logo\/image\/\",\"url\":\"https:\/\/www.comunidadeativa.jor.br\/wp-content\/uploads\/2018\/03\/cropped-LOGOPNG-1.png\",\"contentUrl\":\"https:\/\/www.comunidadeativa.jor.br\/wp-content\/uploads\/2018\/03\/cropped-LOGOPNG-1.png\",\"width\":318,\"height\":90,\"caption\":\"Comunidade Ativa\"},\"image\":{\"@id\":\"https:\/\/www.comunidadeativa.jor.br\/#\/schema\/logo\/image\/\"},\"sameAs\":[\"https:\/\/www.facebook.com\/comunidadeativa\"]},{\"@type\":\"Person\",\"@id\":\"https:\/\/www.comunidadeativa.jor.br\/#\/schema\/person\/dcaa1f1c51c1f0c47a33b2b734cad6e1\",\"name\":\"Comunidade Ativa\",\"image\":{\"@type\":\"ImageObject\",\"inLanguage\":\"pt-BR\",\"@id\":\"https:\/\/www.comunidadeativa.jor.br\/#\/schema\/person\/image\/\",\"url\":\"https:\/\/secure.gravatar.com\/avatar\/09a9a1f85fedf41e81b47f7c1d40084f?s=96&d=mm&r=g\",\"contentUrl\":\"https:\/\/secure.gravatar.com\/avatar\/09a9a1f85fedf41e81b47f7c1d40084f?s=96&d=mm&r=g\",\"caption\":\"Comunidade Ativa\"},\"url\":\"https:\/\/www.comunidadeativa.jor.br\/index.php\/author\/casalberto\/\"}]}<\/script>\n<!-- \/ Yoast SEO plugin. -->","yoast_head_json":{"title":"Parque Municipal Monsenhor Expedito D'\u00c1vila receber\u00e1 R$150 mil em melhorias - Comunidade Ativa","robots":{"index":"index","follow":"follow","max-snippet":"max-snippet:-1","max-image-preview":"max-image-preview:large","max-video-preview":"max-video-preview:-1"},"canonical":"https:\/\/www.comunidadeativa.jor.br\/index.php\/2023\/08\/04\/parque-municipal-monsenhor-expedito-davila-recebera-r150-mil-em-melhorias\/","og_locale":"pt_BR","og_type":"article","og_title":"Parque Municipal Monsenhor Expedito D'\u00c1vila receber\u00e1 R$150 mil em melhorias - Comunidade Ativa","og_description":"Em breve, o Parque Municipal Monsenhor Expedito D\u2019\u00c1vila, no Anchieta, receber\u00e1 uma s\u00e9rie de melhorias, que ser\u00e3o realizadas pela Prefeitura","og_url":"https:\/\/www.comunidadeativa.jor.br\/index.php\/2023\/08\/04\/parque-municipal-monsenhor-expedito-davila-recebera-r150-mil-em-melhorias\/","og_site_name":"Comunidade Ativa","article_publisher":"https:\/\/www.facebook.com\/comunidadeativa","article_published_time":"2023-08-04T20:27:37+00:00","og_image":[{"width":800,"height":445,"url":"https:\/\/www.comunidadeativa.jor.br\/wp-content\/uploads\/2023\/08\/CAPA.jpg","type":"image\/jpeg"}],"author":"Comunidade Ativa","twitter_card":"summary_large_image","twitter_misc":{"Escrito por":"Comunidade Ativa","Est. tempo de leitura":"3 minutos"},"schema":{"@context":"https:\/\/schema.org","@graph":[{"@type":"Article","@id":"https:\/\/www.comunidadeativa.jor.br\/index.php\/2023\/08\/04\/parque-municipal-monsenhor-expedito-davila-recebera-r150-mil-em-melhorias\/#article","isPartOf":{"@id":"https:\/\/www.comunidadeativa.jor.br\/index.php\/2023\/08\/04\/parque-municipal-monsenhor-expedito-davila-recebera-r150-mil-em-melhorias\/"},"author":{"name":"Comunidade Ativa","@id":"https:\/\/www.comunidadeativa.jor.br\/#\/schema\/person\/dcaa1f1c51c1f0c47a33b2b734cad6e1"},"headline":"Parque Municipal Monsenhor Expedito D&#8217;\u00c1vila receber\u00e1 R$150 mil em melhorias","datePublished":"2023-08-04T20:27:37+00:00","mainEntityOfPage":{"@id":"https:\/\/www.comunidadeativa.jor.br\/index.php\/2023\/08\/04\/parque-municipal-monsenhor-expedito-davila-recebera-r150-mil-em-melhorias\/"},"wordCount":530,"publisher":{"@id":"https:\/\/www.comunidadeativa.jor.br\/#organization"},"image":{"@id":"https:\/\/www.comunidadeativa.jor.br\/index.php\/2023\/08\/04\/parque-municipal-monsenhor-expedito-davila-recebera-r150-mil-em-melhorias\/#primaryimage"},"thumbnailUrl":"https:\/\/www.comunidadeativa.jor.br\/wp-content\/uploads\/2023\/08\/CAPA.jpg","articleSection":["Pelo bairro"],"inLanguage":"pt-BR"},{"@type":"WebPage","@id":"https:\/\/www.comunidadeativa.jor.br\/index.php\/2023\/08\/04\/parque-municipal-monsenhor-expedito-davila-recebera-r150-mil-em-melhorias\/","url":"https:\/\/www.comunidadeativa.jor.br\/index.php\/2023\/08\/04\/parque-municipal-monsenhor-expedito-davila-recebera-r150-mil-em-melhorias\/","name":"Parque Municipal Monsenhor Expedito D'\u00c1vila receber\u00e1 R$150 mil em melhorias - Comunidade Ativa","isPartOf":{"@id":"https:\/\/www.comunidadeativa.jor.br\/#website"},"primaryImageOfPage":{"@id":"https:\/\/www.comunidadeativa.jor.br\/index.php\/2023\/08\/04\/parque-municipal-monsenhor-expedito-davila-recebera-r150-mil-em-melhorias\/#primaryimage"},"image":{"@id":"https:\/\/www.comunidadeativa.jor.br\/index.php\/2023\/08\/04\/parque-municipal-monsenhor-expedito-davila-recebera-r150-mil-em-melhorias\/#primaryimage"},"thumbnailUrl":"https:\/\/www.comunidadeativa.jor.br\/wp-content\/uploads\/2023\/08\/CAPA.jpg","datePublished":"2023-08-04T20:27:37+00:00","breadcrumb":{"@id":"https:\/\/www.comunidadeativa.jor.br\/index.php\/2023\/08\/04\/parque-municipal-monsenhor-expedito-davila-recebera-r150-mil-em-melhorias\/#breadcrumb"},"inLanguage":"pt-BR","potentialAction":[{"@type":"ReadAction","target":["https:\/\/www.comunidadeativa.jor.br\/index.php\/2023\/08\/04\/parque-municipal-monsenhor-expedito-davila-recebera-r150-mil-em-melhorias\/"]}]},{"@type":"ImageObject","inLanguage":"pt-BR","@id":"https:\/\/www.comunidadeativa.jor.br\/index.php\/2023\/08\/04\/parque-municipal-monsenhor-expedito-davila-recebera-r150-mil-em-melhorias\/#primaryimage","url":"https:\/\/www.comunidadeativa.jor.br\/wp-content\/uploads\/2023\/08\/CAPA.jpg","contentUrl":"https:\/\/www.comunidadeativa.jor.br\/wp-content\/uploads\/2023\/08\/CAPA.jpg","width":800,"height":445},{"@type":"BreadcrumbList","@id":"https:\/\/www.comunidadeativa.jor.br\/index.php\/2023\/08\/04\/parque-municipal-monsenhor-expedito-davila-recebera-r150-mil-em-melhorias\/#breadcrumb","itemListElement":[{"@type":"ListItem","position":1,"name":"In\u00edcio","item":"https:\/\/www.comunidadeativa.jor.br\/"},{"@type":"ListItem","position":2,"name":"Parque Municipal Monsenhor Expedito D&#8217;\u00c1vila receber\u00e1 R$150 mil em melhorias"}]},{"@type":"WebSite","@id":"https:\/\/www.comunidadeativa.jor.br\/#website","url":"https:\/\/www.comunidadeativa.jor.br\/","name":"Comunidade Ativa","description":"","publisher":{"@id":"https:\/\/www.comunidadeativa.jor.br\/#organization"},"potentialAction":[{"@type":"SearchAction","target":{"@type":"EntryPoint","urlTemplate":"https:\/\/www.comunidadeativa.jor.br\/?s={search_term_string}"},"query-input":{"@type":"PropertyValueSpecification","valueRequired":true,"valueName":"search_term_string"}}],"inLanguage":"pt-BR"},{"@type":"Organization","@id":"https:\/\/www.comunidadeativa.jor.br\/#organization","name":"Comunidade Ativa","url":"https:\/\/www.comunidadeativa.jor.br\/","logo":{"@type":"ImageObject","inLanguage":"pt-BR","@id":"https:\/\/www.comunidadeativa.jor.br\/#\/schema\/logo\/image\/","url":"https:\/\/www.comunidadeativa.jor.br\/wp-content\/uploads\/2018\/03\/cropped-LOGOPNG-1.png","contentUrl":"https:\/\/www.comunidadeativa.jor.br\/wp-content\/uploads\/2018\/03\/cropped-LOGOPNG-1.png","width":318,"height":90,"caption":"Comunidade Ativa"},"image":{"@id":"https:\/\/www.comunidadeativa.jor.br\/#\/schema\/logo\/image\/"},"sameAs":["https:\/\/www.facebook.com\/comunidadeativa"]},{"@type":"Person","@id":"https:\/\/www.comunidadeativa.jor.br\/#\/schema\/person\/dcaa1f1c51c1f0c47a33b2b734cad6e1","name":"Comunidade Ativa","image":{"@type":"ImageObject","inLanguage":"pt-BR","@id":"https:\/\/www.comunidadeativa.jor.br\/#\/schema\/person\/image\/","url":"https:\/\/secure.gravatar.com\/avatar\/09a9a1f85fedf41e81b47f7c1d40084f?s=96&d=mm&r=g","contentUrl":"https:\/\/secure.gravatar.com\/avatar\/09a9a1f85fedf41e81b47f7c1d40084f?s=96&d=mm&r=g","caption":"Comunidade Ativa"},"url":"https:\/\/www.comunidadeativa.jor.br\/index.php\/author\/casalberto\/"}]}},"_links":{"self":[{"href":"https:\/\/www.comunidadeativa.jor.br\/index.php\/wp-json\/wp\/v2\/posts\/3660","targetHints":{"allow":["GET"]}}],"collection":[{"href":"https:\/\/www.comunidadeativa.jor.br\/index.php\/wp-json\/wp\/v2\/posts"}],"about":[{"href":"https:\/\/www.comunidadeativa.jor.br\/index.php\/wp-json\/wp\/v2\/types\/post"}],"author":[{"embeddable":true,"href":"https:\/\/www.comunidadeativa.jor.br\/index.php\/wp-json\/wp\/v2\/users\/1"}],"replies":[{"embeddable":true,"href":"https:\/\/www.comunidadeativa.jor.br\/index.php\/wp-json\/wp\/v2\/comments?post=3660"}],"version-history":[{"count":2,"href":"https:\/\/www.comunidadeativa.jor.br\/index.php\/wp-json\/wp\/v2\/posts\/3660\/revisions"}],"predecessor-version":[{"id":3671,"href":"https:\/\/www.comunidadeativa.jor.br\/index.php\/wp-json\/wp\/v2\/posts\/3660\/revisions\/3671"}],"wp:featuredmedia":[{"embeddable":true,"href":"https:\/\/www.comunidadeativa.jor.br\/index.php\/wp-json\/wp\/v2\/media\/3670"}],"wp:attachment":[{"href":"https:\/\/www.comunidadeativa.jor.br\/index.php\/wp-json\/wp\/v2\/media?parent=3660"}],"wp:term":[{"taxonomy":"category","embeddable":true,"href":"https:\/\/www.comunidadeativa.jor.br\/index.php\/wp-json\/wp\/v2\/categories?post=3660"},{"taxonomy":"post_tag","embeddable":true,"href":"https:\/\/www.comunidadeativa.jor.br\/index.php\/wp-json\/wp\/v2\/tags?post=3660"}],"curies":[{"name":"wp","href":"https:\/\/api.w.org\/{rel}","templated":true}]}}