{"id":3664,"date":"2023-08-10T14:52:33","date_gmt":"2023-08-10T17:52:33","guid":{"rendered":"https:\/\/www.comunidadeativa.jor.br\/?p=3664"},"modified":"2023-08-10T14:52:33","modified_gmt":"2023-08-10T17:52:33","slug":"simulacao-das-nacoes-unidas-no-arnaldo-sera-aberta-a-alunos-de-todas-a-instituicoes-de-ensino","status":"publish","type":"post","link":"https:\/\/www.comunidadeativa.jor.br\/index.php\/2023\/08\/10\/simulacao-das-nacoes-unidas-no-arnaldo-sera-aberta-a-alunos-de-todas-a-instituicoes-de-ensino\/","title":{"rendered":"Simula\u00e7\u00e3o das Na\u00e7\u00f5es Unidas no Arnaldo ser\u00e1 aberta a alunos de todas a institui\u00e7\u00f5es de ensino"},"content":{"rendered":"<p>Buscar a paz mundial, fomentar as boas rela\u00e7\u00f5es entre os pa\u00edses e promover o progresso social constituem alguns dos principais objetivos da Organiza\u00e7\u00e3o das Na\u00e7\u00f5es Unidas (ONU), que exerce influ\u00eancia fundamental sobre os 193 estados soberanos que atualmente a comp\u00f5em, inclusive estabelecendo metas globais, com aten\u00e7\u00e3o sobre a sa\u00fade humana, sobre o clima, sobre o meio ambiente e sobre v\u00e1rias outras quest\u00f5es. Por tudo isso, a ONU tamb\u00e9m se apresenta como um referencial para o comportamento individual e coletivo, que merece ser valorizado no \u00e2mbito da educa\u00e7\u00e3o formal.<\/p>\n<p>Nesse sentido, nos dias 22 e 23 de setembro, ser\u00e1 realizada o 1\u00aa Simula\u00e7\u00e3o Arnaldo das Na\u00e7\u00f5es Unidas (SIA), com participa\u00e7\u00e3o aberta para alunos do 9\u00ba ano do Ensino Fundamental \u00e0 3\u00aa S\u00e9rie do Ensino M\u00e9dio que estejam matriculados em qualquer institui\u00e7\u00e3o de ensino.<\/p>\n<p>De acordo com a orientadora Educacional do Col\u00e9gio Arnaldo, Alice Marques, o evento explorar\u00e1 compet\u00ean cias e habilidades socioemocionais na condu\u00e7\u00e3o das pautas. \u201cSer\u00e1 poss\u00edvel fazer uma conex\u00e3o das habilidades desenvolvidas na SIA com as necessidades dos cursos de gradua\u00e7\u00e3o e com o mercado de trabalho\u201d, considera Alice.<\/p>\n<p>A orientadora destaca que a atividade extracurricular proposta pelo Arnaldo valorizar\u00e1 o protagonismo dos alunos durante o processo e trabalhar\u00e1 as compet\u00eancias gerais previstas na Base Nacional Comum Curricular (BNCC), tais como capacidade de comunica\u00e7\u00e3o, argumenta\u00e7\u00e3o, conhecimento, responsabilidade e cidadania, entre outros aspectos. \u201cAl\u00e9m do desenvolvimento destas compet\u00eancias e habilidades, o evento tem por objetivo promover valores como o respeito aos direitos humanos e \u00e0s liberdades fundamentais, utilizando a estrat\u00e9gia da simula\u00e7\u00e3o das sess\u00f5es que acontecem na ONU, criando a oportunidade para que os estudantes encontrem solu\u00e7\u00f5es diplom\u00e1ticas para quest\u00f5es relevantes nos \u00e2mbitos nacional e internacional\u201d, explica.<\/p>\n<p>O valor do investimento para participar do 1\u00aa SIA \u00e9 de R$ 70. <a href=\"https:\/\/www.sympla.com.br\/evento\/sia-simulacao-arnaldo-das-nacoes-unidas\/2060206\">Clique aqui<\/a> para mais informa\u00e7\u00f5es!<\/p>\n","protected":false},"excerpt":{"rendered":"<p>Buscar a paz mundial, fomentar as boas rela\u00e7\u00f5es entre os pa\u00edses e promover o progresso social constituem alguns dos principais<\/p>\n","protected":false},"author":1,"featured_media":3681,"comment_status":"closed","ping_status":"open","sticky":false,"template":"","format":"standard","meta":{"footnotes":""},"categories":[12],"tags":[],"class_list":["post-3664","post","type-post","status-publish","format-standard","has-post-thumbnail","hentry","category-cidadania"],"yoast_head":"<!-- This site is optimized with the Yoast SEO plugin v26.0 - https:\/\/yoast.com\/wordpress\/plugins\/seo\/ -->\n<title>Simula\u00e7\u00e3o das Na\u00e7\u00f5es Unidas no Arnaldo ser\u00e1 aberta a alunos de todas a institui\u00e7\u00f5es de ensino - Comunidade Ativa<\/title>\n<meta name=\"robots\" content=\"index, follow, max-snippet:-1, max-image-preview:large, max-video-preview:-1\" \/>\n<link rel=\"canonical\" href=\"https:\/\/www.comunidadeativa.jor.br\/index.php\/2023\/08\/10\/simulacao-das-nacoes-unidas-no-arnaldo-sera-aberta-a-alunos-de-todas-a-instituicoes-de-ensino\/\" \/>\n<meta property=\"og:locale\" content=\"pt_BR\" \/>\n<meta property=\"og:type\" content=\"article\" \/>\n<meta property=\"og:title\" content=\"Simula\u00e7\u00e3o das Na\u00e7\u00f5es Unidas no Arnaldo ser\u00e1 aberta a alunos de todas a institui\u00e7\u00f5es de ensino - Comunidade Ativa\" \/>\n<meta property=\"og:description\" content=\"Buscar a paz mundial, fomentar as boas rela\u00e7\u00f5es entre os pa\u00edses e promover o progresso social constituem alguns dos principais\" \/>\n<meta property=\"og:url\" content=\"https:\/\/www.comunidadeativa.jor.br\/index.php\/2023\/08\/10\/simulacao-das-nacoes-unidas-no-arnaldo-sera-aberta-a-alunos-de-todas-a-instituicoes-de-ensino\/\" \/>\n<meta property=\"og:site_name\" content=\"Comunidade Ativa\" \/>\n<meta property=\"article:publisher\" content=\"https:\/\/www.facebook.com\/comunidadeativa\" \/>\n<meta property=\"article:published_time\" content=\"2023-08-10T17:52:33+00:00\" \/>\n<meta property=\"og:image\" content=\"https:\/\/www.comunidadeativa.jor.br\/wp-content\/uploads\/2023\/08\/CAPA-3.jpg\" \/>\n\t<meta property=\"og:image:width\" content=\"800\" \/>\n\t<meta property=\"og:image:height\" content=\"445\" \/>\n\t<meta property=\"og:image:type\" content=\"image\/jpeg\" \/>\n<meta name=\"author\" content=\"Comunidade Ativa\" \/>\n<meta name=\"twitter:card\" content=\"summary_large_image\" \/>\n<meta name=\"twitter:label1\" content=\"Escrito por\" \/>\n\t<meta name=\"twitter:data1\" content=\"Comunidade Ativa\" \/>\n\t<meta name=\"twitter:label2\" content=\"Est. tempo de leitura\" \/>\n\t<meta name=\"twitter:data2\" content=\"2 minutos\" \/>\n<script type=\"application\/ld+json\" class=\"yoast-schema-graph\">{\"@context\":\"https:\/\/schema.org\",\"@graph\":[{\"@type\":\"Article\",\"@id\":\"https:\/\/www.comunidadeativa.jor.br\/index.php\/2023\/08\/10\/simulacao-das-nacoes-unidas-no-arnaldo-sera-aberta-a-alunos-de-todas-a-instituicoes-de-ensino\/#article\",\"isPartOf\":{\"@id\":\"https:\/\/www.comunidadeativa.jor.br\/index.php\/2023\/08\/10\/simulacao-das-nacoes-unidas-no-arnaldo-sera-aberta-a-alunos-de-todas-a-instituicoes-de-ensino\/\"},\"author\":{\"name\":\"Comunidade Ativa\",\"@id\":\"https:\/\/www.comunidadeativa.jor.br\/#\/schema\/person\/dcaa1f1c51c1f0c47a33b2b734cad6e1\"},\"headline\":\"Simula\u00e7\u00e3o das Na\u00e7\u00f5es Unidas no Arnaldo ser\u00e1 aberta a alunos de todas a institui\u00e7\u00f5es de ensino\",\"datePublished\":\"2023-08-10T17:52:33+00:00\",\"mainEntityOfPage\":{\"@id\":\"https:\/\/www.comunidadeativa.jor.br\/index.php\/2023\/08\/10\/simulacao-das-nacoes-unidas-no-arnaldo-sera-aberta-a-alunos-de-todas-a-instituicoes-de-ensino\/\"},\"wordCount\":340,\"publisher\":{\"@id\":\"https:\/\/www.comunidadeativa.jor.br\/#organization\"},\"image\":{\"@id\":\"https:\/\/www.comunidadeativa.jor.br\/index.php\/2023\/08\/10\/simulacao-das-nacoes-unidas-no-arnaldo-sera-aberta-a-alunos-de-todas-a-instituicoes-de-ensino\/#primaryimage\"},\"thumbnailUrl\":\"https:\/\/www.comunidadeativa.jor.br\/wp-content\/uploads\/2023\/08\/CAPA-3.jpg\",\"articleSection\":[\"Cidadania\"],\"inLanguage\":\"pt-BR\"},{\"@type\":\"WebPage\",\"@id\":\"https:\/\/www.comunidadeativa.jor.br\/index.php\/2023\/08\/10\/simulacao-das-nacoes-unidas-no-arnaldo-sera-aberta-a-alunos-de-todas-a-instituicoes-de-ensino\/\",\"url\":\"https:\/\/www.comunidadeativa.jor.br\/index.php\/2023\/08\/10\/simulacao-das-nacoes-unidas-no-arnaldo-sera-aberta-a-alunos-de-todas-a-instituicoes-de-ensino\/\",\"name\":\"Simula\u00e7\u00e3o das Na\u00e7\u00f5es Unidas no Arnaldo ser\u00e1 aberta a alunos de todas a institui\u00e7\u00f5es de ensino - Comunidade Ativa\",\"isPartOf\":{\"@id\":\"https:\/\/www.comunidadeativa.jor.br\/#website\"},\"primaryImageOfPage\":{\"@id\":\"https:\/\/www.comunidadeativa.jor.br\/index.php\/2023\/08\/10\/simulacao-das-nacoes-unidas-no-arnaldo-sera-aberta-a-alunos-de-todas-a-instituicoes-de-ensino\/#primaryimage\"},\"image\":{\"@id\":\"https:\/\/www.comunidadeativa.jor.br\/index.php\/2023\/08\/10\/simulacao-das-nacoes-unidas-no-arnaldo-sera-aberta-a-alunos-de-todas-a-instituicoes-de-ensino\/#primaryimage\"},\"thumbnailUrl\":\"https:\/\/www.comunidadeativa.jor.br\/wp-content\/uploads\/2023\/08\/CAPA-3.jpg\",\"datePublished\":\"2023-08-10T17:52:33+00:00\",\"breadcrumb\":{\"@id\":\"https:\/\/www.comunidadeativa.jor.br\/index.php\/2023\/08\/10\/simulacao-das-nacoes-unidas-no-arnaldo-sera-aberta-a-alunos-de-todas-a-instituicoes-de-ensino\/#breadcrumb\"},\"inLanguage\":\"pt-BR\",\"potentialAction\":[{\"@type\":\"ReadAction\",\"target\":[\"https:\/\/www.comunidadeativa.jor.br\/index.php\/2023\/08\/10\/simulacao-das-nacoes-unidas-no-arnaldo-sera-aberta-a-alunos-de-todas-a-instituicoes-de-ensino\/\"]}]},{\"@type\":\"ImageObject\",\"inLanguage\":\"pt-BR\",\"@id\":\"https:\/\/www.comunidadeativa.jor.br\/index.php\/2023\/08\/10\/simulacao-das-nacoes-unidas-no-arnaldo-sera-aberta-a-alunos-de-todas-a-instituicoes-de-ensino\/#primaryimage\",\"url\":\"https:\/\/www.comunidadeativa.jor.br\/wp-content\/uploads\/2023\/08\/CAPA-3.jpg\",\"contentUrl\":\"https:\/\/www.comunidadeativa.jor.br\/wp-content\/uploads\/2023\/08\/CAPA-3.jpg\",\"width\":800,\"height\":445},{\"@type\":\"BreadcrumbList\",\"@id\":\"https:\/\/www.comunidadeativa.jor.br\/index.php\/2023\/08\/10\/simulacao-das-nacoes-unidas-no-arnaldo-sera-aberta-a-alunos-de-todas-a-instituicoes-de-ensino\/#breadcrumb\",\"itemListElement\":[{\"@type\":\"ListItem\",\"position\":1,\"name\":\"In\u00edcio\",\"item\":\"https:\/\/www.comunidadeativa.jor.br\/\"},{\"@type\":\"ListItem\",\"position\":2,\"name\":\"Simula\u00e7\u00e3o das Na\u00e7\u00f5es Unidas no Arnaldo ser\u00e1 aberta a alunos de todas a institui\u00e7\u00f5es de ensino\"}]},{\"@type\":\"WebSite\",\"@id\":\"https:\/\/www.comunidadeativa.jor.br\/#website\",\"url\":\"https:\/\/www.comunidadeativa.jor.br\/\",\"name\":\"Comunidade Ativa\",\"description\":\"\",\"publisher\":{\"@id\":\"https:\/\/www.comunidadeativa.jor.br\/#organization\"},\"potentialAction\":[{\"@type\":\"SearchAction\",\"target\":{\"@type\":\"EntryPoint\",\"urlTemplate\":\"https:\/\/www.comunidadeativa.jor.br\/?s={search_term_string}\"},\"query-input\":{\"@type\":\"PropertyValueSpecification\",\"valueRequired\":true,\"valueName\":\"search_term_string\"}}],\"inLanguage\":\"pt-BR\"},{\"@type\":\"Organization\",\"@id\":\"https:\/\/www.comunidadeativa.jor.br\/#organization\",\"name\":\"Comunidade Ativa\",\"url\":\"https:\/\/www.comunidadeativa.jor.br\/\",\"logo\":{\"@type\":\"ImageObject\",\"inLanguage\":\"pt-BR\",\"@id\":\"https:\/\/www.comunidadeativa.jor.br\/#\/schema\/logo\/image\/\",\"url\":\"https:\/\/www.comunidadeativa.jor.br\/wp-content\/uploads\/2018\/03\/cropped-LOGOPNG-1.png\",\"contentUrl\":\"https:\/\/www.comunidadeativa.jor.br\/wp-content\/uploads\/2018\/03\/cropped-LOGOPNG-1.png\",\"width\":318,\"height\":90,\"caption\":\"Comunidade Ativa\"},\"image\":{\"@id\":\"https:\/\/www.comunidadeativa.jor.br\/#\/schema\/logo\/image\/\"},\"sameAs\":[\"https:\/\/www.facebook.com\/comunidadeativa\"]},{\"@type\":\"Person\",\"@id\":\"https:\/\/www.comunidadeativa.jor.br\/#\/schema\/person\/dcaa1f1c51c1f0c47a33b2b734cad6e1\",\"name\":\"Comunidade Ativa\",\"image\":{\"@type\":\"ImageObject\",\"inLanguage\":\"pt-BR\",\"@id\":\"https:\/\/www.comunidadeativa.jor.br\/#\/schema\/person\/image\/\",\"url\":\"https:\/\/secure.gravatar.com\/avatar\/09a9a1f85fedf41e81b47f7c1d40084f?s=96&d=mm&r=g\",\"contentUrl\":\"https:\/\/secure.gravatar.com\/avatar\/09a9a1f85fedf41e81b47f7c1d40084f?s=96&d=mm&r=g\",\"caption\":\"Comunidade Ativa\"},\"url\":\"https:\/\/www.comunidadeativa.jor.br\/index.php\/author\/casalberto\/\"}]}<\/script>\n<!-- \/ Yoast SEO plugin. -->","yoast_head_json":{"title":"Simula\u00e7\u00e3o das Na\u00e7\u00f5es Unidas no Arnaldo ser\u00e1 aberta a alunos de todas a institui\u00e7\u00f5es de ensino - Comunidade Ativa","robots":{"index":"index","follow":"follow","max-snippet":"max-snippet:-1","max-image-preview":"max-image-preview:large","max-video-preview":"max-video-preview:-1"},"canonical":"https:\/\/www.comunidadeativa.jor.br\/index.php\/2023\/08\/10\/simulacao-das-nacoes-unidas-no-arnaldo-sera-aberta-a-alunos-de-todas-a-instituicoes-de-ensino\/","og_locale":"pt_BR","og_type":"article","og_title":"Simula\u00e7\u00e3o das Na\u00e7\u00f5es Unidas no Arnaldo ser\u00e1 aberta a alunos de todas a institui\u00e7\u00f5es de ensino - Comunidade Ativa","og_description":"Buscar a paz mundial, fomentar as boas rela\u00e7\u00f5es entre os pa\u00edses e promover o progresso social constituem alguns dos principais","og_url":"https:\/\/www.comunidadeativa.jor.br\/index.php\/2023\/08\/10\/simulacao-das-nacoes-unidas-no-arnaldo-sera-aberta-a-alunos-de-todas-a-instituicoes-de-ensino\/","og_site_name":"Comunidade Ativa","article_publisher":"https:\/\/www.facebook.com\/comunidadeativa","article_published_time":"2023-08-10T17:52:33+00:00","og_image":[{"width":800,"height":445,"url":"https:\/\/www.comunidadeativa.jor.br\/wp-content\/uploads\/2023\/08\/CAPA-3.jpg","type":"image\/jpeg"}],"author":"Comunidade Ativa","twitter_card":"summary_large_image","twitter_misc":{"Escrito por":"Comunidade Ativa","Est. tempo de leitura":"2 minutos"},"schema":{"@context":"https:\/\/schema.org","@graph":[{"@type":"Article","@id":"https:\/\/www.comunidadeativa.jor.br\/index.php\/2023\/08\/10\/simulacao-das-nacoes-unidas-no-arnaldo-sera-aberta-a-alunos-de-todas-a-instituicoes-de-ensino\/#article","isPartOf":{"@id":"https:\/\/www.comunidadeativa.jor.br\/index.php\/2023\/08\/10\/simulacao-das-nacoes-unidas-no-arnaldo-sera-aberta-a-alunos-de-todas-a-instituicoes-de-ensino\/"},"author":{"name":"Comunidade Ativa","@id":"https:\/\/www.comunidadeativa.jor.br\/#\/schema\/person\/dcaa1f1c51c1f0c47a33b2b734cad6e1"},"headline":"Simula\u00e7\u00e3o das Na\u00e7\u00f5es Unidas no Arnaldo ser\u00e1 aberta a alunos de todas a institui\u00e7\u00f5es de ensino","datePublished":"2023-08-10T17:52:33+00:00","mainEntityOfPage":{"@id":"https:\/\/www.comunidadeativa.jor.br\/index.php\/2023\/08\/10\/simulacao-das-nacoes-unidas-no-arnaldo-sera-aberta-a-alunos-de-todas-a-instituicoes-de-ensino\/"},"wordCount":340,"publisher":{"@id":"https:\/\/www.comunidadeativa.jor.br\/#organization"},"image":{"@id":"https:\/\/www.comunidadeativa.jor.br\/index.php\/2023\/08\/10\/simulacao-das-nacoes-unidas-no-arnaldo-sera-aberta-a-alunos-de-todas-a-instituicoes-de-ensino\/#primaryimage"},"thumbnailUrl":"https:\/\/www.comunidadeativa.jor.br\/wp-content\/uploads\/2023\/08\/CAPA-3.jpg","articleSection":["Cidadania"],"inLanguage":"pt-BR"},{"@type":"WebPage","@id":"https:\/\/www.comunidadeativa.jor.br\/index.php\/2023\/08\/10\/simulacao-das-nacoes-unidas-no-arnaldo-sera-aberta-a-alunos-de-todas-a-instituicoes-de-ensino\/","url":"https:\/\/www.comunidadeativa.jor.br\/index.php\/2023\/08\/10\/simulacao-das-nacoes-unidas-no-arnaldo-sera-aberta-a-alunos-de-todas-a-instituicoes-de-ensino\/","name":"Simula\u00e7\u00e3o das Na\u00e7\u00f5es Unidas no Arnaldo ser\u00e1 aberta a alunos de todas a institui\u00e7\u00f5es de ensino - Comunidade Ativa","isPartOf":{"@id":"https:\/\/www.comunidadeativa.jor.br\/#website"},"primaryImageOfPage":{"@id":"https:\/\/www.comunidadeativa.jor.br\/index.php\/2023\/08\/10\/simulacao-das-nacoes-unidas-no-arnaldo-sera-aberta-a-alunos-de-todas-a-instituicoes-de-ensino\/#primaryimage"},"image":{"@id":"https:\/\/www.comunidadeativa.jor.br\/index.php\/2023\/08\/10\/simulacao-das-nacoes-unidas-no-arnaldo-sera-aberta-a-alunos-de-todas-a-instituicoes-de-ensino\/#primaryimage"},"thumbnailUrl":"https:\/\/www.comunidadeativa.jor.br\/wp-content\/uploads\/2023\/08\/CAPA-3.jpg","datePublished":"2023-08-10T17:52:33+00:00","breadcrumb":{"@id":"https:\/\/www.comunidadeativa.jor.br\/index.php\/2023\/08\/10\/simulacao-das-nacoes-unidas-no-arnaldo-sera-aberta-a-alunos-de-todas-a-instituicoes-de-ensino\/#breadcrumb"},"inLanguage":"pt-BR","potentialAction":[{"@type":"ReadAction","target":["https:\/\/www.comunidadeativa.jor.br\/index.php\/2023\/08\/10\/simulacao-das-nacoes-unidas-no-arnaldo-sera-aberta-a-alunos-de-todas-a-instituicoes-de-ensino\/"]}]},{"@type":"ImageObject","inLanguage":"pt-BR","@id":"https:\/\/www.comunidadeativa.jor.br\/index.php\/2023\/08\/10\/simulacao-das-nacoes-unidas-no-arnaldo-sera-aberta-a-alunos-de-todas-a-instituicoes-de-ensino\/#primaryimage","url":"https:\/\/www.comunidadeativa.jor.br\/wp-content\/uploads\/2023\/08\/CAPA-3.jpg","contentUrl":"https:\/\/www.comunidadeativa.jor.br\/wp-content\/uploads\/2023\/08\/CAPA-3.jpg","width":800,"height":445},{"@type":"BreadcrumbList","@id":"https:\/\/www.comunidadeativa.jor.br\/index.php\/2023\/08\/10\/simulacao-das-nacoes-unidas-no-arnaldo-sera-aberta-a-alunos-de-todas-a-instituicoes-de-ensino\/#breadcrumb","itemListElement":[{"@type":"ListItem","position":1,"name":"In\u00edcio","item":"https:\/\/www.comunidadeativa.jor.br\/"},{"@type":"ListItem","position":2,"name":"Simula\u00e7\u00e3o das Na\u00e7\u00f5es Unidas no Arnaldo ser\u00e1 aberta a alunos de todas a institui\u00e7\u00f5es de ensino"}]},{"@type":"WebSite","@id":"https:\/\/www.comunidadeativa.jor.br\/#website","url":"https:\/\/www.comunidadeativa.jor.br\/","name":"Comunidade Ativa","description":"","publisher":{"@id":"https:\/\/www.comunidadeativa.jor.br\/#organization"},"potentialAction":[{"@type":"SearchAction","target":{"@type":"EntryPoint","urlTemplate":"https:\/\/www.comunidadeativa.jor.br\/?s={search_term_string}"},"query-input":{"@type":"PropertyValueSpecification","valueRequired":true,"valueName":"search_term_string"}}],"inLanguage":"pt-BR"},{"@type":"Organization","@id":"https:\/\/www.comunidadeativa.jor.br\/#organization","name":"Comunidade Ativa","url":"https:\/\/www.comunidadeativa.jor.br\/","logo":{"@type":"ImageObject","inLanguage":"pt-BR","@id":"https:\/\/www.comunidadeativa.jor.br\/#\/schema\/logo\/image\/","url":"https:\/\/www.comunidadeativa.jor.br\/wp-content\/uploads\/2018\/03\/cropped-LOGOPNG-1.png","contentUrl":"https:\/\/www.comunidadeativa.jor.br\/wp-content\/uploads\/2018\/03\/cropped-LOGOPNG-1.png","width":318,"height":90,"caption":"Comunidade Ativa"},"image":{"@id":"https:\/\/www.comunidadeativa.jor.br\/#\/schema\/logo\/image\/"},"sameAs":["https:\/\/www.facebook.com\/comunidadeativa"]},{"@type":"Person","@id":"https:\/\/www.comunidadeativa.jor.br\/#\/schema\/person\/dcaa1f1c51c1f0c47a33b2b734cad6e1","name":"Comunidade Ativa","image":{"@type":"ImageObject","inLanguage":"pt-BR","@id":"https:\/\/www.comunidadeativa.jor.br\/#\/schema\/person\/image\/","url":"https:\/\/secure.gravatar.com\/avatar\/09a9a1f85fedf41e81b47f7c1d40084f?s=96&d=mm&r=g","contentUrl":"https:\/\/secure.gravatar.com\/avatar\/09a9a1f85fedf41e81b47f7c1d40084f?s=96&d=mm&r=g","caption":"Comunidade Ativa"},"url":"https:\/\/www.comunidadeativa.jor.br\/index.php\/author\/casalberto\/"}]}},"_links":{"self":[{"href":"https:\/\/www.comunidadeativa.jor.br\/index.php\/wp-json\/wp\/v2\/posts\/3664","targetHints":{"allow":["GET"]}}],"collection":[{"href":"https:\/\/www.comunidadeativa.jor.br\/index.php\/wp-json\/wp\/v2\/posts"}],"about":[{"href":"https:\/\/www.comunidadeativa.jor.br\/index.php\/wp-json\/wp\/v2\/types\/post"}],"author":[{"embeddable":true,"href":"https:\/\/www.comunidadeativa.jor.br\/index.php\/wp-json\/wp\/v2\/users\/1"}],"replies":[{"embeddable":true,"href":"https:\/\/www.comunidadeativa.jor.br\/index.php\/wp-json\/wp\/v2\/comments?post=3664"}],"version-history":[{"count":1,"href":"https:\/\/www.comunidadeativa.jor.br\/index.php\/wp-json\/wp\/v2\/posts\/3664\/revisions"}],"predecessor-version":[{"id":3682,"href":"https:\/\/www.comunidadeativa.jor.br\/index.php\/wp-json\/wp\/v2\/posts\/3664\/revisions\/3682"}],"wp:featuredmedia":[{"embeddable":true,"href":"https:\/\/www.comunidadeativa.jor.br\/index.php\/wp-json\/wp\/v2\/media\/3681"}],"wp:attachment":[{"href":"https:\/\/www.comunidadeativa.jor.br\/index.php\/wp-json\/wp\/v2\/media?parent=3664"}],"wp:term":[{"taxonomy":"category","embeddable":true,"href":"https:\/\/www.comunidadeativa.jor.br\/index.php\/wp-json\/wp\/v2\/categories?post=3664"},{"taxonomy":"post_tag","embeddable":true,"href":"https:\/\/www.comunidadeativa.jor.br\/index.php\/wp-json\/wp\/v2\/tags?post=3664"}],"curies":[{"name":"wp","href":"https:\/\/api.w.org\/{rel}","templated":true}]}}