{"id":4068,"date":"2023-10-03T12:06:13","date_gmt":"2023-10-03T15:06:13","guid":{"rendered":"https:\/\/www.comunidadeativa.jor.br\/?p=4068"},"modified":"2023-10-03T12:23:04","modified_gmt":"2023-10-03T15:23:04","slug":"feira-de-artesanato-evento-cultural-no-anchieta-de-5-a-7-de-outubro","status":"publish","type":"post","link":"https:\/\/www.comunidadeativa.jor.br\/index.php\/2023\/10\/03\/feira-de-artesanato-evento-cultural-no-anchieta-de-5-a-7-de-outubro\/","title":{"rendered":"Feira de Artesanato &#038; Evento Cultural no Anchieta de 5 a 7 de outubro"},"content":{"rendered":"<p>A Feira de Artesanato &amp; Evento Cultural que aconteceu no shopping do Anchieta no in\u00edcio de setembro estar\u00e1 de volta em outubro, no mesmo local \u2014 antiga loja da Leitura, na Francisco Deslandes, 900 \u2014, com funcionamento de 10h \u00e0s 20h nos dias 5 e 6 e de 10h \u00e0s 18h no dia 7.<\/p>\n<h5>Charme Chique<\/h5>\n<p>A Feira de Artesanato \u00e9 uma promo\u00e7\u00e3o do Mercado Char me Chique, evento itinerante que est\u00e1 completando 14 anos em 2023, ao longo dos quais foram realizadas mais de 200 edi\u00e7\u00f5es, que aconteceram em v\u00e1rios bairros de Belo Horizonte, no interior de Minas Gerais e em outros estados brasileiros. As edi\u00e7\u00f5es mensais que, desde 2015, s\u00e3o realizadas na \u00e1rea externa do Museu Ab\u00edlio Barreto, na Cidade Jardim, j\u00e1 se tornaram uma refer\u00eancia de lazer e de cultura na capital.<\/p>\n<p>De acordo com a artes\u00e3 Rita Loureiro, mentora e organizadora do Mercado Charme Chique, as feiras que realiza re\u00fanem artes\u00e3os leg\u00edtimos, n\u00e3o havendo espa\u00e7o para a revenda de produtos industrializados. \u201cImagine um lugar onde a magia do artesanato mineiro ganha vida e conta hist\u00f3rias. \u00c9 exatamente isso que a Feira de Artesanato &amp; Evento Cultural no Anchieta promete. Vai ser um mergulho nos detalhes e encantos que fazem de Minas Gerais um lugar t\u00e3o especial. Mas, n\u00e3o pense que \u00e9 s\u00f3 olhar e pronto. O ambiente ser\u00e1 todo preparado pra gente bater um papo, trocar ideias, e at\u00e9 fazer uma pausa para comer alguma coisa gostosa. Durante os tr\u00eas dias, artes\u00e3os, artistas pl\u00e1sticos, designers e artistas em geral estar\u00e3o se expondo e se entrela\u00e7ando \u00e0 hist\u00f3ria da cidade e de seu cotidiano\u201d, ela promete.<\/p>\n<h5>Ambiente agrad\u00e1vel<\/h5>\n<p>Belas facas artesanais, porcelanas finas ricamente pintadas, artigos em tecido de extremo bom gosto, queijos artesanais de padr\u00e3o elevado e cerveja artesanal da melhor qualidade foram alguns dos muitos produtos que o Comunidade Ativa encontrou na Feira de Artesanato &amp; Evento Cultural de setembro. Al\u00e9m disso, o ambiente estava agrad\u00e1vel, proporcionando \u00f3timas oportunidades para descontrair e para entabular uma conversa, o que deve se repetir em outubro. Ent\u00e3o, fica a dica: n\u00e3o perca a ocasi\u00e3o para fazer compras e encontrar com seus amigos e vizinhos num bom bate-papo.<\/p>\n","protected":false},"excerpt":{"rendered":"<p>A Feira de Artesanato &amp; Evento Cultural que aconteceu no shopping do Anchieta no in\u00edcio de setembro estar\u00e1 de volta<\/p>\n","protected":false},"author":1,"featured_media":4094,"comment_status":"closed","ping_status":"open","sticky":false,"template":"","format":"standard","meta":{"footnotes":""},"categories":[15],"tags":[],"class_list":["post-4068","post","type-post","status-publish","format-standard","has-post-thumbnail","hentry","category-cultura"],"yoast_head":"<!-- This site is optimized with the Yoast SEO plugin v26.0 - https:\/\/yoast.com\/wordpress\/plugins\/seo\/ -->\n<title>Feira de Artesanato &amp; Evento Cultural no Anchieta de 5 a 7 de outubro - Comunidade Ativa<\/title>\n<meta name=\"robots\" content=\"index, follow, max-snippet:-1, max-image-preview:large, max-video-preview:-1\" \/>\n<link rel=\"canonical\" href=\"https:\/\/www.comunidadeativa.jor.br\/index.php\/2023\/10\/03\/feira-de-artesanato-evento-cultural-no-anchieta-de-5-a-7-de-outubro\/\" \/>\n<meta property=\"og:locale\" content=\"pt_BR\" \/>\n<meta property=\"og:type\" content=\"article\" \/>\n<meta property=\"og:title\" content=\"Feira de Artesanato &amp; Evento Cultural no Anchieta de 5 a 7 de outubro - Comunidade Ativa\" \/>\n<meta property=\"og:description\" content=\"A Feira de Artesanato &amp; Evento Cultural que aconteceu no shopping do Anchieta no in\u00edcio de setembro estar\u00e1 de volta\" \/>\n<meta property=\"og:url\" content=\"https:\/\/www.comunidadeativa.jor.br\/index.php\/2023\/10\/03\/feira-de-artesanato-evento-cultural-no-anchieta-de-5-a-7-de-outubro\/\" \/>\n<meta property=\"og:site_name\" content=\"Comunidade Ativa\" \/>\n<meta property=\"article:publisher\" content=\"https:\/\/www.facebook.com\/comunidadeativa\" \/>\n<meta property=\"article:published_time\" content=\"2023-10-03T15:06:13+00:00\" \/>\n<meta property=\"article:modified_time\" content=\"2023-10-03T15:23:04+00:00\" \/>\n<meta property=\"og:image\" content=\"https:\/\/www.comunidadeativa.jor.br\/wp-content\/uploads\/2023\/09\/CAPA-1.jpg\" \/>\n\t<meta property=\"og:image:width\" content=\"800\" \/>\n\t<meta property=\"og:image:height\" content=\"445\" \/>\n\t<meta property=\"og:image:type\" content=\"image\/jpeg\" \/>\n<meta name=\"author\" content=\"Comunidade Ativa\" \/>\n<meta name=\"twitter:card\" content=\"summary_large_image\" \/>\n<meta name=\"twitter:label1\" content=\"Escrito por\" \/>\n\t<meta name=\"twitter:data1\" content=\"Comunidade Ativa\" \/>\n\t<meta name=\"twitter:label2\" content=\"Est. tempo de leitura\" \/>\n\t<meta name=\"twitter:data2\" content=\"2 minutos\" \/>\n<script type=\"application\/ld+json\" class=\"yoast-schema-graph\">{\"@context\":\"https:\/\/schema.org\",\"@graph\":[{\"@type\":\"Article\",\"@id\":\"https:\/\/www.comunidadeativa.jor.br\/index.php\/2023\/10\/03\/feira-de-artesanato-evento-cultural-no-anchieta-de-5-a-7-de-outubro\/#article\",\"isPartOf\":{\"@id\":\"https:\/\/www.comunidadeativa.jor.br\/index.php\/2023\/10\/03\/feira-de-artesanato-evento-cultural-no-anchieta-de-5-a-7-de-outubro\/\"},\"author\":{\"name\":\"Comunidade Ativa\",\"@id\":\"https:\/\/www.comunidadeativa.jor.br\/#\/schema\/person\/dcaa1f1c51c1f0c47a33b2b734cad6e1\"},\"headline\":\"Feira de Artesanato &#038; Evento Cultural no Anchieta de 5 a 7 de outubro\",\"datePublished\":\"2023-10-03T15:06:13+00:00\",\"dateModified\":\"2023-10-03T15:23:04+00:00\",\"mainEntityOfPage\":{\"@id\":\"https:\/\/www.comunidadeativa.jor.br\/index.php\/2023\/10\/03\/feira-de-artesanato-evento-cultural-no-anchieta-de-5-a-7-de-outubro\/\"},\"wordCount\":385,\"publisher\":{\"@id\":\"https:\/\/www.comunidadeativa.jor.br\/#organization\"},\"image\":{\"@id\":\"https:\/\/www.comunidadeativa.jor.br\/index.php\/2023\/10\/03\/feira-de-artesanato-evento-cultural-no-anchieta-de-5-a-7-de-outubro\/#primaryimage\"},\"thumbnailUrl\":\"https:\/\/www.comunidadeativa.jor.br\/wp-content\/uploads\/2023\/09\/CAPA-1.jpg\",\"articleSection\":[\"Cultura\"],\"inLanguage\":\"pt-BR\"},{\"@type\":\"WebPage\",\"@id\":\"https:\/\/www.comunidadeativa.jor.br\/index.php\/2023\/10\/03\/feira-de-artesanato-evento-cultural-no-anchieta-de-5-a-7-de-outubro\/\",\"url\":\"https:\/\/www.comunidadeativa.jor.br\/index.php\/2023\/10\/03\/feira-de-artesanato-evento-cultural-no-anchieta-de-5-a-7-de-outubro\/\",\"name\":\"Feira de Artesanato & Evento Cultural no Anchieta de 5 a 7 de outubro - Comunidade Ativa\",\"isPartOf\":{\"@id\":\"https:\/\/www.comunidadeativa.jor.br\/#website\"},\"primaryImageOfPage\":{\"@id\":\"https:\/\/www.comunidadeativa.jor.br\/index.php\/2023\/10\/03\/feira-de-artesanato-evento-cultural-no-anchieta-de-5-a-7-de-outubro\/#primaryimage\"},\"image\":{\"@id\":\"https:\/\/www.comunidadeativa.jor.br\/index.php\/2023\/10\/03\/feira-de-artesanato-evento-cultural-no-anchieta-de-5-a-7-de-outubro\/#primaryimage\"},\"thumbnailUrl\":\"https:\/\/www.comunidadeativa.jor.br\/wp-content\/uploads\/2023\/09\/CAPA-1.jpg\",\"datePublished\":\"2023-10-03T15:06:13+00:00\",\"dateModified\":\"2023-10-03T15:23:04+00:00\",\"breadcrumb\":{\"@id\":\"https:\/\/www.comunidadeativa.jor.br\/index.php\/2023\/10\/03\/feira-de-artesanato-evento-cultural-no-anchieta-de-5-a-7-de-outubro\/#breadcrumb\"},\"inLanguage\":\"pt-BR\",\"potentialAction\":[{\"@type\":\"ReadAction\",\"target\":[\"https:\/\/www.comunidadeativa.jor.br\/index.php\/2023\/10\/03\/feira-de-artesanato-evento-cultural-no-anchieta-de-5-a-7-de-outubro\/\"]}]},{\"@type\":\"ImageObject\",\"inLanguage\":\"pt-BR\",\"@id\":\"https:\/\/www.comunidadeativa.jor.br\/index.php\/2023\/10\/03\/feira-de-artesanato-evento-cultural-no-anchieta-de-5-a-7-de-outubro\/#primaryimage\",\"url\":\"https:\/\/www.comunidadeativa.jor.br\/wp-content\/uploads\/2023\/09\/CAPA-1.jpg\",\"contentUrl\":\"https:\/\/www.comunidadeativa.jor.br\/wp-content\/uploads\/2023\/09\/CAPA-1.jpg\",\"width\":800,\"height\":445},{\"@type\":\"BreadcrumbList\",\"@id\":\"https:\/\/www.comunidadeativa.jor.br\/index.php\/2023\/10\/03\/feira-de-artesanato-evento-cultural-no-anchieta-de-5-a-7-de-outubro\/#breadcrumb\",\"itemListElement\":[{\"@type\":\"ListItem\",\"position\":1,\"name\":\"In\u00edcio\",\"item\":\"https:\/\/www.comunidadeativa.jor.br\/\"},{\"@type\":\"ListItem\",\"position\":2,\"name\":\"Feira de Artesanato &#038; Evento Cultural no Anchieta de 5 a 7 de outubro\"}]},{\"@type\":\"WebSite\",\"@id\":\"https:\/\/www.comunidadeativa.jor.br\/#website\",\"url\":\"https:\/\/www.comunidadeativa.jor.br\/\",\"name\":\"Comunidade Ativa\",\"description\":\"\",\"publisher\":{\"@id\":\"https:\/\/www.comunidadeativa.jor.br\/#organization\"},\"potentialAction\":[{\"@type\":\"SearchAction\",\"target\":{\"@type\":\"EntryPoint\",\"urlTemplate\":\"https:\/\/www.comunidadeativa.jor.br\/?s={search_term_string}\"},\"query-input\":{\"@type\":\"PropertyValueSpecification\",\"valueRequired\":true,\"valueName\":\"search_term_string\"}}],\"inLanguage\":\"pt-BR\"},{\"@type\":\"Organization\",\"@id\":\"https:\/\/www.comunidadeativa.jor.br\/#organization\",\"name\":\"Comunidade Ativa\",\"url\":\"https:\/\/www.comunidadeativa.jor.br\/\",\"logo\":{\"@type\":\"ImageObject\",\"inLanguage\":\"pt-BR\",\"@id\":\"https:\/\/www.comunidadeativa.jor.br\/#\/schema\/logo\/image\/\",\"url\":\"https:\/\/www.comunidadeativa.jor.br\/wp-content\/uploads\/2018\/03\/cropped-LOGOPNG-1.png\",\"contentUrl\":\"https:\/\/www.comunidadeativa.jor.br\/wp-content\/uploads\/2018\/03\/cropped-LOGOPNG-1.png\",\"width\":318,\"height\":90,\"caption\":\"Comunidade Ativa\"},\"image\":{\"@id\":\"https:\/\/www.comunidadeativa.jor.br\/#\/schema\/logo\/image\/\"},\"sameAs\":[\"https:\/\/www.facebook.com\/comunidadeativa\"]},{\"@type\":\"Person\",\"@id\":\"https:\/\/www.comunidadeativa.jor.br\/#\/schema\/person\/dcaa1f1c51c1f0c47a33b2b734cad6e1\",\"name\":\"Comunidade Ativa\",\"image\":{\"@type\":\"ImageObject\",\"inLanguage\":\"pt-BR\",\"@id\":\"https:\/\/www.comunidadeativa.jor.br\/#\/schema\/person\/image\/\",\"url\":\"https:\/\/secure.gravatar.com\/avatar\/09a9a1f85fedf41e81b47f7c1d40084f?s=96&d=mm&r=g\",\"contentUrl\":\"https:\/\/secure.gravatar.com\/avatar\/09a9a1f85fedf41e81b47f7c1d40084f?s=96&d=mm&r=g\",\"caption\":\"Comunidade Ativa\"},\"url\":\"https:\/\/www.comunidadeativa.jor.br\/index.php\/author\/casalberto\/\"}]}<\/script>\n<!-- \/ Yoast SEO plugin. -->","yoast_head_json":{"title":"Feira de Artesanato & Evento Cultural no Anchieta de 5 a 7 de outubro - Comunidade Ativa","robots":{"index":"index","follow":"follow","max-snippet":"max-snippet:-1","max-image-preview":"max-image-preview:large","max-video-preview":"max-video-preview:-1"},"canonical":"https:\/\/www.comunidadeativa.jor.br\/index.php\/2023\/10\/03\/feira-de-artesanato-evento-cultural-no-anchieta-de-5-a-7-de-outubro\/","og_locale":"pt_BR","og_type":"article","og_title":"Feira de Artesanato & Evento Cultural no Anchieta de 5 a 7 de outubro - Comunidade Ativa","og_description":"A Feira de Artesanato &amp; Evento Cultural que aconteceu no shopping do Anchieta no in\u00edcio de setembro estar\u00e1 de volta","og_url":"https:\/\/www.comunidadeativa.jor.br\/index.php\/2023\/10\/03\/feira-de-artesanato-evento-cultural-no-anchieta-de-5-a-7-de-outubro\/","og_site_name":"Comunidade Ativa","article_publisher":"https:\/\/www.facebook.com\/comunidadeativa","article_published_time":"2023-10-03T15:06:13+00:00","article_modified_time":"2023-10-03T15:23:04+00:00","og_image":[{"width":800,"height":445,"url":"https:\/\/www.comunidadeativa.jor.br\/wp-content\/uploads\/2023\/09\/CAPA-1.jpg","type":"image\/jpeg"}],"author":"Comunidade Ativa","twitter_card":"summary_large_image","twitter_misc":{"Escrito por":"Comunidade Ativa","Est. tempo de leitura":"2 minutos"},"schema":{"@context":"https:\/\/schema.org","@graph":[{"@type":"Article","@id":"https:\/\/www.comunidadeativa.jor.br\/index.php\/2023\/10\/03\/feira-de-artesanato-evento-cultural-no-anchieta-de-5-a-7-de-outubro\/#article","isPartOf":{"@id":"https:\/\/www.comunidadeativa.jor.br\/index.php\/2023\/10\/03\/feira-de-artesanato-evento-cultural-no-anchieta-de-5-a-7-de-outubro\/"},"author":{"name":"Comunidade Ativa","@id":"https:\/\/www.comunidadeativa.jor.br\/#\/schema\/person\/dcaa1f1c51c1f0c47a33b2b734cad6e1"},"headline":"Feira de Artesanato &#038; Evento Cultural no Anchieta de 5 a 7 de outubro","datePublished":"2023-10-03T15:06:13+00:00","dateModified":"2023-10-03T15:23:04+00:00","mainEntityOfPage":{"@id":"https:\/\/www.comunidadeativa.jor.br\/index.php\/2023\/10\/03\/feira-de-artesanato-evento-cultural-no-anchieta-de-5-a-7-de-outubro\/"},"wordCount":385,"publisher":{"@id":"https:\/\/www.comunidadeativa.jor.br\/#organization"},"image":{"@id":"https:\/\/www.comunidadeativa.jor.br\/index.php\/2023\/10\/03\/feira-de-artesanato-evento-cultural-no-anchieta-de-5-a-7-de-outubro\/#primaryimage"},"thumbnailUrl":"https:\/\/www.comunidadeativa.jor.br\/wp-content\/uploads\/2023\/09\/CAPA-1.jpg","articleSection":["Cultura"],"inLanguage":"pt-BR"},{"@type":"WebPage","@id":"https:\/\/www.comunidadeativa.jor.br\/index.php\/2023\/10\/03\/feira-de-artesanato-evento-cultural-no-anchieta-de-5-a-7-de-outubro\/","url":"https:\/\/www.comunidadeativa.jor.br\/index.php\/2023\/10\/03\/feira-de-artesanato-evento-cultural-no-anchieta-de-5-a-7-de-outubro\/","name":"Feira de Artesanato & Evento Cultural no Anchieta de 5 a 7 de outubro - Comunidade Ativa","isPartOf":{"@id":"https:\/\/www.comunidadeativa.jor.br\/#website"},"primaryImageOfPage":{"@id":"https:\/\/www.comunidadeativa.jor.br\/index.php\/2023\/10\/03\/feira-de-artesanato-evento-cultural-no-anchieta-de-5-a-7-de-outubro\/#primaryimage"},"image":{"@id":"https:\/\/www.comunidadeativa.jor.br\/index.php\/2023\/10\/03\/feira-de-artesanato-evento-cultural-no-anchieta-de-5-a-7-de-outubro\/#primaryimage"},"thumbnailUrl":"https:\/\/www.comunidadeativa.jor.br\/wp-content\/uploads\/2023\/09\/CAPA-1.jpg","datePublished":"2023-10-03T15:06:13+00:00","dateModified":"2023-10-03T15:23:04+00:00","breadcrumb":{"@id":"https:\/\/www.comunidadeativa.jor.br\/index.php\/2023\/10\/03\/feira-de-artesanato-evento-cultural-no-anchieta-de-5-a-7-de-outubro\/#breadcrumb"},"inLanguage":"pt-BR","potentialAction":[{"@type":"ReadAction","target":["https:\/\/www.comunidadeativa.jor.br\/index.php\/2023\/10\/03\/feira-de-artesanato-evento-cultural-no-anchieta-de-5-a-7-de-outubro\/"]}]},{"@type":"ImageObject","inLanguage":"pt-BR","@id":"https:\/\/www.comunidadeativa.jor.br\/index.php\/2023\/10\/03\/feira-de-artesanato-evento-cultural-no-anchieta-de-5-a-7-de-outubro\/#primaryimage","url":"https:\/\/www.comunidadeativa.jor.br\/wp-content\/uploads\/2023\/09\/CAPA-1.jpg","contentUrl":"https:\/\/www.comunidadeativa.jor.br\/wp-content\/uploads\/2023\/09\/CAPA-1.jpg","width":800,"height":445},{"@type":"BreadcrumbList","@id":"https:\/\/www.comunidadeativa.jor.br\/index.php\/2023\/10\/03\/feira-de-artesanato-evento-cultural-no-anchieta-de-5-a-7-de-outubro\/#breadcrumb","itemListElement":[{"@type":"ListItem","position":1,"name":"In\u00edcio","item":"https:\/\/www.comunidadeativa.jor.br\/"},{"@type":"ListItem","position":2,"name":"Feira de Artesanato &#038; Evento Cultural no Anchieta de 5 a 7 de outubro"}]},{"@type":"WebSite","@id":"https:\/\/www.comunidadeativa.jor.br\/#website","url":"https:\/\/www.comunidadeativa.jor.br\/","name":"Comunidade Ativa","description":"","publisher":{"@id":"https:\/\/www.comunidadeativa.jor.br\/#organization"},"potentialAction":[{"@type":"SearchAction","target":{"@type":"EntryPoint","urlTemplate":"https:\/\/www.comunidadeativa.jor.br\/?s={search_term_string}"},"query-input":{"@type":"PropertyValueSpecification","valueRequired":true,"valueName":"search_term_string"}}],"inLanguage":"pt-BR"},{"@type":"Organization","@id":"https:\/\/www.comunidadeativa.jor.br\/#organization","name":"Comunidade Ativa","url":"https:\/\/www.comunidadeativa.jor.br\/","logo":{"@type":"ImageObject","inLanguage":"pt-BR","@id":"https:\/\/www.comunidadeativa.jor.br\/#\/schema\/logo\/image\/","url":"https:\/\/www.comunidadeativa.jor.br\/wp-content\/uploads\/2018\/03\/cropped-LOGOPNG-1.png","contentUrl":"https:\/\/www.comunidadeativa.jor.br\/wp-content\/uploads\/2018\/03\/cropped-LOGOPNG-1.png","width":318,"height":90,"caption":"Comunidade Ativa"},"image":{"@id":"https:\/\/www.comunidadeativa.jor.br\/#\/schema\/logo\/image\/"},"sameAs":["https:\/\/www.facebook.com\/comunidadeativa"]},{"@type":"Person","@id":"https:\/\/www.comunidadeativa.jor.br\/#\/schema\/person\/dcaa1f1c51c1f0c47a33b2b734cad6e1","name":"Comunidade Ativa","image":{"@type":"ImageObject","inLanguage":"pt-BR","@id":"https:\/\/www.comunidadeativa.jor.br\/#\/schema\/person\/image\/","url":"https:\/\/secure.gravatar.com\/avatar\/09a9a1f85fedf41e81b47f7c1d40084f?s=96&d=mm&r=g","contentUrl":"https:\/\/secure.gravatar.com\/avatar\/09a9a1f85fedf41e81b47f7c1d40084f?s=96&d=mm&r=g","caption":"Comunidade Ativa"},"url":"https:\/\/www.comunidadeativa.jor.br\/index.php\/author\/casalberto\/"}]}},"_links":{"self":[{"href":"https:\/\/www.comunidadeativa.jor.br\/index.php\/wp-json\/wp\/v2\/posts\/4068","targetHints":{"allow":["GET"]}}],"collection":[{"href":"https:\/\/www.comunidadeativa.jor.br\/index.php\/wp-json\/wp\/v2\/posts"}],"about":[{"href":"https:\/\/www.comunidadeativa.jor.br\/index.php\/wp-json\/wp\/v2\/types\/post"}],"author":[{"embeddable":true,"href":"https:\/\/www.comunidadeativa.jor.br\/index.php\/wp-json\/wp\/v2\/users\/1"}],"replies":[{"embeddable":true,"href":"https:\/\/www.comunidadeativa.jor.br\/index.php\/wp-json\/wp\/v2\/comments?post=4068"}],"version-history":[{"count":2,"href":"https:\/\/www.comunidadeativa.jor.br\/index.php\/wp-json\/wp\/v2\/posts\/4068\/revisions"}],"predecessor-version":[{"id":4095,"href":"https:\/\/www.comunidadeativa.jor.br\/index.php\/wp-json\/wp\/v2\/posts\/4068\/revisions\/4095"}],"wp:featuredmedia":[{"embeddable":true,"href":"https:\/\/www.comunidadeativa.jor.br\/index.php\/wp-json\/wp\/v2\/media\/4094"}],"wp:attachment":[{"href":"https:\/\/www.comunidadeativa.jor.br\/index.php\/wp-json\/wp\/v2\/media?parent=4068"}],"wp:term":[{"taxonomy":"category","embeddable":true,"href":"https:\/\/www.comunidadeativa.jor.br\/index.php\/wp-json\/wp\/v2\/categories?post=4068"},{"taxonomy":"post_tag","embeddable":true,"href":"https:\/\/www.comunidadeativa.jor.br\/index.php\/wp-json\/wp\/v2\/tags?post=4068"}],"curies":[{"name":"wp","href":"https:\/\/api.w.org\/{rel}","templated":true}]}}