{"id":4078,"date":"2023-10-16T10:00:37","date_gmt":"2023-10-16T13:00:37","guid":{"rendered":"https:\/\/www.comunidadeativa.jor.br\/?p=4078"},"modified":"2023-10-09T19:14:02","modified_gmt":"2023-10-09T22:14:02","slug":"a-atencao-com-as-habilidades-socioemocionais-na-educacao","status":"publish","type":"post","link":"https:\/\/www.comunidadeativa.jor.br\/index.php\/2023\/10\/16\/a-atencao-com-as-habilidades-socioemocionais-na-educacao\/","title":{"rendered":"A aten\u00e7\u00e3o com as habilidades socioemocionais na educa\u00e7\u00e3o"},"content":{"rendered":"<p>Post patrocinado pelo <a href=\"https:\/\/anchieta.colegioarnaldo.com.br\/\">Col\u00e9gio Arnaldo<\/a><\/p>\n<p>No intrincado mundo da educa\u00e7\u00e3o, em que cada aula e cada atividade t\u00eam potencial para moldar o futuro, h\u00e1 uma verdade que se torna gradativamente mais evidente: n\u00e3o basta apenas encher os alunos com fatos e f\u00f3rmulas. Tamb\u00e9m \u00e9 necess\u00e1rio nutri-los com aspectos da viv\u00eancia humana, isto \u00e9, com habilidades socioemocionais.<\/p>\n<h5>Al\u00e9m do discurso<\/h5>\n<p>Nesse sentido, \u00e9 vital que tais habilidades estejam na ess\u00eancia da educa\u00e7\u00e3o escolar. Afinal, mais do que estudantes, a escola deve preparar cidad\u00e3os prontos para encarar os desafios da vida e do mercado de trabalho.<br \/>\nEntretanto, segundo Eldo Pena Couto, diretor do Col\u00e9gio Arnaldo e autor de livros e artigos sobre o tema, n\u00e3o basta dizer que uma institui\u00e7\u00e3o estimula as habilidades socioemocionais. \u201cPara garantir sua efetiva implanta\u00e7\u00e3o na rotina dos estudantes, \u00e9 necess\u00e1rio incorporar o trabalho com as compet\u00eancias \u00e0 matriz curricular e capacitar a equipe\u201d, afirma.<\/p>\n<p>Ele conta que o Col\u00e9gio Arnaldo criou um projeto para atender a essa necessidade e, para tanto, baseou-se nas teorias dos tra\u00e7os de personalidade mais amplamente aceitas pelos psic\u00f3logos. A partir disso, o col\u00e9gio listou compet\u00eancias relevantes para a comunidade escolar e relacionou-as a um conjunto de habilidades socioemocionais, a fim de desenvolver as a\u00e7\u00f5es pedag\u00f3gicas e formativas.<\/p>\n<p>O diretor elucida a relev\u00e2ncia do trabalho socioemocional. \u201cDevemos preparar os alunos para os diversos desafios da vida, como a gest\u00e3o das emo\u00e7\u00f5es, os limites e efeitos da intera\u00e7\u00e3o com o outro e com o meio, a responsabilidade com os compromissos. E tudo isso reflete na melhora do desempenho acad\u00eamico\u201d.<\/p>\n<h5>Parceria<\/h5>\n<p>De acordo com Eldo, a atua\u00e7\u00e3o da escola na educa\u00e7\u00e3o integral do indiv\u00edduo \u00e9 uma demanda das fam\u00edlias e da sociedade. \u201cNesse mundo que se descortina com novas descobertas e diferentes intera\u00e7\u00f5es, assegurar a forma \u00e7\u00e3o e o desenvolvimento f\u00edsico, intelectual e moral do ser humano \u2014 educar, portanto \u2014 \u00e9 papel de todos. Precisamos unir for\u00e7as para atingirmos o objetivo maior de cuidar das crian\u00e7as e dos jovens em prol de uma sociedade menos superficial e mais equilibrada e feliz\u201d, conclui o diretor.<\/p>\n","protected":false},"excerpt":{"rendered":"<p>Post patrocinado pelo Col\u00e9gio Arnaldo No intrincado mundo da educa\u00e7\u00e3o, em que cada aula e cada atividade t\u00eam potencial para<\/p>\n","protected":false},"author":1,"featured_media":4107,"comment_status":"closed","ping_status":"open","sticky":false,"template":"","format":"standard","meta":{"footnotes":""},"categories":[15],"tags":[],"class_list":["post-4078","post","type-post","status-publish","format-standard","has-post-thumbnail","hentry","category-cultura"],"yoast_head":"<!-- This site is optimized with the Yoast SEO plugin v26.0 - https:\/\/yoast.com\/wordpress\/plugins\/seo\/ -->\n<title>A aten\u00e7\u00e3o com as habilidades socioemocionais na educa\u00e7\u00e3o - Comunidade Ativa<\/title>\n<meta name=\"robots\" content=\"index, follow, max-snippet:-1, max-image-preview:large, max-video-preview:-1\" \/>\n<link rel=\"canonical\" href=\"https:\/\/www.comunidadeativa.jor.br\/index.php\/2023\/10\/16\/a-atencao-com-as-habilidades-socioemocionais-na-educacao\/\" \/>\n<meta property=\"og:locale\" content=\"pt_BR\" \/>\n<meta property=\"og:type\" content=\"article\" \/>\n<meta property=\"og:title\" content=\"A aten\u00e7\u00e3o com as habilidades socioemocionais na educa\u00e7\u00e3o - Comunidade Ativa\" \/>\n<meta property=\"og:description\" content=\"Post patrocinado pelo Col\u00e9gio Arnaldo No intrincado mundo da educa\u00e7\u00e3o, em que cada aula e cada atividade t\u00eam potencial para\" \/>\n<meta property=\"og:url\" content=\"https:\/\/www.comunidadeativa.jor.br\/index.php\/2023\/10\/16\/a-atencao-com-as-habilidades-socioemocionais-na-educacao\/\" \/>\n<meta property=\"og:site_name\" content=\"Comunidade Ativa\" \/>\n<meta property=\"article:publisher\" content=\"https:\/\/www.facebook.com\/comunidadeativa\" \/>\n<meta property=\"article:published_time\" content=\"2023-10-16T13:00:37+00:00\" \/>\n<meta property=\"og:image\" content=\"https:\/\/www.comunidadeativa.jor.br\/wp-content\/uploads\/2023\/10\/CAPA-5.jpg\" \/>\n\t<meta property=\"og:image:width\" content=\"800\" \/>\n\t<meta property=\"og:image:height\" content=\"445\" \/>\n\t<meta property=\"og:image:type\" content=\"image\/jpeg\" \/>\n<meta name=\"author\" content=\"Comunidade Ativa\" \/>\n<meta name=\"twitter:card\" content=\"summary_large_image\" \/>\n<meta name=\"twitter:label1\" content=\"Escrito por\" \/>\n\t<meta name=\"twitter:data1\" content=\"Comunidade Ativa\" \/>\n\t<meta name=\"twitter:label2\" content=\"Est. tempo de leitura\" \/>\n\t<meta name=\"twitter:data2\" content=\"2 minutos\" \/>\n<script type=\"application\/ld+json\" class=\"yoast-schema-graph\">{\"@context\":\"https:\/\/schema.org\",\"@graph\":[{\"@type\":\"Article\",\"@id\":\"https:\/\/www.comunidadeativa.jor.br\/index.php\/2023\/10\/16\/a-atencao-com-as-habilidades-socioemocionais-na-educacao\/#article\",\"isPartOf\":{\"@id\":\"https:\/\/www.comunidadeativa.jor.br\/index.php\/2023\/10\/16\/a-atencao-com-as-habilidades-socioemocionais-na-educacao\/\"},\"author\":{\"name\":\"Comunidade Ativa\",\"@id\":\"https:\/\/www.comunidadeativa.jor.br\/#\/schema\/person\/dcaa1f1c51c1f0c47a33b2b734cad6e1\"},\"headline\":\"A aten\u00e7\u00e3o com as habilidades socioemocionais na educa\u00e7\u00e3o\",\"datePublished\":\"2023-10-16T13:00:37+00:00\",\"mainEntityOfPage\":{\"@id\":\"https:\/\/www.comunidadeativa.jor.br\/index.php\/2023\/10\/16\/a-atencao-com-as-habilidades-socioemocionais-na-educacao\/\"},\"wordCount\":379,\"publisher\":{\"@id\":\"https:\/\/www.comunidadeativa.jor.br\/#organization\"},\"image\":{\"@id\":\"https:\/\/www.comunidadeativa.jor.br\/index.php\/2023\/10\/16\/a-atencao-com-as-habilidades-socioemocionais-na-educacao\/#primaryimage\"},\"thumbnailUrl\":\"https:\/\/www.comunidadeativa.jor.br\/wp-content\/uploads\/2023\/10\/CAPA-5.jpg\",\"articleSection\":[\"Cultura\"],\"inLanguage\":\"pt-BR\"},{\"@type\":\"WebPage\",\"@id\":\"https:\/\/www.comunidadeativa.jor.br\/index.php\/2023\/10\/16\/a-atencao-com-as-habilidades-socioemocionais-na-educacao\/\",\"url\":\"https:\/\/www.comunidadeativa.jor.br\/index.php\/2023\/10\/16\/a-atencao-com-as-habilidades-socioemocionais-na-educacao\/\",\"name\":\"A aten\u00e7\u00e3o com as habilidades socioemocionais na educa\u00e7\u00e3o - Comunidade Ativa\",\"isPartOf\":{\"@id\":\"https:\/\/www.comunidadeativa.jor.br\/#website\"},\"primaryImageOfPage\":{\"@id\":\"https:\/\/www.comunidadeativa.jor.br\/index.php\/2023\/10\/16\/a-atencao-com-as-habilidades-socioemocionais-na-educacao\/#primaryimage\"},\"image\":{\"@id\":\"https:\/\/www.comunidadeativa.jor.br\/index.php\/2023\/10\/16\/a-atencao-com-as-habilidades-socioemocionais-na-educacao\/#primaryimage\"},\"thumbnailUrl\":\"https:\/\/www.comunidadeativa.jor.br\/wp-content\/uploads\/2023\/10\/CAPA-5.jpg\",\"datePublished\":\"2023-10-16T13:00:37+00:00\",\"breadcrumb\":{\"@id\":\"https:\/\/www.comunidadeativa.jor.br\/index.php\/2023\/10\/16\/a-atencao-com-as-habilidades-socioemocionais-na-educacao\/#breadcrumb\"},\"inLanguage\":\"pt-BR\",\"potentialAction\":[{\"@type\":\"ReadAction\",\"target\":[\"https:\/\/www.comunidadeativa.jor.br\/index.php\/2023\/10\/16\/a-atencao-com-as-habilidades-socioemocionais-na-educacao\/\"]}]},{\"@type\":\"ImageObject\",\"inLanguage\":\"pt-BR\",\"@id\":\"https:\/\/www.comunidadeativa.jor.br\/index.php\/2023\/10\/16\/a-atencao-com-as-habilidades-socioemocionais-na-educacao\/#primaryimage\",\"url\":\"https:\/\/www.comunidadeativa.jor.br\/wp-content\/uploads\/2023\/10\/CAPA-5.jpg\",\"contentUrl\":\"https:\/\/www.comunidadeativa.jor.br\/wp-content\/uploads\/2023\/10\/CAPA-5.jpg\",\"width\":800,\"height\":445},{\"@type\":\"BreadcrumbList\",\"@id\":\"https:\/\/www.comunidadeativa.jor.br\/index.php\/2023\/10\/16\/a-atencao-com-as-habilidades-socioemocionais-na-educacao\/#breadcrumb\",\"itemListElement\":[{\"@type\":\"ListItem\",\"position\":1,\"name\":\"In\u00edcio\",\"item\":\"https:\/\/www.comunidadeativa.jor.br\/\"},{\"@type\":\"ListItem\",\"position\":2,\"name\":\"A aten\u00e7\u00e3o com as habilidades socioemocionais na educa\u00e7\u00e3o\"}]},{\"@type\":\"WebSite\",\"@id\":\"https:\/\/www.comunidadeativa.jor.br\/#website\",\"url\":\"https:\/\/www.comunidadeativa.jor.br\/\",\"name\":\"Comunidade Ativa\",\"description\":\"\",\"publisher\":{\"@id\":\"https:\/\/www.comunidadeativa.jor.br\/#organization\"},\"potentialAction\":[{\"@type\":\"SearchAction\",\"target\":{\"@type\":\"EntryPoint\",\"urlTemplate\":\"https:\/\/www.comunidadeativa.jor.br\/?s={search_term_string}\"},\"query-input\":{\"@type\":\"PropertyValueSpecification\",\"valueRequired\":true,\"valueName\":\"search_term_string\"}}],\"inLanguage\":\"pt-BR\"},{\"@type\":\"Organization\",\"@id\":\"https:\/\/www.comunidadeativa.jor.br\/#organization\",\"name\":\"Comunidade Ativa\",\"url\":\"https:\/\/www.comunidadeativa.jor.br\/\",\"logo\":{\"@type\":\"ImageObject\",\"inLanguage\":\"pt-BR\",\"@id\":\"https:\/\/www.comunidadeativa.jor.br\/#\/schema\/logo\/image\/\",\"url\":\"https:\/\/www.comunidadeativa.jor.br\/wp-content\/uploads\/2018\/03\/cropped-LOGOPNG-1.png\",\"contentUrl\":\"https:\/\/www.comunidadeativa.jor.br\/wp-content\/uploads\/2018\/03\/cropped-LOGOPNG-1.png\",\"width\":318,\"height\":90,\"caption\":\"Comunidade Ativa\"},\"image\":{\"@id\":\"https:\/\/www.comunidadeativa.jor.br\/#\/schema\/logo\/image\/\"},\"sameAs\":[\"https:\/\/www.facebook.com\/comunidadeativa\"]},{\"@type\":\"Person\",\"@id\":\"https:\/\/www.comunidadeativa.jor.br\/#\/schema\/person\/dcaa1f1c51c1f0c47a33b2b734cad6e1\",\"name\":\"Comunidade Ativa\",\"image\":{\"@type\":\"ImageObject\",\"inLanguage\":\"pt-BR\",\"@id\":\"https:\/\/www.comunidadeativa.jor.br\/#\/schema\/person\/image\/\",\"url\":\"https:\/\/secure.gravatar.com\/avatar\/09a9a1f85fedf41e81b47f7c1d40084f?s=96&d=mm&r=g\",\"contentUrl\":\"https:\/\/secure.gravatar.com\/avatar\/09a9a1f85fedf41e81b47f7c1d40084f?s=96&d=mm&r=g\",\"caption\":\"Comunidade Ativa\"},\"url\":\"https:\/\/www.comunidadeativa.jor.br\/index.php\/author\/casalberto\/\"}]}<\/script>\n<!-- \/ Yoast SEO plugin. -->","yoast_head_json":{"title":"A aten\u00e7\u00e3o com as habilidades socioemocionais na educa\u00e7\u00e3o - Comunidade Ativa","robots":{"index":"index","follow":"follow","max-snippet":"max-snippet:-1","max-image-preview":"max-image-preview:large","max-video-preview":"max-video-preview:-1"},"canonical":"https:\/\/www.comunidadeativa.jor.br\/index.php\/2023\/10\/16\/a-atencao-com-as-habilidades-socioemocionais-na-educacao\/","og_locale":"pt_BR","og_type":"article","og_title":"A aten\u00e7\u00e3o com as habilidades socioemocionais na educa\u00e7\u00e3o - Comunidade Ativa","og_description":"Post patrocinado pelo Col\u00e9gio Arnaldo No intrincado mundo da educa\u00e7\u00e3o, em que cada aula e cada atividade t\u00eam potencial para","og_url":"https:\/\/www.comunidadeativa.jor.br\/index.php\/2023\/10\/16\/a-atencao-com-as-habilidades-socioemocionais-na-educacao\/","og_site_name":"Comunidade Ativa","article_publisher":"https:\/\/www.facebook.com\/comunidadeativa","article_published_time":"2023-10-16T13:00:37+00:00","og_image":[{"width":800,"height":445,"url":"https:\/\/www.comunidadeativa.jor.br\/wp-content\/uploads\/2023\/10\/CAPA-5.jpg","type":"image\/jpeg"}],"author":"Comunidade Ativa","twitter_card":"summary_large_image","twitter_misc":{"Escrito por":"Comunidade Ativa","Est. tempo de leitura":"2 minutos"},"schema":{"@context":"https:\/\/schema.org","@graph":[{"@type":"Article","@id":"https:\/\/www.comunidadeativa.jor.br\/index.php\/2023\/10\/16\/a-atencao-com-as-habilidades-socioemocionais-na-educacao\/#article","isPartOf":{"@id":"https:\/\/www.comunidadeativa.jor.br\/index.php\/2023\/10\/16\/a-atencao-com-as-habilidades-socioemocionais-na-educacao\/"},"author":{"name":"Comunidade Ativa","@id":"https:\/\/www.comunidadeativa.jor.br\/#\/schema\/person\/dcaa1f1c51c1f0c47a33b2b734cad6e1"},"headline":"A aten\u00e7\u00e3o com as habilidades socioemocionais na educa\u00e7\u00e3o","datePublished":"2023-10-16T13:00:37+00:00","mainEntityOfPage":{"@id":"https:\/\/www.comunidadeativa.jor.br\/index.php\/2023\/10\/16\/a-atencao-com-as-habilidades-socioemocionais-na-educacao\/"},"wordCount":379,"publisher":{"@id":"https:\/\/www.comunidadeativa.jor.br\/#organization"},"image":{"@id":"https:\/\/www.comunidadeativa.jor.br\/index.php\/2023\/10\/16\/a-atencao-com-as-habilidades-socioemocionais-na-educacao\/#primaryimage"},"thumbnailUrl":"https:\/\/www.comunidadeativa.jor.br\/wp-content\/uploads\/2023\/10\/CAPA-5.jpg","articleSection":["Cultura"],"inLanguage":"pt-BR"},{"@type":"WebPage","@id":"https:\/\/www.comunidadeativa.jor.br\/index.php\/2023\/10\/16\/a-atencao-com-as-habilidades-socioemocionais-na-educacao\/","url":"https:\/\/www.comunidadeativa.jor.br\/index.php\/2023\/10\/16\/a-atencao-com-as-habilidades-socioemocionais-na-educacao\/","name":"A aten\u00e7\u00e3o com as habilidades socioemocionais na educa\u00e7\u00e3o - Comunidade Ativa","isPartOf":{"@id":"https:\/\/www.comunidadeativa.jor.br\/#website"},"primaryImageOfPage":{"@id":"https:\/\/www.comunidadeativa.jor.br\/index.php\/2023\/10\/16\/a-atencao-com-as-habilidades-socioemocionais-na-educacao\/#primaryimage"},"image":{"@id":"https:\/\/www.comunidadeativa.jor.br\/index.php\/2023\/10\/16\/a-atencao-com-as-habilidades-socioemocionais-na-educacao\/#primaryimage"},"thumbnailUrl":"https:\/\/www.comunidadeativa.jor.br\/wp-content\/uploads\/2023\/10\/CAPA-5.jpg","datePublished":"2023-10-16T13:00:37+00:00","breadcrumb":{"@id":"https:\/\/www.comunidadeativa.jor.br\/index.php\/2023\/10\/16\/a-atencao-com-as-habilidades-socioemocionais-na-educacao\/#breadcrumb"},"inLanguage":"pt-BR","potentialAction":[{"@type":"ReadAction","target":["https:\/\/www.comunidadeativa.jor.br\/index.php\/2023\/10\/16\/a-atencao-com-as-habilidades-socioemocionais-na-educacao\/"]}]},{"@type":"ImageObject","inLanguage":"pt-BR","@id":"https:\/\/www.comunidadeativa.jor.br\/index.php\/2023\/10\/16\/a-atencao-com-as-habilidades-socioemocionais-na-educacao\/#primaryimage","url":"https:\/\/www.comunidadeativa.jor.br\/wp-content\/uploads\/2023\/10\/CAPA-5.jpg","contentUrl":"https:\/\/www.comunidadeativa.jor.br\/wp-content\/uploads\/2023\/10\/CAPA-5.jpg","width":800,"height":445},{"@type":"BreadcrumbList","@id":"https:\/\/www.comunidadeativa.jor.br\/index.php\/2023\/10\/16\/a-atencao-com-as-habilidades-socioemocionais-na-educacao\/#breadcrumb","itemListElement":[{"@type":"ListItem","position":1,"name":"In\u00edcio","item":"https:\/\/www.comunidadeativa.jor.br\/"},{"@type":"ListItem","position":2,"name":"A aten\u00e7\u00e3o com as habilidades socioemocionais na educa\u00e7\u00e3o"}]},{"@type":"WebSite","@id":"https:\/\/www.comunidadeativa.jor.br\/#website","url":"https:\/\/www.comunidadeativa.jor.br\/","name":"Comunidade Ativa","description":"","publisher":{"@id":"https:\/\/www.comunidadeativa.jor.br\/#organization"},"potentialAction":[{"@type":"SearchAction","target":{"@type":"EntryPoint","urlTemplate":"https:\/\/www.comunidadeativa.jor.br\/?s={search_term_string}"},"query-input":{"@type":"PropertyValueSpecification","valueRequired":true,"valueName":"search_term_string"}}],"inLanguage":"pt-BR"},{"@type":"Organization","@id":"https:\/\/www.comunidadeativa.jor.br\/#organization","name":"Comunidade Ativa","url":"https:\/\/www.comunidadeativa.jor.br\/","logo":{"@type":"ImageObject","inLanguage":"pt-BR","@id":"https:\/\/www.comunidadeativa.jor.br\/#\/schema\/logo\/image\/","url":"https:\/\/www.comunidadeativa.jor.br\/wp-content\/uploads\/2018\/03\/cropped-LOGOPNG-1.png","contentUrl":"https:\/\/www.comunidadeativa.jor.br\/wp-content\/uploads\/2018\/03\/cropped-LOGOPNG-1.png","width":318,"height":90,"caption":"Comunidade Ativa"},"image":{"@id":"https:\/\/www.comunidadeativa.jor.br\/#\/schema\/logo\/image\/"},"sameAs":["https:\/\/www.facebook.com\/comunidadeativa"]},{"@type":"Person","@id":"https:\/\/www.comunidadeativa.jor.br\/#\/schema\/person\/dcaa1f1c51c1f0c47a33b2b734cad6e1","name":"Comunidade Ativa","image":{"@type":"ImageObject","inLanguage":"pt-BR","@id":"https:\/\/www.comunidadeativa.jor.br\/#\/schema\/person\/image\/","url":"https:\/\/secure.gravatar.com\/avatar\/09a9a1f85fedf41e81b47f7c1d40084f?s=96&d=mm&r=g","contentUrl":"https:\/\/secure.gravatar.com\/avatar\/09a9a1f85fedf41e81b47f7c1d40084f?s=96&d=mm&r=g","caption":"Comunidade Ativa"},"url":"https:\/\/www.comunidadeativa.jor.br\/index.php\/author\/casalberto\/"}]}},"_links":{"self":[{"href":"https:\/\/www.comunidadeativa.jor.br\/index.php\/wp-json\/wp\/v2\/posts\/4078","targetHints":{"allow":["GET"]}}],"collection":[{"href":"https:\/\/www.comunidadeativa.jor.br\/index.php\/wp-json\/wp\/v2\/posts"}],"about":[{"href":"https:\/\/www.comunidadeativa.jor.br\/index.php\/wp-json\/wp\/v2\/types\/post"}],"author":[{"embeddable":true,"href":"https:\/\/www.comunidadeativa.jor.br\/index.php\/wp-json\/wp\/v2\/users\/1"}],"replies":[{"embeddable":true,"href":"https:\/\/www.comunidadeativa.jor.br\/index.php\/wp-json\/wp\/v2\/comments?post=4078"}],"version-history":[{"count":2,"href":"https:\/\/www.comunidadeativa.jor.br\/index.php\/wp-json\/wp\/v2\/posts\/4078\/revisions"}],"predecessor-version":[{"id":4108,"href":"https:\/\/www.comunidadeativa.jor.br\/index.php\/wp-json\/wp\/v2\/posts\/4078\/revisions\/4108"}],"wp:featuredmedia":[{"embeddable":true,"href":"https:\/\/www.comunidadeativa.jor.br\/index.php\/wp-json\/wp\/v2\/media\/4107"}],"wp:attachment":[{"href":"https:\/\/www.comunidadeativa.jor.br\/index.php\/wp-json\/wp\/v2\/media?parent=4078"}],"wp:term":[{"taxonomy":"category","embeddable":true,"href":"https:\/\/www.comunidadeativa.jor.br\/index.php\/wp-json\/wp\/v2\/categories?post=4078"},{"taxonomy":"post_tag","embeddable":true,"href":"https:\/\/www.comunidadeativa.jor.br\/index.php\/wp-json\/wp\/v2\/tags?post=4078"}],"curies":[{"name":"wp","href":"https:\/\/api.w.org\/{rel}","templated":true}]}}