{"id":4354,"date":"2024-05-09T18:14:05","date_gmt":"2024-05-09T21:14:05","guid":{"rendered":"https:\/\/www.comunidadeativa.jor.br\/?p=4354"},"modified":"2024-05-09T18:14:05","modified_gmt":"2024-05-09T21:14:05","slug":"amoran-oferece-consultoria-gratuita-para-sindicos-da-regiao","status":"publish","type":"post","link":"https:\/\/www.comunidadeativa.jor.br\/index.php\/2024\/05\/09\/amoran-oferece-consultoria-gratuita-para-sindicos-da-regiao\/","title":{"rendered":"Amoran oferece consultoria gratuita para s\u00edndicos da regi\u00e3o"},"content":{"rendered":"<p>Por meio de conv\u00eanio firmado com a gestora de condom\u00ednios Mariluce Reis, que, h\u00e1 18 anos, atua neste segmento de mercado, a partir do pr\u00f3ximo dia 1\u00ba de maio, a Amoran passa a oferecer a seus associados e a n\u00e3o associados a Consultoria em Gest\u00e3o Condominial. A proposta \u00e9 de auxiliar as rotinas dos condom\u00ednios da regi\u00e3o nos mais variados aspectos.<\/p>\n<h5>Gratuidade<\/h5>\n<p>De acordo com o presidente da Associa\u00e7\u00e3o, Carlos Alberto Rocha, n\u00e3o se trata da oferta de um servi\u00e7o de sindicatura, mas, t\u00e3o somente, de um suporte de informa\u00e7\u00e3o para aqueles condom\u00ednios que encontram dificuldades com quest\u00f5es das mais variadas e que n\u00e3o disp\u00f5em de profissionais especializados nas solu\u00e7\u00f5es. \u201cN\u00f3s sabemos que os assuntos condominiais nem sempre s\u00e3o simples de resolver, principalmente para quem n\u00e3o est\u00e1 habituado a lidar com eles. Por outro lado, existem os que parecem complexos, mas que, na verdade, n\u00e3o s\u00e3o tanto assim. Por isso, pensando em auxiliar com o esclarecimento de d\u00favidas os condom\u00ednios da \u00e1rea de abrang\u00eancia da Amoran, fizemos acordo com a Mariluce, uma profissional que tem nos ajudado a entender melhor as particularidades condominiais em uma regi\u00e3o que tem tantos condom\u00ednios\u201d, diz o presidente.<\/p>\n<p>Segundo Carlos Alberto, no primeiro atendimento, que ser\u00e1 para esclarecimento de d\u00favidas e ocorrer\u00e1 preferencialmente por meio virtual, n\u00e3o haver\u00e1 cobran\u00e7a de honor\u00e1rios. \u201cSe a Mariluce entender que \u00e9 necess\u00e1rio maior envolvimento profissional com a quest\u00e3o, ent\u00e3o, ela apresentar\u00e1 os custos, conforme a situa\u00e7\u00e3o exigir e sempre partindo da premissa de que os valores dever\u00e3o ser os mas acess\u00edveis quanto for poss\u00edvel. Al\u00e9m disso, caso o condom\u00ednio seja associado \u00e0 Amoran, ela conceder\u00e1 desconto sobre o honor\u00e1rio, tamb\u00e9m conforme o servi\u00e7o que ser\u00e1 prestado\u201d, explica.<\/p>\n<p>Regulariza\u00e7\u00e3o fiscal do condom\u00ednio, contrata\u00e7\u00e3o de pessoal e de servi\u00e7os, aquisi\u00e7\u00e3o de produtos, gest\u00e3o financeira e qualquer outro tema condominial poder\u00e1 ser abordado na consultoria. Para mais informa\u00e7\u00f5es, ligue ou envie mensagem pelo WhatsApp para a Amoran no 31 25555399.<\/p>\n","protected":false},"excerpt":{"rendered":"<p>Por meio de conv\u00eanio firmado com a gestora de condom\u00ednios Mariluce Reis, que, h\u00e1 18 anos, atua neste segmento de<\/p>\n","protected":false},"author":1,"featured_media":4380,"comment_status":"closed","ping_status":"open","sticky":false,"template":"","format":"standard","meta":{"footnotes":""},"categories":[16],"tags":[],"class_list":["post-4354","post","type-post","status-publish","format-standard","has-post-thumbnail","hentry","category-condominios"],"yoast_head":"<!-- This site is optimized with the Yoast SEO plugin v26.0 - https:\/\/yoast.com\/wordpress\/plugins\/seo\/ -->\n<title>Amoran oferece consultoria gratuita para s\u00edndicos da regi\u00e3o - Comunidade Ativa<\/title>\n<meta name=\"robots\" content=\"index, follow, max-snippet:-1, max-image-preview:large, max-video-preview:-1\" \/>\n<link rel=\"canonical\" href=\"https:\/\/www.comunidadeativa.jor.br\/index.php\/2024\/05\/09\/amoran-oferece-consultoria-gratuita-para-sindicos-da-regiao\/\" \/>\n<meta property=\"og:locale\" content=\"pt_BR\" \/>\n<meta property=\"og:type\" content=\"article\" \/>\n<meta property=\"og:title\" content=\"Amoran oferece consultoria gratuita para s\u00edndicos da regi\u00e3o - Comunidade Ativa\" \/>\n<meta property=\"og:description\" content=\"Por meio de conv\u00eanio firmado com a gestora de condom\u00ednios Mariluce Reis, que, h\u00e1 18 anos, atua neste segmento de\" \/>\n<meta property=\"og:url\" content=\"https:\/\/www.comunidadeativa.jor.br\/index.php\/2024\/05\/09\/amoran-oferece-consultoria-gratuita-para-sindicos-da-regiao\/\" \/>\n<meta property=\"og:site_name\" content=\"Comunidade Ativa\" \/>\n<meta property=\"article:publisher\" content=\"https:\/\/www.facebook.com\/comunidadeativa\" \/>\n<meta property=\"article:published_time\" content=\"2024-05-09T21:14:05+00:00\" \/>\n<meta property=\"og:image\" content=\"https:\/\/www.comunidadeativa.jor.br\/wp-content\/uploads\/2024\/05\/CAPAJORNALSITEPNG-1.png\" \/>\n\t<meta property=\"og:image:width\" content=\"800\" \/>\n\t<meta property=\"og:image:height\" content=\"445\" \/>\n\t<meta property=\"og:image:type\" content=\"image\/png\" \/>\n<meta name=\"author\" content=\"Comunidade Ativa\" \/>\n<meta name=\"twitter:card\" content=\"summary_large_image\" \/>\n<meta name=\"twitter:label1\" content=\"Escrito por\" \/>\n\t<meta name=\"twitter:data1\" content=\"Comunidade Ativa\" \/>\n\t<meta name=\"twitter:label2\" content=\"Est. tempo de leitura\" \/>\n\t<meta name=\"twitter:data2\" content=\"2 minutos\" \/>\n<script type=\"application\/ld+json\" class=\"yoast-schema-graph\">{\"@context\":\"https:\/\/schema.org\",\"@graph\":[{\"@type\":\"Article\",\"@id\":\"https:\/\/www.comunidadeativa.jor.br\/index.php\/2024\/05\/09\/amoran-oferece-consultoria-gratuita-para-sindicos-da-regiao\/#article\",\"isPartOf\":{\"@id\":\"https:\/\/www.comunidadeativa.jor.br\/index.php\/2024\/05\/09\/amoran-oferece-consultoria-gratuita-para-sindicos-da-regiao\/\"},\"author\":{\"name\":\"Comunidade Ativa\",\"@id\":\"https:\/\/www.comunidadeativa.jor.br\/#\/schema\/person\/dcaa1f1c51c1f0c47a33b2b734cad6e1\"},\"headline\":\"Amoran oferece consultoria gratuita para s\u00edndicos da regi\u00e3o\",\"datePublished\":\"2024-05-09T21:14:05+00:00\",\"mainEntityOfPage\":{\"@id\":\"https:\/\/www.comunidadeativa.jor.br\/index.php\/2024\/05\/09\/amoran-oferece-consultoria-gratuita-para-sindicos-da-regiao\/\"},\"wordCount\":371,\"publisher\":{\"@id\":\"https:\/\/www.comunidadeativa.jor.br\/#organization\"},\"image\":{\"@id\":\"https:\/\/www.comunidadeativa.jor.br\/index.php\/2024\/05\/09\/amoran-oferece-consultoria-gratuita-para-sindicos-da-regiao\/#primaryimage\"},\"thumbnailUrl\":\"https:\/\/www.comunidadeativa.jor.br\/wp-content\/uploads\/2024\/05\/CAPAJORNALSITEPNG-1.png\",\"articleSection\":[\"Condom\u00ednios\"],\"inLanguage\":\"pt-BR\"},{\"@type\":\"WebPage\",\"@id\":\"https:\/\/www.comunidadeativa.jor.br\/index.php\/2024\/05\/09\/amoran-oferece-consultoria-gratuita-para-sindicos-da-regiao\/\",\"url\":\"https:\/\/www.comunidadeativa.jor.br\/index.php\/2024\/05\/09\/amoran-oferece-consultoria-gratuita-para-sindicos-da-regiao\/\",\"name\":\"Amoran oferece consultoria gratuita para s\u00edndicos da regi\u00e3o - Comunidade Ativa\",\"isPartOf\":{\"@id\":\"https:\/\/www.comunidadeativa.jor.br\/#website\"},\"primaryImageOfPage\":{\"@id\":\"https:\/\/www.comunidadeativa.jor.br\/index.php\/2024\/05\/09\/amoran-oferece-consultoria-gratuita-para-sindicos-da-regiao\/#primaryimage\"},\"image\":{\"@id\":\"https:\/\/www.comunidadeativa.jor.br\/index.php\/2024\/05\/09\/amoran-oferece-consultoria-gratuita-para-sindicos-da-regiao\/#primaryimage\"},\"thumbnailUrl\":\"https:\/\/www.comunidadeativa.jor.br\/wp-content\/uploads\/2024\/05\/CAPAJORNALSITEPNG-1.png\",\"datePublished\":\"2024-05-09T21:14:05+00:00\",\"breadcrumb\":{\"@id\":\"https:\/\/www.comunidadeativa.jor.br\/index.php\/2024\/05\/09\/amoran-oferece-consultoria-gratuita-para-sindicos-da-regiao\/#breadcrumb\"},\"inLanguage\":\"pt-BR\",\"potentialAction\":[{\"@type\":\"ReadAction\",\"target\":[\"https:\/\/www.comunidadeativa.jor.br\/index.php\/2024\/05\/09\/amoran-oferece-consultoria-gratuita-para-sindicos-da-regiao\/\"]}]},{\"@type\":\"ImageObject\",\"inLanguage\":\"pt-BR\",\"@id\":\"https:\/\/www.comunidadeativa.jor.br\/index.php\/2024\/05\/09\/amoran-oferece-consultoria-gratuita-para-sindicos-da-regiao\/#primaryimage\",\"url\":\"https:\/\/www.comunidadeativa.jor.br\/wp-content\/uploads\/2024\/05\/CAPAJORNALSITEPNG-1.png\",\"contentUrl\":\"https:\/\/www.comunidadeativa.jor.br\/wp-content\/uploads\/2024\/05\/CAPAJORNALSITEPNG-1.png\",\"width\":800,\"height\":445},{\"@type\":\"BreadcrumbList\",\"@id\":\"https:\/\/www.comunidadeativa.jor.br\/index.php\/2024\/05\/09\/amoran-oferece-consultoria-gratuita-para-sindicos-da-regiao\/#breadcrumb\",\"itemListElement\":[{\"@type\":\"ListItem\",\"position\":1,\"name\":\"In\u00edcio\",\"item\":\"https:\/\/www.comunidadeativa.jor.br\/\"},{\"@type\":\"ListItem\",\"position\":2,\"name\":\"Amoran oferece consultoria gratuita para s\u00edndicos da regi\u00e3o\"}]},{\"@type\":\"WebSite\",\"@id\":\"https:\/\/www.comunidadeativa.jor.br\/#website\",\"url\":\"https:\/\/www.comunidadeativa.jor.br\/\",\"name\":\"Comunidade Ativa\",\"description\":\"\",\"publisher\":{\"@id\":\"https:\/\/www.comunidadeativa.jor.br\/#organization\"},\"potentialAction\":[{\"@type\":\"SearchAction\",\"target\":{\"@type\":\"EntryPoint\",\"urlTemplate\":\"https:\/\/www.comunidadeativa.jor.br\/?s={search_term_string}\"},\"query-input\":{\"@type\":\"PropertyValueSpecification\",\"valueRequired\":true,\"valueName\":\"search_term_string\"}}],\"inLanguage\":\"pt-BR\"},{\"@type\":\"Organization\",\"@id\":\"https:\/\/www.comunidadeativa.jor.br\/#organization\",\"name\":\"Comunidade Ativa\",\"url\":\"https:\/\/www.comunidadeativa.jor.br\/\",\"logo\":{\"@type\":\"ImageObject\",\"inLanguage\":\"pt-BR\",\"@id\":\"https:\/\/www.comunidadeativa.jor.br\/#\/schema\/logo\/image\/\",\"url\":\"https:\/\/www.comunidadeativa.jor.br\/wp-content\/uploads\/2018\/03\/cropped-LOGOPNG-1.png\",\"contentUrl\":\"https:\/\/www.comunidadeativa.jor.br\/wp-content\/uploads\/2018\/03\/cropped-LOGOPNG-1.png\",\"width\":318,\"height\":90,\"caption\":\"Comunidade Ativa\"},\"image\":{\"@id\":\"https:\/\/www.comunidadeativa.jor.br\/#\/schema\/logo\/image\/\"},\"sameAs\":[\"https:\/\/www.facebook.com\/comunidadeativa\"]},{\"@type\":\"Person\",\"@id\":\"https:\/\/www.comunidadeativa.jor.br\/#\/schema\/person\/dcaa1f1c51c1f0c47a33b2b734cad6e1\",\"name\":\"Comunidade Ativa\",\"image\":{\"@type\":\"ImageObject\",\"inLanguage\":\"pt-BR\",\"@id\":\"https:\/\/www.comunidadeativa.jor.br\/#\/schema\/person\/image\/\",\"url\":\"https:\/\/secure.gravatar.com\/avatar\/09a9a1f85fedf41e81b47f7c1d40084f?s=96&d=mm&r=g\",\"contentUrl\":\"https:\/\/secure.gravatar.com\/avatar\/09a9a1f85fedf41e81b47f7c1d40084f?s=96&d=mm&r=g\",\"caption\":\"Comunidade Ativa\"},\"url\":\"https:\/\/www.comunidadeativa.jor.br\/index.php\/author\/casalberto\/\"}]}<\/script>\n<!-- \/ Yoast SEO plugin. -->","yoast_head_json":{"title":"Amoran oferece consultoria gratuita para s\u00edndicos da regi\u00e3o - Comunidade Ativa","robots":{"index":"index","follow":"follow","max-snippet":"max-snippet:-1","max-image-preview":"max-image-preview:large","max-video-preview":"max-video-preview:-1"},"canonical":"https:\/\/www.comunidadeativa.jor.br\/index.php\/2024\/05\/09\/amoran-oferece-consultoria-gratuita-para-sindicos-da-regiao\/","og_locale":"pt_BR","og_type":"article","og_title":"Amoran oferece consultoria gratuita para s\u00edndicos da regi\u00e3o - Comunidade Ativa","og_description":"Por meio de conv\u00eanio firmado com a gestora de condom\u00ednios Mariluce Reis, que, h\u00e1 18 anos, atua neste segmento de","og_url":"https:\/\/www.comunidadeativa.jor.br\/index.php\/2024\/05\/09\/amoran-oferece-consultoria-gratuita-para-sindicos-da-regiao\/","og_site_name":"Comunidade Ativa","article_publisher":"https:\/\/www.facebook.com\/comunidadeativa","article_published_time":"2024-05-09T21:14:05+00:00","og_image":[{"width":800,"height":445,"url":"https:\/\/www.comunidadeativa.jor.br\/wp-content\/uploads\/2024\/05\/CAPAJORNALSITEPNG-1.png","type":"image\/png"}],"author":"Comunidade Ativa","twitter_card":"summary_large_image","twitter_misc":{"Escrito por":"Comunidade Ativa","Est. tempo de leitura":"2 minutos"},"schema":{"@context":"https:\/\/schema.org","@graph":[{"@type":"Article","@id":"https:\/\/www.comunidadeativa.jor.br\/index.php\/2024\/05\/09\/amoran-oferece-consultoria-gratuita-para-sindicos-da-regiao\/#article","isPartOf":{"@id":"https:\/\/www.comunidadeativa.jor.br\/index.php\/2024\/05\/09\/amoran-oferece-consultoria-gratuita-para-sindicos-da-regiao\/"},"author":{"name":"Comunidade Ativa","@id":"https:\/\/www.comunidadeativa.jor.br\/#\/schema\/person\/dcaa1f1c51c1f0c47a33b2b734cad6e1"},"headline":"Amoran oferece consultoria gratuita para s\u00edndicos da regi\u00e3o","datePublished":"2024-05-09T21:14:05+00:00","mainEntityOfPage":{"@id":"https:\/\/www.comunidadeativa.jor.br\/index.php\/2024\/05\/09\/amoran-oferece-consultoria-gratuita-para-sindicos-da-regiao\/"},"wordCount":371,"publisher":{"@id":"https:\/\/www.comunidadeativa.jor.br\/#organization"},"image":{"@id":"https:\/\/www.comunidadeativa.jor.br\/index.php\/2024\/05\/09\/amoran-oferece-consultoria-gratuita-para-sindicos-da-regiao\/#primaryimage"},"thumbnailUrl":"https:\/\/www.comunidadeativa.jor.br\/wp-content\/uploads\/2024\/05\/CAPAJORNALSITEPNG-1.png","articleSection":["Condom\u00ednios"],"inLanguage":"pt-BR"},{"@type":"WebPage","@id":"https:\/\/www.comunidadeativa.jor.br\/index.php\/2024\/05\/09\/amoran-oferece-consultoria-gratuita-para-sindicos-da-regiao\/","url":"https:\/\/www.comunidadeativa.jor.br\/index.php\/2024\/05\/09\/amoran-oferece-consultoria-gratuita-para-sindicos-da-regiao\/","name":"Amoran oferece consultoria gratuita para s\u00edndicos da regi\u00e3o - Comunidade Ativa","isPartOf":{"@id":"https:\/\/www.comunidadeativa.jor.br\/#website"},"primaryImageOfPage":{"@id":"https:\/\/www.comunidadeativa.jor.br\/index.php\/2024\/05\/09\/amoran-oferece-consultoria-gratuita-para-sindicos-da-regiao\/#primaryimage"},"image":{"@id":"https:\/\/www.comunidadeativa.jor.br\/index.php\/2024\/05\/09\/amoran-oferece-consultoria-gratuita-para-sindicos-da-regiao\/#primaryimage"},"thumbnailUrl":"https:\/\/www.comunidadeativa.jor.br\/wp-content\/uploads\/2024\/05\/CAPAJORNALSITEPNG-1.png","datePublished":"2024-05-09T21:14:05+00:00","breadcrumb":{"@id":"https:\/\/www.comunidadeativa.jor.br\/index.php\/2024\/05\/09\/amoran-oferece-consultoria-gratuita-para-sindicos-da-regiao\/#breadcrumb"},"inLanguage":"pt-BR","potentialAction":[{"@type":"ReadAction","target":["https:\/\/www.comunidadeativa.jor.br\/index.php\/2024\/05\/09\/amoran-oferece-consultoria-gratuita-para-sindicos-da-regiao\/"]}]},{"@type":"ImageObject","inLanguage":"pt-BR","@id":"https:\/\/www.comunidadeativa.jor.br\/index.php\/2024\/05\/09\/amoran-oferece-consultoria-gratuita-para-sindicos-da-regiao\/#primaryimage","url":"https:\/\/www.comunidadeativa.jor.br\/wp-content\/uploads\/2024\/05\/CAPAJORNALSITEPNG-1.png","contentUrl":"https:\/\/www.comunidadeativa.jor.br\/wp-content\/uploads\/2024\/05\/CAPAJORNALSITEPNG-1.png","width":800,"height":445},{"@type":"BreadcrumbList","@id":"https:\/\/www.comunidadeativa.jor.br\/index.php\/2024\/05\/09\/amoran-oferece-consultoria-gratuita-para-sindicos-da-regiao\/#breadcrumb","itemListElement":[{"@type":"ListItem","position":1,"name":"In\u00edcio","item":"https:\/\/www.comunidadeativa.jor.br\/"},{"@type":"ListItem","position":2,"name":"Amoran oferece consultoria gratuita para s\u00edndicos da regi\u00e3o"}]},{"@type":"WebSite","@id":"https:\/\/www.comunidadeativa.jor.br\/#website","url":"https:\/\/www.comunidadeativa.jor.br\/","name":"Comunidade Ativa","description":"","publisher":{"@id":"https:\/\/www.comunidadeativa.jor.br\/#organization"},"potentialAction":[{"@type":"SearchAction","target":{"@type":"EntryPoint","urlTemplate":"https:\/\/www.comunidadeativa.jor.br\/?s={search_term_string}"},"query-input":{"@type":"PropertyValueSpecification","valueRequired":true,"valueName":"search_term_string"}}],"inLanguage":"pt-BR"},{"@type":"Organization","@id":"https:\/\/www.comunidadeativa.jor.br\/#organization","name":"Comunidade Ativa","url":"https:\/\/www.comunidadeativa.jor.br\/","logo":{"@type":"ImageObject","inLanguage":"pt-BR","@id":"https:\/\/www.comunidadeativa.jor.br\/#\/schema\/logo\/image\/","url":"https:\/\/www.comunidadeativa.jor.br\/wp-content\/uploads\/2018\/03\/cropped-LOGOPNG-1.png","contentUrl":"https:\/\/www.comunidadeativa.jor.br\/wp-content\/uploads\/2018\/03\/cropped-LOGOPNG-1.png","width":318,"height":90,"caption":"Comunidade Ativa"},"image":{"@id":"https:\/\/www.comunidadeativa.jor.br\/#\/schema\/logo\/image\/"},"sameAs":["https:\/\/www.facebook.com\/comunidadeativa"]},{"@type":"Person","@id":"https:\/\/www.comunidadeativa.jor.br\/#\/schema\/person\/dcaa1f1c51c1f0c47a33b2b734cad6e1","name":"Comunidade Ativa","image":{"@type":"ImageObject","inLanguage":"pt-BR","@id":"https:\/\/www.comunidadeativa.jor.br\/#\/schema\/person\/image\/","url":"https:\/\/secure.gravatar.com\/avatar\/09a9a1f85fedf41e81b47f7c1d40084f?s=96&d=mm&r=g","contentUrl":"https:\/\/secure.gravatar.com\/avatar\/09a9a1f85fedf41e81b47f7c1d40084f?s=96&d=mm&r=g","caption":"Comunidade Ativa"},"url":"https:\/\/www.comunidadeativa.jor.br\/index.php\/author\/casalberto\/"}]}},"_links":{"self":[{"href":"https:\/\/www.comunidadeativa.jor.br\/index.php\/wp-json\/wp\/v2\/posts\/4354","targetHints":{"allow":["GET"]}}],"collection":[{"href":"https:\/\/www.comunidadeativa.jor.br\/index.php\/wp-json\/wp\/v2\/posts"}],"about":[{"href":"https:\/\/www.comunidadeativa.jor.br\/index.php\/wp-json\/wp\/v2\/types\/post"}],"author":[{"embeddable":true,"href":"https:\/\/www.comunidadeativa.jor.br\/index.php\/wp-json\/wp\/v2\/users\/1"}],"replies":[{"embeddable":true,"href":"https:\/\/www.comunidadeativa.jor.br\/index.php\/wp-json\/wp\/v2\/comments?post=4354"}],"version-history":[{"count":2,"href":"https:\/\/www.comunidadeativa.jor.br\/index.php\/wp-json\/wp\/v2\/posts\/4354\/revisions"}],"predecessor-version":[{"id":4381,"href":"https:\/\/www.comunidadeativa.jor.br\/index.php\/wp-json\/wp\/v2\/posts\/4354\/revisions\/4381"}],"wp:featuredmedia":[{"embeddable":true,"href":"https:\/\/www.comunidadeativa.jor.br\/index.php\/wp-json\/wp\/v2\/media\/4380"}],"wp:attachment":[{"href":"https:\/\/www.comunidadeativa.jor.br\/index.php\/wp-json\/wp\/v2\/media?parent=4354"}],"wp:term":[{"taxonomy":"category","embeddable":true,"href":"https:\/\/www.comunidadeativa.jor.br\/index.php\/wp-json\/wp\/v2\/categories?post=4354"},{"taxonomy":"post_tag","embeddable":true,"href":"https:\/\/www.comunidadeativa.jor.br\/index.php\/wp-json\/wp\/v2\/tags?post=4354"}],"curies":[{"name":"wp","href":"https:\/\/api.w.org\/{rel}","templated":true}]}}