{"id":4405,"date":"2024-06-18T17:14:47","date_gmt":"2024-06-18T20:14:47","guid":{"rendered":"https:\/\/www.comunidadeativa.jor.br\/?p=4405"},"modified":"2024-06-18T18:33:45","modified_gmt":"2024-06-18T21:33:45","slug":"parque-monsenhor-expedito-davila-recebe-corrimaos-nas-escadarias","status":"publish","type":"post","link":"https:\/\/www.comunidadeativa.jor.br\/index.php\/2024\/06\/18\/parque-monsenhor-expedito-davila-recebe-corrimaos-nas-escadarias\/","title":{"rendered":"Parque Monsenhor Expedito D&#8217;\u00c1vila recebe corrim\u00e3os nas escadarias"},"content":{"rendered":"<p>Como parte de um s\u00e9rie de interven\u00e7\u00f5es que dever\u00e3o melhorar as condi\u00e7\u00f5es de utiliza\u00e7\u00e3o do Parque Monsenhor Expedito D\u00b4Avila \u2014 antigo Julien Rien \u2014, no Anchieta, no final de maio, foi iniciada a instala\u00e7\u00e3o de corrim\u00e3os ao longo da escadaria que liga a Pra\u00e7a Marino Mendes Campos, na Rua Francisco Deslandes, \u00e0 Avenida Bandeirantes. Com isso, o acesso aos v\u00e1rios ambientes do Parque ser\u00e1 facilitado e ficar\u00e1 mais seguro para o p\u00fablico em geral, em especial, para idosos e para demais frequentadores que tenham mobilidade limitada e que, por isso, evitam o local.<\/p>\n<p>A instala\u00e7\u00e3o est\u00e1 sendo realizada pela Secretaria Municipal de Obras e Infraestrutura (Smobi), da Prefeitura de Belo Horizonte (PBH), e est\u00e1 de acordo com demandas encaminhadas pela Amoran por meio da Coordenadoria de Atendimento Regional Centro-Sul (Care-CS) e da Funda\u00e7\u00e3o de Parques Municipais e Zoobot\u00e2nica (FPMZB). O custeio da obra ocorre com recursos obtidos por meio de emenda parlamentar apresentada na C\u00e2mara Municipal de Belo Horizonte (CMBH) pelo vereador S\u00e9rgio Fernando Pinho Tavares (MDB), que tamb\u00e9m vem acompanhando o processo de revitaliza\u00e7\u00e3o do Parque, em sintonia com a Associa\u00e7\u00e3o.<\/p>\n<p>De acordo com informa\u00e7\u00f5es da assessoria do vereador, nesta etapa, est\u00e3o sendo investidos R$150 mil, que tamb\u00e9m dever\u00e3o custear a pintura completa do Parque. Outros R$150 mil ser\u00e3o investidos em interven\u00e7\u00f5es futuras ainda n\u00e3o n\u00e3o definidas e que n\u00e3o t\u00eam data prevista para in\u00edcio. O recurso tamb\u00e9m foi obtido por meio de emenda parlamentar do vereador S\u00e9rgio Fernando.<\/p>\n<h5>Placa<\/h5>\n<p>Segundo o presidente da Amoran, Carlos Alberto Rocha, a demora nos investimentos vem impedindo que a Associa\u00e7\u00e3o d\u00ea andamento a uma s\u00e9rie de atividades que est\u00e3o planejadas para o Parque Monsenhor Expedito. \u201cDesde que conseguimos a mudan\u00e7a do nome do Parque para homenagear o monsenhor, estamos aguardando a instala\u00e7\u00e3o da nova placa, que nos foi prometida pela PBH, mas n\u00e3o veio. Esse ser\u00e1 um ponto de partida para a realiza\u00e7\u00e3o de um evento de reinaugura\u00e7\u00e3o e de v\u00e1rias outras a\u00e7\u00f5es que, acreditamos, estimular\u00e1 a popula\u00e7\u00e3o a frequentar aquela unidade. Esperamos que a instala\u00e7\u00e3o dos corrim\u00e3os seja um sinal de que a Prefeitura, finalmente, est\u00e1 dando aten\u00e7\u00e3o para aquelas demandas. At\u00e9 que elas venham, continuaremos insistindo\u201d, afirma Carlos Alberto.<\/p>\n","protected":false},"excerpt":{"rendered":"<p>Como parte de um s\u00e9rie de interven\u00e7\u00f5es que dever\u00e3o melhorar as condi\u00e7\u00f5es de utiliza\u00e7\u00e3o do Parque Monsenhor Expedito D\u00b4Avila \u2014<\/p>\n","protected":false},"author":1,"featured_media":4420,"comment_status":"closed","ping_status":"open","sticky":false,"template":"","format":"standard","meta":{"footnotes":""},"categories":[5],"tags":[],"class_list":["post-4405","post","type-post","status-publish","format-standard","has-post-thumbnail","hentry","category-pelo-bairro"],"yoast_head":"<!-- This site is optimized with the Yoast SEO plugin v26.0 - https:\/\/yoast.com\/wordpress\/plugins\/seo\/ -->\n<title>Parque Monsenhor Expedito D&#039;\u00c1vila recebe corrim\u00e3os nas escadarias - Comunidade Ativa<\/title>\n<meta name=\"robots\" content=\"index, follow, max-snippet:-1, max-image-preview:large, max-video-preview:-1\" \/>\n<link rel=\"canonical\" href=\"https:\/\/www.comunidadeativa.jor.br\/index.php\/2024\/06\/18\/parque-monsenhor-expedito-davila-recebe-corrimaos-nas-escadarias\/\" \/>\n<meta property=\"og:locale\" content=\"pt_BR\" \/>\n<meta property=\"og:type\" content=\"article\" \/>\n<meta property=\"og:title\" content=\"Parque Monsenhor Expedito D&#039;\u00c1vila recebe corrim\u00e3os nas escadarias - Comunidade Ativa\" \/>\n<meta property=\"og:description\" content=\"Como parte de um s\u00e9rie de interven\u00e7\u00f5es que dever\u00e3o melhorar as condi\u00e7\u00f5es de utiliza\u00e7\u00e3o do Parque Monsenhor Expedito D\u00b4Avila \u2014\" \/>\n<meta property=\"og:url\" content=\"https:\/\/www.comunidadeativa.jor.br\/index.php\/2024\/06\/18\/parque-monsenhor-expedito-davila-recebe-corrimaos-nas-escadarias\/\" \/>\n<meta property=\"og:site_name\" content=\"Comunidade Ativa\" \/>\n<meta property=\"article:publisher\" content=\"https:\/\/www.facebook.com\/comunidadeativa\" \/>\n<meta property=\"article:published_time\" content=\"2024-06-18T20:14:47+00:00\" \/>\n<meta property=\"article:modified_time\" content=\"2024-06-18T21:33:45+00:00\" \/>\n<meta property=\"og:image\" content=\"https:\/\/www.comunidadeativa.jor.br\/wp-content\/uploads\/2024\/06\/CAPAJORNALSITEPNG-2.png\" \/>\n\t<meta property=\"og:image:width\" content=\"800\" \/>\n\t<meta property=\"og:image:height\" content=\"445\" \/>\n\t<meta property=\"og:image:type\" content=\"image\/png\" \/>\n<meta name=\"author\" content=\"Comunidade Ativa\" \/>\n<meta name=\"twitter:card\" content=\"summary_large_image\" \/>\n<meta name=\"twitter:label1\" content=\"Escrito por\" \/>\n\t<meta name=\"twitter:data1\" content=\"Comunidade Ativa\" \/>\n\t<meta name=\"twitter:label2\" content=\"Est. tempo de leitura\" \/>\n\t<meta name=\"twitter:data2\" content=\"2 minutos\" \/>\n<script type=\"application\/ld+json\" class=\"yoast-schema-graph\">{\"@context\":\"https:\/\/schema.org\",\"@graph\":[{\"@type\":\"Article\",\"@id\":\"https:\/\/www.comunidadeativa.jor.br\/index.php\/2024\/06\/18\/parque-monsenhor-expedito-davila-recebe-corrimaos-nas-escadarias\/#article\",\"isPartOf\":{\"@id\":\"https:\/\/www.comunidadeativa.jor.br\/index.php\/2024\/06\/18\/parque-monsenhor-expedito-davila-recebe-corrimaos-nas-escadarias\/\"},\"author\":{\"name\":\"Comunidade Ativa\",\"@id\":\"https:\/\/www.comunidadeativa.jor.br\/#\/schema\/person\/dcaa1f1c51c1f0c47a33b2b734cad6e1\"},\"headline\":\"Parque Monsenhor Expedito D&#8217;\u00c1vila recebe corrim\u00e3os nas escadarias\",\"datePublished\":\"2024-06-18T20:14:47+00:00\",\"dateModified\":\"2024-06-18T21:33:45+00:00\",\"mainEntityOfPage\":{\"@id\":\"https:\/\/www.comunidadeativa.jor.br\/index.php\/2024\/06\/18\/parque-monsenhor-expedito-davila-recebe-corrimaos-nas-escadarias\/\"},\"wordCount\":412,\"publisher\":{\"@id\":\"https:\/\/www.comunidadeativa.jor.br\/#organization\"},\"image\":{\"@id\":\"https:\/\/www.comunidadeativa.jor.br\/index.php\/2024\/06\/18\/parque-monsenhor-expedito-davila-recebe-corrimaos-nas-escadarias\/#primaryimage\"},\"thumbnailUrl\":\"https:\/\/www.comunidadeativa.jor.br\/wp-content\/uploads\/2024\/06\/CAPAJORNALSITEPNG-2.png\",\"articleSection\":[\"Pelo bairro\"],\"inLanguage\":\"pt-BR\"},{\"@type\":\"WebPage\",\"@id\":\"https:\/\/www.comunidadeativa.jor.br\/index.php\/2024\/06\/18\/parque-monsenhor-expedito-davila-recebe-corrimaos-nas-escadarias\/\",\"url\":\"https:\/\/www.comunidadeativa.jor.br\/index.php\/2024\/06\/18\/parque-monsenhor-expedito-davila-recebe-corrimaos-nas-escadarias\/\",\"name\":\"Parque Monsenhor Expedito D'\u00c1vila recebe corrim\u00e3os nas escadarias - Comunidade Ativa\",\"isPartOf\":{\"@id\":\"https:\/\/www.comunidadeativa.jor.br\/#website\"},\"primaryImageOfPage\":{\"@id\":\"https:\/\/www.comunidadeativa.jor.br\/index.php\/2024\/06\/18\/parque-monsenhor-expedito-davila-recebe-corrimaos-nas-escadarias\/#primaryimage\"},\"image\":{\"@id\":\"https:\/\/www.comunidadeativa.jor.br\/index.php\/2024\/06\/18\/parque-monsenhor-expedito-davila-recebe-corrimaos-nas-escadarias\/#primaryimage\"},\"thumbnailUrl\":\"https:\/\/www.comunidadeativa.jor.br\/wp-content\/uploads\/2024\/06\/CAPAJORNALSITEPNG-2.png\",\"datePublished\":\"2024-06-18T20:14:47+00:00\",\"dateModified\":\"2024-06-18T21:33:45+00:00\",\"breadcrumb\":{\"@id\":\"https:\/\/www.comunidadeativa.jor.br\/index.php\/2024\/06\/18\/parque-monsenhor-expedito-davila-recebe-corrimaos-nas-escadarias\/#breadcrumb\"},\"inLanguage\":\"pt-BR\",\"potentialAction\":[{\"@type\":\"ReadAction\",\"target\":[\"https:\/\/www.comunidadeativa.jor.br\/index.php\/2024\/06\/18\/parque-monsenhor-expedito-davila-recebe-corrimaos-nas-escadarias\/\"]}]},{\"@type\":\"ImageObject\",\"inLanguage\":\"pt-BR\",\"@id\":\"https:\/\/www.comunidadeativa.jor.br\/index.php\/2024\/06\/18\/parque-monsenhor-expedito-davila-recebe-corrimaos-nas-escadarias\/#primaryimage\",\"url\":\"https:\/\/www.comunidadeativa.jor.br\/wp-content\/uploads\/2024\/06\/CAPAJORNALSITEPNG-2.png\",\"contentUrl\":\"https:\/\/www.comunidadeativa.jor.br\/wp-content\/uploads\/2024\/06\/CAPAJORNALSITEPNG-2.png\",\"width\":800,\"height\":445},{\"@type\":\"BreadcrumbList\",\"@id\":\"https:\/\/www.comunidadeativa.jor.br\/index.php\/2024\/06\/18\/parque-monsenhor-expedito-davila-recebe-corrimaos-nas-escadarias\/#breadcrumb\",\"itemListElement\":[{\"@type\":\"ListItem\",\"position\":1,\"name\":\"In\u00edcio\",\"item\":\"https:\/\/www.comunidadeativa.jor.br\/\"},{\"@type\":\"ListItem\",\"position\":2,\"name\":\"Parque Monsenhor Expedito D&#8217;\u00c1vila recebe corrim\u00e3os nas escadarias\"}]},{\"@type\":\"WebSite\",\"@id\":\"https:\/\/www.comunidadeativa.jor.br\/#website\",\"url\":\"https:\/\/www.comunidadeativa.jor.br\/\",\"name\":\"Comunidade Ativa\",\"description\":\"\",\"publisher\":{\"@id\":\"https:\/\/www.comunidadeativa.jor.br\/#organization\"},\"potentialAction\":[{\"@type\":\"SearchAction\",\"target\":{\"@type\":\"EntryPoint\",\"urlTemplate\":\"https:\/\/www.comunidadeativa.jor.br\/?s={search_term_string}\"},\"query-input\":{\"@type\":\"PropertyValueSpecification\",\"valueRequired\":true,\"valueName\":\"search_term_string\"}}],\"inLanguage\":\"pt-BR\"},{\"@type\":\"Organization\",\"@id\":\"https:\/\/www.comunidadeativa.jor.br\/#organization\",\"name\":\"Comunidade Ativa\",\"url\":\"https:\/\/www.comunidadeativa.jor.br\/\",\"logo\":{\"@type\":\"ImageObject\",\"inLanguage\":\"pt-BR\",\"@id\":\"https:\/\/www.comunidadeativa.jor.br\/#\/schema\/logo\/image\/\",\"url\":\"https:\/\/www.comunidadeativa.jor.br\/wp-content\/uploads\/2018\/03\/cropped-LOGOPNG-1.png\",\"contentUrl\":\"https:\/\/www.comunidadeativa.jor.br\/wp-content\/uploads\/2018\/03\/cropped-LOGOPNG-1.png\",\"width\":318,\"height\":90,\"caption\":\"Comunidade Ativa\"},\"image\":{\"@id\":\"https:\/\/www.comunidadeativa.jor.br\/#\/schema\/logo\/image\/\"},\"sameAs\":[\"https:\/\/www.facebook.com\/comunidadeativa\"]},{\"@type\":\"Person\",\"@id\":\"https:\/\/www.comunidadeativa.jor.br\/#\/schema\/person\/dcaa1f1c51c1f0c47a33b2b734cad6e1\",\"name\":\"Comunidade Ativa\",\"image\":{\"@type\":\"ImageObject\",\"inLanguage\":\"pt-BR\",\"@id\":\"https:\/\/www.comunidadeativa.jor.br\/#\/schema\/person\/image\/\",\"url\":\"https:\/\/secure.gravatar.com\/avatar\/09a9a1f85fedf41e81b47f7c1d40084f?s=96&d=mm&r=g\",\"contentUrl\":\"https:\/\/secure.gravatar.com\/avatar\/09a9a1f85fedf41e81b47f7c1d40084f?s=96&d=mm&r=g\",\"caption\":\"Comunidade Ativa\"},\"url\":\"https:\/\/www.comunidadeativa.jor.br\/index.php\/author\/casalberto\/\"}]}<\/script>\n<!-- \/ Yoast SEO plugin. -->","yoast_head_json":{"title":"Parque Monsenhor Expedito D'\u00c1vila recebe corrim\u00e3os nas escadarias - Comunidade Ativa","robots":{"index":"index","follow":"follow","max-snippet":"max-snippet:-1","max-image-preview":"max-image-preview:large","max-video-preview":"max-video-preview:-1"},"canonical":"https:\/\/www.comunidadeativa.jor.br\/index.php\/2024\/06\/18\/parque-monsenhor-expedito-davila-recebe-corrimaos-nas-escadarias\/","og_locale":"pt_BR","og_type":"article","og_title":"Parque Monsenhor Expedito D'\u00c1vila recebe corrim\u00e3os nas escadarias - Comunidade Ativa","og_description":"Como parte de um s\u00e9rie de interven\u00e7\u00f5es que dever\u00e3o melhorar as condi\u00e7\u00f5es de utiliza\u00e7\u00e3o do Parque Monsenhor Expedito D\u00b4Avila \u2014","og_url":"https:\/\/www.comunidadeativa.jor.br\/index.php\/2024\/06\/18\/parque-monsenhor-expedito-davila-recebe-corrimaos-nas-escadarias\/","og_site_name":"Comunidade Ativa","article_publisher":"https:\/\/www.facebook.com\/comunidadeativa","article_published_time":"2024-06-18T20:14:47+00:00","article_modified_time":"2024-06-18T21:33:45+00:00","og_image":[{"width":800,"height":445,"url":"https:\/\/www.comunidadeativa.jor.br\/wp-content\/uploads\/2024\/06\/CAPAJORNALSITEPNG-2.png","type":"image\/png"}],"author":"Comunidade Ativa","twitter_card":"summary_large_image","twitter_misc":{"Escrito por":"Comunidade Ativa","Est. tempo de leitura":"2 minutos"},"schema":{"@context":"https:\/\/schema.org","@graph":[{"@type":"Article","@id":"https:\/\/www.comunidadeativa.jor.br\/index.php\/2024\/06\/18\/parque-monsenhor-expedito-davila-recebe-corrimaos-nas-escadarias\/#article","isPartOf":{"@id":"https:\/\/www.comunidadeativa.jor.br\/index.php\/2024\/06\/18\/parque-monsenhor-expedito-davila-recebe-corrimaos-nas-escadarias\/"},"author":{"name":"Comunidade Ativa","@id":"https:\/\/www.comunidadeativa.jor.br\/#\/schema\/person\/dcaa1f1c51c1f0c47a33b2b734cad6e1"},"headline":"Parque Monsenhor Expedito D&#8217;\u00c1vila recebe corrim\u00e3os nas escadarias","datePublished":"2024-06-18T20:14:47+00:00","dateModified":"2024-06-18T21:33:45+00:00","mainEntityOfPage":{"@id":"https:\/\/www.comunidadeativa.jor.br\/index.php\/2024\/06\/18\/parque-monsenhor-expedito-davila-recebe-corrimaos-nas-escadarias\/"},"wordCount":412,"publisher":{"@id":"https:\/\/www.comunidadeativa.jor.br\/#organization"},"image":{"@id":"https:\/\/www.comunidadeativa.jor.br\/index.php\/2024\/06\/18\/parque-monsenhor-expedito-davila-recebe-corrimaos-nas-escadarias\/#primaryimage"},"thumbnailUrl":"https:\/\/www.comunidadeativa.jor.br\/wp-content\/uploads\/2024\/06\/CAPAJORNALSITEPNG-2.png","articleSection":["Pelo bairro"],"inLanguage":"pt-BR"},{"@type":"WebPage","@id":"https:\/\/www.comunidadeativa.jor.br\/index.php\/2024\/06\/18\/parque-monsenhor-expedito-davila-recebe-corrimaos-nas-escadarias\/","url":"https:\/\/www.comunidadeativa.jor.br\/index.php\/2024\/06\/18\/parque-monsenhor-expedito-davila-recebe-corrimaos-nas-escadarias\/","name":"Parque Monsenhor Expedito D'\u00c1vila recebe corrim\u00e3os nas escadarias - Comunidade Ativa","isPartOf":{"@id":"https:\/\/www.comunidadeativa.jor.br\/#website"},"primaryImageOfPage":{"@id":"https:\/\/www.comunidadeativa.jor.br\/index.php\/2024\/06\/18\/parque-monsenhor-expedito-davila-recebe-corrimaos-nas-escadarias\/#primaryimage"},"image":{"@id":"https:\/\/www.comunidadeativa.jor.br\/index.php\/2024\/06\/18\/parque-monsenhor-expedito-davila-recebe-corrimaos-nas-escadarias\/#primaryimage"},"thumbnailUrl":"https:\/\/www.comunidadeativa.jor.br\/wp-content\/uploads\/2024\/06\/CAPAJORNALSITEPNG-2.png","datePublished":"2024-06-18T20:14:47+00:00","dateModified":"2024-06-18T21:33:45+00:00","breadcrumb":{"@id":"https:\/\/www.comunidadeativa.jor.br\/index.php\/2024\/06\/18\/parque-monsenhor-expedito-davila-recebe-corrimaos-nas-escadarias\/#breadcrumb"},"inLanguage":"pt-BR","potentialAction":[{"@type":"ReadAction","target":["https:\/\/www.comunidadeativa.jor.br\/index.php\/2024\/06\/18\/parque-monsenhor-expedito-davila-recebe-corrimaos-nas-escadarias\/"]}]},{"@type":"ImageObject","inLanguage":"pt-BR","@id":"https:\/\/www.comunidadeativa.jor.br\/index.php\/2024\/06\/18\/parque-monsenhor-expedito-davila-recebe-corrimaos-nas-escadarias\/#primaryimage","url":"https:\/\/www.comunidadeativa.jor.br\/wp-content\/uploads\/2024\/06\/CAPAJORNALSITEPNG-2.png","contentUrl":"https:\/\/www.comunidadeativa.jor.br\/wp-content\/uploads\/2024\/06\/CAPAJORNALSITEPNG-2.png","width":800,"height":445},{"@type":"BreadcrumbList","@id":"https:\/\/www.comunidadeativa.jor.br\/index.php\/2024\/06\/18\/parque-monsenhor-expedito-davila-recebe-corrimaos-nas-escadarias\/#breadcrumb","itemListElement":[{"@type":"ListItem","position":1,"name":"In\u00edcio","item":"https:\/\/www.comunidadeativa.jor.br\/"},{"@type":"ListItem","position":2,"name":"Parque Monsenhor Expedito D&#8217;\u00c1vila recebe corrim\u00e3os nas escadarias"}]},{"@type":"WebSite","@id":"https:\/\/www.comunidadeativa.jor.br\/#website","url":"https:\/\/www.comunidadeativa.jor.br\/","name":"Comunidade Ativa","description":"","publisher":{"@id":"https:\/\/www.comunidadeativa.jor.br\/#organization"},"potentialAction":[{"@type":"SearchAction","target":{"@type":"EntryPoint","urlTemplate":"https:\/\/www.comunidadeativa.jor.br\/?s={search_term_string}"},"query-input":{"@type":"PropertyValueSpecification","valueRequired":true,"valueName":"search_term_string"}}],"inLanguage":"pt-BR"},{"@type":"Organization","@id":"https:\/\/www.comunidadeativa.jor.br\/#organization","name":"Comunidade Ativa","url":"https:\/\/www.comunidadeativa.jor.br\/","logo":{"@type":"ImageObject","inLanguage":"pt-BR","@id":"https:\/\/www.comunidadeativa.jor.br\/#\/schema\/logo\/image\/","url":"https:\/\/www.comunidadeativa.jor.br\/wp-content\/uploads\/2018\/03\/cropped-LOGOPNG-1.png","contentUrl":"https:\/\/www.comunidadeativa.jor.br\/wp-content\/uploads\/2018\/03\/cropped-LOGOPNG-1.png","width":318,"height":90,"caption":"Comunidade Ativa"},"image":{"@id":"https:\/\/www.comunidadeativa.jor.br\/#\/schema\/logo\/image\/"},"sameAs":["https:\/\/www.facebook.com\/comunidadeativa"]},{"@type":"Person","@id":"https:\/\/www.comunidadeativa.jor.br\/#\/schema\/person\/dcaa1f1c51c1f0c47a33b2b734cad6e1","name":"Comunidade Ativa","image":{"@type":"ImageObject","inLanguage":"pt-BR","@id":"https:\/\/www.comunidadeativa.jor.br\/#\/schema\/person\/image\/","url":"https:\/\/secure.gravatar.com\/avatar\/09a9a1f85fedf41e81b47f7c1d40084f?s=96&d=mm&r=g","contentUrl":"https:\/\/secure.gravatar.com\/avatar\/09a9a1f85fedf41e81b47f7c1d40084f?s=96&d=mm&r=g","caption":"Comunidade Ativa"},"url":"https:\/\/www.comunidadeativa.jor.br\/index.php\/author\/casalberto\/"}]}},"_links":{"self":[{"href":"https:\/\/www.comunidadeativa.jor.br\/index.php\/wp-json\/wp\/v2\/posts\/4405","targetHints":{"allow":["GET"]}}],"collection":[{"href":"https:\/\/www.comunidadeativa.jor.br\/index.php\/wp-json\/wp\/v2\/posts"}],"about":[{"href":"https:\/\/www.comunidadeativa.jor.br\/index.php\/wp-json\/wp\/v2\/types\/post"}],"author":[{"embeddable":true,"href":"https:\/\/www.comunidadeativa.jor.br\/index.php\/wp-json\/wp\/v2\/users\/1"}],"replies":[{"embeddable":true,"href":"https:\/\/www.comunidadeativa.jor.br\/index.php\/wp-json\/wp\/v2\/comments?post=4405"}],"version-history":[{"count":2,"href":"https:\/\/www.comunidadeativa.jor.br\/index.php\/wp-json\/wp\/v2\/posts\/4405\/revisions"}],"predecessor-version":[{"id":4421,"href":"https:\/\/www.comunidadeativa.jor.br\/index.php\/wp-json\/wp\/v2\/posts\/4405\/revisions\/4421"}],"wp:featuredmedia":[{"embeddable":true,"href":"https:\/\/www.comunidadeativa.jor.br\/index.php\/wp-json\/wp\/v2\/media\/4420"}],"wp:attachment":[{"href":"https:\/\/www.comunidadeativa.jor.br\/index.php\/wp-json\/wp\/v2\/media?parent=4405"}],"wp:term":[{"taxonomy":"category","embeddable":true,"href":"https:\/\/www.comunidadeativa.jor.br\/index.php\/wp-json\/wp\/v2\/categories?post=4405"},{"taxonomy":"post_tag","embeddable":true,"href":"https:\/\/www.comunidadeativa.jor.br\/index.php\/wp-json\/wp\/v2\/tags?post=4405"}],"curies":[{"name":"wp","href":"https:\/\/api.w.org\/{rel}","templated":true}]}}